{"id":28860,"date":"2021-02-12T14:59:49","date_gmt":"2021-02-12T10:59:49","guid":{"rendered":"http:\/\/www.zerdab.com\/?p=28860"},"modified":"2021-02-12T15:14:06","modified_gmt":"2021-02-12T11:14:06","slug":"m%c9%99rdan-camalzad%c9%99-z%c9%99rdabin-icra-bascisi-t%c9%99yin-olunandan-sonra-n%c9%99-d%c9%99yisdi-n%c9%99-d%c9%99yism%c9%99di-s%c9%99rh","status":"publish","type":"post","link":"https:\/\/www.zerdab.com\/?p=28860","title":{"rendered":"M\u0259rdan Camalzad\u0259 Z\u0259rdab\u0131n icra ba\u015f\u00e7\u0131s\u0131 t\u0259yin olunandan sonra n\u0259 d\u0259yi\u015fdi, n\u0259 d\u0259yi\u015fm\u0259di? &#8211; \u015e\u018fRH"},"content":{"rendered":"\n<p>Prezident \u0130lham \u018fliyevin 12 noyabr\n2019-cu il tarixli s\u0259r\u0259ncam\u0131 il\u0259 M\u0259rdan Camalzad\u0259 Z\u0259rdab rayonuna yeni icra\nba\u015f\u00e7\u0131s\u0131 t\u0259yin olunandan sonra rayonumuzun h\u0259yat\u0131nda yeni m\u0259rh\u0259l\u0259 ba\u015flay\u0131b. <\/p>\n\n\n\n<p>N\u0259dir bu m\u0259rh\u0259l\u0259? <\/p>\n\n\n\n<p>\u018fvv\u0259la, Z\u0259rdabda ill\u0259rl\u0259 davam ed\u0259n v\u0259 m\u00fc\u0259lliml\u0259ri, h\u0259kiml\u0259ri, b\u0259l\u0259diyy\u0259 v\u0259 icra n\u00fcmay\u0259nd\u0259likl\u0259rini \u0259hat\u0259 ed\u0259n xo\u015fag\u0259lm\u0259z bir &#8220;i\u015f sistemi&#8221; tamamil\u0259 yox edilib. S\u00f6hb\u0259t m\u00fc\u0259lliml\u0259rin, h\u0259kiml\u0259rin, icra n\u00fcmay\u0259nd\u0259likl\u0259rind\u0259 \u00e7al\u0131\u015fanlar\u0131n maa\u015flar\u0131na g\u00f6z dikilm\u0259si kimi \u00e7irkin bir \u201ci\u015f sistemi\u201dnd\u0259n gedir\u2026<\/p>\n\n\n\n<p>Art\u0131q m\u00fc\u0259llim m\u00fc\u0259llimliyi il\u0259, h\u0259kim\nh\u0259kimliyi il\u0259, icra n\u00fcmay\u0259nd\u0259liyind\u0259 \u00e7al\u0131\u015fan \u00f6z i\u015fi il\u0259 m\u0259\u015f\u011fuldur v\u0259 m\u0259\u015f\u011ful da\nolmal\u0131d\u0131r. <\/p>\n\n\n\n<p>M\u0259rdan Camalzad\u0259 Z\u0259rdab Rayon \u0130cra\nHakimiyy\u0259tinin ba\u015f\u00e7\u0131s\u0131 t\u0259yin olunandan q\u0131sa m\u00fcdd\u0259t sonra d\u00fcnyan\u0131n h\u0259r yerind\u0259\noldu\u011fu kimi, Az\u0259rbaycanda da, o c\u00fcml\u0259d\u0259n Z\u0259rdab rayonunda da koronavirus pandemiyas\u0131\nba\u015flad\u0131.<\/p>\n\n\n\n<p>D\u00fcnyan\u0131n koronavirus b\u0259las\u0131 b\u00fct\u00fcn sah\u0259l\u0259r\u0259\n\u00f6z t\u0259sirini g\u00f6st\u0259rdi, karantin rejimi t\u0259tbiq edildi v\u0259 Az\u0259rbaycanda \u0259sas diqq\u0259t\nvirusla m\u00fcbariz\u0259, \u0259m\u0259k \u015f\u0259raitinin bu problem\u0259 uy\u011funla\u015fd\u0131r\u0131lmas\u0131na y\u00f6n\u0259ldildi.<\/p>\n\n\n\n<p>B\u00fct\u00fcn bunlara baxmayaraq, rayonumuzda da\nm\u00fc\u0259yy\u0259n i\u015fl\u0259r g\u00f6r\u00fcld\u00fc v\u0259 proses davam edir. <\/p>\n\n\n\n<p>Bir ne\u00e7\u0259 g\u00fcn \u00f6nc\u0259 Z\u0259rdab Rayon T\u0259hsil\n\u015e\u00f6b\u0259sinin m\u00fcdiri, \u018fm\u0259kdar m\u00fc\u0259llim G\u00fcla\u011fa \u0130sg\u0259nd\u0259rovun ad g\u00fcn\u00fc m\u00fcnasib\u0259ti il\u0259\netdiyim payla\u015f\u0131mda da yazm\u0131\u015fd\u0131m \u2013 m\u0259nc\u0259, M\u0259rdan m\u00fc\u0259llimin rayonumuzda f\u0259aliyy\u0259t\u0259\nba\u015flad\u0131\u011f\u0131 m\u00fcdd\u0259t \u0259rzind\u0259 kadr t\u0259yinat\u0131 il\u0259 ba\u011fl\u0131 \u0259n b\u00f6y\u00fck islahat\u0131 t\u0259hsil\nsistemin\u0259 r\u0259hb\u0259rliy\u0259 m\u0259hz h\u0259min \u015f\u0259xsi t\u0259yin etm\u0259si oldu. <\/p>\n\n\n\n<p>G\u00fcla\u011fa m\u00fc\u0259llim c\u0259miyy\u0259t\u0259 a\u00e7\u0131q, ist\u0259r valideynl\u0259ri, ist\u0259r m\u00fc\u0259lliml\u0259ri, ist\u0259r t\u0259hsil\u0259 aid \u015fikay\u0259ti olan ist\u0259nil\u0259n \u015f\u0259xsi dinl\u0259m\u0259yi bacaran v\u0259 problemini h\u0259ll ed\u0259 bil\u0259n insand\u0131r. <\/p>\n\n\n\n<p>\u0130n\u015fallah, pandemiya tam aradan qalxandan\nsonra bunu daha qabar\u0131q hiss ed\u0259rik. <\/p>\n\n\n\n<p>M\u0259rdan m\u00fc\u0259llimin kadr islahat\u0131 t\u0259kc\u0259 bununla\nkifay\u0259tl\u0259nm\u0259lidirmi? Fikrimc\u0259, yox. Amma bunun \u00fc\u00e7\u00fcn y\u0259qin ki, zamana ehtiyac\nvar. \u018fvv\u0259ll\u0259r idar\u0259 m\u00fcdirl\u0259rind\u0259n i\u015fd\u0259n \u00e7ox n\u0259 t\u0259l\u0259b olundu\u011fu h\u0259r k\u0259s\u0259 yax\u015f\u0131\nm\u0259lumdur. Ona g\u00f6r\u0259 d\u0259 onlar\u0131n \u00e7oxu \u0259ll\u0259rind\u0259 bunu \u0259sas tutaraq g\u00fcnl\u0259rini\nke\u00e7irirdil\u0259r v\u0259 b\u0259lk\u0259 d\u0259 h\u0259min sistem onlar\u0131n b\u0259zil\u0259rin\u0259 daha \u00e7ox s\u0259rf edirdi\u2026 <\/p>\n\n\n\n<p>\u00dcmumiyy\u0259tl\u0259, onu da qeyd etm\u0259k yerin\u0259\nd\u00fc\u015f\u0259r ki, bu t\u0259kc\u0259 indiki icra ba\u015f\u00e7\u0131s\u0131ndan as\u0131l\u0131 olan m\u0259s\u0259l\u0259 d\u0259 deyil, y\u0259ni\nPrezident son zamanlar etdiyi \u00e7\u0131x\u0131\u015flarda da m\u0259murlardan konkret i\u015f, n\u0259tic\u0259\nt\u0259l\u0259b edir. \u018fg\u0259r icra ba\u015f\u00e7\u0131s\u0131ndan n\u0259tic\u0259 t\u0259l\u0259b olunursa, t\u0259bii ki, o da idar\u0259\nm\u00fcdirind\u0259n bunu t\u0259l\u0259b etm\u0259lidir v\u0259 ed\u0259c\u0259k d\u0259\u2026<\/p>\n\n\n\n<p>Z\u0259rdabda kadr t\u0259yinatlar\u0131ndan s\u00f6z d\u00fc\u015fm\u00fc\u015fk\u0259n, m\u0259nc\u0259, M\u0259rdan Camalzad\u0259nin rayonumuza \u0130cra Hakimiyy\u0259tinin ba\u015f\u00e7\u0131s\u0131 t\u0259yin olunmas\u0131 Z\u0259rdab\u0131n ill\u0259rl\u0259 \u201cAz\u0259rbaycan\u0131n \u0259n unudulmu\u015f rayonu\u201d, \u201cAz\u0259rbaycanda bel\u0259 rayon var?\u201d, \u201cZ\u0259rdab inki\u015faf bax\u0131m\u0131ndan \u00e7ox gerid\u0259 qal\u0131b\u201d kimi oturu\u015fmu\u015f fikirl\u0259rd\u0259n xilas olmas\u0131 \u00fc\u00e7\u00fcn bir f\u00fcrs\u0259tdir. <\/p>\n\n\n\n<p>Niy\u0259? <\/p>\n\n\n\n<p>\u0130zah \u00fc\u00e7\u00fcn ki\u00e7ik bir m\u00fcqayis\u0259 aparaq. Z\u0259rdab\u0131n \u0259vv\u0259lki icra ba\u015f\u00e7\u0131s\u0131 \u00f6nc\u0259 Ming\u0259\u00e7evir \u015f\u0259h\u0259rinin \u0130cra Hakimiyy\u0259ti ba\u015f\u00e7\u0131s\u0131 t\u0259yin edilmi\u015fdi. Amma he\u00e7 uzun ill\u0259r i\u015fl\u0259m\u0259mi\u015fdi ki, v\u0259zif\u0259sind\u0259n azad edildi v\u0259 Z\u0259rdaba ba\u015f\u00e7\u0131 t\u0259yin olundu. <\/p>\n\n\n\n<p>H\u0259min d\u00f6vrd\u0259 bu t\u0259yinatla ba\u011fl\u0131 bir \u00e7ox qalmaqall\u0131 fikirl\u0259r yay\u0131ld\u0131 v\u0259 m\u0259n buna toxunmaq ist\u0259mir\u0259m. <\/p>\n\n\n\n<p>L\u00fctv\u0259li Babayevin d\u00f6vr\u00fcnd\u0259 Z\u0259rdabda he\u00e7mi\ni\u015f g\u00f6r\u00fclm\u0259di? <\/p>\n\n\n\n<p>\u201cYox\u201d des\u0259k, q\u0259r\u0259zli olar\u0131q. \u018flb\u0259tt\u0259, i\u015fl\u0259r\ng\u00f6r\u00fcl\u00fcrd\u00fc, amma \u00fcmumi v\u0259ziyy\u0259t tamam ba\u015fqa idi&#8230;<\/p>\n\n\n\n<p>\u0130ndiki icra ba\u015f\u00e7\u0131m\u0131z is\u0259 2005-ci ild\u0259n\n2019-cu il\u0259d\u0259k \u015eirvan \u015e\u0259h\u0259r \u0130cra Hakimiyy\u0259tin\u0259 r\u0259hb\u0259rlik edib. <\/p>\n\n\n\n<p>M\u0259rdan m\u00fc\u0259llimin d\u00f6vr\u00fcnd\u0259 \u015eirvan \u015f\u0259h\u0259ri\nabadla\u015f\u0131b, inki\u015faf edib, quruculuq i\u015fl\u0259ri geni\u015f v\u00fcs\u0259t al\u0131b, yeni parklar\nsal\u0131n\u0131b, sosial obyektl\u0259r tikilib, zavodlar, fabrikl\u0259r a\u00e7\u0131l\u0131b. <\/p>\n\n\n\n<p>Fikrimc\u0259, b\u00f6y\u00fck bir \u015f\u0259h\u0259ri uzun ill\u0259r\nidar\u0259etm\u0259 t\u0259cr\u00fcb\u0259si olan bir \u015f\u0259xs \u00fc\u00e7\u00fcn Z\u0259rdab kimi nisb\u0259t\u0259n ki\u00e7ik bir rayonu inki\u015faf\netdirm\u0259k, insanlar\u0131n m\u00fcmk\u00fcn q\u0259d\u0259r qeydin\u0259 qalmaq, yeni i\u015f yerl\u0259rinin a\u00e7\u0131lmas\u0131n\u0131\nt\u0259\u015fviq etm\u0259k \u00e7\u0259tin olmamal\u0131d\u0131r. <\/p>\n\n\n\n<p>Yeri g\u0259lmi\u015fk\u0259n, ba\u015f\u00e7\u0131s\u0131m\u0131z\u0131n\ninsanp\u0259rv\u0259rliyi, diqq\u0259ti, alic\u0259nabl\u0131\u011f\u0131 haqq\u0131nda insanlardan tez-tez e\u015fidirik. <\/p>\n\n\n\n<p>\u015e\u0259hid anas\u0131n\u0131 \u00f6z hesab\u0131na \u0259m\u0259liyyat\netdirm\u0259si, qald\u0131r\u0131lan m\u0259s\u0259l\u0259l\u0259r\u0259 diqq\u0259t g\u00f6st\u0259rm\u0259si, edil\u0259n m\u00fcraci\u0259tl\u0259r\u0259 x\u00fcsusi\nh\u0259ssasl\u0131q g\u00f6st\u0259rm\u0259si \u00e7ox m\u00fcsb\u0259t hald\u0131r v\u0259 rayonundan uzaqda ya\u015fayan, ancaq ba\u015f\nver\u0259nl\u0259ri k\u0259nardan \u00e7ox diqq\u0259tl\u0259 izl\u0259y\u0259n, tez-tez rayondan z\u0259ngl\u0259r alan, rayonun\nsosial \u015f\u0259b\u0259k\u0259d\u0259ki \u0259n aktiv s\u0259hif\u0259l\u0259rind\u0259n birinin sahibi olan \u015f\u0259xs kimi m\u0259ni d\u00fc\u015f\u00fcnd\u00fcrm\u0259y\u0259\nbilm\u0259z\u2026<\/p>\n\n\n\n<p>Pandemiyan\u0131n\nyaratd\u0131\u011f\u0131 \u00e7\u0259tinlikl\u0259r\u0259 baxmayaraq, rayonumuzda abadl\u0131q-quruculuq i\u015fl\u0259ri apar\u0131l\u0131b\nv\u0259 apar\u0131l\u0131r. Rayonumuzda \u00fcmumi sah\u0259si 1.1 hektar olan H\u0259s\u0259n b\u0259y Z\u0259rdabi park\u0131n\u0131n\nyenid\u0259n qurularaq istifad\u0259y\u0259 verilm\u0259si bizi h\u0259r bayramda rayona ged\u0259nd\u0259\nu\u015faqlar\u0131 g\u0259zm\u0259y\u0259 A\u011fcab\u0259diy\u0259 aparaq kimi bir \u201cad\u0259td\u0259n\u201d y\u0259qin ki, xilas ed\u0259c\u0259k. <\/p>\n\n\n\n<p>Parkda sah\u0259si\n500 kvadratmetr olan u\u015faq \u0259yl\u0259nc\u0259 m\u0259rk\u0259zi yarad\u0131l\u0131b, 200 kvadratmetrlik fontan\nkompleksi in\u015fa edilib. Milli m\u0259tbuat\u0131m\u0131z\u0131n banisi, t\u0259bi\u0259t\u015f\u00fcnas alim H\u0259s\u0259n b\u0259y\nZ\u0259rdabinin heyk\u0259linin postamenti v\u0259 \u0259traf\u0131 m\u0259rm\u0259r da\u015flarla \u00fczl\u0259nib. <\/p>\n\n\n\n<p>\u0130cra\nHakimiyy\u0259tind\u0259n veril\u0259n m\u0259lumata g\u00f6r\u0259, \u015f\u0259h\u0259rin Heyd\u0259r \u018fliyev prospektind\u0259\nuzunlu\u011fu 1,2 kilometr olan s\u0259kil\u0259r yenid\u0259n qurulub v\u0259 ya\u015f\u0131ll\u0131qlar sal\u0131n\u0131b. <\/p>\n\n\n\n<p>Heyd\u0259r\n\u018fliyev park\u0131nda ya\u015f\u0131ll\u0131qlar\u0131n suvar\u0131lmas\u0131 \u00fc\u00e7\u00fcn 500 metr uzunlu\u011funda su x\u0259tti\n\u00e7\u0259kilib. <\/p>\n\n\n\n<p>F\u00fczuli\nk\u00fc\u00e7\u0259sind\u0259 ya\u011f\u0131\u015f sular\u0131n\u0131n ax\u0131d\u0131lmas\u0131 \u00fc\u00e7\u00fcn 460 metr m\u0259saf\u0259d\u0259 beton kanal\ntikilib, Heyd\u0259r \u018fliyev prospektin\u0259, C.Cabbarl\u0131, M.F.Axundov k\u00fc\u00e7\u0259l\u0259rin\u0259 v\u0259 10-cu\nm\u0259h\u0259ll\u0259d\u0259 kommunal \u0259raziy\u0259 \u00fcmumilikd\u0259 19 min 675 kvadratmetr asfalt \u00f6rt\u00fcy\u00fc\nvurulub.<\/p>\n\n\n\n<p>Ucar-Z\u0259rdab-A\u011fcab\u0259di yolu istifad\u0259y\u0259\nverils\u0259 d\u0259, dayanacaqlar\u0131n tikintisi, i\u015f\u0131q dir\u0259kl\u0259rinin qura\u015fd\u0131r\u0131lmas\u0131 v\u0259 s. istiqam\u0259tind\u0259\ni\u015fl\u0259r davam etdirilir. <\/p>\n\n\n\n<p>Bizim h\u00f6rm\u0259tli ba\u015f\u00e7\u0131m\u0131z\u0131n bir maraql\u0131\nc\u0259h\u0259ti d\u0259 diqq\u0259timi \u00e7\u0259kir. <\/p>\n\n\n\n<p>G\u00f6r\u00fcl\u0259n i\u015fl\u0259ri t\u0259mt\u0259raql\u0131 \u015f\u0259kild\u0259 t\u0259qdim\netdirm\u0259yi sevmir. <\/p>\n\n\n\n<p>M\u0259s\u0259l\u0259n, son d\u00f6vrl\u0259r n\u0259 q\u0259d\u0259r k\u0259ndaras\u0131\nyollar m\u00fcasir \u015f\u0259kild\u0259 qurulub, asfaltlan\u0131b, amma x\u00fcsusi olaraq qabard\u0131lmay\u0131b,\nsad\u0259c\u0259 a\u00e7\u0131l\u0131\u015f\u0131 olub, v\u0259ssalam. <\/p>\n\n\n\n<p>Bir ne\u00e7\u0259 g\u00fcn \u00f6nc\u0259 sosial \u015f\u0259b\u0259k\u0259d\u0259 M\u0259rdan\nm\u00fc\u0259llimin \u00e7\u0131x\u0131\u015f\u0131n\u0131n bir videosunu izl\u0259dim. <\/p>\n\n\n\n<p>\u00c7\u0131x\u0131\u015f\u0131nda deyir ki, kim bu d\u00fcnyadan ged\u0259nd\u0259\ny\u0131\u011fd\u0131\u011f\u0131n\u0131 \u00f6z\u00fc il\u0259 apar\u0131b? Kim var d\u00f6vl\u0259tini ged\u0259nd\u0259 \u00f6z\u00fc il\u0259 o biri d\u00fcnyaya\napar\u0131b? \u0130nsana qalan onun yax\u015f\u0131 \u0259m\u0259ll\u0259ri, qoydu\u011fu ad-sand\u0131r. <\/p>\n\n\n\n<p>Bu \u00e7\u0131x\u0131\u015f\u0131 izl\u0259y\u0259nd\u0259 \u00e7ox sevindim\u2026<\/p>\n\n\n\n<p>Z\u0259rdabda h\u0259r \u015fey qaydas\u0131ndad\u0131rm\u0131? H\u0259r\nyer g\u00fcll\u00fck-g\u00fcl\u00fcstand\u0131rm\u0131? T\u0259bii ki, yox. G\u00f6r\u00fcl\u0259si i\u015fl\u0259r, at\u0131las\u0131 ad\u0131mlar h\u0259l\u0259\n\u00e7oxdur v\u0259 biz \u00fcmid edirik ki, bunlar m\u0259rh\u0259l\u0259-m\u0259rh\u0259l\u0259 h\u0259ll olunacaq. <\/p>\n\n\n\n<p>&nbsp;Z\u0259rdab aqrar sah\u0259d\u0259\nixtisasla\u015fan, \u00f6z\u00fcn\u0259m\u0259xsus \u0259n\u0259n\u0259l\u0259ri olan bir rayondur v\u0259 g\u00f6r\u00fcl\u0259c\u0259k h\u0259l\u0259 \u00e7ox i\u015f var. <\/p>\n\n\n\n<p>\u018fn b\u00f6y\u00fck v\u0259 \u0259sas arzumuz insanlar\u0131m\u0131z\u0131n\ni\u015fl\u0259 t\u0259min olunmas\u0131, k\u0259ndlinin \u00f6z \u0259kdiyi, bi\u00e7diyi hesab\u0131na dolanmas\u0131n\u0131n t\u0259min\nedilm\u0259si, yeni i\u015f yerl\u0259rinin a\u00e7\u0131lmas\u0131d\u0131r.<\/p>\n\n\n\n<p>\u018flb\u0259tt\u0259, \u015f\u0259rh olunas\u0131, toxunulas\u0131 m\u00f6vzular\n\u00e7oxdur. <\/p>\n\n\n\n<p>El\u0259 i\u015fl\u0259r d\u0259 var ki, o bar\u0259d\u0259 \u00f6nc\u0259d\u0259n\n\u015f\u0259rh verm\u0259k do\u011fru olmaz, \u00e7\u00fcnki h\u0259r \u015fey zamanla ayd\u0131n olacaq\u2026 <\/p>\n\n\n\n<p>H\u0259r bir rayon sakininin, harada\nya\u015famas\u0131ndan as\u0131l\u0131 olmayaraq, \u0259sl\u0259n Z\u0259rdabdan olan h\u0259r bir \u015f\u0259xsin arzusu\nZ\u0259rdab\u0131n inki\u015faf\u0131d\u0131r. <\/p>\n\n\n\n<p>M\u0259s\u0259l\u0259n, ham\u0131m\u0131z arzulay\u0131r\u0131q ki,\nrayonumuz he\u00e7 olmasa, qon\u015fu A\u011fcab\u0259di rayonu il\u0259 ayaqla\u015fa bilsin. <\/p>\n\n\n\n<p>A\u011fcab\u0259di il\u0259 Z\u0259rdab aras\u0131nda m\u0259saf\u0259 bir\nne\u00e7\u0259 kilometr olsa da, inki\u015faf f\u0259rqi daha b\u00f6y\u00fck olmas\u0131n\u2026 <\/p>\n\n\n\n<p>\u0130nan\u0131r\u0131q ki, uzun ill\u0259r b\u00f6y\u00fck bir rayona\nr\u0259hb\u0259rlik etmi\u015f M\u0259rdan m\u00fc\u0259llim bu istiqam\u0259td\u0259 b\u00f6y\u00fck i\u015fl\u0259r g\u00f6r\u0259c\u0259k. <\/p>\n\n\n\n<p>Biz d\u0259 bu i\u015fd\u0259 \u0259limizd\u0259n g\u0259l\u0259n q\u0259d\u0259r ona\nd\u0259st\u0259k olmal\u0131y\u0131q\u2026<\/p>\n\n\n\n<p>T\u0259kc\u0259 t\u0259rifl\u0259m\u0259kl\u0259? \u018flb\u0259tt\u0259 ki, yox, h\u0259m\nd\u0259 probleml\u0259ri g\u00f6st\u0259rm\u0259kl\u0259. <\/p>\n\n\n\n<p>\u0130\u015finiz avand olsun, M\u0259rdan m\u00fc\u0259llim.\n\u0130nan\u0131r\u0131q ki, sizin timsal\u0131n\u0131zda Z\u0259rdab\u0131m\u0131z\u0131n CAMALI \u00e7ox g\u00f6z\u0259l olacaq. <\/p>\n\n\n\n<p><strong>Zerdab.com <\/strong><\/p>\n\n\n\n<p><\/p>\n","protected":false},"excerpt":{"rendered":"<p>Prezident \u0130lham \u018fliyevin 12 noyabr 2019-cu il tarixli s\u0259r\u0259ncam\u0131 il\u0259 M\u0259rdan Camalzad\u0259 Z\u0259rdab rayonuna yeni icra ba\u015f\u00e7\u0131s\u0131 t\u0259yin olunandan sonra rayonumuzun h\u0259yat\u0131nda yeni m\u0259rh\u0259l\u0259 ba\u015flay\u0131b. N\u0259dir bu m\u0259rh\u0259l\u0259? \u018fvv\u0259la, Z\u0259rdabda ill\u0259rl\u0259 davam ed\u0259n v\u0259 m\u00fc\u0259lliml\u0259ri, h\u0259kiml\u0259ri, b\u0259l\u0259diyy\u0259 v\u0259 icra n\u00fcmay\u0259nd\u0259likl\u0259rini \u0259hat\u0259 ed\u0259n xo\u015fag\u0259lm\u0259z bir &#8220;i\u015f sistemi&#8221; tamamil\u0259 yox edilib. S\u00f6hb\u0259t m\u00fc\u0259lliml\u0259rin, h\u0259kiml\u0259rin, icra n\u00fcmay\u0259nd\u0259likl\u0259rind\u0259 \u00e7al\u0131\u015fanlar\u0131n [&hellip;]<\/p>\n","protected":false},"author":1,"featured_media":0,"comment_status":"open","ping_status":"open","sticky":false,"template":"","format":"standard","meta":{"footnotes":""},"categories":[21,63],"tags":[],"class_list":{"0":"post-28860","1":"post","2":"type-post","3":"status-publish","4":"format-standard","6":"category-zrdab","7":"category-manset"},"yoast_head":"<!-- This site is optimized with the Yoast SEO plugin v27.0 - https:\/\/yoast.com\/product\/yoast-seo-wordpress\/ -->\n<title>M\u0259rdan Camalzad\u0259 Z\u0259rdab\u0131n icra ba\u015f\u00e7\u0131s\u0131 t\u0259yin olunandan sonra n\u0259 d\u0259yi\u015fdi, n\u0259 d\u0259yi\u015fm\u0259di? - \u015e\u018fRH - Z\u0259rdab.com<\/title>\n<meta name=\"robots\" content=\"index, follow, max-snippet:-1, max-image-preview:large, max-video-preview:-1\" \/>\n<link rel=\"canonical\" href=\"https:\/\/www.zerdab.com\/?p=28860\" \/>\n<meta property=\"og:locale\" content=\"az_AZ\" \/>\n<meta property=\"og:type\" content=\"article\" \/>\n<meta property=\"og:title\" content=\"M\u0259rdan Camalzad\u0259 Z\u0259rdab\u0131n icra ba\u015f\u00e7\u0131s\u0131 t\u0259yin olunandan sonra n\u0259 d\u0259yi\u015fdi, n\u0259 d\u0259yi\u015fm\u0259di? - \u015e\u018fRH - Z\u0259rdab.com\" \/>\n<meta property=\"og:description\" content=\"Prezident \u0130lham \u018fliyevin 12 noyabr 2019-cu il tarixli s\u0259r\u0259ncam\u0131 il\u0259 M\u0259rdan Camalzad\u0259 Z\u0259rdab rayonuna yeni icra ba\u015f\u00e7\u0131s\u0131 t\u0259yin olunandan sonra rayonumuzun h\u0259yat\u0131nda yeni m\u0259rh\u0259l\u0259 ba\u015flay\u0131b. N\u0259dir bu m\u0259rh\u0259l\u0259? \u018fvv\u0259la, Z\u0259rdabda ill\u0259rl\u0259 davam ed\u0259n v\u0259 m\u00fc\u0259lliml\u0259ri, h\u0259kiml\u0259ri, b\u0259l\u0259diyy\u0259 v\u0259 icra n\u00fcmay\u0259nd\u0259likl\u0259rini \u0259hat\u0259 ed\u0259n xo\u015fag\u0259lm\u0259z bir &#8220;i\u015f sistemi&#8221; tamamil\u0259 yox edilib. S\u00f6hb\u0259t m\u00fc\u0259lliml\u0259rin, h\u0259kiml\u0259rin, icra n\u00fcmay\u0259nd\u0259likl\u0259rind\u0259 \u00e7al\u0131\u015fanlar\u0131n [&hellip;]\" \/>\n<meta property=\"og:url\" content=\"https:\/\/www.zerdab.com\/?p=28860\" \/>\n<meta property=\"og:site_name\" content=\"Z\u0259rdab.com\" \/>\n<meta property=\"article:published_time\" content=\"2021-02-12T10:59:49+00:00\" \/>\n<meta property=\"article:modified_time\" content=\"2021-02-12T11:14:06+00:00\" \/>\n<meta name=\"author\" content=\"admin\" \/>\n<meta name=\"twitter:card\" content=\"summary_large_image\" \/>\n<meta name=\"twitter:label1\" content=\"Written by\" \/>\n\t<meta name=\"twitter:data1\" content=\"admin\" \/>\n\t<meta name=\"twitter:label2\" content=\"Est. reading time\" \/>\n\t<meta name=\"twitter:data2\" content=\"9 minutes\" \/>\n<script type=\"application\/ld+json\" class=\"yoast-schema-graph\">{\"@context\":\"https:\/\/schema.org\",\"@graph\":[{\"@type\":\"Article\",\"@id\":\"https:\/\/www.zerdab.com\/?p=28860#article\",\"isPartOf\":{\"@id\":\"https:\/\/www.zerdab.com\/?p=28860\"},\"author\":{\"name\":\"admin\",\"@id\":\"https:\/\/www.zerdab.com\/#\/schema\/person\/97079b7570c1e89ec0d9e138c3672136\"},\"headline\":\"M\u0259rdan Camalzad\u0259 Z\u0259rdab\u0131n icra ba\u015f\u00e7\u0131s\u0131 t\u0259yin olunandan sonra n\u0259 d\u0259yi\u015fdi, n\u0259 d\u0259yi\u015fm\u0259di? &#8211; \u015e\u018fRH\",\"datePublished\":\"2021-02-12T10:59:49+00:00\",\"dateModified\":\"2021-02-12T11:14:06+00:00\",\"mainEntityOfPage\":{\"@id\":\"https:\/\/www.zerdab.com\/?p=28860\"},\"wordCount\":1730,\"commentCount\":1,\"articleSection\":[\"C\u018fM\u0130YY\u018fT\",\"MAN\u015eET\"],\"inLanguage\":\"az\",\"potentialAction\":[{\"@type\":\"CommentAction\",\"name\":\"Comment\",\"target\":[\"https:\/\/www.zerdab.com\/?p=28860#respond\"]}]},{\"@type\":\"WebPage\",\"@id\":\"https:\/\/www.zerdab.com\/?p=28860\",\"url\":\"https:\/\/www.zerdab.com\/?p=28860\",\"name\":\"M\u0259rdan Camalzad\u0259 Z\u0259rdab\u0131n icra ba\u015f\u00e7\u0131s\u0131 t\u0259yin olunandan sonra n\u0259 d\u0259yi\u015fdi, n\u0259 d\u0259yi\u015fm\u0259di? - \u015e\u018fRH - Z\u0259rdab.com\",\"isPartOf\":{\"@id\":\"https:\/\/www.zerdab.com\/#website\"},\"datePublished\":\"2021-02-12T10:59:49+00:00\",\"dateModified\":\"2021-02-12T11:14:06+00:00\",\"author\":{\"@id\":\"https:\/\/www.zerdab.com\/#\/schema\/person\/97079b7570c1e89ec0d9e138c3672136\"},\"breadcrumb\":{\"@id\":\"https:\/\/www.zerdab.com\/?p=28860#breadcrumb\"},\"inLanguage\":\"az\",\"potentialAction\":[{\"@type\":\"ReadAction\",\"target\":[\"https:\/\/www.zerdab.com\/?p=28860\"]}]},{\"@type\":\"BreadcrumbList\",\"@id\":\"https:\/\/www.zerdab.com\/?p=28860#breadcrumb\",\"itemListElement\":[{\"@type\":\"ListItem\",\"position\":1,\"name\":\"Home\",\"item\":\"https:\/\/www.zerdab.com\/\"},{\"@type\":\"ListItem\",\"position\":2,\"name\":\"M\u0259rdan Camalzad\u0259 Z\u0259rdab\u0131n icra ba\u015f\u00e7\u0131s\u0131 t\u0259yin olunandan sonra n\u0259 d\u0259yi\u015fdi, n\u0259 d\u0259yi\u015fm\u0259di? &#8211; \u015e\u018fRH\"}]},{\"@type\":\"WebSite\",\"@id\":\"https:\/\/www.zerdab.com\/#website\",\"url\":\"https:\/\/www.zerdab.com\/\",\"name\":\"Z\u0259rdab.com\",\"description\":\"\",\"potentialAction\":[{\"@type\":\"SearchAction\",\"target\":{\"@type\":\"EntryPoint\",\"urlTemplate\":\"https:\/\/www.zerdab.com\/?s={search_term_string}\"},\"query-input\":{\"@type\":\"PropertyValueSpecification\",\"valueRequired\":true,\"valueName\":\"search_term_string\"}}],\"inLanguage\":\"az\"},{\"@type\":\"Person\",\"@id\":\"https:\/\/www.zerdab.com\/#\/schema\/person\/97079b7570c1e89ec0d9e138c3672136\",\"name\":\"admin\",\"image\":{\"@type\":\"ImageObject\",\"inLanguage\":\"az\",\"@id\":\"https:\/\/www.zerdab.com\/#\/schema\/person\/image\/\",\"url\":\"https:\/\/secure.gravatar.com\/avatar\/d9c52a9a27c32119cb6679a077fa3e2779e5f822c451cbf01098004361d466ec?s=96&d=mm&r=g\",\"contentUrl\":\"https:\/\/secure.gravatar.com\/avatar\/d9c52a9a27c32119cb6679a077fa3e2779e5f822c451cbf01098004361d466ec?s=96&d=mm&r=g\",\"caption\":\"admin\"},\"url\":\"https:\/\/www.zerdab.com\/?author=1\"}]}<\/script>\n<!-- \/ Yoast SEO plugin. -->","yoast_head_json":{"title":"M\u0259rdan Camalzad\u0259 Z\u0259rdab\u0131n icra ba\u015f\u00e7\u0131s\u0131 t\u0259yin olunandan sonra n\u0259 d\u0259yi\u015fdi, n\u0259 d\u0259yi\u015fm\u0259di? - \u015e\u018fRH - Z\u0259rdab.com","robots":{"index":"index","follow":"follow","max-snippet":"max-snippet:-1","max-image-preview":"max-image-preview:large","max-video-preview":"max-video-preview:-1"},"canonical":"https:\/\/www.zerdab.com\/?p=28860","og_locale":"az_AZ","og_type":"article","og_title":"M\u0259rdan Camalzad\u0259 Z\u0259rdab\u0131n icra ba\u015f\u00e7\u0131s\u0131 t\u0259yin olunandan sonra n\u0259 d\u0259yi\u015fdi, n\u0259 d\u0259yi\u015fm\u0259di? - \u015e\u018fRH - Z\u0259rdab.com","og_description":"Prezident \u0130lham \u018fliyevin 12 noyabr 2019-cu il tarixli s\u0259r\u0259ncam\u0131 il\u0259 M\u0259rdan Camalzad\u0259 Z\u0259rdab rayonuna yeni icra ba\u015f\u00e7\u0131s\u0131 t\u0259yin olunandan sonra rayonumuzun h\u0259yat\u0131nda yeni m\u0259rh\u0259l\u0259 ba\u015flay\u0131b. N\u0259dir bu m\u0259rh\u0259l\u0259? \u018fvv\u0259la, Z\u0259rdabda ill\u0259rl\u0259 davam ed\u0259n v\u0259 m\u00fc\u0259lliml\u0259ri, h\u0259kiml\u0259ri, b\u0259l\u0259diyy\u0259 v\u0259 icra n\u00fcmay\u0259nd\u0259likl\u0259rini \u0259hat\u0259 ed\u0259n xo\u015fag\u0259lm\u0259z bir &#8220;i\u015f sistemi&#8221; tamamil\u0259 yox edilib. S\u00f6hb\u0259t m\u00fc\u0259lliml\u0259rin, h\u0259kiml\u0259rin, icra n\u00fcmay\u0259nd\u0259likl\u0259rind\u0259 \u00e7al\u0131\u015fanlar\u0131n [&hellip;]","og_url":"https:\/\/www.zerdab.com\/?p=28860","og_site_name":"Z\u0259rdab.com","article_published_time":"2021-02-12T10:59:49+00:00","article_modified_time":"2021-02-12T11:14:06+00:00","author":"admin","twitter_card":"summary_large_image","twitter_misc":{"Written by":"admin","Est. reading time":"9 minutes"},"schema":{"@context":"https:\/\/schema.org","@graph":[{"@type":"Article","@id":"https:\/\/www.zerdab.com\/?p=28860#article","isPartOf":{"@id":"https:\/\/www.zerdab.com\/?p=28860"},"author":{"name":"admin","@id":"https:\/\/www.zerdab.com\/#\/schema\/person\/97079b7570c1e89ec0d9e138c3672136"},"headline":"M\u0259rdan Camalzad\u0259 Z\u0259rdab\u0131n icra ba\u015f\u00e7\u0131s\u0131 t\u0259yin olunandan sonra n\u0259 d\u0259yi\u015fdi, n\u0259 d\u0259yi\u015fm\u0259di? &#8211; \u015e\u018fRH","datePublished":"2021-02-12T10:59:49+00:00","dateModified":"2021-02-12T11:14:06+00:00","mainEntityOfPage":{"@id":"https:\/\/www.zerdab.com\/?p=28860"},"wordCount":1730,"commentCount":1,"articleSection":["C\u018fM\u0130YY\u018fT","MAN\u015eET"],"inLanguage":"az","potentialAction":[{"@type":"CommentAction","name":"Comment","target":["https:\/\/www.zerdab.com\/?p=28860#respond"]}]},{"@type":"WebPage","@id":"https:\/\/www.zerdab.com\/?p=28860","url":"https:\/\/www.zerdab.com\/?p=28860","name":"M\u0259rdan Camalzad\u0259 Z\u0259rdab\u0131n icra ba\u015f\u00e7\u0131s\u0131 t\u0259yin olunandan sonra n\u0259 d\u0259yi\u015fdi, n\u0259 d\u0259yi\u015fm\u0259di? - \u015e\u018fRH - Z\u0259rdab.com","isPartOf":{"@id":"https:\/\/www.zerdab.com\/#website"},"datePublished":"2021-02-12T10:59:49+00:00","dateModified":"2021-02-12T11:14:06+00:00","author":{"@id":"https:\/\/www.zerdab.com\/#\/schema\/person\/97079b7570c1e89ec0d9e138c3672136"},"breadcrumb":{"@id":"https:\/\/www.zerdab.com\/?p=28860#breadcrumb"},"inLanguage":"az","potentialAction":[{"@type":"ReadAction","target":["https:\/\/www.zerdab.com\/?p=28860"]}]},{"@type":"BreadcrumbList","@id":"https:\/\/www.zerdab.com\/?p=28860#breadcrumb","itemListElement":[{"@type":"ListItem","position":1,"name":"Home","item":"https:\/\/www.zerdab.com\/"},{"@type":"ListItem","position":2,"name":"M\u0259rdan Camalzad\u0259 Z\u0259rdab\u0131n icra ba\u015f\u00e7\u0131s\u0131 t\u0259yin olunandan sonra n\u0259 d\u0259yi\u015fdi, n\u0259 d\u0259yi\u015fm\u0259di? &#8211; \u015e\u018fRH"}]},{"@type":"WebSite","@id":"https:\/\/www.zerdab.com\/#website","url":"https:\/\/www.zerdab.com\/","name":"Z\u0259rdab.com","description":"","potentialAction":[{"@type":"SearchAction","target":{"@type":"EntryPoint","urlTemplate":"https:\/\/www.zerdab.com\/?s={search_term_string}"},"query-input":{"@type":"PropertyValueSpecification","valueRequired":true,"valueName":"search_term_string"}}],"inLanguage":"az"},{"@type":"Person","@id":"https:\/\/www.zerdab.com\/#\/schema\/person\/97079b7570c1e89ec0d9e138c3672136","name":"admin","image":{"@type":"ImageObject","inLanguage":"az","@id":"https:\/\/www.zerdab.com\/#\/schema\/person\/image\/","url":"https:\/\/secure.gravatar.com\/avatar\/d9c52a9a27c32119cb6679a077fa3e2779e5f822c451cbf01098004361d466ec?s=96&d=mm&r=g","contentUrl":"https:\/\/secure.gravatar.com\/avatar\/d9c52a9a27c32119cb6679a077fa3e2779e5f822c451cbf01098004361d466ec?s=96&d=mm&r=g","caption":"admin"},"url":"https:\/\/www.zerdab.com\/?author=1"}]}},"_links":{"self":[{"href":"https:\/\/www.zerdab.com\/index.php?rest_route=\/wp\/v2\/posts\/28860","targetHints":{"allow":["GET"]}}],"collection":[{"href":"https:\/\/www.zerdab.com\/index.php?rest_route=\/wp\/v2\/posts"}],"about":[{"href":"https:\/\/www.zerdab.com\/index.php?rest_route=\/wp\/v2\/types\/post"}],"author":[{"embeddable":true,"href":"https:\/\/www.zerdab.com\/index.php?rest_route=\/wp\/v2\/users\/1"}],"replies":[{"embeddable":true,"href":"https:\/\/www.zerdab.com\/index.php?rest_route=%2Fwp%2Fv2%2Fcomments&post=28860"}],"version-history":[{"count":6,"href":"https:\/\/www.zerdab.com\/index.php?rest_route=\/wp\/v2\/posts\/28860\/revisions"}],"predecessor-version":[{"id":28866,"href":"https:\/\/www.zerdab.com\/index.php?rest_route=\/wp\/v2\/posts\/28860\/revisions\/28866"}],"wp:attachment":[{"href":"https:\/\/www.zerdab.com\/index.php?rest_route=%2Fwp%2Fv2%2Fmedia&parent=28860"}],"wp:term":[{"taxonomy":"category","embeddable":true,"href":"https:\/\/www.zerdab.com\/index.php?rest_route=%2Fwp%2Fv2%2Fcategories&post=28860"},{"taxonomy":"post_tag","embeddable":true,"href":"https:\/\/www.zerdab.com\/index.php?rest_route=%2Fwp%2Fv2%2Ftags&post=28860"}],"curies":[{"name":"wp","href":"https:\/\/api.w.org\/{rel}","templated":true}]}}