{"id":28868,"date":"2021-02-15T13:46:16","date_gmt":"2021-02-15T09:46:16","guid":{"rendered":"http:\/\/www.zerdab.com\/?p=28868"},"modified":"2021-02-15T13:47:23","modified_gmt":"2021-02-15T09:47:23","slug":"mill%c9%99t-v%c9%99kili-jal%c9%99-%c9%99liyeva-secicil%c9%99rin-onlayn-q%c9%99bulunu-kecirib-fotolar","status":"publish","type":"post","link":"https:\/\/www.zerdab.com\/?p=28868","title":{"rendered":"Mill\u0259t v\u0259kili Jal\u0259 \u018fliyeva Z\u0259rdabda se\u00e7icil\u0259rin onlayn q\u0259bulunu ke\u00e7irib &#8211; Fotolar"},"content":{"rendered":"\n<p>Mill\u0259t v\u0259kili, Milli M\u0259clisin Ail\u0259, Qad\u0131n, U\u015faq m\u0259s\u0259l\u0259l\u0259ri Komit\u0259sinin s\u0259dr m\u00fcavini Jal\u0259 \u018fliyeva Z\u0259rdab rayonunda se\u00e7icil\u0259ri il\u0259 onlayn formatda n\u00f6vb\u0259ti q\u0259bulunu ke\u00e7irib. <\/p>\n\n\n\n<p><strong>Zerdab.com<\/strong> sayt\u0131na veril\u0259n m\u0259lumata g\u00f6r\u0259, q\u0259bulda  21 n\u0259f\u0259r i\u015ftirak edib. 4 saat davam ed\u0259n videoq\u0259bulda v\u0259t\u0259nda\u015flar\u0131n m\u00fcxt\u0259lif s\u0259pkili xahi\u015f v\u0259 t\u0259klifl\u0259ri dinl\u0259nilib. <\/p>\n\n\n\n<p>M\u00fcraci\u0259tl\u0259rin \u0259ks\u0259riyy\u0259ti m\u0259\u015f\u011fulluqla, i\u015f\u0259 d\u00fcz\u0259lm\u0259 il\u0259 ba\u011fl\u0131 olub.  Eyni zamanda \u0259illiyin t\u0259yin edilm\u0259sind\u0259 m\u00f6vcud olan yerli xarakterli neqativ hallar deputat\u0131n diqq\u0259tin\u0259 \u00e7atd\u0131r\u0131l\u0131b. <\/p>\n\n\n\n<p>Q\u0259bulda sosial m\u00fcavin\u0259tl\u0259rin verilm\u0259si il\u0259 ba\u011fl\u0131 m\u0259hdudiyy\u0259tl\u0259r \u0259traf\u0131nda fikir m\u00fcbadil\u0259si apar\u0131l\u0131b. Q\u0259bulda i\u015ftirak ef\u0259n 1-ci Qaraba\u011f m\u00fcharib\u0259sind\u0259 \u015f\u0259hid olmu\u015f \u0259sg\u0259rin atas\u0131, o\u011flunun \u015f\u0259hidlik statusunun m\u00fc\u0259yy\u0259nl\u0259\u015fdirilm\u0259sind\u0259 deputat\u0131n k\u00f6m\u0259klik g\u00f6st\u0259rm\u0259sini ondan xahi\u015f edib. Se\u00e7icil\u0259r rayonda \u015f\u0259hid adlar\u0131n\u0131n \u0259b\u0259dil\u0259\u015fdirilm\u0259si il\u0259 ba\u011fl\u0131 arzular\u0131n\u0131 da deputat\u0131n diqq\u0259tin\u0259 \u00e7atd\u0131r\u0131blar. <\/p>\n\n\n\n<p>Deputat Jal\u0259 \u018fliyeva bu m\u0259s\u0259l\u0259nin h\u0259r zaman \u00f6lk\u0259 Prezidenti c\u0259nab \u0130lham \u018fliyevin diqq\u0259tind\u0259 oldu\u011funu se\u00e7icil\u0259rinin n\u0259z\u0259rin\u0259 \u00e7atd\u0131r\u0131b, m\u00fcq\u0259dd\u0259s \u015f\u0259hidl\u0259rimizin ad\u0131n\u0131n Z\u0259rdab rayonunda da \u0259b\u0259dil\u0259\u015fdirilm\u0259si \u00fc\u00e7\u00fcn art\u0131q \u0259m\u0259li add\u0131mlar at\u0131ld\u0131\u011f\u0131n\u0131, bu m\u0259s\u0259l\u0259nin q\u0131sa zamanda m\u00fcsb\u0259t h\u0259lli \u00fc\u00e7\u00fcn m\u00fcmk\u00fcn olan k\u00f6m\u0259yi g\u00f6st\u0259r\u0259c\u0259yini bildirib. <\/p>\n\n\n\n<p>Qald\u0131r\u0131lan m\u0259s\u0259l\u0259l\u0259rin b\u0259zil\u0259ri \u0259traflnda q\u0259bul \u0259snas\u0131nda \u015fifahi olaraq \u0259laq\u0259dar icra orqanlar\u0131 il\u0259 telefon vasit\u0259sil\u0259 s\u00f6hb\u0259t apar\u0131l\u0131b v\u0259 k\u00f6m\u0259k ist\u0259nilib. <\/p>\n\n\n\n<p>Dig\u0259r m\u0259s\u0259l\u0259l\u0259r haqq\u0131nda is\u0259 deputat t\u0259r\u0259find\u0259n \u0259laq\u0259dar qurumlara yaz\u0131l\u0131 m\u00fcraci\u0259t edil\u0259c\u0259kdir. <\/p>\n\n\n\n<p><strong>Zerdab.com<\/strong><\/p>\n\n\n\n<figure class=\"wp-block-image\"><img decoding=\"async\" src=\"https:\/\/etikxeber.az\/wp-content\/uploads\/2021\/02\/jala-13-1024x440.jpg\" alt=\"\"\/><\/figure>\n\n\n\n<figure class=\"wp-block-image\"><img decoding=\"async\" src=\"https:\/\/etikxeber.az\/wp-content\/uploads\/2021\/02\/jala-11-1024x414.jpg\" alt=\"\"\/><\/figure>\n\n\n\n<figure class=\"wp-block-image\"><img decoding=\"async\" src=\"https:\/\/etikxeber.az\/wp-content\/uploads\/2021\/02\/jala-14-1024x428.jpg\" alt=\"\"\/><figcaption> <br> <\/figcaption><\/figure>\n\n\n\n<figure class=\"wp-block-image\"><img decoding=\"async\" src=\"https:\/\/etikxeber.az\/wp-content\/uploads\/2021\/02\/jala-12-1024x419.jpg\" alt=\"\"\/><\/figure>\n","protected":false},"excerpt":{"rendered":"<p>Mill\u0259t v\u0259kili, Milli M\u0259clisin Ail\u0259, Qad\u0131n, U\u015faq m\u0259s\u0259l\u0259l\u0259ri Komit\u0259sinin s\u0259dr m\u00fcavini Jal\u0259 \u018fliyeva Z\u0259rdab rayonunda se\u00e7icil\u0259ri il\u0259 onlayn formatda n\u00f6vb\u0259ti q\u0259bulunu ke\u00e7irib. Zerdab.com sayt\u0131na veril\u0259n m\u0259lumata g\u00f6r\u0259, q\u0259bulda 21 n\u0259f\u0259r i\u015ftirak edib. 4 saat davam ed\u0259n videoq\u0259bulda v\u0259t\u0259nda\u015flar\u0131n m\u00fcxt\u0259lif s\u0259pkili xahi\u015f v\u0259 t\u0259klifl\u0259ri dinl\u0259nilib. M\u00fcraci\u0259tl\u0259rin \u0259ks\u0259riyy\u0259ti m\u0259\u015f\u011fulluqla, i\u015f\u0259 d\u00fcz\u0259lm\u0259 il\u0259 ba\u011fl\u0131 olub. Eyni zamanda \u0259illiyin [&hellip;]<\/p>\n","protected":false},"author":1,"featured_media":0,"comment_status":"open","ping_status":"open","sticky":false,"template":"","format":"standard","meta":{"footnotes":""},"categories":[63,5],"tags":[],"class_list":{"0":"post-28868","1":"post","2":"type-post","3":"status-publish","4":"format-standard","6":"category-manset","7":"category-knd"},"yoast_head":"<!-- This site is optimized with the Yoast SEO plugin v27.0 - https:\/\/yoast.com\/product\/yoast-seo-wordpress\/ -->\n<title>Mill\u0259t v\u0259kili Jal\u0259 \u018fliyeva Z\u0259rdabda se\u00e7icil\u0259rin onlayn q\u0259bulunu ke\u00e7irib - Fotolar - Z\u0259rdab.com<\/title>\n<meta name=\"robots\" content=\"index, follow, max-snippet:-1, max-image-preview:large, max-video-preview:-1\" \/>\n<link rel=\"canonical\" href=\"https:\/\/www.zerdab.com\/?p=28868\" \/>\n<meta property=\"og:locale\" content=\"az_AZ\" \/>\n<meta property=\"og:type\" content=\"article\" \/>\n<meta property=\"og:title\" content=\"Mill\u0259t v\u0259kili Jal\u0259 \u018fliyeva Z\u0259rdabda se\u00e7icil\u0259rin onlayn q\u0259bulunu ke\u00e7irib - Fotolar - Z\u0259rdab.com\" \/>\n<meta property=\"og:description\" content=\"Mill\u0259t v\u0259kili, Milli M\u0259clisin Ail\u0259, Qad\u0131n, U\u015faq m\u0259s\u0259l\u0259l\u0259ri Komit\u0259sinin s\u0259dr m\u00fcavini Jal\u0259 \u018fliyeva Z\u0259rdab rayonunda se\u00e7icil\u0259ri il\u0259 onlayn formatda n\u00f6vb\u0259ti q\u0259bulunu ke\u00e7irib. Zerdab.com sayt\u0131na veril\u0259n m\u0259lumata g\u00f6r\u0259, q\u0259bulda 21 n\u0259f\u0259r i\u015ftirak edib. 4 saat davam ed\u0259n videoq\u0259bulda v\u0259t\u0259nda\u015flar\u0131n m\u00fcxt\u0259lif s\u0259pkili xahi\u015f v\u0259 t\u0259klifl\u0259ri dinl\u0259nilib. M\u00fcraci\u0259tl\u0259rin \u0259ks\u0259riyy\u0259ti m\u0259\u015f\u011fulluqla, i\u015f\u0259 d\u00fcz\u0259lm\u0259 il\u0259 ba\u011fl\u0131 olub. Eyni zamanda \u0259illiyin [&hellip;]\" \/>\n<meta property=\"og:url\" content=\"https:\/\/www.zerdab.com\/?p=28868\" \/>\n<meta property=\"og:site_name\" content=\"Z\u0259rdab.com\" \/>\n<meta property=\"article:published_time\" content=\"2021-02-15T09:46:16+00:00\" \/>\n<meta property=\"article:modified_time\" content=\"2021-02-15T09:47:23+00:00\" \/>\n<meta property=\"og:image\" content=\"https:\/\/etikxeber.az\/wp-content\/uploads\/2021\/02\/jala-13-1024x440.jpg\" \/>\n<meta name=\"author\" content=\"admin\" \/>\n<meta name=\"twitter:card\" content=\"summary_large_image\" \/>\n<meta name=\"twitter:label1\" content=\"Written by\" \/>\n\t<meta name=\"twitter:data1\" content=\"admin\" \/>\n\t<meta name=\"twitter:label2\" content=\"Est. reading time\" \/>\n\t<meta name=\"twitter:data2\" content=\"2 minutes\" \/>\n<script type=\"application\/ld+json\" class=\"yoast-schema-graph\">{\"@context\":\"https:\/\/schema.org\",\"@graph\":[{\"@type\":\"Article\",\"@id\":\"https:\/\/www.zerdab.com\/?p=28868#article\",\"isPartOf\":{\"@id\":\"https:\/\/www.zerdab.com\/?p=28868\"},\"author\":{\"name\":\"admin\",\"@id\":\"https:\/\/www.zerdab.com\/#\/schema\/person\/97079b7570c1e89ec0d9e138c3672136\"},\"headline\":\"Mill\u0259t v\u0259kili Jal\u0259 \u018fliyeva Z\u0259rdabda se\u00e7icil\u0259rin onlayn q\u0259bulunu ke\u00e7irib &#8211; Fotolar\",\"datePublished\":\"2021-02-15T09:46:16+00:00\",\"dateModified\":\"2021-02-15T09:47:23+00:00\",\"mainEntityOfPage\":{\"@id\":\"https:\/\/www.zerdab.com\/?p=28868\"},\"wordCount\":376,\"commentCount\":0,\"image\":{\"@id\":\"https:\/\/www.zerdab.com\/?p=28868#primaryimage\"},\"thumbnailUrl\":\"https:\/\/etikxeber.az\/wp-content\/uploads\/2021\/02\/jala-13-1024x440.jpg\",\"articleSection\":[\"MAN\u015eET\",\"X\u018fB\u018fRL\u018fR\"],\"inLanguage\":\"az\",\"potentialAction\":[{\"@type\":\"CommentAction\",\"name\":\"Comment\",\"target\":[\"https:\/\/www.zerdab.com\/?p=28868#respond\"]}]},{\"@type\":\"WebPage\",\"@id\":\"https:\/\/www.zerdab.com\/?p=28868\",\"url\":\"https:\/\/www.zerdab.com\/?p=28868\",\"name\":\"Mill\u0259t v\u0259kili Jal\u0259 \u018fliyeva Z\u0259rdabda se\u00e7icil\u0259rin onlayn q\u0259bulunu ke\u00e7irib - Fotolar - Z\u0259rdab.com\",\"isPartOf\":{\"@id\":\"https:\/\/www.zerdab.com\/#website\"},\"primaryImageOfPage\":{\"@id\":\"https:\/\/www.zerdab.com\/?p=28868#primaryimage\"},\"image\":{\"@id\":\"https:\/\/www.zerdab.com\/?p=28868#primaryimage\"},\"thumbnailUrl\":\"https:\/\/etikxeber.az\/wp-content\/uploads\/2021\/02\/jala-13-1024x440.jpg\",\"datePublished\":\"2021-02-15T09:46:16+00:00\",\"dateModified\":\"2021-02-15T09:47:23+00:00\",\"author\":{\"@id\":\"https:\/\/www.zerdab.com\/#\/schema\/person\/97079b7570c1e89ec0d9e138c3672136\"},\"breadcrumb\":{\"@id\":\"https:\/\/www.zerdab.com\/?p=28868#breadcrumb\"},\"inLanguage\":\"az\",\"potentialAction\":[{\"@type\":\"ReadAction\",\"target\":[\"https:\/\/www.zerdab.com\/?p=28868\"]}]},{\"@type\":\"ImageObject\",\"inLanguage\":\"az\",\"@id\":\"https:\/\/www.zerdab.com\/?p=28868#primaryimage\",\"url\":\"https:\/\/etikxeber.az\/wp-content\/uploads\/2021\/02\/jala-13-1024x440.jpg\",\"contentUrl\":\"https:\/\/etikxeber.az\/wp-content\/uploads\/2021\/02\/jala-13-1024x440.jpg\"},{\"@type\":\"BreadcrumbList\",\"@id\":\"https:\/\/www.zerdab.com\/?p=28868#breadcrumb\",\"itemListElement\":[{\"@type\":\"ListItem\",\"position\":1,\"name\":\"Home\",\"item\":\"https:\/\/www.zerdab.com\/\"},{\"@type\":\"ListItem\",\"position\":2,\"name\":\"Mill\u0259t v\u0259kili Jal\u0259 \u018fliyeva Z\u0259rdabda se\u00e7icil\u0259rin onlayn q\u0259bulunu ke\u00e7irib &#8211; Fotolar\"}]},{\"@type\":\"WebSite\",\"@id\":\"https:\/\/www.zerdab.com\/#website\",\"url\":\"https:\/\/www.zerdab.com\/\",\"name\":\"Z\u0259rdab.com\",\"description\":\"\",\"potentialAction\":[{\"@type\":\"SearchAction\",\"target\":{\"@type\":\"EntryPoint\",\"urlTemplate\":\"https:\/\/www.zerdab.com\/?s={search_term_string}\"},\"query-input\":{\"@type\":\"PropertyValueSpecification\",\"valueRequired\":true,\"valueName\":\"search_term_string\"}}],\"inLanguage\":\"az\"},{\"@type\":\"Person\",\"@id\":\"https:\/\/www.zerdab.com\/#\/schema\/person\/97079b7570c1e89ec0d9e138c3672136\",\"name\":\"admin\",\"image\":{\"@type\":\"ImageObject\",\"inLanguage\":\"az\",\"@id\":\"https:\/\/www.zerdab.com\/#\/schema\/person\/image\/\",\"url\":\"https:\/\/secure.gravatar.com\/avatar\/d9c52a9a27c32119cb6679a077fa3e2779e5f822c451cbf01098004361d466ec?s=96&d=mm&r=g\",\"contentUrl\":\"https:\/\/secure.gravatar.com\/avatar\/d9c52a9a27c32119cb6679a077fa3e2779e5f822c451cbf01098004361d466ec?s=96&d=mm&r=g\",\"caption\":\"admin\"},\"url\":\"https:\/\/www.zerdab.com\/?author=1\"}]}<\/script>\n<!-- \/ Yoast SEO plugin. -->","yoast_head_json":{"title":"Mill\u0259t v\u0259kili Jal\u0259 \u018fliyeva Z\u0259rdabda se\u00e7icil\u0259rin onlayn q\u0259bulunu ke\u00e7irib - Fotolar - Z\u0259rdab.com","robots":{"index":"index","follow":"follow","max-snippet":"max-snippet:-1","max-image-preview":"max-image-preview:large","max-video-preview":"max-video-preview:-1"},"canonical":"https:\/\/www.zerdab.com\/?p=28868","og_locale":"az_AZ","og_type":"article","og_title":"Mill\u0259t v\u0259kili Jal\u0259 \u018fliyeva Z\u0259rdabda se\u00e7icil\u0259rin onlayn q\u0259bulunu ke\u00e7irib - Fotolar - Z\u0259rdab.com","og_description":"Mill\u0259t v\u0259kili, Milli M\u0259clisin Ail\u0259, Qad\u0131n, U\u015faq m\u0259s\u0259l\u0259l\u0259ri Komit\u0259sinin s\u0259dr m\u00fcavini Jal\u0259 \u018fliyeva Z\u0259rdab rayonunda se\u00e7icil\u0259ri il\u0259 onlayn formatda n\u00f6vb\u0259ti q\u0259bulunu ke\u00e7irib. Zerdab.com sayt\u0131na veril\u0259n m\u0259lumata g\u00f6r\u0259, q\u0259bulda 21 n\u0259f\u0259r i\u015ftirak edib. 4 saat davam ed\u0259n videoq\u0259bulda v\u0259t\u0259nda\u015flar\u0131n m\u00fcxt\u0259lif s\u0259pkili xahi\u015f v\u0259 t\u0259klifl\u0259ri dinl\u0259nilib. M\u00fcraci\u0259tl\u0259rin \u0259ks\u0259riyy\u0259ti m\u0259\u015f\u011fulluqla, i\u015f\u0259 d\u00fcz\u0259lm\u0259 il\u0259 ba\u011fl\u0131 olub. Eyni zamanda \u0259illiyin [&hellip;]","og_url":"https:\/\/www.zerdab.com\/?p=28868","og_site_name":"Z\u0259rdab.com","article_published_time":"2021-02-15T09:46:16+00:00","article_modified_time":"2021-02-15T09:47:23+00:00","og_image":[{"url":"https:\/\/etikxeber.az\/wp-content\/uploads\/2021\/02\/jala-13-1024x440.jpg","type":"","width":"","height":""}],"author":"admin","twitter_card":"summary_large_image","twitter_misc":{"Written by":"admin","Est. reading time":"2 minutes"},"schema":{"@context":"https:\/\/schema.org","@graph":[{"@type":"Article","@id":"https:\/\/www.zerdab.com\/?p=28868#article","isPartOf":{"@id":"https:\/\/www.zerdab.com\/?p=28868"},"author":{"name":"admin","@id":"https:\/\/www.zerdab.com\/#\/schema\/person\/97079b7570c1e89ec0d9e138c3672136"},"headline":"Mill\u0259t v\u0259kili Jal\u0259 \u018fliyeva Z\u0259rdabda se\u00e7icil\u0259rin onlayn q\u0259bulunu ke\u00e7irib &#8211; Fotolar","datePublished":"2021-02-15T09:46:16+00:00","dateModified":"2021-02-15T09:47:23+00:00","mainEntityOfPage":{"@id":"https:\/\/www.zerdab.com\/?p=28868"},"wordCount":376,"commentCount":0,"image":{"@id":"https:\/\/www.zerdab.com\/?p=28868#primaryimage"},"thumbnailUrl":"https:\/\/etikxeber.az\/wp-content\/uploads\/2021\/02\/jala-13-1024x440.jpg","articleSection":["MAN\u015eET","X\u018fB\u018fRL\u018fR"],"inLanguage":"az","potentialAction":[{"@type":"CommentAction","name":"Comment","target":["https:\/\/www.zerdab.com\/?p=28868#respond"]}]},{"@type":"WebPage","@id":"https:\/\/www.zerdab.com\/?p=28868","url":"https:\/\/www.zerdab.com\/?p=28868","name":"Mill\u0259t v\u0259kili Jal\u0259 \u018fliyeva Z\u0259rdabda se\u00e7icil\u0259rin onlayn q\u0259bulunu ke\u00e7irib - Fotolar - Z\u0259rdab.com","isPartOf":{"@id":"https:\/\/www.zerdab.com\/#website"},"primaryImageOfPage":{"@id":"https:\/\/www.zerdab.com\/?p=28868#primaryimage"},"image":{"@id":"https:\/\/www.zerdab.com\/?p=28868#primaryimage"},"thumbnailUrl":"https:\/\/etikxeber.az\/wp-content\/uploads\/2021\/02\/jala-13-1024x440.jpg","datePublished":"2021-02-15T09:46:16+00:00","dateModified":"2021-02-15T09:47:23+00:00","author":{"@id":"https:\/\/www.zerdab.com\/#\/schema\/person\/97079b7570c1e89ec0d9e138c3672136"},"breadcrumb":{"@id":"https:\/\/www.zerdab.com\/?p=28868#breadcrumb"},"inLanguage":"az","potentialAction":[{"@type":"ReadAction","target":["https:\/\/www.zerdab.com\/?p=28868"]}]},{"@type":"ImageObject","inLanguage":"az","@id":"https:\/\/www.zerdab.com\/?p=28868#primaryimage","url":"https:\/\/etikxeber.az\/wp-content\/uploads\/2021\/02\/jala-13-1024x440.jpg","contentUrl":"https:\/\/etikxeber.az\/wp-content\/uploads\/2021\/02\/jala-13-1024x440.jpg"},{"@type":"BreadcrumbList","@id":"https:\/\/www.zerdab.com\/?p=28868#breadcrumb","itemListElement":[{"@type":"ListItem","position":1,"name":"Home","item":"https:\/\/www.zerdab.com\/"},{"@type":"ListItem","position":2,"name":"Mill\u0259t v\u0259kili Jal\u0259 \u018fliyeva Z\u0259rdabda se\u00e7icil\u0259rin onlayn q\u0259bulunu ke\u00e7irib &#8211; Fotolar"}]},{"@type":"WebSite","@id":"https:\/\/www.zerdab.com\/#website","url":"https:\/\/www.zerdab.com\/","name":"Z\u0259rdab.com","description":"","potentialAction":[{"@type":"SearchAction","target":{"@type":"EntryPoint","urlTemplate":"https:\/\/www.zerdab.com\/?s={search_term_string}"},"query-input":{"@type":"PropertyValueSpecification","valueRequired":true,"valueName":"search_term_string"}}],"inLanguage":"az"},{"@type":"Person","@id":"https:\/\/www.zerdab.com\/#\/schema\/person\/97079b7570c1e89ec0d9e138c3672136","name":"admin","image":{"@type":"ImageObject","inLanguage":"az","@id":"https:\/\/www.zerdab.com\/#\/schema\/person\/image\/","url":"https:\/\/secure.gravatar.com\/avatar\/d9c52a9a27c32119cb6679a077fa3e2779e5f822c451cbf01098004361d466ec?s=96&d=mm&r=g","contentUrl":"https:\/\/secure.gravatar.com\/avatar\/d9c52a9a27c32119cb6679a077fa3e2779e5f822c451cbf01098004361d466ec?s=96&d=mm&r=g","caption":"admin"},"url":"https:\/\/www.zerdab.com\/?author=1"}]}},"_links":{"self":[{"href":"https:\/\/www.zerdab.com\/index.php?rest_route=\/wp\/v2\/posts\/28868","targetHints":{"allow":["GET"]}}],"collection":[{"href":"https:\/\/www.zerdab.com\/index.php?rest_route=\/wp\/v2\/posts"}],"about":[{"href":"https:\/\/www.zerdab.com\/index.php?rest_route=\/wp\/v2\/types\/post"}],"author":[{"embeddable":true,"href":"https:\/\/www.zerdab.com\/index.php?rest_route=\/wp\/v2\/users\/1"}],"replies":[{"embeddable":true,"href":"https:\/\/www.zerdab.com\/index.php?rest_route=%2Fwp%2Fv2%2Fcomments&post=28868"}],"version-history":[{"count":2,"href":"https:\/\/www.zerdab.com\/index.php?rest_route=\/wp\/v2\/posts\/28868\/revisions"}],"predecessor-version":[{"id":28871,"href":"https:\/\/www.zerdab.com\/index.php?rest_route=\/wp\/v2\/posts\/28868\/revisions\/28871"}],"wp:attachment":[{"href":"https:\/\/www.zerdab.com\/index.php?rest_route=%2Fwp%2Fv2%2Fmedia&parent=28868"}],"wp:term":[{"taxonomy":"category","embeddable":true,"href":"https:\/\/www.zerdab.com\/index.php?rest_route=%2Fwp%2Fv2%2Fcategories&post=28868"},{"taxonomy":"post_tag","embeddable":true,"href":"https:\/\/www.zerdab.com\/index.php?rest_route=%2Fwp%2Fv2%2Ftags&post=28868"}],"curies":[{"name":"wp","href":"https:\/\/api.w.org\/{rel}","templated":true}]}}