{"id":28881,"date":"2021-02-23T13:04:11","date_gmt":"2021-02-23T09:04:11","guid":{"rendered":"http:\/\/www.zerdab.com\/?p=28881"},"modified":"2021-02-23T13:39:08","modified_gmt":"2021-02-23T09:39:08","slug":"mill%c9%99t-v%c9%99kili-jal%c9%99-%c9%99liyevanin-t%c9%99s%c9%99bbusu-il%c9%99-basladilan-kampaniya-ugurla-davam-edir-51-qazi-ail%c9%99sin%c9%99-%c9%99rzaq-yardimi-edildi-fotolar","status":"publish","type":"post","link":"https:\/\/www.zerdab.com\/?p=28881","title":{"rendered":"Mill\u0259t v\u0259kili Jal\u0259 \u018fliyevan\u0131n t\u0259\u015f\u0259bb\u00fcs\u00fc il\u0259 ba\u015flad\u0131lan kampaniya u\u011furla davam edir &#8211; Z\u0259rdabda 51 qazi ail\u0259sin\u0259 \u0259rzaq yard\u0131m\u0131 edildi &#8211; Fotolar"},"content":{"rendered":"\n<p><strong>Mill\u0259t v\u0259kili, professor Jal\u0259 \u018fliyevan\u0131n h\u0259mt\u0259sis\u00e7isi oldu\u011fu H\u0259s\u0259n b\u0259y Z\u0259rdabi \u0130rs M\u0259rk\u0259zi Z\u0259rdab rayonundan olan \u0130kinci V\u0259t\u0259n M\u00fcharib\u0259si qazil\u0259ri v\u0259 onlar\u0131n ail\u0259l\u0259rin\u0259 \u0259rzaq yard\u0131m\u0131 edib.<\/strong><\/p>\n\n\n\n<p><span style=\"background-color: rgb(232, 234, 235);\"><b>Zerdab.com<\/b><\/span> sayt\u0131 x\u0259b\u0259r verir ki, bir ne\u00e7\u0259 g\u00fcn \u00f6nc\u0259 mill\u0259t v\u0259kilinin, h\u0259m\u00e7inin h\u0259mt\u0259sis\u00e7isi oldu\u011fu M\u0259rk\u0259zin t\u0259\u015f\u0259bb\u00fcs\u00fc v\u0259 i\u015ftirak\u0131 il\u0259 qazi ail\u0259l\u0259rin\u0259 geni\u015f d\u0259st\u0259k m\u0259qs\u0259dil\u0259 layih\u0259y\u0259 &#8211; kampaniyaya start verilib.<\/p>\n\n\n\n<p>Layih\u0259nin ilk m\u0259rh\u0259l\u0259sind\u0259 Z\u0259rdab rayonunda ya\u015fayan\u00a0<strong>51<\/strong>\u00a0qazi ail\u0259sin\u0259 \u0259rzaq yard\u0131m\u0131 g\u00f6nd\u0259rilib.<\/p>\n\n\n\n<p><strong>Layih\u0259 \u00e7\u0259r\u00e7iv\u0259sind\u0259 qazil\u0259rin sosial, h\u00fcquqi, tibbi probleml\u0259rinin h\u0259r zaman diqq\u0259t m\u0259rk\u0259zind\u0259 saxlan\u0131lmas\u0131, m\u00fcvafiq yard\u0131mlar g\u00f6st\u0259rilm\u0259si n\u0259z\u0259rd\u0259 tutulur.<\/strong><\/p>\n\n\n\n<p> <br><strong>H\u0259s\u0259n b\u0259y Z\u0259rdabi \u0130rs M\u0259rk\u0259zi<\/strong>nin yayd\u0131\u011f\u0131 a\u00e7\u0131qlamada deyilir: <\/p>\n\n\n\n<p><strong>\u201cAz\u0259rbaycanda sosial sah\u0259d\u0259 \u0259sas prioritetl\u0259rd\u0259n biri kimi \u015f\u0259hid ail\u0259l\u0259rinin, m\u00fcharib\u0259 \u0259lill\u0259rinin, veteranlar\u0131n, h\u0259rbi qulluq\u00e7ular\u0131n sosial m\u00fcdafi\u0259sinin t\u0259min edilm\u0259si il\u0259 ba\u011fl\u0131 d\u00f6vl\u0259t siyas\u0259tin\u0259 bir v\u0259t\u0259nda\u015f kimi d\u0259st\u0259k olma\u011fa \u00e7al\u0131\u015f\u0131r\u0131q.<\/strong><\/p>\n\n\n\n<p><strong><em>Az\u0259rbaycan\u0131n \u0259razi b\u00fct\u00f6vl\u00fcy\u00fc u\u011frunda can\u0131n\u0131 qurban vermi\u015f \u015f\u0259hidl\u0259rin m\u00fcq\u0259dd\u0259s ruhlar\u0131na v\u0259 sa\u011flaml\u0131\u011f\u0131n\u0131 f\u0259da etmi\u015f qazil\u0259rimiz\u0259 bir \u00f6m\u00fcr boyu borcluyuq!<\/em><\/strong><\/p>\n\n\n\n<p><strong>Unutmar\u0131q v\u0259 unutdurmar\u0131q!<\/strong><\/p>\n\n\n\n<p><strong><em>Layih\u0259miz\u0259 d\u0259st\u0259k ver\u0259n, adlar\u0131n\u0131 daha \u0259vv\u0259lki m\u0259lumatlar\u0131m\u0131zda a\u00e7\u0131qlad\u0131\u011f\u0131m\u0131z d\u0259y\u0259rli h\u0259myerlil\u0259rimiz\u0259, eyni zamanda sovqat qutular\u0131n\u0131n t\u0259\u015fkili v\u0259 paylanmas\u0131nda biz\u0259 yax\u0131ndan k\u00f6m\u0259k ed\u0259n mill\u0259t v\u0259kili Jal\u0259 \u018fliyevan\u0131n k\u00f6m\u0259k\u00e7isi Firdovsi Eyvazova, Z\u0259rdab &#8220;Sunny&#8221; marketin \u0259m\u0259kda\u015f\u0131 \u00dclvi \u0130srafilova v\u0259 g\u0259nc k\u00f6n\u00fcll\u00fc Tofiq Q\u0259dimova x\u00fcsusi t\u0259\u015f\u0259kk\u00fcr\u00fcm\u00fcz\u00fc bildiririk\u201d.<\/em><\/strong><\/p>\n\n\n\n<figure class=\"wp-block-image\"><img decoding=\"async\" src=\"https:\/\/etikxeber.az\/wp-content\/uploads\/2021\/02\/jala-1.jpg\" alt=\"\" class=\"wp-image-82018\"\/><\/figure>\n\n\n\n<figure class=\"wp-block-image\"><img decoding=\"async\" src=\"https:\/\/etikxeber.az\/wp-content\/uploads\/2021\/02\/jala-2.jpg\" alt=\"\" class=\"wp-image-82019\"\/><\/figure>\n\n\n\n<figure class=\"wp-block-image\"><img decoding=\"async\" src=\"https:\/\/etikxeber.az\/wp-content\/uploads\/2021\/02\/jala-3.jpg\" alt=\"\" class=\"wp-image-82020\"\/><\/figure>\n\n\n\n<figure class=\"wp-block-image\"><img decoding=\"async\" src=\"https:\/\/etikxeber.az\/wp-content\/uploads\/2021\/02\/jala-3-1.jpg\" alt=\"\" class=\"wp-image-82021\"\/><\/figure>\n\n\n\n<figure class=\"wp-block-image\"><img decoding=\"async\" src=\"https:\/\/etikxeber.az\/wp-content\/uploads\/2021\/02\/jala-4.jpg\" alt=\"\" class=\"wp-image-82022\"\/><\/figure>\n\n\n\n<figure class=\"wp-block-image\"><img decoding=\"async\" src=\"https:\/\/etikxeber.az\/wp-content\/uploads\/2021\/02\/jala-5.jpg\" alt=\"\" class=\"wp-image-82023\"\/><\/figure>\n","protected":false},"excerpt":{"rendered":"<p>Mill\u0259t v\u0259kili, professor Jal\u0259 \u018fliyevan\u0131n h\u0259mt\u0259sis\u00e7isi oldu\u011fu H\u0259s\u0259n b\u0259y Z\u0259rdabi \u0130rs M\u0259rk\u0259zi Z\u0259rdab rayonundan olan \u0130kinci V\u0259t\u0259n M\u00fcharib\u0259si qazil\u0259ri v\u0259 onlar\u0131n ail\u0259l\u0259rin\u0259 \u0259rzaq yard\u0131m\u0131 edib. Zerdab.com sayt\u0131 x\u0259b\u0259r verir ki, bir ne\u00e7\u0259 g\u00fcn \u00f6nc\u0259 mill\u0259t v\u0259kilinin, h\u0259m\u00e7inin h\u0259mt\u0259sis\u00e7isi oldu\u011fu M\u0259rk\u0259zin t\u0259\u015f\u0259bb\u00fcs\u00fc v\u0259 i\u015ftirak\u0131 il\u0259 qazi ail\u0259l\u0259rin\u0259 geni\u015f d\u0259st\u0259k m\u0259qs\u0259dil\u0259 layih\u0259y\u0259 &#8211; kampaniyaya start verilib. Layih\u0259nin [&hellip;]<\/p>\n","protected":false},"author":1,"featured_media":0,"comment_status":"open","ping_status":"open","sticky":false,"template":"","format":"standard","meta":{"footnotes":""},"categories":[63,5],"tags":[],"class_list":{"0":"post-28881","1":"post","2":"type-post","3":"status-publish","4":"format-standard","6":"category-manset","7":"category-knd"},"yoast_head":"<!-- This site is optimized with the Yoast SEO plugin v27.0 - https:\/\/yoast.com\/product\/yoast-seo-wordpress\/ -->\n<title>Mill\u0259t v\u0259kili Jal\u0259 \u018fliyevan\u0131n t\u0259\u015f\u0259bb\u00fcs\u00fc il\u0259 ba\u015flad\u0131lan kampaniya u\u011furla davam edir - Z\u0259rdabda 51 qazi ail\u0259sin\u0259 \u0259rzaq yard\u0131m\u0131 edildi - Fotolar - Z\u0259rdab.com<\/title>\n<meta name=\"robots\" content=\"index, follow, max-snippet:-1, max-image-preview:large, max-video-preview:-1\" \/>\n<link rel=\"canonical\" href=\"https:\/\/www.zerdab.com\/?p=28881\" \/>\n<meta property=\"og:locale\" content=\"az_AZ\" \/>\n<meta property=\"og:type\" content=\"article\" \/>\n<meta property=\"og:title\" content=\"Mill\u0259t v\u0259kili Jal\u0259 \u018fliyevan\u0131n t\u0259\u015f\u0259bb\u00fcs\u00fc il\u0259 ba\u015flad\u0131lan kampaniya u\u011furla davam edir - Z\u0259rdabda 51 qazi ail\u0259sin\u0259 \u0259rzaq yard\u0131m\u0131 edildi - Fotolar - Z\u0259rdab.com\" \/>\n<meta property=\"og:description\" content=\"Mill\u0259t v\u0259kili, professor Jal\u0259 \u018fliyevan\u0131n h\u0259mt\u0259sis\u00e7isi oldu\u011fu H\u0259s\u0259n b\u0259y Z\u0259rdabi \u0130rs M\u0259rk\u0259zi Z\u0259rdab rayonundan olan \u0130kinci V\u0259t\u0259n M\u00fcharib\u0259si qazil\u0259ri v\u0259 onlar\u0131n ail\u0259l\u0259rin\u0259 \u0259rzaq yard\u0131m\u0131 edib. Zerdab.com sayt\u0131 x\u0259b\u0259r verir ki, bir ne\u00e7\u0259 g\u00fcn \u00f6nc\u0259 mill\u0259t v\u0259kilinin, h\u0259m\u00e7inin h\u0259mt\u0259sis\u00e7isi oldu\u011fu M\u0259rk\u0259zin t\u0259\u015f\u0259bb\u00fcs\u00fc v\u0259 i\u015ftirak\u0131 il\u0259 qazi ail\u0259l\u0259rin\u0259 geni\u015f d\u0259st\u0259k m\u0259qs\u0259dil\u0259 layih\u0259y\u0259 &#8211; kampaniyaya start verilib. Layih\u0259nin [&hellip;]\" \/>\n<meta property=\"og:url\" content=\"https:\/\/www.zerdab.com\/?p=28881\" \/>\n<meta property=\"og:site_name\" content=\"Z\u0259rdab.com\" \/>\n<meta property=\"article:published_time\" content=\"2021-02-23T09:04:11+00:00\" \/>\n<meta property=\"article:modified_time\" content=\"2021-02-23T09:39:08+00:00\" \/>\n<meta property=\"og:image\" content=\"https:\/\/etikxeber.az\/wp-content\/uploads\/2021\/02\/jala-1.jpg\" \/>\n<meta name=\"author\" content=\"admin\" \/>\n<meta name=\"twitter:card\" content=\"summary_large_image\" \/>\n<meta name=\"twitter:label1\" content=\"Written by\" \/>\n\t<meta name=\"twitter:data1\" content=\"admin\" \/>\n\t<meta name=\"twitter:label2\" content=\"Est. reading time\" \/>\n\t<meta name=\"twitter:data2\" content=\"2 minutes\" \/>\n<script type=\"application\/ld+json\" class=\"yoast-schema-graph\">{\"@context\":\"https:\/\/schema.org\",\"@graph\":[{\"@type\":\"Article\",\"@id\":\"https:\/\/www.zerdab.com\/?p=28881#article\",\"isPartOf\":{\"@id\":\"https:\/\/www.zerdab.com\/?p=28881\"},\"author\":{\"name\":\"admin\",\"@id\":\"https:\/\/www.zerdab.com\/#\/schema\/person\/97079b7570c1e89ec0d9e138c3672136\"},\"headline\":\"Mill\u0259t v\u0259kili Jal\u0259 \u018fliyevan\u0131n t\u0259\u015f\u0259bb\u00fcs\u00fc il\u0259 ba\u015flad\u0131lan kampaniya u\u011furla davam edir &#8211; Z\u0259rdabda 51 qazi ail\u0259sin\u0259 \u0259rzaq yard\u0131m\u0131 edildi &#8211; Fotolar\",\"datePublished\":\"2021-02-23T09:04:11+00:00\",\"dateModified\":\"2021-02-23T09:39:08+00:00\",\"mainEntityOfPage\":{\"@id\":\"https:\/\/www.zerdab.com\/?p=28881\"},\"wordCount\":381,\"commentCount\":0,\"image\":{\"@id\":\"https:\/\/www.zerdab.com\/?p=28881#primaryimage\"},\"thumbnailUrl\":\"https:\/\/etikxeber.az\/wp-content\/uploads\/2021\/02\/jala-1.jpg\",\"articleSection\":[\"MAN\u015eET\",\"X\u018fB\u018fRL\u018fR\"],\"inLanguage\":\"az\",\"potentialAction\":[{\"@type\":\"CommentAction\",\"name\":\"Comment\",\"target\":[\"https:\/\/www.zerdab.com\/?p=28881#respond\"]}]},{\"@type\":\"WebPage\",\"@id\":\"https:\/\/www.zerdab.com\/?p=28881\",\"url\":\"https:\/\/www.zerdab.com\/?p=28881\",\"name\":\"Mill\u0259t v\u0259kili Jal\u0259 \u018fliyevan\u0131n t\u0259\u015f\u0259bb\u00fcs\u00fc il\u0259 ba\u015flad\u0131lan kampaniya u\u011furla davam edir - Z\u0259rdabda 51 qazi ail\u0259sin\u0259 \u0259rzaq yard\u0131m\u0131 edildi - Fotolar - Z\u0259rdab.com\",\"isPartOf\":{\"@id\":\"https:\/\/www.zerdab.com\/#website\"},\"primaryImageOfPage\":{\"@id\":\"https:\/\/www.zerdab.com\/?p=28881#primaryimage\"},\"image\":{\"@id\":\"https:\/\/www.zerdab.com\/?p=28881#primaryimage\"},\"thumbnailUrl\":\"https:\/\/etikxeber.az\/wp-content\/uploads\/2021\/02\/jala-1.jpg\",\"datePublished\":\"2021-02-23T09:04:11+00:00\",\"dateModified\":\"2021-02-23T09:39:08+00:00\",\"author\":{\"@id\":\"https:\/\/www.zerdab.com\/#\/schema\/person\/97079b7570c1e89ec0d9e138c3672136\"},\"breadcrumb\":{\"@id\":\"https:\/\/www.zerdab.com\/?p=28881#breadcrumb\"},\"inLanguage\":\"az\",\"potentialAction\":[{\"@type\":\"ReadAction\",\"target\":[\"https:\/\/www.zerdab.com\/?p=28881\"]}]},{\"@type\":\"ImageObject\",\"inLanguage\":\"az\",\"@id\":\"https:\/\/www.zerdab.com\/?p=28881#primaryimage\",\"url\":\"https:\/\/etikxeber.az\/wp-content\/uploads\/2021\/02\/jala-1.jpg\",\"contentUrl\":\"https:\/\/etikxeber.az\/wp-content\/uploads\/2021\/02\/jala-1.jpg\"},{\"@type\":\"BreadcrumbList\",\"@id\":\"https:\/\/www.zerdab.com\/?p=28881#breadcrumb\",\"itemListElement\":[{\"@type\":\"ListItem\",\"position\":1,\"name\":\"Home\",\"item\":\"https:\/\/www.zerdab.com\/\"},{\"@type\":\"ListItem\",\"position\":2,\"name\":\"Mill\u0259t v\u0259kili Jal\u0259 \u018fliyevan\u0131n t\u0259\u015f\u0259bb\u00fcs\u00fc il\u0259 ba\u015flad\u0131lan kampaniya u\u011furla davam edir &#8211; Z\u0259rdabda 51 qazi ail\u0259sin\u0259 \u0259rzaq yard\u0131m\u0131 edildi &#8211; Fotolar\"}]},{\"@type\":\"WebSite\",\"@id\":\"https:\/\/www.zerdab.com\/#website\",\"url\":\"https:\/\/www.zerdab.com\/\",\"name\":\"Z\u0259rdab.com\",\"description\":\"\",\"potentialAction\":[{\"@type\":\"SearchAction\",\"target\":{\"@type\":\"EntryPoint\",\"urlTemplate\":\"https:\/\/www.zerdab.com\/?s={search_term_string}\"},\"query-input\":{\"@type\":\"PropertyValueSpecification\",\"valueRequired\":true,\"valueName\":\"search_term_string\"}}],\"inLanguage\":\"az\"},{\"@type\":\"Person\",\"@id\":\"https:\/\/www.zerdab.com\/#\/schema\/person\/97079b7570c1e89ec0d9e138c3672136\",\"name\":\"admin\",\"image\":{\"@type\":\"ImageObject\",\"inLanguage\":\"az\",\"@id\":\"https:\/\/www.zerdab.com\/#\/schema\/person\/image\/\",\"url\":\"https:\/\/secure.gravatar.com\/avatar\/d9c52a9a27c32119cb6679a077fa3e2779e5f822c451cbf01098004361d466ec?s=96&d=mm&r=g\",\"contentUrl\":\"https:\/\/secure.gravatar.com\/avatar\/d9c52a9a27c32119cb6679a077fa3e2779e5f822c451cbf01098004361d466ec?s=96&d=mm&r=g\",\"caption\":\"admin\"},\"url\":\"https:\/\/www.zerdab.com\/?author=1\"}]}<\/script>\n<!-- \/ Yoast SEO plugin. -->","yoast_head_json":{"title":"Mill\u0259t v\u0259kili Jal\u0259 \u018fliyevan\u0131n t\u0259\u015f\u0259bb\u00fcs\u00fc il\u0259 ba\u015flad\u0131lan kampaniya u\u011furla davam edir - Z\u0259rdabda 51 qazi ail\u0259sin\u0259 \u0259rzaq yard\u0131m\u0131 edildi - Fotolar - Z\u0259rdab.com","robots":{"index":"index","follow":"follow","max-snippet":"max-snippet:-1","max-image-preview":"max-image-preview:large","max-video-preview":"max-video-preview:-1"},"canonical":"https:\/\/www.zerdab.com\/?p=28881","og_locale":"az_AZ","og_type":"article","og_title":"Mill\u0259t v\u0259kili Jal\u0259 \u018fliyevan\u0131n t\u0259\u015f\u0259bb\u00fcs\u00fc il\u0259 ba\u015flad\u0131lan kampaniya u\u011furla davam edir - Z\u0259rdabda 51 qazi ail\u0259sin\u0259 \u0259rzaq yard\u0131m\u0131 edildi - Fotolar - Z\u0259rdab.com","og_description":"Mill\u0259t v\u0259kili, professor Jal\u0259 \u018fliyevan\u0131n h\u0259mt\u0259sis\u00e7isi oldu\u011fu H\u0259s\u0259n b\u0259y Z\u0259rdabi \u0130rs M\u0259rk\u0259zi Z\u0259rdab rayonundan olan \u0130kinci V\u0259t\u0259n M\u00fcharib\u0259si qazil\u0259ri v\u0259 onlar\u0131n ail\u0259l\u0259rin\u0259 \u0259rzaq yard\u0131m\u0131 edib. Zerdab.com sayt\u0131 x\u0259b\u0259r verir ki, bir ne\u00e7\u0259 g\u00fcn \u00f6nc\u0259 mill\u0259t v\u0259kilinin, h\u0259m\u00e7inin h\u0259mt\u0259sis\u00e7isi oldu\u011fu M\u0259rk\u0259zin t\u0259\u015f\u0259bb\u00fcs\u00fc v\u0259 i\u015ftirak\u0131 il\u0259 qazi ail\u0259l\u0259rin\u0259 geni\u015f d\u0259st\u0259k m\u0259qs\u0259dil\u0259 layih\u0259y\u0259 &#8211; kampaniyaya start verilib. Layih\u0259nin [&hellip;]","og_url":"https:\/\/www.zerdab.com\/?p=28881","og_site_name":"Z\u0259rdab.com","article_published_time":"2021-02-23T09:04:11+00:00","article_modified_time":"2021-02-23T09:39:08+00:00","og_image":[{"url":"https:\/\/etikxeber.az\/wp-content\/uploads\/2021\/02\/jala-1.jpg","type":"","width":"","height":""}],"author":"admin","twitter_card":"summary_large_image","twitter_misc":{"Written by":"admin","Est. reading time":"2 minutes"},"schema":{"@context":"https:\/\/schema.org","@graph":[{"@type":"Article","@id":"https:\/\/www.zerdab.com\/?p=28881#article","isPartOf":{"@id":"https:\/\/www.zerdab.com\/?p=28881"},"author":{"name":"admin","@id":"https:\/\/www.zerdab.com\/#\/schema\/person\/97079b7570c1e89ec0d9e138c3672136"},"headline":"Mill\u0259t v\u0259kili Jal\u0259 \u018fliyevan\u0131n t\u0259\u015f\u0259bb\u00fcs\u00fc il\u0259 ba\u015flad\u0131lan kampaniya u\u011furla davam edir &#8211; Z\u0259rdabda 51 qazi ail\u0259sin\u0259 \u0259rzaq yard\u0131m\u0131 edildi &#8211; Fotolar","datePublished":"2021-02-23T09:04:11+00:00","dateModified":"2021-02-23T09:39:08+00:00","mainEntityOfPage":{"@id":"https:\/\/www.zerdab.com\/?p=28881"},"wordCount":381,"commentCount":0,"image":{"@id":"https:\/\/www.zerdab.com\/?p=28881#primaryimage"},"thumbnailUrl":"https:\/\/etikxeber.az\/wp-content\/uploads\/2021\/02\/jala-1.jpg","articleSection":["MAN\u015eET","X\u018fB\u018fRL\u018fR"],"inLanguage":"az","potentialAction":[{"@type":"CommentAction","name":"Comment","target":["https:\/\/www.zerdab.com\/?p=28881#respond"]}]},{"@type":"WebPage","@id":"https:\/\/www.zerdab.com\/?p=28881","url":"https:\/\/www.zerdab.com\/?p=28881","name":"Mill\u0259t v\u0259kili Jal\u0259 \u018fliyevan\u0131n t\u0259\u015f\u0259bb\u00fcs\u00fc il\u0259 ba\u015flad\u0131lan kampaniya u\u011furla davam edir - Z\u0259rdabda 51 qazi ail\u0259sin\u0259 \u0259rzaq yard\u0131m\u0131 edildi - Fotolar - Z\u0259rdab.com","isPartOf":{"@id":"https:\/\/www.zerdab.com\/#website"},"primaryImageOfPage":{"@id":"https:\/\/www.zerdab.com\/?p=28881#primaryimage"},"image":{"@id":"https:\/\/www.zerdab.com\/?p=28881#primaryimage"},"thumbnailUrl":"https:\/\/etikxeber.az\/wp-content\/uploads\/2021\/02\/jala-1.jpg","datePublished":"2021-02-23T09:04:11+00:00","dateModified":"2021-02-23T09:39:08+00:00","author":{"@id":"https:\/\/www.zerdab.com\/#\/schema\/person\/97079b7570c1e89ec0d9e138c3672136"},"breadcrumb":{"@id":"https:\/\/www.zerdab.com\/?p=28881#breadcrumb"},"inLanguage":"az","potentialAction":[{"@type":"ReadAction","target":["https:\/\/www.zerdab.com\/?p=28881"]}]},{"@type":"ImageObject","inLanguage":"az","@id":"https:\/\/www.zerdab.com\/?p=28881#primaryimage","url":"https:\/\/etikxeber.az\/wp-content\/uploads\/2021\/02\/jala-1.jpg","contentUrl":"https:\/\/etikxeber.az\/wp-content\/uploads\/2021\/02\/jala-1.jpg"},{"@type":"BreadcrumbList","@id":"https:\/\/www.zerdab.com\/?p=28881#breadcrumb","itemListElement":[{"@type":"ListItem","position":1,"name":"Home","item":"https:\/\/www.zerdab.com\/"},{"@type":"ListItem","position":2,"name":"Mill\u0259t v\u0259kili Jal\u0259 \u018fliyevan\u0131n t\u0259\u015f\u0259bb\u00fcs\u00fc il\u0259 ba\u015flad\u0131lan kampaniya u\u011furla davam edir &#8211; Z\u0259rdabda 51 qazi ail\u0259sin\u0259 \u0259rzaq yard\u0131m\u0131 edildi &#8211; Fotolar"}]},{"@type":"WebSite","@id":"https:\/\/www.zerdab.com\/#website","url":"https:\/\/www.zerdab.com\/","name":"Z\u0259rdab.com","description":"","potentialAction":[{"@type":"SearchAction","target":{"@type":"EntryPoint","urlTemplate":"https:\/\/www.zerdab.com\/?s={search_term_string}"},"query-input":{"@type":"PropertyValueSpecification","valueRequired":true,"valueName":"search_term_string"}}],"inLanguage":"az"},{"@type":"Person","@id":"https:\/\/www.zerdab.com\/#\/schema\/person\/97079b7570c1e89ec0d9e138c3672136","name":"admin","image":{"@type":"ImageObject","inLanguage":"az","@id":"https:\/\/www.zerdab.com\/#\/schema\/person\/image\/","url":"https:\/\/secure.gravatar.com\/avatar\/d9c52a9a27c32119cb6679a077fa3e2779e5f822c451cbf01098004361d466ec?s=96&d=mm&r=g","contentUrl":"https:\/\/secure.gravatar.com\/avatar\/d9c52a9a27c32119cb6679a077fa3e2779e5f822c451cbf01098004361d466ec?s=96&d=mm&r=g","caption":"admin"},"url":"https:\/\/www.zerdab.com\/?author=1"}]}},"_links":{"self":[{"href":"https:\/\/www.zerdab.com\/index.php?rest_route=\/wp\/v2\/posts\/28881","targetHints":{"allow":["GET"]}}],"collection":[{"href":"https:\/\/www.zerdab.com\/index.php?rest_route=\/wp\/v2\/posts"}],"about":[{"href":"https:\/\/www.zerdab.com\/index.php?rest_route=\/wp\/v2\/types\/post"}],"author":[{"embeddable":true,"href":"https:\/\/www.zerdab.com\/index.php?rest_route=\/wp\/v2\/users\/1"}],"replies":[{"embeddable":true,"href":"https:\/\/www.zerdab.com\/index.php?rest_route=%2Fwp%2Fv2%2Fcomments&post=28881"}],"version-history":[{"count":3,"href":"https:\/\/www.zerdab.com\/index.php?rest_route=\/wp\/v2\/posts\/28881\/revisions"}],"predecessor-version":[{"id":28887,"href":"https:\/\/www.zerdab.com\/index.php?rest_route=\/wp\/v2\/posts\/28881\/revisions\/28887"}],"wp:attachment":[{"href":"https:\/\/www.zerdab.com\/index.php?rest_route=%2Fwp%2Fv2%2Fmedia&parent=28881"}],"wp:term":[{"taxonomy":"category","embeddable":true,"href":"https:\/\/www.zerdab.com\/index.php?rest_route=%2Fwp%2Fv2%2Fcategories&post=28881"},{"taxonomy":"post_tag","embeddable":true,"href":"https:\/\/www.zerdab.com\/index.php?rest_route=%2Fwp%2Fv2%2Ftags&post=28881"}],"curies":[{"name":"wp","href":"https:\/\/api.w.org\/{rel}","templated":true}]}}