{"id":28884,"date":"2021-02-23T13:12:00","date_gmt":"2021-02-23T09:12:00","guid":{"rendered":"http:\/\/www.zerdab.com\/?p=28884"},"modified":"2021-02-23T13:12:02","modified_gmt":"2021-02-23T09:12:02","slug":"az%c9%99rbaycanda-qadinlarin-pensiya-yas-h%c9%99ddind%c9%99-d%c9%99yisiklik-edilir-yenid%c9%99n-artirilacaq","status":"publish","type":"post","link":"https:\/\/www.zerdab.com\/?p=28884","title":{"rendered":"Az\u0259rbaycanda qad\u0131nlar\u0131n pensiya ya\u015f h\u0259ddind\u0259 d\u0259yi\u015fiklik edilir &#8211; Yenid\u0259n art\u0131r\u0131lacaq"},"content":{"rendered":"\n<blockquote class=\"wp-block-quote is-layout-flow wp-block-quote-is-layout-flow\"><p><em><strong>Bu il iyulun 1-d\u0259 Az\u0259rbaycanda qad\u0131nlar\u0131n pensiya ya\u015f h\u0259ddi yenid\u0259n art\u0131r\u0131lacaq.<\/strong><\/em><\/p><p> <em><strong>Bu il iyulun 1-d\u0259 Az\u0259rbaycanda qad\u0131nlar\u0131n pensiya ya\u015f h\u0259ddi yenid\u0259n art\u0131r\u0131lacaq.<\/strong><\/em><br><strong>Zerdab.com<\/strong> sayt\u0131\u00a0<a rel=\"noreferrer noopener\" href=\"https:\/\/az.trend.az\/\" target=\"_blank\">Trend<\/a>-\u0259 istinad\u0259n bildirir ki,\u00a0bunu \u018fm\u0259k v\u0259 \u018fhalinin Sosial M\u00fcdafi\u0259si Nazirliyinin Pensiya siyas\u0259ti v\u0259 f\u0259rdi u\u00e7ota n\u0259zar\u0259t \u015f\u00f6b\u0259sinin m\u00fcdiri Elnur Abbasov deyib.<br>Onun s\u00f6zl\u0259rin\u0259 g\u00f6r\u0259, 2017-ci ild\u0259n ya\u015f h\u0259ddinin m\u0259rh\u0259l\u0259li \u015f\u0259kild\u0259 art\u0131r\u0131lmas\u0131 h\u0259yata ke\u00e7irilir. Art\u0131q ki\u015fil\u0259r \u00fc\u00e7\u00fcn pensiya ya\u015f\u0131 65 ya\u015fd\u0131r v\u0259 bu proses tamamlan\u0131b.<br>Qad\u0131nlar\u0131n is\u0259 pensiya ya\u015f\u0131 62 ya\u015fd\u0131r v\u0259 o, h\u0259r il 6 ay art\u0131r\u0131l\u0131r. Bu proses d\u0259 65 ya\u015fa \u00e7atd\u0131qda proses tamamlanacaq. Bu ilin iyun ay\u0131nda qad\u0131nlar \u00fc\u00e7\u00fcn pensiya ya\u015f\u0131 yenid\u0259n 6 ay art\u0131r\u0131lacaq&#8221;.<br><br> <\/p><\/blockquote>\n","protected":false},"excerpt":{"rendered":"<p>Bu il iyulun 1-d\u0259 Az\u0259rbaycanda qad\u0131nlar\u0131n pensiya ya\u015f h\u0259ddi yenid\u0259n art\u0131r\u0131lacaq. Bu il iyulun 1-d\u0259 Az\u0259rbaycanda qad\u0131nlar\u0131n pensiya ya\u015f h\u0259ddi yenid\u0259n art\u0131r\u0131lacaq.Zerdab.com sayt\u0131\u00a0Trend-\u0259 istinad\u0259n bildirir ki,\u00a0bunu \u018fm\u0259k v\u0259 \u018fhalinin Sosial M\u00fcdafi\u0259si Nazirliyinin Pensiya siyas\u0259ti v\u0259 f\u0259rdi u\u00e7ota n\u0259zar\u0259t \u015f\u00f6b\u0259sinin m\u00fcdiri Elnur Abbasov deyib.Onun s\u00f6zl\u0259rin\u0259 g\u00f6r\u0259, 2017-ci ild\u0259n ya\u015f h\u0259ddinin m\u0259rh\u0259l\u0259li \u015f\u0259kild\u0259 art\u0131r\u0131lmas\u0131 h\u0259yata ke\u00e7irilir. Art\u0131q [&hellip;]<\/p>\n","protected":false},"author":1,"featured_media":26508,"comment_status":"open","ping_status":"open","sticky":false,"template":"","format":"standard","meta":{"footnotes":""},"categories":[63,5],"tags":[],"class_list":{"0":"post-28884","1":"post","2":"type-post","3":"status-publish","4":"format-standard","5":"has-post-thumbnail","7":"category-manset","8":"category-knd"},"yoast_head":"<!-- This site is optimized with the Yoast SEO plugin v27.0 - https:\/\/yoast.com\/product\/yoast-seo-wordpress\/ -->\n<title>Az\u0259rbaycanda qad\u0131nlar\u0131n pensiya ya\u015f h\u0259ddind\u0259 d\u0259yi\u015fiklik edilir - Yenid\u0259n art\u0131r\u0131lacaq - Z\u0259rdab.com<\/title>\n<meta name=\"robots\" content=\"index, follow, max-snippet:-1, max-image-preview:large, max-video-preview:-1\" \/>\n<link rel=\"canonical\" href=\"https:\/\/www.zerdab.com\/?p=28884\" \/>\n<meta property=\"og:locale\" content=\"az_AZ\" \/>\n<meta property=\"og:type\" content=\"article\" \/>\n<meta property=\"og:title\" content=\"Az\u0259rbaycanda qad\u0131nlar\u0131n pensiya ya\u015f h\u0259ddind\u0259 d\u0259yi\u015fiklik edilir - Yenid\u0259n art\u0131r\u0131lacaq - Z\u0259rdab.com\" \/>\n<meta property=\"og:description\" content=\"Bu il iyulun 1-d\u0259 Az\u0259rbaycanda qad\u0131nlar\u0131n pensiya ya\u015f h\u0259ddi yenid\u0259n art\u0131r\u0131lacaq. Bu il iyulun 1-d\u0259 Az\u0259rbaycanda qad\u0131nlar\u0131n pensiya ya\u015f h\u0259ddi yenid\u0259n art\u0131r\u0131lacaq.Zerdab.com sayt\u0131\u00a0Trend-\u0259 istinad\u0259n bildirir ki,\u00a0bunu \u018fm\u0259k v\u0259 \u018fhalinin Sosial M\u00fcdafi\u0259si Nazirliyinin Pensiya siyas\u0259ti v\u0259 f\u0259rdi u\u00e7ota n\u0259zar\u0259t \u015f\u00f6b\u0259sinin m\u00fcdiri Elnur Abbasov deyib.Onun s\u00f6zl\u0259rin\u0259 g\u00f6r\u0259, 2017-ci ild\u0259n ya\u015f h\u0259ddinin m\u0259rh\u0259l\u0259li \u015f\u0259kild\u0259 art\u0131r\u0131lmas\u0131 h\u0259yata ke\u00e7irilir. Art\u0131q [&hellip;]\" \/>\n<meta property=\"og:url\" content=\"https:\/\/www.zerdab.com\/?p=28884\" \/>\n<meta property=\"og:site_name\" content=\"Z\u0259rdab.com\" \/>\n<meta property=\"article:published_time\" content=\"2021-02-23T09:12:00+00:00\" \/>\n<meta property=\"article:modified_time\" content=\"2021-02-23T09:12:02+00:00\" \/>\n<meta property=\"og:image\" content=\"https:\/\/www.zerdab.com\/wp-content\/uploads\/2019\/03\/manat-kredit-borc-silinme.jpg\" \/>\n\t<meta property=\"og:image:width\" content=\"640\" \/>\n\t<meta property=\"og:image:height\" content=\"360\" \/>\n\t<meta property=\"og:image:type\" content=\"image\/jpeg\" \/>\n<meta name=\"author\" content=\"admin\" \/>\n<meta name=\"twitter:card\" content=\"summary_large_image\" \/>\n<meta name=\"twitter:label1\" content=\"Written by\" \/>\n\t<meta name=\"twitter:data1\" content=\"admin\" \/>\n\t<meta name=\"twitter:label2\" content=\"Est. reading time\" \/>\n\t<meta name=\"twitter:data2\" content=\"1 minute\" \/>\n<script type=\"application\/ld+json\" class=\"yoast-schema-graph\">{\"@context\":\"https:\/\/schema.org\",\"@graph\":[{\"@type\":\"Article\",\"@id\":\"https:\/\/www.zerdab.com\/?p=28884#article\",\"isPartOf\":{\"@id\":\"https:\/\/www.zerdab.com\/?p=28884\"},\"author\":{\"name\":\"admin\",\"@id\":\"https:\/\/www.zerdab.com\/#\/schema\/person\/97079b7570c1e89ec0d9e138c3672136\"},\"headline\":\"Az\u0259rbaycanda qad\u0131nlar\u0131n pensiya ya\u015f h\u0259ddind\u0259 d\u0259yi\u015fiklik edilir &#8211; Yenid\u0259n art\u0131r\u0131lacaq\",\"datePublished\":\"2021-02-23T09:12:00+00:00\",\"dateModified\":\"2021-02-23T09:12:02+00:00\",\"mainEntityOfPage\":{\"@id\":\"https:\/\/www.zerdab.com\/?p=28884\"},\"wordCount\":175,\"commentCount\":0,\"image\":{\"@id\":\"https:\/\/www.zerdab.com\/?p=28884#primaryimage\"},\"thumbnailUrl\":\"https:\/\/www.zerdab.com\/wp-content\/uploads\/2019\/03\/manat-kredit-borc-silinme.jpg\",\"articleSection\":[\"MAN\u015eET\",\"X\u018fB\u018fRL\u018fR\"],\"inLanguage\":\"az\",\"potentialAction\":[{\"@type\":\"CommentAction\",\"name\":\"Comment\",\"target\":[\"https:\/\/www.zerdab.com\/?p=28884#respond\"]}]},{\"@type\":\"WebPage\",\"@id\":\"https:\/\/www.zerdab.com\/?p=28884\",\"url\":\"https:\/\/www.zerdab.com\/?p=28884\",\"name\":\"Az\u0259rbaycanda qad\u0131nlar\u0131n pensiya ya\u015f h\u0259ddind\u0259 d\u0259yi\u015fiklik edilir - Yenid\u0259n art\u0131r\u0131lacaq - Z\u0259rdab.com\",\"isPartOf\":{\"@id\":\"https:\/\/www.zerdab.com\/#website\"},\"primaryImageOfPage\":{\"@id\":\"https:\/\/www.zerdab.com\/?p=28884#primaryimage\"},\"image\":{\"@id\":\"https:\/\/www.zerdab.com\/?p=28884#primaryimage\"},\"thumbnailUrl\":\"https:\/\/www.zerdab.com\/wp-content\/uploads\/2019\/03\/manat-kredit-borc-silinme.jpg\",\"datePublished\":\"2021-02-23T09:12:00+00:00\",\"dateModified\":\"2021-02-23T09:12:02+00:00\",\"author\":{\"@id\":\"https:\/\/www.zerdab.com\/#\/schema\/person\/97079b7570c1e89ec0d9e138c3672136\"},\"breadcrumb\":{\"@id\":\"https:\/\/www.zerdab.com\/?p=28884#breadcrumb\"},\"inLanguage\":\"az\",\"potentialAction\":[{\"@type\":\"ReadAction\",\"target\":[\"https:\/\/www.zerdab.com\/?p=28884\"]}]},{\"@type\":\"ImageObject\",\"inLanguage\":\"az\",\"@id\":\"https:\/\/www.zerdab.com\/?p=28884#primaryimage\",\"url\":\"https:\/\/www.zerdab.com\/wp-content\/uploads\/2019\/03\/manat-kredit-borc-silinme.jpg\",\"contentUrl\":\"https:\/\/www.zerdab.com\/wp-content\/uploads\/2019\/03\/manat-kredit-borc-silinme.jpg\",\"width\":640,\"height\":360},{\"@type\":\"BreadcrumbList\",\"@id\":\"https:\/\/www.zerdab.com\/?p=28884#breadcrumb\",\"itemListElement\":[{\"@type\":\"ListItem\",\"position\":1,\"name\":\"Home\",\"item\":\"https:\/\/www.zerdab.com\/\"},{\"@type\":\"ListItem\",\"position\":2,\"name\":\"Az\u0259rbaycanda qad\u0131nlar\u0131n pensiya ya\u015f h\u0259ddind\u0259 d\u0259yi\u015fiklik edilir &#8211; Yenid\u0259n art\u0131r\u0131lacaq\"}]},{\"@type\":\"WebSite\",\"@id\":\"https:\/\/www.zerdab.com\/#website\",\"url\":\"https:\/\/www.zerdab.com\/\",\"name\":\"Z\u0259rdab.com\",\"description\":\"\",\"potentialAction\":[{\"@type\":\"SearchAction\",\"target\":{\"@type\":\"EntryPoint\",\"urlTemplate\":\"https:\/\/www.zerdab.com\/?s={search_term_string}\"},\"query-input\":{\"@type\":\"PropertyValueSpecification\",\"valueRequired\":true,\"valueName\":\"search_term_string\"}}],\"inLanguage\":\"az\"},{\"@type\":\"Person\",\"@id\":\"https:\/\/www.zerdab.com\/#\/schema\/person\/97079b7570c1e89ec0d9e138c3672136\",\"name\":\"admin\",\"image\":{\"@type\":\"ImageObject\",\"inLanguage\":\"az\",\"@id\":\"https:\/\/www.zerdab.com\/#\/schema\/person\/image\/\",\"url\":\"https:\/\/secure.gravatar.com\/avatar\/d9c52a9a27c32119cb6679a077fa3e2779e5f822c451cbf01098004361d466ec?s=96&d=mm&r=g\",\"contentUrl\":\"https:\/\/secure.gravatar.com\/avatar\/d9c52a9a27c32119cb6679a077fa3e2779e5f822c451cbf01098004361d466ec?s=96&d=mm&r=g\",\"caption\":\"admin\"},\"url\":\"https:\/\/www.zerdab.com\/?author=1\"}]}<\/script>\n<!-- \/ Yoast SEO plugin. -->","yoast_head_json":{"title":"Az\u0259rbaycanda qad\u0131nlar\u0131n pensiya ya\u015f h\u0259ddind\u0259 d\u0259yi\u015fiklik edilir - Yenid\u0259n art\u0131r\u0131lacaq - Z\u0259rdab.com","robots":{"index":"index","follow":"follow","max-snippet":"max-snippet:-1","max-image-preview":"max-image-preview:large","max-video-preview":"max-video-preview:-1"},"canonical":"https:\/\/www.zerdab.com\/?p=28884","og_locale":"az_AZ","og_type":"article","og_title":"Az\u0259rbaycanda qad\u0131nlar\u0131n pensiya ya\u015f h\u0259ddind\u0259 d\u0259yi\u015fiklik edilir - Yenid\u0259n art\u0131r\u0131lacaq - Z\u0259rdab.com","og_description":"Bu il iyulun 1-d\u0259 Az\u0259rbaycanda qad\u0131nlar\u0131n pensiya ya\u015f h\u0259ddi yenid\u0259n art\u0131r\u0131lacaq. Bu il iyulun 1-d\u0259 Az\u0259rbaycanda qad\u0131nlar\u0131n pensiya ya\u015f h\u0259ddi yenid\u0259n art\u0131r\u0131lacaq.Zerdab.com sayt\u0131\u00a0Trend-\u0259 istinad\u0259n bildirir ki,\u00a0bunu \u018fm\u0259k v\u0259 \u018fhalinin Sosial M\u00fcdafi\u0259si Nazirliyinin Pensiya siyas\u0259ti v\u0259 f\u0259rdi u\u00e7ota n\u0259zar\u0259t \u015f\u00f6b\u0259sinin m\u00fcdiri Elnur Abbasov deyib.Onun s\u00f6zl\u0259rin\u0259 g\u00f6r\u0259, 2017-ci ild\u0259n ya\u015f h\u0259ddinin m\u0259rh\u0259l\u0259li \u015f\u0259kild\u0259 art\u0131r\u0131lmas\u0131 h\u0259yata ke\u00e7irilir. Art\u0131q [&hellip;]","og_url":"https:\/\/www.zerdab.com\/?p=28884","og_site_name":"Z\u0259rdab.com","article_published_time":"2021-02-23T09:12:00+00:00","article_modified_time":"2021-02-23T09:12:02+00:00","og_image":[{"width":640,"height":360,"url":"https:\/\/www.zerdab.com\/wp-content\/uploads\/2019\/03\/manat-kredit-borc-silinme.jpg","type":"image\/jpeg"}],"author":"admin","twitter_card":"summary_large_image","twitter_misc":{"Written by":"admin","Est. reading time":"1 minute"},"schema":{"@context":"https:\/\/schema.org","@graph":[{"@type":"Article","@id":"https:\/\/www.zerdab.com\/?p=28884#article","isPartOf":{"@id":"https:\/\/www.zerdab.com\/?p=28884"},"author":{"name":"admin","@id":"https:\/\/www.zerdab.com\/#\/schema\/person\/97079b7570c1e89ec0d9e138c3672136"},"headline":"Az\u0259rbaycanda qad\u0131nlar\u0131n pensiya ya\u015f h\u0259ddind\u0259 d\u0259yi\u015fiklik edilir &#8211; Yenid\u0259n art\u0131r\u0131lacaq","datePublished":"2021-02-23T09:12:00+00:00","dateModified":"2021-02-23T09:12:02+00:00","mainEntityOfPage":{"@id":"https:\/\/www.zerdab.com\/?p=28884"},"wordCount":175,"commentCount":0,"image":{"@id":"https:\/\/www.zerdab.com\/?p=28884#primaryimage"},"thumbnailUrl":"https:\/\/www.zerdab.com\/wp-content\/uploads\/2019\/03\/manat-kredit-borc-silinme.jpg","articleSection":["MAN\u015eET","X\u018fB\u018fRL\u018fR"],"inLanguage":"az","potentialAction":[{"@type":"CommentAction","name":"Comment","target":["https:\/\/www.zerdab.com\/?p=28884#respond"]}]},{"@type":"WebPage","@id":"https:\/\/www.zerdab.com\/?p=28884","url":"https:\/\/www.zerdab.com\/?p=28884","name":"Az\u0259rbaycanda qad\u0131nlar\u0131n pensiya ya\u015f h\u0259ddind\u0259 d\u0259yi\u015fiklik edilir - Yenid\u0259n art\u0131r\u0131lacaq - Z\u0259rdab.com","isPartOf":{"@id":"https:\/\/www.zerdab.com\/#website"},"primaryImageOfPage":{"@id":"https:\/\/www.zerdab.com\/?p=28884#primaryimage"},"image":{"@id":"https:\/\/www.zerdab.com\/?p=28884#primaryimage"},"thumbnailUrl":"https:\/\/www.zerdab.com\/wp-content\/uploads\/2019\/03\/manat-kredit-borc-silinme.jpg","datePublished":"2021-02-23T09:12:00+00:00","dateModified":"2021-02-23T09:12:02+00:00","author":{"@id":"https:\/\/www.zerdab.com\/#\/schema\/person\/97079b7570c1e89ec0d9e138c3672136"},"breadcrumb":{"@id":"https:\/\/www.zerdab.com\/?p=28884#breadcrumb"},"inLanguage":"az","potentialAction":[{"@type":"ReadAction","target":["https:\/\/www.zerdab.com\/?p=28884"]}]},{"@type":"ImageObject","inLanguage":"az","@id":"https:\/\/www.zerdab.com\/?p=28884#primaryimage","url":"https:\/\/www.zerdab.com\/wp-content\/uploads\/2019\/03\/manat-kredit-borc-silinme.jpg","contentUrl":"https:\/\/www.zerdab.com\/wp-content\/uploads\/2019\/03\/manat-kredit-borc-silinme.jpg","width":640,"height":360},{"@type":"BreadcrumbList","@id":"https:\/\/www.zerdab.com\/?p=28884#breadcrumb","itemListElement":[{"@type":"ListItem","position":1,"name":"Home","item":"https:\/\/www.zerdab.com\/"},{"@type":"ListItem","position":2,"name":"Az\u0259rbaycanda qad\u0131nlar\u0131n pensiya ya\u015f h\u0259ddind\u0259 d\u0259yi\u015fiklik edilir &#8211; Yenid\u0259n art\u0131r\u0131lacaq"}]},{"@type":"WebSite","@id":"https:\/\/www.zerdab.com\/#website","url":"https:\/\/www.zerdab.com\/","name":"Z\u0259rdab.com","description":"","potentialAction":[{"@type":"SearchAction","target":{"@type":"EntryPoint","urlTemplate":"https:\/\/www.zerdab.com\/?s={search_term_string}"},"query-input":{"@type":"PropertyValueSpecification","valueRequired":true,"valueName":"search_term_string"}}],"inLanguage":"az"},{"@type":"Person","@id":"https:\/\/www.zerdab.com\/#\/schema\/person\/97079b7570c1e89ec0d9e138c3672136","name":"admin","image":{"@type":"ImageObject","inLanguage":"az","@id":"https:\/\/www.zerdab.com\/#\/schema\/person\/image\/","url":"https:\/\/secure.gravatar.com\/avatar\/d9c52a9a27c32119cb6679a077fa3e2779e5f822c451cbf01098004361d466ec?s=96&d=mm&r=g","contentUrl":"https:\/\/secure.gravatar.com\/avatar\/d9c52a9a27c32119cb6679a077fa3e2779e5f822c451cbf01098004361d466ec?s=96&d=mm&r=g","caption":"admin"},"url":"https:\/\/www.zerdab.com\/?author=1"}]}},"_links":{"self":[{"href":"https:\/\/www.zerdab.com\/index.php?rest_route=\/wp\/v2\/posts\/28884","targetHints":{"allow":["GET"]}}],"collection":[{"href":"https:\/\/www.zerdab.com\/index.php?rest_route=\/wp\/v2\/posts"}],"about":[{"href":"https:\/\/www.zerdab.com\/index.php?rest_route=\/wp\/v2\/types\/post"}],"author":[{"embeddable":true,"href":"https:\/\/www.zerdab.com\/index.php?rest_route=\/wp\/v2\/users\/1"}],"replies":[{"embeddable":true,"href":"https:\/\/www.zerdab.com\/index.php?rest_route=%2Fwp%2Fv2%2Fcomments&post=28884"}],"version-history":[{"count":1,"href":"https:\/\/www.zerdab.com\/index.php?rest_route=\/wp\/v2\/posts\/28884\/revisions"}],"predecessor-version":[{"id":28885,"href":"https:\/\/www.zerdab.com\/index.php?rest_route=\/wp\/v2\/posts\/28884\/revisions\/28885"}],"wp:featuredmedia":[{"embeddable":true,"href":"https:\/\/www.zerdab.com\/index.php?rest_route=\/wp\/v2\/media\/26508"}],"wp:attachment":[{"href":"https:\/\/www.zerdab.com\/index.php?rest_route=%2Fwp%2Fv2%2Fmedia&parent=28884"}],"wp:term":[{"taxonomy":"category","embeddable":true,"href":"https:\/\/www.zerdab.com\/index.php?rest_route=%2Fwp%2Fv2%2Fcategories&post=28884"},{"taxonomy":"post_tag","embeddable":true,"href":"https:\/\/www.zerdab.com\/index.php?rest_route=%2Fwp%2Fv2%2Ftags&post=28884"}],"curies":[{"name":"wp","href":"https:\/\/api.w.org\/{rel}","templated":true}]}}