{"id":28921,"date":"2021-03-19T13:27:44","date_gmt":"2021-03-19T09:27:44","guid":{"rendered":"http:\/\/www.zerdab.com\/?p=28921"},"modified":"2021-03-19T13:39:56","modified_gmt":"2021-03-19T09:39:56","slug":"prezidentin-%c9%99fv-etdiyi-2-z%c9%99rdabli-kimdir-s%c9%99r%c9%99ncamda-onlarin-da-adi-var-adlar","status":"publish","type":"post","link":"https:\/\/www.zerdab.com\/?p=28921","title":{"rendered":"Prezidentin \u0259fv etdiyi 2 Z\u0259rdabl\u0131 kimdir? &#8211; S\u0259r\u0259ncamda onlar\u0131n da ad\u0131 var"},"content":{"rendered":"\n<h4 class=\"wp-block-heading\"><strong>M\u0259lum oldu\u011fu kimi, Prezident \u0130lham \u018fliyev m\u0259hkum edilmi\u015f bir s\u0131ra \u015f\u0259xsl\u0259rin \u0259fv olunmas\u0131 haqq\u0131nda s\u0259r\u0259ncam imzalay\u0131b. <\/strong><\/h4>\n\n\n\n<p><strong>Zerdab.com <\/strong>sayt\u0131 x\u0259b\u0259r verir ki, m\u0259hkum olunmu\u015f bir s\u0131ra \u015f\u0259xsl\u0259rin, onlar\u0131n ail\u0259 \u00fczvl\u0259rinin, insan h\u00fcquqlar\u0131n\u0131n m\u00fcdafi\u0259si t\u0259\u015fkilatlar\u0131n\u0131n Az\u0259rbaycan Respublikas\u0131n\u0131n Prezidentin\u0259 \u00fcnvanlanm\u0131\u015f \u0259fv haqq\u0131nda m\u00fcraci\u0259tl\u0259rin\u0259 baxaraq, m\u0259hkumlar\u0131n \u015f\u0259xsiyy\u0259tini, s\u0259hh\u0259tini, ail\u0259 v\u0259ziyy\u0259tini, t\u00f6r\u0259tdikl\u0259ri cinay\u0259tl\u0259rin xarakterini v\u0259 ictimai t\u0259hl\u00fck\u0259lilik d\u0259r\u0259c\u0259sini, c\u0259za \u00e7\u0259kdikl\u0259ri m\u00fcdd\u0259ti v\u0259 h\u0259min m\u00fcdd\u0259td\u0259 davran\u0131\u015flar\u0131n\u0131 n\u0259z\u0259r\u0259 alaraq, humanizm prinsipl\u0259rin\u0259 \u0259saslanaraq azadl\u0131qdan m\u0259hrum etm\u0259 c\u0259zas\u0131na m\u0259hkum edilmi\u015f b\u0259zi \u015f\u0259xsl\u0259r c\u0259zan\u0131n \u00e7\u0259kilm\u0259mi\u015f hiss\u0259sind\u0259n azad edilibl\u0259r. <\/p>\n\n\n\n<p>H\u0259min \u015f\u0259xsl\u0259r aras\u0131nda 2 h\u0259myerlimiz d\u0259 var. Onlar Z\u0259rdab Rayon M\u0259hk\u0259m\u0259sinin\nh\u00f6km\u00fc il\u0259 m\u0259hkum edilmi\u015fdil\u0259r:<\/p>\n\n\n\n<p>&#8211; \u018fhm\u0259dov S\u00fcleyman Sabir o\u011flu. S. \u018fhm\u0259dov 1989-cu ild\u0259 anadan olub, Az\u0259rbaycan Respublikas\u0131n\u0131n v\u0259t\u0259nda\u015f\u0131d\u0131r. Z\u0259rdab Rayon M\u0259hk\u0259m\u0259sinin 2018-ci il 27 noyabr tarixli h\u00f6km\u00fc il\u0259 m\u0259hkum edilmi\u015fdi.<\/p>\n\n\n\n<p>-\u018fs\u0259dov Zamiq M\u0259mm\u0259d o\u011flu. Z. \u018fs\u0259dov 1982-ci ild\u0259 anadan olub, Az\u0259rbaycan Respublikas\u0131n\u0131n v\u0259t\u0259nda\u015f\u0131d\u0131r. Z\u0259rdab Rayon M\u0259hk\u0259m\u0259sinin 2018-ci il 17 aprel tarixli h\u00f6km\u00fc il\u0259 m\u0259hkum edilmi\u015fdi.<\/p>\n\n\n\n<p><strong>\u018flb\u0259tt\u0259, \u0259fv\nedilmi\u015f dig\u0259r m\u0259hkumlar kimi onlar\u0131n da ail\u0259l\u0259rind\u0259 bu bayram ikiqat sevinc\nolacaq. \u00dcmid ed\u0259k ki, onlar bir daha bel\u0259 hallarla \u00fczl\u0259\u015fm\u0259y\u0259ckl\u0259r. <\/strong><\/p>\n\n\n\n<p><strong>Zerdab.com<\/strong><\/p>\n\n\n\n<p><\/p>\n","protected":false},"excerpt":{"rendered":"<p>M\u0259lum oldu\u011fu kimi, Prezident \u0130lham \u018fliyev m\u0259hkum edilmi\u015f bir s\u0131ra \u015f\u0259xsl\u0259rin \u0259fv olunmas\u0131 haqq\u0131nda s\u0259r\u0259ncam imzalay\u0131b. Zerdab.com sayt\u0131 x\u0259b\u0259r verir ki, m\u0259hkum olunmu\u015f bir s\u0131ra \u015f\u0259xsl\u0259rin, onlar\u0131n ail\u0259 \u00fczvl\u0259rinin, insan h\u00fcquqlar\u0131n\u0131n m\u00fcdafi\u0259si t\u0259\u015fkilatlar\u0131n\u0131n Az\u0259rbaycan Respublikas\u0131n\u0131n Prezidentin\u0259 \u00fcnvanlanm\u0131\u015f \u0259fv haqq\u0131nda m\u00fcraci\u0259tl\u0259rin\u0259 baxaraq, m\u0259hkumlar\u0131n \u015f\u0259xsiyy\u0259tini, s\u0259hh\u0259tini, ail\u0259 v\u0259ziyy\u0259tini, t\u00f6r\u0259tdikl\u0259ri cinay\u0259tl\u0259rin xarakterini v\u0259 ictimai t\u0259hl\u00fck\u0259lilik d\u0259r\u0259c\u0259sini, c\u0259za \u00e7\u0259kdikl\u0259ri [&hellip;]<\/p>\n","protected":false},"author":1,"featured_media":27146,"comment_status":"open","ping_status":"open","sticky":false,"template":"","format":"standard","meta":{"footnotes":""},"categories":[63,5],"tags":[],"class_list":{"0":"post-28921","1":"post","2":"type-post","3":"status-publish","4":"format-standard","5":"has-post-thumbnail","7":"category-manset","8":"category-knd"},"yoast_head":"<!-- This site is optimized with the Yoast SEO plugin v27.0 - https:\/\/yoast.com\/product\/yoast-seo-wordpress\/ -->\n<title>Prezidentin \u0259fv etdiyi 2 Z\u0259rdabl\u0131 kimdir? - S\u0259r\u0259ncamda onlar\u0131n da ad\u0131 var - Z\u0259rdab.com<\/title>\n<meta name=\"robots\" content=\"index, follow, max-snippet:-1, max-image-preview:large, max-video-preview:-1\" \/>\n<link rel=\"canonical\" href=\"https:\/\/www.zerdab.com\/?p=28921\" \/>\n<meta property=\"og:locale\" content=\"az_AZ\" \/>\n<meta property=\"og:type\" content=\"article\" \/>\n<meta property=\"og:title\" content=\"Prezidentin \u0259fv etdiyi 2 Z\u0259rdabl\u0131 kimdir? - S\u0259r\u0259ncamda onlar\u0131n da ad\u0131 var - Z\u0259rdab.com\" \/>\n<meta property=\"og:description\" content=\"M\u0259lum oldu\u011fu kimi, Prezident \u0130lham \u018fliyev m\u0259hkum edilmi\u015f bir s\u0131ra \u015f\u0259xsl\u0259rin \u0259fv olunmas\u0131 haqq\u0131nda s\u0259r\u0259ncam imzalay\u0131b. Zerdab.com sayt\u0131 x\u0259b\u0259r verir ki, m\u0259hkum olunmu\u015f bir s\u0131ra \u015f\u0259xsl\u0259rin, onlar\u0131n ail\u0259 \u00fczvl\u0259rinin, insan h\u00fcquqlar\u0131n\u0131n m\u00fcdafi\u0259si t\u0259\u015fkilatlar\u0131n\u0131n Az\u0259rbaycan Respublikas\u0131n\u0131n Prezidentin\u0259 \u00fcnvanlanm\u0131\u015f \u0259fv haqq\u0131nda m\u00fcraci\u0259tl\u0259rin\u0259 baxaraq, m\u0259hkumlar\u0131n \u015f\u0259xsiyy\u0259tini, s\u0259hh\u0259tini, ail\u0259 v\u0259ziyy\u0259tini, t\u00f6r\u0259tdikl\u0259ri cinay\u0259tl\u0259rin xarakterini v\u0259 ictimai t\u0259hl\u00fck\u0259lilik d\u0259r\u0259c\u0259sini, c\u0259za \u00e7\u0259kdikl\u0259ri [&hellip;]\" \/>\n<meta property=\"og:url\" content=\"https:\/\/www.zerdab.com\/?p=28921\" \/>\n<meta property=\"og:site_name\" content=\"Z\u0259rdab.com\" \/>\n<meta property=\"article:published_time\" content=\"2021-03-19T09:27:44+00:00\" \/>\n<meta property=\"article:modified_time\" content=\"2021-03-19T09:39:56+00:00\" \/>\n<meta property=\"og:image\" content=\"https:\/\/www.zerdab.com\/wp-content\/uploads\/2019\/05\/zerdab-vakansiya-isci-axtarilir.jpg\" \/>\n\t<meta property=\"og:image:width\" content=\"1024\" \/>\n\t<meta property=\"og:image:height\" content=\"576\" \/>\n\t<meta property=\"og:image:type\" content=\"image\/jpeg\" \/>\n<meta name=\"author\" content=\"admin\" \/>\n<meta name=\"twitter:card\" content=\"summary_large_image\" \/>\n<meta name=\"twitter:label1\" content=\"Written by\" \/>\n\t<meta name=\"twitter:data1\" content=\"admin\" \/>\n\t<meta name=\"twitter:label2\" content=\"Est. reading time\" \/>\n\t<meta name=\"twitter:data2\" content=\"2 minutes\" \/>\n<script type=\"application\/ld+json\" class=\"yoast-schema-graph\">{\"@context\":\"https:\/\/schema.org\",\"@graph\":[{\"@type\":\"Article\",\"@id\":\"https:\/\/www.zerdab.com\/?p=28921#article\",\"isPartOf\":{\"@id\":\"https:\/\/www.zerdab.com\/?p=28921\"},\"author\":{\"name\":\"admin\",\"@id\":\"https:\/\/www.zerdab.com\/#\/schema\/person\/97079b7570c1e89ec0d9e138c3672136\"},\"headline\":\"Prezidentin \u0259fv etdiyi 2 Z\u0259rdabl\u0131 kimdir? &#8211; S\u0259r\u0259ncamda onlar\u0131n da ad\u0131 var\",\"datePublished\":\"2021-03-19T09:27:44+00:00\",\"dateModified\":\"2021-03-19T09:39:56+00:00\",\"mainEntityOfPage\":{\"@id\":\"https:\/\/www.zerdab.com\/?p=28921\"},\"wordCount\":317,\"commentCount\":0,\"image\":{\"@id\":\"https:\/\/www.zerdab.com\/?p=28921#primaryimage\"},\"thumbnailUrl\":\"https:\/\/www.zerdab.com\/wp-content\/uploads\/2019\/05\/zerdab-vakansiya-isci-axtarilir.jpg\",\"articleSection\":[\"MAN\u015eET\",\"X\u018fB\u018fRL\u018fR\"],\"inLanguage\":\"az\",\"potentialAction\":[{\"@type\":\"CommentAction\",\"name\":\"Comment\",\"target\":[\"https:\/\/www.zerdab.com\/?p=28921#respond\"]}]},{\"@type\":\"WebPage\",\"@id\":\"https:\/\/www.zerdab.com\/?p=28921\",\"url\":\"https:\/\/www.zerdab.com\/?p=28921\",\"name\":\"Prezidentin \u0259fv etdiyi 2 Z\u0259rdabl\u0131 kimdir? - S\u0259r\u0259ncamda onlar\u0131n da ad\u0131 var - Z\u0259rdab.com\",\"isPartOf\":{\"@id\":\"https:\/\/www.zerdab.com\/#website\"},\"primaryImageOfPage\":{\"@id\":\"https:\/\/www.zerdab.com\/?p=28921#primaryimage\"},\"image\":{\"@id\":\"https:\/\/www.zerdab.com\/?p=28921#primaryimage\"},\"thumbnailUrl\":\"https:\/\/www.zerdab.com\/wp-content\/uploads\/2019\/05\/zerdab-vakansiya-isci-axtarilir.jpg\",\"datePublished\":\"2021-03-19T09:27:44+00:00\",\"dateModified\":\"2021-03-19T09:39:56+00:00\",\"author\":{\"@id\":\"https:\/\/www.zerdab.com\/#\/schema\/person\/97079b7570c1e89ec0d9e138c3672136\"},\"breadcrumb\":{\"@id\":\"https:\/\/www.zerdab.com\/?p=28921#breadcrumb\"},\"inLanguage\":\"az\",\"potentialAction\":[{\"@type\":\"ReadAction\",\"target\":[\"https:\/\/www.zerdab.com\/?p=28921\"]}]},{\"@type\":\"ImageObject\",\"inLanguage\":\"az\",\"@id\":\"https:\/\/www.zerdab.com\/?p=28921#primaryimage\",\"url\":\"https:\/\/www.zerdab.com\/wp-content\/uploads\/2019\/05\/zerdab-vakansiya-isci-axtarilir.jpg\",\"contentUrl\":\"https:\/\/www.zerdab.com\/wp-content\/uploads\/2019\/05\/zerdab-vakansiya-isci-axtarilir.jpg\",\"width\":1024,\"height\":576,\"caption\":\"zerdab-vakansiya-isci-axtarilir\"},{\"@type\":\"BreadcrumbList\",\"@id\":\"https:\/\/www.zerdab.com\/?p=28921#breadcrumb\",\"itemListElement\":[{\"@type\":\"ListItem\",\"position\":1,\"name\":\"Home\",\"item\":\"https:\/\/www.zerdab.com\/\"},{\"@type\":\"ListItem\",\"position\":2,\"name\":\"Prezidentin \u0259fv etdiyi 2 Z\u0259rdabl\u0131 kimdir? &#8211; S\u0259r\u0259ncamda onlar\u0131n da ad\u0131 var\"}]},{\"@type\":\"WebSite\",\"@id\":\"https:\/\/www.zerdab.com\/#website\",\"url\":\"https:\/\/www.zerdab.com\/\",\"name\":\"Z\u0259rdab.com\",\"description\":\"\",\"potentialAction\":[{\"@type\":\"SearchAction\",\"target\":{\"@type\":\"EntryPoint\",\"urlTemplate\":\"https:\/\/www.zerdab.com\/?s={search_term_string}\"},\"query-input\":{\"@type\":\"PropertyValueSpecification\",\"valueRequired\":true,\"valueName\":\"search_term_string\"}}],\"inLanguage\":\"az\"},{\"@type\":\"Person\",\"@id\":\"https:\/\/www.zerdab.com\/#\/schema\/person\/97079b7570c1e89ec0d9e138c3672136\",\"name\":\"admin\",\"image\":{\"@type\":\"ImageObject\",\"inLanguage\":\"az\",\"@id\":\"https:\/\/www.zerdab.com\/#\/schema\/person\/image\/\",\"url\":\"https:\/\/secure.gravatar.com\/avatar\/d9c52a9a27c32119cb6679a077fa3e2779e5f822c451cbf01098004361d466ec?s=96&d=mm&r=g\",\"contentUrl\":\"https:\/\/secure.gravatar.com\/avatar\/d9c52a9a27c32119cb6679a077fa3e2779e5f822c451cbf01098004361d466ec?s=96&d=mm&r=g\",\"caption\":\"admin\"},\"url\":\"https:\/\/www.zerdab.com\/?author=1\"}]}<\/script>\n<!-- \/ Yoast SEO plugin. -->","yoast_head_json":{"title":"Prezidentin \u0259fv etdiyi 2 Z\u0259rdabl\u0131 kimdir? - S\u0259r\u0259ncamda onlar\u0131n da ad\u0131 var - Z\u0259rdab.com","robots":{"index":"index","follow":"follow","max-snippet":"max-snippet:-1","max-image-preview":"max-image-preview:large","max-video-preview":"max-video-preview:-1"},"canonical":"https:\/\/www.zerdab.com\/?p=28921","og_locale":"az_AZ","og_type":"article","og_title":"Prezidentin \u0259fv etdiyi 2 Z\u0259rdabl\u0131 kimdir? - S\u0259r\u0259ncamda onlar\u0131n da ad\u0131 var - Z\u0259rdab.com","og_description":"M\u0259lum oldu\u011fu kimi, Prezident \u0130lham \u018fliyev m\u0259hkum edilmi\u015f bir s\u0131ra \u015f\u0259xsl\u0259rin \u0259fv olunmas\u0131 haqq\u0131nda s\u0259r\u0259ncam imzalay\u0131b. Zerdab.com sayt\u0131 x\u0259b\u0259r verir ki, m\u0259hkum olunmu\u015f bir s\u0131ra \u015f\u0259xsl\u0259rin, onlar\u0131n ail\u0259 \u00fczvl\u0259rinin, insan h\u00fcquqlar\u0131n\u0131n m\u00fcdafi\u0259si t\u0259\u015fkilatlar\u0131n\u0131n Az\u0259rbaycan Respublikas\u0131n\u0131n Prezidentin\u0259 \u00fcnvanlanm\u0131\u015f \u0259fv haqq\u0131nda m\u00fcraci\u0259tl\u0259rin\u0259 baxaraq, m\u0259hkumlar\u0131n \u015f\u0259xsiyy\u0259tini, s\u0259hh\u0259tini, ail\u0259 v\u0259ziyy\u0259tini, t\u00f6r\u0259tdikl\u0259ri cinay\u0259tl\u0259rin xarakterini v\u0259 ictimai t\u0259hl\u00fck\u0259lilik d\u0259r\u0259c\u0259sini, c\u0259za \u00e7\u0259kdikl\u0259ri [&hellip;]","og_url":"https:\/\/www.zerdab.com\/?p=28921","og_site_name":"Z\u0259rdab.com","article_published_time":"2021-03-19T09:27:44+00:00","article_modified_time":"2021-03-19T09:39:56+00:00","og_image":[{"width":1024,"height":576,"url":"https:\/\/www.zerdab.com\/wp-content\/uploads\/2019\/05\/zerdab-vakansiya-isci-axtarilir.jpg","type":"image\/jpeg"}],"author":"admin","twitter_card":"summary_large_image","twitter_misc":{"Written by":"admin","Est. reading time":"2 minutes"},"schema":{"@context":"https:\/\/schema.org","@graph":[{"@type":"Article","@id":"https:\/\/www.zerdab.com\/?p=28921#article","isPartOf":{"@id":"https:\/\/www.zerdab.com\/?p=28921"},"author":{"name":"admin","@id":"https:\/\/www.zerdab.com\/#\/schema\/person\/97079b7570c1e89ec0d9e138c3672136"},"headline":"Prezidentin \u0259fv etdiyi 2 Z\u0259rdabl\u0131 kimdir? &#8211; S\u0259r\u0259ncamda onlar\u0131n da ad\u0131 var","datePublished":"2021-03-19T09:27:44+00:00","dateModified":"2021-03-19T09:39:56+00:00","mainEntityOfPage":{"@id":"https:\/\/www.zerdab.com\/?p=28921"},"wordCount":317,"commentCount":0,"image":{"@id":"https:\/\/www.zerdab.com\/?p=28921#primaryimage"},"thumbnailUrl":"https:\/\/www.zerdab.com\/wp-content\/uploads\/2019\/05\/zerdab-vakansiya-isci-axtarilir.jpg","articleSection":["MAN\u015eET","X\u018fB\u018fRL\u018fR"],"inLanguage":"az","potentialAction":[{"@type":"CommentAction","name":"Comment","target":["https:\/\/www.zerdab.com\/?p=28921#respond"]}]},{"@type":"WebPage","@id":"https:\/\/www.zerdab.com\/?p=28921","url":"https:\/\/www.zerdab.com\/?p=28921","name":"Prezidentin \u0259fv etdiyi 2 Z\u0259rdabl\u0131 kimdir? - S\u0259r\u0259ncamda onlar\u0131n da ad\u0131 var - Z\u0259rdab.com","isPartOf":{"@id":"https:\/\/www.zerdab.com\/#website"},"primaryImageOfPage":{"@id":"https:\/\/www.zerdab.com\/?p=28921#primaryimage"},"image":{"@id":"https:\/\/www.zerdab.com\/?p=28921#primaryimage"},"thumbnailUrl":"https:\/\/www.zerdab.com\/wp-content\/uploads\/2019\/05\/zerdab-vakansiya-isci-axtarilir.jpg","datePublished":"2021-03-19T09:27:44+00:00","dateModified":"2021-03-19T09:39:56+00:00","author":{"@id":"https:\/\/www.zerdab.com\/#\/schema\/person\/97079b7570c1e89ec0d9e138c3672136"},"breadcrumb":{"@id":"https:\/\/www.zerdab.com\/?p=28921#breadcrumb"},"inLanguage":"az","potentialAction":[{"@type":"ReadAction","target":["https:\/\/www.zerdab.com\/?p=28921"]}]},{"@type":"ImageObject","inLanguage":"az","@id":"https:\/\/www.zerdab.com\/?p=28921#primaryimage","url":"https:\/\/www.zerdab.com\/wp-content\/uploads\/2019\/05\/zerdab-vakansiya-isci-axtarilir.jpg","contentUrl":"https:\/\/www.zerdab.com\/wp-content\/uploads\/2019\/05\/zerdab-vakansiya-isci-axtarilir.jpg","width":1024,"height":576,"caption":"zerdab-vakansiya-isci-axtarilir"},{"@type":"BreadcrumbList","@id":"https:\/\/www.zerdab.com\/?p=28921#breadcrumb","itemListElement":[{"@type":"ListItem","position":1,"name":"Home","item":"https:\/\/www.zerdab.com\/"},{"@type":"ListItem","position":2,"name":"Prezidentin \u0259fv etdiyi 2 Z\u0259rdabl\u0131 kimdir? &#8211; S\u0259r\u0259ncamda onlar\u0131n da ad\u0131 var"}]},{"@type":"WebSite","@id":"https:\/\/www.zerdab.com\/#website","url":"https:\/\/www.zerdab.com\/","name":"Z\u0259rdab.com","description":"","potentialAction":[{"@type":"SearchAction","target":{"@type":"EntryPoint","urlTemplate":"https:\/\/www.zerdab.com\/?s={search_term_string}"},"query-input":{"@type":"PropertyValueSpecification","valueRequired":true,"valueName":"search_term_string"}}],"inLanguage":"az"},{"@type":"Person","@id":"https:\/\/www.zerdab.com\/#\/schema\/person\/97079b7570c1e89ec0d9e138c3672136","name":"admin","image":{"@type":"ImageObject","inLanguage":"az","@id":"https:\/\/www.zerdab.com\/#\/schema\/person\/image\/","url":"https:\/\/secure.gravatar.com\/avatar\/d9c52a9a27c32119cb6679a077fa3e2779e5f822c451cbf01098004361d466ec?s=96&d=mm&r=g","contentUrl":"https:\/\/secure.gravatar.com\/avatar\/d9c52a9a27c32119cb6679a077fa3e2779e5f822c451cbf01098004361d466ec?s=96&d=mm&r=g","caption":"admin"},"url":"https:\/\/www.zerdab.com\/?author=1"}]}},"_links":{"self":[{"href":"https:\/\/www.zerdab.com\/index.php?rest_route=\/wp\/v2\/posts\/28921","targetHints":{"allow":["GET"]}}],"collection":[{"href":"https:\/\/www.zerdab.com\/index.php?rest_route=\/wp\/v2\/posts"}],"about":[{"href":"https:\/\/www.zerdab.com\/index.php?rest_route=\/wp\/v2\/types\/post"}],"author":[{"embeddable":true,"href":"https:\/\/www.zerdab.com\/index.php?rest_route=\/wp\/v2\/users\/1"}],"replies":[{"embeddable":true,"href":"https:\/\/www.zerdab.com\/index.php?rest_route=%2Fwp%2Fv2%2Fcomments&post=28921"}],"version-history":[{"count":2,"href":"https:\/\/www.zerdab.com\/index.php?rest_route=\/wp\/v2\/posts\/28921\/revisions"}],"predecessor-version":[{"id":28928,"href":"https:\/\/www.zerdab.com\/index.php?rest_route=\/wp\/v2\/posts\/28921\/revisions\/28928"}],"wp:featuredmedia":[{"embeddable":true,"href":"https:\/\/www.zerdab.com\/index.php?rest_route=\/wp\/v2\/media\/27146"}],"wp:attachment":[{"href":"https:\/\/www.zerdab.com\/index.php?rest_route=%2Fwp%2Fv2%2Fmedia&parent=28921"}],"wp:term":[{"taxonomy":"category","embeddable":true,"href":"https:\/\/www.zerdab.com\/index.php?rest_route=%2Fwp%2Fv2%2Fcategories&post=28921"},{"taxonomy":"post_tag","embeddable":true,"href":"https:\/\/www.zerdab.com\/index.php?rest_route=%2Fwp%2Fv2%2Ftags&post=28921"}],"curies":[{"name":"wp","href":"https:\/\/api.w.org\/{rel}","templated":true}]}}