{"id":28951,"date":"2021-04-09T20:11:56","date_gmt":"2021-04-09T16:11:56","guid":{"rendered":"http:\/\/www.zerdab.com\/?p=28951"},"modified":"2021-04-09T20:13:34","modified_gmt":"2021-04-09T16:13:34","slug":"nazir-z%c9%99rdab-rayon-polis-sob%c9%99sin%c9%99-yeni-r%c9%99is-muavini-t%c9%99yin-etdi-%c9%99mr","status":"publish","type":"post","link":"https:\/\/www.zerdab.com\/?p=28951","title":{"rendered":"Nazir Z\u0259rdab Rayon Polis \u015e\u00f6b\u0259sin\u0259 yeni r\u0259is m\u00fcavini t\u0259yin etdi &#8211; \u018fMR"},"content":{"rendered":"\n<p><strong>Daxili \u0130\u015fl\u0259r Nazirliyinin Z\u0259rdab Rayon Polis \u015e\u00f6b\u0259sin\u0259 r\u0259is m\u00fcavini t\u0259yin edilib.<\/strong><\/p>\n\n\n\n<p>Nazirlikd\u0259n <strong>Zerdab.com<\/strong> sayt\u0131na veril\u0259n x\u0259b\u0259r\u0259 g\u00f6r\u0259, nazir, general-polkovnik Vilay\u0259t Eyvazovun \u0259mri il\u0259 K\u00fcrd\u0259mir RP\u015e-nin t\u0259hqiqat b\u00f6lm\u0259sinin r\u0259isi, polis mayoru \u0130kram \u018fhm\u0259dov v\u0259zif\u0259sind\u0259n \u00e7\u0131xar\u0131l\u0131b.<\/p>\n\n\n\n<p>Nazirin dig\u0259r \u0259mri il\u0259 mayor \u0130.\u018fhm\u0259dov Z\u0259rdab RP\u015e-nin \u0259m\u0259liyyat i\u015fi \u00fczr\u0259 r\u0259is m\u00fcavini t\u0259yin olunub.<\/p>\n\n\n\n<p>M\u0259lumat \u00fc\u00e7\u00fcn bildir\u0259k ki, bu t\u0259yinata q\u0259d\u0259r h\u0259min v\u0259zif\u0259d\u0259 polis polkovnik-leytenant\u0131\u00a0Amil Seyfullayev \u00e7al\u0131\u015f\u0131rd\u0131.<\/p>\n\n\n\n<p>Amil Seyfullayev nazirin \u0259mri il\u0259 bir m\u00fcdd\u0259t \u00f6nc\u0259 Astara\u00a0Rayon Polis \u015e\u00f6b\u0259sinin xidm\u0259t\u00a0i\u015fl\u0259ri \u00fczr\u0259 r\u0259is m\u00fcavini v\u0259zif\u0259sin\u0259 t\u0259yinat al\u0131b.<\/p>\n\n\n\n<p><strong>Zerdab.com<\/strong><\/p>\n","protected":false},"excerpt":{"rendered":"<p>Daxili \u0130\u015fl\u0259r Nazirliyinin Z\u0259rdab Rayon Polis \u015e\u00f6b\u0259sin\u0259 r\u0259is m\u00fcavini t\u0259yin edilib. Nazirlikd\u0259n Zerdab.com sayt\u0131na veril\u0259n x\u0259b\u0259r\u0259 g\u00f6r\u0259, nazir, general-polkovnik Vilay\u0259t Eyvazovun \u0259mri il\u0259 K\u00fcrd\u0259mir RP\u015e-nin t\u0259hqiqat b\u00f6lm\u0259sinin r\u0259isi, polis mayoru \u0130kram \u018fhm\u0259dov v\u0259zif\u0259sind\u0259n \u00e7\u0131xar\u0131l\u0131b. Nazirin dig\u0259r \u0259mri il\u0259 mayor \u0130.\u018fhm\u0259dov Z\u0259rdab RP\u015e-nin \u0259m\u0259liyyat i\u015fi \u00fczr\u0259 r\u0259is m\u00fcavini t\u0259yin olunub. M\u0259lumat \u00fc\u00e7\u00fcn bildir\u0259k ki, bu t\u0259yinata [&hellip;]<\/p>\n","protected":false},"author":1,"featured_media":28858,"comment_status":"open","ping_status":"open","sticky":false,"template":"","format":"standard","meta":{"footnotes":""},"categories":[63,5],"tags":[],"class_list":{"0":"post-28951","1":"post","2":"type-post","3":"status-publish","4":"format-standard","5":"has-post-thumbnail","7":"category-manset","8":"category-knd"},"yoast_head":"<!-- This site is optimized with the Yoast SEO plugin v27.0 - https:\/\/yoast.com\/product\/yoast-seo-wordpress\/ -->\n<title>Nazir Z\u0259rdab Rayon Polis \u015e\u00f6b\u0259sin\u0259 yeni r\u0259is m\u00fcavini t\u0259yin etdi - \u018fMR - Z\u0259rdab.com<\/title>\n<meta name=\"robots\" content=\"index, follow, max-snippet:-1, max-image-preview:large, max-video-preview:-1\" \/>\n<link rel=\"canonical\" href=\"https:\/\/www.zerdab.com\/?p=28951\" \/>\n<meta property=\"og:locale\" content=\"az_AZ\" \/>\n<meta property=\"og:type\" content=\"article\" \/>\n<meta property=\"og:title\" content=\"Nazir Z\u0259rdab Rayon Polis \u015e\u00f6b\u0259sin\u0259 yeni r\u0259is m\u00fcavini t\u0259yin etdi - \u018fMR - Z\u0259rdab.com\" \/>\n<meta property=\"og:description\" content=\"Daxili \u0130\u015fl\u0259r Nazirliyinin Z\u0259rdab Rayon Polis \u015e\u00f6b\u0259sin\u0259 r\u0259is m\u00fcavini t\u0259yin edilib. Nazirlikd\u0259n Zerdab.com sayt\u0131na veril\u0259n x\u0259b\u0259r\u0259 g\u00f6r\u0259, nazir, general-polkovnik Vilay\u0259t Eyvazovun \u0259mri il\u0259 K\u00fcrd\u0259mir RP\u015e-nin t\u0259hqiqat b\u00f6lm\u0259sinin r\u0259isi, polis mayoru \u0130kram \u018fhm\u0259dov v\u0259zif\u0259sind\u0259n \u00e7\u0131xar\u0131l\u0131b. Nazirin dig\u0259r \u0259mri il\u0259 mayor \u0130.\u018fhm\u0259dov Z\u0259rdab RP\u015e-nin \u0259m\u0259liyyat i\u015fi \u00fczr\u0259 r\u0259is m\u00fcavini t\u0259yin olunub. M\u0259lumat \u00fc\u00e7\u00fcn bildir\u0259k ki, bu t\u0259yinata [&hellip;]\" \/>\n<meta property=\"og:url\" content=\"https:\/\/www.zerdab.com\/?p=28951\" \/>\n<meta property=\"og:site_name\" content=\"Z\u0259rdab.com\" \/>\n<meta property=\"article:published_time\" content=\"2021-04-09T16:11:56+00:00\" \/>\n<meta property=\"article:modified_time\" content=\"2021-04-09T16:13:34+00:00\" \/>\n<meta property=\"og:image\" content=\"https:\/\/www.zerdab.com\/wp-content\/uploads\/2021\/02\/zerdab-rayon-polis-idaresi.jpg\" \/>\n\t<meta property=\"og:image:width\" content=\"1920\" \/>\n\t<meta property=\"og:image:height\" content=\"1080\" \/>\n\t<meta property=\"og:image:type\" content=\"image\/jpeg\" \/>\n<meta name=\"author\" content=\"admin\" \/>\n<meta name=\"twitter:card\" content=\"summary_large_image\" \/>\n<meta name=\"twitter:label1\" content=\"Written by\" \/>\n\t<meta name=\"twitter:data1\" content=\"admin\" \/>\n\t<meta name=\"twitter:label2\" content=\"Est. reading time\" \/>\n\t<meta name=\"twitter:data2\" content=\"1 minute\" \/>\n<script type=\"application\/ld+json\" class=\"yoast-schema-graph\">{\"@context\":\"https:\/\/schema.org\",\"@graph\":[{\"@type\":\"Article\",\"@id\":\"https:\/\/www.zerdab.com\/?p=28951#article\",\"isPartOf\":{\"@id\":\"https:\/\/www.zerdab.com\/?p=28951\"},\"author\":{\"name\":\"admin\",\"@id\":\"https:\/\/www.zerdab.com\/#\/schema\/person\/97079b7570c1e89ec0d9e138c3672136\"},\"headline\":\"Nazir Z\u0259rdab Rayon Polis \u015e\u00f6b\u0259sin\u0259 yeni r\u0259is m\u00fcavini t\u0259yin etdi &#8211; \u018fMR\",\"datePublished\":\"2021-04-09T16:11:56+00:00\",\"dateModified\":\"2021-04-09T16:13:34+00:00\",\"mainEntityOfPage\":{\"@id\":\"https:\/\/www.zerdab.com\/?p=28951\"},\"wordCount\":159,\"commentCount\":0,\"image\":{\"@id\":\"https:\/\/www.zerdab.com\/?p=28951#primaryimage\"},\"thumbnailUrl\":\"https:\/\/www.zerdab.com\/wp-content\/uploads\/2021\/02\/zerdab-rayon-polis-idaresi.jpg\",\"articleSection\":[\"MAN\u015eET\",\"X\u018fB\u018fRL\u018fR\"],\"inLanguage\":\"az\",\"potentialAction\":[{\"@type\":\"CommentAction\",\"name\":\"Comment\",\"target\":[\"https:\/\/www.zerdab.com\/?p=28951#respond\"]}]},{\"@type\":\"WebPage\",\"@id\":\"https:\/\/www.zerdab.com\/?p=28951\",\"url\":\"https:\/\/www.zerdab.com\/?p=28951\",\"name\":\"Nazir Z\u0259rdab Rayon Polis \u015e\u00f6b\u0259sin\u0259 yeni r\u0259is m\u00fcavini t\u0259yin etdi - \u018fMR - Z\u0259rdab.com\",\"isPartOf\":{\"@id\":\"https:\/\/www.zerdab.com\/#website\"},\"primaryImageOfPage\":{\"@id\":\"https:\/\/www.zerdab.com\/?p=28951#primaryimage\"},\"image\":{\"@id\":\"https:\/\/www.zerdab.com\/?p=28951#primaryimage\"},\"thumbnailUrl\":\"https:\/\/www.zerdab.com\/wp-content\/uploads\/2021\/02\/zerdab-rayon-polis-idaresi.jpg\",\"datePublished\":\"2021-04-09T16:11:56+00:00\",\"dateModified\":\"2021-04-09T16:13:34+00:00\",\"author\":{\"@id\":\"https:\/\/www.zerdab.com\/#\/schema\/person\/97079b7570c1e89ec0d9e138c3672136\"},\"breadcrumb\":{\"@id\":\"https:\/\/www.zerdab.com\/?p=28951#breadcrumb\"},\"inLanguage\":\"az\",\"potentialAction\":[{\"@type\":\"ReadAction\",\"target\":[\"https:\/\/www.zerdab.com\/?p=28951\"]}]},{\"@type\":\"ImageObject\",\"inLanguage\":\"az\",\"@id\":\"https:\/\/www.zerdab.com\/?p=28951#primaryimage\",\"url\":\"https:\/\/www.zerdab.com\/wp-content\/uploads\/2021\/02\/zerdab-rayon-polis-idaresi.jpg\",\"contentUrl\":\"https:\/\/www.zerdab.com\/wp-content\/uploads\/2021\/02\/zerdab-rayon-polis-idaresi.jpg\",\"width\":1920,\"height\":1080},{\"@type\":\"BreadcrumbList\",\"@id\":\"https:\/\/www.zerdab.com\/?p=28951#breadcrumb\",\"itemListElement\":[{\"@type\":\"ListItem\",\"position\":1,\"name\":\"Home\",\"item\":\"https:\/\/www.zerdab.com\/\"},{\"@type\":\"ListItem\",\"position\":2,\"name\":\"Nazir Z\u0259rdab Rayon Polis \u015e\u00f6b\u0259sin\u0259 yeni r\u0259is m\u00fcavini t\u0259yin etdi &#8211; \u018fMR\"}]},{\"@type\":\"WebSite\",\"@id\":\"https:\/\/www.zerdab.com\/#website\",\"url\":\"https:\/\/www.zerdab.com\/\",\"name\":\"Z\u0259rdab.com\",\"description\":\"\",\"potentialAction\":[{\"@type\":\"SearchAction\",\"target\":{\"@type\":\"EntryPoint\",\"urlTemplate\":\"https:\/\/www.zerdab.com\/?s={search_term_string}\"},\"query-input\":{\"@type\":\"PropertyValueSpecification\",\"valueRequired\":true,\"valueName\":\"search_term_string\"}}],\"inLanguage\":\"az\"},{\"@type\":\"Person\",\"@id\":\"https:\/\/www.zerdab.com\/#\/schema\/person\/97079b7570c1e89ec0d9e138c3672136\",\"name\":\"admin\",\"image\":{\"@type\":\"ImageObject\",\"inLanguage\":\"az\",\"@id\":\"https:\/\/www.zerdab.com\/#\/schema\/person\/image\/\",\"url\":\"https:\/\/secure.gravatar.com\/avatar\/d9c52a9a27c32119cb6679a077fa3e2779e5f822c451cbf01098004361d466ec?s=96&d=mm&r=g\",\"contentUrl\":\"https:\/\/secure.gravatar.com\/avatar\/d9c52a9a27c32119cb6679a077fa3e2779e5f822c451cbf01098004361d466ec?s=96&d=mm&r=g\",\"caption\":\"admin\"},\"url\":\"https:\/\/www.zerdab.com\/?author=1\"}]}<\/script>\n<!-- \/ Yoast SEO plugin. -->","yoast_head_json":{"title":"Nazir Z\u0259rdab Rayon Polis \u015e\u00f6b\u0259sin\u0259 yeni r\u0259is m\u00fcavini t\u0259yin etdi - \u018fMR - Z\u0259rdab.com","robots":{"index":"index","follow":"follow","max-snippet":"max-snippet:-1","max-image-preview":"max-image-preview:large","max-video-preview":"max-video-preview:-1"},"canonical":"https:\/\/www.zerdab.com\/?p=28951","og_locale":"az_AZ","og_type":"article","og_title":"Nazir Z\u0259rdab Rayon Polis \u015e\u00f6b\u0259sin\u0259 yeni r\u0259is m\u00fcavini t\u0259yin etdi - \u018fMR - Z\u0259rdab.com","og_description":"Daxili \u0130\u015fl\u0259r Nazirliyinin Z\u0259rdab Rayon Polis \u015e\u00f6b\u0259sin\u0259 r\u0259is m\u00fcavini t\u0259yin edilib. Nazirlikd\u0259n Zerdab.com sayt\u0131na veril\u0259n x\u0259b\u0259r\u0259 g\u00f6r\u0259, nazir, general-polkovnik Vilay\u0259t Eyvazovun \u0259mri il\u0259 K\u00fcrd\u0259mir RP\u015e-nin t\u0259hqiqat b\u00f6lm\u0259sinin r\u0259isi, polis mayoru \u0130kram \u018fhm\u0259dov v\u0259zif\u0259sind\u0259n \u00e7\u0131xar\u0131l\u0131b. Nazirin dig\u0259r \u0259mri il\u0259 mayor \u0130.\u018fhm\u0259dov Z\u0259rdab RP\u015e-nin \u0259m\u0259liyyat i\u015fi \u00fczr\u0259 r\u0259is m\u00fcavini t\u0259yin olunub. M\u0259lumat \u00fc\u00e7\u00fcn bildir\u0259k ki, bu t\u0259yinata [&hellip;]","og_url":"https:\/\/www.zerdab.com\/?p=28951","og_site_name":"Z\u0259rdab.com","article_published_time":"2021-04-09T16:11:56+00:00","article_modified_time":"2021-04-09T16:13:34+00:00","og_image":[{"width":1920,"height":1080,"url":"https:\/\/www.zerdab.com\/wp-content\/uploads\/2021\/02\/zerdab-rayon-polis-idaresi.jpg","type":"image\/jpeg"}],"author":"admin","twitter_card":"summary_large_image","twitter_misc":{"Written by":"admin","Est. reading time":"1 minute"},"schema":{"@context":"https:\/\/schema.org","@graph":[{"@type":"Article","@id":"https:\/\/www.zerdab.com\/?p=28951#article","isPartOf":{"@id":"https:\/\/www.zerdab.com\/?p=28951"},"author":{"name":"admin","@id":"https:\/\/www.zerdab.com\/#\/schema\/person\/97079b7570c1e89ec0d9e138c3672136"},"headline":"Nazir Z\u0259rdab Rayon Polis \u015e\u00f6b\u0259sin\u0259 yeni r\u0259is m\u00fcavini t\u0259yin etdi &#8211; \u018fMR","datePublished":"2021-04-09T16:11:56+00:00","dateModified":"2021-04-09T16:13:34+00:00","mainEntityOfPage":{"@id":"https:\/\/www.zerdab.com\/?p=28951"},"wordCount":159,"commentCount":0,"image":{"@id":"https:\/\/www.zerdab.com\/?p=28951#primaryimage"},"thumbnailUrl":"https:\/\/www.zerdab.com\/wp-content\/uploads\/2021\/02\/zerdab-rayon-polis-idaresi.jpg","articleSection":["MAN\u015eET","X\u018fB\u018fRL\u018fR"],"inLanguage":"az","potentialAction":[{"@type":"CommentAction","name":"Comment","target":["https:\/\/www.zerdab.com\/?p=28951#respond"]}]},{"@type":"WebPage","@id":"https:\/\/www.zerdab.com\/?p=28951","url":"https:\/\/www.zerdab.com\/?p=28951","name":"Nazir Z\u0259rdab Rayon Polis \u015e\u00f6b\u0259sin\u0259 yeni r\u0259is m\u00fcavini t\u0259yin etdi - \u018fMR - Z\u0259rdab.com","isPartOf":{"@id":"https:\/\/www.zerdab.com\/#website"},"primaryImageOfPage":{"@id":"https:\/\/www.zerdab.com\/?p=28951#primaryimage"},"image":{"@id":"https:\/\/www.zerdab.com\/?p=28951#primaryimage"},"thumbnailUrl":"https:\/\/www.zerdab.com\/wp-content\/uploads\/2021\/02\/zerdab-rayon-polis-idaresi.jpg","datePublished":"2021-04-09T16:11:56+00:00","dateModified":"2021-04-09T16:13:34+00:00","author":{"@id":"https:\/\/www.zerdab.com\/#\/schema\/person\/97079b7570c1e89ec0d9e138c3672136"},"breadcrumb":{"@id":"https:\/\/www.zerdab.com\/?p=28951#breadcrumb"},"inLanguage":"az","potentialAction":[{"@type":"ReadAction","target":["https:\/\/www.zerdab.com\/?p=28951"]}]},{"@type":"ImageObject","inLanguage":"az","@id":"https:\/\/www.zerdab.com\/?p=28951#primaryimage","url":"https:\/\/www.zerdab.com\/wp-content\/uploads\/2021\/02\/zerdab-rayon-polis-idaresi.jpg","contentUrl":"https:\/\/www.zerdab.com\/wp-content\/uploads\/2021\/02\/zerdab-rayon-polis-idaresi.jpg","width":1920,"height":1080},{"@type":"BreadcrumbList","@id":"https:\/\/www.zerdab.com\/?p=28951#breadcrumb","itemListElement":[{"@type":"ListItem","position":1,"name":"Home","item":"https:\/\/www.zerdab.com\/"},{"@type":"ListItem","position":2,"name":"Nazir Z\u0259rdab Rayon Polis \u015e\u00f6b\u0259sin\u0259 yeni r\u0259is m\u00fcavini t\u0259yin etdi &#8211; \u018fMR"}]},{"@type":"WebSite","@id":"https:\/\/www.zerdab.com\/#website","url":"https:\/\/www.zerdab.com\/","name":"Z\u0259rdab.com","description":"","potentialAction":[{"@type":"SearchAction","target":{"@type":"EntryPoint","urlTemplate":"https:\/\/www.zerdab.com\/?s={search_term_string}"},"query-input":{"@type":"PropertyValueSpecification","valueRequired":true,"valueName":"search_term_string"}}],"inLanguage":"az"},{"@type":"Person","@id":"https:\/\/www.zerdab.com\/#\/schema\/person\/97079b7570c1e89ec0d9e138c3672136","name":"admin","image":{"@type":"ImageObject","inLanguage":"az","@id":"https:\/\/www.zerdab.com\/#\/schema\/person\/image\/","url":"https:\/\/secure.gravatar.com\/avatar\/d9c52a9a27c32119cb6679a077fa3e2779e5f822c451cbf01098004361d466ec?s=96&d=mm&r=g","contentUrl":"https:\/\/secure.gravatar.com\/avatar\/d9c52a9a27c32119cb6679a077fa3e2779e5f822c451cbf01098004361d466ec?s=96&d=mm&r=g","caption":"admin"},"url":"https:\/\/www.zerdab.com\/?author=1"}]}},"_links":{"self":[{"href":"https:\/\/www.zerdab.com\/index.php?rest_route=\/wp\/v2\/posts\/28951","targetHints":{"allow":["GET"]}}],"collection":[{"href":"https:\/\/www.zerdab.com\/index.php?rest_route=\/wp\/v2\/posts"}],"about":[{"href":"https:\/\/www.zerdab.com\/index.php?rest_route=\/wp\/v2\/types\/post"}],"author":[{"embeddable":true,"href":"https:\/\/www.zerdab.com\/index.php?rest_route=\/wp\/v2\/users\/1"}],"replies":[{"embeddable":true,"href":"https:\/\/www.zerdab.com\/index.php?rest_route=%2Fwp%2Fv2%2Fcomments&post=28951"}],"version-history":[{"count":2,"href":"https:\/\/www.zerdab.com\/index.php?rest_route=\/wp\/v2\/posts\/28951\/revisions"}],"predecessor-version":[{"id":28954,"href":"https:\/\/www.zerdab.com\/index.php?rest_route=\/wp\/v2\/posts\/28951\/revisions\/28954"}],"wp:featuredmedia":[{"embeddable":true,"href":"https:\/\/www.zerdab.com\/index.php?rest_route=\/wp\/v2\/media\/28858"}],"wp:attachment":[{"href":"https:\/\/www.zerdab.com\/index.php?rest_route=%2Fwp%2Fv2%2Fmedia&parent=28951"}],"wp:term":[{"taxonomy":"category","embeddable":true,"href":"https:\/\/www.zerdab.com\/index.php?rest_route=%2Fwp%2Fv2%2Fcategories&post=28951"},{"taxonomy":"post_tag","embeddable":true,"href":"https:\/\/www.zerdab.com\/index.php?rest_route=%2Fwp%2Fv2%2Ftags&post=28951"}],"curies":[{"name":"wp","href":"https:\/\/api.w.org\/{rel}","templated":true}]}}