{"id":28988,"date":"2021-04-22T13:16:10","date_gmt":"2021-04-22T09:16:10","guid":{"rendered":"http:\/\/www.zerdab.com\/?p=28988"},"modified":"2021-04-22T13:24:32","modified_gmt":"2021-04-22T09:24:32","slug":"z%c9%99rdabli-q%c9%99hr%c9%99manin-m%c9%99zari-28-il-sonra-tapildi-fotolar-video","status":"publish","type":"post","link":"https:\/\/www.zerdab.com\/?p=28988","title":{"rendered":"Z\u0259rdabl\u0131 q\u0259hr\u0259man\u0131n m\u0259zar\u0131 28 il sonra tap\u0131ld\u0131 &#8211; FOTOLAR + V\u0130DEO"},"content":{"rendered":"\n<p>Z\u0259rdab rayonunun Qarav\u0259lli k\u0259nd sakini, Abdullayev V\u00fcqar \u0130sa o\u011flu 1993-c\u00fc ild\u0259 K\u0259lb\u0259c\u0259r rayonunun Ba\u015fl\u0131bel k\u0259ndi u\u011frunda ged\u0259n d\u00f6y\u00fc\u015fl\u0259rd\u0259 q\u0259hr\u0259mancas\u0131na \u015f\u0259hid olub. Onun \u00f6l\u00fcm x\u0259b\u0259ri ail\u0259sin\u0259 verils\u0259 d\u0259, n\u0259\u015fi tap\u0131lmay\u0131b. <\/p>\n\n\n\n<p>Bir ne\u00e7\u0259 g\u00fcn \u00f6nc\u0259 ail\u0259y\u0259 Abdullayev V\u00fcqar \u0130sa o\u011flunun m\u0259zar\u0131n\u0131n K\u0259lb\u0259c\u0259r rayonunun \u015e\u0131rram kahas\u0131 adlanan \u0259razid\u0259 tap\u0131ld\u0131\u011f\u0131 x\u0259b\u0259ri verilib.<\/p>\n\n\n\n<p>Z\u0259rdab Rayon \u0130cra Hakimiyy\u0259tinin ba\u015f\u00e7\u0131s\u0131 M\u0259rdan Camalzad\u0259, V\u0259t\u0259n m\u00fcharib\u0259si i\u015ftirak\u00e7\u0131lar\u0131 v\u0259 \u015f\u0259hid ail\u0259l\u0259ri il\u0259 i\u015fin t\u0259\u015fkili \u015f\u00f6b\u0259sinin m\u00fcdiri Zinhar Bayramov, S\u0259f\u0259rb\u0259rlik v\u0259 H\u0259rbi Xidm\u0259t\u0259 \u00c7a\u011f\u0131r\u0131\u015f \u00fczr\u0259 D\u00f6vl\u0259t xidm\u0259tinin Z\u0259rdab b\u00f6lm\u0259sinin r\u0259isi Asif \u018fh\u0259dov 28 ild\u0259n sonra m\u0259zar\u0131 tap\u0131lan \u015f\u0259hidin ail\u0259si il\u0259 g\u00f6r\u00fc\u015f\u00fcb, onlara ba\u015fsa\u011fl\u0131\u011f\u0131 veribl\u0259r.<\/p>\n\n\n\n<p><strong>(Qeyd: x\u0259b\u0259rin bu yerind\u0259 \u0130cra ba\u015f\u00e7\u0131s\u0131n\u0131n \u015f\u0259hidin atas\u0131 il\u0259 ke\u00e7irdiyi h\u0259min g\u00f6r\u00fc\u015fl\u0259 ba\u011fl\u0131 fotolar da ola bil\u0259rdi, amma \u0259ld\u0259 ed\u0259 bilm\u0259dik dey\u0259 yoxdur)<\/strong><\/p>\n\n\n\n<p><strong>Zerdab.com<\/strong> x\u0259b\u0259r verir ki, V\u00fcqar Abdullayev 1971-ci ild\u0259 Z\u0259rdab rayonunun Qarav\u0259lli k\u0259ndind\u0259 anadan olub. 1993-c\u00fc ilin aprel ay\u0131nda K\u0259lb\u0259c\u0259rin Ba\u015fl\u0131bel k\u0259ndind\u0259n m\u00fclki \u0259halinin sa\u011f-salamat \u00e7\u0131xar\u0131lmas\u0131 \u00fc\u00e7\u00fcn k\u00f6m\u0259y\u0259 g\u0259l\u0259n d\u0259st\u0259nin t\u0259rkibind\u0259 olub. <\/p>\n\n\n\n<p>V\u00fcqar yerli sakinl\u0259ri&nbsp;q\u0259hr\u0259manl\u0131qla\nm\u00fcdafi\u0259 edib. El\u015fad \u018fzizov xat\u0131rlay\u0131r: \u201c\u2026 at\u0131\u015fma davam edirdi. H\u0259l\u0259\nsa\u011f qalanlar\u0131n kahalarda gizl\u0259ndiyind\u0259n \u015f\u00fcbh\u0259l\u0259n\u0259n 4 quldur PK pulemyotu il\u0259 at\u0259\u015f\na\u00e7araq ir\u0259lil\u0259yirdi. Kahada sa\u011f qalan \u0259liyal\u0131n sakinl\u0259ri qoruma\u011fa \u00e7al\u0131\u015fan z\u0259rdabl\u0131\nV\u00fcqar \u0259sil q\u0259hr\u0259manl\u0131q g\u00f6st\u0259rirdi. O son n\u0259f\u0259sin\u0259 q\u0259d\u0259r d\u00f6y\u00fc\u015f\u0259r\u0259k erm\u0259nil\u0259rin\nkahada gizl\u0259n\u0259nl\u0259rin yerini m\u00fc\u0259yy\u0259nl\u0259\u015fdirm\u0259y\u0259 imkan vermirdi. Bir an i\u00e7\u0259risind\u0259\nc\u0259sar\u0259tl\u0259 kahan\u0131n a\u011fz\u0131na \u00e7\u0131xan V\u00fcqar Abdullayev quldurlar\u0131n d\u00f6rd\u00fcn\u00fc d\u0259 yer\u0259 s\u0259rdi.\nYenid\u0259n \u0259vv\u0259lki m\u00f6vqeyin\u0259 do\u011fru qay\u0131dark\u0259n quldurlardan birinin atd\u0131\u011f\u0131 qumbara onu kahan\u0131n 3-4\nmetrliyind\u0259 haqlad\u0131. V\u00fcqar da h\u0259min gec\u0259 \u015f\u0259hid oldu\u201d.&nbsp;<\/p>\n\n\n\n<figure class=\"wp-block-image\"><img loading=\"lazy\" decoding=\"async\" width=\"452\" height=\"550\" src=\"http:\/\/www.zerdab.com\/wp-content\/uploads\/2021\/04\/vuqar-abdullayev-zerdab-452x550.jpg\" alt=\"\" class=\"wp-image-28990\" srcset=\"https:\/\/www.zerdab.com\/wp-content\/uploads\/2021\/04\/vuqar-abdullayev-zerdab-452x550.jpg 452w, https:\/\/www.zerdab.com\/wp-content\/uploads\/2021\/04\/vuqar-abdullayev-zerdab-400x487.jpg 400w, https:\/\/www.zerdab.com\/wp-content\/uploads\/2021\/04\/vuqar-abdullayev-zerdab-345x420.jpg 345w, https:\/\/www.zerdab.com\/wp-content\/uploads\/2021\/04\/vuqar-abdullayev-zerdab.jpg 605w\" sizes=\"auto, (max-width: 452px) 100vw, 452px\" \/><\/figure>\n\n\n\n<p>\u015eahidl\u0259r s\u00f6yl\u0259yirl\u0259r ki, erm\u0259nil\u0259r intiqam almaq \u00fc\u00e7\u00fcn V\u00fcqar\u0131n n\u0259\u015fini\ng\u00fcll\u0259l\u0259r il\u0259 de\u015fik-de\u015fik etmi\u015fdil\u0259r.<\/p>\n\n\n\n<p>Kahaya s\u0131\u011f\u0131nanlar Ba\u015fl\u0131beld\u0259 \u015f\u0259hid\nolanlar\u0131n ham\u0131s\u0131n\u0131 d\u0259fn etm\u0259y\u0259 \u00e7al\u0131\u015f\u0131blar. \u015e\u0259hidl\u0259ri \u0259sas\u0259n gec\u0259 saatlar\u0131nda d\u0259fn\nedirdil\u0259r. Erm\u0259nil\u0259rin \u015e\u0131rran, Portda, Qayaba\u015f\u0131 zonas\u0131ndak\u0131 kahalarda t\u00f6r\u0259tdikl\u0259ri\nq\u0259tliamda \u015f\u0259hid olanlar\u0131n ham\u0131s\u0131 el\u0259 h\u0259min \u0259razid\u0259, kahalar\u0131n alt hiss\u0259sind\u0259ki\nyamacda d\u0259fn edilib.&nbsp;Ba\u015fl\u0131bel\nkahas\u0131nda m\u00fchasir\u0259d\u0259 olan \u0130sm\u0259t \u018fzizovun xatir\u0259sind\u0259n: \u201c\u2026Ham\u0131m\u0131z k\u00f6m\u0259kl\u0259\u015fib \u015f\u0259hidl\u0259rd\u0259n\nbir ne\u00e7\u0259sini d\u0259fn ed\u0259nd\u0259n sonra \u201cN\u0259binin kahas\u0131\u201dna qay\u0131td\u0131q. S\u0259h\u0259ri g\u00fcn yenid\u0259n\nd\u0259fn\u0259 getdik, bu d\u0259f\u0259 z\u0259rdabl\u0131 V\u00fcqar\u0131, \u018fhliman ki\u015fini v\u0259 G\u00fclara xalan\u0131 torpa\u011fa\ntap\u015f\u0131rd\u0131q\u201d. Q\u0259hr\u0259man d\u00f6y\u00fc\u015f\u00e7\u00fc K\u0259lb\u0259c\u0259r rayonunun \u015e\u0131rran kahas\u0131nda d\u0259fn edilib. <\/p>\n\n\n\n<p>\u015e\u0259hid Abdullayev V\u00fcqar bir m\u00fcdd\u0259t itkin hesab olunub v\u0259 Z\u0259rdab rayon\nM\u0259hk\u0259m\u0259sinin 1996-ci il tarixli 2-78 sayl\u0131 Q\u0259tnam\u0259sin\u0259 \u0259sas\u0259n ona \u015f\u0259hidlik\nstatusu verilib. <\/p>\n\n\n\n<p>Uzun m\u00fcdd\u0259t itkin hesab edil\u0259n \u00f6vlad\u0131ndan x\u0259b\u0259r\ng\u00f6zl\u0259y\u0259n anas\u0131n\u0131n g\u00f6zl\u0259ri a\u011flamaqdan kor olub. Ba\u015fl\u0131bel faci\u0259si ictimaiyy\u0259t\u0259\na\u00e7\u0131qlanandan sonra, hadis\u0259 \u015fahidl\u0259rinin ifad\u0259l\u0259rind\u0259n V\u00fcqar\u0131n q\u0259hr\u0259manl\u0131qla \u015f\u0259hid\nolmas\u0131 m\u0259lum oldu.<\/p>\n\n\n\n<p>M\u0259lumat \u00fc\u00e7\u00fcn bildir\u0259k ki, K\u0259lb\u0259c\u0259r rayonunun i\u015f\u011fal\u0131 zaman\u0131 2000 n\u0259f\u0259rd\u0259n \u00e7ox \u0259halisi olan Ba\u015fl\u0131bel k\u0259ndinin 73 sakini evl\u0259rini t\u0259rk ed\u0259 bilm\u0259diyind\u0259n d\u00fc\u015fm\u0259n ordunun m\u00fchasir\u0259sind\u0259 qal\u0131b. Aprelin 2-d\u0259 k\u0259nd sakinl\u0259rinin bir qrupu m\u00fchasir\u0259d\u0259n \u00e7\u0131xma\u011fa \u00e7al\u0131\u015fsalar da, buna nail ola bilm\u0259yibl\u0259r. Bu zaman sakinl\u0259rd\u0259n 9 n\u0259f\u0259r yolda q\u0259tl\u0259 yetirilib, 5 n\u0259f\u0259r girov g\u00f6t\u00fcr\u00fcl\u00fcb. Dig\u0259r 62 n\u0259f\u0259r is\u0259 da\u011flara \u00e7\u0259kil\u0259r\u0259k kahalara s\u0131\u011f\u0131nmaqla \u00f6zl\u0259rini qoruma\u011fa \u00e7al\u0131\u015f\u0131blar. Aprelin 18-d\u0259 erm\u0259ni quldurlar\u0131 dinc sakinl\u0259rin s\u0131\u011f\u0131nd\u0131\u011f\u0131 kahalar\u0131n yerini a\u015fkarlad\u0131qdan sonra onlar\u0131n \u00fcz\u0259rin\u0259 silahl\u0131 h\u00fccuma ke\u00e7ibl\u0259r. H\u0259min gec\u0259 k\u0259ndd\u0259n bir q\u0259d\u0259r yuxar\u0131da yerl\u0259\u015f\u0259n \u201cPortda\u201d kahalar\u0131na s\u0131\u011f\u0131nm\u0131\u015f sakinl\u0259rin \u00fcz\u0259rin\u0259 amans\u0131z h\u00fccum zaman\u0131 dinc sakinl\u0259rd\u0259n 14 n\u0259f\u0259r girov g\u00f6t\u00fcr\u00fcl\u00fcb, 18 n\u0259f\u0259r q\u0259tl\u0259 yetirilib. Sa\u011f qalan 30 n\u0259f\u0259r is\u0259 s\u0131\u011f\u0131nacaq yerl\u0259rini k\u0259ndin \u0259razisind\u0259ki dig\u0259r kahalara d\u0259yi\u015f\u0259r\u0259k m\u00fchasir\u0259 h\u0259yat\u0131n\u0131 davam etdirib. Onlar 113 g\u00fcnd\u0259n sonra \u2013 iyulun 17-d\u0259 s\u0131\u011f\u0131naca\u011f\u0131 t\u0259rk ed\u0259r\u0259k yaln\u0131z gec\u0259l\u0259r gizli da\u011f yollar\u0131 il\u0259 Erm\u0259nistan ordusunun m\u00fchasir\u0259sind\u0259n \u00e7\u0131xa bilibl\u0259r.<\/p>\n\n\n\n<p>Sonda REAL TV-nin bir ne\u00e7\u0259 g\u00fcn \u00f6nc\u0259 \u0259razid\u0259n yay\u0131mlad\u0131\u011f\u0131 videomaterial\u0131 da t\u0259qdim edirik. <\/p>\n\n\n\n<p><strong>Zerdab.com<\/strong><\/p>\n\n\n\n<figure class=\"wp-block-embed-youtube wp-block-embed is-type-video is-provider-youtube wp-embed-aspect-16-9 wp-has-aspect-ratio\"><div class=\"wp-block-embed__wrapper\">\n<div class=\"youtube-embed\" data-video_id=\"r8usbMxMr6s\"><iframe loading=\"lazy\" width=\"696\" height=\"392\" src=\"https:\/\/www.youtube.com\/embed\/r8usbMxMr6s?feature=oembed&#038;enablejsapi=1&#038;enablejsapi=1\" frameborder=\"0\" allow=\"accelerometer; autoplay; clipboard-write; encrypted-media; gyroscope; picture-in-picture\" allowfullscreen><\/iframe><\/div>\n<\/div><\/figure>\n\n\n\n<p><a href=\"\"><\/a><\/p>\n","protected":false},"excerpt":{"rendered":"<p>Z\u0259rdab rayonunun Qarav\u0259lli k\u0259nd sakini, Abdullayev V\u00fcqar \u0130sa o\u011flu 1993-c\u00fc ild\u0259 K\u0259lb\u0259c\u0259r rayonunun Ba\u015fl\u0131bel k\u0259ndi u\u011frunda ged\u0259n d\u00f6y\u00fc\u015fl\u0259rd\u0259 q\u0259hr\u0259mancas\u0131na \u015f\u0259hid olub. Onun \u00f6l\u00fcm x\u0259b\u0259ri ail\u0259sin\u0259 verils\u0259 d\u0259, n\u0259\u015fi tap\u0131lmay\u0131b. Bir ne\u00e7\u0259 g\u00fcn \u00f6nc\u0259 ail\u0259y\u0259 Abdullayev V\u00fcqar \u0130sa o\u011flunun m\u0259zar\u0131n\u0131n K\u0259lb\u0259c\u0259r rayonunun \u015e\u0131rram kahas\u0131 adlanan \u0259razid\u0259 tap\u0131ld\u0131\u011f\u0131 x\u0259b\u0259ri verilib. Z\u0259rdab Rayon \u0130cra Hakimiyy\u0259tinin ba\u015f\u00e7\u0131s\u0131 M\u0259rdan Camalzad\u0259, [&hellip;]<\/p>\n","protected":false},"author":1,"featured_media":0,"comment_status":"open","ping_status":"open","sticky":false,"template":"","format":"standard","meta":{"footnotes":""},"categories":[63,5],"tags":[],"class_list":{"0":"post-28988","1":"post","2":"type-post","3":"status-publish","4":"format-standard","6":"category-manset","7":"category-knd"},"yoast_head":"<!-- This site is optimized with the Yoast SEO plugin v27.0 - https:\/\/yoast.com\/product\/yoast-seo-wordpress\/ -->\n<title>Z\u0259rdabl\u0131 q\u0259hr\u0259man\u0131n m\u0259zar\u0131 28 il sonra tap\u0131ld\u0131 - FOTOLAR + V\u0130DEO - Z\u0259rdab.com<\/title>\n<meta name=\"robots\" content=\"index, follow, max-snippet:-1, max-image-preview:large, max-video-preview:-1\" \/>\n<link rel=\"canonical\" href=\"https:\/\/www.zerdab.com\/?p=28988\" \/>\n<meta property=\"og:locale\" content=\"az_AZ\" \/>\n<meta property=\"og:type\" content=\"article\" \/>\n<meta property=\"og:title\" content=\"Z\u0259rdabl\u0131 q\u0259hr\u0259man\u0131n m\u0259zar\u0131 28 il sonra tap\u0131ld\u0131 - FOTOLAR + V\u0130DEO - Z\u0259rdab.com\" \/>\n<meta property=\"og:description\" content=\"Z\u0259rdab rayonunun Qarav\u0259lli k\u0259nd sakini, Abdullayev V\u00fcqar \u0130sa o\u011flu 1993-c\u00fc ild\u0259 K\u0259lb\u0259c\u0259r rayonunun Ba\u015fl\u0131bel k\u0259ndi u\u011frunda ged\u0259n d\u00f6y\u00fc\u015fl\u0259rd\u0259 q\u0259hr\u0259mancas\u0131na \u015f\u0259hid olub. Onun \u00f6l\u00fcm x\u0259b\u0259ri ail\u0259sin\u0259 verils\u0259 d\u0259, n\u0259\u015fi tap\u0131lmay\u0131b. Bir ne\u00e7\u0259 g\u00fcn \u00f6nc\u0259 ail\u0259y\u0259 Abdullayev V\u00fcqar \u0130sa o\u011flunun m\u0259zar\u0131n\u0131n K\u0259lb\u0259c\u0259r rayonunun \u015e\u0131rram kahas\u0131 adlanan \u0259razid\u0259 tap\u0131ld\u0131\u011f\u0131 x\u0259b\u0259ri verilib. Z\u0259rdab Rayon \u0130cra Hakimiyy\u0259tinin ba\u015f\u00e7\u0131s\u0131 M\u0259rdan Camalzad\u0259, [&hellip;]\" \/>\n<meta property=\"og:url\" content=\"https:\/\/www.zerdab.com\/?p=28988\" \/>\n<meta property=\"og:site_name\" content=\"Z\u0259rdab.com\" \/>\n<meta property=\"article:published_time\" content=\"2021-04-22T09:16:10+00:00\" \/>\n<meta property=\"article:modified_time\" content=\"2021-04-22T09:24:32+00:00\" \/>\n<meta property=\"og:image\" content=\"http:\/\/www.zerdab.com\/wp-content\/uploads\/2021\/04\/vuqar-abdullayev-zerdab-452x550.jpg\" \/>\n<meta name=\"author\" content=\"admin\" \/>\n<meta name=\"twitter:card\" content=\"summary_large_image\" \/>\n<meta name=\"twitter:label1\" content=\"Written by\" \/>\n\t<meta name=\"twitter:data1\" content=\"admin\" \/>\n\t<meta name=\"twitter:label2\" content=\"Est. reading time\" \/>\n\t<meta name=\"twitter:data2\" content=\"5 minutes\" \/>\n<script type=\"application\/ld+json\" class=\"yoast-schema-graph\">{\"@context\":\"https:\/\/schema.org\",\"@graph\":[{\"@type\":\"Article\",\"@id\":\"https:\/\/www.zerdab.com\/?p=28988#article\",\"isPartOf\":{\"@id\":\"https:\/\/www.zerdab.com\/?p=28988\"},\"author\":{\"name\":\"admin\",\"@id\":\"https:\/\/www.zerdab.com\/#\/schema\/person\/97079b7570c1e89ec0d9e138c3672136\"},\"headline\":\"Z\u0259rdabl\u0131 q\u0259hr\u0259man\u0131n m\u0259zar\u0131 28 il sonra tap\u0131ld\u0131 &#8211; FOTOLAR + V\u0130DEO\",\"datePublished\":\"2021-04-22T09:16:10+00:00\",\"dateModified\":\"2021-04-22T09:24:32+00:00\",\"mainEntityOfPage\":{\"@id\":\"https:\/\/www.zerdab.com\/?p=28988\"},\"wordCount\":972,\"commentCount\":0,\"image\":{\"@id\":\"https:\/\/www.zerdab.com\/?p=28988#primaryimage\"},\"thumbnailUrl\":\"http:\/\/www.zerdab.com\/wp-content\/uploads\/2021\/04\/vuqar-abdullayev-zerdab-452x550.jpg\",\"articleSection\":[\"MAN\u015eET\",\"X\u018fB\u018fRL\u018fR\"],\"inLanguage\":\"az\",\"potentialAction\":[{\"@type\":\"CommentAction\",\"name\":\"Comment\",\"target\":[\"https:\/\/www.zerdab.com\/?p=28988#respond\"]}]},{\"@type\":\"WebPage\",\"@id\":\"https:\/\/www.zerdab.com\/?p=28988\",\"url\":\"https:\/\/www.zerdab.com\/?p=28988\",\"name\":\"Z\u0259rdabl\u0131 q\u0259hr\u0259man\u0131n m\u0259zar\u0131 28 il sonra tap\u0131ld\u0131 - FOTOLAR + V\u0130DEO - Z\u0259rdab.com\",\"isPartOf\":{\"@id\":\"https:\/\/www.zerdab.com\/#website\"},\"primaryImageOfPage\":{\"@id\":\"https:\/\/www.zerdab.com\/?p=28988#primaryimage\"},\"image\":{\"@id\":\"https:\/\/www.zerdab.com\/?p=28988#primaryimage\"},\"thumbnailUrl\":\"http:\/\/www.zerdab.com\/wp-content\/uploads\/2021\/04\/vuqar-abdullayev-zerdab-452x550.jpg\",\"datePublished\":\"2021-04-22T09:16:10+00:00\",\"dateModified\":\"2021-04-22T09:24:32+00:00\",\"author\":{\"@id\":\"https:\/\/www.zerdab.com\/#\/schema\/person\/97079b7570c1e89ec0d9e138c3672136\"},\"breadcrumb\":{\"@id\":\"https:\/\/www.zerdab.com\/?p=28988#breadcrumb\"},\"inLanguage\":\"az\",\"potentialAction\":[{\"@type\":\"ReadAction\",\"target\":[\"https:\/\/www.zerdab.com\/?p=28988\"]}]},{\"@type\":\"ImageObject\",\"inLanguage\":\"az\",\"@id\":\"https:\/\/www.zerdab.com\/?p=28988#primaryimage\",\"url\":\"https:\/\/www.zerdab.com\/wp-content\/uploads\/2021\/04\/vuqar-abdullayev-zerdab.jpg\",\"contentUrl\":\"https:\/\/www.zerdab.com\/wp-content\/uploads\/2021\/04\/vuqar-abdullayev-zerdab.jpg\",\"width\":605,\"height\":736},{\"@type\":\"BreadcrumbList\",\"@id\":\"https:\/\/www.zerdab.com\/?p=28988#breadcrumb\",\"itemListElement\":[{\"@type\":\"ListItem\",\"position\":1,\"name\":\"Home\",\"item\":\"https:\/\/www.zerdab.com\/\"},{\"@type\":\"ListItem\",\"position\":2,\"name\":\"Z\u0259rdabl\u0131 q\u0259hr\u0259man\u0131n m\u0259zar\u0131 28 il sonra tap\u0131ld\u0131 &#8211; FOTOLAR + V\u0130DEO\"}]},{\"@type\":\"WebSite\",\"@id\":\"https:\/\/www.zerdab.com\/#website\",\"url\":\"https:\/\/www.zerdab.com\/\",\"name\":\"Z\u0259rdab.com\",\"description\":\"\",\"potentialAction\":[{\"@type\":\"SearchAction\",\"target\":{\"@type\":\"EntryPoint\",\"urlTemplate\":\"https:\/\/www.zerdab.com\/?s={search_term_string}\"},\"query-input\":{\"@type\":\"PropertyValueSpecification\",\"valueRequired\":true,\"valueName\":\"search_term_string\"}}],\"inLanguage\":\"az\"},{\"@type\":\"Person\",\"@id\":\"https:\/\/www.zerdab.com\/#\/schema\/person\/97079b7570c1e89ec0d9e138c3672136\",\"name\":\"admin\",\"image\":{\"@type\":\"ImageObject\",\"inLanguage\":\"az\",\"@id\":\"https:\/\/www.zerdab.com\/#\/schema\/person\/image\/\",\"url\":\"https:\/\/secure.gravatar.com\/avatar\/d9c52a9a27c32119cb6679a077fa3e2779e5f822c451cbf01098004361d466ec?s=96&d=mm&r=g\",\"contentUrl\":\"https:\/\/secure.gravatar.com\/avatar\/d9c52a9a27c32119cb6679a077fa3e2779e5f822c451cbf01098004361d466ec?s=96&d=mm&r=g\",\"caption\":\"admin\"},\"url\":\"https:\/\/www.zerdab.com\/?author=1\"}]}<\/script>\n<!-- \/ Yoast SEO plugin. -->","yoast_head_json":{"title":"Z\u0259rdabl\u0131 q\u0259hr\u0259man\u0131n m\u0259zar\u0131 28 il sonra tap\u0131ld\u0131 - FOTOLAR + V\u0130DEO - Z\u0259rdab.com","robots":{"index":"index","follow":"follow","max-snippet":"max-snippet:-1","max-image-preview":"max-image-preview:large","max-video-preview":"max-video-preview:-1"},"canonical":"https:\/\/www.zerdab.com\/?p=28988","og_locale":"az_AZ","og_type":"article","og_title":"Z\u0259rdabl\u0131 q\u0259hr\u0259man\u0131n m\u0259zar\u0131 28 il sonra tap\u0131ld\u0131 - FOTOLAR + V\u0130DEO - Z\u0259rdab.com","og_description":"Z\u0259rdab rayonunun Qarav\u0259lli k\u0259nd sakini, Abdullayev V\u00fcqar \u0130sa o\u011flu 1993-c\u00fc ild\u0259 K\u0259lb\u0259c\u0259r rayonunun Ba\u015fl\u0131bel k\u0259ndi u\u011frunda ged\u0259n d\u00f6y\u00fc\u015fl\u0259rd\u0259 q\u0259hr\u0259mancas\u0131na \u015f\u0259hid olub. Onun \u00f6l\u00fcm x\u0259b\u0259ri ail\u0259sin\u0259 verils\u0259 d\u0259, n\u0259\u015fi tap\u0131lmay\u0131b. Bir ne\u00e7\u0259 g\u00fcn \u00f6nc\u0259 ail\u0259y\u0259 Abdullayev V\u00fcqar \u0130sa o\u011flunun m\u0259zar\u0131n\u0131n K\u0259lb\u0259c\u0259r rayonunun \u015e\u0131rram kahas\u0131 adlanan \u0259razid\u0259 tap\u0131ld\u0131\u011f\u0131 x\u0259b\u0259ri verilib. Z\u0259rdab Rayon \u0130cra Hakimiyy\u0259tinin ba\u015f\u00e7\u0131s\u0131 M\u0259rdan Camalzad\u0259, [&hellip;]","og_url":"https:\/\/www.zerdab.com\/?p=28988","og_site_name":"Z\u0259rdab.com","article_published_time":"2021-04-22T09:16:10+00:00","article_modified_time":"2021-04-22T09:24:32+00:00","og_image":[{"url":"http:\/\/www.zerdab.com\/wp-content\/uploads\/2021\/04\/vuqar-abdullayev-zerdab-452x550.jpg","type":"","width":"","height":""}],"author":"admin","twitter_card":"summary_large_image","twitter_misc":{"Written by":"admin","Est. reading time":"5 minutes"},"schema":{"@context":"https:\/\/schema.org","@graph":[{"@type":"Article","@id":"https:\/\/www.zerdab.com\/?p=28988#article","isPartOf":{"@id":"https:\/\/www.zerdab.com\/?p=28988"},"author":{"name":"admin","@id":"https:\/\/www.zerdab.com\/#\/schema\/person\/97079b7570c1e89ec0d9e138c3672136"},"headline":"Z\u0259rdabl\u0131 q\u0259hr\u0259man\u0131n m\u0259zar\u0131 28 il sonra tap\u0131ld\u0131 &#8211; FOTOLAR + V\u0130DEO","datePublished":"2021-04-22T09:16:10+00:00","dateModified":"2021-04-22T09:24:32+00:00","mainEntityOfPage":{"@id":"https:\/\/www.zerdab.com\/?p=28988"},"wordCount":972,"commentCount":0,"image":{"@id":"https:\/\/www.zerdab.com\/?p=28988#primaryimage"},"thumbnailUrl":"http:\/\/www.zerdab.com\/wp-content\/uploads\/2021\/04\/vuqar-abdullayev-zerdab-452x550.jpg","articleSection":["MAN\u015eET","X\u018fB\u018fRL\u018fR"],"inLanguage":"az","potentialAction":[{"@type":"CommentAction","name":"Comment","target":["https:\/\/www.zerdab.com\/?p=28988#respond"]}]},{"@type":"WebPage","@id":"https:\/\/www.zerdab.com\/?p=28988","url":"https:\/\/www.zerdab.com\/?p=28988","name":"Z\u0259rdabl\u0131 q\u0259hr\u0259man\u0131n m\u0259zar\u0131 28 il sonra tap\u0131ld\u0131 - FOTOLAR + V\u0130DEO - Z\u0259rdab.com","isPartOf":{"@id":"https:\/\/www.zerdab.com\/#website"},"primaryImageOfPage":{"@id":"https:\/\/www.zerdab.com\/?p=28988#primaryimage"},"image":{"@id":"https:\/\/www.zerdab.com\/?p=28988#primaryimage"},"thumbnailUrl":"http:\/\/www.zerdab.com\/wp-content\/uploads\/2021\/04\/vuqar-abdullayev-zerdab-452x550.jpg","datePublished":"2021-04-22T09:16:10+00:00","dateModified":"2021-04-22T09:24:32+00:00","author":{"@id":"https:\/\/www.zerdab.com\/#\/schema\/person\/97079b7570c1e89ec0d9e138c3672136"},"breadcrumb":{"@id":"https:\/\/www.zerdab.com\/?p=28988#breadcrumb"},"inLanguage":"az","potentialAction":[{"@type":"ReadAction","target":["https:\/\/www.zerdab.com\/?p=28988"]}]},{"@type":"ImageObject","inLanguage":"az","@id":"https:\/\/www.zerdab.com\/?p=28988#primaryimage","url":"https:\/\/www.zerdab.com\/wp-content\/uploads\/2021\/04\/vuqar-abdullayev-zerdab.jpg","contentUrl":"https:\/\/www.zerdab.com\/wp-content\/uploads\/2021\/04\/vuqar-abdullayev-zerdab.jpg","width":605,"height":736},{"@type":"BreadcrumbList","@id":"https:\/\/www.zerdab.com\/?p=28988#breadcrumb","itemListElement":[{"@type":"ListItem","position":1,"name":"Home","item":"https:\/\/www.zerdab.com\/"},{"@type":"ListItem","position":2,"name":"Z\u0259rdabl\u0131 q\u0259hr\u0259man\u0131n m\u0259zar\u0131 28 il sonra tap\u0131ld\u0131 &#8211; FOTOLAR + V\u0130DEO"}]},{"@type":"WebSite","@id":"https:\/\/www.zerdab.com\/#website","url":"https:\/\/www.zerdab.com\/","name":"Z\u0259rdab.com","description":"","potentialAction":[{"@type":"SearchAction","target":{"@type":"EntryPoint","urlTemplate":"https:\/\/www.zerdab.com\/?s={search_term_string}"},"query-input":{"@type":"PropertyValueSpecification","valueRequired":true,"valueName":"search_term_string"}}],"inLanguage":"az"},{"@type":"Person","@id":"https:\/\/www.zerdab.com\/#\/schema\/person\/97079b7570c1e89ec0d9e138c3672136","name":"admin","image":{"@type":"ImageObject","inLanguage":"az","@id":"https:\/\/www.zerdab.com\/#\/schema\/person\/image\/","url":"https:\/\/secure.gravatar.com\/avatar\/d9c52a9a27c32119cb6679a077fa3e2779e5f822c451cbf01098004361d466ec?s=96&d=mm&r=g","contentUrl":"https:\/\/secure.gravatar.com\/avatar\/d9c52a9a27c32119cb6679a077fa3e2779e5f822c451cbf01098004361d466ec?s=96&d=mm&r=g","caption":"admin"},"url":"https:\/\/www.zerdab.com\/?author=1"}]}},"_links":{"self":[{"href":"https:\/\/www.zerdab.com\/index.php?rest_route=\/wp\/v2\/posts\/28988","targetHints":{"allow":["GET"]}}],"collection":[{"href":"https:\/\/www.zerdab.com\/index.php?rest_route=\/wp\/v2\/posts"}],"about":[{"href":"https:\/\/www.zerdab.com\/index.php?rest_route=\/wp\/v2\/types\/post"}],"author":[{"embeddable":true,"href":"https:\/\/www.zerdab.com\/index.php?rest_route=\/wp\/v2\/users\/1"}],"replies":[{"embeddable":true,"href":"https:\/\/www.zerdab.com\/index.php?rest_route=%2Fwp%2Fv2%2Fcomments&post=28988"}],"version-history":[{"count":5,"href":"https:\/\/www.zerdab.com\/index.php?rest_route=\/wp\/v2\/posts\/28988\/revisions"}],"predecessor-version":[{"id":28997,"href":"https:\/\/www.zerdab.com\/index.php?rest_route=\/wp\/v2\/posts\/28988\/revisions\/28997"}],"wp:attachment":[{"href":"https:\/\/www.zerdab.com\/index.php?rest_route=%2Fwp%2Fv2%2Fmedia&parent=28988"}],"wp:term":[{"taxonomy":"category","embeddable":true,"href":"https:\/\/www.zerdab.com\/index.php?rest_route=%2Fwp%2Fv2%2Fcategories&post=28988"},{"taxonomy":"post_tag","embeddable":true,"href":"https:\/\/www.zerdab.com\/index.php?rest_route=%2Fwp%2Fv2%2Ftags&post=28988"}],"curies":[{"name":"wp","href":"https:\/\/api.w.org\/{rel}","templated":true}]}}