{"id":29048,"date":"2021-06-14T13:08:58","date_gmt":"2021-06-14T09:08:58","guid":{"rendered":"http:\/\/www.zerdab.com\/?p=29048"},"modified":"2021-06-14T13:09:00","modified_gmt":"2021-06-14T09:09:00","slug":"z%c9%99rdabda-abad-m%c9%99h%c9%99ll%c9%99nin-acilisi-oldu-fotolar","status":"publish","type":"post","link":"https:\/\/www.zerdab.com\/?p=29048","title":{"rendered":"Z\u0259rdabda \u201cAbad m\u0259h\u0259ll\u0259\u201dnin a\u00e7\u0131l\u0131\u015f\u0131 oldu &#8211; Fotolar"},"content":{"rendered":"\n<p>Z\u0259rdabda 15 iyun &#8211; Milli Qurtulu\u015f g\u00fcn\u00fc v\u0259 \u015f\u0259h\u0259r \u0259razisind\u0259 tikilmi\u015f \u201cAbad m\u0259h\u0259ll\u0259\u201dnin a\u00e7\u0131l\u0131\u015f\u0131 m\u00fcnasib\u0259til\u0259 t\u0259dbir ke\u00e7irilib. <\/p>\n\n\n\n<p>Rayon \u0130cra Hakimiyy\u0259tind\u0259n <strong>Zerdab.com<\/strong> sayt\u0131na veril\u0259n m\u0259lumata g\u00f6r\u0259, \u0259vv\u0259lc\u0259 rayon r\u0259hb\u0259rliyi, h\u00fcquq-m\u00fchafiz\u0259 orqanlar\u0131n\u0131n r\u0259hb\u0259rl\u0259ri, Milli M\u0259clisin deputat\u0131 t\u0259r\u0259find\u0259n \u00dcmummilli liderin abid\u0259si ziyar\u0259t olunub.<br>T\u0259dbird\u0259 \u00e7\u0131x\u0131\u015f ed\u0259n Rayon \u0130cra Hakimiyy\u0259tinin ba\u015f\u00e7\u0131s\u0131 M\u0259rdan Camalzad\u0259 rayon sakinl\u0259rini Milli Qurtulu\u015f g\u00fcn\u00fc m\u00fcnasib\u0259til\u0259 t\u0259brik edib. <\/p>\n\n\n\n<p>Qazan\u0131lan b\u00fct\u00fcn nailiyy\u0259tl\u0259rin \u0259sas\u0131nda \u00dcmummilli lider Heyd\u0259r \u018fliyev t\u0259r\u0259find\u0259n m\u00fc\u0259yy\u0259nl\u0259\u015fdiril\u0259n siyasi kurs v\u0259 c\u0259nab Prezident \u0130lham \u018fliyevin bu siyasi kursu u\u011furla davam etdirm\u0259si fakt\u0131 dayanm\u0131\u015fd\u0131r v\u0259 bu g\u00fcn d\u0259 dayan\u0131r.<br>Daha sonra Z\u0259rdab \u015f\u0259h\u0259ri \u0259razisind\u0259 in\u015fa olunmu\u015f abad m\u0259h\u0259ll\u0259nin a\u00e7\u0131l\u0131\u015f\u0131 m\u00fcnasib\u0259til\u0259 m\u0259h\u0259ll\u0259 sakinl\u0259rini t\u0259brik ed\u0259n icra ba\u015f\u00e7\u0131s\u0131 burada g\u00f6r\u00fcl\u0259n i\u015fl\u0259r bar\u0259d\u0259 sakinl\u0259r\u0259 m\u0259lumat verib. <\/p>\n\n\n\n<p>Bildirilib ki, \u015f\u0259h\u0259rin Az\u0259rbaycan k\u00fc\u00e7\u0259si istiqam\u0259tind\u0259, 10-cu m\u0259h\u0259ll\u0259d\u0259 in\u015fa olunan sah\u0259si 0,54 ha olan abad m\u0259h\u0259ll\u0259nin tikintisin\u0259 cari ilin aprel ay\u0131nda ba\u015flan\u0131l\u0131b v\u0259 iyun ay\u0131nda y\u00fcks\u0259k keyfiyy\u0259tl\u0259 ba\u015fa \u00e7atd\u0131r\u0131l\u0131b. Abad m\u0259h\u0259ll\u0259d\u0259 1600 kv.metr sah\u0259y\u0259 dekorativ tamet tavalar vurulub, 400 p\/m bardyur d\u00fcz\u00fcl\u00fcb. Sakinl\u0259rin istirah\u0259ti \u00fc\u00e7\u00fcn\u00a0 4 \u0259d\u0259d k\u00f6lg\u0259lik, 10 \u0259d\u0259d dekorativ oturacaqlar qura\u015fd\u0131r\u0131l\u0131b, diametri 10 metr olan aqlay tavalarla \u00fczl\u0259nmi\u015f dair\u0259vi formal\u0131 oturacaq in\u015fa edilib. 2 \u0259d\u0259d \u0259yl\u0259nc\u0259 qur\u011fusu haz\u0131rlanaraq u\u015faqlar\u0131n istifad\u0259sin\u0259 verilib. \u018frazid\u0259 2000 kv.metr sah\u0259d\u0259 ya\u015f\u0131ll\u0131q zonas\u0131 sal\u0131n\u0131b, 100 \u0259d\u0259d h\u0259mi\u015f\u0259ya\u015f\u0131l a\u011faclar \u0259kilib.<br>T\u0259dbird\u0259 \u00e7\u0131x\u0131\u015f ed\u0259n mill\u0259t v\u0259kili Jal\u0259 \u018fliyeva t\u0259dbir i\u015ftirak\u00e7\u0131lar\u0131n\u0131 Milli Qurtulu\u015f G\u00fcn\u00fc v\u0259 \u201cAbad m\u0259h\u0259ll\u0259\u201dnin a\u00e7\u0131l\u0131\u015f\u0131 m\u00fcnasib\u0259til\u0259 t\u0259brik edib.<br>\u00c7\u0131x\u0131\u015f ed\u0259n m\u0259h\u0259ll\u0259 sakinl\u0259ri g\u00f6r\u00fcl\u0259n i\u015fl\u0259r\u0259 g\u00f6r\u0259 \u00f6lk\u0259 r\u0259hb\u0259rliyin\u0259 minn\u0259tdarl\u0131qlar\u0131n\u0131 bildiribl\u0259r.<\/p>\n\n\n\n<figure class=\"wp-block-image\"><img decoding=\"async\" src=\"http:\/\/zerdab-ih.gov.az\/userfiles\/images\/DSC_0025.JPG\" alt=\"\"\/><\/figure>\n\n\n\n<figure class=\"wp-block-image\"><img decoding=\"async\" src=\"http:\/\/zerdab-ih.gov.az\/userfiles\/images\/DSC_0031(2).JPG\" alt=\"\"\/><\/figure>\n\n\n\n<figure class=\"wp-block-image\"><img decoding=\"async\" src=\"http:\/\/zerdab-ih.gov.az\/userfiles\/images\/DSC_0046.JPG\" alt=\"\"\/><\/figure>\n\n\n\n<figure class=\"wp-block-image\"><img decoding=\"async\" src=\"http:\/\/zerdab-ih.gov.az\/userfiles\/images\/DSC_0051(3).JPG\" alt=\"\"\/><\/figure>\n\n\n\n<figure class=\"wp-block-image\"><img decoding=\"async\" src=\"http:\/\/zerdab-ih.gov.az\/userfiles\/images\/1(5).JPG\" alt=\"\"\/><\/figure>\n\n\n\n<figure class=\"wp-block-image\"><img decoding=\"async\" src=\"http:\/\/zerdab-ih.gov.az\/userfiles\/images\/2(5).JPG\" alt=\"\"\/><\/figure>\n\n\n\n<figure class=\"wp-block-image\"><img decoding=\"async\" src=\"http:\/\/zerdab-ih.gov.az\/userfiles\/images\/1623658812227.jpg\" alt=\"\"\/><\/figure>\n\n\n\n<figure class=\"wp-block-image\"><img decoding=\"async\" src=\"http:\/\/zerdab-ih.gov.az\/userfiles\/images\/1623658812224.jpg\" alt=\"\"\/><\/figure>\n\n\n\n<figure class=\"wp-block-image\"><img decoding=\"async\" src=\"http:\/\/zerdab-ih.gov.az\/userfiles\/images\/3(5).JPG\" alt=\"\"\/><\/figure>\n\n\n\n<figure class=\"wp-block-image\"><img decoding=\"async\" src=\"http:\/\/zerdab-ih.gov.az\/userfiles\/images\/4(5).JPG\" alt=\"\"\/><\/figure>\n\n\n\n<figure class=\"wp-block-image\"><img decoding=\"async\" src=\"http:\/\/zerdab-ih.gov.az\/userfiles\/images\/5(5).JPG\" alt=\"\"\/><\/figure>\n\n\n\n<figure class=\"wp-block-image\"><img decoding=\"async\" src=\"http:\/\/zerdab-ih.gov.az\/userfiles\/images\/1623658812220.jpg\" alt=\"\"\/><\/figure>\n","protected":false},"excerpt":{"rendered":"<p>Z\u0259rdabda 15 iyun &#8211; Milli Qurtulu\u015f g\u00fcn\u00fc v\u0259 \u015f\u0259h\u0259r \u0259razisind\u0259 tikilmi\u015f \u201cAbad m\u0259h\u0259ll\u0259\u201dnin a\u00e7\u0131l\u0131\u015f\u0131 m\u00fcnasib\u0259til\u0259 t\u0259dbir ke\u00e7irilib. Rayon \u0130cra Hakimiyy\u0259tind\u0259n Zerdab.com sayt\u0131na veril\u0259n m\u0259lumata g\u00f6r\u0259, \u0259vv\u0259lc\u0259 rayon r\u0259hb\u0259rliyi, h\u00fcquq-m\u00fchafiz\u0259 orqanlar\u0131n\u0131n r\u0259hb\u0259rl\u0259ri, Milli M\u0259clisin deputat\u0131 t\u0259r\u0259find\u0259n \u00dcmummilli liderin abid\u0259si ziyar\u0259t olunub.T\u0259dbird\u0259 \u00e7\u0131x\u0131\u015f ed\u0259n Rayon \u0130cra Hakimiyy\u0259tinin ba\u015f\u00e7\u0131s\u0131 M\u0259rdan Camalzad\u0259 rayon sakinl\u0259rini Milli Qurtulu\u015f g\u00fcn\u00fc m\u00fcnasib\u0259til\u0259 t\u0259brik [&hellip;]<\/p>\n","protected":false},"author":1,"featured_media":29049,"comment_status":"open","ping_status":"open","sticky":false,"template":"","format":"standard","meta":{"footnotes":""},"categories":[63,5],"tags":[],"class_list":{"0":"post-29048","1":"post","2":"type-post","3":"status-publish","4":"format-standard","5":"has-post-thumbnail","7":"category-manset","8":"category-knd"},"yoast_head":"<!-- This site is optimized with the Yoast SEO plugin v27.0 - https:\/\/yoast.com\/product\/yoast-seo-wordpress\/ -->\n<title>Z\u0259rdabda \u201cAbad m\u0259h\u0259ll\u0259\u201dnin a\u00e7\u0131l\u0131\u015f\u0131 oldu - Fotolar - Z\u0259rdab.com<\/title>\n<meta name=\"robots\" content=\"index, follow, max-snippet:-1, max-image-preview:large, max-video-preview:-1\" \/>\n<link rel=\"canonical\" href=\"https:\/\/www.zerdab.com\/?p=29048\" \/>\n<meta property=\"og:locale\" content=\"az_AZ\" \/>\n<meta property=\"og:type\" content=\"article\" \/>\n<meta property=\"og:title\" content=\"Z\u0259rdabda \u201cAbad m\u0259h\u0259ll\u0259\u201dnin a\u00e7\u0131l\u0131\u015f\u0131 oldu - Fotolar - Z\u0259rdab.com\" \/>\n<meta property=\"og:description\" content=\"Z\u0259rdabda 15 iyun &#8211; Milli Qurtulu\u015f g\u00fcn\u00fc v\u0259 \u015f\u0259h\u0259r \u0259razisind\u0259 tikilmi\u015f \u201cAbad m\u0259h\u0259ll\u0259\u201dnin a\u00e7\u0131l\u0131\u015f\u0131 m\u00fcnasib\u0259til\u0259 t\u0259dbir ke\u00e7irilib. Rayon \u0130cra Hakimiyy\u0259tind\u0259n Zerdab.com sayt\u0131na veril\u0259n m\u0259lumata g\u00f6r\u0259, \u0259vv\u0259lc\u0259 rayon r\u0259hb\u0259rliyi, h\u00fcquq-m\u00fchafiz\u0259 orqanlar\u0131n\u0131n r\u0259hb\u0259rl\u0259ri, Milli M\u0259clisin deputat\u0131 t\u0259r\u0259find\u0259n \u00dcmummilli liderin abid\u0259si ziyar\u0259t olunub.T\u0259dbird\u0259 \u00e7\u0131x\u0131\u015f ed\u0259n Rayon \u0130cra Hakimiyy\u0259tinin ba\u015f\u00e7\u0131s\u0131 M\u0259rdan Camalzad\u0259 rayon sakinl\u0259rini Milli Qurtulu\u015f g\u00fcn\u00fc m\u00fcnasib\u0259til\u0259 t\u0259brik [&hellip;]\" \/>\n<meta property=\"og:url\" content=\"https:\/\/www.zerdab.com\/?p=29048\" \/>\n<meta property=\"og:site_name\" content=\"Z\u0259rdab.com\" \/>\n<meta property=\"article:published_time\" content=\"2021-06-14T09:08:58+00:00\" \/>\n<meta property=\"article:modified_time\" content=\"2021-06-14T09:09:00+00:00\" \/>\n<meta property=\"og:image\" content=\"https:\/\/www.zerdab.com\/wp-content\/uploads\/2021\/06\/ZERDAB-ABAD-MEHELLE.jpg\" \/>\n\t<meta property=\"og:image:width\" content=\"968\" \/>\n\t<meta property=\"og:image:height\" content=\"680\" \/>\n\t<meta property=\"og:image:type\" content=\"image\/jpeg\" \/>\n<meta name=\"author\" content=\"admin\" \/>\n<meta name=\"twitter:card\" content=\"summary_large_image\" \/>\n<meta name=\"twitter:label1\" content=\"Written by\" \/>\n\t<meta name=\"twitter:data1\" content=\"admin\" \/>\n\t<meta name=\"twitter:label2\" content=\"Est. reading time\" \/>\n\t<meta name=\"twitter:data2\" content=\"2 minutes\" \/>\n<script type=\"application\/ld+json\" class=\"yoast-schema-graph\">{\"@context\":\"https:\/\/schema.org\",\"@graph\":[{\"@type\":\"Article\",\"@id\":\"https:\/\/www.zerdab.com\/?p=29048#article\",\"isPartOf\":{\"@id\":\"https:\/\/www.zerdab.com\/?p=29048\"},\"author\":{\"name\":\"admin\",\"@id\":\"https:\/\/www.zerdab.com\/#\/schema\/person\/97079b7570c1e89ec0d9e138c3672136\"},\"headline\":\"Z\u0259rdabda \u201cAbad m\u0259h\u0259ll\u0259\u201dnin a\u00e7\u0131l\u0131\u015f\u0131 oldu &#8211; Fotolar\",\"datePublished\":\"2021-06-14T09:08:58+00:00\",\"dateModified\":\"2021-06-14T09:09:00+00:00\",\"mainEntityOfPage\":{\"@id\":\"https:\/\/www.zerdab.com\/?p=29048\"},\"wordCount\":412,\"commentCount\":0,\"image\":{\"@id\":\"https:\/\/www.zerdab.com\/?p=29048#primaryimage\"},\"thumbnailUrl\":\"https:\/\/www.zerdab.com\/wp-content\/uploads\/2021\/06\/ZERDAB-ABAD-MEHELLE.jpg\",\"articleSection\":[\"MAN\u015eET\",\"X\u018fB\u018fRL\u018fR\"],\"inLanguage\":\"az\",\"potentialAction\":[{\"@type\":\"CommentAction\",\"name\":\"Comment\",\"target\":[\"https:\/\/www.zerdab.com\/?p=29048#respond\"]}]},{\"@type\":\"WebPage\",\"@id\":\"https:\/\/www.zerdab.com\/?p=29048\",\"url\":\"https:\/\/www.zerdab.com\/?p=29048\",\"name\":\"Z\u0259rdabda \u201cAbad m\u0259h\u0259ll\u0259\u201dnin a\u00e7\u0131l\u0131\u015f\u0131 oldu - Fotolar - Z\u0259rdab.com\",\"isPartOf\":{\"@id\":\"https:\/\/www.zerdab.com\/#website\"},\"primaryImageOfPage\":{\"@id\":\"https:\/\/www.zerdab.com\/?p=29048#primaryimage\"},\"image\":{\"@id\":\"https:\/\/www.zerdab.com\/?p=29048#primaryimage\"},\"thumbnailUrl\":\"https:\/\/www.zerdab.com\/wp-content\/uploads\/2021\/06\/ZERDAB-ABAD-MEHELLE.jpg\",\"datePublished\":\"2021-06-14T09:08:58+00:00\",\"dateModified\":\"2021-06-14T09:09:00+00:00\",\"author\":{\"@id\":\"https:\/\/www.zerdab.com\/#\/schema\/person\/97079b7570c1e89ec0d9e138c3672136\"},\"breadcrumb\":{\"@id\":\"https:\/\/www.zerdab.com\/?p=29048#breadcrumb\"},\"inLanguage\":\"az\",\"potentialAction\":[{\"@type\":\"ReadAction\",\"target\":[\"https:\/\/www.zerdab.com\/?p=29048\"]}]},{\"@type\":\"ImageObject\",\"inLanguage\":\"az\",\"@id\":\"https:\/\/www.zerdab.com\/?p=29048#primaryimage\",\"url\":\"https:\/\/www.zerdab.com\/wp-content\/uploads\/2021\/06\/ZERDAB-ABAD-MEHELLE.jpg\",\"contentUrl\":\"https:\/\/www.zerdab.com\/wp-content\/uploads\/2021\/06\/ZERDAB-ABAD-MEHELLE.jpg\",\"width\":968,\"height\":680,\"caption\":\"????????????????????????????????????\"},{\"@type\":\"BreadcrumbList\",\"@id\":\"https:\/\/www.zerdab.com\/?p=29048#breadcrumb\",\"itemListElement\":[{\"@type\":\"ListItem\",\"position\":1,\"name\":\"Home\",\"item\":\"https:\/\/www.zerdab.com\/\"},{\"@type\":\"ListItem\",\"position\":2,\"name\":\"Z\u0259rdabda \u201cAbad m\u0259h\u0259ll\u0259\u201dnin a\u00e7\u0131l\u0131\u015f\u0131 oldu &#8211; Fotolar\"}]},{\"@type\":\"WebSite\",\"@id\":\"https:\/\/www.zerdab.com\/#website\",\"url\":\"https:\/\/www.zerdab.com\/\",\"name\":\"Z\u0259rdab.com\",\"description\":\"\",\"potentialAction\":[{\"@type\":\"SearchAction\",\"target\":{\"@type\":\"EntryPoint\",\"urlTemplate\":\"https:\/\/www.zerdab.com\/?s={search_term_string}\"},\"query-input\":{\"@type\":\"PropertyValueSpecification\",\"valueRequired\":true,\"valueName\":\"search_term_string\"}}],\"inLanguage\":\"az\"},{\"@type\":\"Person\",\"@id\":\"https:\/\/www.zerdab.com\/#\/schema\/person\/97079b7570c1e89ec0d9e138c3672136\",\"name\":\"admin\",\"image\":{\"@type\":\"ImageObject\",\"inLanguage\":\"az\",\"@id\":\"https:\/\/www.zerdab.com\/#\/schema\/person\/image\/\",\"url\":\"https:\/\/secure.gravatar.com\/avatar\/d9c52a9a27c32119cb6679a077fa3e2779e5f822c451cbf01098004361d466ec?s=96&d=mm&r=g\",\"contentUrl\":\"https:\/\/secure.gravatar.com\/avatar\/d9c52a9a27c32119cb6679a077fa3e2779e5f822c451cbf01098004361d466ec?s=96&d=mm&r=g\",\"caption\":\"admin\"},\"url\":\"https:\/\/www.zerdab.com\/?author=1\"}]}<\/script>\n<!-- \/ Yoast SEO plugin. -->","yoast_head_json":{"title":"Z\u0259rdabda \u201cAbad m\u0259h\u0259ll\u0259\u201dnin a\u00e7\u0131l\u0131\u015f\u0131 oldu - Fotolar - Z\u0259rdab.com","robots":{"index":"index","follow":"follow","max-snippet":"max-snippet:-1","max-image-preview":"max-image-preview:large","max-video-preview":"max-video-preview:-1"},"canonical":"https:\/\/www.zerdab.com\/?p=29048","og_locale":"az_AZ","og_type":"article","og_title":"Z\u0259rdabda \u201cAbad m\u0259h\u0259ll\u0259\u201dnin a\u00e7\u0131l\u0131\u015f\u0131 oldu - Fotolar - Z\u0259rdab.com","og_description":"Z\u0259rdabda 15 iyun &#8211; Milli Qurtulu\u015f g\u00fcn\u00fc v\u0259 \u015f\u0259h\u0259r \u0259razisind\u0259 tikilmi\u015f \u201cAbad m\u0259h\u0259ll\u0259\u201dnin a\u00e7\u0131l\u0131\u015f\u0131 m\u00fcnasib\u0259til\u0259 t\u0259dbir ke\u00e7irilib. Rayon \u0130cra Hakimiyy\u0259tind\u0259n Zerdab.com sayt\u0131na veril\u0259n m\u0259lumata g\u00f6r\u0259, \u0259vv\u0259lc\u0259 rayon r\u0259hb\u0259rliyi, h\u00fcquq-m\u00fchafiz\u0259 orqanlar\u0131n\u0131n r\u0259hb\u0259rl\u0259ri, Milli M\u0259clisin deputat\u0131 t\u0259r\u0259find\u0259n \u00dcmummilli liderin abid\u0259si ziyar\u0259t olunub.T\u0259dbird\u0259 \u00e7\u0131x\u0131\u015f ed\u0259n Rayon \u0130cra Hakimiyy\u0259tinin ba\u015f\u00e7\u0131s\u0131 M\u0259rdan Camalzad\u0259 rayon sakinl\u0259rini Milli Qurtulu\u015f g\u00fcn\u00fc m\u00fcnasib\u0259til\u0259 t\u0259brik [&hellip;]","og_url":"https:\/\/www.zerdab.com\/?p=29048","og_site_name":"Z\u0259rdab.com","article_published_time":"2021-06-14T09:08:58+00:00","article_modified_time":"2021-06-14T09:09:00+00:00","og_image":[{"width":968,"height":680,"url":"https:\/\/www.zerdab.com\/wp-content\/uploads\/2021\/06\/ZERDAB-ABAD-MEHELLE.jpg","type":"image\/jpeg"}],"author":"admin","twitter_card":"summary_large_image","twitter_misc":{"Written by":"admin","Est. reading time":"2 minutes"},"schema":{"@context":"https:\/\/schema.org","@graph":[{"@type":"Article","@id":"https:\/\/www.zerdab.com\/?p=29048#article","isPartOf":{"@id":"https:\/\/www.zerdab.com\/?p=29048"},"author":{"name":"admin","@id":"https:\/\/www.zerdab.com\/#\/schema\/person\/97079b7570c1e89ec0d9e138c3672136"},"headline":"Z\u0259rdabda \u201cAbad m\u0259h\u0259ll\u0259\u201dnin a\u00e7\u0131l\u0131\u015f\u0131 oldu &#8211; Fotolar","datePublished":"2021-06-14T09:08:58+00:00","dateModified":"2021-06-14T09:09:00+00:00","mainEntityOfPage":{"@id":"https:\/\/www.zerdab.com\/?p=29048"},"wordCount":412,"commentCount":0,"image":{"@id":"https:\/\/www.zerdab.com\/?p=29048#primaryimage"},"thumbnailUrl":"https:\/\/www.zerdab.com\/wp-content\/uploads\/2021\/06\/ZERDAB-ABAD-MEHELLE.jpg","articleSection":["MAN\u015eET","X\u018fB\u018fRL\u018fR"],"inLanguage":"az","potentialAction":[{"@type":"CommentAction","name":"Comment","target":["https:\/\/www.zerdab.com\/?p=29048#respond"]}]},{"@type":"WebPage","@id":"https:\/\/www.zerdab.com\/?p=29048","url":"https:\/\/www.zerdab.com\/?p=29048","name":"Z\u0259rdabda \u201cAbad m\u0259h\u0259ll\u0259\u201dnin a\u00e7\u0131l\u0131\u015f\u0131 oldu - Fotolar - Z\u0259rdab.com","isPartOf":{"@id":"https:\/\/www.zerdab.com\/#website"},"primaryImageOfPage":{"@id":"https:\/\/www.zerdab.com\/?p=29048#primaryimage"},"image":{"@id":"https:\/\/www.zerdab.com\/?p=29048#primaryimage"},"thumbnailUrl":"https:\/\/www.zerdab.com\/wp-content\/uploads\/2021\/06\/ZERDAB-ABAD-MEHELLE.jpg","datePublished":"2021-06-14T09:08:58+00:00","dateModified":"2021-06-14T09:09:00+00:00","author":{"@id":"https:\/\/www.zerdab.com\/#\/schema\/person\/97079b7570c1e89ec0d9e138c3672136"},"breadcrumb":{"@id":"https:\/\/www.zerdab.com\/?p=29048#breadcrumb"},"inLanguage":"az","potentialAction":[{"@type":"ReadAction","target":["https:\/\/www.zerdab.com\/?p=29048"]}]},{"@type":"ImageObject","inLanguage":"az","@id":"https:\/\/www.zerdab.com\/?p=29048#primaryimage","url":"https:\/\/www.zerdab.com\/wp-content\/uploads\/2021\/06\/ZERDAB-ABAD-MEHELLE.jpg","contentUrl":"https:\/\/www.zerdab.com\/wp-content\/uploads\/2021\/06\/ZERDAB-ABAD-MEHELLE.jpg","width":968,"height":680,"caption":"????????????????????????????????????"},{"@type":"BreadcrumbList","@id":"https:\/\/www.zerdab.com\/?p=29048#breadcrumb","itemListElement":[{"@type":"ListItem","position":1,"name":"Home","item":"https:\/\/www.zerdab.com\/"},{"@type":"ListItem","position":2,"name":"Z\u0259rdabda \u201cAbad m\u0259h\u0259ll\u0259\u201dnin a\u00e7\u0131l\u0131\u015f\u0131 oldu &#8211; Fotolar"}]},{"@type":"WebSite","@id":"https:\/\/www.zerdab.com\/#website","url":"https:\/\/www.zerdab.com\/","name":"Z\u0259rdab.com","description":"","potentialAction":[{"@type":"SearchAction","target":{"@type":"EntryPoint","urlTemplate":"https:\/\/www.zerdab.com\/?s={search_term_string}"},"query-input":{"@type":"PropertyValueSpecification","valueRequired":true,"valueName":"search_term_string"}}],"inLanguage":"az"},{"@type":"Person","@id":"https:\/\/www.zerdab.com\/#\/schema\/person\/97079b7570c1e89ec0d9e138c3672136","name":"admin","image":{"@type":"ImageObject","inLanguage":"az","@id":"https:\/\/www.zerdab.com\/#\/schema\/person\/image\/","url":"https:\/\/secure.gravatar.com\/avatar\/d9c52a9a27c32119cb6679a077fa3e2779e5f822c451cbf01098004361d466ec?s=96&d=mm&r=g","contentUrl":"https:\/\/secure.gravatar.com\/avatar\/d9c52a9a27c32119cb6679a077fa3e2779e5f822c451cbf01098004361d466ec?s=96&d=mm&r=g","caption":"admin"},"url":"https:\/\/www.zerdab.com\/?author=1"}]}},"_links":{"self":[{"href":"https:\/\/www.zerdab.com\/index.php?rest_route=\/wp\/v2\/posts\/29048","targetHints":{"allow":["GET"]}}],"collection":[{"href":"https:\/\/www.zerdab.com\/index.php?rest_route=\/wp\/v2\/posts"}],"about":[{"href":"https:\/\/www.zerdab.com\/index.php?rest_route=\/wp\/v2\/types\/post"}],"author":[{"embeddable":true,"href":"https:\/\/www.zerdab.com\/index.php?rest_route=\/wp\/v2\/users\/1"}],"replies":[{"embeddable":true,"href":"https:\/\/www.zerdab.com\/index.php?rest_route=%2Fwp%2Fv2%2Fcomments&post=29048"}],"version-history":[{"count":1,"href":"https:\/\/www.zerdab.com\/index.php?rest_route=\/wp\/v2\/posts\/29048\/revisions"}],"predecessor-version":[{"id":29050,"href":"https:\/\/www.zerdab.com\/index.php?rest_route=\/wp\/v2\/posts\/29048\/revisions\/29050"}],"wp:featuredmedia":[{"embeddable":true,"href":"https:\/\/www.zerdab.com\/index.php?rest_route=\/wp\/v2\/media\/29049"}],"wp:attachment":[{"href":"https:\/\/www.zerdab.com\/index.php?rest_route=%2Fwp%2Fv2%2Fmedia&parent=29048"}],"wp:term":[{"taxonomy":"category","embeddable":true,"href":"https:\/\/www.zerdab.com\/index.php?rest_route=%2Fwp%2Fv2%2Fcategories&post=29048"},{"taxonomy":"post_tag","embeddable":true,"href":"https:\/\/www.zerdab.com\/index.php?rest_route=%2Fwp%2Fv2%2Ftags&post=29048"}],"curies":[{"name":"wp","href":"https:\/\/api.w.org\/{rel}","templated":true}]}}