{"id":29054,"date":"2021-06-26T19:52:22","date_gmt":"2021-06-26T15:52:22","guid":{"rendered":"http:\/\/www.zerdab.com\/?p=29054"},"modified":"2021-06-26T19:55:12","modified_gmt":"2021-06-26T15:55:12","slug":"m%c9%99rdan-camalzad%c9%99-z%c9%99rdabin-452-sakini-v%c9%99t%c9%99n-muharib%c9%99sind%c9%99-istirak-edib-8-n%c9%99f%c9%99r-q%c9%99hr%c9%99mancasina-s%c9%99hid-olub-fotolar","status":"publish","type":"post","link":"https:\/\/www.zerdab.com\/?p=29054","title":{"rendered":"M\u0259rdan Camalzad\u0259: &#8220;Z\u0259rdab\u0131n 452 sakini V\u0259t\u0259n m\u00fcharib\u0259sind\u0259 i\u015ftirak edib, 8 n\u0259f\u0259r q\u0259hr\u0259mancas\u0131na \u015f\u0259hid olub&#8221; &#8211; FOTOLAR"},"content":{"rendered":"\n<p>Z\u0259rdab \u015f\u0259h\u0259rind\u0259ki Heyd\u0259r \u018fliyev M\u0259rk\u0259zind\u0259 Rayon \u0130cra Hakimiyy\u0259tinin v\u0259 S\u0259f\u0259rb\u0259rlik v\u0259 H\u0259rbi Xidm\u0259t\u0259 \u00c7a\u011f\u0131r\u0131\u015f \u00fczr\u0259 D\u00f6vl\u0259t Xidm\u0259tinin rayon b\u00f6lm\u0259sinin t\u0259\u015fkilat\u00e7\u0131l\u0131\u011f\u0131 il\u0259 Z\u0259rdab rayonundan olan V\u0259t\u0259n m\u00fcharib\u0259si i\u015ftirak\u00e7\u0131lar\u0131na d\u00f6vl\u0259t t\u0259ltifl\u0259rinin t\u0259qdimetm\u0259 m\u0259rasimi ke\u00e7irilib. <\/p>\n\n\n\n<p><strong>Zerdab.com<\/strong> sayt\u0131na veril\u0259n m\u0259lumata g\u00f6r\u0259, \u0259vv\u0259lc\u0259 rayon r\u0259hb\u0259rliyi, h\u00fcquq-m\u00fchafiz\u0259 orqanlar\u0131n\u0131n r\u0259hb\u0259rl\u0259ri v\u0259 ictimaiyy\u0259t n\u00fcmay\u0259nd\u0259l\u0259ri \u00dcmummilli lider Heyd\u0259r \u018fliyevin abid\u0259sini ziyar\u0259t edib, \u00f6n\u00fcn\u0259 g\u00fcl-\u00e7i\u00e7\u0259k d\u0259st\u0259l\u0259ri qoyublar. <\/p>\n\n\n\n<p>T\u0259dbird\u0259 \u00e7\u0131x\u0131\u015f ed\u0259n Z\u0259rdab Rayon \u0130cra Hakimiyy\u0259tinin ba\u015f\u00e7\u0131s\u0131 M\u0259rdan Camalzad\u0259 26 iyun Az\u0259rbaycan Respublikas\u0131n\u0131n Silahl\u0131 Q\u00fcvv\u0259l\u0259ri G\u00fcn\u00fc m\u00fcnasib\u0259til\u0259 t\u0259dbir i\u015ftirak\u00e7\u0131lar\u0131n\u0131 t\u0259brik edib.<\/p>\n\n\n\n<figure class=\"wp-block-image\"><img decoding=\"async\" src=\"https:\/\/scontent.fgyd4-4.fna.fbcdn.net\/v\/t1.6435-9\/207338409_137706045121477_2210925791745044544_n.jpg?_nc_cat=109&amp;ccb=1-3&amp;_nc_sid=730e14&amp;_nc_ohc=nKh9Kb_6DNUAX_DLIhK&amp;_nc_ht=scontent.fgyd4-4.fna&amp;oh=adff6a0af8f04def1cb9d22efee1f223&amp;oe=60DCBBBE\" alt=\"Bir bir v\u0259 ya daha \u00e7ox \u015f\u0259xs, oturan insanlar v\u0259 ayaq\u00fcst\u0259 duran insanlar \u015f\u0259kili ola bil\u0259r\"\/><\/figure>\n\n\n\n<p>Qeyd edib ki, \u0259vv\u0259lki ill\u0259rd\u0259n f\u0259rqli olaraq bu il Az\u0259rbaycan xalq\u0131 bu bayram\u0131 \u00e7ox b\u00f6y\u00fck co\u015fqu v\u0259 ruh y\u00fcks\u0259kliyi il\u0259 qeyd edir. \u00c7\u00fcnki ilk d\u0259f\u0259dir ki, biz Az\u0259rbaycan Respublikas\u0131n\u0131n Silahl\u0131 Q\u00fcvv\u0259l\u0259ri G\u00fcn\u00fcn\u00fc M\u00fcz\u0259ff\u0259r Ali Ba\u015f Komandan, c\u0259nab Prezident \u0130lham \u018fliyevin r\u0259hb\u0259rliyi alt\u0131nda 44 g\u00fcnl\u00fck V\u0259t\u0259n m\u00fcharib\u0259sind\u0259 Erm\u0259nistan ordusu \u00fcz\u0259rind\u0259 tam q\u0259l\u0259b\u0259 \u00e7alaraq \u0259razi b\u00fct\u00f6vl\u00fcy\u00fcn\u00fc v\u0259 suverenliyini b\u0259rpa etmi\u015f qalib bir \u00f6lk\u0259nin v\u0259t\u0259nda\u015flar\u0131 kimi qeyd edirik. Bu \u015fanl\u0131 tarixi q\u0259l\u0259b\u0259nin qazan\u0131lmas\u0131nda Az\u0259rbaycan ordusu b\u00f6y\u00fck f\u0259dakarl\u0131q, q\u0259hr\u0259manl\u0131q n\u00fcmun\u0259si g\u00f6st\u0259r\u0259r\u0259k Erm\u0259nistan ordusunu darmada\u011f\u0131n etdi v\u0259 i\u015f\u011fal olunmu\u015f torpaqlar\u0131m\u0131z\u0131 d\u00fc\u015fm\u0259n tapda\u011f\u0131ndan azad etdi. Bu yolda xalq\u0131m\u0131z \u015f\u0259hidl\u0259r verdi, y\u00fczl\u0259rl\u0259 m\u00fcharib\u0259 i\u015ftirak\u00e7\u0131s\u0131 yaraland\u0131, sa\u011flaml\u0131\u011f\u0131n\u0131 itirdi.<\/p>\n\n\n\n<figure class=\"wp-block-image\"><img decoding=\"async\" src=\"https:\/\/scontent.fgyd4-2.fna.fbcdn.net\/v\/t1.6435-9\/208491934_137706095121472_1408908296426484169_n.jpg?_nc_cat=101&amp;ccb=1-3&amp;_nc_sid=730e14&amp;_nc_ohc=aFfGEulSVFwAX9OQVli&amp;tn=LKuhTN_fo_LRGabk&amp;_nc_ht=scontent.fgyd4-2.fna&amp;oh=13769d3184ef42a61e6e8ccd72e3c68d&amp;oe=60DCD234\" alt=\"Bir 3 n\u0259f\u0259r v\u0259 ayaq\u00fcst\u0259 duran insanlar \u015f\u0259kili ola bil\u0259r\"\/><\/figure>\n\n\n\n<p>\u0130cra Hakimiyy\u0259ti ba\u015f\u00e7\u0131s\u0131 bildirdi ki, V\u0259t\u0259n m\u00fcharib\u0259sind\u0259 b\u00f6y\u00fck, tarixi q\u0259l\u0259b\u0259nin qazan\u0131lmas\u0131na Z\u0259rdab rayonu da \u00f6z t\u00f6hf\u0259sini verib. Az\u0259rbaycan Respublikas\u0131n\u0131n Prezidenti c\u0259nab \u0130lham \u018fliyevin 28 sentyabr 2020-ci il tarixd\u0259 Az\u0259rbaycan Respublikas\u0131 \u0259razisind\u0259 qism\u0259n s\u0259f\u0259rb\u0259rlik elan etm\u0259si bar\u0259d\u0259 s\u0259r\u0259ncam\u0131na uy\u011fun olaraq rayonumuzun 452 n\u0259f\u0259r sakini S\u0259f\u0259rb\u0259rlik v\u0259 H\u0259rbi Xidm\u0259t\u0259 \u00c7a\u011f\u0131r\u0131\u015f \u00fczr\u0259 D\u00f6vl\u0259t Xidm\u0259tinin Z\u0259rdab rayon b\u00f6lm\u0259sind\u0259 qeydiyyatdan ke\u00e7\u0259r\u0259k V\u0259t\u0259n m\u00fcharib\u0259sin\u0259 yola d\u00fc\u015f\u00fcbl\u0259r. B\u00fct\u00fcn istiqam\u0259tl\u0259rd\u0259 ged\u0259n d\u00f6y\u00fc\u015fl\u0259rd\u0259 g\u0259ncl\u0259rimiz b\u00f6y\u00fck q\u0259hr\u0259manl\u0131q v\u0259 \u015f\u00fcca\u0259t n\u00fcmayi\u015f etdiribl\u0259r. Bu m\u00fcharib\u0259d\u0259 rayonumuz 8 \u015f\u0259hid verib, y\u00fczl\u0259rl\u0259 yaralanan\u0131m\u0131z olub. <\/p>\n\n\n\n<figure class=\"wp-block-image\"><img decoding=\"async\" src=\"https:\/\/scontent.fgyd4-3.fna.fbcdn.net\/v\/t1.6435-9\/207102359_137706165121465_7407759777006076782_n.jpg?_nc_cat=100&amp;ccb=1-3&amp;_nc_sid=730e14&amp;_nc_ohc=n2c-7M_3UskAX8nfG1F&amp;_nc_ht=scontent.fgyd4-3.fna&amp;oh=ee351a990b3769fae3f34bdef65dc386&amp;oe=60DB4FE7\" alt=\"Bir 4 n\u0259f\u0259r v\u0259 ayaq\u00fcst\u0259 duran insanlar \u015f\u0259kili ola bil\u0259r\"\/><\/figure>\n\n\n\n<p>Respublika Prezidentinin s\u0259r\u0259ncam\u0131 il\u0259 V\u0259t\u0259n m\u00fcharib\u0259sind\u0259 q\u0259hr\u0259manl\u0131q v\u0259 \u015f\u00fcca\u0259t g\u00f6st\u0259rmi\u015f y\u00fczl\u0259rl\u0259 z\u0259rdabl\u0131 Az\u0259rbaycan Respublikas\u0131n\u0131n m\u00fcxt\u0259lif orden v\u0259 medallar\u0131 il\u0259 t\u0259ltif edilib. \u015e\u0259hidl\u0259rimizin ad\u0131 \u0259b\u0259dil\u0259\u015fdiril\u0259r\u0259k k\u00fc\u00e7\u0259l\u0259r\u0259 adlar\u0131 verilib, xatir\u0259l\u0259rin\u0259 abid\u0259l\u0259r ucald\u0131l\u0131b, bulaqlar tikilib v\u0259 bu istiqam\u0259td\u0259 i\u015fl\u0259r bu g\u00fcn d\u0259 davam etdirilir. \u0130cra ba\u015f\u00e7\u0131s\u0131 V\u0259t\u0259n m\u00fcharib\u0259sind\u0259 g\u00f6st\u0259rdikl\u0259ri q\u0259hr\u0259manl\u0131qlara v\u0259 \u015f\u00fcca\u0259t\u0259 g\u00f6r\u0259 Az\u0259rbaycan Respublikas\u0131n\u0131n orden v\u0259 medallar\u0131 il\u0259 t\u0259ltif edilmi\u015f b\u00fct\u00fcn z\u0259rdabl\u0131lar\u0131 \u00fcr\u0259kd\u0259n t\u0259brik edib, onlar\u0131n ail\u0259l\u0259rin\u0259 bel\u0259 v\u0259t\u0259np\u0259rv\u0259r q\u0259hr\u0259man \u00f6vlad t\u0259rbiy\u0259 edib yeti\u015fdirdikl\u0259rin\u0259 g\u00f6r\u0259 minn\u0259tdarl\u0131\u011f\u0131n\u0131 bildirib.<\/p>\n\n\n\n<figure class=\"wp-block-image\"><img decoding=\"async\" src=\"https:\/\/scontent.fgyd4-4.fna.fbcdn.net\/v\/t1.6435-9\/203933746_137706101788138_7542501977072341897_n.jpg?_nc_cat=109&amp;ccb=1-3&amp;_nc_sid=730e14&amp;_nc_ohc=7eALG8uQZeQAX_okkVg&amp;_nc_ht=scontent.fgyd4-4.fna&amp;oh=1e15414551841ed176a991796a40691f&amp;oe=60DC8045\" alt=\"Bir 2 n\u0259f\u0259r v\u0259 ayaq\u00fcst\u0259 duran insanlar \u015f\u0259kili ola bil\u0259r\"\/><\/figure>\n\n\n\n<p>T\u0259dbird\u0259 S\u0259f\u0259rb\u0259rlik v\u0259 H\u0259rbi Xidm\u0259t\u0259 \u00c7a\u011f\u0131r\u0131\u015f \u00fczr\u0259 D\u00f6vl\u0259t Xidm\u0259tinin Z\u0259rdab rayon b\u00f6lm\u0259sinin r\u0259isi, polkovnik-leytenant Asif \u018fh\u0259dov, Z\u0259rdab Rayon \u0130HB Aparat\u0131n\u0131n V\u0259t\u0259n m\u00fcharib\u0259si i\u015ftirak\u00e7\u0131lar\u0131 v\u0259 \u015f\u0259hid ail\u0259l\u0259ri il\u0259 i\u015fin t\u0259\u015fkili \u015f\u00f6b\u0259sinin m\u00fcdiri, \u201cC\u0259sur d\u00f6y\u00fc\u015f\u00e7\u00fc\u201d, \u201c\u015e\u00fcca\u0259t\u0259 g\u00f6r\u0259\u201d F\u00fczulinin v\u0259 Xocav\u0259ndin azad edilm\u0259sin\u0259 g\u00f6r\u0259 medallar\u0131 il\u0259 t\u0259ltif edilmi\u015f Zinhar Bayramov, Qaraba\u011f M\u00fcharib\u0259si \u018flill\u0259ri, Veteranlar\u0131 v\u0259 \u015e\u0259hid Ail\u0259l\u0259ri \u0130ctimai Birliyinin rayon \u015f\u00f6b\u0259sinin s\u0259dri Neman Yediyarov \u00e7\u0131x\u0131\u015f edibl\u0259r.<\/p>\n\n\n\n<figure class=\"wp-block-image\"><img decoding=\"async\" src=\"https:\/\/scontent.fgyd4-4.fna.fbcdn.net\/v\/t1.6435-9\/205945779_137706125121469_5375070681181287975_n.jpg?_nc_cat=107&amp;ccb=1-3&amp;_nc_sid=730e14&amp;_nc_ohc=PRW733Y5g1AAX8F2Bon&amp;_nc_ht=scontent.fgyd4-4.fna&amp;oh=7cd9d8ee3d106586126b10049bfe5a95&amp;oe=60DB6FA2\" alt=\"Bir 2 n\u0259f\u0259r v\u0259 ayaq\u00fcst\u0259 duran insanlar \u015f\u0259kili ola bil\u0259r\"\/><\/figure>\n\n\n\n<p>Sonda bir qrup V\u0259t\u0259n m\u00fcharib\u0259si i\u015ftirak\u00e7\u0131lar\u0131na d\u00f6vl\u0259t t\u0259ltifl\u0259ri t\u0259qdim olunub.<\/p>\n\n\n\n<p>\u00c7\u0131x\u0131\u015f ed\u0259n t\u0259dbir i\u015ftirak\u00e7\u0131lar\u0131 onlara g\u00f6st\u0259ril\u0259n diqq\u0259t v\u0259 qay\u011f\u0131ya g\u00f6r\u0259 \u00f6lk\u0259 r\u0259hb\u0259rliyin\u0259 \u00f6z minn\u0259tdarl\u0131qlar\u0131n\u0131 bildiribl\u0259r.<\/p>\n\n\n\n<figure class=\"wp-block-image\"><img decoding=\"async\" src=\"https:\/\/scontent.fgyd4-2.fna.fbcdn.net\/v\/t1.6435-9\/206079336_137706055121476_9100938297259195908_n.jpg?_nc_cat=101&amp;ccb=1-3&amp;_nc_sid=730e14&amp;_nc_ohc=uy2kOBZYHIMAX-AZ9pz&amp;_nc_ht=scontent.fgyd4-2.fna&amp;oh=537b12cb03663061f73853048b1b91eb&amp;oe=60DC4B29\" alt=\"Bir 1 n\u0259f\u0259r, ayakta, a\u00e7\u0131q Havada, abid\u0259 v\u0259 a\u011fac \u015f\u0259kili ola bil\u0259r\"\/><\/figure>\n","protected":false},"excerpt":{"rendered":"<p>Z\u0259rdab \u015f\u0259h\u0259rind\u0259ki Heyd\u0259r \u018fliyev M\u0259rk\u0259zind\u0259 Rayon \u0130cra Hakimiyy\u0259tinin v\u0259 S\u0259f\u0259rb\u0259rlik v\u0259 H\u0259rbi Xidm\u0259t\u0259 \u00c7a\u011f\u0131r\u0131\u015f \u00fczr\u0259 D\u00f6vl\u0259t Xidm\u0259tinin rayon b\u00f6lm\u0259sinin t\u0259\u015fkilat\u00e7\u0131l\u0131\u011f\u0131 il\u0259 Z\u0259rdab rayonundan olan V\u0259t\u0259n m\u00fcharib\u0259si i\u015ftirak\u00e7\u0131lar\u0131na d\u00f6vl\u0259t t\u0259ltifl\u0259rinin t\u0259qdimetm\u0259 m\u0259rasimi ke\u00e7irilib. Zerdab.com sayt\u0131na veril\u0259n m\u0259lumata g\u00f6r\u0259, \u0259vv\u0259lc\u0259 rayon r\u0259hb\u0259rliyi, h\u00fcquq-m\u00fchafiz\u0259 orqanlar\u0131n\u0131n r\u0259hb\u0259rl\u0259ri v\u0259 ictimaiyy\u0259t n\u00fcmay\u0259nd\u0259l\u0259ri \u00dcmummilli lider Heyd\u0259r \u018fliyevin abid\u0259sini ziyar\u0259t edib, \u00f6n\u00fcn\u0259 g\u00fcl-\u00e7i\u00e7\u0259k [&hellip;]<\/p>\n","protected":false},"author":1,"featured_media":29055,"comment_status":"open","ping_status":"open","sticky":false,"template":"","format":"standard","meta":{"footnotes":""},"categories":[63,5],"tags":[],"class_list":{"0":"post-29054","1":"post","2":"type-post","3":"status-publish","4":"format-standard","5":"has-post-thumbnail","7":"category-manset","8":"category-knd"},"yoast_head":"<!-- This site is optimized with the Yoast SEO plugin v27.0 - https:\/\/yoast.com\/product\/yoast-seo-wordpress\/ -->\n<title>M\u0259rdan Camalzad\u0259: &quot;Z\u0259rdab\u0131n 452 sakini V\u0259t\u0259n m\u00fcharib\u0259sind\u0259 i\u015ftirak edib, 8 n\u0259f\u0259r q\u0259hr\u0259mancas\u0131na \u015f\u0259hid olub&quot; - FOTOLAR - Z\u0259rdab.com<\/title>\n<meta name=\"robots\" content=\"index, follow, max-snippet:-1, max-image-preview:large, max-video-preview:-1\" \/>\n<link rel=\"canonical\" href=\"https:\/\/www.zerdab.com\/?p=29054\" \/>\n<meta property=\"og:locale\" content=\"az_AZ\" \/>\n<meta property=\"og:type\" content=\"article\" \/>\n<meta property=\"og:title\" content=\"M\u0259rdan Camalzad\u0259: &quot;Z\u0259rdab\u0131n 452 sakini V\u0259t\u0259n m\u00fcharib\u0259sind\u0259 i\u015ftirak edib, 8 n\u0259f\u0259r q\u0259hr\u0259mancas\u0131na \u015f\u0259hid olub&quot; - FOTOLAR - Z\u0259rdab.com\" \/>\n<meta property=\"og:description\" content=\"Z\u0259rdab \u015f\u0259h\u0259rind\u0259ki Heyd\u0259r \u018fliyev M\u0259rk\u0259zind\u0259 Rayon \u0130cra Hakimiyy\u0259tinin v\u0259 S\u0259f\u0259rb\u0259rlik v\u0259 H\u0259rbi Xidm\u0259t\u0259 \u00c7a\u011f\u0131r\u0131\u015f \u00fczr\u0259 D\u00f6vl\u0259t Xidm\u0259tinin rayon b\u00f6lm\u0259sinin t\u0259\u015fkilat\u00e7\u0131l\u0131\u011f\u0131 il\u0259 Z\u0259rdab rayonundan olan V\u0259t\u0259n m\u00fcharib\u0259si i\u015ftirak\u00e7\u0131lar\u0131na d\u00f6vl\u0259t t\u0259ltifl\u0259rinin t\u0259qdimetm\u0259 m\u0259rasimi ke\u00e7irilib. Zerdab.com sayt\u0131na veril\u0259n m\u0259lumata g\u00f6r\u0259, \u0259vv\u0259lc\u0259 rayon r\u0259hb\u0259rliyi, h\u00fcquq-m\u00fchafiz\u0259 orqanlar\u0131n\u0131n r\u0259hb\u0259rl\u0259ri v\u0259 ictimaiyy\u0259t n\u00fcmay\u0259nd\u0259l\u0259ri \u00dcmummilli lider Heyd\u0259r \u018fliyevin abid\u0259sini ziyar\u0259t edib, \u00f6n\u00fcn\u0259 g\u00fcl-\u00e7i\u00e7\u0259k [&hellip;]\" \/>\n<meta property=\"og:url\" content=\"https:\/\/www.zerdab.com\/?p=29054\" \/>\n<meta property=\"og:site_name\" content=\"Z\u0259rdab.com\" \/>\n<meta property=\"article:published_time\" content=\"2021-06-26T15:52:22+00:00\" \/>\n<meta property=\"article:modified_time\" content=\"2021-06-26T15:55:12+00:00\" \/>\n<meta property=\"og:image\" content=\"https:\/\/www.zerdab.com\/wp-content\/uploads\/2021\/06\/merdan-camalzade.jpg\" \/>\n\t<meta property=\"og:image:width\" content=\"1024\" \/>\n\t<meta property=\"og:image:height\" content=\"683\" \/>\n\t<meta property=\"og:image:type\" content=\"image\/jpeg\" \/>\n<meta name=\"author\" content=\"admin\" \/>\n<meta name=\"twitter:card\" content=\"summary_large_image\" \/>\n<meta name=\"twitter:label1\" content=\"Written by\" \/>\n\t<meta name=\"twitter:data1\" content=\"admin\" \/>\n\t<meta name=\"twitter:label2\" content=\"Est. reading time\" \/>\n\t<meta name=\"twitter:data2\" content=\"4 minutes\" \/>\n<script type=\"application\/ld+json\" class=\"yoast-schema-graph\">{\"@context\":\"https:\/\/schema.org\",\"@graph\":[{\"@type\":\"Article\",\"@id\":\"https:\/\/www.zerdab.com\/?p=29054#article\",\"isPartOf\":{\"@id\":\"https:\/\/www.zerdab.com\/?p=29054\"},\"author\":{\"name\":\"admin\",\"@id\":\"https:\/\/www.zerdab.com\/#\/schema\/person\/97079b7570c1e89ec0d9e138c3672136\"},\"headline\":\"M\u0259rdan Camalzad\u0259: &#8220;Z\u0259rdab\u0131n 452 sakini V\u0259t\u0259n m\u00fcharib\u0259sind\u0259 i\u015ftirak edib, 8 n\u0259f\u0259r q\u0259hr\u0259mancas\u0131na \u015f\u0259hid olub&#8221; &#8211; FOTOLAR\",\"datePublished\":\"2021-06-26T15:52:22+00:00\",\"dateModified\":\"2021-06-26T15:55:12+00:00\",\"mainEntityOfPage\":{\"@id\":\"https:\/\/www.zerdab.com\/?p=29054\"},\"wordCount\":841,\"commentCount\":0,\"image\":{\"@id\":\"https:\/\/www.zerdab.com\/?p=29054#primaryimage\"},\"thumbnailUrl\":\"https:\/\/www.zerdab.com\/wp-content\/uploads\/2021\/06\/merdan-camalzade.jpg\",\"articleSection\":[\"MAN\u015eET\",\"X\u018fB\u018fRL\u018fR\"],\"inLanguage\":\"az\",\"potentialAction\":[{\"@type\":\"CommentAction\",\"name\":\"Comment\",\"target\":[\"https:\/\/www.zerdab.com\/?p=29054#respond\"]}]},{\"@type\":\"WebPage\",\"@id\":\"https:\/\/www.zerdab.com\/?p=29054\",\"url\":\"https:\/\/www.zerdab.com\/?p=29054\",\"name\":\"M\u0259rdan Camalzad\u0259: \\\"Z\u0259rdab\u0131n 452 sakini V\u0259t\u0259n m\u00fcharib\u0259sind\u0259 i\u015ftirak edib, 8 n\u0259f\u0259r q\u0259hr\u0259mancas\u0131na \u015f\u0259hid olub\\\" - FOTOLAR - Z\u0259rdab.com\",\"isPartOf\":{\"@id\":\"https:\/\/www.zerdab.com\/#website\"},\"primaryImageOfPage\":{\"@id\":\"https:\/\/www.zerdab.com\/?p=29054#primaryimage\"},\"image\":{\"@id\":\"https:\/\/www.zerdab.com\/?p=29054#primaryimage\"},\"thumbnailUrl\":\"https:\/\/www.zerdab.com\/wp-content\/uploads\/2021\/06\/merdan-camalzade.jpg\",\"datePublished\":\"2021-06-26T15:52:22+00:00\",\"dateModified\":\"2021-06-26T15:55:12+00:00\",\"author\":{\"@id\":\"https:\/\/www.zerdab.com\/#\/schema\/person\/97079b7570c1e89ec0d9e138c3672136\"},\"breadcrumb\":{\"@id\":\"https:\/\/www.zerdab.com\/?p=29054#breadcrumb\"},\"inLanguage\":\"az\",\"potentialAction\":[{\"@type\":\"ReadAction\",\"target\":[\"https:\/\/www.zerdab.com\/?p=29054\"]}]},{\"@type\":\"ImageObject\",\"inLanguage\":\"az\",\"@id\":\"https:\/\/www.zerdab.com\/?p=29054#primaryimage\",\"url\":\"https:\/\/www.zerdab.com\/wp-content\/uploads\/2021\/06\/merdan-camalzade.jpg\",\"contentUrl\":\"https:\/\/www.zerdab.com\/wp-content\/uploads\/2021\/06\/merdan-camalzade.jpg\",\"width\":1024,\"height\":683,\"caption\":\"merdan-camalzade\"},{\"@type\":\"BreadcrumbList\",\"@id\":\"https:\/\/www.zerdab.com\/?p=29054#breadcrumb\",\"itemListElement\":[{\"@type\":\"ListItem\",\"position\":1,\"name\":\"Home\",\"item\":\"https:\/\/www.zerdab.com\/\"},{\"@type\":\"ListItem\",\"position\":2,\"name\":\"M\u0259rdan Camalzad\u0259: &#8220;Z\u0259rdab\u0131n 452 sakini V\u0259t\u0259n m\u00fcharib\u0259sind\u0259 i\u015ftirak edib, 8 n\u0259f\u0259r q\u0259hr\u0259mancas\u0131na \u015f\u0259hid olub&#8221; &#8211; FOTOLAR\"}]},{\"@type\":\"WebSite\",\"@id\":\"https:\/\/www.zerdab.com\/#website\",\"url\":\"https:\/\/www.zerdab.com\/\",\"name\":\"Z\u0259rdab.com\",\"description\":\"\",\"potentialAction\":[{\"@type\":\"SearchAction\",\"target\":{\"@type\":\"EntryPoint\",\"urlTemplate\":\"https:\/\/www.zerdab.com\/?s={search_term_string}\"},\"query-input\":{\"@type\":\"PropertyValueSpecification\",\"valueRequired\":true,\"valueName\":\"search_term_string\"}}],\"inLanguage\":\"az\"},{\"@type\":\"Person\",\"@id\":\"https:\/\/www.zerdab.com\/#\/schema\/person\/97079b7570c1e89ec0d9e138c3672136\",\"name\":\"admin\",\"image\":{\"@type\":\"ImageObject\",\"inLanguage\":\"az\",\"@id\":\"https:\/\/www.zerdab.com\/#\/schema\/person\/image\/\",\"url\":\"https:\/\/secure.gravatar.com\/avatar\/d9c52a9a27c32119cb6679a077fa3e2779e5f822c451cbf01098004361d466ec?s=96&d=mm&r=g\",\"contentUrl\":\"https:\/\/secure.gravatar.com\/avatar\/d9c52a9a27c32119cb6679a077fa3e2779e5f822c451cbf01098004361d466ec?s=96&d=mm&r=g\",\"caption\":\"admin\"},\"url\":\"https:\/\/www.zerdab.com\/?author=1\"}]}<\/script>\n<!-- \/ Yoast SEO plugin. -->","yoast_head_json":{"title":"M\u0259rdan Camalzad\u0259: \"Z\u0259rdab\u0131n 452 sakini V\u0259t\u0259n m\u00fcharib\u0259sind\u0259 i\u015ftirak edib, 8 n\u0259f\u0259r q\u0259hr\u0259mancas\u0131na \u015f\u0259hid olub\" - FOTOLAR - Z\u0259rdab.com","robots":{"index":"index","follow":"follow","max-snippet":"max-snippet:-1","max-image-preview":"max-image-preview:large","max-video-preview":"max-video-preview:-1"},"canonical":"https:\/\/www.zerdab.com\/?p=29054","og_locale":"az_AZ","og_type":"article","og_title":"M\u0259rdan Camalzad\u0259: \"Z\u0259rdab\u0131n 452 sakini V\u0259t\u0259n m\u00fcharib\u0259sind\u0259 i\u015ftirak edib, 8 n\u0259f\u0259r q\u0259hr\u0259mancas\u0131na \u015f\u0259hid olub\" - FOTOLAR - Z\u0259rdab.com","og_description":"Z\u0259rdab \u015f\u0259h\u0259rind\u0259ki Heyd\u0259r \u018fliyev M\u0259rk\u0259zind\u0259 Rayon \u0130cra Hakimiyy\u0259tinin v\u0259 S\u0259f\u0259rb\u0259rlik v\u0259 H\u0259rbi Xidm\u0259t\u0259 \u00c7a\u011f\u0131r\u0131\u015f \u00fczr\u0259 D\u00f6vl\u0259t Xidm\u0259tinin rayon b\u00f6lm\u0259sinin t\u0259\u015fkilat\u00e7\u0131l\u0131\u011f\u0131 il\u0259 Z\u0259rdab rayonundan olan V\u0259t\u0259n m\u00fcharib\u0259si i\u015ftirak\u00e7\u0131lar\u0131na d\u00f6vl\u0259t t\u0259ltifl\u0259rinin t\u0259qdimetm\u0259 m\u0259rasimi ke\u00e7irilib. Zerdab.com sayt\u0131na veril\u0259n m\u0259lumata g\u00f6r\u0259, \u0259vv\u0259lc\u0259 rayon r\u0259hb\u0259rliyi, h\u00fcquq-m\u00fchafiz\u0259 orqanlar\u0131n\u0131n r\u0259hb\u0259rl\u0259ri v\u0259 ictimaiyy\u0259t n\u00fcmay\u0259nd\u0259l\u0259ri \u00dcmummilli lider Heyd\u0259r \u018fliyevin abid\u0259sini ziyar\u0259t edib, \u00f6n\u00fcn\u0259 g\u00fcl-\u00e7i\u00e7\u0259k [&hellip;]","og_url":"https:\/\/www.zerdab.com\/?p=29054","og_site_name":"Z\u0259rdab.com","article_published_time":"2021-06-26T15:52:22+00:00","article_modified_time":"2021-06-26T15:55:12+00:00","og_image":[{"width":1024,"height":683,"url":"https:\/\/www.zerdab.com\/wp-content\/uploads\/2021\/06\/merdan-camalzade.jpg","type":"image\/jpeg"}],"author":"admin","twitter_card":"summary_large_image","twitter_misc":{"Written by":"admin","Est. reading time":"4 minutes"},"schema":{"@context":"https:\/\/schema.org","@graph":[{"@type":"Article","@id":"https:\/\/www.zerdab.com\/?p=29054#article","isPartOf":{"@id":"https:\/\/www.zerdab.com\/?p=29054"},"author":{"name":"admin","@id":"https:\/\/www.zerdab.com\/#\/schema\/person\/97079b7570c1e89ec0d9e138c3672136"},"headline":"M\u0259rdan Camalzad\u0259: &#8220;Z\u0259rdab\u0131n 452 sakini V\u0259t\u0259n m\u00fcharib\u0259sind\u0259 i\u015ftirak edib, 8 n\u0259f\u0259r q\u0259hr\u0259mancas\u0131na \u015f\u0259hid olub&#8221; &#8211; FOTOLAR","datePublished":"2021-06-26T15:52:22+00:00","dateModified":"2021-06-26T15:55:12+00:00","mainEntityOfPage":{"@id":"https:\/\/www.zerdab.com\/?p=29054"},"wordCount":841,"commentCount":0,"image":{"@id":"https:\/\/www.zerdab.com\/?p=29054#primaryimage"},"thumbnailUrl":"https:\/\/www.zerdab.com\/wp-content\/uploads\/2021\/06\/merdan-camalzade.jpg","articleSection":["MAN\u015eET","X\u018fB\u018fRL\u018fR"],"inLanguage":"az","potentialAction":[{"@type":"CommentAction","name":"Comment","target":["https:\/\/www.zerdab.com\/?p=29054#respond"]}]},{"@type":"WebPage","@id":"https:\/\/www.zerdab.com\/?p=29054","url":"https:\/\/www.zerdab.com\/?p=29054","name":"M\u0259rdan Camalzad\u0259: \"Z\u0259rdab\u0131n 452 sakini V\u0259t\u0259n m\u00fcharib\u0259sind\u0259 i\u015ftirak edib, 8 n\u0259f\u0259r q\u0259hr\u0259mancas\u0131na \u015f\u0259hid olub\" - FOTOLAR - Z\u0259rdab.com","isPartOf":{"@id":"https:\/\/www.zerdab.com\/#website"},"primaryImageOfPage":{"@id":"https:\/\/www.zerdab.com\/?p=29054#primaryimage"},"image":{"@id":"https:\/\/www.zerdab.com\/?p=29054#primaryimage"},"thumbnailUrl":"https:\/\/www.zerdab.com\/wp-content\/uploads\/2021\/06\/merdan-camalzade.jpg","datePublished":"2021-06-26T15:52:22+00:00","dateModified":"2021-06-26T15:55:12+00:00","author":{"@id":"https:\/\/www.zerdab.com\/#\/schema\/person\/97079b7570c1e89ec0d9e138c3672136"},"breadcrumb":{"@id":"https:\/\/www.zerdab.com\/?p=29054#breadcrumb"},"inLanguage":"az","potentialAction":[{"@type":"ReadAction","target":["https:\/\/www.zerdab.com\/?p=29054"]}]},{"@type":"ImageObject","inLanguage":"az","@id":"https:\/\/www.zerdab.com\/?p=29054#primaryimage","url":"https:\/\/www.zerdab.com\/wp-content\/uploads\/2021\/06\/merdan-camalzade.jpg","contentUrl":"https:\/\/www.zerdab.com\/wp-content\/uploads\/2021\/06\/merdan-camalzade.jpg","width":1024,"height":683,"caption":"merdan-camalzade"},{"@type":"BreadcrumbList","@id":"https:\/\/www.zerdab.com\/?p=29054#breadcrumb","itemListElement":[{"@type":"ListItem","position":1,"name":"Home","item":"https:\/\/www.zerdab.com\/"},{"@type":"ListItem","position":2,"name":"M\u0259rdan Camalzad\u0259: &#8220;Z\u0259rdab\u0131n 452 sakini V\u0259t\u0259n m\u00fcharib\u0259sind\u0259 i\u015ftirak edib, 8 n\u0259f\u0259r q\u0259hr\u0259mancas\u0131na \u015f\u0259hid olub&#8221; &#8211; FOTOLAR"}]},{"@type":"WebSite","@id":"https:\/\/www.zerdab.com\/#website","url":"https:\/\/www.zerdab.com\/","name":"Z\u0259rdab.com","description":"","potentialAction":[{"@type":"SearchAction","target":{"@type":"EntryPoint","urlTemplate":"https:\/\/www.zerdab.com\/?s={search_term_string}"},"query-input":{"@type":"PropertyValueSpecification","valueRequired":true,"valueName":"search_term_string"}}],"inLanguage":"az"},{"@type":"Person","@id":"https:\/\/www.zerdab.com\/#\/schema\/person\/97079b7570c1e89ec0d9e138c3672136","name":"admin","image":{"@type":"ImageObject","inLanguage":"az","@id":"https:\/\/www.zerdab.com\/#\/schema\/person\/image\/","url":"https:\/\/secure.gravatar.com\/avatar\/d9c52a9a27c32119cb6679a077fa3e2779e5f822c451cbf01098004361d466ec?s=96&d=mm&r=g","contentUrl":"https:\/\/secure.gravatar.com\/avatar\/d9c52a9a27c32119cb6679a077fa3e2779e5f822c451cbf01098004361d466ec?s=96&d=mm&r=g","caption":"admin"},"url":"https:\/\/www.zerdab.com\/?author=1"}]}},"_links":{"self":[{"href":"https:\/\/www.zerdab.com\/index.php?rest_route=\/wp\/v2\/posts\/29054","targetHints":{"allow":["GET"]}}],"collection":[{"href":"https:\/\/www.zerdab.com\/index.php?rest_route=\/wp\/v2\/posts"}],"about":[{"href":"https:\/\/www.zerdab.com\/index.php?rest_route=\/wp\/v2\/types\/post"}],"author":[{"embeddable":true,"href":"https:\/\/www.zerdab.com\/index.php?rest_route=\/wp\/v2\/users\/1"}],"replies":[{"embeddable":true,"href":"https:\/\/www.zerdab.com\/index.php?rest_route=%2Fwp%2Fv2%2Fcomments&post=29054"}],"version-history":[{"count":2,"href":"https:\/\/www.zerdab.com\/index.php?rest_route=\/wp\/v2\/posts\/29054\/revisions"}],"predecessor-version":[{"id":29058,"href":"https:\/\/www.zerdab.com\/index.php?rest_route=\/wp\/v2\/posts\/29054\/revisions\/29058"}],"wp:featuredmedia":[{"embeddable":true,"href":"https:\/\/www.zerdab.com\/index.php?rest_route=\/wp\/v2\/media\/29055"}],"wp:attachment":[{"href":"https:\/\/www.zerdab.com\/index.php?rest_route=%2Fwp%2Fv2%2Fmedia&parent=29054"}],"wp:term":[{"taxonomy":"category","embeddable":true,"href":"https:\/\/www.zerdab.com\/index.php?rest_route=%2Fwp%2Fv2%2Fcategories&post=29054"},{"taxonomy":"post_tag","embeddable":true,"href":"https:\/\/www.zerdab.com\/index.php?rest_route=%2Fwp%2Fv2%2Ftags&post=29054"}],"curies":[{"name":"wp","href":"https:\/\/api.w.org\/{rel}","templated":true}]}}