{"id":29083,"date":"2021-08-13T12:04:38","date_gmt":"2021-08-13T08:04:38","guid":{"rendered":"http:\/\/www.zerdab.com\/?p=29083"},"modified":"2021-08-13T12:35:02","modified_gmt":"2021-08-13T08:35:02","slug":"z%c9%99rdabda-gorulmus-isl%c9%99r%c9%99-v%c9%99-qarsida-duran-v%c9%99zif%c9%99l%c9%99r%c9%99-dair-musavir%c9%99-kecirilib","status":"publish","type":"post","link":"https:\/\/www.zerdab.com\/?p=29083","title":{"rendered":"Z\u0259rdab\u0131n icra ba\u015f\u00e7\u0131s\u0131 m\u00fc\u015favir\u0259 ke\u00e7irdi &#8211; G\u00f6r\u00fclm\u00fc\u015f i\u015fl\u0259r v\u0259 qar\u015f\u0131da duran v\u0259zif\u0259l\u0259r m\u00fczakir\u0259 olundu &#8211; Fotolar"},"content":{"rendered":"\n<p>Z\u0259rdab Rayon \u0130cra Hakimiyy\u0259tind\u0259 icra ba\u015f\u00e7\u0131s\u0131 M\u0259rdan Camalzad\u0259nin s\u0259drliyi il\u0259 \u201cZ\u0259rdab rayonunda 2021-ci ilin birinci yar\u0131s\u0131n\u0131n sosial-iqtisadi inki\u015faf\u0131n\u0131n yekunlar\u0131 v\u0259 qar\u015f\u0131da duran v\u0259zif\u0259l\u0259r\u201d bar\u0259d\u0259 videoformatda m\u00fc\u015favir\u0259 ke\u00e7rilib.<br>  <br>Z\u0259rdab Rayon \u0130cra Hakimiyy\u0259tind\u0259n <strong>Zerdab.com-<\/strong>a veril\u0259n m\u0259lumata g\u00f6r\u0259, Z\u0259rdab rayonunun 2021-ci ilin birinci yar\u0131s\u0131nda sosial-iqtisadi inki\u015faf\u0131 v\u0259 qar\u015f\u0131da duran v\u0259zif\u0259l\u0259r bar\u0259d\u0259 video\u00e7arx n\u00fcmayi\u015f etdirildikd\u0259n sonra, icra ba\u015f\u00e7\u0131s\u0131 ilin u\u011furla ba\u015fa \u00e7atd\u0131r\u0131lmas\u0131 \u00fc\u00e7\u00fcn aidiyy\u0259ti r\u0259hb\u0259r v\u0259zif\u0259li \u015f\u0259xsl\u0259r\u0259 m\u00fcvafiq tap\u015f\u0131r\u0131q v\u0259 t\u00f6vsiy\u0259l\u0259rini verib. <br> Suvarma Sisteml\u0259ri \u0130dar\u0259sinin r\u0259isi Mirc\u0259lal Mirz\u0259yev, \u201cZ\u0259rdab Rayon M\u0259rk\u0259zi X\u0259st\u0259xanas\u0131\u201d Publik H\u00fcquqi \u015e\u0259xsin direktoru Ruslan Nem\u0259tov v\u0259 Rayon T\u0259hsil \u015e\u00f6b\u0259sinin m\u00fcdiri G\u00fcla\u011fa \u0130sg\u0259nd\u0259rov \u00e7\u0131x\u0131\u015f ed\u0259r\u0259k r\u0259hb\u0259rlik etdikl\u0259ri sah\u0259l\u0259rd\u0259 g\u00f6r\u00fclm\u00fc\u015f i\u015fl\u0259r haqq\u0131nda m\u0259lumat verib, b\u00fct\u00fcn sah\u0259l\u0259rd\u0259 \u0259haliy\u0259 g\u00f6st\u0259ril\u0259n diqq\u0259t v\u0259 qay\u011f\u0131ya g\u00f6r\u0259 \u00f6lk\u0259 Prezidenti c\u0259nab \u0130lham \u018fliyev\u0259 v\u0259 Az\u0259rbaycan Respublikas\u0131n\u0131n Birinci vitse-prezidenti Mehriban xan\u0131m \u018fliyevaya minn\u0259tdarl\u0131qlar\u0131n\u0131 bildiribl\u0259r.<\/p>\n\n\n\n<p><strong>Zerdab.com<\/strong><\/p>\n\n\n\n<figure class=\"wp-block-image\"><img loading=\"lazy\" decoding=\"async\" width=\"550\" height=\"306\" src=\"http:\/\/www.zerdab.com\/wp-content\/uploads\/2021\/08\/FB_IMG_1628841643089-1-550x306.jpg\" alt=\"\" class=\"wp-image-29086\" srcset=\"https:\/\/www.zerdab.com\/wp-content\/uploads\/2021\/08\/FB_IMG_1628841643089-1-550x306.jpg 550w, https:\/\/www.zerdab.com\/wp-content\/uploads\/2021\/08\/FB_IMG_1628841643089-1-400x222.jpg 400w, https:\/\/www.zerdab.com\/wp-content\/uploads\/2021\/08\/FB_IMG_1628841643089-1-696x387.jpg 696w, https:\/\/www.zerdab.com\/wp-content\/uploads\/2021\/08\/FB_IMG_1628841643089-1.jpg 720w\" sizes=\"auto, (max-width: 550px) 100vw, 550px\" \/><\/figure>\n","protected":false},"excerpt":{"rendered":"<p>Z\u0259rdab Rayon \u0130cra Hakimiyy\u0259tind\u0259 icra ba\u015f\u00e7\u0131s\u0131 M\u0259rdan Camalzad\u0259nin s\u0259drliyi il\u0259 \u201cZ\u0259rdab rayonunda 2021-ci ilin birinci yar\u0131s\u0131n\u0131n sosial-iqtisadi inki\u015faf\u0131n\u0131n yekunlar\u0131 v\u0259 qar\u015f\u0131da duran v\u0259zif\u0259l\u0259r\u201d bar\u0259d\u0259 videoformatda m\u00fc\u015favir\u0259 ke\u00e7rilib. Z\u0259rdab Rayon \u0130cra Hakimiyy\u0259tind\u0259n Zerdab.com-a veril\u0259n m\u0259lumata g\u00f6r\u0259, Z\u0259rdab rayonunun 2021-ci ilin birinci yar\u0131s\u0131nda sosial-iqtisadi inki\u015faf\u0131 v\u0259 qar\u015f\u0131da duran v\u0259zif\u0259l\u0259r bar\u0259d\u0259 video\u00e7arx n\u00fcmayi\u015f etdirildikd\u0259n sonra, icra ba\u015f\u00e7\u0131s\u0131 ilin [&hellip;]<\/p>\n","protected":false},"author":1,"featured_media":29084,"comment_status":"open","ping_status":"open","sticky":false,"template":"","format":"standard","meta":{"footnotes":""},"categories":[63,5],"tags":[],"class_list":{"0":"post-29083","1":"post","2":"type-post","3":"status-publish","4":"format-standard","5":"has-post-thumbnail","7":"category-manset","8":"category-knd"},"yoast_head":"<!-- This site is optimized with the Yoast SEO plugin v27.0 - https:\/\/yoast.com\/product\/yoast-seo-wordpress\/ -->\n<title>Z\u0259rdab\u0131n icra ba\u015f\u00e7\u0131s\u0131 m\u00fc\u015favir\u0259 ke\u00e7irdi - G\u00f6r\u00fclm\u00fc\u015f i\u015fl\u0259r v\u0259 qar\u015f\u0131da duran v\u0259zif\u0259l\u0259r m\u00fczakir\u0259 olundu - Fotolar - Z\u0259rdab.com<\/title>\n<meta name=\"robots\" content=\"index, follow, max-snippet:-1, max-image-preview:large, max-video-preview:-1\" \/>\n<link rel=\"canonical\" href=\"https:\/\/www.zerdab.com\/?p=29083\" \/>\n<meta property=\"og:locale\" content=\"az_AZ\" \/>\n<meta property=\"og:type\" content=\"article\" \/>\n<meta property=\"og:title\" content=\"Z\u0259rdab\u0131n icra ba\u015f\u00e7\u0131s\u0131 m\u00fc\u015favir\u0259 ke\u00e7irdi - G\u00f6r\u00fclm\u00fc\u015f i\u015fl\u0259r v\u0259 qar\u015f\u0131da duran v\u0259zif\u0259l\u0259r m\u00fczakir\u0259 olundu - Fotolar - Z\u0259rdab.com\" \/>\n<meta property=\"og:description\" content=\"Z\u0259rdab Rayon \u0130cra Hakimiyy\u0259tind\u0259 icra ba\u015f\u00e7\u0131s\u0131 M\u0259rdan Camalzad\u0259nin s\u0259drliyi il\u0259 \u201cZ\u0259rdab rayonunda 2021-ci ilin birinci yar\u0131s\u0131n\u0131n sosial-iqtisadi inki\u015faf\u0131n\u0131n yekunlar\u0131 v\u0259 qar\u015f\u0131da duran v\u0259zif\u0259l\u0259r\u201d bar\u0259d\u0259 videoformatda m\u00fc\u015favir\u0259 ke\u00e7rilib. Z\u0259rdab Rayon \u0130cra Hakimiyy\u0259tind\u0259n Zerdab.com-a veril\u0259n m\u0259lumata g\u00f6r\u0259, Z\u0259rdab rayonunun 2021-ci ilin birinci yar\u0131s\u0131nda sosial-iqtisadi inki\u015faf\u0131 v\u0259 qar\u015f\u0131da duran v\u0259zif\u0259l\u0259r bar\u0259d\u0259 video\u00e7arx n\u00fcmayi\u015f etdirildikd\u0259n sonra, icra ba\u015f\u00e7\u0131s\u0131 ilin [&hellip;]\" \/>\n<meta property=\"og:url\" content=\"https:\/\/www.zerdab.com\/?p=29083\" \/>\n<meta property=\"og:site_name\" content=\"Z\u0259rdab.com\" \/>\n<meta property=\"article:published_time\" content=\"2021-08-13T08:04:38+00:00\" \/>\n<meta property=\"article:modified_time\" content=\"2021-08-13T08:35:02+00:00\" \/>\n<meta property=\"og:image\" content=\"https:\/\/www.zerdab.com\/wp-content\/uploads\/2021\/08\/IMG_20210813_115704.jpg\" \/>\n\t<meta property=\"og:image:width\" content=\"634\" \/>\n\t<meta property=\"og:image:height\" content=\"476\" \/>\n\t<meta property=\"og:image:type\" content=\"image\/jpeg\" \/>\n<meta name=\"author\" content=\"admin\" \/>\n<meta name=\"twitter:card\" content=\"summary_large_image\" \/>\n<meta name=\"twitter:label1\" content=\"Written by\" \/>\n\t<meta name=\"twitter:data1\" content=\"admin\" \/>\n\t<meta name=\"twitter:label2\" content=\"Est. reading time\" \/>\n\t<meta name=\"twitter:data2\" content=\"1 minute\" \/>\n<script type=\"application\/ld+json\" class=\"yoast-schema-graph\">{\"@context\":\"https:\/\/schema.org\",\"@graph\":[{\"@type\":\"Article\",\"@id\":\"https:\/\/www.zerdab.com\/?p=29083#article\",\"isPartOf\":{\"@id\":\"https:\/\/www.zerdab.com\/?p=29083\"},\"author\":{\"name\":\"admin\",\"@id\":\"https:\/\/www.zerdab.com\/#\/schema\/person\/97079b7570c1e89ec0d9e138c3672136\"},\"headline\":\"Z\u0259rdab\u0131n icra ba\u015f\u00e7\u0131s\u0131 m\u00fc\u015favir\u0259 ke\u00e7irdi &#8211; G\u00f6r\u00fclm\u00fc\u015f i\u015fl\u0259r v\u0259 qar\u015f\u0131da duran v\u0259zif\u0259l\u0259r m\u00fczakir\u0259 olundu &#8211; Fotolar\",\"datePublished\":\"2021-08-13T08:04:38+00:00\",\"dateModified\":\"2021-08-13T08:35:02+00:00\",\"mainEntityOfPage\":{\"@id\":\"https:\/\/www.zerdab.com\/?p=29083\"},\"wordCount\":263,\"commentCount\":0,\"image\":{\"@id\":\"https:\/\/www.zerdab.com\/?p=29083#primaryimage\"},\"thumbnailUrl\":\"https:\/\/www.zerdab.com\/wp-content\/uploads\/2021\/08\/IMG_20210813_115704.jpg\",\"articleSection\":[\"MAN\u015eET\",\"X\u018fB\u018fRL\u018fR\"],\"inLanguage\":\"az\",\"potentialAction\":[{\"@type\":\"CommentAction\",\"name\":\"Comment\",\"target\":[\"https:\/\/www.zerdab.com\/?p=29083#respond\"]}]},{\"@type\":\"WebPage\",\"@id\":\"https:\/\/www.zerdab.com\/?p=29083\",\"url\":\"https:\/\/www.zerdab.com\/?p=29083\",\"name\":\"Z\u0259rdab\u0131n icra ba\u015f\u00e7\u0131s\u0131 m\u00fc\u015favir\u0259 ke\u00e7irdi - G\u00f6r\u00fclm\u00fc\u015f i\u015fl\u0259r v\u0259 qar\u015f\u0131da duran v\u0259zif\u0259l\u0259r m\u00fczakir\u0259 olundu - Fotolar - Z\u0259rdab.com\",\"isPartOf\":{\"@id\":\"https:\/\/www.zerdab.com\/#website\"},\"primaryImageOfPage\":{\"@id\":\"https:\/\/www.zerdab.com\/?p=29083#primaryimage\"},\"image\":{\"@id\":\"https:\/\/www.zerdab.com\/?p=29083#primaryimage\"},\"thumbnailUrl\":\"https:\/\/www.zerdab.com\/wp-content\/uploads\/2021\/08\/IMG_20210813_115704.jpg\",\"datePublished\":\"2021-08-13T08:04:38+00:00\",\"dateModified\":\"2021-08-13T08:35:02+00:00\",\"author\":{\"@id\":\"https:\/\/www.zerdab.com\/#\/schema\/person\/97079b7570c1e89ec0d9e138c3672136\"},\"breadcrumb\":{\"@id\":\"https:\/\/www.zerdab.com\/?p=29083#breadcrumb\"},\"inLanguage\":\"az\",\"potentialAction\":[{\"@type\":\"ReadAction\",\"target\":[\"https:\/\/www.zerdab.com\/?p=29083\"]}]},{\"@type\":\"ImageObject\",\"inLanguage\":\"az\",\"@id\":\"https:\/\/www.zerdab.com\/?p=29083#primaryimage\",\"url\":\"https:\/\/www.zerdab.com\/wp-content\/uploads\/2021\/08\/IMG_20210813_115704.jpg\",\"contentUrl\":\"https:\/\/www.zerdab.com\/wp-content\/uploads\/2021\/08\/IMG_20210813_115704.jpg\",\"width\":634,\"height\":476},{\"@type\":\"BreadcrumbList\",\"@id\":\"https:\/\/www.zerdab.com\/?p=29083#breadcrumb\",\"itemListElement\":[{\"@type\":\"ListItem\",\"position\":1,\"name\":\"Home\",\"item\":\"https:\/\/www.zerdab.com\/\"},{\"@type\":\"ListItem\",\"position\":2,\"name\":\"Z\u0259rdab\u0131n icra ba\u015f\u00e7\u0131s\u0131 m\u00fc\u015favir\u0259 ke\u00e7irdi &#8211; G\u00f6r\u00fclm\u00fc\u015f i\u015fl\u0259r v\u0259 qar\u015f\u0131da duran v\u0259zif\u0259l\u0259r m\u00fczakir\u0259 olundu &#8211; Fotolar\"}]},{\"@type\":\"WebSite\",\"@id\":\"https:\/\/www.zerdab.com\/#website\",\"url\":\"https:\/\/www.zerdab.com\/\",\"name\":\"Z\u0259rdab.com\",\"description\":\"\",\"potentialAction\":[{\"@type\":\"SearchAction\",\"target\":{\"@type\":\"EntryPoint\",\"urlTemplate\":\"https:\/\/www.zerdab.com\/?s={search_term_string}\"},\"query-input\":{\"@type\":\"PropertyValueSpecification\",\"valueRequired\":true,\"valueName\":\"search_term_string\"}}],\"inLanguage\":\"az\"},{\"@type\":\"Person\",\"@id\":\"https:\/\/www.zerdab.com\/#\/schema\/person\/97079b7570c1e89ec0d9e138c3672136\",\"name\":\"admin\",\"image\":{\"@type\":\"ImageObject\",\"inLanguage\":\"az\",\"@id\":\"https:\/\/www.zerdab.com\/#\/schema\/person\/image\/\",\"url\":\"https:\/\/secure.gravatar.com\/avatar\/d9c52a9a27c32119cb6679a077fa3e2779e5f822c451cbf01098004361d466ec?s=96&d=mm&r=g\",\"contentUrl\":\"https:\/\/secure.gravatar.com\/avatar\/d9c52a9a27c32119cb6679a077fa3e2779e5f822c451cbf01098004361d466ec?s=96&d=mm&r=g\",\"caption\":\"admin\"},\"url\":\"https:\/\/www.zerdab.com\/?author=1\"}]}<\/script>\n<!-- \/ Yoast SEO plugin. -->","yoast_head_json":{"title":"Z\u0259rdab\u0131n icra ba\u015f\u00e7\u0131s\u0131 m\u00fc\u015favir\u0259 ke\u00e7irdi - G\u00f6r\u00fclm\u00fc\u015f i\u015fl\u0259r v\u0259 qar\u015f\u0131da duran v\u0259zif\u0259l\u0259r m\u00fczakir\u0259 olundu - Fotolar - Z\u0259rdab.com","robots":{"index":"index","follow":"follow","max-snippet":"max-snippet:-1","max-image-preview":"max-image-preview:large","max-video-preview":"max-video-preview:-1"},"canonical":"https:\/\/www.zerdab.com\/?p=29083","og_locale":"az_AZ","og_type":"article","og_title":"Z\u0259rdab\u0131n icra ba\u015f\u00e7\u0131s\u0131 m\u00fc\u015favir\u0259 ke\u00e7irdi - G\u00f6r\u00fclm\u00fc\u015f i\u015fl\u0259r v\u0259 qar\u015f\u0131da duran v\u0259zif\u0259l\u0259r m\u00fczakir\u0259 olundu - Fotolar - Z\u0259rdab.com","og_description":"Z\u0259rdab Rayon \u0130cra Hakimiyy\u0259tind\u0259 icra ba\u015f\u00e7\u0131s\u0131 M\u0259rdan Camalzad\u0259nin s\u0259drliyi il\u0259 \u201cZ\u0259rdab rayonunda 2021-ci ilin birinci yar\u0131s\u0131n\u0131n sosial-iqtisadi inki\u015faf\u0131n\u0131n yekunlar\u0131 v\u0259 qar\u015f\u0131da duran v\u0259zif\u0259l\u0259r\u201d bar\u0259d\u0259 videoformatda m\u00fc\u015favir\u0259 ke\u00e7rilib. Z\u0259rdab Rayon \u0130cra Hakimiyy\u0259tind\u0259n Zerdab.com-a veril\u0259n m\u0259lumata g\u00f6r\u0259, Z\u0259rdab rayonunun 2021-ci ilin birinci yar\u0131s\u0131nda sosial-iqtisadi inki\u015faf\u0131 v\u0259 qar\u015f\u0131da duran v\u0259zif\u0259l\u0259r bar\u0259d\u0259 video\u00e7arx n\u00fcmayi\u015f etdirildikd\u0259n sonra, icra ba\u015f\u00e7\u0131s\u0131 ilin [&hellip;]","og_url":"https:\/\/www.zerdab.com\/?p=29083","og_site_name":"Z\u0259rdab.com","article_published_time":"2021-08-13T08:04:38+00:00","article_modified_time":"2021-08-13T08:35:02+00:00","og_image":[{"width":634,"height":476,"url":"https:\/\/www.zerdab.com\/wp-content\/uploads\/2021\/08\/IMG_20210813_115704.jpg","type":"image\/jpeg"}],"author":"admin","twitter_card":"summary_large_image","twitter_misc":{"Written by":"admin","Est. reading time":"1 minute"},"schema":{"@context":"https:\/\/schema.org","@graph":[{"@type":"Article","@id":"https:\/\/www.zerdab.com\/?p=29083#article","isPartOf":{"@id":"https:\/\/www.zerdab.com\/?p=29083"},"author":{"name":"admin","@id":"https:\/\/www.zerdab.com\/#\/schema\/person\/97079b7570c1e89ec0d9e138c3672136"},"headline":"Z\u0259rdab\u0131n icra ba\u015f\u00e7\u0131s\u0131 m\u00fc\u015favir\u0259 ke\u00e7irdi &#8211; G\u00f6r\u00fclm\u00fc\u015f i\u015fl\u0259r v\u0259 qar\u015f\u0131da duran v\u0259zif\u0259l\u0259r m\u00fczakir\u0259 olundu &#8211; Fotolar","datePublished":"2021-08-13T08:04:38+00:00","dateModified":"2021-08-13T08:35:02+00:00","mainEntityOfPage":{"@id":"https:\/\/www.zerdab.com\/?p=29083"},"wordCount":263,"commentCount":0,"image":{"@id":"https:\/\/www.zerdab.com\/?p=29083#primaryimage"},"thumbnailUrl":"https:\/\/www.zerdab.com\/wp-content\/uploads\/2021\/08\/IMG_20210813_115704.jpg","articleSection":["MAN\u015eET","X\u018fB\u018fRL\u018fR"],"inLanguage":"az","potentialAction":[{"@type":"CommentAction","name":"Comment","target":["https:\/\/www.zerdab.com\/?p=29083#respond"]}]},{"@type":"WebPage","@id":"https:\/\/www.zerdab.com\/?p=29083","url":"https:\/\/www.zerdab.com\/?p=29083","name":"Z\u0259rdab\u0131n icra ba\u015f\u00e7\u0131s\u0131 m\u00fc\u015favir\u0259 ke\u00e7irdi - G\u00f6r\u00fclm\u00fc\u015f i\u015fl\u0259r v\u0259 qar\u015f\u0131da duran v\u0259zif\u0259l\u0259r m\u00fczakir\u0259 olundu - Fotolar - Z\u0259rdab.com","isPartOf":{"@id":"https:\/\/www.zerdab.com\/#website"},"primaryImageOfPage":{"@id":"https:\/\/www.zerdab.com\/?p=29083#primaryimage"},"image":{"@id":"https:\/\/www.zerdab.com\/?p=29083#primaryimage"},"thumbnailUrl":"https:\/\/www.zerdab.com\/wp-content\/uploads\/2021\/08\/IMG_20210813_115704.jpg","datePublished":"2021-08-13T08:04:38+00:00","dateModified":"2021-08-13T08:35:02+00:00","author":{"@id":"https:\/\/www.zerdab.com\/#\/schema\/person\/97079b7570c1e89ec0d9e138c3672136"},"breadcrumb":{"@id":"https:\/\/www.zerdab.com\/?p=29083#breadcrumb"},"inLanguage":"az","potentialAction":[{"@type":"ReadAction","target":["https:\/\/www.zerdab.com\/?p=29083"]}]},{"@type":"ImageObject","inLanguage":"az","@id":"https:\/\/www.zerdab.com\/?p=29083#primaryimage","url":"https:\/\/www.zerdab.com\/wp-content\/uploads\/2021\/08\/IMG_20210813_115704.jpg","contentUrl":"https:\/\/www.zerdab.com\/wp-content\/uploads\/2021\/08\/IMG_20210813_115704.jpg","width":634,"height":476},{"@type":"BreadcrumbList","@id":"https:\/\/www.zerdab.com\/?p=29083#breadcrumb","itemListElement":[{"@type":"ListItem","position":1,"name":"Home","item":"https:\/\/www.zerdab.com\/"},{"@type":"ListItem","position":2,"name":"Z\u0259rdab\u0131n icra ba\u015f\u00e7\u0131s\u0131 m\u00fc\u015favir\u0259 ke\u00e7irdi &#8211; G\u00f6r\u00fclm\u00fc\u015f i\u015fl\u0259r v\u0259 qar\u015f\u0131da duran v\u0259zif\u0259l\u0259r m\u00fczakir\u0259 olundu &#8211; Fotolar"}]},{"@type":"WebSite","@id":"https:\/\/www.zerdab.com\/#website","url":"https:\/\/www.zerdab.com\/","name":"Z\u0259rdab.com","description":"","potentialAction":[{"@type":"SearchAction","target":{"@type":"EntryPoint","urlTemplate":"https:\/\/www.zerdab.com\/?s={search_term_string}"},"query-input":{"@type":"PropertyValueSpecification","valueRequired":true,"valueName":"search_term_string"}}],"inLanguage":"az"},{"@type":"Person","@id":"https:\/\/www.zerdab.com\/#\/schema\/person\/97079b7570c1e89ec0d9e138c3672136","name":"admin","image":{"@type":"ImageObject","inLanguage":"az","@id":"https:\/\/www.zerdab.com\/#\/schema\/person\/image\/","url":"https:\/\/secure.gravatar.com\/avatar\/d9c52a9a27c32119cb6679a077fa3e2779e5f822c451cbf01098004361d466ec?s=96&d=mm&r=g","contentUrl":"https:\/\/secure.gravatar.com\/avatar\/d9c52a9a27c32119cb6679a077fa3e2779e5f822c451cbf01098004361d466ec?s=96&d=mm&r=g","caption":"admin"},"url":"https:\/\/www.zerdab.com\/?author=1"}]}},"_links":{"self":[{"href":"https:\/\/www.zerdab.com\/index.php?rest_route=\/wp\/v2\/posts\/29083","targetHints":{"allow":["GET"]}}],"collection":[{"href":"https:\/\/www.zerdab.com\/index.php?rest_route=\/wp\/v2\/posts"}],"about":[{"href":"https:\/\/www.zerdab.com\/index.php?rest_route=\/wp\/v2\/types\/post"}],"author":[{"embeddable":true,"href":"https:\/\/www.zerdab.com\/index.php?rest_route=\/wp\/v2\/users\/1"}],"replies":[{"embeddable":true,"href":"https:\/\/www.zerdab.com\/index.php?rest_route=%2Fwp%2Fv2%2Fcomments&post=29083"}],"version-history":[{"count":3,"href":"https:\/\/www.zerdab.com\/index.php?rest_route=\/wp\/v2\/posts\/29083\/revisions"}],"predecessor-version":[{"id":29090,"href":"https:\/\/www.zerdab.com\/index.php?rest_route=\/wp\/v2\/posts\/29083\/revisions\/29090"}],"wp:featuredmedia":[{"embeddable":true,"href":"https:\/\/www.zerdab.com\/index.php?rest_route=\/wp\/v2\/media\/29084"}],"wp:attachment":[{"href":"https:\/\/www.zerdab.com\/index.php?rest_route=%2Fwp%2Fv2%2Fmedia&parent=29083"}],"wp:term":[{"taxonomy":"category","embeddable":true,"href":"https:\/\/www.zerdab.com\/index.php?rest_route=%2Fwp%2Fv2%2Fcategories&post=29083"},{"taxonomy":"post_tag","embeddable":true,"href":"https:\/\/www.zerdab.com\/index.php?rest_route=%2Fwp%2Fv2%2Ftags&post=29083"}],"curies":[{"name":"wp","href":"https:\/\/api.w.org\/{rel}","templated":true}]}}