{"id":29139,"date":"2021-09-04T14:36:24","date_gmt":"2021-09-04T10:36:24","guid":{"rendered":"http:\/\/www.zerdab.com\/?p=29139"},"modified":"2021-09-04T14:37:27","modified_gmt":"2021-09-04T10:37:27","slug":"bakida-faci%c9%99-bas-ver%c9%99n-ail%c9%99-%c9%99sl%c9%99n-z%c9%99rdab-rayonundandir-d%c9%99hs%c9%99tli-m%c9%99qamlar","status":"publish","type":"post","link":"https:\/\/www.zerdab.com\/?p=29139","title":{"rendered":"Bak\u0131da faci\u0259 ba\u015f ver\u0259n ail\u0259 \u0259sl\u0259n Z\u0259rdab rayonundand\u0131r &#8211; D\u0259h\u015f\u0259tli m\u0259qamlar"},"content":{"rendered":"\n<p><strong>\u00d6t\u0259n g\u00fcn Ayt\u0259n Nift\u0259liyeva v\u0259 1 ya\u015fl\u0131 q\u0131z\u0131 Tahir\u0259nin\u00a0\u00f6l\u00fcm\u00fc\u00a0\u00f6lk\u0259nin \u0259sas g\u00fcnd\u0259min\u0259 \u00e7evrilib. Ayt\u0259nin ail\u0259si hadis\u0259d\u0259 onun h\u0259yat yolda\u015f\u0131\u00a0R\u0259hman Nift\u0259liyevi ittiham ets\u0259 d\u0259, h\u0259min \u015f\u0259xs a\u00e7\u0131qlama yayaraq\u00a0bunu t\u0259kzib edib v\u0259 m\u0259s\u0259l\u0259nin istintaq prosesin\u0259 burax\u0131lmal\u0131 oldu\u011funu deyib.\u00a0<\/strong><\/p>\n\n\n\n<p>Ayt\u0259n Nift\u0259liyevan\u0131n xalas\u0131 P\u0259ri F\u0259ttahova is\u0259 Ayt\u0259nin ni\u015fanl\u0131 v\u0259 ail\u0259li oldu\u011fu d\u00f6vrl\u0259 ba\u011fl\u0131 bir \u00e7ox t\u0259f\u0259rr\u00fcat\u0131 a\u00e7\u0131qlay\u0131b: \u201cAyt\u0259n (Ayt\u0259n S\u00fcleymanova) v\u0259 R\u0259hman (R\u0259hman Nift\u0259liyev) ali m\u0259kt\u0259bd\u0259 tan\u0131\u015f olublar. Ayt\u0259n kimya m\u00fch\u0259ndisliyi, R\u0259hman is\u0259 co\u011frafiya fak\u00fclt\u0259sind\u0259 t\u0259hsil al\u0131rd\u0131. El\u0259 t\u0259hsil m\u00fcdd\u0259tind\u0259 R\u0259hman Ayt\u0259ni g\u00f6r\u00fcb v\u0259 onu evl\u0259nm\u0259y\u0259 raz\u0131 sal\u0131b. 2018-ci ilin sentyabr\u0131n 15-d\u0259 ni\u015fanlan\u0131b, 2019-cu ilin aprelin 13-d\u0259 ail\u0259 qurublar\u201d.<\/p>\n\n\n\n<p>\u00c7ox h\u0259yatsev\u0259r, \u015f\u0259n q\u0131z imi\u015f. Lakin t\u0259l\u0259b\u0259 yolda\u015flar\u0131 onu d\u00f6vl\u0259t imtahan\u0131nda g\u00f6r\u0259nd\u0259 t\u0259\u0259cc\u00fcb edibl\u0259r. O h\u0259yatsev\u0259r q\u0131zdan \u0259s\u0259r-\u0259lam\u0259t qalmay\u0131bm\u0131\u015f. V\u0259ziyy\u0259t o yerd\u0259 idi ki, o h\u0259r a\u011fz\u0131n\u0131 a\u00e7anda R\u0259hmana bax\u0131rm\u0131\u015f.<\/p>\n\n\n\n<p>T\u0259s\u0259vv\u00fcr edirsiz? A\u011f\u0131ll\u0131, savadl\u0131, \u015f\u0259n bir q\u0131z \u00e7ox q\u0131sa m\u00fcdd\u0259td\u0259 g\u00f6z\u00fcnd\u0259n qorxu \u0259skik olmayan birin\u0259 \u00e7evrilib&#8230;<\/p>\n\n\n\n<figure class=\"wp-block-image\"><img decoding=\"async\" src=\"https:\/\/qafqazinfo.az\/uploads\/images\/3(181).jpg\" alt=\"\"\/><\/figure>\n\n\n\n<p>P\u0259ri F\u0259ttahovan\u0131n s\u00f6zl\u0259rin\u0259 g\u00f6r\u0259, R\u0259hmangil \u0259sl\u0259n Z\u0259rdab rayonundand\u0131r: \u201cBiz is\u0259 \u015e\u0259kid\u0259n. Ayt\u0259nin atas\u0131 1-ci Qaraba\u011f m\u00fcharib\u0259si veteran\u0131d\u0131r. H\u0259l\u0259 ni\u015fanl\u0131 olduqlar\u0131 d\u00f6vrd\u0259 Ayt\u0259n daima fiziki \u015fidd\u0259t\u0259 m\u0259ruz qal\u0131rm\u0131\u015f. Valideynl\u0259ri bu izdivaca \u0259vv\u0259ld\u0259n qar\u015f\u0131 imi\u015fl\u0259r, lakin Ayt\u0259n onlar\u0131 raz\u0131 sal\u0131b\u201d.<\/p>\n\n\n\n<p>El ad\u0259til\u0259 b\u0259yaz g\u0259linlikd\u0259 \u0259r evin\u0259 yollanan Ayt\u0259n g\u0259l\u0259c\u0259kd\u0259 onu n\u0259l\u0259r g\u00f6zl\u0259diyind\u0259n x\u0259b\u0259rsiz idi.<\/p>\n\n\n\n<p>Onlar Badamdarda h\u0259y\u0259t evind\u0259 ya\u015fama\u011fa ba\u015flad\u0131lar. Qaynata, qaynana v\u0259 yeni evlil\u0259r. R\u0259hman\u0131n daimi i\u015f yeri yox imi\u015f. Atas\u0131n\u0131n (\u0130lqar Nift\u0259liyev) ki\u00e7ik biznesi var imi\u015f. El\u0259 onunla da dolan\u0131rm\u0131\u015flar.<\/p>\n\n\n\n<p>Qara g\u00fcnl\u0259r is\u0259 qar\u015f\u0131dad\u0131r&#8230; Toydan q\u0131sa m\u00fcdd\u0259t sonra Ayt\u0259n hamil\u0259 qal\u0131r. P\u0259ri xan\u0131m\u0131n bu d\u00f6vr haqq\u0131nda dediyi s\u00f6zl\u0259r t\u00fck\u00fcrp\u0259rdicidir. R\u0259hman Ayt\u0259ni hamil\u0259 ik\u0259n toqqa il\u0259 bo\u011furmu\u015f, toqqa il\u0259 d\u00f6y\u00fcrm\u00fc\u015f&#8230;<\/p>\n\n\n\n<figure class=\"wp-block-image\"><img decoding=\"async\" src=\"https:\/\/qafqazinfo.az\/uploads\/images\/2(248).jpg\" alt=\"\"\/><\/figure>\n\n\n\n<p>Burada bir ha\u015fiy\u0259y\u0259 \u00e7\u0131xaq. \u0130st\u0259r-ist\u0259m\u0259z sual yaran\u0131r- b\u0259lk\u0259 R\u0259hman\u0131n psixi problemi, yaxud z\u0259r\u0259rli alud\u0259\u00e7iliyi var imi\u015f? R\u0259hman\u0131n sosial media hesab\u0131nda a\u00e7d\u0131\u011f\u0131 canl\u0131 yay\u0131m zaman\u0131 t\u0259l\u0259b\u0259 yolda\u015flar\u0131 \u015f\u0259rhl\u0259rd\u0259 bunu t\u0259sdiq edib&#8230;<\/p>\n\n\n\n<p>Ayt\u0259nin hamil\u0259lik d\u00f6vr\u00fcnd\u0259 d\u0259 fiziki \u015fidd\u0259t\u0259 m\u0259ruz qalmas\u0131 valideynl\u0259rini daim qorxudurdu. Ya q\u0131z\u0131na bir \u015fey olacaq, ya da u\u015faq t\u0259l\u0259f olacaq, dey\u0259-dey\u0259 aylar\u0131 yola sald\u0131lar. Sa\u011flam, g\u00f6z\u0259l bir q\u0131z u\u015fa\u011f\u0131 d\u00fcnyaya g\u0259ldi. Ad\u0131n\u0131 Tahir\u0259 qoydular (R\u0259hman\u0131n n\u0259n\u0259sinin ad\u0131 imi\u015f).<\/p>\n\n\n\n<p>D\u00fcnyaya a\u011flaya-a\u011flaya g\u0259l\u0259n bu k\u00f6rp\u0259y\u0259 bir t\u0259r\u0259fd\u0259n anas\u0131 da qo\u015fulurdu-t\u0259hqirl\u0259r, d\u00f6y\u00fclm\u0259l\u0259r bitmirdi&#8230;Ayt\u0259nin atas\u0131 bu d\u0259rdd\u0259n \u00fcr\u0259k x\u0259st\u0259liyi tapd\u0131. \u00d6t\u0259n il v\u0259fat etdi. Ayt\u0259ni bununla da s\u0131nad\u0131lar. Onu atas\u0131n\u0131n yas\u0131na buraxmad\u0131lar. Gizlic\u0259 evin bir k\u00fcnc\u00fcnd\u0259 a\u011flama\u011fa bel\u0259 icaz\u0259 vermirl\u0259rmi\u015f&#8230;<\/p>\n\n\n\n<p>H\u0259l\u0259 bu haras\u0131d\u0131r? Ona k\u00f6l\u0259 kimi davran\u0131rm\u0131\u015flar. Bir s\u0259hvini g\u00f6r\u0259nd\u0259 diz \u00fcst\u0259 \u00e7\u00f6kd\u00fcr\u00fcb \u00fczr ist\u0259dirmi\u015fl\u0259r. B\u0259s u\u015fa\u011f\u0131na nec\u0259, R\u0259hman \u015fidd\u0259t g\u00f6st\u0259rirdimi? Bununla ba\u011fl\u0131 s\u00fcbut yoxdur. Lakin Ayt\u0259nin ba\u015f\u0131na g\u0259l\u0259nl\u0259r g\u00f6z \u00f6n\u00fcnd\u0259dir. Faci\u0259 g\u00fcn\u00fcn\u00fc t\u0259f\u0259rr\u00fcatl\u0131 \u015f\u0259kild\u0259 xalas\u0131n\u0131n dilind\u0259n t\u0259qdim edirik:<\/p>\n\n\n\n<figure class=\"wp-block-image\"><img decoding=\"async\" src=\"https:\/\/qafqazinfo.az\/uploads\/images\/4(158).jpg\" alt=\"\"\/><\/figure>\n\n\n\n<p>\u201cAyt\u0259n Sumqay\u0131ta, anas\u0131gil\u0259 qonaq gedib. Anas\u0131 evin\u0259 d\u00f6n\u0259r-d\u00f6nm\u0259z \u0259laq\u0259 saxlamas\u0131n\u0131 tap\u015f\u0131r\u0131b. Z\u0259ng g\u0259lm\u0259diyini g\u00f6r\u0259n ana narahat olub. Bunu da deyim, bilin. Ayt\u0259nin g\u0259lin k\u00f6\u00e7\u0259nd\u0259n sonra telefonu olmay\u0131b. O, do\u011fma ail\u0259si il\u0259 yaln\u0131z qaynanas\u0131n\u0131n yan\u0131nda dan\u0131\u015fa bil\u0259rmi\u015f. Yen\u0259 bir s\u0259b\u0259b tapan R\u0259hman Ayt\u0259ni d\u00f6ym\u0259y\u0259 ba\u015flay\u0131b. Bu d\u0259f\u0259 qaynana da ona qo\u015fulub. Ayt\u0259nin anas\u0131 z\u0259ng vuranda balaca Tahir\u0259nin a\u011flama\u011f\u0131n\u0131 e\u015fid\u0259nd\u0259 narahat olub. R\u0259hman is\u0259 bunu \u00f6rt-basd\u0131r etm\u0259k \u00fc\u00e7\u00fcn Ayt\u0259nd\u0259n bo\u015fanmaq ist\u0259diyini deyib. Sonra \u015fidd\u0259t davam edib. V\u0259ziyy\u0259tin g\u0259rginl\u0259\u015fdiyini g\u00f6r\u0259n Ayt\u0259n q\u0131z\u0131 Tahir\u0259ni d\u0259 g\u00f6t\u00fcr\u00fcb dama \u00e7\u0131x\u0131b (dama pill\u0259k\u0259n var imi\u015f)\u201d.<\/p>\n\n\n\n<p>Bu arada R\u0259hman h\u0259yat yolda\u015f\u0131 v\u0259 q\u0131z\u0131n\u0131n ikinci m\u0259rt\u0259b\u0259d\u0259n y\u0131x\u0131ld\u0131\u011f\u0131n\u0131 deyir. Amma x\u0259st\u0259xanada olanlar Ayt\u0259nin qaynanas\u0131n\u0131n (T\u0259ran\u0259 Nift\u0259liyeva) dayanmadan \u201cO dam\u0131 ba\u011fl\u0131 saxlay\u0131n demi\u015fdim siz\u0259\u201d, dey\u0259, q\u0259z\u0259bl\u0259ndiyinin \u015fahidi olublar.<\/p>\n\n\n\n<p>Ayt\u0259n v\u0259 Tahir\u0259nin son anlar\u0131 is\u0259 d\u0259h\u015f\u0259tlidir. 1-ci m\u0259rt\u0259b\u0259d\u0259 qay\u0131nata v\u0259 qay\u0131nanas\u0131n\u0131n oldu\u011funu bil\u0259n Ayt\u0259n \u00e7ar\u0259ni \u00f6vlad\u0131 il\u0259 dama \u00e7\u0131xmaqla tapaca\u011f\u0131n\u0131 d\u00fc\u015f\u00fcn\u00fcr. Onun arxas\u0131nca qa\u00e7an R\u0259hman Tahir\u0259ni anas\u0131n\u0131n \u0259lind\u0259n alma\u011fa \u00e7al\u0131\u015fanda&#8230;<\/p>\n\n\n\n<figure class=\"wp-block-image\"><img decoding=\"async\" src=\"https:\/\/qafqazinfo.az\/uploads\/images\/1(230).jpg\" alt=\"\"\/><\/figure>\n\n\n\n<p>B\u0259li. Balaca Tahir\u0259 atas\u0131 il\u0259 anas\u0131n\u0131n aras\u0131nda \u00e7\u0259ki\u015fdiril\u0259rk\u0259n q\u0259fil damdan d\u00fc\u015f\u00fcb&#8230;N\u0259 ba\u015f verdiyini anlamayan ana \u00f6vlad\u0131n\u0131n arxas\u0131nda \u00f6z\u00fcn\u00fc atmaqm\u0131 ist\u0259yirmi\u015f, aya\u011f\u0131m\u0131 s\u00fcr\u00fc\u015f\u00fcb, yoxsa onu h\u0259yat yolda\u015f\u0131 it\u0259l\u0259yib, buras\u0131 m\u00fc\u0259mmad\u0131r. B\u0259lli olan odur ki, Ayt\u0259n bir m\u00fcdd\u0259t damdan as\u0131l\u0131 qal\u0131b. O anda \u201cM\u0259n \u00f6lm\u0259k ist\u0259mir\u0259m\u201d, deyib v\u0259 k\u00f6m\u0259k ist\u0259yib. R\u0259hman is\u0259 ona k\u00f6m\u0259k \u0259lini uzatmay\u0131b. \u018fll\u0259rinin taq\u0259ti qalmayan Ayt\u0259n y\u0131x\u0131l\u0131b. Y\u0131x\u0131lark\u0259n hu\u015fu yerind\u0259 imi\u015f, amma \u00f6vlad\u0131n\u0131 g\u00f6r\u0259nd\u0259&#8230;Tahir\u0259 art\u0131q g\u00f6zl\u0259rini \u0259b\u0259di yummu\u015fdu&#8230;<\/p>\n\n\n\n<p>Qon\u015fular T\u0259cili Yard\u0131ma x\u0259b\u0259r verib. \u018fvv\u0259lc\u0259 D\u00f6vl\u0259t T\u0259hl\u00fck\u0259sizik Xidm\u0259tinin (DTX) Hospital\u0131na apar\u0131lan Ayt\u0259n sonra Respublika Klinik X\u0259st\u0259xanas\u0131na k\u00f6\u00e7\u00fcr\u00fcl\u00fcb. Xalas\u0131 dan\u0131\u015f\u0131r ki, v\u0259ziyy\u0259t b\u0259lli idi. O, \u00f6lm\u0259mi\u015fdi. Hadis\u0259ni oldu\u011fu kimi xat\u0131rlay\u0131rd\u0131. Dem\u0259k ki, R\u0259hman bu d\u0259f\u0259 xilas ola bilm\u0259y\u0259c\u0259kdi.<\/p>\n\n\n\n<p>X\u0259st\u0259xanada ay\u0131lan kimi Ayt\u0259n h\u0259r \u015feyi oldu\u011fu kimi dan\u0131\u015f\u0131b. G\u00f6z\u00fcn\u00fc a\u00e7mas\u0131 m\u00f6c\u00fcz\u0259 idi. T\u0259\u0259ss\u00fcf ki, ald\u0131\u011f\u0131 a\u011f\u0131r b\u0259d\u0259n x\u0259sar\u0259tl\u0259ri, daxili orqanlardak\u0131 ciddi z\u0259d\u0259l\u0259r hadis\u0259d\u0259n 3 g\u00fcn sonra onun \u00f6l\u00fcm\u00fcn\u0259 s\u0259b\u0259b oldu. Ayt\u0259nin ail\u0259si bu cinay\u0259tin c\u0259zas\u0131z qalmamas\u0131 \u00fc\u00e7\u00fcn h\u0259r \u015fey\u0259 haz\u0131r olduqlar\u0131n\u0131 bildirib.<\/p>\n\n\n\n<figure class=\"wp-block-image\"><img decoding=\"async\" src=\"https:\/\/qafqazinfo.az\/uploads\/1630646471\/1630585154_241117658_220994423213676_8596075160886773913_n.jpg\" alt=\"\"\/><figcaption>Musavat.com <br><br><br><br><br><br> <\/figcaption><\/figure>\n","protected":false},"excerpt":{"rendered":"<p>\u00d6t\u0259n g\u00fcn Ayt\u0259n Nift\u0259liyeva v\u0259 1 ya\u015fl\u0131 q\u0131z\u0131 Tahir\u0259nin\u00a0\u00f6l\u00fcm\u00fc\u00a0\u00f6lk\u0259nin \u0259sas g\u00fcnd\u0259min\u0259 \u00e7evrilib. Ayt\u0259nin ail\u0259si hadis\u0259d\u0259 onun h\u0259yat yolda\u015f\u0131\u00a0R\u0259hman Nift\u0259liyevi ittiham ets\u0259 d\u0259, h\u0259min \u015f\u0259xs a\u00e7\u0131qlama yayaraq\u00a0bunu t\u0259kzib edib v\u0259 m\u0259s\u0259l\u0259nin istintaq prosesin\u0259 burax\u0131lmal\u0131 oldu\u011funu deyib.\u00a0 Ayt\u0259n Nift\u0259liyevan\u0131n xalas\u0131 P\u0259ri F\u0259ttahova is\u0259 Ayt\u0259nin ni\u015fanl\u0131 v\u0259 ail\u0259li oldu\u011fu d\u00f6vrl\u0259 ba\u011fl\u0131 bir \u00e7ox t\u0259f\u0259rr\u00fcat\u0131 a\u00e7\u0131qlay\u0131b: \u201cAyt\u0259n (Ayt\u0259n S\u00fcleymanova) [&hellip;]<\/p>\n","protected":false},"author":1,"featured_media":29141,"comment_status":"open","ping_status":"open","sticky":false,"template":"","format":"standard","meta":{"footnotes":""},"categories":[46,63],"tags":[],"class_list":{"0":"post-29139","1":"post","2":"type-post","3":"status-publish","4":"format-standard","5":"has-post-thumbnail","7":"category-hadis","8":"category-manset"},"yoast_head":"<!-- This site is optimized with the Yoast SEO plugin v27.0 - https:\/\/yoast.com\/product\/yoast-seo-wordpress\/ -->\n<title>Bak\u0131da faci\u0259 ba\u015f ver\u0259n ail\u0259 \u0259sl\u0259n Z\u0259rdab rayonundand\u0131r - D\u0259h\u015f\u0259tli m\u0259qamlar - Z\u0259rdab.com<\/title>\n<meta name=\"robots\" content=\"index, follow, max-snippet:-1, max-image-preview:large, max-video-preview:-1\" \/>\n<link rel=\"canonical\" href=\"https:\/\/www.zerdab.com\/?p=29139\" \/>\n<meta property=\"og:locale\" content=\"az_AZ\" \/>\n<meta property=\"og:type\" content=\"article\" \/>\n<meta property=\"og:title\" content=\"Bak\u0131da faci\u0259 ba\u015f ver\u0259n ail\u0259 \u0259sl\u0259n Z\u0259rdab rayonundand\u0131r - D\u0259h\u015f\u0259tli m\u0259qamlar - Z\u0259rdab.com\" \/>\n<meta property=\"og:description\" content=\"\u00d6t\u0259n g\u00fcn Ayt\u0259n Nift\u0259liyeva v\u0259 1 ya\u015fl\u0131 q\u0131z\u0131 Tahir\u0259nin\u00a0\u00f6l\u00fcm\u00fc\u00a0\u00f6lk\u0259nin \u0259sas g\u00fcnd\u0259min\u0259 \u00e7evrilib. Ayt\u0259nin ail\u0259si hadis\u0259d\u0259 onun h\u0259yat yolda\u015f\u0131\u00a0R\u0259hman Nift\u0259liyevi ittiham ets\u0259 d\u0259, h\u0259min \u015f\u0259xs a\u00e7\u0131qlama yayaraq\u00a0bunu t\u0259kzib edib v\u0259 m\u0259s\u0259l\u0259nin istintaq prosesin\u0259 burax\u0131lmal\u0131 oldu\u011funu deyib.\u00a0 Ayt\u0259n Nift\u0259liyevan\u0131n xalas\u0131 P\u0259ri F\u0259ttahova is\u0259 Ayt\u0259nin ni\u015fanl\u0131 v\u0259 ail\u0259li oldu\u011fu d\u00f6vrl\u0259 ba\u011fl\u0131 bir \u00e7ox t\u0259f\u0259rr\u00fcat\u0131 a\u00e7\u0131qlay\u0131b: \u201cAyt\u0259n (Ayt\u0259n S\u00fcleymanova) [&hellip;]\" \/>\n<meta property=\"og:url\" content=\"https:\/\/www.zerdab.com\/?p=29139\" \/>\n<meta property=\"og:site_name\" content=\"Z\u0259rdab.com\" \/>\n<meta property=\"article:published_time\" content=\"2021-09-04T10:36:24+00:00\" \/>\n<meta property=\"article:modified_time\" content=\"2021-09-04T10:37:27+00:00\" \/>\n<meta property=\"og:image\" content=\"https:\/\/www.zerdab.com\/wp-content\/uploads\/2021\/09\/eslen-zerdab-rayonu.jpg\" \/>\n\t<meta property=\"og:image:width\" content=\"637\" \/>\n\t<meta property=\"og:image:height\" content=\"400\" \/>\n\t<meta property=\"og:image:type\" content=\"image\/jpeg\" \/>\n<meta name=\"author\" content=\"admin\" \/>\n<meta name=\"twitter:card\" content=\"summary_large_image\" \/>\n<meta name=\"twitter:label1\" content=\"Written by\" \/>\n\t<meta name=\"twitter:data1\" content=\"admin\" \/>\n\t<meta name=\"twitter:label2\" content=\"Est. reading time\" \/>\n\t<meta name=\"twitter:data2\" content=\"6 minutes\" \/>\n<script type=\"application\/ld+json\" class=\"yoast-schema-graph\">{\"@context\":\"https:\/\/schema.org\",\"@graph\":[{\"@type\":\"Article\",\"@id\":\"https:\/\/www.zerdab.com\/?p=29139#article\",\"isPartOf\":{\"@id\":\"https:\/\/www.zerdab.com\/?p=29139\"},\"author\":{\"name\":\"admin\",\"@id\":\"https:\/\/www.zerdab.com\/#\/schema\/person\/97079b7570c1e89ec0d9e138c3672136\"},\"headline\":\"Bak\u0131da faci\u0259 ba\u015f ver\u0259n ail\u0259 \u0259sl\u0259n Z\u0259rdab rayonundand\u0131r &#8211; D\u0259h\u015f\u0259tli m\u0259qamlar\",\"datePublished\":\"2021-09-04T10:36:24+00:00\",\"dateModified\":\"2021-09-04T10:37:27+00:00\",\"mainEntityOfPage\":{\"@id\":\"https:\/\/www.zerdab.com\/?p=29139\"},\"wordCount\":1292,\"commentCount\":0,\"image\":{\"@id\":\"https:\/\/www.zerdab.com\/?p=29139#primaryimage\"},\"thumbnailUrl\":\"https:\/\/www.zerdab.com\/wp-content\/uploads\/2021\/09\/eslen-zerdab-rayonu.jpg\",\"articleSection\":[\"HAD\u0130S\u018f\",\"MAN\u015eET\"],\"inLanguage\":\"az\",\"potentialAction\":[{\"@type\":\"CommentAction\",\"name\":\"Comment\",\"target\":[\"https:\/\/www.zerdab.com\/?p=29139#respond\"]}]},{\"@type\":\"WebPage\",\"@id\":\"https:\/\/www.zerdab.com\/?p=29139\",\"url\":\"https:\/\/www.zerdab.com\/?p=29139\",\"name\":\"Bak\u0131da faci\u0259 ba\u015f ver\u0259n ail\u0259 \u0259sl\u0259n Z\u0259rdab rayonundand\u0131r - D\u0259h\u015f\u0259tli m\u0259qamlar - Z\u0259rdab.com\",\"isPartOf\":{\"@id\":\"https:\/\/www.zerdab.com\/#website\"},\"primaryImageOfPage\":{\"@id\":\"https:\/\/www.zerdab.com\/?p=29139#primaryimage\"},\"image\":{\"@id\":\"https:\/\/www.zerdab.com\/?p=29139#primaryimage\"},\"thumbnailUrl\":\"https:\/\/www.zerdab.com\/wp-content\/uploads\/2021\/09\/eslen-zerdab-rayonu.jpg\",\"datePublished\":\"2021-09-04T10:36:24+00:00\",\"dateModified\":\"2021-09-04T10:37:27+00:00\",\"author\":{\"@id\":\"https:\/\/www.zerdab.com\/#\/schema\/person\/97079b7570c1e89ec0d9e138c3672136\"},\"breadcrumb\":{\"@id\":\"https:\/\/www.zerdab.com\/?p=29139#breadcrumb\"},\"inLanguage\":\"az\",\"potentialAction\":[{\"@type\":\"ReadAction\",\"target\":[\"https:\/\/www.zerdab.com\/?p=29139\"]}]},{\"@type\":\"ImageObject\",\"inLanguage\":\"az\",\"@id\":\"https:\/\/www.zerdab.com\/?p=29139#primaryimage\",\"url\":\"https:\/\/www.zerdab.com\/wp-content\/uploads\/2021\/09\/eslen-zerdab-rayonu.jpg\",\"contentUrl\":\"https:\/\/www.zerdab.com\/wp-content\/uploads\/2021\/09\/eslen-zerdab-rayonu.jpg\",\"width\":637,\"height\":400,\"caption\":\"eslen-zerdab-rayonu\"},{\"@type\":\"BreadcrumbList\",\"@id\":\"https:\/\/www.zerdab.com\/?p=29139#breadcrumb\",\"itemListElement\":[{\"@type\":\"ListItem\",\"position\":1,\"name\":\"Home\",\"item\":\"https:\/\/www.zerdab.com\/\"},{\"@type\":\"ListItem\",\"position\":2,\"name\":\"Bak\u0131da faci\u0259 ba\u015f ver\u0259n ail\u0259 \u0259sl\u0259n Z\u0259rdab rayonundand\u0131r &#8211; D\u0259h\u015f\u0259tli m\u0259qamlar\"}]},{\"@type\":\"WebSite\",\"@id\":\"https:\/\/www.zerdab.com\/#website\",\"url\":\"https:\/\/www.zerdab.com\/\",\"name\":\"Z\u0259rdab.com\",\"description\":\"\",\"potentialAction\":[{\"@type\":\"SearchAction\",\"target\":{\"@type\":\"EntryPoint\",\"urlTemplate\":\"https:\/\/www.zerdab.com\/?s={search_term_string}\"},\"query-input\":{\"@type\":\"PropertyValueSpecification\",\"valueRequired\":true,\"valueName\":\"search_term_string\"}}],\"inLanguage\":\"az\"},{\"@type\":\"Person\",\"@id\":\"https:\/\/www.zerdab.com\/#\/schema\/person\/97079b7570c1e89ec0d9e138c3672136\",\"name\":\"admin\",\"image\":{\"@type\":\"ImageObject\",\"inLanguage\":\"az\",\"@id\":\"https:\/\/www.zerdab.com\/#\/schema\/person\/image\/\",\"url\":\"https:\/\/secure.gravatar.com\/avatar\/d9c52a9a27c32119cb6679a077fa3e2779e5f822c451cbf01098004361d466ec?s=96&d=mm&r=g\",\"contentUrl\":\"https:\/\/secure.gravatar.com\/avatar\/d9c52a9a27c32119cb6679a077fa3e2779e5f822c451cbf01098004361d466ec?s=96&d=mm&r=g\",\"caption\":\"admin\"},\"url\":\"https:\/\/www.zerdab.com\/?author=1\"}]}<\/script>\n<!-- \/ Yoast SEO plugin. -->","yoast_head_json":{"title":"Bak\u0131da faci\u0259 ba\u015f ver\u0259n ail\u0259 \u0259sl\u0259n Z\u0259rdab rayonundand\u0131r - D\u0259h\u015f\u0259tli m\u0259qamlar - Z\u0259rdab.com","robots":{"index":"index","follow":"follow","max-snippet":"max-snippet:-1","max-image-preview":"max-image-preview:large","max-video-preview":"max-video-preview:-1"},"canonical":"https:\/\/www.zerdab.com\/?p=29139","og_locale":"az_AZ","og_type":"article","og_title":"Bak\u0131da faci\u0259 ba\u015f ver\u0259n ail\u0259 \u0259sl\u0259n Z\u0259rdab rayonundand\u0131r - D\u0259h\u015f\u0259tli m\u0259qamlar - Z\u0259rdab.com","og_description":"\u00d6t\u0259n g\u00fcn Ayt\u0259n Nift\u0259liyeva v\u0259 1 ya\u015fl\u0131 q\u0131z\u0131 Tahir\u0259nin\u00a0\u00f6l\u00fcm\u00fc\u00a0\u00f6lk\u0259nin \u0259sas g\u00fcnd\u0259min\u0259 \u00e7evrilib. Ayt\u0259nin ail\u0259si hadis\u0259d\u0259 onun h\u0259yat yolda\u015f\u0131\u00a0R\u0259hman Nift\u0259liyevi ittiham ets\u0259 d\u0259, h\u0259min \u015f\u0259xs a\u00e7\u0131qlama yayaraq\u00a0bunu t\u0259kzib edib v\u0259 m\u0259s\u0259l\u0259nin istintaq prosesin\u0259 burax\u0131lmal\u0131 oldu\u011funu deyib.\u00a0 Ayt\u0259n Nift\u0259liyevan\u0131n xalas\u0131 P\u0259ri F\u0259ttahova is\u0259 Ayt\u0259nin ni\u015fanl\u0131 v\u0259 ail\u0259li oldu\u011fu d\u00f6vrl\u0259 ba\u011fl\u0131 bir \u00e7ox t\u0259f\u0259rr\u00fcat\u0131 a\u00e7\u0131qlay\u0131b: \u201cAyt\u0259n (Ayt\u0259n S\u00fcleymanova) [&hellip;]","og_url":"https:\/\/www.zerdab.com\/?p=29139","og_site_name":"Z\u0259rdab.com","article_published_time":"2021-09-04T10:36:24+00:00","article_modified_time":"2021-09-04T10:37:27+00:00","og_image":[{"width":637,"height":400,"url":"https:\/\/www.zerdab.com\/wp-content\/uploads\/2021\/09\/eslen-zerdab-rayonu.jpg","type":"image\/jpeg"}],"author":"admin","twitter_card":"summary_large_image","twitter_misc":{"Written by":"admin","Est. reading time":"6 minutes"},"schema":{"@context":"https:\/\/schema.org","@graph":[{"@type":"Article","@id":"https:\/\/www.zerdab.com\/?p=29139#article","isPartOf":{"@id":"https:\/\/www.zerdab.com\/?p=29139"},"author":{"name":"admin","@id":"https:\/\/www.zerdab.com\/#\/schema\/person\/97079b7570c1e89ec0d9e138c3672136"},"headline":"Bak\u0131da faci\u0259 ba\u015f ver\u0259n ail\u0259 \u0259sl\u0259n Z\u0259rdab rayonundand\u0131r &#8211; D\u0259h\u015f\u0259tli m\u0259qamlar","datePublished":"2021-09-04T10:36:24+00:00","dateModified":"2021-09-04T10:37:27+00:00","mainEntityOfPage":{"@id":"https:\/\/www.zerdab.com\/?p=29139"},"wordCount":1292,"commentCount":0,"image":{"@id":"https:\/\/www.zerdab.com\/?p=29139#primaryimage"},"thumbnailUrl":"https:\/\/www.zerdab.com\/wp-content\/uploads\/2021\/09\/eslen-zerdab-rayonu.jpg","articleSection":["HAD\u0130S\u018f","MAN\u015eET"],"inLanguage":"az","potentialAction":[{"@type":"CommentAction","name":"Comment","target":["https:\/\/www.zerdab.com\/?p=29139#respond"]}]},{"@type":"WebPage","@id":"https:\/\/www.zerdab.com\/?p=29139","url":"https:\/\/www.zerdab.com\/?p=29139","name":"Bak\u0131da faci\u0259 ba\u015f ver\u0259n ail\u0259 \u0259sl\u0259n Z\u0259rdab rayonundand\u0131r - D\u0259h\u015f\u0259tli m\u0259qamlar - Z\u0259rdab.com","isPartOf":{"@id":"https:\/\/www.zerdab.com\/#website"},"primaryImageOfPage":{"@id":"https:\/\/www.zerdab.com\/?p=29139#primaryimage"},"image":{"@id":"https:\/\/www.zerdab.com\/?p=29139#primaryimage"},"thumbnailUrl":"https:\/\/www.zerdab.com\/wp-content\/uploads\/2021\/09\/eslen-zerdab-rayonu.jpg","datePublished":"2021-09-04T10:36:24+00:00","dateModified":"2021-09-04T10:37:27+00:00","author":{"@id":"https:\/\/www.zerdab.com\/#\/schema\/person\/97079b7570c1e89ec0d9e138c3672136"},"breadcrumb":{"@id":"https:\/\/www.zerdab.com\/?p=29139#breadcrumb"},"inLanguage":"az","potentialAction":[{"@type":"ReadAction","target":["https:\/\/www.zerdab.com\/?p=29139"]}]},{"@type":"ImageObject","inLanguage":"az","@id":"https:\/\/www.zerdab.com\/?p=29139#primaryimage","url":"https:\/\/www.zerdab.com\/wp-content\/uploads\/2021\/09\/eslen-zerdab-rayonu.jpg","contentUrl":"https:\/\/www.zerdab.com\/wp-content\/uploads\/2021\/09\/eslen-zerdab-rayonu.jpg","width":637,"height":400,"caption":"eslen-zerdab-rayonu"},{"@type":"BreadcrumbList","@id":"https:\/\/www.zerdab.com\/?p=29139#breadcrumb","itemListElement":[{"@type":"ListItem","position":1,"name":"Home","item":"https:\/\/www.zerdab.com\/"},{"@type":"ListItem","position":2,"name":"Bak\u0131da faci\u0259 ba\u015f ver\u0259n ail\u0259 \u0259sl\u0259n Z\u0259rdab rayonundand\u0131r &#8211; D\u0259h\u015f\u0259tli m\u0259qamlar"}]},{"@type":"WebSite","@id":"https:\/\/www.zerdab.com\/#website","url":"https:\/\/www.zerdab.com\/","name":"Z\u0259rdab.com","description":"","potentialAction":[{"@type":"SearchAction","target":{"@type":"EntryPoint","urlTemplate":"https:\/\/www.zerdab.com\/?s={search_term_string}"},"query-input":{"@type":"PropertyValueSpecification","valueRequired":true,"valueName":"search_term_string"}}],"inLanguage":"az"},{"@type":"Person","@id":"https:\/\/www.zerdab.com\/#\/schema\/person\/97079b7570c1e89ec0d9e138c3672136","name":"admin","image":{"@type":"ImageObject","inLanguage":"az","@id":"https:\/\/www.zerdab.com\/#\/schema\/person\/image\/","url":"https:\/\/secure.gravatar.com\/avatar\/d9c52a9a27c32119cb6679a077fa3e2779e5f822c451cbf01098004361d466ec?s=96&d=mm&r=g","contentUrl":"https:\/\/secure.gravatar.com\/avatar\/d9c52a9a27c32119cb6679a077fa3e2779e5f822c451cbf01098004361d466ec?s=96&d=mm&r=g","caption":"admin"},"url":"https:\/\/www.zerdab.com\/?author=1"}]}},"_links":{"self":[{"href":"https:\/\/www.zerdab.com\/index.php?rest_route=\/wp\/v2\/posts\/29139","targetHints":{"allow":["GET"]}}],"collection":[{"href":"https:\/\/www.zerdab.com\/index.php?rest_route=\/wp\/v2\/posts"}],"about":[{"href":"https:\/\/www.zerdab.com\/index.php?rest_route=\/wp\/v2\/types\/post"}],"author":[{"embeddable":true,"href":"https:\/\/www.zerdab.com\/index.php?rest_route=\/wp\/v2\/users\/1"}],"replies":[{"embeddable":true,"href":"https:\/\/www.zerdab.com\/index.php?rest_route=%2Fwp%2Fv2%2Fcomments&post=29139"}],"version-history":[{"count":1,"href":"https:\/\/www.zerdab.com\/index.php?rest_route=\/wp\/v2\/posts\/29139\/revisions"}],"predecessor-version":[{"id":29140,"href":"https:\/\/www.zerdab.com\/index.php?rest_route=\/wp\/v2\/posts\/29139\/revisions\/29140"}],"wp:featuredmedia":[{"embeddable":true,"href":"https:\/\/www.zerdab.com\/index.php?rest_route=\/wp\/v2\/media\/29141"}],"wp:attachment":[{"href":"https:\/\/www.zerdab.com\/index.php?rest_route=%2Fwp%2Fv2%2Fmedia&parent=29139"}],"wp:term":[{"taxonomy":"category","embeddable":true,"href":"https:\/\/www.zerdab.com\/index.php?rest_route=%2Fwp%2Fv2%2Fcategories&post=29139"},{"taxonomy":"post_tag","embeddable":true,"href":"https:\/\/www.zerdab.com\/index.php?rest_route=%2Fwp%2Fv2%2Ftags&post=29139"}],"curies":[{"name":"wp","href":"https:\/\/api.w.org\/{rel}","templated":true}]}}