{"id":29145,"date":"2021-09-14T15:03:59","date_gmt":"2021-09-14T11:03:59","guid":{"rendered":"http:\/\/www.zerdab.com\/?p=29145"},"modified":"2021-09-14T15:06:23","modified_gmt":"2021-09-14T11:06:23","slug":"mill%c9%99t-v%c9%99kili-jal%c9%99-%c9%99liyeva-z%c9%99rdabda-8-k%c9%99ndin-sakinl%c9%99ri-il%c9%99-gorusdu-secicil%c9%99r-deputatdan-n%c9%99yi-xahis-etdil%c9%99r-fotolar","status":"publish","type":"post","link":"https:\/\/www.zerdab.com\/?p=29145","title":{"rendered":"Mill\u0259t v\u0259kili Jal\u0259 \u018fliyeva Z\u0259rdabda 8 k\u0259ndin sakinl\u0259ri il\u0259 g\u00f6r\u00fc\u015fd\u00fc &#8211; Se\u00e7icil\u0259r deputatdan n\u0259yi xahi\u015f etdil\u0259r? &#8211; FOTOLAR"},"content":{"rendered":"\n<p>Mill\u0259t v\u0259kili Jal\u0259 \u018fliyev yenid\u0259n t\u0259msil\u00e7isi oldu\u011fu Z\u0259rdab rayonuna s\u0259f\u0259r edib, se\u00e7icil\u0259ri, rayon sakinl\u0259ri il\u0259 g\u00f6r\u00fc\u015f\u00fcb.<\/p>\n\n\n\n<p>Zerdab.com sayt\u0131na veril\u0259n m\u0259lumata g\u00f6r\u0259, mill\u0259t v\u0259kili g\u00fcn\u00fcn birinci yar\u0131s\u0131nda rayonumuzun <strong>Xanm\u0259mm\u0259dli, H\u00fcseynxanl\u0131 v\u0259 M\u0259mm\u0259dqas\u0131ml\u0131&nbsp;<\/strong>k\u0259ndl\u0259rind\u0259 olub, se\u00e7icil\u0259rl\u0259 a\u00e7\u0131q havada s\u0259yyar q\u0259bul ke\u00e7irib.<\/p>\n\n\n\n<p><em><strong>Mill\u0259t v\u0259kili se\u00e7icil\u0259ri dinl\u0259yib, onlar\u0131 d\u00fc\u015f\u00fcnd\u00fcr\u0259n v\u0259 narahat ed\u0259n m\u0259s\u0259l\u0259l\u0259rl\u0259 maraqlan\u0131b, qald\u0131rlan m\u0259s\u0259l\u0259l\u0259rin h\u0259lli istiqam\u0259tind\u0259 m\u00fcvafiq qurumlarla birlikd\u0259 add\u0131mlar at\u0131b.<\/strong><\/em><\/p>\n\n\n\n<p><strong>G\u00fcn\u00fcn ikinci yar\u0131s\u0131nda is\u0259 mill\u0259t v\u0259kili Z\u0259rdab\u0131n ba\u015fqa k\u0259ndl\u0259rind\u0259 g\u00f6r\u00fc\u015fl\u0259rini davam etdirib,<\/strong><\/p>\n\n\n\n<p><strong><em>Bel\u0259 ki, rayonun D\u0259kk\u0259oba, B\u00f6y\u00fck D\u0259kk\u0259, \u0130saqba\u011f\u0131, G\u0259nd\u0259bil, A\u011faba\u011f\u0131 k\u0259ndl\u0259rind\u0259 s\u0259yyar q\u0259bul ke\u00e7irilib.<\/em><\/strong><\/p>\n\n\n\n<p><strong>Se\u00e7icil\u0259rinin probleml\u0259rini v\u0259 t\u0259klifl\u0259rini dinl\u0259y\u0259n deputat bir s\u0131ra m\u0259s\u0259l\u0259l\u0259ri yerind\u0259c\u0259 h\u0259ll edib.<\/strong><\/p>\n\n\n\n<p><strong><em>M\u00fcraci\u0259t etmi\u015f dig\u0259r se\u00e7icil\u0259rd\u0259n is\u0259 aidiyy\u0259ti orqanlara y\u00f6nl\u0259ndirilm\u0259si \u00fc\u00e7\u00fcn \u0259riz\u0259 v\u0259 \u015fikay\u0259t m\u0259ktublar\u0131 g\u00f6t\u00fcr\u00fcl\u00fcb.<\/em><\/strong><\/p>\n\n\n\n<p>Deputat se\u00e7icil\u0259rin ona \u00fcnvanlad\u0131\u011f\u0131 b\u00fct\u00fcn m\u00fcraci\u0259tl\u0259ri n\u0259zar\u0259td\u0259 saxlayaca\u011f\u0131n\u0131 v\u0259 h\u0259llin\u0259 k\u00f6m\u0259klik g\u00f6st\u0259r\u0259c\u0259yini bildirib.<\/p>\n\n\n\n<p>Qeyd olunub ki, <strong>G\u0259nd\u0259bil, A\u011faba\u011f\u0131&nbsp;<\/strong>k\u0259ndl\u0259rinin \u0259sas problemi qaz x\u0259ttinin onlar\u0131n k\u0259ndl\u0259rin\u0259 ill\u0259rdir verilm\u0259m\u0259sidir.<\/p>\n\n\n\n<p>K\u0259nd sakinl\u0259ri haql\u0131 olaraq naraz\u0131l\u0131q bildirib ki, niy\u0259 qon\u015fu k\u0259ndl\u0259rin h\u0259r birind\u0259 qaz var, amma bizim k\u0259ndd\u0259 yoxdur.<\/p>\n\n\n\n<p><strong>Mill\u0259t v\u0259kili se\u00e7icil\u0259rinin yan\u0131nda \u201cAz\u0259riqaz\u201d \u0130stehsalat Birliyi s\u0259dri il\u0259 \u0259laq\u0259 saxlay\u0131b v\u0259 bildirilib ki, bu ilin sonuna kimi adlar\u0131 \u00e7\u0259kil\u0259n k\u0259ndl\u0259r d\u0259 t\u0259bii qazla t\u0259min edil\u0259c\u0259k.<\/strong><\/p>\n\n\n\n<p><strong><em>\u018flav\u0259 olaraq s\u00f6z\u00fcged\u0259n k\u0259ndl\u0259rd\u0259 elektrik naqill\u0259rinin yaras\u0131z v\u0259ziyy\u0259t\u0259 olmas\u0131 bar\u0259d\u0259 mill\u0259t v\u0259kili \u201cAz\u0259ri\u015f\u0131q\u201d \u015e\u0259hmdar C\u0259miyy\u0259tinin s\u0259dri il\u0259 birba\u015fa \u0259laq\u0259 yarad\u0131b v\u0259 m\u0259s\u0259l\u0259nin q\u0131sa m\u00fcdd\u0259td\u0259 h\u0259ll oluna bil\u0259c\u0259yi bar\u0259d\u0259 ad\u0131\u00e7\u0259kil\u0259n qurumun r\u0259hb\u0259rliyi t\u0259r\u0259find\u0259n s\u00f6z verilib.<\/em><\/strong><\/p>\n\n\n\n<p><strong>Bununla yana\u015f\u0131, barama v\u0259 dig\u0259r k\u0259nd t\u0259s\u0259rr\u00fcfat\u0131 m\u0259hsullar\u0131na subsidiyalar\u0131n verilm\u0259sind\u0259 v\u0259t\u0259nda\u015f\u0131n qar\u015f\u0131la\u015fd\u0131\u011f\u0131 probleml\u0259 ba\u011fl\u0131 K\u0259nd T\u0259s\u0259rr\u00fcfat\u0131 Nazirliyi il\u0259 dan\u0131\u015f\u0131l\u0131b v\u0259 m\u0259s\u0259l\u0259 \u00f6z h\u0259llini tap\u0131b.<\/strong><\/p>\n\n\n\n<p><strong><em>Eyni zamanda, i\u015fsizlik, s\u0259hiyy\u0259, \u0259lilliyin t\u0259yin edilm\u0259si, \u00f6z\u00fcn\u0259 m\u0259\u015f\u011fulluq proqram\u0131na c\u0259lb olunmada yaranan probleml\u0259r v\u0259 s. f\u0259rdi xarakterli m\u0259s\u0259l\u0259l\u0259rin h\u0259llind\u0259 k\u00f6m\u0259klik g\u00f6st\u0259rm\u0259si \u00fc\u00e7\u00fcn q\u0259bul s\u0131ras\u0131nda deputata yaz\u0131l\u0131 m\u00fcraci\u0259tl\u0259r edilib.<\/em><\/strong><\/p>\n\n\n\n<figure class=\"wp-block-image\"><img decoding=\"async\" src=\"https:\/\/etikxeber.az\/wp-content\/uploads\/2021\/09\/zerdab-15.jpg\" alt=\"\" class=\"wp-image-92896\"\/><\/figure>\n\n\n\n<figure class=\"wp-block-image\"><img decoding=\"async\" src=\"https:\/\/etikxeber.az\/wp-content\/uploads\/2021\/09\/zerdab-14.jpg\" alt=\"\" class=\"wp-image-92897\"\/><\/figure>\n\n\n\n<figure class=\"wp-block-image\"><img decoding=\"async\" src=\"https:\/\/etikxeber.az\/wp-content\/uploads\/2021\/09\/zerdab-13.jpg\" alt=\"\" class=\"wp-image-92898\"\/><\/figure>\n\n\n\n<figure class=\"wp-block-image\"><img decoding=\"async\" src=\"https:\/\/etikxeber.az\/wp-content\/uploads\/2021\/09\/zerdab-12.jpg\" alt=\"\" class=\"wp-image-92899\"\/><\/figure>\n\n\n\n<figure class=\"wp-block-image\"><img decoding=\"async\" src=\"https:\/\/etikxeber.az\/wp-content\/uploads\/2021\/09\/zerdab-11.jpg\" alt=\"\" class=\"wp-image-92900\"\/><\/figure>\n\n\n\n<figure class=\"wp-block-image\"><img decoding=\"async\" src=\"https:\/\/etikxeber.az\/wp-content\/uploads\/2021\/09\/zerdab-10.jpg\" alt=\"\" class=\"wp-image-92901\"\/><\/figure>\n\n\n\n<figure class=\"wp-block-image\"><img decoding=\"async\" src=\"https:\/\/etikxeber.az\/wp-content\/uploads\/2021\/09\/zerdab-9.jpg\" alt=\"\" class=\"wp-image-92902\"\/><\/figure>\n\n\n\n<figure class=\"wp-block-image\"><img decoding=\"async\" src=\"https:\/\/etikxeber.az\/wp-content\/uploads\/2021\/09\/zerdab-8.jpg\" alt=\"\" class=\"wp-image-92903\"\/><\/figure>\n\n\n\n<figure class=\"wp-block-image\"><img decoding=\"async\" src=\"https:\/\/etikxeber.az\/wp-content\/uploads\/2021\/09\/zerdab-7.jpg\" alt=\"\" class=\"wp-image-92904\"\/><\/figure>\n\n\n\n<figure class=\"wp-block-image\"><img decoding=\"async\" src=\"https:\/\/etikxeber.az\/wp-content\/uploads\/2021\/09\/zerdab-6.jpg\" alt=\"\" class=\"wp-image-92905\"\/><\/figure>\n\n\n\n<figure class=\"wp-block-image\"><img decoding=\"async\" src=\"https:\/\/etikxeber.az\/wp-content\/uploads\/2021\/09\/zerdab-5.jpg\" alt=\"\" class=\"wp-image-92906\"\/><\/figure>\n\n\n\n<figure class=\"wp-block-image\"><img decoding=\"async\" src=\"https:\/\/etikxeber.az\/wp-content\/uploads\/2021\/09\/zerdab-4.jpg\" alt=\"\" class=\"wp-image-92907\"\/><\/figure>\n\n\n\n<figure class=\"wp-block-image\"><img decoding=\"async\" src=\"https:\/\/etikxeber.az\/wp-content\/uploads\/2021\/09\/zerdab-3.jpg\" alt=\"\" class=\"wp-image-92908\"\/><\/figure>\n\n\n\n<figure class=\"wp-block-image\"><img decoding=\"async\" src=\"https:\/\/etikxeber.az\/wp-content\/uploads\/2021\/09\/zerdab-2.jpg\" alt=\"\" class=\"wp-image-92909\"\/><\/figure>\n\n\n\n<figure class=\"wp-block-image\"><img decoding=\"async\" src=\"https:\/\/etikxeber.az\/wp-content\/uploads\/2021\/09\/zerdab-1.jpg\" alt=\"\" class=\"wp-image-92910\"\/><\/figure>\n\n\n\n<figure class=\"wp-block-image\"><img decoding=\"async\" src=\"https:\/\/etikxeber.az\/wp-content\/uploads\/2021\/09\/zerdab.jpg\" alt=\"\" class=\"wp-image-92911\"\/><\/figure>\n\n\n\n<figure class=\"wp-block-image\"><img decoding=\"async\" src=\"https:\/\/etikxeber.az\/wp-content\/uploads\/2021\/09\/dakka.jpg\" alt=\"\" class=\"wp-image-92939\"\/><\/figure>\n\n\n\n<figure class=\"wp-block-image\"><img decoding=\"async\" src=\"https:\/\/etikxeber.az\/wp-content\/uploads\/2021\/09\/dakka-1.jpg\" alt=\"\" class=\"wp-image-92940\"\/><\/figure>\n\n\n\n<figure class=\"wp-block-image\"><img decoding=\"async\" src=\"https:\/\/etikxeber.az\/wp-content\/uploads\/2021\/09\/dakka-2.jpg\" alt=\"\" class=\"wp-image-92941\"\/><\/figure>\n\n\n\n<figure class=\"wp-block-image\"><img decoding=\"async\" src=\"https:\/\/etikxeber.az\/wp-content\/uploads\/2021\/09\/dakka-3.jpg\" alt=\"\" class=\"wp-image-92942\"\/><\/figure>\n\n\n\n<figure class=\"wp-block-image\"><img decoding=\"async\" src=\"https:\/\/etikxeber.az\/wp-content\/uploads\/2021\/09\/dakka-4.jpg\" alt=\"\" class=\"wp-image-92943\"\/><\/figure>\n\n\n\n<figure class=\"wp-block-image\"><img decoding=\"async\" src=\"https:\/\/etikxeber.az\/wp-content\/uploads\/2021\/09\/dakka-5.jpg\" alt=\"\" class=\"wp-image-92944\"\/><\/figure>\n\n\n\n<figure class=\"wp-block-image\"><img decoding=\"async\" src=\"https:\/\/etikxeber.az\/wp-content\/uploads\/2021\/09\/dakka-6.jpg\" alt=\"\" class=\"wp-image-92945\"\/><\/figure>\n","protected":false},"excerpt":{"rendered":"<p>Mill\u0259t v\u0259kili Jal\u0259 \u018fliyev yenid\u0259n t\u0259msil\u00e7isi oldu\u011fu Z\u0259rdab rayonuna s\u0259f\u0259r edib, se\u00e7icil\u0259ri, rayon sakinl\u0259ri il\u0259 g\u00f6r\u00fc\u015f\u00fcb. Zerdab.com sayt\u0131na veril\u0259n m\u0259lumata g\u00f6r\u0259, mill\u0259t v\u0259kili g\u00fcn\u00fcn birinci yar\u0131s\u0131nda rayonumuzun Xanm\u0259mm\u0259dli, H\u00fcseynxanl\u0131 v\u0259 M\u0259mm\u0259dqas\u0131ml\u0131&nbsp;k\u0259ndl\u0259rind\u0259 olub, se\u00e7icil\u0259rl\u0259 a\u00e7\u0131q havada s\u0259yyar q\u0259bul ke\u00e7irib. Mill\u0259t v\u0259kili se\u00e7icil\u0259ri dinl\u0259yib, onlar\u0131 d\u00fc\u015f\u00fcnd\u00fcr\u0259n v\u0259 narahat ed\u0259n m\u0259s\u0259l\u0259l\u0259rl\u0259 maraqlan\u0131b, qald\u0131rlan m\u0259s\u0259l\u0259l\u0259rin h\u0259lli istiqam\u0259tind\u0259 m\u00fcvafiq qurumlarla [&hellip;]<\/p>\n","protected":false},"author":1,"featured_media":29148,"comment_status":"open","ping_status":"open","sticky":false,"template":"","format":"standard","meta":{"footnotes":""},"categories":[63,5],"tags":[],"class_list":{"0":"post-29145","1":"post","2":"type-post","3":"status-publish","4":"format-standard","5":"has-post-thumbnail","7":"category-manset","8":"category-knd"},"yoast_head":"<!-- This site is optimized with the Yoast SEO plugin v27.0 - https:\/\/yoast.com\/product\/yoast-seo-wordpress\/ -->\n<title>Mill\u0259t v\u0259kili Jal\u0259 \u018fliyeva Z\u0259rdabda 8 k\u0259ndin sakinl\u0259ri il\u0259 g\u00f6r\u00fc\u015fd\u00fc - Se\u00e7icil\u0259r deputatdan n\u0259yi xahi\u015f etdil\u0259r? - FOTOLAR - Z\u0259rdab.com<\/title>\n<meta name=\"robots\" content=\"index, follow, max-snippet:-1, max-image-preview:large, max-video-preview:-1\" \/>\n<link rel=\"canonical\" href=\"https:\/\/www.zerdab.com\/?p=29145\" \/>\n<meta property=\"og:locale\" content=\"az_AZ\" \/>\n<meta property=\"og:type\" content=\"article\" \/>\n<meta property=\"og:title\" content=\"Mill\u0259t v\u0259kili Jal\u0259 \u018fliyeva Z\u0259rdabda 8 k\u0259ndin sakinl\u0259ri il\u0259 g\u00f6r\u00fc\u015fd\u00fc - Se\u00e7icil\u0259r deputatdan n\u0259yi xahi\u015f etdil\u0259r? - FOTOLAR - Z\u0259rdab.com\" \/>\n<meta property=\"og:description\" content=\"Mill\u0259t v\u0259kili Jal\u0259 \u018fliyev yenid\u0259n t\u0259msil\u00e7isi oldu\u011fu Z\u0259rdab rayonuna s\u0259f\u0259r edib, se\u00e7icil\u0259ri, rayon sakinl\u0259ri il\u0259 g\u00f6r\u00fc\u015f\u00fcb. Zerdab.com sayt\u0131na veril\u0259n m\u0259lumata g\u00f6r\u0259, mill\u0259t v\u0259kili g\u00fcn\u00fcn birinci yar\u0131s\u0131nda rayonumuzun Xanm\u0259mm\u0259dli, H\u00fcseynxanl\u0131 v\u0259 M\u0259mm\u0259dqas\u0131ml\u0131&nbsp;k\u0259ndl\u0259rind\u0259 olub, se\u00e7icil\u0259rl\u0259 a\u00e7\u0131q havada s\u0259yyar q\u0259bul ke\u00e7irib. Mill\u0259t v\u0259kili se\u00e7icil\u0259ri dinl\u0259yib, onlar\u0131 d\u00fc\u015f\u00fcnd\u00fcr\u0259n v\u0259 narahat ed\u0259n m\u0259s\u0259l\u0259l\u0259rl\u0259 maraqlan\u0131b, qald\u0131rlan m\u0259s\u0259l\u0259l\u0259rin h\u0259lli istiqam\u0259tind\u0259 m\u00fcvafiq qurumlarla [&hellip;]\" \/>\n<meta property=\"og:url\" content=\"https:\/\/www.zerdab.com\/?p=29145\" \/>\n<meta property=\"og:site_name\" content=\"Z\u0259rdab.com\" \/>\n<meta property=\"article:published_time\" content=\"2021-09-14T11:03:59+00:00\" \/>\n<meta property=\"article:modified_time\" content=\"2021-09-14T11:06:23+00:00\" \/>\n<meta property=\"og:image\" content=\"https:\/\/www.zerdab.com\/wp-content\/uploads\/2021\/09\/jale-eliyeva-qebul.jpg\" \/>\n\t<meta property=\"og:image:width\" content=\"960\" \/>\n\t<meta property=\"og:image:height\" content=\"720\" \/>\n\t<meta property=\"og:image:type\" content=\"image\/jpeg\" \/>\n<meta name=\"author\" content=\"admin\" \/>\n<meta name=\"twitter:card\" content=\"summary_large_image\" \/>\n<meta name=\"twitter:label1\" content=\"Written by\" \/>\n\t<meta name=\"twitter:data1\" content=\"admin\" \/>\n\t<meta name=\"twitter:label2\" content=\"Est. reading time\" \/>\n\t<meta name=\"twitter:data2\" content=\"3 minutes\" \/>\n<script type=\"application\/ld+json\" class=\"yoast-schema-graph\">{\"@context\":\"https:\/\/schema.org\",\"@graph\":[{\"@type\":\"Article\",\"@id\":\"https:\/\/www.zerdab.com\/?p=29145#article\",\"isPartOf\":{\"@id\":\"https:\/\/www.zerdab.com\/?p=29145\"},\"author\":{\"name\":\"admin\",\"@id\":\"https:\/\/www.zerdab.com\/#\/schema\/person\/97079b7570c1e89ec0d9e138c3672136\"},\"headline\":\"Mill\u0259t v\u0259kili Jal\u0259 \u018fliyeva Z\u0259rdabda 8 k\u0259ndin sakinl\u0259ri il\u0259 g\u00f6r\u00fc\u015fd\u00fc &#8211; Se\u00e7icil\u0259r deputatdan n\u0259yi xahi\u015f etdil\u0259r? &#8211; FOTOLAR\",\"datePublished\":\"2021-09-14T11:03:59+00:00\",\"dateModified\":\"2021-09-14T11:06:23+00:00\",\"mainEntityOfPage\":{\"@id\":\"https:\/\/www.zerdab.com\/?p=29145\"},\"wordCount\":560,\"commentCount\":0,\"image\":{\"@id\":\"https:\/\/www.zerdab.com\/?p=29145#primaryimage\"},\"thumbnailUrl\":\"https:\/\/www.zerdab.com\/wp-content\/uploads\/2021\/09\/jale-eliyeva-qebul.jpg\",\"articleSection\":[\"MAN\u015eET\",\"X\u018fB\u018fRL\u018fR\"],\"inLanguage\":\"az\",\"potentialAction\":[{\"@type\":\"CommentAction\",\"name\":\"Comment\",\"target\":[\"https:\/\/www.zerdab.com\/?p=29145#respond\"]}]},{\"@type\":\"WebPage\",\"@id\":\"https:\/\/www.zerdab.com\/?p=29145\",\"url\":\"https:\/\/www.zerdab.com\/?p=29145\",\"name\":\"Mill\u0259t v\u0259kili Jal\u0259 \u018fliyeva Z\u0259rdabda 8 k\u0259ndin sakinl\u0259ri il\u0259 g\u00f6r\u00fc\u015fd\u00fc - Se\u00e7icil\u0259r deputatdan n\u0259yi xahi\u015f etdil\u0259r? - FOTOLAR - Z\u0259rdab.com\",\"isPartOf\":{\"@id\":\"https:\/\/www.zerdab.com\/#website\"},\"primaryImageOfPage\":{\"@id\":\"https:\/\/www.zerdab.com\/?p=29145#primaryimage\"},\"image\":{\"@id\":\"https:\/\/www.zerdab.com\/?p=29145#primaryimage\"},\"thumbnailUrl\":\"https:\/\/www.zerdab.com\/wp-content\/uploads\/2021\/09\/jale-eliyeva-qebul.jpg\",\"datePublished\":\"2021-09-14T11:03:59+00:00\",\"dateModified\":\"2021-09-14T11:06:23+00:00\",\"author\":{\"@id\":\"https:\/\/www.zerdab.com\/#\/schema\/person\/97079b7570c1e89ec0d9e138c3672136\"},\"breadcrumb\":{\"@id\":\"https:\/\/www.zerdab.com\/?p=29145#breadcrumb\"},\"inLanguage\":\"az\",\"potentialAction\":[{\"@type\":\"ReadAction\",\"target\":[\"https:\/\/www.zerdab.com\/?p=29145\"]}]},{\"@type\":\"ImageObject\",\"inLanguage\":\"az\",\"@id\":\"https:\/\/www.zerdab.com\/?p=29145#primaryimage\",\"url\":\"https:\/\/www.zerdab.com\/wp-content\/uploads\/2021\/09\/jale-eliyeva-qebul.jpg\",\"contentUrl\":\"https:\/\/www.zerdab.com\/wp-content\/uploads\/2021\/09\/jale-eliyeva-qebul.jpg\",\"width\":960,\"height\":720,\"caption\":\"jale-eliyeva-qebul\"},{\"@type\":\"BreadcrumbList\",\"@id\":\"https:\/\/www.zerdab.com\/?p=29145#breadcrumb\",\"itemListElement\":[{\"@type\":\"ListItem\",\"position\":1,\"name\":\"Home\",\"item\":\"https:\/\/www.zerdab.com\/\"},{\"@type\":\"ListItem\",\"position\":2,\"name\":\"Mill\u0259t v\u0259kili Jal\u0259 \u018fliyeva Z\u0259rdabda 8 k\u0259ndin sakinl\u0259ri il\u0259 g\u00f6r\u00fc\u015fd\u00fc &#8211; Se\u00e7icil\u0259r deputatdan n\u0259yi xahi\u015f etdil\u0259r? &#8211; FOTOLAR\"}]},{\"@type\":\"WebSite\",\"@id\":\"https:\/\/www.zerdab.com\/#website\",\"url\":\"https:\/\/www.zerdab.com\/\",\"name\":\"Z\u0259rdab.com\",\"description\":\"\",\"potentialAction\":[{\"@type\":\"SearchAction\",\"target\":{\"@type\":\"EntryPoint\",\"urlTemplate\":\"https:\/\/www.zerdab.com\/?s={search_term_string}\"},\"query-input\":{\"@type\":\"PropertyValueSpecification\",\"valueRequired\":true,\"valueName\":\"search_term_string\"}}],\"inLanguage\":\"az\"},{\"@type\":\"Person\",\"@id\":\"https:\/\/www.zerdab.com\/#\/schema\/person\/97079b7570c1e89ec0d9e138c3672136\",\"name\":\"admin\",\"image\":{\"@type\":\"ImageObject\",\"inLanguage\":\"az\",\"@id\":\"https:\/\/www.zerdab.com\/#\/schema\/person\/image\/\",\"url\":\"https:\/\/secure.gravatar.com\/avatar\/d9c52a9a27c32119cb6679a077fa3e2779e5f822c451cbf01098004361d466ec?s=96&d=mm&r=g\",\"contentUrl\":\"https:\/\/secure.gravatar.com\/avatar\/d9c52a9a27c32119cb6679a077fa3e2779e5f822c451cbf01098004361d466ec?s=96&d=mm&r=g\",\"caption\":\"admin\"},\"url\":\"https:\/\/www.zerdab.com\/?author=1\"}]}<\/script>\n<!-- \/ Yoast SEO plugin. -->","yoast_head_json":{"title":"Mill\u0259t v\u0259kili Jal\u0259 \u018fliyeva Z\u0259rdabda 8 k\u0259ndin sakinl\u0259ri il\u0259 g\u00f6r\u00fc\u015fd\u00fc - Se\u00e7icil\u0259r deputatdan n\u0259yi xahi\u015f etdil\u0259r? - FOTOLAR - Z\u0259rdab.com","robots":{"index":"index","follow":"follow","max-snippet":"max-snippet:-1","max-image-preview":"max-image-preview:large","max-video-preview":"max-video-preview:-1"},"canonical":"https:\/\/www.zerdab.com\/?p=29145","og_locale":"az_AZ","og_type":"article","og_title":"Mill\u0259t v\u0259kili Jal\u0259 \u018fliyeva Z\u0259rdabda 8 k\u0259ndin sakinl\u0259ri il\u0259 g\u00f6r\u00fc\u015fd\u00fc - Se\u00e7icil\u0259r deputatdan n\u0259yi xahi\u015f etdil\u0259r? - FOTOLAR - Z\u0259rdab.com","og_description":"Mill\u0259t v\u0259kili Jal\u0259 \u018fliyev yenid\u0259n t\u0259msil\u00e7isi oldu\u011fu Z\u0259rdab rayonuna s\u0259f\u0259r edib, se\u00e7icil\u0259ri, rayon sakinl\u0259ri il\u0259 g\u00f6r\u00fc\u015f\u00fcb. Zerdab.com sayt\u0131na veril\u0259n m\u0259lumata g\u00f6r\u0259, mill\u0259t v\u0259kili g\u00fcn\u00fcn birinci yar\u0131s\u0131nda rayonumuzun Xanm\u0259mm\u0259dli, H\u00fcseynxanl\u0131 v\u0259 M\u0259mm\u0259dqas\u0131ml\u0131&nbsp;k\u0259ndl\u0259rind\u0259 olub, se\u00e7icil\u0259rl\u0259 a\u00e7\u0131q havada s\u0259yyar q\u0259bul ke\u00e7irib. Mill\u0259t v\u0259kili se\u00e7icil\u0259ri dinl\u0259yib, onlar\u0131 d\u00fc\u015f\u00fcnd\u00fcr\u0259n v\u0259 narahat ed\u0259n m\u0259s\u0259l\u0259l\u0259rl\u0259 maraqlan\u0131b, qald\u0131rlan m\u0259s\u0259l\u0259l\u0259rin h\u0259lli istiqam\u0259tind\u0259 m\u00fcvafiq qurumlarla [&hellip;]","og_url":"https:\/\/www.zerdab.com\/?p=29145","og_site_name":"Z\u0259rdab.com","article_published_time":"2021-09-14T11:03:59+00:00","article_modified_time":"2021-09-14T11:06:23+00:00","og_image":[{"width":960,"height":720,"url":"https:\/\/www.zerdab.com\/wp-content\/uploads\/2021\/09\/jale-eliyeva-qebul.jpg","type":"image\/jpeg"}],"author":"admin","twitter_card":"summary_large_image","twitter_misc":{"Written by":"admin","Est. reading time":"3 minutes"},"schema":{"@context":"https:\/\/schema.org","@graph":[{"@type":"Article","@id":"https:\/\/www.zerdab.com\/?p=29145#article","isPartOf":{"@id":"https:\/\/www.zerdab.com\/?p=29145"},"author":{"name":"admin","@id":"https:\/\/www.zerdab.com\/#\/schema\/person\/97079b7570c1e89ec0d9e138c3672136"},"headline":"Mill\u0259t v\u0259kili Jal\u0259 \u018fliyeva Z\u0259rdabda 8 k\u0259ndin sakinl\u0259ri il\u0259 g\u00f6r\u00fc\u015fd\u00fc &#8211; Se\u00e7icil\u0259r deputatdan n\u0259yi xahi\u015f etdil\u0259r? &#8211; FOTOLAR","datePublished":"2021-09-14T11:03:59+00:00","dateModified":"2021-09-14T11:06:23+00:00","mainEntityOfPage":{"@id":"https:\/\/www.zerdab.com\/?p=29145"},"wordCount":560,"commentCount":0,"image":{"@id":"https:\/\/www.zerdab.com\/?p=29145#primaryimage"},"thumbnailUrl":"https:\/\/www.zerdab.com\/wp-content\/uploads\/2021\/09\/jale-eliyeva-qebul.jpg","articleSection":["MAN\u015eET","X\u018fB\u018fRL\u018fR"],"inLanguage":"az","potentialAction":[{"@type":"CommentAction","name":"Comment","target":["https:\/\/www.zerdab.com\/?p=29145#respond"]}]},{"@type":"WebPage","@id":"https:\/\/www.zerdab.com\/?p=29145","url":"https:\/\/www.zerdab.com\/?p=29145","name":"Mill\u0259t v\u0259kili Jal\u0259 \u018fliyeva Z\u0259rdabda 8 k\u0259ndin sakinl\u0259ri il\u0259 g\u00f6r\u00fc\u015fd\u00fc - Se\u00e7icil\u0259r deputatdan n\u0259yi xahi\u015f etdil\u0259r? - FOTOLAR - Z\u0259rdab.com","isPartOf":{"@id":"https:\/\/www.zerdab.com\/#website"},"primaryImageOfPage":{"@id":"https:\/\/www.zerdab.com\/?p=29145#primaryimage"},"image":{"@id":"https:\/\/www.zerdab.com\/?p=29145#primaryimage"},"thumbnailUrl":"https:\/\/www.zerdab.com\/wp-content\/uploads\/2021\/09\/jale-eliyeva-qebul.jpg","datePublished":"2021-09-14T11:03:59+00:00","dateModified":"2021-09-14T11:06:23+00:00","author":{"@id":"https:\/\/www.zerdab.com\/#\/schema\/person\/97079b7570c1e89ec0d9e138c3672136"},"breadcrumb":{"@id":"https:\/\/www.zerdab.com\/?p=29145#breadcrumb"},"inLanguage":"az","potentialAction":[{"@type":"ReadAction","target":["https:\/\/www.zerdab.com\/?p=29145"]}]},{"@type":"ImageObject","inLanguage":"az","@id":"https:\/\/www.zerdab.com\/?p=29145#primaryimage","url":"https:\/\/www.zerdab.com\/wp-content\/uploads\/2021\/09\/jale-eliyeva-qebul.jpg","contentUrl":"https:\/\/www.zerdab.com\/wp-content\/uploads\/2021\/09\/jale-eliyeva-qebul.jpg","width":960,"height":720,"caption":"jale-eliyeva-qebul"},{"@type":"BreadcrumbList","@id":"https:\/\/www.zerdab.com\/?p=29145#breadcrumb","itemListElement":[{"@type":"ListItem","position":1,"name":"Home","item":"https:\/\/www.zerdab.com\/"},{"@type":"ListItem","position":2,"name":"Mill\u0259t v\u0259kili Jal\u0259 \u018fliyeva Z\u0259rdabda 8 k\u0259ndin sakinl\u0259ri il\u0259 g\u00f6r\u00fc\u015fd\u00fc &#8211; Se\u00e7icil\u0259r deputatdan n\u0259yi xahi\u015f etdil\u0259r? &#8211; FOTOLAR"}]},{"@type":"WebSite","@id":"https:\/\/www.zerdab.com\/#website","url":"https:\/\/www.zerdab.com\/","name":"Z\u0259rdab.com","description":"","potentialAction":[{"@type":"SearchAction","target":{"@type":"EntryPoint","urlTemplate":"https:\/\/www.zerdab.com\/?s={search_term_string}"},"query-input":{"@type":"PropertyValueSpecification","valueRequired":true,"valueName":"search_term_string"}}],"inLanguage":"az"},{"@type":"Person","@id":"https:\/\/www.zerdab.com\/#\/schema\/person\/97079b7570c1e89ec0d9e138c3672136","name":"admin","image":{"@type":"ImageObject","inLanguage":"az","@id":"https:\/\/www.zerdab.com\/#\/schema\/person\/image\/","url":"https:\/\/secure.gravatar.com\/avatar\/d9c52a9a27c32119cb6679a077fa3e2779e5f822c451cbf01098004361d466ec?s=96&d=mm&r=g","contentUrl":"https:\/\/secure.gravatar.com\/avatar\/d9c52a9a27c32119cb6679a077fa3e2779e5f822c451cbf01098004361d466ec?s=96&d=mm&r=g","caption":"admin"},"url":"https:\/\/www.zerdab.com\/?author=1"}]}},"_links":{"self":[{"href":"https:\/\/www.zerdab.com\/index.php?rest_route=\/wp\/v2\/posts\/29145","targetHints":{"allow":["GET"]}}],"collection":[{"href":"https:\/\/www.zerdab.com\/index.php?rest_route=\/wp\/v2\/posts"}],"about":[{"href":"https:\/\/www.zerdab.com\/index.php?rest_route=\/wp\/v2\/types\/post"}],"author":[{"embeddable":true,"href":"https:\/\/www.zerdab.com\/index.php?rest_route=\/wp\/v2\/users\/1"}],"replies":[{"embeddable":true,"href":"https:\/\/www.zerdab.com\/index.php?rest_route=%2Fwp%2Fv2%2Fcomments&post=29145"}],"version-history":[{"count":3,"href":"https:\/\/www.zerdab.com\/index.php?rest_route=\/wp\/v2\/posts\/29145\/revisions"}],"predecessor-version":[{"id":29149,"href":"https:\/\/www.zerdab.com\/index.php?rest_route=\/wp\/v2\/posts\/29145\/revisions\/29149"}],"wp:featuredmedia":[{"embeddable":true,"href":"https:\/\/www.zerdab.com\/index.php?rest_route=\/wp\/v2\/media\/29148"}],"wp:attachment":[{"href":"https:\/\/www.zerdab.com\/index.php?rest_route=%2Fwp%2Fv2%2Fmedia&parent=29145"}],"wp:term":[{"taxonomy":"category","embeddable":true,"href":"https:\/\/www.zerdab.com\/index.php?rest_route=%2Fwp%2Fv2%2Fcategories&post=29145"},{"taxonomy":"post_tag","embeddable":true,"href":"https:\/\/www.zerdab.com\/index.php?rest_route=%2Fwp%2Fv2%2Ftags&post=29145"}],"curies":[{"name":"wp","href":"https:\/\/api.w.org\/{rel}","templated":true}]}}