{"id":29177,"date":"2021-10-11T13:51:35","date_gmt":"2021-10-11T09:51:35","guid":{"rendered":"http:\/\/www.zerdab.com\/?p=29177"},"modified":"2021-10-11T13:53:07","modified_gmt":"2021-10-11T09:53:07","slug":"z%c9%99rdabda-12-n%c9%99f%c9%99r-g%c9%99ncl%c9%99-b%c9%99rab%c9%99r-ilk-t%c9%99lim-bas-tutdu-gdib-in-yeni-layih%c9%99si-fotolar","status":"publish","type":"post","link":"https:\/\/www.zerdab.com\/?p=29177","title":{"rendered":"Z\u0259rdabda 12 n\u0259f\u0259r g\u0259ncl\u0259 b\u0259rab\u0259r ilk t\u0259lim ba\u015f tutdu &#8211; GD\u0130B-in yeni layih\u0259si &#8211; FOTOLAR"},"content":{"rendered":"\n<p>\u201cG\u0259ncliy\u0259 d\u0259st\u0259k\u201d \u0130ctimai Birliyi Az\u0259rbaycan Respublikas\u0131n\u0131n G\u0259ncl\u0259r Fondunun d\u0259st\u0259yi il\u0259 t\u0259\u015fkil olunan \u201cRegion k\u00f6n\u00fcll\u00fcl\u0259ri h\u0259r\u0259kat\u0131nda yeni m\u0259rh\u0259l\u0259\u201d layih\u0259sinin icras\u0131na ba\u015flay\u0131b.<\/p>\n\n\n\n<p>\u0130ctimai Birlikd\u0259n\u00a0<strong>Zerdab.com<\/strong>-a bildirilib ki, layih\u0259nin m\u0259qs\u0259di region v\u0259 k\u0259ndli g\u0259ncl\u0259ri k\u00fctl\u0259vi olaraq k\u00f6n\u00fcll\u00fcl\u00fck h\u0259r\u0259kat\u0131na v\u0259 ictimai f\u0259aliyy\u0259t\u0259 c\u0259lb etm\u0259kl\u0259 onlar\u0131n f\u0259rdi inki\u015faf\u0131na t\u0259kan verm\u0259k v\u0259 g\u0259ncl\u0259rd\u0259 sosial m\u0259suliyy\u0259t hissini art\u0131rmaqdan, eyni zamanda, sosialy\u00f6nl\u00fc k\u00f6n\u00fcll\u00fcl\u00fcy\u00fcn t\u0259bli\u011fi v\u0259 bu istiqam\u0259td\u0259 inki\u015faf \u0259ld\u0259 etm\u0259kd\u0259n ibar\u0259tdir.<\/p>\n\n\n\n<p>Bu m\u0259qs\u0259dl\u0259 t\u0259liml\u0259rin 4-\u00fc Z\u0259rdab rayonunda, biri A\u011fcab\u0259did\u0259 v\u0259 biri Ucarda t\u0259\u015fkil edilm\u0259si, h\u0259m\u00e7inin Z\u0259rdabda praktiki f\u0259aliyy\u0259t olaraq t\u0259nha v\u0259 ah\u0131llarla g\u00f6r\u00fc\u015fl\u0259rin ke\u00e7irilm\u0259si n\u0259z\u0259rd\u0259 tutulub.<\/p>\n\n\n\n<p>F\u0259aliyy\u0259t plan\u0131nda n\u0259z\u0259rd\u0259 tutuldu\u011fu kimi oktyabr\u0131n 10-da Z\u0259rdabda 12 n\u0259f\u0259r g\u0259ncl\u0259 b\u0259rab\u0259r ilk t\u0259lim ba\u015f tutub. T\u0259limd\u0259 A\u011fcab\u0259di G\u0259ncl\u0259rin \u0130nki\u015faf v\u0259 Karyera M\u0259rk\u0259zinin (G\u0130KM) s\u0259dri Fuad \u018fliyev, Z\u0259rdab rayon G\u0259ncl\u0259r v\u0259 \u0130dman \u0130dar\u0259sinin ba\u015f m\u0259sl\u0259h\u0259t\u00e7isi \u018fl\u0259kb\u0259r K\u0259rimov qonaq qismind\u0259 i\u015ftirak edibl\u0259r.<\/p>\n\n\n\n<p>\u0130lk \u00f6nc\u0259 \u201cG\u0259ncliy\u0259 d\u0259st\u0259k\u201d \u0130ctimai Birliyinin s\u0259dri V\u0259fa X\u0259lilli t\u0259dbiri a\u00e7\u0131q elan ed\u0259r\u0259k, layih\u0259 haqq\u0131nda m\u0259lumat verib. Sonra t\u0259limd\u0259 i\u015ftirak ed\u0259n A\u011fcab\u0259di G\u0130KM-in s\u0259dri Fuad \u018fliyev k\u00f6n\u00fcll\u00fcl\u00fck haqq\u0131nda dan\u0131\u015f\u0131b v\u0259 g\u0259ncl\u0259rin sosial xidm\u0259t sah\u0259sind\u0259 k\u00f6n\u00fcll\u00fcl\u00fck f\u0259aliyy\u0259tl\u0259rin\u0259 t\u0259\u015fviq olunmas\u0131 \u00fc\u00e7\u00fcn h\u0259yata ke\u00e7iril\u0259n bu kimi t\u0259dbirl\u0259rin v\u0259 layih\u0259l\u0259rin t\u0259qdir\u0259layiq oldu\u011funu bildirib.<\/p>\n\n\n\n<p>G\u0259ncl\u0259r v\u0259 \u0130dman \u0130dar\u0259sinin ba\u015f m\u0259sl\u0259h\u0259t\u00e7isi \u018fl\u0259kb\u0259r K\u0259rimov k\u00f6n\u00fcll\u00fc f\u0259aliyy\u0259t haqq\u0131nda g\u0259ncl\u0259r\u0259 m\u0259lumat ver\u0259r\u0259k t\u0259\u015fkilat\u0131n i\u015fin\u0259 u\u011furlar arzu edib v\u0259 g\u0259ncl\u0259ri k\u00f6n\u00fcll\u00fc f\u0259aliyy\u0259td\u0259 aktiv g\u00f6rm\u0259k ist\u0259diyini bildirib.<\/p>\n\n\n\n<p>\u0130ctimai Birliyin s\u0259dr m\u00fcavini Eldar X\u0259lilov sosial k\u00f6n\u00fcll\u00fcl\u00fck istiqam\u0259tind\u0259 g\u0259ncl\u0259ri m\u0259lumatland\u0131r\u0131b. Eyni zamanda, t\u0259\u015fkilat\u0131n idar\u0259 hey\u0259tinin \u00fczv\u00fc \u015e\u0259hriyar \u015e\u00fck\u00fcrzad\u0259 \u201cK\u00f6n\u00fcll\u00fc f\u0259aliyy\u0259t haqq\u0131nda\u201d Qanunu g\u0259ncl\u0259rin diqq\u0259tin\u0259 \u00e7atd\u0131r\u0131b.<\/p>\n\n\n\n<p>T\u0259lim zaman\u0131 g\u0259ncl\u0259r\u0259 d\u0259ft\u0259r, q\u0259l\u0259m, papka, buklet v\u0259 k\u00f6yn\u0259kl\u0259r paylan\u0131l\u0131b. \u00c7ay s\u00fcfr\u0259si zaman\u0131 bu istiqam\u0259td\u0259 diskussiya apar\u0131l\u0131b.<\/p>\n\n\n\n<p><strong>Zerdab.com<\/strong><\/p>\n\n\n\n<figure class=\"wp-block-image\"><img decoding=\"async\" src=\"https:\/\/cdn.trend.az\/2021\/10\/10\/zardab_101021_1.jpg\" alt=\"GD\u0130B yeni layih\u0259nin icras\u0131na ba\u015flay\u0131b (FOTO) - Gallery Image\"\/><\/figure>\n\n\n\n<p><\/p>\n\n\n\n<figure class=\"wp-block-image\"><img decoding=\"async\" src=\"https:\/\/cdn.trend.az\/2021\/10\/10\/zardab_101021_3.jpg\" alt=\"GD\u0130B yeni layih\u0259nin icras\u0131na ba\u015flay\u0131b (FOTO) - Gallery Image\"\/><\/figure>\n\n\n\n<figure class=\"wp-block-image\"><img decoding=\"async\" src=\"https:\/\/cdn.trend.az\/2021\/10\/10\/zardab_101021_6.jpg\" alt=\"GD\u0130B yeni layih\u0259nin icras\u0131na ba\u015flay\u0131b (FOTO) - Gallery Image\"\/><\/figure>\n\n\n\n<figure class=\"wp-block-image\"><img decoding=\"async\" src=\"https:\/\/cdn.trend.az\/2021\/10\/10\/zardab_101021_9.jpg\" alt=\"GD\u0130B yeni layih\u0259nin icras\u0131na ba\u015flay\u0131b (FOTO) - Gallery Image\"\/><\/figure>\n\n\n\n<figure class=\"wp-block-image\"><img decoding=\"async\" src=\"https:\/\/cdn.trend.az\/2021\/10\/10\/zardab_101021_2.jpg\" alt=\"GD\u0130B yeni layih\u0259nin icras\u0131na ba\u015flay\u0131b (FOTO) - Gallery Image\"\/><\/figure>\n\n\n\n<figure class=\"wp-block-image\"><img decoding=\"async\" src=\"https:\/\/cdn.trend.az\/2021\/10\/10\/zardab_101021_7.jpg\" alt=\"GD\u0130B yeni layih\u0259nin icras\u0131na ba\u015flay\u0131b (FOTO) - Gallery Image\"\/><\/figure>\n","protected":false},"excerpt":{"rendered":"<p>\u201cG\u0259ncliy\u0259 d\u0259st\u0259k\u201d \u0130ctimai Birliyi Az\u0259rbaycan Respublikas\u0131n\u0131n G\u0259ncl\u0259r Fondunun d\u0259st\u0259yi il\u0259 t\u0259\u015fkil olunan \u201cRegion k\u00f6n\u00fcll\u00fcl\u0259ri h\u0259r\u0259kat\u0131nda yeni m\u0259rh\u0259l\u0259\u201d layih\u0259sinin icras\u0131na ba\u015flay\u0131b. \u0130ctimai Birlikd\u0259n\u00a0Zerdab.com-a bildirilib ki, layih\u0259nin m\u0259qs\u0259di region v\u0259 k\u0259ndli g\u0259ncl\u0259ri k\u00fctl\u0259vi olaraq k\u00f6n\u00fcll\u00fcl\u00fck h\u0259r\u0259kat\u0131na v\u0259 ictimai f\u0259aliyy\u0259t\u0259 c\u0259lb etm\u0259kl\u0259 onlar\u0131n f\u0259rdi inki\u015faf\u0131na t\u0259kan verm\u0259k v\u0259 g\u0259ncl\u0259rd\u0259 sosial m\u0259suliyy\u0259t hissini art\u0131rmaqdan, eyni zamanda, sosialy\u00f6nl\u00fc k\u00f6n\u00fcll\u00fcl\u00fcy\u00fcn t\u0259bli\u011fi [&hellip;]<\/p>\n","protected":false},"author":1,"featured_media":29178,"comment_status":"open","ping_status":"open","sticky":false,"template":"","format":"standard","meta":{"footnotes":""},"categories":[63,5],"tags":[],"class_list":{"0":"post-29177","1":"post","2":"type-post","3":"status-publish","4":"format-standard","5":"has-post-thumbnail","7":"category-manset","8":"category-knd"},"yoast_head":"<!-- This site is optimized with the Yoast SEO plugin v27.0 - https:\/\/yoast.com\/product\/yoast-seo-wordpress\/ -->\n<title>Z\u0259rdabda 12 n\u0259f\u0259r g\u0259ncl\u0259 b\u0259rab\u0259r ilk t\u0259lim ba\u015f tutdu - GD\u0130B-in yeni layih\u0259si - FOTOLAR - Z\u0259rdab.com<\/title>\n<meta name=\"robots\" content=\"index, follow, max-snippet:-1, max-image-preview:large, max-video-preview:-1\" \/>\n<link rel=\"canonical\" href=\"https:\/\/www.zerdab.com\/?p=29177\" \/>\n<meta property=\"og:locale\" content=\"az_AZ\" \/>\n<meta property=\"og:type\" content=\"article\" \/>\n<meta property=\"og:title\" content=\"Z\u0259rdabda 12 n\u0259f\u0259r g\u0259ncl\u0259 b\u0259rab\u0259r ilk t\u0259lim ba\u015f tutdu - GD\u0130B-in yeni layih\u0259si - FOTOLAR - Z\u0259rdab.com\" \/>\n<meta property=\"og:description\" content=\"\u201cG\u0259ncliy\u0259 d\u0259st\u0259k\u201d \u0130ctimai Birliyi Az\u0259rbaycan Respublikas\u0131n\u0131n G\u0259ncl\u0259r Fondunun d\u0259st\u0259yi il\u0259 t\u0259\u015fkil olunan \u201cRegion k\u00f6n\u00fcll\u00fcl\u0259ri h\u0259r\u0259kat\u0131nda yeni m\u0259rh\u0259l\u0259\u201d layih\u0259sinin icras\u0131na ba\u015flay\u0131b. \u0130ctimai Birlikd\u0259n\u00a0Zerdab.com-a bildirilib ki, layih\u0259nin m\u0259qs\u0259di region v\u0259 k\u0259ndli g\u0259ncl\u0259ri k\u00fctl\u0259vi olaraq k\u00f6n\u00fcll\u00fcl\u00fck h\u0259r\u0259kat\u0131na v\u0259 ictimai f\u0259aliyy\u0259t\u0259 c\u0259lb etm\u0259kl\u0259 onlar\u0131n f\u0259rdi inki\u015faf\u0131na t\u0259kan verm\u0259k v\u0259 g\u0259ncl\u0259rd\u0259 sosial m\u0259suliyy\u0259t hissini art\u0131rmaqdan, eyni zamanda, sosialy\u00f6nl\u00fc k\u00f6n\u00fcll\u00fcl\u00fcy\u00fcn t\u0259bli\u011fi [&hellip;]\" \/>\n<meta property=\"og:url\" content=\"https:\/\/www.zerdab.com\/?p=29177\" \/>\n<meta property=\"og:site_name\" content=\"Z\u0259rdab.com\" \/>\n<meta property=\"article:published_time\" content=\"2021-10-11T09:51:35+00:00\" \/>\n<meta property=\"article:modified_time\" content=\"2021-10-11T09:53:07+00:00\" \/>\n<meta property=\"og:image\" content=\"https:\/\/www.zerdab.com\/wp-content\/uploads\/2021\/10\/gencliye-destek-region-gencleri.jpg\" \/>\n\t<meta property=\"og:image:width\" content=\"1608\" \/>\n\t<meta property=\"og:image:height\" content=\"1080\" \/>\n\t<meta property=\"og:image:type\" content=\"image\/jpeg\" \/>\n<meta name=\"author\" content=\"admin\" \/>\n<meta name=\"twitter:card\" content=\"summary_large_image\" \/>\n<meta name=\"twitter:label1\" content=\"Written by\" \/>\n\t<meta name=\"twitter:data1\" content=\"admin\" \/>\n\t<meta name=\"twitter:label2\" content=\"Est. reading time\" \/>\n\t<meta name=\"twitter:data2\" content=\"3 minutes\" \/>\n<script type=\"application\/ld+json\" class=\"yoast-schema-graph\">{\"@context\":\"https:\/\/schema.org\",\"@graph\":[{\"@type\":\"Article\",\"@id\":\"https:\/\/www.zerdab.com\/?p=29177#article\",\"isPartOf\":{\"@id\":\"https:\/\/www.zerdab.com\/?p=29177\"},\"author\":{\"name\":\"admin\",\"@id\":\"https:\/\/www.zerdab.com\/#\/schema\/person\/97079b7570c1e89ec0d9e138c3672136\"},\"headline\":\"Z\u0259rdabda 12 n\u0259f\u0259r g\u0259ncl\u0259 b\u0259rab\u0259r ilk t\u0259lim ba\u015f tutdu &#8211; GD\u0130B-in yeni layih\u0259si &#8211; FOTOLAR\",\"datePublished\":\"2021-10-11T09:51:35+00:00\",\"dateModified\":\"2021-10-11T09:53:07+00:00\",\"mainEntityOfPage\":{\"@id\":\"https:\/\/www.zerdab.com\/?p=29177\"},\"wordCount\":525,\"commentCount\":0,\"image\":{\"@id\":\"https:\/\/www.zerdab.com\/?p=29177#primaryimage\"},\"thumbnailUrl\":\"https:\/\/www.zerdab.com\/wp-content\/uploads\/2021\/10\/gencliye-destek-region-gencleri.jpg\",\"articleSection\":[\"MAN\u015eET\",\"X\u018fB\u018fRL\u018fR\"],\"inLanguage\":\"az\",\"potentialAction\":[{\"@type\":\"CommentAction\",\"name\":\"Comment\",\"target\":[\"https:\/\/www.zerdab.com\/?p=29177#respond\"]}]},{\"@type\":\"WebPage\",\"@id\":\"https:\/\/www.zerdab.com\/?p=29177\",\"url\":\"https:\/\/www.zerdab.com\/?p=29177\",\"name\":\"Z\u0259rdabda 12 n\u0259f\u0259r g\u0259ncl\u0259 b\u0259rab\u0259r ilk t\u0259lim ba\u015f tutdu - GD\u0130B-in yeni layih\u0259si - FOTOLAR - Z\u0259rdab.com\",\"isPartOf\":{\"@id\":\"https:\/\/www.zerdab.com\/#website\"},\"primaryImageOfPage\":{\"@id\":\"https:\/\/www.zerdab.com\/?p=29177#primaryimage\"},\"image\":{\"@id\":\"https:\/\/www.zerdab.com\/?p=29177#primaryimage\"},\"thumbnailUrl\":\"https:\/\/www.zerdab.com\/wp-content\/uploads\/2021\/10\/gencliye-destek-region-gencleri.jpg\",\"datePublished\":\"2021-10-11T09:51:35+00:00\",\"dateModified\":\"2021-10-11T09:53:07+00:00\",\"author\":{\"@id\":\"https:\/\/www.zerdab.com\/#\/schema\/person\/97079b7570c1e89ec0d9e138c3672136\"},\"breadcrumb\":{\"@id\":\"https:\/\/www.zerdab.com\/?p=29177#breadcrumb\"},\"inLanguage\":\"az\",\"potentialAction\":[{\"@type\":\"ReadAction\",\"target\":[\"https:\/\/www.zerdab.com\/?p=29177\"]}]},{\"@type\":\"ImageObject\",\"inLanguage\":\"az\",\"@id\":\"https:\/\/www.zerdab.com\/?p=29177#primaryimage\",\"url\":\"https:\/\/www.zerdab.com\/wp-content\/uploads\/2021\/10\/gencliye-destek-region-gencleri.jpg\",\"contentUrl\":\"https:\/\/www.zerdab.com\/wp-content\/uploads\/2021\/10\/gencliye-destek-region-gencleri.jpg\",\"width\":1608,\"height\":1080,\"caption\":\"gencliye-destek-region-gencleri\"},{\"@type\":\"BreadcrumbList\",\"@id\":\"https:\/\/www.zerdab.com\/?p=29177#breadcrumb\",\"itemListElement\":[{\"@type\":\"ListItem\",\"position\":1,\"name\":\"Home\",\"item\":\"https:\/\/www.zerdab.com\/\"},{\"@type\":\"ListItem\",\"position\":2,\"name\":\"Z\u0259rdabda 12 n\u0259f\u0259r g\u0259ncl\u0259 b\u0259rab\u0259r ilk t\u0259lim ba\u015f tutdu &#8211; GD\u0130B-in yeni layih\u0259si &#8211; FOTOLAR\"}]},{\"@type\":\"WebSite\",\"@id\":\"https:\/\/www.zerdab.com\/#website\",\"url\":\"https:\/\/www.zerdab.com\/\",\"name\":\"Z\u0259rdab.com\",\"description\":\"\",\"potentialAction\":[{\"@type\":\"SearchAction\",\"target\":{\"@type\":\"EntryPoint\",\"urlTemplate\":\"https:\/\/www.zerdab.com\/?s={search_term_string}\"},\"query-input\":{\"@type\":\"PropertyValueSpecification\",\"valueRequired\":true,\"valueName\":\"search_term_string\"}}],\"inLanguage\":\"az\"},{\"@type\":\"Person\",\"@id\":\"https:\/\/www.zerdab.com\/#\/schema\/person\/97079b7570c1e89ec0d9e138c3672136\",\"name\":\"admin\",\"image\":{\"@type\":\"ImageObject\",\"inLanguage\":\"az\",\"@id\":\"https:\/\/www.zerdab.com\/#\/schema\/person\/image\/\",\"url\":\"https:\/\/secure.gravatar.com\/avatar\/d9c52a9a27c32119cb6679a077fa3e2779e5f822c451cbf01098004361d466ec?s=96&d=mm&r=g\",\"contentUrl\":\"https:\/\/secure.gravatar.com\/avatar\/d9c52a9a27c32119cb6679a077fa3e2779e5f822c451cbf01098004361d466ec?s=96&d=mm&r=g\",\"caption\":\"admin\"},\"url\":\"https:\/\/www.zerdab.com\/?author=1\"}]}<\/script>\n<!-- \/ Yoast SEO plugin. -->","yoast_head_json":{"title":"Z\u0259rdabda 12 n\u0259f\u0259r g\u0259ncl\u0259 b\u0259rab\u0259r ilk t\u0259lim ba\u015f tutdu - GD\u0130B-in yeni layih\u0259si - FOTOLAR - Z\u0259rdab.com","robots":{"index":"index","follow":"follow","max-snippet":"max-snippet:-1","max-image-preview":"max-image-preview:large","max-video-preview":"max-video-preview:-1"},"canonical":"https:\/\/www.zerdab.com\/?p=29177","og_locale":"az_AZ","og_type":"article","og_title":"Z\u0259rdabda 12 n\u0259f\u0259r g\u0259ncl\u0259 b\u0259rab\u0259r ilk t\u0259lim ba\u015f tutdu - GD\u0130B-in yeni layih\u0259si - FOTOLAR - Z\u0259rdab.com","og_description":"\u201cG\u0259ncliy\u0259 d\u0259st\u0259k\u201d \u0130ctimai Birliyi Az\u0259rbaycan Respublikas\u0131n\u0131n G\u0259ncl\u0259r Fondunun d\u0259st\u0259yi il\u0259 t\u0259\u015fkil olunan \u201cRegion k\u00f6n\u00fcll\u00fcl\u0259ri h\u0259r\u0259kat\u0131nda yeni m\u0259rh\u0259l\u0259\u201d layih\u0259sinin icras\u0131na ba\u015flay\u0131b. \u0130ctimai Birlikd\u0259n\u00a0Zerdab.com-a bildirilib ki, layih\u0259nin m\u0259qs\u0259di region v\u0259 k\u0259ndli g\u0259ncl\u0259ri k\u00fctl\u0259vi olaraq k\u00f6n\u00fcll\u00fcl\u00fck h\u0259r\u0259kat\u0131na v\u0259 ictimai f\u0259aliyy\u0259t\u0259 c\u0259lb etm\u0259kl\u0259 onlar\u0131n f\u0259rdi inki\u015faf\u0131na t\u0259kan verm\u0259k v\u0259 g\u0259ncl\u0259rd\u0259 sosial m\u0259suliyy\u0259t hissini art\u0131rmaqdan, eyni zamanda, sosialy\u00f6nl\u00fc k\u00f6n\u00fcll\u00fcl\u00fcy\u00fcn t\u0259bli\u011fi [&hellip;]","og_url":"https:\/\/www.zerdab.com\/?p=29177","og_site_name":"Z\u0259rdab.com","article_published_time":"2021-10-11T09:51:35+00:00","article_modified_time":"2021-10-11T09:53:07+00:00","og_image":[{"width":1608,"height":1080,"url":"https:\/\/www.zerdab.com\/wp-content\/uploads\/2021\/10\/gencliye-destek-region-gencleri.jpg","type":"image\/jpeg"}],"author":"admin","twitter_card":"summary_large_image","twitter_misc":{"Written by":"admin","Est. reading time":"3 minutes"},"schema":{"@context":"https:\/\/schema.org","@graph":[{"@type":"Article","@id":"https:\/\/www.zerdab.com\/?p=29177#article","isPartOf":{"@id":"https:\/\/www.zerdab.com\/?p=29177"},"author":{"name":"admin","@id":"https:\/\/www.zerdab.com\/#\/schema\/person\/97079b7570c1e89ec0d9e138c3672136"},"headline":"Z\u0259rdabda 12 n\u0259f\u0259r g\u0259ncl\u0259 b\u0259rab\u0259r ilk t\u0259lim ba\u015f tutdu &#8211; GD\u0130B-in yeni layih\u0259si &#8211; FOTOLAR","datePublished":"2021-10-11T09:51:35+00:00","dateModified":"2021-10-11T09:53:07+00:00","mainEntityOfPage":{"@id":"https:\/\/www.zerdab.com\/?p=29177"},"wordCount":525,"commentCount":0,"image":{"@id":"https:\/\/www.zerdab.com\/?p=29177#primaryimage"},"thumbnailUrl":"https:\/\/www.zerdab.com\/wp-content\/uploads\/2021\/10\/gencliye-destek-region-gencleri.jpg","articleSection":["MAN\u015eET","X\u018fB\u018fRL\u018fR"],"inLanguage":"az","potentialAction":[{"@type":"CommentAction","name":"Comment","target":["https:\/\/www.zerdab.com\/?p=29177#respond"]}]},{"@type":"WebPage","@id":"https:\/\/www.zerdab.com\/?p=29177","url":"https:\/\/www.zerdab.com\/?p=29177","name":"Z\u0259rdabda 12 n\u0259f\u0259r g\u0259ncl\u0259 b\u0259rab\u0259r ilk t\u0259lim ba\u015f tutdu - GD\u0130B-in yeni layih\u0259si - FOTOLAR - Z\u0259rdab.com","isPartOf":{"@id":"https:\/\/www.zerdab.com\/#website"},"primaryImageOfPage":{"@id":"https:\/\/www.zerdab.com\/?p=29177#primaryimage"},"image":{"@id":"https:\/\/www.zerdab.com\/?p=29177#primaryimage"},"thumbnailUrl":"https:\/\/www.zerdab.com\/wp-content\/uploads\/2021\/10\/gencliye-destek-region-gencleri.jpg","datePublished":"2021-10-11T09:51:35+00:00","dateModified":"2021-10-11T09:53:07+00:00","author":{"@id":"https:\/\/www.zerdab.com\/#\/schema\/person\/97079b7570c1e89ec0d9e138c3672136"},"breadcrumb":{"@id":"https:\/\/www.zerdab.com\/?p=29177#breadcrumb"},"inLanguage":"az","potentialAction":[{"@type":"ReadAction","target":["https:\/\/www.zerdab.com\/?p=29177"]}]},{"@type":"ImageObject","inLanguage":"az","@id":"https:\/\/www.zerdab.com\/?p=29177#primaryimage","url":"https:\/\/www.zerdab.com\/wp-content\/uploads\/2021\/10\/gencliye-destek-region-gencleri.jpg","contentUrl":"https:\/\/www.zerdab.com\/wp-content\/uploads\/2021\/10\/gencliye-destek-region-gencleri.jpg","width":1608,"height":1080,"caption":"gencliye-destek-region-gencleri"},{"@type":"BreadcrumbList","@id":"https:\/\/www.zerdab.com\/?p=29177#breadcrumb","itemListElement":[{"@type":"ListItem","position":1,"name":"Home","item":"https:\/\/www.zerdab.com\/"},{"@type":"ListItem","position":2,"name":"Z\u0259rdabda 12 n\u0259f\u0259r g\u0259ncl\u0259 b\u0259rab\u0259r ilk t\u0259lim ba\u015f tutdu &#8211; GD\u0130B-in yeni layih\u0259si &#8211; FOTOLAR"}]},{"@type":"WebSite","@id":"https:\/\/www.zerdab.com\/#website","url":"https:\/\/www.zerdab.com\/","name":"Z\u0259rdab.com","description":"","potentialAction":[{"@type":"SearchAction","target":{"@type":"EntryPoint","urlTemplate":"https:\/\/www.zerdab.com\/?s={search_term_string}"},"query-input":{"@type":"PropertyValueSpecification","valueRequired":true,"valueName":"search_term_string"}}],"inLanguage":"az"},{"@type":"Person","@id":"https:\/\/www.zerdab.com\/#\/schema\/person\/97079b7570c1e89ec0d9e138c3672136","name":"admin","image":{"@type":"ImageObject","inLanguage":"az","@id":"https:\/\/www.zerdab.com\/#\/schema\/person\/image\/","url":"https:\/\/secure.gravatar.com\/avatar\/d9c52a9a27c32119cb6679a077fa3e2779e5f822c451cbf01098004361d466ec?s=96&d=mm&r=g","contentUrl":"https:\/\/secure.gravatar.com\/avatar\/d9c52a9a27c32119cb6679a077fa3e2779e5f822c451cbf01098004361d466ec?s=96&d=mm&r=g","caption":"admin"},"url":"https:\/\/www.zerdab.com\/?author=1"}]}},"_links":{"self":[{"href":"https:\/\/www.zerdab.com\/index.php?rest_route=\/wp\/v2\/posts\/29177","targetHints":{"allow":["GET"]}}],"collection":[{"href":"https:\/\/www.zerdab.com\/index.php?rest_route=\/wp\/v2\/posts"}],"about":[{"href":"https:\/\/www.zerdab.com\/index.php?rest_route=\/wp\/v2\/types\/post"}],"author":[{"embeddable":true,"href":"https:\/\/www.zerdab.com\/index.php?rest_route=\/wp\/v2\/users\/1"}],"replies":[{"embeddable":true,"href":"https:\/\/www.zerdab.com\/index.php?rest_route=%2Fwp%2Fv2%2Fcomments&post=29177"}],"version-history":[{"count":2,"href":"https:\/\/www.zerdab.com\/index.php?rest_route=\/wp\/v2\/posts\/29177\/revisions"}],"predecessor-version":[{"id":29180,"href":"https:\/\/www.zerdab.com\/index.php?rest_route=\/wp\/v2\/posts\/29177\/revisions\/29180"}],"wp:featuredmedia":[{"embeddable":true,"href":"https:\/\/www.zerdab.com\/index.php?rest_route=\/wp\/v2\/media\/29178"}],"wp:attachment":[{"href":"https:\/\/www.zerdab.com\/index.php?rest_route=%2Fwp%2Fv2%2Fmedia&parent=29177"}],"wp:term":[{"taxonomy":"category","embeddable":true,"href":"https:\/\/www.zerdab.com\/index.php?rest_route=%2Fwp%2Fv2%2Fcategories&post=29177"},{"taxonomy":"post_tag","embeddable":true,"href":"https:\/\/www.zerdab.com\/index.php?rest_route=%2Fwp%2Fv2%2Ftags&post=29177"}],"curies":[{"name":"wp","href":"https:\/\/api.w.org\/{rel}","templated":true}]}}