{"id":29210,"date":"2021-10-18T19:29:19","date_gmt":"2021-10-18T15:29:19","guid":{"rendered":"http:\/\/www.zerdab.com\/?p=29210"},"modified":"2021-10-18T19:29:21","modified_gmt":"2021-10-18T15:29:21","slug":"aciq-mikrofon-aksiyasi-bu-d%c9%99f%c9%99-z%c9%99rdabda-kecirildi-fotolar","status":"publish","type":"post","link":"https:\/\/www.zerdab.com\/?p=29210","title":{"rendered":"\u201cA\u00e7\u0131q mikrofon\u201d aksiyas\u0131 bu d\u0259f\u0259 Z\u0259rdabda ke\u00e7irildi &#8211; Fotolar"},"content":{"rendered":"\n<p><strong>V\u0259t\u0259nda\u015f m\u0259mnuniyy\u0259tini h\u0259r zaman \u00fcst\u00fcn tutan \u201cAz\u0259riqaz\u201d&nbsp;\u0130stehsalat Birliyi t\u0259r\u0259find\u0259n kommunal sektorda ilk\u0259 imza at\u0131laraq ba\u015flan\u0131lan \u201cA\u00e7\u0131q mikrofon\u201d&nbsp;aksiyas\u0131 davam edir.<\/strong><\/p>\n\n\n\n<p><strong>Zerdab.com<\/strong> x\u0259b\u0259r verir ki, bu d\u0259f\u0259 \u201cS\u0259yyar q\u0259bul ota\u011f\u0131\u201d\u00a0Z\u0259rdab rayonunun K\u0259nd\u0259bil k\u0259ndind\u0259 t\u0259\u015fkil olunub.<\/p>\n\n\n\n<p>21-ci d\u0259f\u0259 t\u0259\u015fkil olunan aksiyan\u0131n imkanlar\u0131ndan bu k\u0259ndin sakinl\u0259ri il\u0259 birg\u0259 A\u011faba\u011f\u0131 k\u0259ndinin sakinl\u0259ri d\u0259 istifad\u0259 edibl\u0259r. G\u00f6r\u00fc\u015fd\u0259 \u201cAz\u0259riqaz\u201d&nbsp;\u0130B-nin v\u0259 Z\u0259rdab Rayon \u0130cra Hakimiyy\u0259tinin n\u00fcmay\u0259nd\u0259l\u0259ri k\u0259nd sakinl\u0259rinin t\u0259klif v\u0259 probleml\u0259rini dinl\u0259yibl\u0259r. V\u0259t\u0259nda\u015flar t\u0259bii qaz olmamas\u0131 s\u0259b\u0259bind\u0259n \u0259sas\u0259n pay\u0131z-q\u0131\u015f m\u00f6vs\u00fcm\u00fcnd\u0259 \u00fczl\u0259\u015fdikl\u0259ri \u00e7\u0259tinlikl\u0259rd\u0259n s\u00f6z a\u00e7\u0131blar. Sakinl\u0259r qar\u015f\u0131dan g\u0259l\u0259n q\u0131\u015f aylar\u0131nda h\u0259r iki k\u0259ndin qazla\u015fd\u0131r\u0131lmas\u0131n\u0131 xahi\u015f edibl\u0259r. Daxil olan h\u0259r bir m\u00fcraci\u0259t Birliyin ba\u015f direktoru Ruslan \u018fliyev\u0259 t\u0259qdim olunduqdan sonra ba\u015f direktor m\u0259s\u0259l\u0259 il\u0259 ba\u011fl\u0131 m\u00fcvafiq q\u0259rar ver\u0259c\u0259k.<\/p>\n\n\n\n<p>Qeyd ed\u0259k ki, indiy\u0259d\u0259k Z\u0259rdab rayonunda 40 ya\u015fay\u0131\u015f m\u0259nt\u0259q\u0259sind\u0259n 36-\u0131 t\u0259bii qazla t\u0259min olunub.<\/p>\n\n\n\n<figure class=\"wp-block-image\"><img decoding=\"async\" src=\"https:\/\/qafqazinfo.az\/uploads\/1634560940\/1.jpg\" alt=\"\"\/><\/figure>\n\n\n\n<figure class=\"wp-block-image\"><img decoding=\"async\" src=\"https:\/\/qafqazinfo.az\/uploads\/1634560940\/2.jpg\" alt=\"\"\/><\/figure>\n\n\n\n<figure class=\"wp-block-image\"><img decoding=\"async\" src=\"https:\/\/qafqazinfo.az\/uploads\/1634560940\/3.jpg\" alt=\"\"\/><\/figure>\n\n\n\n<figure class=\"wp-block-image\"><img decoding=\"async\" src=\"https:\/\/qafqazinfo.az\/uploads\/1634560940\/4.jpg\" alt=\"\"\/><\/figure>\n\n\n\n<figure class=\"wp-block-image\"><img decoding=\"async\" src=\"https:\/\/qafqazinfo.az\/uploads\/1634560940\/5.jpg\" alt=\"\"\/><\/figure>\n\n\n\n<figure class=\"wp-block-image\"><img decoding=\"async\" src=\"https:\/\/qafqazinfo.az\/uploads\/1634560940\/6.jpg\" alt=\"\"\/><\/figure>\n\n\n\n<figure class=\"wp-block-image\"><img decoding=\"async\" src=\"https:\/\/qafqazinfo.az\/uploads\/1634560940\/7.jpg\" alt=\"\"\/><\/figure>\n","protected":false},"excerpt":{"rendered":"<p>V\u0259t\u0259nda\u015f m\u0259mnuniyy\u0259tini h\u0259r zaman \u00fcst\u00fcn tutan \u201cAz\u0259riqaz\u201d&nbsp;\u0130stehsalat Birliyi t\u0259r\u0259find\u0259n kommunal sektorda ilk\u0259 imza at\u0131laraq ba\u015flan\u0131lan \u201cA\u00e7\u0131q mikrofon\u201d&nbsp;aksiyas\u0131 davam edir. Zerdab.com x\u0259b\u0259r verir ki, bu d\u0259f\u0259 \u201cS\u0259yyar q\u0259bul ota\u011f\u0131\u201d\u00a0Z\u0259rdab rayonunun K\u0259nd\u0259bil k\u0259ndind\u0259 t\u0259\u015fkil olunub. 21-ci d\u0259f\u0259 t\u0259\u015fkil olunan aksiyan\u0131n imkanlar\u0131ndan bu k\u0259ndin sakinl\u0259ri il\u0259 birg\u0259 A\u011faba\u011f\u0131 k\u0259ndinin sakinl\u0259ri d\u0259 istifad\u0259 edibl\u0259r. G\u00f6r\u00fc\u015fd\u0259 \u201cAz\u0259riqaz\u201d&nbsp;\u0130B-nin v\u0259 Z\u0259rdab Rayon [&hellip;]<\/p>\n","protected":false},"author":1,"featured_media":29211,"comment_status":"open","ping_status":"open","sticky":false,"template":"","format":"standard","meta":{"footnotes":""},"categories":[63,5],"tags":[],"class_list":{"0":"post-29210","1":"post","2":"type-post","3":"status-publish","4":"format-standard","5":"has-post-thumbnail","7":"category-manset","8":"category-knd"},"yoast_head":"<!-- This site is optimized with the Yoast SEO plugin v27.0 - https:\/\/yoast.com\/product\/yoast-seo-wordpress\/ -->\n<title>\u201cA\u00e7\u0131q mikrofon\u201d aksiyas\u0131 bu d\u0259f\u0259 Z\u0259rdabda ke\u00e7irildi - Fotolar - Z\u0259rdab.com<\/title>\n<meta name=\"robots\" content=\"index, follow, max-snippet:-1, max-image-preview:large, max-video-preview:-1\" \/>\n<link rel=\"canonical\" href=\"https:\/\/www.zerdab.com\/?p=29210\" \/>\n<meta property=\"og:locale\" content=\"az_AZ\" \/>\n<meta property=\"og:type\" content=\"article\" \/>\n<meta property=\"og:title\" content=\"\u201cA\u00e7\u0131q mikrofon\u201d aksiyas\u0131 bu d\u0259f\u0259 Z\u0259rdabda ke\u00e7irildi - Fotolar - Z\u0259rdab.com\" \/>\n<meta property=\"og:description\" content=\"V\u0259t\u0259nda\u015f m\u0259mnuniyy\u0259tini h\u0259r zaman \u00fcst\u00fcn tutan \u201cAz\u0259riqaz\u201d&nbsp;\u0130stehsalat Birliyi t\u0259r\u0259find\u0259n kommunal sektorda ilk\u0259 imza at\u0131laraq ba\u015flan\u0131lan \u201cA\u00e7\u0131q mikrofon\u201d&nbsp;aksiyas\u0131 davam edir. Zerdab.com x\u0259b\u0259r verir ki, bu d\u0259f\u0259 \u201cS\u0259yyar q\u0259bul ota\u011f\u0131\u201d\u00a0Z\u0259rdab rayonunun K\u0259nd\u0259bil k\u0259ndind\u0259 t\u0259\u015fkil olunub. 21-ci d\u0259f\u0259 t\u0259\u015fkil olunan aksiyan\u0131n imkanlar\u0131ndan bu k\u0259ndin sakinl\u0259ri il\u0259 birg\u0259 A\u011faba\u011f\u0131 k\u0259ndinin sakinl\u0259ri d\u0259 istifad\u0259 edibl\u0259r. G\u00f6r\u00fc\u015fd\u0259 \u201cAz\u0259riqaz\u201d&nbsp;\u0130B-nin v\u0259 Z\u0259rdab Rayon [&hellip;]\" \/>\n<meta property=\"og:url\" content=\"https:\/\/www.zerdab.com\/?p=29210\" \/>\n<meta property=\"og:site_name\" content=\"Z\u0259rdab.com\" \/>\n<meta property=\"article:published_time\" content=\"2021-10-18T15:29:19+00:00\" \/>\n<meta property=\"article:modified_time\" content=\"2021-10-18T15:29:21+00:00\" \/>\n<meta property=\"og:image\" content=\"https:\/\/www.zerdab.com\/wp-content\/uploads\/2021\/10\/aciq-mikrofon-zerdab.jpg\" \/>\n\t<meta property=\"og:image:width\" content=\"637\" \/>\n\t<meta property=\"og:image:height\" content=\"400\" \/>\n\t<meta property=\"og:image:type\" content=\"image\/jpeg\" \/>\n<meta name=\"author\" content=\"admin\" \/>\n<meta name=\"twitter:card\" content=\"summary_large_image\" \/>\n<meta name=\"twitter:label1\" content=\"Written by\" \/>\n\t<meta name=\"twitter:data1\" content=\"admin\" \/>\n\t<meta name=\"twitter:label2\" content=\"Est. reading time\" \/>\n\t<meta name=\"twitter:data2\" content=\"1 minute\" \/>\n<script type=\"application\/ld+json\" class=\"yoast-schema-graph\">{\"@context\":\"https:\/\/schema.org\",\"@graph\":[{\"@type\":\"Article\",\"@id\":\"https:\/\/www.zerdab.com\/?p=29210#article\",\"isPartOf\":{\"@id\":\"https:\/\/www.zerdab.com\/?p=29210\"},\"author\":{\"name\":\"admin\",\"@id\":\"https:\/\/www.zerdab.com\/#\/schema\/person\/97079b7570c1e89ec0d9e138c3672136\"},\"headline\":\"\u201cA\u00e7\u0131q mikrofon\u201d aksiyas\u0131 bu d\u0259f\u0259 Z\u0259rdabda ke\u00e7irildi &#8211; Fotolar\",\"datePublished\":\"2021-10-18T15:29:19+00:00\",\"dateModified\":\"2021-10-18T15:29:21+00:00\",\"mainEntityOfPage\":{\"@id\":\"https:\/\/www.zerdab.com\/?p=29210\"},\"wordCount\":243,\"commentCount\":0,\"image\":{\"@id\":\"https:\/\/www.zerdab.com\/?p=29210#primaryimage\"},\"thumbnailUrl\":\"https:\/\/www.zerdab.com\/wp-content\/uploads\/2021\/10\/aciq-mikrofon-zerdab.jpg\",\"articleSection\":[\"MAN\u015eET\",\"X\u018fB\u018fRL\u018fR\"],\"inLanguage\":\"az\",\"potentialAction\":[{\"@type\":\"CommentAction\",\"name\":\"Comment\",\"target\":[\"https:\/\/www.zerdab.com\/?p=29210#respond\"]}]},{\"@type\":\"WebPage\",\"@id\":\"https:\/\/www.zerdab.com\/?p=29210\",\"url\":\"https:\/\/www.zerdab.com\/?p=29210\",\"name\":\"\u201cA\u00e7\u0131q mikrofon\u201d aksiyas\u0131 bu d\u0259f\u0259 Z\u0259rdabda ke\u00e7irildi - Fotolar - Z\u0259rdab.com\",\"isPartOf\":{\"@id\":\"https:\/\/www.zerdab.com\/#website\"},\"primaryImageOfPage\":{\"@id\":\"https:\/\/www.zerdab.com\/?p=29210#primaryimage\"},\"image\":{\"@id\":\"https:\/\/www.zerdab.com\/?p=29210#primaryimage\"},\"thumbnailUrl\":\"https:\/\/www.zerdab.com\/wp-content\/uploads\/2021\/10\/aciq-mikrofon-zerdab.jpg\",\"datePublished\":\"2021-10-18T15:29:19+00:00\",\"dateModified\":\"2021-10-18T15:29:21+00:00\",\"author\":{\"@id\":\"https:\/\/www.zerdab.com\/#\/schema\/person\/97079b7570c1e89ec0d9e138c3672136\"},\"breadcrumb\":{\"@id\":\"https:\/\/www.zerdab.com\/?p=29210#breadcrumb\"},\"inLanguage\":\"az\",\"potentialAction\":[{\"@type\":\"ReadAction\",\"target\":[\"https:\/\/www.zerdab.com\/?p=29210\"]}]},{\"@type\":\"ImageObject\",\"inLanguage\":\"az\",\"@id\":\"https:\/\/www.zerdab.com\/?p=29210#primaryimage\",\"url\":\"https:\/\/www.zerdab.com\/wp-content\/uploads\/2021\/10\/aciq-mikrofon-zerdab.jpg\",\"contentUrl\":\"https:\/\/www.zerdab.com\/wp-content\/uploads\/2021\/10\/aciq-mikrofon-zerdab.jpg\",\"width\":637,\"height\":400,\"caption\":\"aciq-mikrofon-zerdab\"},{\"@type\":\"BreadcrumbList\",\"@id\":\"https:\/\/www.zerdab.com\/?p=29210#breadcrumb\",\"itemListElement\":[{\"@type\":\"ListItem\",\"position\":1,\"name\":\"Home\",\"item\":\"https:\/\/www.zerdab.com\/\"},{\"@type\":\"ListItem\",\"position\":2,\"name\":\"\u201cA\u00e7\u0131q mikrofon\u201d aksiyas\u0131 bu d\u0259f\u0259 Z\u0259rdabda ke\u00e7irildi &#8211; Fotolar\"}]},{\"@type\":\"WebSite\",\"@id\":\"https:\/\/www.zerdab.com\/#website\",\"url\":\"https:\/\/www.zerdab.com\/\",\"name\":\"Z\u0259rdab.com\",\"description\":\"\",\"potentialAction\":[{\"@type\":\"SearchAction\",\"target\":{\"@type\":\"EntryPoint\",\"urlTemplate\":\"https:\/\/www.zerdab.com\/?s={search_term_string}\"},\"query-input\":{\"@type\":\"PropertyValueSpecification\",\"valueRequired\":true,\"valueName\":\"search_term_string\"}}],\"inLanguage\":\"az\"},{\"@type\":\"Person\",\"@id\":\"https:\/\/www.zerdab.com\/#\/schema\/person\/97079b7570c1e89ec0d9e138c3672136\",\"name\":\"admin\",\"image\":{\"@type\":\"ImageObject\",\"inLanguage\":\"az\",\"@id\":\"https:\/\/www.zerdab.com\/#\/schema\/person\/image\/\",\"url\":\"https:\/\/secure.gravatar.com\/avatar\/d9c52a9a27c32119cb6679a077fa3e2779e5f822c451cbf01098004361d466ec?s=96&d=mm&r=g\",\"contentUrl\":\"https:\/\/secure.gravatar.com\/avatar\/d9c52a9a27c32119cb6679a077fa3e2779e5f822c451cbf01098004361d466ec?s=96&d=mm&r=g\",\"caption\":\"admin\"},\"url\":\"https:\/\/www.zerdab.com\/?author=1\"}]}<\/script>\n<!-- \/ Yoast SEO plugin. -->","yoast_head_json":{"title":"\u201cA\u00e7\u0131q mikrofon\u201d aksiyas\u0131 bu d\u0259f\u0259 Z\u0259rdabda ke\u00e7irildi - Fotolar - Z\u0259rdab.com","robots":{"index":"index","follow":"follow","max-snippet":"max-snippet:-1","max-image-preview":"max-image-preview:large","max-video-preview":"max-video-preview:-1"},"canonical":"https:\/\/www.zerdab.com\/?p=29210","og_locale":"az_AZ","og_type":"article","og_title":"\u201cA\u00e7\u0131q mikrofon\u201d aksiyas\u0131 bu d\u0259f\u0259 Z\u0259rdabda ke\u00e7irildi - Fotolar - Z\u0259rdab.com","og_description":"V\u0259t\u0259nda\u015f m\u0259mnuniyy\u0259tini h\u0259r zaman \u00fcst\u00fcn tutan \u201cAz\u0259riqaz\u201d&nbsp;\u0130stehsalat Birliyi t\u0259r\u0259find\u0259n kommunal sektorda ilk\u0259 imza at\u0131laraq ba\u015flan\u0131lan \u201cA\u00e7\u0131q mikrofon\u201d&nbsp;aksiyas\u0131 davam edir. Zerdab.com x\u0259b\u0259r verir ki, bu d\u0259f\u0259 \u201cS\u0259yyar q\u0259bul ota\u011f\u0131\u201d\u00a0Z\u0259rdab rayonunun K\u0259nd\u0259bil k\u0259ndind\u0259 t\u0259\u015fkil olunub. 21-ci d\u0259f\u0259 t\u0259\u015fkil olunan aksiyan\u0131n imkanlar\u0131ndan bu k\u0259ndin sakinl\u0259ri il\u0259 birg\u0259 A\u011faba\u011f\u0131 k\u0259ndinin sakinl\u0259ri d\u0259 istifad\u0259 edibl\u0259r. G\u00f6r\u00fc\u015fd\u0259 \u201cAz\u0259riqaz\u201d&nbsp;\u0130B-nin v\u0259 Z\u0259rdab Rayon [&hellip;]","og_url":"https:\/\/www.zerdab.com\/?p=29210","og_site_name":"Z\u0259rdab.com","article_published_time":"2021-10-18T15:29:19+00:00","article_modified_time":"2021-10-18T15:29:21+00:00","og_image":[{"width":637,"height":400,"url":"https:\/\/www.zerdab.com\/wp-content\/uploads\/2021\/10\/aciq-mikrofon-zerdab.jpg","type":"image\/jpeg"}],"author":"admin","twitter_card":"summary_large_image","twitter_misc":{"Written by":"admin","Est. reading time":"1 minute"},"schema":{"@context":"https:\/\/schema.org","@graph":[{"@type":"Article","@id":"https:\/\/www.zerdab.com\/?p=29210#article","isPartOf":{"@id":"https:\/\/www.zerdab.com\/?p=29210"},"author":{"name":"admin","@id":"https:\/\/www.zerdab.com\/#\/schema\/person\/97079b7570c1e89ec0d9e138c3672136"},"headline":"\u201cA\u00e7\u0131q mikrofon\u201d aksiyas\u0131 bu d\u0259f\u0259 Z\u0259rdabda ke\u00e7irildi &#8211; Fotolar","datePublished":"2021-10-18T15:29:19+00:00","dateModified":"2021-10-18T15:29:21+00:00","mainEntityOfPage":{"@id":"https:\/\/www.zerdab.com\/?p=29210"},"wordCount":243,"commentCount":0,"image":{"@id":"https:\/\/www.zerdab.com\/?p=29210#primaryimage"},"thumbnailUrl":"https:\/\/www.zerdab.com\/wp-content\/uploads\/2021\/10\/aciq-mikrofon-zerdab.jpg","articleSection":["MAN\u015eET","X\u018fB\u018fRL\u018fR"],"inLanguage":"az","potentialAction":[{"@type":"CommentAction","name":"Comment","target":["https:\/\/www.zerdab.com\/?p=29210#respond"]}]},{"@type":"WebPage","@id":"https:\/\/www.zerdab.com\/?p=29210","url":"https:\/\/www.zerdab.com\/?p=29210","name":"\u201cA\u00e7\u0131q mikrofon\u201d aksiyas\u0131 bu d\u0259f\u0259 Z\u0259rdabda ke\u00e7irildi - Fotolar - Z\u0259rdab.com","isPartOf":{"@id":"https:\/\/www.zerdab.com\/#website"},"primaryImageOfPage":{"@id":"https:\/\/www.zerdab.com\/?p=29210#primaryimage"},"image":{"@id":"https:\/\/www.zerdab.com\/?p=29210#primaryimage"},"thumbnailUrl":"https:\/\/www.zerdab.com\/wp-content\/uploads\/2021\/10\/aciq-mikrofon-zerdab.jpg","datePublished":"2021-10-18T15:29:19+00:00","dateModified":"2021-10-18T15:29:21+00:00","author":{"@id":"https:\/\/www.zerdab.com\/#\/schema\/person\/97079b7570c1e89ec0d9e138c3672136"},"breadcrumb":{"@id":"https:\/\/www.zerdab.com\/?p=29210#breadcrumb"},"inLanguage":"az","potentialAction":[{"@type":"ReadAction","target":["https:\/\/www.zerdab.com\/?p=29210"]}]},{"@type":"ImageObject","inLanguage":"az","@id":"https:\/\/www.zerdab.com\/?p=29210#primaryimage","url":"https:\/\/www.zerdab.com\/wp-content\/uploads\/2021\/10\/aciq-mikrofon-zerdab.jpg","contentUrl":"https:\/\/www.zerdab.com\/wp-content\/uploads\/2021\/10\/aciq-mikrofon-zerdab.jpg","width":637,"height":400,"caption":"aciq-mikrofon-zerdab"},{"@type":"BreadcrumbList","@id":"https:\/\/www.zerdab.com\/?p=29210#breadcrumb","itemListElement":[{"@type":"ListItem","position":1,"name":"Home","item":"https:\/\/www.zerdab.com\/"},{"@type":"ListItem","position":2,"name":"\u201cA\u00e7\u0131q mikrofon\u201d aksiyas\u0131 bu d\u0259f\u0259 Z\u0259rdabda ke\u00e7irildi &#8211; Fotolar"}]},{"@type":"WebSite","@id":"https:\/\/www.zerdab.com\/#website","url":"https:\/\/www.zerdab.com\/","name":"Z\u0259rdab.com","description":"","potentialAction":[{"@type":"SearchAction","target":{"@type":"EntryPoint","urlTemplate":"https:\/\/www.zerdab.com\/?s={search_term_string}"},"query-input":{"@type":"PropertyValueSpecification","valueRequired":true,"valueName":"search_term_string"}}],"inLanguage":"az"},{"@type":"Person","@id":"https:\/\/www.zerdab.com\/#\/schema\/person\/97079b7570c1e89ec0d9e138c3672136","name":"admin","image":{"@type":"ImageObject","inLanguage":"az","@id":"https:\/\/www.zerdab.com\/#\/schema\/person\/image\/","url":"https:\/\/secure.gravatar.com\/avatar\/d9c52a9a27c32119cb6679a077fa3e2779e5f822c451cbf01098004361d466ec?s=96&d=mm&r=g","contentUrl":"https:\/\/secure.gravatar.com\/avatar\/d9c52a9a27c32119cb6679a077fa3e2779e5f822c451cbf01098004361d466ec?s=96&d=mm&r=g","caption":"admin"},"url":"https:\/\/www.zerdab.com\/?author=1"}]}},"_links":{"self":[{"href":"https:\/\/www.zerdab.com\/index.php?rest_route=\/wp\/v2\/posts\/29210","targetHints":{"allow":["GET"]}}],"collection":[{"href":"https:\/\/www.zerdab.com\/index.php?rest_route=\/wp\/v2\/posts"}],"about":[{"href":"https:\/\/www.zerdab.com\/index.php?rest_route=\/wp\/v2\/types\/post"}],"author":[{"embeddable":true,"href":"https:\/\/www.zerdab.com\/index.php?rest_route=\/wp\/v2\/users\/1"}],"replies":[{"embeddable":true,"href":"https:\/\/www.zerdab.com\/index.php?rest_route=%2Fwp%2Fv2%2Fcomments&post=29210"}],"version-history":[{"count":1,"href":"https:\/\/www.zerdab.com\/index.php?rest_route=\/wp\/v2\/posts\/29210\/revisions"}],"predecessor-version":[{"id":29212,"href":"https:\/\/www.zerdab.com\/index.php?rest_route=\/wp\/v2\/posts\/29210\/revisions\/29212"}],"wp:featuredmedia":[{"embeddable":true,"href":"https:\/\/www.zerdab.com\/index.php?rest_route=\/wp\/v2\/media\/29211"}],"wp:attachment":[{"href":"https:\/\/www.zerdab.com\/index.php?rest_route=%2Fwp%2Fv2%2Fmedia&parent=29210"}],"wp:term":[{"taxonomy":"category","embeddable":true,"href":"https:\/\/www.zerdab.com\/index.php?rest_route=%2Fwp%2Fv2%2Fcategories&post=29210"},{"taxonomy":"post_tag","embeddable":true,"href":"https:\/\/www.zerdab.com\/index.php?rest_route=%2Fwp%2Fv2%2Ftags&post=29210"}],"curies":[{"name":"wp","href":"https:\/\/api.w.org\/{rel}","templated":true}]}}