{"id":29213,"date":"2021-10-18T14:37:13","date_gmt":"2021-10-18T10:37:13","guid":{"rendered":"http:\/\/www.zerdab.com\/?p=29213"},"modified":"2021-10-19T14:40:25","modified_gmt":"2021-10-19T10:40:25","slug":"z%c9%99rdabin-g%c9%99lm%c9%99-k%c9%99ndind%c9%99-tikilmis-h%c9%99kim-m%c9%99nt%c9%99q%c9%99sinin-binasinin-acilisi-olub-fotolar","status":"publish","type":"post","link":"https:\/\/www.zerdab.com\/?p=29213","title":{"rendered":"Z\u0259rdab\u0131n G\u0259lm\u0259 k\u0259ndind\u0259 h\u0259kim m\u0259nt\u0259q\u0259sinin yeni binas\u0131n\u0131n a\u00e7\u0131l\u0131\u015f\u0131 olub &#8211; FOTOLAR"},"content":{"rendered":"\n<p>18 oktyabr D\u00f6vl\u0259t M\u00fcst\u0259qilliyinin b\u0259rpas\u0131 g\u00fcn\u00fc m\u00fcnasib\u0259til\u0259 Z\u0259rdab rayon r\u0259hb\u0259rliyi, h\u00fcquq m\u00fchafiz\u0259 orqanlar\u0131n\u0131n r\u0259hb\u0259rl\u0259ri, idar\u0259, m\u00fc\u0259ssis\u0259 t\u0259\u015fkilat r\u0259hb\u0259rl\u0259ri \u0259vv\u0259lc\u0259 \u00dcmummilli liderimiz Heyd\u0259r \u018fliyevin abid\u0259sini ziyar\u0259t edib,&nbsp; \u00f6n\u00fcn\u0259 g\u00fcl d\u0259st\u0259l\u0259ri qoyublar.<br><strong>Zerdab.com<\/strong> sayt\u0131na veril\u0259n m\u0259lumata g\u00f6r\u0259, sonra Heyd\u0259r \u018fliyev Fondunun v\u0259saiti hesab\u0131na G\u0259lm\u0259 k\u0259ndind\u0259 tikilmi\u015f h\u0259kim m\u0259nt\u0259q\u0259sinin binas\u0131n\u0131n a\u00e7\u0131l\u0131\u015f\u0131 olub. A\u00e7\u0131l\u0131\u015f m\u0259rasimind\u0259n \u0259vv\u0259l rayon r\u0259hb\u0259rliyi, ictimaiyy\u0259t n\u00fcmay\u0259nd\u0259l\u0259ri G\u0259lm\u0259 k\u0259ndind\u0259ki \u015f\u0259hidl\u0259rin xatir\u0259 abid\u0259sini ziyar\u0259t edib, onlar\u0131n ruhuna dualar oxunub.<br>H\u0259kim m\u0259nt\u0259q\u0259sinin binas\u0131n\u0131n a\u00e7\u0131l\u0131\u015f\u0131nda \u00e7\u0131x\u0131\u015f ed\u0259n Rayon \u0130cra Hakimiyy\u0259tinin ba\u015f\u00e7\u0131s\u0131 M\u0259rdan Camalzad\u0259 \u00f6nc\u0259 t\u0259dbir i\u015ftirak\u00e7\u0131lar\u0131n\u0131 v\u0259 b\u00fct\u00fcn rayon ictimaiyy\u0259tini bayram m\u00fcnasib\u0259til\u0259 t\u0259brik edib v\u0259 respublikada ged\u0259n quruculuq abadl\u0131q i\u015fl\u0259rind\u0259n dan\u0131\u015f\u0131b. <\/p>\n\n\n\n<p>T\u0259dbird\u0259 \u00e7\u0131x\u0131\u015f ed\u0259nl\u0259r g\u00f6st\u0259ril\u0259n diqq\u0259t v\u0259 qay\u011f\u0131ya g\u00f6r\u0259 c\u0259nab Prezident \u0130lham \u018fliyev\u0259, Birinci vitse-prezident, Heyd\u0259r \u018fliyev Fondunun Prezidenti Mehriban xan\u0131m \u018fliyevaya \u00f6z minn\u0259tdarl\u0131qlar\u0131n\u0131 bildirmi\u015fl\u0259r.<br>Daha sonra m\u0259nt\u0259q\u0259d\u0259 yarad\u0131lm\u0131\u015f \u015f\u0259raitl\u0259 tan\u0131\u015fl\u0131q olub.<\/p>\n\n\n\n<figure class=\"wp-block-image\"><img decoding=\"async\" src=\"http:\/\/zerdab-ih.gov.az\/userfiles\/images\/2(7).JPG\" alt=\"\"\/><\/figure>\n\n\n\n<figure class=\"wp-block-image\"><img decoding=\"async\" src=\"http:\/\/zerdab-ih.gov.az\/userfiles\/images\/3(7).JPG\" alt=\"\"\/><\/figure>\n\n\n\n<figure class=\"wp-block-image\"><img decoding=\"async\" src=\"http:\/\/zerdab-ih.gov.az\/userfiles\/images\/4(9).JPG\" alt=\"\"\/><\/figure>\n\n\n\n<figure class=\"wp-block-image\"><img decoding=\"async\" src=\"http:\/\/zerdab-ih.gov.az\/userfiles\/images\/5(7).JPG\" alt=\"\"\/><\/figure>\n","protected":false},"excerpt":{"rendered":"<p>18 oktyabr D\u00f6vl\u0259t M\u00fcst\u0259qilliyinin b\u0259rpas\u0131 g\u00fcn\u00fc m\u00fcnasib\u0259til\u0259 Z\u0259rdab rayon r\u0259hb\u0259rliyi, h\u00fcquq m\u00fchafiz\u0259 orqanlar\u0131n\u0131n r\u0259hb\u0259rl\u0259ri, idar\u0259, m\u00fc\u0259ssis\u0259 t\u0259\u015fkilat r\u0259hb\u0259rl\u0259ri \u0259vv\u0259lc\u0259 \u00dcmummilli liderimiz Heyd\u0259r \u018fliyevin abid\u0259sini ziyar\u0259t edib,&nbsp; \u00f6n\u00fcn\u0259 g\u00fcl d\u0259st\u0259l\u0259ri qoyublar.Zerdab.com sayt\u0131na veril\u0259n m\u0259lumata g\u00f6r\u0259, sonra Heyd\u0259r \u018fliyev Fondunun v\u0259saiti hesab\u0131na G\u0259lm\u0259 k\u0259ndind\u0259 tikilmi\u015f h\u0259kim m\u0259nt\u0259q\u0259sinin binas\u0131n\u0131n a\u00e7\u0131l\u0131\u015f\u0131 olub. A\u00e7\u0131l\u0131\u015f m\u0259rasimind\u0259n \u0259vv\u0259l rayon r\u0259hb\u0259rliyi, ictimaiyy\u0259t n\u00fcmay\u0259nd\u0259l\u0259ri [&hellip;]<\/p>\n","protected":false},"author":1,"featured_media":29214,"comment_status":"open","ping_status":"open","sticky":false,"template":"","format":"standard","meta":{"footnotes":""},"categories":[63,5],"tags":[],"class_list":{"0":"post-29213","1":"post","2":"type-post","3":"status-publish","4":"format-standard","5":"has-post-thumbnail","7":"category-manset","8":"category-knd"},"yoast_head":"<!-- This site is optimized with the Yoast SEO plugin v27.0 - https:\/\/yoast.com\/product\/yoast-seo-wordpress\/ -->\n<title>Z\u0259rdab\u0131n G\u0259lm\u0259 k\u0259ndind\u0259 h\u0259kim m\u0259nt\u0259q\u0259sinin yeni binas\u0131n\u0131n a\u00e7\u0131l\u0131\u015f\u0131 olub - FOTOLAR - Z\u0259rdab.com<\/title>\n<meta name=\"robots\" content=\"index, follow, max-snippet:-1, max-image-preview:large, max-video-preview:-1\" \/>\n<link rel=\"canonical\" href=\"https:\/\/www.zerdab.com\/?p=29213\" \/>\n<meta property=\"og:locale\" content=\"az_AZ\" \/>\n<meta property=\"og:type\" content=\"article\" \/>\n<meta property=\"og:title\" content=\"Z\u0259rdab\u0131n G\u0259lm\u0259 k\u0259ndind\u0259 h\u0259kim m\u0259nt\u0259q\u0259sinin yeni binas\u0131n\u0131n a\u00e7\u0131l\u0131\u015f\u0131 olub - FOTOLAR - Z\u0259rdab.com\" \/>\n<meta property=\"og:description\" content=\"18 oktyabr D\u00f6vl\u0259t M\u00fcst\u0259qilliyinin b\u0259rpas\u0131 g\u00fcn\u00fc m\u00fcnasib\u0259til\u0259 Z\u0259rdab rayon r\u0259hb\u0259rliyi, h\u00fcquq m\u00fchafiz\u0259 orqanlar\u0131n\u0131n r\u0259hb\u0259rl\u0259ri, idar\u0259, m\u00fc\u0259ssis\u0259 t\u0259\u015fkilat r\u0259hb\u0259rl\u0259ri \u0259vv\u0259lc\u0259 \u00dcmummilli liderimiz Heyd\u0259r \u018fliyevin abid\u0259sini ziyar\u0259t edib,&nbsp; \u00f6n\u00fcn\u0259 g\u00fcl d\u0259st\u0259l\u0259ri qoyublar.Zerdab.com sayt\u0131na veril\u0259n m\u0259lumata g\u00f6r\u0259, sonra Heyd\u0259r \u018fliyev Fondunun v\u0259saiti hesab\u0131na G\u0259lm\u0259 k\u0259ndind\u0259 tikilmi\u015f h\u0259kim m\u0259nt\u0259q\u0259sinin binas\u0131n\u0131n a\u00e7\u0131l\u0131\u015f\u0131 olub. A\u00e7\u0131l\u0131\u015f m\u0259rasimind\u0259n \u0259vv\u0259l rayon r\u0259hb\u0259rliyi, ictimaiyy\u0259t n\u00fcmay\u0259nd\u0259l\u0259ri [&hellip;]\" \/>\n<meta property=\"og:url\" content=\"https:\/\/www.zerdab.com\/?p=29213\" \/>\n<meta property=\"og:site_name\" content=\"Z\u0259rdab.com\" \/>\n<meta property=\"article:published_time\" content=\"2021-10-18T10:37:13+00:00\" \/>\n<meta property=\"article:modified_time\" content=\"2021-10-19T10:40:25+00:00\" \/>\n<meta property=\"og:image\" content=\"https:\/\/www.zerdab.com\/wp-content\/uploads\/2021\/10\/zerdab-merdan-camalzade-gelme-kendi-tibb-menteqesi.jpg\" \/>\n\t<meta property=\"og:image:width\" content=\"1600\" \/>\n\t<meta property=\"og:image:height\" content=\"1074\" \/>\n\t<meta property=\"og:image:type\" content=\"image\/jpeg\" \/>\n<meta name=\"author\" content=\"admin\" \/>\n<meta name=\"twitter:card\" content=\"summary_large_image\" \/>\n<meta name=\"twitter:label1\" content=\"Written by\" \/>\n\t<meta name=\"twitter:data1\" content=\"admin\" \/>\n\t<meta name=\"twitter:label2\" content=\"Est. reading time\" \/>\n\t<meta name=\"twitter:data2\" content=\"1 minute\" \/>\n<script type=\"application\/ld+json\" class=\"yoast-schema-graph\">{\"@context\":\"https:\/\/schema.org\",\"@graph\":[{\"@type\":\"Article\",\"@id\":\"https:\/\/www.zerdab.com\/?p=29213#article\",\"isPartOf\":{\"@id\":\"https:\/\/www.zerdab.com\/?p=29213\"},\"author\":{\"name\":\"admin\",\"@id\":\"https:\/\/www.zerdab.com\/#\/schema\/person\/97079b7570c1e89ec0d9e138c3672136\"},\"headline\":\"Z\u0259rdab\u0131n G\u0259lm\u0259 k\u0259ndind\u0259 h\u0259kim m\u0259nt\u0259q\u0259sinin yeni binas\u0131n\u0131n a\u00e7\u0131l\u0131\u015f\u0131 olub &#8211; FOTOLAR\",\"datePublished\":\"2021-10-18T10:37:13+00:00\",\"dateModified\":\"2021-10-19T10:40:25+00:00\",\"mainEntityOfPage\":{\"@id\":\"https:\/\/www.zerdab.com\/?p=29213\"},\"wordCount\":268,\"commentCount\":0,\"image\":{\"@id\":\"https:\/\/www.zerdab.com\/?p=29213#primaryimage\"},\"thumbnailUrl\":\"https:\/\/www.zerdab.com\/wp-content\/uploads\/2021\/10\/zerdab-merdan-camalzade-gelme-kendi-tibb-menteqesi.jpg\",\"articleSection\":[\"MAN\u015eET\",\"X\u018fB\u018fRL\u018fR\"],\"inLanguage\":\"az\",\"potentialAction\":[{\"@type\":\"CommentAction\",\"name\":\"Comment\",\"target\":[\"https:\/\/www.zerdab.com\/?p=29213#respond\"]}]},{\"@type\":\"WebPage\",\"@id\":\"https:\/\/www.zerdab.com\/?p=29213\",\"url\":\"https:\/\/www.zerdab.com\/?p=29213\",\"name\":\"Z\u0259rdab\u0131n G\u0259lm\u0259 k\u0259ndind\u0259 h\u0259kim m\u0259nt\u0259q\u0259sinin yeni binas\u0131n\u0131n a\u00e7\u0131l\u0131\u015f\u0131 olub - FOTOLAR - Z\u0259rdab.com\",\"isPartOf\":{\"@id\":\"https:\/\/www.zerdab.com\/#website\"},\"primaryImageOfPage\":{\"@id\":\"https:\/\/www.zerdab.com\/?p=29213#primaryimage\"},\"image\":{\"@id\":\"https:\/\/www.zerdab.com\/?p=29213#primaryimage\"},\"thumbnailUrl\":\"https:\/\/www.zerdab.com\/wp-content\/uploads\/2021\/10\/zerdab-merdan-camalzade-gelme-kendi-tibb-menteqesi.jpg\",\"datePublished\":\"2021-10-18T10:37:13+00:00\",\"dateModified\":\"2021-10-19T10:40:25+00:00\",\"author\":{\"@id\":\"https:\/\/www.zerdab.com\/#\/schema\/person\/97079b7570c1e89ec0d9e138c3672136\"},\"breadcrumb\":{\"@id\":\"https:\/\/www.zerdab.com\/?p=29213#breadcrumb\"},\"inLanguage\":\"az\",\"potentialAction\":[{\"@type\":\"ReadAction\",\"target\":[\"https:\/\/www.zerdab.com\/?p=29213\"]}]},{\"@type\":\"ImageObject\",\"inLanguage\":\"az\",\"@id\":\"https:\/\/www.zerdab.com\/?p=29213#primaryimage\",\"url\":\"https:\/\/www.zerdab.com\/wp-content\/uploads\/2021\/10\/zerdab-merdan-camalzade-gelme-kendi-tibb-menteqesi.jpg\",\"contentUrl\":\"https:\/\/www.zerdab.com\/wp-content\/uploads\/2021\/10\/zerdab-merdan-camalzade-gelme-kendi-tibb-menteqesi.jpg\",\"width\":1600,\"height\":1074,\"caption\":\"zerdab-merdan-camalzade-gelme-kendi-tibb-menteqesi\"},{\"@type\":\"BreadcrumbList\",\"@id\":\"https:\/\/www.zerdab.com\/?p=29213#breadcrumb\",\"itemListElement\":[{\"@type\":\"ListItem\",\"position\":1,\"name\":\"Home\",\"item\":\"https:\/\/www.zerdab.com\/\"},{\"@type\":\"ListItem\",\"position\":2,\"name\":\"Z\u0259rdab\u0131n G\u0259lm\u0259 k\u0259ndind\u0259 h\u0259kim m\u0259nt\u0259q\u0259sinin yeni binas\u0131n\u0131n a\u00e7\u0131l\u0131\u015f\u0131 olub &#8211; FOTOLAR\"}]},{\"@type\":\"WebSite\",\"@id\":\"https:\/\/www.zerdab.com\/#website\",\"url\":\"https:\/\/www.zerdab.com\/\",\"name\":\"Z\u0259rdab.com\",\"description\":\"\",\"potentialAction\":[{\"@type\":\"SearchAction\",\"target\":{\"@type\":\"EntryPoint\",\"urlTemplate\":\"https:\/\/www.zerdab.com\/?s={search_term_string}\"},\"query-input\":{\"@type\":\"PropertyValueSpecification\",\"valueRequired\":true,\"valueName\":\"search_term_string\"}}],\"inLanguage\":\"az\"},{\"@type\":\"Person\",\"@id\":\"https:\/\/www.zerdab.com\/#\/schema\/person\/97079b7570c1e89ec0d9e138c3672136\",\"name\":\"admin\",\"image\":{\"@type\":\"ImageObject\",\"inLanguage\":\"az\",\"@id\":\"https:\/\/www.zerdab.com\/#\/schema\/person\/image\/\",\"url\":\"https:\/\/secure.gravatar.com\/avatar\/d9c52a9a27c32119cb6679a077fa3e2779e5f822c451cbf01098004361d466ec?s=96&d=mm&r=g\",\"contentUrl\":\"https:\/\/secure.gravatar.com\/avatar\/d9c52a9a27c32119cb6679a077fa3e2779e5f822c451cbf01098004361d466ec?s=96&d=mm&r=g\",\"caption\":\"admin\"},\"url\":\"https:\/\/www.zerdab.com\/?author=1\"}]}<\/script>\n<!-- \/ Yoast SEO plugin. -->","yoast_head_json":{"title":"Z\u0259rdab\u0131n G\u0259lm\u0259 k\u0259ndind\u0259 h\u0259kim m\u0259nt\u0259q\u0259sinin yeni binas\u0131n\u0131n a\u00e7\u0131l\u0131\u015f\u0131 olub - FOTOLAR - Z\u0259rdab.com","robots":{"index":"index","follow":"follow","max-snippet":"max-snippet:-1","max-image-preview":"max-image-preview:large","max-video-preview":"max-video-preview:-1"},"canonical":"https:\/\/www.zerdab.com\/?p=29213","og_locale":"az_AZ","og_type":"article","og_title":"Z\u0259rdab\u0131n G\u0259lm\u0259 k\u0259ndind\u0259 h\u0259kim m\u0259nt\u0259q\u0259sinin yeni binas\u0131n\u0131n a\u00e7\u0131l\u0131\u015f\u0131 olub - FOTOLAR - Z\u0259rdab.com","og_description":"18 oktyabr D\u00f6vl\u0259t M\u00fcst\u0259qilliyinin b\u0259rpas\u0131 g\u00fcn\u00fc m\u00fcnasib\u0259til\u0259 Z\u0259rdab rayon r\u0259hb\u0259rliyi, h\u00fcquq m\u00fchafiz\u0259 orqanlar\u0131n\u0131n r\u0259hb\u0259rl\u0259ri, idar\u0259, m\u00fc\u0259ssis\u0259 t\u0259\u015fkilat r\u0259hb\u0259rl\u0259ri \u0259vv\u0259lc\u0259 \u00dcmummilli liderimiz Heyd\u0259r \u018fliyevin abid\u0259sini ziyar\u0259t edib,&nbsp; \u00f6n\u00fcn\u0259 g\u00fcl d\u0259st\u0259l\u0259ri qoyublar.Zerdab.com sayt\u0131na veril\u0259n m\u0259lumata g\u00f6r\u0259, sonra Heyd\u0259r \u018fliyev Fondunun v\u0259saiti hesab\u0131na G\u0259lm\u0259 k\u0259ndind\u0259 tikilmi\u015f h\u0259kim m\u0259nt\u0259q\u0259sinin binas\u0131n\u0131n a\u00e7\u0131l\u0131\u015f\u0131 olub. A\u00e7\u0131l\u0131\u015f m\u0259rasimind\u0259n \u0259vv\u0259l rayon r\u0259hb\u0259rliyi, ictimaiyy\u0259t n\u00fcmay\u0259nd\u0259l\u0259ri [&hellip;]","og_url":"https:\/\/www.zerdab.com\/?p=29213","og_site_name":"Z\u0259rdab.com","article_published_time":"2021-10-18T10:37:13+00:00","article_modified_time":"2021-10-19T10:40:25+00:00","og_image":[{"width":1600,"height":1074,"url":"https:\/\/www.zerdab.com\/wp-content\/uploads\/2021\/10\/zerdab-merdan-camalzade-gelme-kendi-tibb-menteqesi.jpg","type":"image\/jpeg"}],"author":"admin","twitter_card":"summary_large_image","twitter_misc":{"Written by":"admin","Est. reading time":"1 minute"},"schema":{"@context":"https:\/\/schema.org","@graph":[{"@type":"Article","@id":"https:\/\/www.zerdab.com\/?p=29213#article","isPartOf":{"@id":"https:\/\/www.zerdab.com\/?p=29213"},"author":{"name":"admin","@id":"https:\/\/www.zerdab.com\/#\/schema\/person\/97079b7570c1e89ec0d9e138c3672136"},"headline":"Z\u0259rdab\u0131n G\u0259lm\u0259 k\u0259ndind\u0259 h\u0259kim m\u0259nt\u0259q\u0259sinin yeni binas\u0131n\u0131n a\u00e7\u0131l\u0131\u015f\u0131 olub &#8211; FOTOLAR","datePublished":"2021-10-18T10:37:13+00:00","dateModified":"2021-10-19T10:40:25+00:00","mainEntityOfPage":{"@id":"https:\/\/www.zerdab.com\/?p=29213"},"wordCount":268,"commentCount":0,"image":{"@id":"https:\/\/www.zerdab.com\/?p=29213#primaryimage"},"thumbnailUrl":"https:\/\/www.zerdab.com\/wp-content\/uploads\/2021\/10\/zerdab-merdan-camalzade-gelme-kendi-tibb-menteqesi.jpg","articleSection":["MAN\u015eET","X\u018fB\u018fRL\u018fR"],"inLanguage":"az","potentialAction":[{"@type":"CommentAction","name":"Comment","target":["https:\/\/www.zerdab.com\/?p=29213#respond"]}]},{"@type":"WebPage","@id":"https:\/\/www.zerdab.com\/?p=29213","url":"https:\/\/www.zerdab.com\/?p=29213","name":"Z\u0259rdab\u0131n G\u0259lm\u0259 k\u0259ndind\u0259 h\u0259kim m\u0259nt\u0259q\u0259sinin yeni binas\u0131n\u0131n a\u00e7\u0131l\u0131\u015f\u0131 olub - FOTOLAR - Z\u0259rdab.com","isPartOf":{"@id":"https:\/\/www.zerdab.com\/#website"},"primaryImageOfPage":{"@id":"https:\/\/www.zerdab.com\/?p=29213#primaryimage"},"image":{"@id":"https:\/\/www.zerdab.com\/?p=29213#primaryimage"},"thumbnailUrl":"https:\/\/www.zerdab.com\/wp-content\/uploads\/2021\/10\/zerdab-merdan-camalzade-gelme-kendi-tibb-menteqesi.jpg","datePublished":"2021-10-18T10:37:13+00:00","dateModified":"2021-10-19T10:40:25+00:00","author":{"@id":"https:\/\/www.zerdab.com\/#\/schema\/person\/97079b7570c1e89ec0d9e138c3672136"},"breadcrumb":{"@id":"https:\/\/www.zerdab.com\/?p=29213#breadcrumb"},"inLanguage":"az","potentialAction":[{"@type":"ReadAction","target":["https:\/\/www.zerdab.com\/?p=29213"]}]},{"@type":"ImageObject","inLanguage":"az","@id":"https:\/\/www.zerdab.com\/?p=29213#primaryimage","url":"https:\/\/www.zerdab.com\/wp-content\/uploads\/2021\/10\/zerdab-merdan-camalzade-gelme-kendi-tibb-menteqesi.jpg","contentUrl":"https:\/\/www.zerdab.com\/wp-content\/uploads\/2021\/10\/zerdab-merdan-camalzade-gelme-kendi-tibb-menteqesi.jpg","width":1600,"height":1074,"caption":"zerdab-merdan-camalzade-gelme-kendi-tibb-menteqesi"},{"@type":"BreadcrumbList","@id":"https:\/\/www.zerdab.com\/?p=29213#breadcrumb","itemListElement":[{"@type":"ListItem","position":1,"name":"Home","item":"https:\/\/www.zerdab.com\/"},{"@type":"ListItem","position":2,"name":"Z\u0259rdab\u0131n G\u0259lm\u0259 k\u0259ndind\u0259 h\u0259kim m\u0259nt\u0259q\u0259sinin yeni binas\u0131n\u0131n a\u00e7\u0131l\u0131\u015f\u0131 olub &#8211; FOTOLAR"}]},{"@type":"WebSite","@id":"https:\/\/www.zerdab.com\/#website","url":"https:\/\/www.zerdab.com\/","name":"Z\u0259rdab.com","description":"","potentialAction":[{"@type":"SearchAction","target":{"@type":"EntryPoint","urlTemplate":"https:\/\/www.zerdab.com\/?s={search_term_string}"},"query-input":{"@type":"PropertyValueSpecification","valueRequired":true,"valueName":"search_term_string"}}],"inLanguage":"az"},{"@type":"Person","@id":"https:\/\/www.zerdab.com\/#\/schema\/person\/97079b7570c1e89ec0d9e138c3672136","name":"admin","image":{"@type":"ImageObject","inLanguage":"az","@id":"https:\/\/www.zerdab.com\/#\/schema\/person\/image\/","url":"https:\/\/secure.gravatar.com\/avatar\/d9c52a9a27c32119cb6679a077fa3e2779e5f822c451cbf01098004361d466ec?s=96&d=mm&r=g","contentUrl":"https:\/\/secure.gravatar.com\/avatar\/d9c52a9a27c32119cb6679a077fa3e2779e5f822c451cbf01098004361d466ec?s=96&d=mm&r=g","caption":"admin"},"url":"https:\/\/www.zerdab.com\/?author=1"}]}},"_links":{"self":[{"href":"https:\/\/www.zerdab.com\/index.php?rest_route=\/wp\/v2\/posts\/29213","targetHints":{"allow":["GET"]}}],"collection":[{"href":"https:\/\/www.zerdab.com\/index.php?rest_route=\/wp\/v2\/posts"}],"about":[{"href":"https:\/\/www.zerdab.com\/index.php?rest_route=\/wp\/v2\/types\/post"}],"author":[{"embeddable":true,"href":"https:\/\/www.zerdab.com\/index.php?rest_route=\/wp\/v2\/users\/1"}],"replies":[{"embeddable":true,"href":"https:\/\/www.zerdab.com\/index.php?rest_route=%2Fwp%2Fv2%2Fcomments&post=29213"}],"version-history":[{"count":2,"href":"https:\/\/www.zerdab.com\/index.php?rest_route=\/wp\/v2\/posts\/29213\/revisions"}],"predecessor-version":[{"id":29216,"href":"https:\/\/www.zerdab.com\/index.php?rest_route=\/wp\/v2\/posts\/29213\/revisions\/29216"}],"wp:featuredmedia":[{"embeddable":true,"href":"https:\/\/www.zerdab.com\/index.php?rest_route=\/wp\/v2\/media\/29214"}],"wp:attachment":[{"href":"https:\/\/www.zerdab.com\/index.php?rest_route=%2Fwp%2Fv2%2Fmedia&parent=29213"}],"wp:term":[{"taxonomy":"category","embeddable":true,"href":"https:\/\/www.zerdab.com\/index.php?rest_route=%2Fwp%2Fv2%2Fcategories&post=29213"},{"taxonomy":"post_tag","embeddable":true,"href":"https:\/\/www.zerdab.com\/index.php?rest_route=%2Fwp%2Fv2%2Ftags&post=29213"}],"curies":[{"name":"wp","href":"https:\/\/api.w.org\/{rel}","templated":true}]}}