{"id":29218,"date":"2021-10-21T15:00:24","date_gmt":"2021-10-21T11:00:24","guid":{"rendered":"http:\/\/www.zerdab.com\/?p=29218"},"modified":"2021-10-21T15:02:10","modified_gmt":"2021-10-21T11:02:10","slug":"g%c9%99ncl%c9%99r-fondunun-d%c9%99st%c9%99yi-il%c9%99-reallasdirilan-layih%c9%99-c%c9%99rciv%c9%99sind%c9%99-z%c9%99rdabda-novb%c9%99ti-t%c9%99lim-kecirildi","status":"publish","type":"post","link":"https:\/\/www.zerdab.com\/?p=29218","title":{"rendered":"G\u0259ncl\u0259r Fondunun d\u0259st\u0259yi il\u0259 realla\u015fd\u0131r\u0131lan layih\u0259 \u00e7\u0259r\u00e7iv\u0259sind\u0259 Z\u0259rdabda n\u00f6vb\u0259ti t\u0259lim ke\u00e7irildi"},"content":{"rendered":"\n<p>\u201cG\u0259ncliy\u0259 d\u0259st\u0259k\u201d \u0130ctimai Birliyi \u201cRegion k\u00f6n\u00fcll\u00fcl\u0259ri h\u0259r\u0259kat\u0131nda yeni m\u0259rh\u0259l\u0259\u201d adl\u0131 layih\u0259si \u00e7\u0259r\u00e7iv\u0259sind\u0259 \u00fc\u00e7\u00fcnc\u00fc t\u0259limini h\u0259yata ke\u00e7irib. Layih\u0259 Az\u0259rbaycan Respublikas\u0131n\u0131n G\u0259ncl\u0259r Fondunun d\u0259st\u0259yi il\u0259 h\u0259yata ke\u00e7irilir.<\/p>\n\n\n\n<p><strong>Zerdab.com<\/strong>-a veril\u0259n m\u0259lumata g\u00f6r\u0259, ilk \u00f6nc\u0259 t\u0259\u015fkilat\u0131n s\u0259dr m\u00fcavini Eldar X\u0259lilov t\u0259dbiri a\u00e7\u0131q elan etdi v\u0259 \u015e\u0259hidl\u0259rimiz bir d\u0259qiq\u0259lik s\u00fckutla yad edildi. T\u0259\u015fkilat\u0131n s\u0259dri V\u0259fa X\u0259lilli Az\u0259rbaycan G\u0259ncl\u0259r Fondu, t\u0259\u015fkilat v\u0259 layih\u0259 haqq\u0131nda \u0259trafl\u0131 m\u0259lumat verib.<\/p>\n\n\n\n<p>Sonra sosial xidm\u0259t sah\u0259sind\u0259 k\u00f6n\u00fcll\u00fcl\u00fck f\u0259aliyy\u0259tl\u0259rinin a\u015f\u0131lanmas\u0131 istiqam\u0259tind\u0259 video\u00e7arxlar t\u0259qdim olub.<br>T\u0259\u015fkilat\u0131n s\u0259dr m\u00fcavini Eldar X\u0259lilov sosial k\u00f6n\u00fcll\u00fcl\u00fck istiqam\u0259tind\u0259 g\u0259ncl\u0259ri m\u0259lumatland\u0131r\u0131b.<\/p>\n\n\n\n<p>T\u0259\u015fkilat\u0131n idar\u0259 hey\u0259tinin \u00fczv\u00fc \u018flisur\u0259tli R\u00f6ya vaxt\u0131n idar\u0259olunmas\u0131, g\u0259ncl\u0259rin \u00f6z potensiallar\u0131n\u0131n \u00fcz\u0259 \u00e7\u0131xar\u0131lmas\u0131 v\u0259 u\u011furlu karyera yolunda at\u0131lacaq add\u0131mlar istiqam\u0259tind\u0259 t\u0259qdimatla \u00e7\u0131x\u0131\u015f etdi.<\/p>\n\n\n\n<p>Layih\u0259nin m\u0259qs\u0259di region v\u0259 k\u0259ndli g\u0259ncl\u0259ri k\u00fctl\u0259vi olaraq k\u00f6n\u00fcll\u00fcl\u00fck h\u0259r\u0259kat\u0131na v\u0259 ictimai f\u0259aliyy\u0259t\u0259 c\u0259lb etm\u0259kl\u0259 onlar\u0131n f\u0259rdi inki\u015faf\u0131na t\u0259kan verm\u0259k v\u0259 onlarda sosial m\u0259suliyy\u0259t hissini art\u0131rmaqdan ibar\u0259tdir. Eyni zamanda sosialy\u00f6n\u00fcml\u00fc k\u00f6n\u00fcll\u00fcl\u00fcy\u00fc t\u0259bli\u011f etm\u0259k v\u0259 bu istiqam\u0259td\u0259 inki\u015faf \u0259ld\u0259 etm\u0259kd\u0259n ibar\u0259tdir.<\/p>\n\n\n\n<p>T\u0259lim zaman\u0131 g\u0259ncl\u0259r\u0259 materiallar (d\u0259ft\u0259r, q\u0259l\u0259m, papka, buklet v\u0259 k\u00f6yn\u0259k) v\u0259 sertifikat paylan\u0131ld\u0131. \u00c7ay s\u00fcfr\u0259si zaman\u0131 bu istiqam\u0259td\u0259 diskussiya apar\u0131ld\u0131.<\/p>\n\n\n\n<figure class=\"wp-block-image\"><img decoding=\"async\" src=\"https:\/\/cdn.trend.az\/2021\/10\/17\/gencler_fondu_17102021_1.jpg\" alt=\"G\u0259ncl\u0259r Fondunun d\u0259st\u0259yi il\u0259 realla\u015fd\u0131r\u0131lan layih\u0259 \u00e7\u0259r\u00e7iv\u0259sind\u0259 n\u00f6vb\u0259ti t\u0259lim ke\u00e7irilib - Gallery Image\"\/><figcaption> <br>  <br> <\/figcaption><\/figure>\n\n\n\n<figure class=\"wp-block-image\"><img decoding=\"async\" src=\"https:\/\/qanunla.az\/public\/storage\/2021\/10\/media-245494044_4377408329032657_3310462728003516451_n-m4yqv56fzag0ohur1e8i.jpg\" alt=\"image-245494044_4377408329032657_3310462728003516451_n\"\/><\/figure>\n\n\n\n<figure class=\"wp-block-image\"><img decoding=\"async\" src=\"https:\/\/qanunla.az\/public\/storage\/2021\/10\/media-246206004_420779352989826_7576952046775645856_n-zci1m3hvx04bgfy7ae8q.jpg\" alt=\"image-246206004_420779352989826_7576952046775645856_n\"\/><\/figure>\n\n\n\n<figure class=\"wp-block-image\"><img decoding=\"async\" src=\"https:\/\/qanunla.az\/public\/storage\/2021\/10\/media-245550759_1812587035594701_6854230314136182301_n-wlnpcx6q8z32mrh904bi.jpg\" alt=\"image-245550759_1812587035594701_6854230314136182301_n\"\/><\/figure>\n\n\n\n<figure class=\"wp-block-image\"><img decoding=\"async\" src=\"https:\/\/qanunla.az\/public\/storage\/2021\/10\/media-246268919_400839091754124_3397309188387846993_n-0aejwup9x2hybgo7f5cn.jpg\" alt=\"image-246268919_400839091754124_3397309188387846993_n\"\/><\/figure>\n\n\n\n<figure class=\"wp-block-image\"><img decoding=\"async\" src=\"https:\/\/qanunla.az\/public\/storage\/2021\/10\/media-245642600_1415892468804953_1546501303984934769_n-94jkc0a1luxp5wrhgosy.jpg\" alt=\"image-245642600_1415892468804953_1546501303984934769_n\"\/><\/figure>\n","protected":false},"excerpt":{"rendered":"<p>\u201cG\u0259ncliy\u0259 d\u0259st\u0259k\u201d \u0130ctimai Birliyi \u201cRegion k\u00f6n\u00fcll\u00fcl\u0259ri h\u0259r\u0259kat\u0131nda yeni m\u0259rh\u0259l\u0259\u201d adl\u0131 layih\u0259si \u00e7\u0259r\u00e7iv\u0259sind\u0259 \u00fc\u00e7\u00fcnc\u00fc t\u0259limini h\u0259yata ke\u00e7irib. Layih\u0259 Az\u0259rbaycan Respublikas\u0131n\u0131n G\u0259ncl\u0259r Fondunun d\u0259st\u0259yi il\u0259 h\u0259yata ke\u00e7irilir. Zerdab.com-a veril\u0259n m\u0259lumata g\u00f6r\u0259, ilk \u00f6nc\u0259 t\u0259\u015fkilat\u0131n s\u0259dr m\u00fcavini Eldar X\u0259lilov t\u0259dbiri a\u00e7\u0131q elan etdi v\u0259 \u015e\u0259hidl\u0259rimiz bir d\u0259qiq\u0259lik s\u00fckutla yad edildi. T\u0259\u015fkilat\u0131n s\u0259dri V\u0259fa X\u0259lilli Az\u0259rbaycan G\u0259ncl\u0259r Fondu, t\u0259\u015fkilat [&hellip;]<\/p>\n","protected":false},"author":1,"featured_media":29219,"comment_status":"open","ping_status":"open","sticky":false,"template":"","format":"standard","meta":{"footnotes":""},"categories":[63,5],"tags":[],"class_list":{"0":"post-29218","1":"post","2":"type-post","3":"status-publish","4":"format-standard","5":"has-post-thumbnail","7":"category-manset","8":"category-knd"},"yoast_head":"<!-- This site is optimized with the Yoast SEO plugin v27.0 - https:\/\/yoast.com\/product\/yoast-seo-wordpress\/ -->\n<title>G\u0259ncl\u0259r Fondunun d\u0259st\u0259yi il\u0259 realla\u015fd\u0131r\u0131lan layih\u0259 \u00e7\u0259r\u00e7iv\u0259sind\u0259 Z\u0259rdabda n\u00f6vb\u0259ti t\u0259lim ke\u00e7irildi - Z\u0259rdab.com<\/title>\n<meta name=\"robots\" content=\"index, follow, max-snippet:-1, max-image-preview:large, max-video-preview:-1\" \/>\n<link rel=\"canonical\" href=\"https:\/\/www.zerdab.com\/?p=29218\" \/>\n<meta property=\"og:locale\" content=\"az_AZ\" \/>\n<meta property=\"og:type\" content=\"article\" \/>\n<meta property=\"og:title\" content=\"G\u0259ncl\u0259r Fondunun d\u0259st\u0259yi il\u0259 realla\u015fd\u0131r\u0131lan layih\u0259 \u00e7\u0259r\u00e7iv\u0259sind\u0259 Z\u0259rdabda n\u00f6vb\u0259ti t\u0259lim ke\u00e7irildi - Z\u0259rdab.com\" \/>\n<meta property=\"og:description\" content=\"\u201cG\u0259ncliy\u0259 d\u0259st\u0259k\u201d \u0130ctimai Birliyi \u201cRegion k\u00f6n\u00fcll\u00fcl\u0259ri h\u0259r\u0259kat\u0131nda yeni m\u0259rh\u0259l\u0259\u201d adl\u0131 layih\u0259si \u00e7\u0259r\u00e7iv\u0259sind\u0259 \u00fc\u00e7\u00fcnc\u00fc t\u0259limini h\u0259yata ke\u00e7irib. Layih\u0259 Az\u0259rbaycan Respublikas\u0131n\u0131n G\u0259ncl\u0259r Fondunun d\u0259st\u0259yi il\u0259 h\u0259yata ke\u00e7irilir. Zerdab.com-a veril\u0259n m\u0259lumata g\u00f6r\u0259, ilk \u00f6nc\u0259 t\u0259\u015fkilat\u0131n s\u0259dr m\u00fcavini Eldar X\u0259lilov t\u0259dbiri a\u00e7\u0131q elan etdi v\u0259 \u015e\u0259hidl\u0259rimiz bir d\u0259qiq\u0259lik s\u00fckutla yad edildi. T\u0259\u015fkilat\u0131n s\u0259dri V\u0259fa X\u0259lilli Az\u0259rbaycan G\u0259ncl\u0259r Fondu, t\u0259\u015fkilat [&hellip;]\" \/>\n<meta property=\"og:url\" content=\"https:\/\/www.zerdab.com\/?p=29218\" \/>\n<meta property=\"og:site_name\" content=\"Z\u0259rdab.com\" \/>\n<meta property=\"article:published_time\" content=\"2021-10-21T11:00:24+00:00\" \/>\n<meta property=\"article:modified_time\" content=\"2021-10-21T11:02:10+00:00\" \/>\n<meta property=\"og:image\" content=\"https:\/\/www.zerdab.com\/wp-content\/uploads\/2021\/10\/gencler_fondu_gencliye-destek.jpg\" \/>\n\t<meta property=\"og:image:width\" content=\"1608\" \/>\n\t<meta property=\"og:image:height\" content=\"1080\" \/>\n\t<meta property=\"og:image:type\" content=\"image\/jpeg\" \/>\n<meta name=\"author\" content=\"admin\" \/>\n<meta name=\"twitter:card\" content=\"summary_large_image\" \/>\n<meta name=\"twitter:label1\" content=\"Written by\" \/>\n\t<meta name=\"twitter:data1\" content=\"admin\" \/>\n\t<meta name=\"twitter:label2\" content=\"Est. reading time\" \/>\n\t<meta name=\"twitter:data2\" content=\"2 minutes\" \/>\n<script type=\"application\/ld+json\" class=\"yoast-schema-graph\">{\"@context\":\"https:\/\/schema.org\",\"@graph\":[{\"@type\":\"Article\",\"@id\":\"https:\/\/www.zerdab.com\/?p=29218#article\",\"isPartOf\":{\"@id\":\"https:\/\/www.zerdab.com\/?p=29218\"},\"author\":{\"name\":\"admin\",\"@id\":\"https:\/\/www.zerdab.com\/#\/schema\/person\/97079b7570c1e89ec0d9e138c3672136\"},\"headline\":\"G\u0259ncl\u0259r Fondunun d\u0259st\u0259yi il\u0259 realla\u015fd\u0131r\u0131lan layih\u0259 \u00e7\u0259r\u00e7iv\u0259sind\u0259 Z\u0259rdabda n\u00f6vb\u0259ti t\u0259lim ke\u00e7irildi\",\"datePublished\":\"2021-10-21T11:00:24+00:00\",\"dateModified\":\"2021-10-21T11:02:10+00:00\",\"mainEntityOfPage\":{\"@id\":\"https:\/\/www.zerdab.com\/?p=29218\"},\"wordCount\":344,\"commentCount\":0,\"image\":{\"@id\":\"https:\/\/www.zerdab.com\/?p=29218#primaryimage\"},\"thumbnailUrl\":\"https:\/\/www.zerdab.com\/wp-content\/uploads\/2021\/10\/gencler_fondu_gencliye-destek.jpg\",\"articleSection\":[\"MAN\u015eET\",\"X\u018fB\u018fRL\u018fR\"],\"inLanguage\":\"az\",\"potentialAction\":[{\"@type\":\"CommentAction\",\"name\":\"Comment\",\"target\":[\"https:\/\/www.zerdab.com\/?p=29218#respond\"]}]},{\"@type\":\"WebPage\",\"@id\":\"https:\/\/www.zerdab.com\/?p=29218\",\"url\":\"https:\/\/www.zerdab.com\/?p=29218\",\"name\":\"G\u0259ncl\u0259r Fondunun d\u0259st\u0259yi il\u0259 realla\u015fd\u0131r\u0131lan layih\u0259 \u00e7\u0259r\u00e7iv\u0259sind\u0259 Z\u0259rdabda n\u00f6vb\u0259ti t\u0259lim ke\u00e7irildi - Z\u0259rdab.com\",\"isPartOf\":{\"@id\":\"https:\/\/www.zerdab.com\/#website\"},\"primaryImageOfPage\":{\"@id\":\"https:\/\/www.zerdab.com\/?p=29218#primaryimage\"},\"image\":{\"@id\":\"https:\/\/www.zerdab.com\/?p=29218#primaryimage\"},\"thumbnailUrl\":\"https:\/\/www.zerdab.com\/wp-content\/uploads\/2021\/10\/gencler_fondu_gencliye-destek.jpg\",\"datePublished\":\"2021-10-21T11:00:24+00:00\",\"dateModified\":\"2021-10-21T11:02:10+00:00\",\"author\":{\"@id\":\"https:\/\/www.zerdab.com\/#\/schema\/person\/97079b7570c1e89ec0d9e138c3672136\"},\"breadcrumb\":{\"@id\":\"https:\/\/www.zerdab.com\/?p=29218#breadcrumb\"},\"inLanguage\":\"az\",\"potentialAction\":[{\"@type\":\"ReadAction\",\"target\":[\"https:\/\/www.zerdab.com\/?p=29218\"]}]},{\"@type\":\"ImageObject\",\"inLanguage\":\"az\",\"@id\":\"https:\/\/www.zerdab.com\/?p=29218#primaryimage\",\"url\":\"https:\/\/www.zerdab.com\/wp-content\/uploads\/2021\/10\/gencler_fondu_gencliye-destek.jpg\",\"contentUrl\":\"https:\/\/www.zerdab.com\/wp-content\/uploads\/2021\/10\/gencler_fondu_gencliye-destek.jpg\",\"width\":1608,\"height\":1080,\"caption\":\"gencler_fondu_gencliye-destek\"},{\"@type\":\"BreadcrumbList\",\"@id\":\"https:\/\/www.zerdab.com\/?p=29218#breadcrumb\",\"itemListElement\":[{\"@type\":\"ListItem\",\"position\":1,\"name\":\"Home\",\"item\":\"https:\/\/www.zerdab.com\/\"},{\"@type\":\"ListItem\",\"position\":2,\"name\":\"G\u0259ncl\u0259r Fondunun d\u0259st\u0259yi il\u0259 realla\u015fd\u0131r\u0131lan layih\u0259 \u00e7\u0259r\u00e7iv\u0259sind\u0259 Z\u0259rdabda n\u00f6vb\u0259ti t\u0259lim ke\u00e7irildi\"}]},{\"@type\":\"WebSite\",\"@id\":\"https:\/\/www.zerdab.com\/#website\",\"url\":\"https:\/\/www.zerdab.com\/\",\"name\":\"Z\u0259rdab.com\",\"description\":\"\",\"potentialAction\":[{\"@type\":\"SearchAction\",\"target\":{\"@type\":\"EntryPoint\",\"urlTemplate\":\"https:\/\/www.zerdab.com\/?s={search_term_string}\"},\"query-input\":{\"@type\":\"PropertyValueSpecification\",\"valueRequired\":true,\"valueName\":\"search_term_string\"}}],\"inLanguage\":\"az\"},{\"@type\":\"Person\",\"@id\":\"https:\/\/www.zerdab.com\/#\/schema\/person\/97079b7570c1e89ec0d9e138c3672136\",\"name\":\"admin\",\"image\":{\"@type\":\"ImageObject\",\"inLanguage\":\"az\",\"@id\":\"https:\/\/www.zerdab.com\/#\/schema\/person\/image\/\",\"url\":\"https:\/\/secure.gravatar.com\/avatar\/d9c52a9a27c32119cb6679a077fa3e2779e5f822c451cbf01098004361d466ec?s=96&d=mm&r=g\",\"contentUrl\":\"https:\/\/secure.gravatar.com\/avatar\/d9c52a9a27c32119cb6679a077fa3e2779e5f822c451cbf01098004361d466ec?s=96&d=mm&r=g\",\"caption\":\"admin\"},\"url\":\"https:\/\/www.zerdab.com\/?author=1\"}]}<\/script>\n<!-- \/ Yoast SEO plugin. -->","yoast_head_json":{"title":"G\u0259ncl\u0259r Fondunun d\u0259st\u0259yi il\u0259 realla\u015fd\u0131r\u0131lan layih\u0259 \u00e7\u0259r\u00e7iv\u0259sind\u0259 Z\u0259rdabda n\u00f6vb\u0259ti t\u0259lim ke\u00e7irildi - Z\u0259rdab.com","robots":{"index":"index","follow":"follow","max-snippet":"max-snippet:-1","max-image-preview":"max-image-preview:large","max-video-preview":"max-video-preview:-1"},"canonical":"https:\/\/www.zerdab.com\/?p=29218","og_locale":"az_AZ","og_type":"article","og_title":"G\u0259ncl\u0259r Fondunun d\u0259st\u0259yi il\u0259 realla\u015fd\u0131r\u0131lan layih\u0259 \u00e7\u0259r\u00e7iv\u0259sind\u0259 Z\u0259rdabda n\u00f6vb\u0259ti t\u0259lim ke\u00e7irildi - Z\u0259rdab.com","og_description":"\u201cG\u0259ncliy\u0259 d\u0259st\u0259k\u201d \u0130ctimai Birliyi \u201cRegion k\u00f6n\u00fcll\u00fcl\u0259ri h\u0259r\u0259kat\u0131nda yeni m\u0259rh\u0259l\u0259\u201d adl\u0131 layih\u0259si \u00e7\u0259r\u00e7iv\u0259sind\u0259 \u00fc\u00e7\u00fcnc\u00fc t\u0259limini h\u0259yata ke\u00e7irib. Layih\u0259 Az\u0259rbaycan Respublikas\u0131n\u0131n G\u0259ncl\u0259r Fondunun d\u0259st\u0259yi il\u0259 h\u0259yata ke\u00e7irilir. Zerdab.com-a veril\u0259n m\u0259lumata g\u00f6r\u0259, ilk \u00f6nc\u0259 t\u0259\u015fkilat\u0131n s\u0259dr m\u00fcavini Eldar X\u0259lilov t\u0259dbiri a\u00e7\u0131q elan etdi v\u0259 \u015e\u0259hidl\u0259rimiz bir d\u0259qiq\u0259lik s\u00fckutla yad edildi. T\u0259\u015fkilat\u0131n s\u0259dri V\u0259fa X\u0259lilli Az\u0259rbaycan G\u0259ncl\u0259r Fondu, t\u0259\u015fkilat [&hellip;]","og_url":"https:\/\/www.zerdab.com\/?p=29218","og_site_name":"Z\u0259rdab.com","article_published_time":"2021-10-21T11:00:24+00:00","article_modified_time":"2021-10-21T11:02:10+00:00","og_image":[{"width":1608,"height":1080,"url":"https:\/\/www.zerdab.com\/wp-content\/uploads\/2021\/10\/gencler_fondu_gencliye-destek.jpg","type":"image\/jpeg"}],"author":"admin","twitter_card":"summary_large_image","twitter_misc":{"Written by":"admin","Est. reading time":"2 minutes"},"schema":{"@context":"https:\/\/schema.org","@graph":[{"@type":"Article","@id":"https:\/\/www.zerdab.com\/?p=29218#article","isPartOf":{"@id":"https:\/\/www.zerdab.com\/?p=29218"},"author":{"name":"admin","@id":"https:\/\/www.zerdab.com\/#\/schema\/person\/97079b7570c1e89ec0d9e138c3672136"},"headline":"G\u0259ncl\u0259r Fondunun d\u0259st\u0259yi il\u0259 realla\u015fd\u0131r\u0131lan layih\u0259 \u00e7\u0259r\u00e7iv\u0259sind\u0259 Z\u0259rdabda n\u00f6vb\u0259ti t\u0259lim ke\u00e7irildi","datePublished":"2021-10-21T11:00:24+00:00","dateModified":"2021-10-21T11:02:10+00:00","mainEntityOfPage":{"@id":"https:\/\/www.zerdab.com\/?p=29218"},"wordCount":344,"commentCount":0,"image":{"@id":"https:\/\/www.zerdab.com\/?p=29218#primaryimage"},"thumbnailUrl":"https:\/\/www.zerdab.com\/wp-content\/uploads\/2021\/10\/gencler_fondu_gencliye-destek.jpg","articleSection":["MAN\u015eET","X\u018fB\u018fRL\u018fR"],"inLanguage":"az","potentialAction":[{"@type":"CommentAction","name":"Comment","target":["https:\/\/www.zerdab.com\/?p=29218#respond"]}]},{"@type":"WebPage","@id":"https:\/\/www.zerdab.com\/?p=29218","url":"https:\/\/www.zerdab.com\/?p=29218","name":"G\u0259ncl\u0259r Fondunun d\u0259st\u0259yi il\u0259 realla\u015fd\u0131r\u0131lan layih\u0259 \u00e7\u0259r\u00e7iv\u0259sind\u0259 Z\u0259rdabda n\u00f6vb\u0259ti t\u0259lim ke\u00e7irildi - Z\u0259rdab.com","isPartOf":{"@id":"https:\/\/www.zerdab.com\/#website"},"primaryImageOfPage":{"@id":"https:\/\/www.zerdab.com\/?p=29218#primaryimage"},"image":{"@id":"https:\/\/www.zerdab.com\/?p=29218#primaryimage"},"thumbnailUrl":"https:\/\/www.zerdab.com\/wp-content\/uploads\/2021\/10\/gencler_fondu_gencliye-destek.jpg","datePublished":"2021-10-21T11:00:24+00:00","dateModified":"2021-10-21T11:02:10+00:00","author":{"@id":"https:\/\/www.zerdab.com\/#\/schema\/person\/97079b7570c1e89ec0d9e138c3672136"},"breadcrumb":{"@id":"https:\/\/www.zerdab.com\/?p=29218#breadcrumb"},"inLanguage":"az","potentialAction":[{"@type":"ReadAction","target":["https:\/\/www.zerdab.com\/?p=29218"]}]},{"@type":"ImageObject","inLanguage":"az","@id":"https:\/\/www.zerdab.com\/?p=29218#primaryimage","url":"https:\/\/www.zerdab.com\/wp-content\/uploads\/2021\/10\/gencler_fondu_gencliye-destek.jpg","contentUrl":"https:\/\/www.zerdab.com\/wp-content\/uploads\/2021\/10\/gencler_fondu_gencliye-destek.jpg","width":1608,"height":1080,"caption":"gencler_fondu_gencliye-destek"},{"@type":"BreadcrumbList","@id":"https:\/\/www.zerdab.com\/?p=29218#breadcrumb","itemListElement":[{"@type":"ListItem","position":1,"name":"Home","item":"https:\/\/www.zerdab.com\/"},{"@type":"ListItem","position":2,"name":"G\u0259ncl\u0259r Fondunun d\u0259st\u0259yi il\u0259 realla\u015fd\u0131r\u0131lan layih\u0259 \u00e7\u0259r\u00e7iv\u0259sind\u0259 Z\u0259rdabda n\u00f6vb\u0259ti t\u0259lim ke\u00e7irildi"}]},{"@type":"WebSite","@id":"https:\/\/www.zerdab.com\/#website","url":"https:\/\/www.zerdab.com\/","name":"Z\u0259rdab.com","description":"","potentialAction":[{"@type":"SearchAction","target":{"@type":"EntryPoint","urlTemplate":"https:\/\/www.zerdab.com\/?s={search_term_string}"},"query-input":{"@type":"PropertyValueSpecification","valueRequired":true,"valueName":"search_term_string"}}],"inLanguage":"az"},{"@type":"Person","@id":"https:\/\/www.zerdab.com\/#\/schema\/person\/97079b7570c1e89ec0d9e138c3672136","name":"admin","image":{"@type":"ImageObject","inLanguage":"az","@id":"https:\/\/www.zerdab.com\/#\/schema\/person\/image\/","url":"https:\/\/secure.gravatar.com\/avatar\/d9c52a9a27c32119cb6679a077fa3e2779e5f822c451cbf01098004361d466ec?s=96&d=mm&r=g","contentUrl":"https:\/\/secure.gravatar.com\/avatar\/d9c52a9a27c32119cb6679a077fa3e2779e5f822c451cbf01098004361d466ec?s=96&d=mm&r=g","caption":"admin"},"url":"https:\/\/www.zerdab.com\/?author=1"}]}},"_links":{"self":[{"href":"https:\/\/www.zerdab.com\/index.php?rest_route=\/wp\/v2\/posts\/29218","targetHints":{"allow":["GET"]}}],"collection":[{"href":"https:\/\/www.zerdab.com\/index.php?rest_route=\/wp\/v2\/posts"}],"about":[{"href":"https:\/\/www.zerdab.com\/index.php?rest_route=\/wp\/v2\/types\/post"}],"author":[{"embeddable":true,"href":"https:\/\/www.zerdab.com\/index.php?rest_route=\/wp\/v2\/users\/1"}],"replies":[{"embeddable":true,"href":"https:\/\/www.zerdab.com\/index.php?rest_route=%2Fwp%2Fv2%2Fcomments&post=29218"}],"version-history":[{"count":2,"href":"https:\/\/www.zerdab.com\/index.php?rest_route=\/wp\/v2\/posts\/29218\/revisions"}],"predecessor-version":[{"id":29222,"href":"https:\/\/www.zerdab.com\/index.php?rest_route=\/wp\/v2\/posts\/29218\/revisions\/29222"}],"wp:featuredmedia":[{"embeddable":true,"href":"https:\/\/www.zerdab.com\/index.php?rest_route=\/wp\/v2\/media\/29219"}],"wp:attachment":[{"href":"https:\/\/www.zerdab.com\/index.php?rest_route=%2Fwp%2Fv2%2Fmedia&parent=29218"}],"wp:term":[{"taxonomy":"category","embeddable":true,"href":"https:\/\/www.zerdab.com\/index.php?rest_route=%2Fwp%2Fv2%2Fcategories&post=29218"},{"taxonomy":"post_tag","embeddable":true,"href":"https:\/\/www.zerdab.com\/index.php?rest_route=%2Fwp%2Fv2%2Ftags&post=29218"}],"curies":[{"name":"wp","href":"https:\/\/api.w.org\/{rel}","templated":true}]}}