{"id":29260,"date":"2021-10-22T18:22:02","date_gmt":"2021-10-22T14:22:02","guid":{"rendered":"http:\/\/www.zerdab.com\/?p=29260"},"modified":"2021-10-22T18:22:43","modified_gmt":"2021-10-22T14:22:43","slug":"s%c9%99hid-mayor-r%c9%99him-huseynovun-h%c9%99yat-yoldasi-bu-q%c9%99biristanliqda-d%c9%99fn-olundu-fotolar","status":"publish","type":"post","link":"https:\/\/www.zerdab.com\/?p=29260","title":{"rendered":"\u015e\u0259hid mayor R\u0259him H\u00fcseynovun h\u0259yat yolda\u015f\u0131 bu q\u0259biristanl\u0131qda d\u0259fn olundu &#8211; FOTOLAR"},"content":{"rendered":"\n<p><strong>D\u00fcn\u0259n K\u00fcrd\u0259mir rayonunda idar\u0259 etdiyi ma\u015f\u0131n\u0131 a\u015f\u0131raraq q\u0259zada h\u0259lak olan \u015f\u0259hid xan\u0131m\u0131 G\u00fcnel \u018fl\u0259sg\u0259rova d\u0259fn edilib.<\/strong><\/p>\n\n\n\n<p><strong>Zerdab.com<\/strong> sayt\u0131 qafqazinfo-ya istinad\u0259n x\u0259b\u0259r verir ki, \u015f\u0259hid mayor R\u0259him H\u00fcseynovun h\u0259yat yolda\u015f\u0131 G. \u018fl\u0259sg\u0259rova X\u0259z\u0259r rayonu \u015e\u00fcv\u0259lan q\u0259s\u0259b\u0259sind\u0259 yerl\u0259\u015f\u0259n q\u0259biristanl\u0131qda torpa\u011fa tap\u015f\u0131r\u0131l\u0131b. \u015e\u0259hidin h\u0259yat yolda\u015f\u0131 babas\u0131, n\u0259n\u0259si v\u0259 day\u0131s\u0131n\u0131n m\u0259zar\u0131n\u0131n yan\u0131nda d\u0259fn edilib.<\/p>\n\n\n\n<p>Yax\u0131nlar\u0131n\u0131n bildirdiyin\u0259 g\u00f6r\u0259, G\u00fcnel \u018fl\u0259sg\u0259rova il\u0259 birg\u0259 ma\u015f\u0131nda olan v\u0259 hadis\u0259 yerind\u0259 h\u0259lak olan Emin Ta\u011f\u0131yev polkovnik olub. O, \u015f\u0259hid R\u0259him H\u00fcseynovun yax\u0131n dostu olub.\u00a0<\/p>\n\n\n\n<p>Onlar \u015f\u0259hidin ild\u00f6n\u00fcm\u00fc \u0259r\u0259f\u0259sind\u0259 Z\u0259rdab rayonunda ke\u00e7iril\u0259n an\u0131m m\u0259rasimind\u0259 i\u015ftirak etm\u0259k \u00fc\u00e7\u00fcn rayona gedirmi\u015fl\u0259r. \u015e\u0259hid R. H\u00fcseynovun sonbe\u015fiyi olan o\u011flu da ma\u015f\u0131nda olub. Q\u0259za n\u0259tic\u0259sind\u0259 o da x\u0259sar\u0259tl\u0259r alsa da, haz\u0131rda v\u0259ziyy\u0259ti yax\u015f\u0131d\u0131r.&nbsp;&nbsp;<\/p>\n\n\n\n<p>Hadis\u0259d\u0259n bir g\u00fcn \u0259vv\u0259l is\u0259 Bak\u0131da \u015f\u0259hid R\u0259him H\u00fcseynovun an\u0131m m\u0259rasimi ke\u00e7irilib.<\/p>\n\n\n\n<p>\u0130lkin ehtimala g\u00f6r\u0259, q\u0259za G. \u018fl\u0259sg\u0259rovan\u0131n ma\u015f\u0131n\u0131 y\u00fcks\u0259k s\u00fcr\u0259tl\u0259 idar\u0259 etm\u0259si n\u0259tic\u0259sind\u0259 ba\u015f verib.<\/p>\n\n\n\n<p>Qeyd ed\u0259k ki, mayor R\u0259him H\u00fcseynov \u00f6t\u0259n il oktyabr\u0131n 20-d\u0259 Qubadl\u0131 d\u00f6y\u00fc\u015fl\u0259ri zaman\u0131 \u015f\u0259hid olub. II F\u0259xri Xiyabanda d\u0259fn olunub. O, \u00f6l\u00fcm\u00fcnd\u0259n sonra &#8220;Qaraba\u011f&#8221; ordeni, &#8220;V\u0259t\u0259n u\u011frunda&#8221;, &#8220;C\u0259bray\u0131l\u0131n azad olunmas\u0131na g\u00f6r\u0259&#8221; v\u0259 &#8220;Qubadl\u0131n\u0131n azad olunmas\u0131na g\u00f6r\u0259&#8221; medallar\u0131 il\u0259 t\u0259ltif edilib.<\/p>\n\n\n\n<p>R\u0259him H\u00fcseynov v\u0259 G\u00fcnel \u018fl\u0259sg\u0259rovan\u0131n 3 azya\u015fl\u0131 \u00f6vlad\u0131 olub.<\/p>\n\n\n\n<p><strong>Murad \u018fhm\u0259d<\/strong><\/p>\n\n\n\n<p><strong>P\u0259rvin Zeynal<\/strong><\/p>\n\n\n\n<figure class=\"wp-block-image\"><img decoding=\"async\" src=\"https:\/\/qafqazinfo.az\/uploads\/1634905210\/3.jpg\" alt=\"\"\/><\/figure>\n\n\n\n<figure class=\"wp-block-image\"><img decoding=\"async\" src=\"https:\/\/qafqazinfo.az\/uploads\/1634905210\/4.jpg\" alt=\"\"\/><\/figure>\n\n\n\n<figure class=\"wp-block-image\"><img decoding=\"async\" src=\"https:\/\/qafqazinfo.az\/uploads\/1634874472\/qz2.jpg\" alt=\"\u015e\u0259hid xan\u0131m\u0131n\u0131n \u00f6ld\u00fcy\u00fc q\u0259zan\u0131n g\u00f6r\u00fcnt\u00fcl\u0259ri\"\/><\/figure>\n\n\n\n<figure class=\"wp-block-image\"><img decoding=\"async\" src=\"https:\/\/qafqazinfo.az\/uploads\/1634874523\/qz1.jpg\" alt=\"\"\/><\/figure>\n\n\n\n<figure class=\"wp-block-image\"><img decoding=\"async\" src=\"https:\/\/qafqazinfo.az\/uploads\/1634874523\/qz3.jpg\" alt=\"\"\/><\/figure>\n\n\n\n<figure class=\"wp-block-image\"><img decoding=\"async\" src=\"https:\/\/qafqazinfo.az\/uploads\/1634874523\/azz.jpg\" alt=\"\"\/><\/figure>\n\n\n\n<figure class=\"wp-block-image\"><img decoding=\"async\" src=\"https:\/\/konkret.az\/cloud\/uploads\/2021\/10\/sehidinxanimi.jpg\" alt=\"\" class=\"wp-image-209914\"\/><\/figure>\n","protected":false},"excerpt":{"rendered":"<p>D\u00fcn\u0259n K\u00fcrd\u0259mir rayonunda idar\u0259 etdiyi ma\u015f\u0131n\u0131 a\u015f\u0131raraq q\u0259zada h\u0259lak olan \u015f\u0259hid xan\u0131m\u0131 G\u00fcnel \u018fl\u0259sg\u0259rova d\u0259fn edilib. Zerdab.com sayt\u0131 qafqazinfo-ya istinad\u0259n x\u0259b\u0259r verir ki, \u015f\u0259hid mayor R\u0259him H\u00fcseynovun h\u0259yat yolda\u015f\u0131 G. \u018fl\u0259sg\u0259rova X\u0259z\u0259r rayonu \u015e\u00fcv\u0259lan q\u0259s\u0259b\u0259sind\u0259 yerl\u0259\u015f\u0259n q\u0259biristanl\u0131qda torpa\u011fa tap\u015f\u0131r\u0131l\u0131b. \u015e\u0259hidin h\u0259yat yolda\u015f\u0131 babas\u0131, n\u0259n\u0259si v\u0259 day\u0131s\u0131n\u0131n m\u0259zar\u0131n\u0131n yan\u0131nda d\u0259fn edilib. Yax\u0131nlar\u0131n\u0131n bildirdiyin\u0259 g\u00f6r\u0259, G\u00fcnel \u018fl\u0259sg\u0259rova [&hellip;]<\/p>\n","protected":false},"author":1,"featured_media":29261,"comment_status":"open","ping_status":"open","sticky":false,"template":"","format":"standard","meta":{"footnotes":""},"categories":[63,5],"tags":[],"class_list":{"0":"post-29260","1":"post","2":"type-post","3":"status-publish","4":"format-standard","5":"has-post-thumbnail","7":"category-manset","8":"category-knd"},"yoast_head":"<!-- This site is optimized with the Yoast SEO plugin v27.0 - https:\/\/yoast.com\/product\/yoast-seo-wordpress\/ -->\n<title>\u015e\u0259hid mayor R\u0259him H\u00fcseynovun h\u0259yat yolda\u015f\u0131 bu q\u0259biristanl\u0131qda d\u0259fn olundu - FOTOLAR - Z\u0259rdab.com<\/title>\n<meta name=\"robots\" content=\"index, follow, max-snippet:-1, max-image-preview:large, max-video-preview:-1\" \/>\n<link rel=\"canonical\" href=\"https:\/\/www.zerdab.com\/?p=29260\" \/>\n<meta property=\"og:locale\" content=\"az_AZ\" \/>\n<meta property=\"og:type\" content=\"article\" \/>\n<meta property=\"og:title\" content=\"\u015e\u0259hid mayor R\u0259him H\u00fcseynovun h\u0259yat yolda\u015f\u0131 bu q\u0259biristanl\u0131qda d\u0259fn olundu - FOTOLAR - Z\u0259rdab.com\" \/>\n<meta property=\"og:description\" content=\"D\u00fcn\u0259n K\u00fcrd\u0259mir rayonunda idar\u0259 etdiyi ma\u015f\u0131n\u0131 a\u015f\u0131raraq q\u0259zada h\u0259lak olan \u015f\u0259hid xan\u0131m\u0131 G\u00fcnel \u018fl\u0259sg\u0259rova d\u0259fn edilib. Zerdab.com sayt\u0131 qafqazinfo-ya istinad\u0259n x\u0259b\u0259r verir ki, \u015f\u0259hid mayor R\u0259him H\u00fcseynovun h\u0259yat yolda\u015f\u0131 G. \u018fl\u0259sg\u0259rova X\u0259z\u0259r rayonu \u015e\u00fcv\u0259lan q\u0259s\u0259b\u0259sind\u0259 yerl\u0259\u015f\u0259n q\u0259biristanl\u0131qda torpa\u011fa tap\u015f\u0131r\u0131l\u0131b. \u015e\u0259hidin h\u0259yat yolda\u015f\u0131 babas\u0131, n\u0259n\u0259si v\u0259 day\u0131s\u0131n\u0131n m\u0259zar\u0131n\u0131n yan\u0131nda d\u0259fn edilib. Yax\u0131nlar\u0131n\u0131n bildirdiyin\u0259 g\u00f6r\u0259, G\u00fcnel \u018fl\u0259sg\u0259rova [&hellip;]\" \/>\n<meta property=\"og:url\" content=\"https:\/\/www.zerdab.com\/?p=29260\" \/>\n<meta property=\"og:site_name\" content=\"Z\u0259rdab.com\" \/>\n<meta property=\"article:published_time\" content=\"2021-10-22T14:22:02+00:00\" \/>\n<meta property=\"article:modified_time\" content=\"2021-10-22T14:22:43+00:00\" \/>\n<meta property=\"og:image\" content=\"https:\/\/www.zerdab.com\/wp-content\/uploads\/2021\/10\/rehim-huseynovun-heyat-yoldasi.jpg\" \/>\n\t<meta property=\"og:image:width\" content=\"637\" \/>\n\t<meta property=\"og:image:height\" content=\"400\" \/>\n\t<meta property=\"og:image:type\" content=\"image\/jpeg\" \/>\n<meta name=\"author\" content=\"admin\" \/>\n<meta name=\"twitter:card\" content=\"summary_large_image\" \/>\n<meta name=\"twitter:label1\" content=\"Written by\" \/>\n\t<meta name=\"twitter:data1\" content=\"admin\" \/>\n\t<meta name=\"twitter:label2\" content=\"Est. reading time\" \/>\n\t<meta name=\"twitter:data2\" content=\"2 minutes\" \/>\n<script type=\"application\/ld+json\" class=\"yoast-schema-graph\">{\"@context\":\"https:\/\/schema.org\",\"@graph\":[{\"@type\":\"Article\",\"@id\":\"https:\/\/www.zerdab.com\/?p=29260#article\",\"isPartOf\":{\"@id\":\"https:\/\/www.zerdab.com\/?p=29260\"},\"author\":{\"name\":\"admin\",\"@id\":\"https:\/\/www.zerdab.com\/#\/schema\/person\/97079b7570c1e89ec0d9e138c3672136\"},\"headline\":\"\u015e\u0259hid mayor R\u0259him H\u00fcseynovun h\u0259yat yolda\u015f\u0131 bu q\u0259biristanl\u0131qda d\u0259fn olundu &#8211; FOTOLAR\",\"datePublished\":\"2021-10-22T14:22:02+00:00\",\"dateModified\":\"2021-10-22T14:22:43+00:00\",\"mainEntityOfPage\":{\"@id\":\"https:\/\/www.zerdab.com\/?p=29260\"},\"wordCount\":351,\"commentCount\":0,\"image\":{\"@id\":\"https:\/\/www.zerdab.com\/?p=29260#primaryimage\"},\"thumbnailUrl\":\"https:\/\/www.zerdab.com\/wp-content\/uploads\/2021\/10\/rehim-huseynovun-heyat-yoldasi.jpg\",\"articleSection\":[\"MAN\u015eET\",\"X\u018fB\u018fRL\u018fR\"],\"inLanguage\":\"az\",\"potentialAction\":[{\"@type\":\"CommentAction\",\"name\":\"Comment\",\"target\":[\"https:\/\/www.zerdab.com\/?p=29260#respond\"]}]},{\"@type\":\"WebPage\",\"@id\":\"https:\/\/www.zerdab.com\/?p=29260\",\"url\":\"https:\/\/www.zerdab.com\/?p=29260\",\"name\":\"\u015e\u0259hid mayor R\u0259him H\u00fcseynovun h\u0259yat yolda\u015f\u0131 bu q\u0259biristanl\u0131qda d\u0259fn olundu - FOTOLAR - Z\u0259rdab.com\",\"isPartOf\":{\"@id\":\"https:\/\/www.zerdab.com\/#website\"},\"primaryImageOfPage\":{\"@id\":\"https:\/\/www.zerdab.com\/?p=29260#primaryimage\"},\"image\":{\"@id\":\"https:\/\/www.zerdab.com\/?p=29260#primaryimage\"},\"thumbnailUrl\":\"https:\/\/www.zerdab.com\/wp-content\/uploads\/2021\/10\/rehim-huseynovun-heyat-yoldasi.jpg\",\"datePublished\":\"2021-10-22T14:22:02+00:00\",\"dateModified\":\"2021-10-22T14:22:43+00:00\",\"author\":{\"@id\":\"https:\/\/www.zerdab.com\/#\/schema\/person\/97079b7570c1e89ec0d9e138c3672136\"},\"breadcrumb\":{\"@id\":\"https:\/\/www.zerdab.com\/?p=29260#breadcrumb\"},\"inLanguage\":\"az\",\"potentialAction\":[{\"@type\":\"ReadAction\",\"target\":[\"https:\/\/www.zerdab.com\/?p=29260\"]}]},{\"@type\":\"ImageObject\",\"inLanguage\":\"az\",\"@id\":\"https:\/\/www.zerdab.com\/?p=29260#primaryimage\",\"url\":\"https:\/\/www.zerdab.com\/wp-content\/uploads\/2021\/10\/rehim-huseynovun-heyat-yoldasi.jpg\",\"contentUrl\":\"https:\/\/www.zerdab.com\/wp-content\/uploads\/2021\/10\/rehim-huseynovun-heyat-yoldasi.jpg\",\"width\":637,\"height\":400},{\"@type\":\"BreadcrumbList\",\"@id\":\"https:\/\/www.zerdab.com\/?p=29260#breadcrumb\",\"itemListElement\":[{\"@type\":\"ListItem\",\"position\":1,\"name\":\"Home\",\"item\":\"https:\/\/www.zerdab.com\/\"},{\"@type\":\"ListItem\",\"position\":2,\"name\":\"\u015e\u0259hid mayor R\u0259him H\u00fcseynovun h\u0259yat yolda\u015f\u0131 bu q\u0259biristanl\u0131qda d\u0259fn olundu &#8211; FOTOLAR\"}]},{\"@type\":\"WebSite\",\"@id\":\"https:\/\/www.zerdab.com\/#website\",\"url\":\"https:\/\/www.zerdab.com\/\",\"name\":\"Z\u0259rdab.com\",\"description\":\"\",\"potentialAction\":[{\"@type\":\"SearchAction\",\"target\":{\"@type\":\"EntryPoint\",\"urlTemplate\":\"https:\/\/www.zerdab.com\/?s={search_term_string}\"},\"query-input\":{\"@type\":\"PropertyValueSpecification\",\"valueRequired\":true,\"valueName\":\"search_term_string\"}}],\"inLanguage\":\"az\"},{\"@type\":\"Person\",\"@id\":\"https:\/\/www.zerdab.com\/#\/schema\/person\/97079b7570c1e89ec0d9e138c3672136\",\"name\":\"admin\",\"image\":{\"@type\":\"ImageObject\",\"inLanguage\":\"az\",\"@id\":\"https:\/\/www.zerdab.com\/#\/schema\/person\/image\/\",\"url\":\"https:\/\/secure.gravatar.com\/avatar\/d9c52a9a27c32119cb6679a077fa3e2779e5f822c451cbf01098004361d466ec?s=96&d=mm&r=g\",\"contentUrl\":\"https:\/\/secure.gravatar.com\/avatar\/d9c52a9a27c32119cb6679a077fa3e2779e5f822c451cbf01098004361d466ec?s=96&d=mm&r=g\",\"caption\":\"admin\"},\"url\":\"https:\/\/www.zerdab.com\/?author=1\"}]}<\/script>\n<!-- \/ Yoast SEO plugin. -->","yoast_head_json":{"title":"\u015e\u0259hid mayor R\u0259him H\u00fcseynovun h\u0259yat yolda\u015f\u0131 bu q\u0259biristanl\u0131qda d\u0259fn olundu - FOTOLAR - Z\u0259rdab.com","robots":{"index":"index","follow":"follow","max-snippet":"max-snippet:-1","max-image-preview":"max-image-preview:large","max-video-preview":"max-video-preview:-1"},"canonical":"https:\/\/www.zerdab.com\/?p=29260","og_locale":"az_AZ","og_type":"article","og_title":"\u015e\u0259hid mayor R\u0259him H\u00fcseynovun h\u0259yat yolda\u015f\u0131 bu q\u0259biristanl\u0131qda d\u0259fn olundu - FOTOLAR - Z\u0259rdab.com","og_description":"D\u00fcn\u0259n K\u00fcrd\u0259mir rayonunda idar\u0259 etdiyi ma\u015f\u0131n\u0131 a\u015f\u0131raraq q\u0259zada h\u0259lak olan \u015f\u0259hid xan\u0131m\u0131 G\u00fcnel \u018fl\u0259sg\u0259rova d\u0259fn edilib. Zerdab.com sayt\u0131 qafqazinfo-ya istinad\u0259n x\u0259b\u0259r verir ki, \u015f\u0259hid mayor R\u0259him H\u00fcseynovun h\u0259yat yolda\u015f\u0131 G. \u018fl\u0259sg\u0259rova X\u0259z\u0259r rayonu \u015e\u00fcv\u0259lan q\u0259s\u0259b\u0259sind\u0259 yerl\u0259\u015f\u0259n q\u0259biristanl\u0131qda torpa\u011fa tap\u015f\u0131r\u0131l\u0131b. \u015e\u0259hidin h\u0259yat yolda\u015f\u0131 babas\u0131, n\u0259n\u0259si v\u0259 day\u0131s\u0131n\u0131n m\u0259zar\u0131n\u0131n yan\u0131nda d\u0259fn edilib. Yax\u0131nlar\u0131n\u0131n bildirdiyin\u0259 g\u00f6r\u0259, G\u00fcnel \u018fl\u0259sg\u0259rova [&hellip;]","og_url":"https:\/\/www.zerdab.com\/?p=29260","og_site_name":"Z\u0259rdab.com","article_published_time":"2021-10-22T14:22:02+00:00","article_modified_time":"2021-10-22T14:22:43+00:00","og_image":[{"width":637,"height":400,"url":"https:\/\/www.zerdab.com\/wp-content\/uploads\/2021\/10\/rehim-huseynovun-heyat-yoldasi.jpg","type":"image\/jpeg"}],"author":"admin","twitter_card":"summary_large_image","twitter_misc":{"Written by":"admin","Est. reading time":"2 minutes"},"schema":{"@context":"https:\/\/schema.org","@graph":[{"@type":"Article","@id":"https:\/\/www.zerdab.com\/?p=29260#article","isPartOf":{"@id":"https:\/\/www.zerdab.com\/?p=29260"},"author":{"name":"admin","@id":"https:\/\/www.zerdab.com\/#\/schema\/person\/97079b7570c1e89ec0d9e138c3672136"},"headline":"\u015e\u0259hid mayor R\u0259him H\u00fcseynovun h\u0259yat yolda\u015f\u0131 bu q\u0259biristanl\u0131qda d\u0259fn olundu &#8211; FOTOLAR","datePublished":"2021-10-22T14:22:02+00:00","dateModified":"2021-10-22T14:22:43+00:00","mainEntityOfPage":{"@id":"https:\/\/www.zerdab.com\/?p=29260"},"wordCount":351,"commentCount":0,"image":{"@id":"https:\/\/www.zerdab.com\/?p=29260#primaryimage"},"thumbnailUrl":"https:\/\/www.zerdab.com\/wp-content\/uploads\/2021\/10\/rehim-huseynovun-heyat-yoldasi.jpg","articleSection":["MAN\u015eET","X\u018fB\u018fRL\u018fR"],"inLanguage":"az","potentialAction":[{"@type":"CommentAction","name":"Comment","target":["https:\/\/www.zerdab.com\/?p=29260#respond"]}]},{"@type":"WebPage","@id":"https:\/\/www.zerdab.com\/?p=29260","url":"https:\/\/www.zerdab.com\/?p=29260","name":"\u015e\u0259hid mayor R\u0259him H\u00fcseynovun h\u0259yat yolda\u015f\u0131 bu q\u0259biristanl\u0131qda d\u0259fn olundu - FOTOLAR - Z\u0259rdab.com","isPartOf":{"@id":"https:\/\/www.zerdab.com\/#website"},"primaryImageOfPage":{"@id":"https:\/\/www.zerdab.com\/?p=29260#primaryimage"},"image":{"@id":"https:\/\/www.zerdab.com\/?p=29260#primaryimage"},"thumbnailUrl":"https:\/\/www.zerdab.com\/wp-content\/uploads\/2021\/10\/rehim-huseynovun-heyat-yoldasi.jpg","datePublished":"2021-10-22T14:22:02+00:00","dateModified":"2021-10-22T14:22:43+00:00","author":{"@id":"https:\/\/www.zerdab.com\/#\/schema\/person\/97079b7570c1e89ec0d9e138c3672136"},"breadcrumb":{"@id":"https:\/\/www.zerdab.com\/?p=29260#breadcrumb"},"inLanguage":"az","potentialAction":[{"@type":"ReadAction","target":["https:\/\/www.zerdab.com\/?p=29260"]}]},{"@type":"ImageObject","inLanguage":"az","@id":"https:\/\/www.zerdab.com\/?p=29260#primaryimage","url":"https:\/\/www.zerdab.com\/wp-content\/uploads\/2021\/10\/rehim-huseynovun-heyat-yoldasi.jpg","contentUrl":"https:\/\/www.zerdab.com\/wp-content\/uploads\/2021\/10\/rehim-huseynovun-heyat-yoldasi.jpg","width":637,"height":400},{"@type":"BreadcrumbList","@id":"https:\/\/www.zerdab.com\/?p=29260#breadcrumb","itemListElement":[{"@type":"ListItem","position":1,"name":"Home","item":"https:\/\/www.zerdab.com\/"},{"@type":"ListItem","position":2,"name":"\u015e\u0259hid mayor R\u0259him H\u00fcseynovun h\u0259yat yolda\u015f\u0131 bu q\u0259biristanl\u0131qda d\u0259fn olundu &#8211; FOTOLAR"}]},{"@type":"WebSite","@id":"https:\/\/www.zerdab.com\/#website","url":"https:\/\/www.zerdab.com\/","name":"Z\u0259rdab.com","description":"","potentialAction":[{"@type":"SearchAction","target":{"@type":"EntryPoint","urlTemplate":"https:\/\/www.zerdab.com\/?s={search_term_string}"},"query-input":{"@type":"PropertyValueSpecification","valueRequired":true,"valueName":"search_term_string"}}],"inLanguage":"az"},{"@type":"Person","@id":"https:\/\/www.zerdab.com\/#\/schema\/person\/97079b7570c1e89ec0d9e138c3672136","name":"admin","image":{"@type":"ImageObject","inLanguage":"az","@id":"https:\/\/www.zerdab.com\/#\/schema\/person\/image\/","url":"https:\/\/secure.gravatar.com\/avatar\/d9c52a9a27c32119cb6679a077fa3e2779e5f822c451cbf01098004361d466ec?s=96&d=mm&r=g","contentUrl":"https:\/\/secure.gravatar.com\/avatar\/d9c52a9a27c32119cb6679a077fa3e2779e5f822c451cbf01098004361d466ec?s=96&d=mm&r=g","caption":"admin"},"url":"https:\/\/www.zerdab.com\/?author=1"}]}},"_links":{"self":[{"href":"https:\/\/www.zerdab.com\/index.php?rest_route=\/wp\/v2\/posts\/29260","targetHints":{"allow":["GET"]}}],"collection":[{"href":"https:\/\/www.zerdab.com\/index.php?rest_route=\/wp\/v2\/posts"}],"about":[{"href":"https:\/\/www.zerdab.com\/index.php?rest_route=\/wp\/v2\/types\/post"}],"author":[{"embeddable":true,"href":"https:\/\/www.zerdab.com\/index.php?rest_route=\/wp\/v2\/users\/1"}],"replies":[{"embeddable":true,"href":"https:\/\/www.zerdab.com\/index.php?rest_route=%2Fwp%2Fv2%2Fcomments&post=29260"}],"version-history":[{"count":2,"href":"https:\/\/www.zerdab.com\/index.php?rest_route=\/wp\/v2\/posts\/29260\/revisions"}],"predecessor-version":[{"id":29263,"href":"https:\/\/www.zerdab.com\/index.php?rest_route=\/wp\/v2\/posts\/29260\/revisions\/29263"}],"wp:featuredmedia":[{"embeddable":true,"href":"https:\/\/www.zerdab.com\/index.php?rest_route=\/wp\/v2\/media\/29261"}],"wp:attachment":[{"href":"https:\/\/www.zerdab.com\/index.php?rest_route=%2Fwp%2Fv2%2Fmedia&parent=29260"}],"wp:term":[{"taxonomy":"category","embeddable":true,"href":"https:\/\/www.zerdab.com\/index.php?rest_route=%2Fwp%2Fv2%2Fcategories&post=29260"},{"taxonomy":"post_tag","embeddable":true,"href":"https:\/\/www.zerdab.com\/index.php?rest_route=%2Fwp%2Fv2%2Ftags&post=29260"}],"curies":[{"name":"wp","href":"https:\/\/api.w.org\/{rel}","templated":true}]}}