{"id":29342,"date":"2021-12-17T16:11:41","date_gmt":"2021-12-17T12:11:41","guid":{"rendered":"http:\/\/www.zerdab.com\/?p=29342"},"modified":"2021-12-17T16:11:41","modified_gmt":"2021-12-17T12:11:41","slug":"%c9%99haliy%c9%99-sad-x%c9%99b%c9%99r-prezident-bu-qurumlarda-calisanlarin-maasini-20-faiz-artirdi","status":"publish","type":"post","link":"https:\/\/www.zerdab.com\/?p=29342","title":{"rendered":"\u018fhaliy\u0259 \u015eAD X\u018fB\u018fR &#8211; Prezident bu qurumlarda \u00e7al\u0131\u015fanlar\u0131n maa\u015f\u0131n\u0131 20 faiz art\u0131rd\u0131"},"content":{"rendered":"<p><strong>Prezident \u0130lham \u018fliyev minimum ayl\u0131q \u0259m\u0259khaqq\u0131n\u0131n m\u0259bl\u0259\u011finin art\u0131r\u0131lmas\u0131 v\u0259 \u201cMinimum ayl\u0131q \u0259m\u0259khaqq\u0131n\u0131n art\u0131r\u0131lmas\u0131 haqq\u0131nda\u201d Az\u0259rbaycan Respublikas\u0131 Prezidentinin 2019-cu il 18 iyun tarixli 1265 n\u00f6mr\u0259li S\u0259r\u0259ncam\u0131nda d\u0259yi\u015fiklik edilm\u0259si bar\u0259d\u0259 s\u0259r\u0259ncam imzalay\u0131b.<\/strong><\/p>\n<p><strong>Zerdab.com<\/strong>\u00a0x\u0259b\u0259r verir ki, s\u0259r\u0259ncama \u0259sas\u0259n, minimum ayl\u0131q \u0259m\u0259khaqq\u0131n\u0131n m\u0259bl\u0259\u011fi 2022-ci il yanvar\u0131n 1-d\u0259n 300 manat m\u00fc\u0259yy\u0259n edilib.<\/p>\n<p>Prezident \u0130lham \u018fliyev \u201cD\u00f6vl\u0259t \u00fcmumi t\u0259hsil m\u00fc\u0259ssis\u0259l\u0259rind\u0259 \u00e7al\u0131\u015fan, bilik v\u0259 bacar\u0131qlar\u0131n\u0131n diaqnostik qiym\u0259tl\u0259ndirilm\u0259si apar\u0131lm\u0131\u015f m\u00fc\u0259lliml\u0259rin, o c\u00fcml\u0259d\u0259n h\u0259min m\u00fc\u0259ssis\u0259l\u0259rin direktor v\u0259 direktor m\u00fcavinl\u0259rinin, habel\u0259 g\u0259ncl\u0259rin \u00e7a\u011f\u0131r\u0131\u015faq\u0259d\u0259rki haz\u0131rl\u0131q r\u0259hb\u0259rl\u0259rinin \u0259m\u0259khaqlar\u0131n\u0131n art\u0131r\u0131lmas\u0131 haqq\u0131nda\u201d s\u0259r\u0259ncam imzalay\u0131b.<\/p>\n<p>S\u0259r\u0259ncama \u0259sas\u0259n, 2022-ci il yanvar\u0131n 1-d\u0259n Az\u0259rbaycan Respublikas\u0131n\u0131n d\u00f6vl\u0259t b\u00fcdc\u0259sind\u0259n maliyy\u0259l\u0259\u015f\u0259n d\u00f6vl\u0259t \u00fcmumi t\u0259hsil m\u00fc\u0259ssis\u0259l\u0259rind\u0259 \u00e7al\u0131\u015fan, bilik v\u0259 bacar\u0131qlar\u0131n\u0131n diaqnostik qiym\u0259tl\u0259ndirilm\u0259si apar\u0131lm\u0131\u015f m\u00fc\u0259lliml\u0259rin, h\u0259min m\u00fc\u0259ssis\u0259l\u0259rin direktor v\u0259 direktor m\u00fcavinl\u0259rinin ayl\u0131q v\u0259zif\u0259 maa\u015flar\u0131 orta hesabla 20 faiz, g\u0259ncl\u0259rin \u00e7a\u011f\u0131r\u0131\u015faq\u0259d\u0259rki haz\u0131rl\u0131q r\u0259hb\u0259rl\u0259rinin ayl\u0131q v\u0259zif\u0259 maa\u015flar\u0131 orta hesabla 40 faiz art\u0131r\u0131l\u0131r.<\/p>\n<p>Az\u0259rbaycan Prezidenti \u0130lham \u018fliyev d\u00f6vl\u0259t pe\u015f\u0259 t\u0259hsili m\u00fc\u0259ssis\u0259l\u0259rind\u0259 \u00e7al\u0131\u015fan, bilik v\u0259 bacar\u0131qlar\u0131n\u0131n diaqnostik qiym\u0259tl\u0259ndirilm\u0259si apar\u0131lm\u0131\u015f m\u00fc\u0259lliml\u0259rin, o c\u00fcml\u0259d\u0259n g\u0259ncl\u0259rin \u00e7a\u011f\u0131r\u0131\u015faq\u0259d\u0259rki haz\u0131rl\u0131q v\u0259 fiziki t\u0259rbiy\u0259 r\u0259hb\u0259rl\u0259rinin, idar\u0259etm\u0259 v\u0259 t\u0259lim f\u0259aliyy\u0259ti il\u0259 m\u0259\u015f\u011ful olan i\u015f\u00e7il\u0259rin \u0259m\u0259khaqlar\u0131n\u0131n art\u0131r\u0131lmas\u0131 haqq\u0131nda s\u0259r\u0259ncam imzalay\u0131b.<\/p>\n<p>2022-ci il yanvar\u0131n 1-d\u0259n d\u00f6vl\u0259t b\u00fcdc\u0259sind\u0259n maliyy\u0259l\u0259\u015f\u0259n d\u00f6vl\u0259t pe\u015f\u0259 t\u0259hsili m\u00fc\u0259ssis\u0259l\u0259rind\u0259 \u00e7al\u0131\u015fan, bilik v\u0259 bacar\u0131qlar\u0131n\u0131n diaqnostik qiym\u0259tl\u0259ndirilm\u0259si apar\u0131lm\u0131\u015f m\u00fc\u0259lliml\u0259rin, idar\u0259etm\u0259 v\u0259 t\u0259lim f\u0259aliyy\u0259ti il\u0259 m\u0259\u015f\u011ful olan i\u015f\u00e7il\u0259rin ayl\u0131q v\u0259zif\u0259 maa\u015flar\u0131 orta hesabla 20 faiz, fiziki t\u0259rbiy\u0259 r\u0259hb\u0259rl\u0259rinin ayl\u0131q v\u0259zif\u0259 maa\u015flar\u0131 orta hesabla 30 faiz, g\u0259ncl\u0259rin \u00e7a\u011f\u0131r\u0131\u015faq\u0259d\u0259rki haz\u0131rl\u0131q r\u0259hb\u0259rl\u0259rinin ayl\u0131q v\u0259zif\u0259 maa\u015flar\u0131 orta hesabla 40 faiz art\u0131r\u0131l\u0131b.<\/p>\n<p>Nazirl\u0259r Kabineti bu S\u0259r\u0259ncamdan ir\u0259li g\u0259l\u0259n m\u0259s\u0259l\u0259l\u0259ri h\u0259ll ed\u0259c\u0259k.<\/p>\n<p><strong>Az\u0259rbaycan Prezidenti \u0130lham \u018fliyev d\u00f6vl\u0259t b\u00fcdc\u0259sind\u0259n maliyy\u0259l\u0259\u015f\u0259n bir s\u0131ra t\u0259\u015fkilatlarda \u00e7al\u0131\u015fan i\u015f\u00e7il\u0259rin \u0259m\u0259khaqlar\u0131n\u0131n art\u0131r\u0131lmas\u0131 haqq\u0131nda da s\u0259r\u0259ncam imzalay\u0131b.\u00a0<\/strong><\/p>\n<p>S\u0259r\u0259ncamda deyilir:<\/p>\n<p>1. Az\u0259rbaycan Respublikas\u0131n\u0131n d\u00f6vl\u0259t b\u00fcdc\u0259sind\u0259n maliyy\u0259l\u0259\u015f\u0259n a\u015fa\u011f\u0131dak\u0131 t\u0259\u015fkilatlarda \u00e7al\u0131\u015fan r\u0259hb\u0259r v\u0259 dig\u0259r i\u015f\u00e7il\u0259rin ayl\u0131q v\u0259zif\u0259 maa\u015flar\u0131 2022-ci il yanvar\u0131n 1-d\u0259n orta hesabla 20 faiz art\u0131r\u0131ls\u0131n:<\/p>\n<p>1.1. Az\u0259rbaycan Milli Elml\u0259r Akademiyas\u0131n\u0131n R\u0259yas\u0259t Hey\u0259ti v\u0259 Aparat\u0131, G\u0259nc\u0259 b\u00f6lm\u0259sinin Aparat\u0131;<\/p>\n<p>1.2. Heyd\u0259r \u018fliyev M\u0259rk\u0259zi;<\/p>\n<p>1.3. \u201cAz\u0259rbaycan Milli Ensiklopediyas\u0131\u201d Elmi M\u0259rk\u0259zi;<\/p>\n<p>1.4. Az\u0259rbaycanda Atat\u00fcrk M\u0259rk\u0259zi;<\/p>\n<p>1.5. Az\u0259rbaycan Respublikas\u0131n\u0131n d\u00f6vl\u0259t arxivl\u0259ri v\u0259 onlar\u0131n filiallar\u0131, rayon (\u015f\u0259h\u0259r) d\u00f6vl\u0259t arxivl\u0259ri;<\/p>\n<p>1.6. Az\u0259rbaycan Respublikas\u0131n\u0131n Narkomanl\u0131\u011fa v\u0259 Narkotik Vasit\u0259l\u0259rin Qanunsuz D\u00f6vriyy\u0259sin\u0259 Qar\u015f\u0131 M\u00fcbariz\u0259 \u00fczr\u0259 D\u00f6vl\u0259t Komissiyas\u0131n\u0131n daimi f\u0259aliyy\u0259t g\u00f6st\u0259r\u0259n \u0130\u015f\u00e7i Qrupu;<\/p>\n<p>1.7. Bak\u0131 Beyn\u0259lxalq Multikulturalizm M\u0259rk\u0259zi;<\/p>\n<p>1.8. Az\u0259rbaycan Respublikas\u0131n\u0131n Prezidenti yan\u0131nda Elmin \u0130nki\u015faf\u0131 Fondu;<\/p>\n<p>1.9. Az\u0259rbaycan Respublikas\u0131 K\u0259nd T\u0259s\u0259rr\u00fcfat\u0131 Nazirliyinin Aqrar \u0130nnovasiya M\u0259rk\u0259zinin Aparat\u0131;<\/p>\n<p>1.10. Az\u0259rbaycan Respublikas\u0131n\u0131n Maliyy\u0259 Nazirliyi yan\u0131nda Maliyy\u0259 Elm-T\u0259dris M\u0259rk\u0259zi;<\/p>\n<p>1.11. Az\u0259rbaycan Respublikas\u0131 M\u0259d\u0259niyy\u0259t Nazirliyinin M\u0259d\u0259niyy\u0259t \u00fczr\u0259 Elmi-Metodiki v\u0259 \u0130xtisasart\u0131rma M\u0259rk\u0259zi;<\/p>\n<p>1.12. Az\u0259rbaycan Respublikas\u0131 M\u0259d\u0259niyy\u0259t Nazirliyinin D\u00f6vl\u0259t Film Fondu;<\/p>\n<p>1.13. Az\u0259rbaycan Respublikas\u0131 M\u0259d\u0259niyy\u0259t Nazirliyinin tabeliyind\u0259 f\u0259aliyy\u0259t g\u00f6st\u0259r\u0259n Quba \u015f\u0259h\u0259rind\u0259 \u201cSoyq\u0131r\u0131m\u0131 memorial kompleksi\u201d;<\/p>\n<p>1.14. Az\u0259rbaycan Respublikas\u0131 M\u00fcdafi\u0259 S\u0259nayesi Nazirliyinin Milli Aerokosmik Agentliyinin Aparat\u0131;<\/p>\n<p>1.15. Az\u0259rbaycan Respublikas\u0131 S\u0259hiyy\u0259 Nazirliyinin M\u0259hk\u0259m\u0259 \u2013 Tibbi Ekspertiza v\u0259 Patoloji Anatomiya Birliyi v\u0259 M\u0259hk\u0259m\u0259 Psixiatrik Ekspertiza M\u0259rk\u0259zi;<\/p>\n<p>1.16. Az\u0259rbaycan Respublikas\u0131 T\u0259hsil Nazirliyinin \u018frazi Maliyy\u0259 Hesabla\u015fma M\u0259rk\u0259zi;<\/p>\n<p>1.17. Az\u0259rbaycan Respublikas\u0131 D\u00f6vl\u0259t Turizm Agentliyinin Milli Kulinariya M\u0259rk\u0259zi;<\/p>\n<p>1.18. Az\u0259rbaycan Respublikas\u0131 Dini Qurumlarla \u0130\u015f \u00fczr\u0259 D\u00f6vl\u0259t Komit\u0259sinin tabeliyind\u0259 M\u0259n\u0259vi D\u0259y\u0259rl\u0259rin T\u0259bli\u011fi Fondu;<\/p>\n<p>1.19. Bak\u0131 \u015e\u0259h\u0259r \u0130cra Hakimiyy\u0259tinin tabeliyind\u0259ki Bak\u0131 \u015e\u0259h\u0259r M\u0259kt\u0259b\u0259q\u0259d\u0259r T\u0259hsil M\u00fc\u0259ssis\u0259l\u0259ri v\u0259 U\u015faq Evl\u0259ri \u0130dar\u0259si;<\/p>\n<p>1.20. icra hakimiyy\u0259ti orqanlar\u0131n\u0131n n\u0259zdind\u0259ki m\u0259rk\u0259zl\u0259\u015fdirilmi\u015f m\u00fchasibatl\u0131q.<\/p>\n<p>2. Az\u0259rbaycan Respublikas\u0131n\u0131n Nazirl\u0259r Kabineti:<\/p>\n<p>2.1. bu S\u0259r\u0259ncam\u0131n 1-ci hiss\u0259sind\u0259 n\u0259z\u0259rd\u0259 tutulan qurumlarda \u00e7al\u0131\u015fan r\u0259hb\u0259r v\u0259 dig\u0259r i\u015f\u00e7il\u0259rin v\u0259zif\u0259 maa\u015flar\u0131n\u0131n yeni m\u0259bl\u0259\u011fl\u0259rini t\u0259sdiq etsin;<\/p>\n<p>2.2. bu S\u0259r\u0259ncamdan ir\u0259li g\u0259l\u0259n dig\u0259r m\u0259s\u0259l\u0259l\u0259ri h\u0259ll etsin.<\/p>\n","protected":false},"excerpt":{"rendered":"<p>Prezident \u0130lham \u018fliyev minimum ayl\u0131q \u0259m\u0259khaqq\u0131n\u0131n m\u0259bl\u0259\u011finin art\u0131r\u0131lmas\u0131 v\u0259 \u201cMinimum ayl\u0131q \u0259m\u0259khaqq\u0131n\u0131n art\u0131r\u0131lmas\u0131 haqq\u0131nda\u201d Az\u0259rbaycan Respublikas\u0131 Prezidentinin 2019-cu il 18 iyun tarixli 1265 n\u00f6mr\u0259li S\u0259r\u0259ncam\u0131nda d\u0259yi\u015fiklik edilm\u0259si bar\u0259d\u0259 s\u0259r\u0259ncam imzalay\u0131b. Zerdab.com\u00a0x\u0259b\u0259r verir ki, s\u0259r\u0259ncama \u0259sas\u0259n, minimum ayl\u0131q \u0259m\u0259khaqq\u0131n\u0131n m\u0259bl\u0259\u011fi 2022-ci il yanvar\u0131n 1-d\u0259n 300 manat m\u00fc\u0259yy\u0259n edilib. Prezident \u0130lham \u018fliyev \u201cD\u00f6vl\u0259t \u00fcmumi t\u0259hsil m\u00fc\u0259ssis\u0259l\u0259rind\u0259 \u00e7al\u0131\u015fan, [&hellip;]<\/p>\n","protected":false},"author":1,"featured_media":26772,"comment_status":"open","ping_status":"open","sticky":false,"template":"","format":"standard","meta":{"footnotes":""},"categories":[63,5],"tags":[],"class_list":{"0":"post-29342","1":"post","2":"type-post","3":"status-publish","4":"format-standard","5":"has-post-thumbnail","7":"category-manset","8":"category-knd"},"yoast_head":"<!-- This site is optimized with the Yoast SEO plugin v27.0 - https:\/\/yoast.com\/product\/yoast-seo-wordpress\/ -->\n<title>\u018fhaliy\u0259 \u015eAD X\u018fB\u018fR - Prezident bu qurumlarda \u00e7al\u0131\u015fanlar\u0131n maa\u015f\u0131n\u0131 20 faiz art\u0131rd\u0131 - Z\u0259rdab.com<\/title>\n<meta name=\"robots\" content=\"index, follow, max-snippet:-1, max-image-preview:large, max-video-preview:-1\" \/>\n<link rel=\"canonical\" href=\"https:\/\/www.zerdab.com\/?p=29342\" \/>\n<meta property=\"og:locale\" content=\"az_AZ\" \/>\n<meta property=\"og:type\" content=\"article\" \/>\n<meta property=\"og:title\" content=\"\u018fhaliy\u0259 \u015eAD X\u018fB\u018fR - Prezident bu qurumlarda \u00e7al\u0131\u015fanlar\u0131n maa\u015f\u0131n\u0131 20 faiz art\u0131rd\u0131 - Z\u0259rdab.com\" \/>\n<meta property=\"og:description\" content=\"Prezident \u0130lham \u018fliyev minimum ayl\u0131q \u0259m\u0259khaqq\u0131n\u0131n m\u0259bl\u0259\u011finin art\u0131r\u0131lmas\u0131 v\u0259 \u201cMinimum ayl\u0131q \u0259m\u0259khaqq\u0131n\u0131n art\u0131r\u0131lmas\u0131 haqq\u0131nda\u201d Az\u0259rbaycan Respublikas\u0131 Prezidentinin 2019-cu il 18 iyun tarixli 1265 n\u00f6mr\u0259li S\u0259r\u0259ncam\u0131nda d\u0259yi\u015fiklik edilm\u0259si bar\u0259d\u0259 s\u0259r\u0259ncam imzalay\u0131b. Zerdab.com\u00a0x\u0259b\u0259r verir ki, s\u0259r\u0259ncama \u0259sas\u0259n, minimum ayl\u0131q \u0259m\u0259khaqq\u0131n\u0131n m\u0259bl\u0259\u011fi 2022-ci il yanvar\u0131n 1-d\u0259n 300 manat m\u00fc\u0259yy\u0259n edilib. Prezident \u0130lham \u018fliyev \u201cD\u00f6vl\u0259t \u00fcmumi t\u0259hsil m\u00fc\u0259ssis\u0259l\u0259rind\u0259 \u00e7al\u0131\u015fan, [&hellip;]\" \/>\n<meta property=\"og:url\" content=\"https:\/\/www.zerdab.com\/?p=29342\" \/>\n<meta property=\"og:site_name\" content=\"Z\u0259rdab.com\" \/>\n<meta property=\"article:published_time\" content=\"2021-12-17T12:11:41+00:00\" \/>\n<meta property=\"og:image\" content=\"https:\/\/www.zerdab.com\/wp-content\/uploads\/2019\/04\/prezident-serencam-ilham-eliyev-ferman.jpg\" \/>\n\t<meta property=\"og:image:width\" content=\"1276\" \/>\n\t<meta property=\"og:image:height\" content=\"748\" \/>\n\t<meta property=\"og:image:type\" content=\"image\/jpeg\" \/>\n<meta name=\"author\" content=\"admin\" \/>\n<meta name=\"twitter:card\" content=\"summary_large_image\" \/>\n<meta name=\"twitter:label1\" content=\"Written by\" \/>\n\t<meta name=\"twitter:data1\" content=\"admin\" \/>\n\t<meta name=\"twitter:label2\" content=\"Est. reading time\" \/>\n\t<meta name=\"twitter:data2\" content=\"5 minutes\" \/>\n<script type=\"application\/ld+json\" class=\"yoast-schema-graph\">{\"@context\":\"https:\/\/schema.org\",\"@graph\":[{\"@type\":\"Article\",\"@id\":\"https:\/\/www.zerdab.com\/?p=29342#article\",\"isPartOf\":{\"@id\":\"https:\/\/www.zerdab.com\/?p=29342\"},\"author\":{\"name\":\"admin\",\"@id\":\"https:\/\/www.zerdab.com\/#\/schema\/person\/97079b7570c1e89ec0d9e138c3672136\"},\"headline\":\"\u018fhaliy\u0259 \u015eAD X\u018fB\u018fR &#8211; Prezident bu qurumlarda \u00e7al\u0131\u015fanlar\u0131n maa\u015f\u0131n\u0131 20 faiz art\u0131rd\u0131\",\"datePublished\":\"2021-12-17T12:11:41+00:00\",\"mainEntityOfPage\":{\"@id\":\"https:\/\/www.zerdab.com\/?p=29342\"},\"wordCount\":1004,\"commentCount\":0,\"image\":{\"@id\":\"https:\/\/www.zerdab.com\/?p=29342#primaryimage\"},\"thumbnailUrl\":\"https:\/\/www.zerdab.com\/wp-content\/uploads\/2019\/04\/prezident-serencam-ilham-eliyev-ferman.jpg\",\"articleSection\":[\"MAN\u015eET\",\"X\u018fB\u018fRL\u018fR\"],\"inLanguage\":\"az\",\"potentialAction\":[{\"@type\":\"CommentAction\",\"name\":\"Comment\",\"target\":[\"https:\/\/www.zerdab.com\/?p=29342#respond\"]}]},{\"@type\":\"WebPage\",\"@id\":\"https:\/\/www.zerdab.com\/?p=29342\",\"url\":\"https:\/\/www.zerdab.com\/?p=29342\",\"name\":\"\u018fhaliy\u0259 \u015eAD X\u018fB\u018fR - Prezident bu qurumlarda \u00e7al\u0131\u015fanlar\u0131n maa\u015f\u0131n\u0131 20 faiz art\u0131rd\u0131 - Z\u0259rdab.com\",\"isPartOf\":{\"@id\":\"https:\/\/www.zerdab.com\/#website\"},\"primaryImageOfPage\":{\"@id\":\"https:\/\/www.zerdab.com\/?p=29342#primaryimage\"},\"image\":{\"@id\":\"https:\/\/www.zerdab.com\/?p=29342#primaryimage\"},\"thumbnailUrl\":\"https:\/\/www.zerdab.com\/wp-content\/uploads\/2019\/04\/prezident-serencam-ilham-eliyev-ferman.jpg\",\"datePublished\":\"2021-12-17T12:11:41+00:00\",\"author\":{\"@id\":\"https:\/\/www.zerdab.com\/#\/schema\/person\/97079b7570c1e89ec0d9e138c3672136\"},\"breadcrumb\":{\"@id\":\"https:\/\/www.zerdab.com\/?p=29342#breadcrumb\"},\"inLanguage\":\"az\",\"potentialAction\":[{\"@type\":\"ReadAction\",\"target\":[\"https:\/\/www.zerdab.com\/?p=29342\"]}]},{\"@type\":\"ImageObject\",\"inLanguage\":\"az\",\"@id\":\"https:\/\/www.zerdab.com\/?p=29342#primaryimage\",\"url\":\"https:\/\/www.zerdab.com\/wp-content\/uploads\/2019\/04\/prezident-serencam-ilham-eliyev-ferman.jpg\",\"contentUrl\":\"https:\/\/www.zerdab.com\/wp-content\/uploads\/2019\/04\/prezident-serencam-ilham-eliyev-ferman.jpg\",\"width\":1276,\"height\":748,\"caption\":\"prezident-serencam-ilham-eliyev-ferman\"},{\"@type\":\"BreadcrumbList\",\"@id\":\"https:\/\/www.zerdab.com\/?p=29342#breadcrumb\",\"itemListElement\":[{\"@type\":\"ListItem\",\"position\":1,\"name\":\"Home\",\"item\":\"https:\/\/www.zerdab.com\/\"},{\"@type\":\"ListItem\",\"position\":2,\"name\":\"\u018fhaliy\u0259 \u015eAD X\u018fB\u018fR &#8211; Prezident bu qurumlarda \u00e7al\u0131\u015fanlar\u0131n maa\u015f\u0131n\u0131 20 faiz art\u0131rd\u0131\"}]},{\"@type\":\"WebSite\",\"@id\":\"https:\/\/www.zerdab.com\/#website\",\"url\":\"https:\/\/www.zerdab.com\/\",\"name\":\"Z\u0259rdab.com\",\"description\":\"\",\"potentialAction\":[{\"@type\":\"SearchAction\",\"target\":{\"@type\":\"EntryPoint\",\"urlTemplate\":\"https:\/\/www.zerdab.com\/?s={search_term_string}\"},\"query-input\":{\"@type\":\"PropertyValueSpecification\",\"valueRequired\":true,\"valueName\":\"search_term_string\"}}],\"inLanguage\":\"az\"},{\"@type\":\"Person\",\"@id\":\"https:\/\/www.zerdab.com\/#\/schema\/person\/97079b7570c1e89ec0d9e138c3672136\",\"name\":\"admin\",\"image\":{\"@type\":\"ImageObject\",\"inLanguage\":\"az\",\"@id\":\"https:\/\/www.zerdab.com\/#\/schema\/person\/image\/\",\"url\":\"https:\/\/secure.gravatar.com\/avatar\/d9c52a9a27c32119cb6679a077fa3e2779e5f822c451cbf01098004361d466ec?s=96&d=mm&r=g\",\"contentUrl\":\"https:\/\/secure.gravatar.com\/avatar\/d9c52a9a27c32119cb6679a077fa3e2779e5f822c451cbf01098004361d466ec?s=96&d=mm&r=g\",\"caption\":\"admin\"},\"url\":\"https:\/\/www.zerdab.com\/?author=1\"}]}<\/script>\n<!-- \/ Yoast SEO plugin. -->","yoast_head_json":{"title":"\u018fhaliy\u0259 \u015eAD X\u018fB\u018fR - Prezident bu qurumlarda \u00e7al\u0131\u015fanlar\u0131n maa\u015f\u0131n\u0131 20 faiz art\u0131rd\u0131 - Z\u0259rdab.com","robots":{"index":"index","follow":"follow","max-snippet":"max-snippet:-1","max-image-preview":"max-image-preview:large","max-video-preview":"max-video-preview:-1"},"canonical":"https:\/\/www.zerdab.com\/?p=29342","og_locale":"az_AZ","og_type":"article","og_title":"\u018fhaliy\u0259 \u015eAD X\u018fB\u018fR - Prezident bu qurumlarda \u00e7al\u0131\u015fanlar\u0131n maa\u015f\u0131n\u0131 20 faiz art\u0131rd\u0131 - Z\u0259rdab.com","og_description":"Prezident \u0130lham \u018fliyev minimum ayl\u0131q \u0259m\u0259khaqq\u0131n\u0131n m\u0259bl\u0259\u011finin art\u0131r\u0131lmas\u0131 v\u0259 \u201cMinimum ayl\u0131q \u0259m\u0259khaqq\u0131n\u0131n art\u0131r\u0131lmas\u0131 haqq\u0131nda\u201d Az\u0259rbaycan Respublikas\u0131 Prezidentinin 2019-cu il 18 iyun tarixli 1265 n\u00f6mr\u0259li S\u0259r\u0259ncam\u0131nda d\u0259yi\u015fiklik edilm\u0259si bar\u0259d\u0259 s\u0259r\u0259ncam imzalay\u0131b. Zerdab.com\u00a0x\u0259b\u0259r verir ki, s\u0259r\u0259ncama \u0259sas\u0259n, minimum ayl\u0131q \u0259m\u0259khaqq\u0131n\u0131n m\u0259bl\u0259\u011fi 2022-ci il yanvar\u0131n 1-d\u0259n 300 manat m\u00fc\u0259yy\u0259n edilib. Prezident \u0130lham \u018fliyev \u201cD\u00f6vl\u0259t \u00fcmumi t\u0259hsil m\u00fc\u0259ssis\u0259l\u0259rind\u0259 \u00e7al\u0131\u015fan, [&hellip;]","og_url":"https:\/\/www.zerdab.com\/?p=29342","og_site_name":"Z\u0259rdab.com","article_published_time":"2021-12-17T12:11:41+00:00","og_image":[{"width":1276,"height":748,"url":"https:\/\/www.zerdab.com\/wp-content\/uploads\/2019\/04\/prezident-serencam-ilham-eliyev-ferman.jpg","type":"image\/jpeg"}],"author":"admin","twitter_card":"summary_large_image","twitter_misc":{"Written by":"admin","Est. reading time":"5 minutes"},"schema":{"@context":"https:\/\/schema.org","@graph":[{"@type":"Article","@id":"https:\/\/www.zerdab.com\/?p=29342#article","isPartOf":{"@id":"https:\/\/www.zerdab.com\/?p=29342"},"author":{"name":"admin","@id":"https:\/\/www.zerdab.com\/#\/schema\/person\/97079b7570c1e89ec0d9e138c3672136"},"headline":"\u018fhaliy\u0259 \u015eAD X\u018fB\u018fR &#8211; Prezident bu qurumlarda \u00e7al\u0131\u015fanlar\u0131n maa\u015f\u0131n\u0131 20 faiz art\u0131rd\u0131","datePublished":"2021-12-17T12:11:41+00:00","mainEntityOfPage":{"@id":"https:\/\/www.zerdab.com\/?p=29342"},"wordCount":1004,"commentCount":0,"image":{"@id":"https:\/\/www.zerdab.com\/?p=29342#primaryimage"},"thumbnailUrl":"https:\/\/www.zerdab.com\/wp-content\/uploads\/2019\/04\/prezident-serencam-ilham-eliyev-ferman.jpg","articleSection":["MAN\u015eET","X\u018fB\u018fRL\u018fR"],"inLanguage":"az","potentialAction":[{"@type":"CommentAction","name":"Comment","target":["https:\/\/www.zerdab.com\/?p=29342#respond"]}]},{"@type":"WebPage","@id":"https:\/\/www.zerdab.com\/?p=29342","url":"https:\/\/www.zerdab.com\/?p=29342","name":"\u018fhaliy\u0259 \u015eAD X\u018fB\u018fR - Prezident bu qurumlarda \u00e7al\u0131\u015fanlar\u0131n maa\u015f\u0131n\u0131 20 faiz art\u0131rd\u0131 - Z\u0259rdab.com","isPartOf":{"@id":"https:\/\/www.zerdab.com\/#website"},"primaryImageOfPage":{"@id":"https:\/\/www.zerdab.com\/?p=29342#primaryimage"},"image":{"@id":"https:\/\/www.zerdab.com\/?p=29342#primaryimage"},"thumbnailUrl":"https:\/\/www.zerdab.com\/wp-content\/uploads\/2019\/04\/prezident-serencam-ilham-eliyev-ferman.jpg","datePublished":"2021-12-17T12:11:41+00:00","author":{"@id":"https:\/\/www.zerdab.com\/#\/schema\/person\/97079b7570c1e89ec0d9e138c3672136"},"breadcrumb":{"@id":"https:\/\/www.zerdab.com\/?p=29342#breadcrumb"},"inLanguage":"az","potentialAction":[{"@type":"ReadAction","target":["https:\/\/www.zerdab.com\/?p=29342"]}]},{"@type":"ImageObject","inLanguage":"az","@id":"https:\/\/www.zerdab.com\/?p=29342#primaryimage","url":"https:\/\/www.zerdab.com\/wp-content\/uploads\/2019\/04\/prezident-serencam-ilham-eliyev-ferman.jpg","contentUrl":"https:\/\/www.zerdab.com\/wp-content\/uploads\/2019\/04\/prezident-serencam-ilham-eliyev-ferman.jpg","width":1276,"height":748,"caption":"prezident-serencam-ilham-eliyev-ferman"},{"@type":"BreadcrumbList","@id":"https:\/\/www.zerdab.com\/?p=29342#breadcrumb","itemListElement":[{"@type":"ListItem","position":1,"name":"Home","item":"https:\/\/www.zerdab.com\/"},{"@type":"ListItem","position":2,"name":"\u018fhaliy\u0259 \u015eAD X\u018fB\u018fR &#8211; Prezident bu qurumlarda \u00e7al\u0131\u015fanlar\u0131n maa\u015f\u0131n\u0131 20 faiz art\u0131rd\u0131"}]},{"@type":"WebSite","@id":"https:\/\/www.zerdab.com\/#website","url":"https:\/\/www.zerdab.com\/","name":"Z\u0259rdab.com","description":"","potentialAction":[{"@type":"SearchAction","target":{"@type":"EntryPoint","urlTemplate":"https:\/\/www.zerdab.com\/?s={search_term_string}"},"query-input":{"@type":"PropertyValueSpecification","valueRequired":true,"valueName":"search_term_string"}}],"inLanguage":"az"},{"@type":"Person","@id":"https:\/\/www.zerdab.com\/#\/schema\/person\/97079b7570c1e89ec0d9e138c3672136","name":"admin","image":{"@type":"ImageObject","inLanguage":"az","@id":"https:\/\/www.zerdab.com\/#\/schema\/person\/image\/","url":"https:\/\/secure.gravatar.com\/avatar\/d9c52a9a27c32119cb6679a077fa3e2779e5f822c451cbf01098004361d466ec?s=96&d=mm&r=g","contentUrl":"https:\/\/secure.gravatar.com\/avatar\/d9c52a9a27c32119cb6679a077fa3e2779e5f822c451cbf01098004361d466ec?s=96&d=mm&r=g","caption":"admin"},"url":"https:\/\/www.zerdab.com\/?author=1"}]}},"_links":{"self":[{"href":"https:\/\/www.zerdab.com\/index.php?rest_route=\/wp\/v2\/posts\/29342","targetHints":{"allow":["GET"]}}],"collection":[{"href":"https:\/\/www.zerdab.com\/index.php?rest_route=\/wp\/v2\/posts"}],"about":[{"href":"https:\/\/www.zerdab.com\/index.php?rest_route=\/wp\/v2\/types\/post"}],"author":[{"embeddable":true,"href":"https:\/\/www.zerdab.com\/index.php?rest_route=\/wp\/v2\/users\/1"}],"replies":[{"embeddable":true,"href":"https:\/\/www.zerdab.com\/index.php?rest_route=%2Fwp%2Fv2%2Fcomments&post=29342"}],"version-history":[{"count":2,"href":"https:\/\/www.zerdab.com\/index.php?rest_route=\/wp\/v2\/posts\/29342\/revisions"}],"predecessor-version":[{"id":29344,"href":"https:\/\/www.zerdab.com\/index.php?rest_route=\/wp\/v2\/posts\/29342\/revisions\/29344"}],"wp:featuredmedia":[{"embeddable":true,"href":"https:\/\/www.zerdab.com\/index.php?rest_route=\/wp\/v2\/media\/26772"}],"wp:attachment":[{"href":"https:\/\/www.zerdab.com\/index.php?rest_route=%2Fwp%2Fv2%2Fmedia&parent=29342"}],"wp:term":[{"taxonomy":"category","embeddable":true,"href":"https:\/\/www.zerdab.com\/index.php?rest_route=%2Fwp%2Fv2%2Fcategories&post=29342"},{"taxonomy":"post_tag","embeddable":true,"href":"https:\/\/www.zerdab.com\/index.php?rest_route=%2Fwp%2Fv2%2Ftags&post=29342"}],"curies":[{"name":"wp","href":"https:\/\/api.w.org\/{rel}","templated":true}]}}