{"id":29504,"date":"2022-02-12T15:59:47","date_gmt":"2022-02-12T11:59:47","guid":{"rendered":"http:\/\/www.zerdab.com\/?p=29504"},"modified":"2022-02-12T16:05:34","modified_gmt":"2022-02-12T12:05:34","slug":"m%c9%99rdan-camalzad%c9%99-ilkin-%c9%99liyev-savadli-eyni-zamanda-t%c9%99crub%c9%99li-g%c9%99nc-kadrdir-yeni-s%c9%99dr-ictimaiyy%c9%99t%c9%99-t%c9%99qdim-olundu","status":"publish","type":"post","link":"https:\/\/www.zerdab.com\/?p=29504","title":{"rendered":"M\u0259rdan Camalzad\u0259: &#8220;\u0130lkin \u018fliyev savadl\u0131, eyni zamanda t\u0259cr\u00fcb\u0259li g\u0259nc kadrd\u0131r&#8221; &#8211; Yeni s\u0259dr ictimaiyy\u0259t\u0259 t\u0259qdim olundu"},"content":{"rendered":"<div>\n<div class=\"\" dir=\"auto\">\n<div id=\"jsc_c_22w\" class=\"ecm0bbzt hv4rvrfc ihqw7lf3 dati1w0a\" data-ad-comet-preview=\"message\" data-ad-preview=\"message\">\n<div class=\"j83agx80 cbu4d94t ew0dbk1b irj2b8pg\">\n<div class=\"qzhwtbm6 knvmm38d\">\n<div class=\"kvgmc6g5 cxmmr5t8 oygrvhab hcukyx3x c1et5uql ii04i59q\">\n<div dir=\"auto\">Z\u0259rdab Rayon \u0130cra Hakimiyy\u0259tinin ba\u015f\u00e7\u0131s\u0131\u00a0M\u0259rdan Camalzad\u0259 YAP Z\u0259rdab rayon t\u0259\u015fkilat\u0131n\u0131n yeni s\u0259dri\u00a0\u0130lkin \u018fliyevi rayon ictimaiyy\u0259tinin n\u00fcmay\u0259nd\u0259l\u0259rin\u0259 t\u0259qdim edib.<\/div>\n<\/div>\n<div class=\"cxmmr5t8 oygrvhab hcukyx3x c1et5uql o9v6fnle ii04i59q\">\n<div dir=\"auto\"><a class=\"oajrlxb2 g5ia77u1 qu0x051f esr5mh6w e9989ue4 r7d6kgcz rq0escxv nhd2j8a9 nc684nl6 p7hjln8o kvgmc6g5 cxmmr5t8 oygrvhab hcukyx3x jb3vyjys rz4wbd8a qt6c0cv9 a8nywdso i1ao9s8h esuyzwwr f1sip0of lzcic4wl gpro0wi8 py34i1dx\" tabindex=\"0\" role=\"link\" href=\"http:\/\/zerdab.com\/?fbclid=IwAR3BFXIQIfd0_MDDHOn_nwfeRVS4DkvaT13fMjqRGqG8Y_u3xZBXMwh0n5Y\" target=\"_blank\" rel=\"nofollow noopener\"><strong>Zerdab.com<\/strong><\/a> sayt\u0131na veril\u0259n m\u0259lumata g\u00f6r\u0259, t\u0259qdimatda h\u00fcquq m\u00fchafiz\u0259 orqanlar\u0131n\u0131n, idar\u0259, m\u00fc\u0259ssis\u0259, t\u0259\u015fkilat v\u0259 YAP Z\u0259rdab rayon t\u0259\u015fkilat\u0131n\u0131n \u0259razi partiya t\u0259\u015fkilatlar\u0131n\u0131n r\u0259hb\u0259rl\u0259ri i\u015ftirak edibl\u0259r.<\/div>\n<div dir=\"auto\">\u018fvv\u0259lc\u0259 Ulu \u00d6nd\u0259r Heyd\u0259r \u018fliyevin abid\u0259si ziyar\u0259t edilib, \u00f6n\u00fcn\u0259 g\u00fcl d\u0259st\u0259l\u0259ri qoyulub. Z\u0259rdab Rayon \u0130cra Hakimiyy\u0259tinin ba\u015f\u00e7\u0131s\u0131 c\u0259nab M\u0259rdan Camalzad\u0259 YAP Z\u0259rdab rayon t\u0259\u015fkilat\u0131n\u0131n yeni s\u0259dri \u0130lkin \u018fliyevin u\u011furlu \u0259m\u0259k f\u0259aliyy\u0259ti, d\u00f6vl\u0259timiz\u0259 v\u0259 d\u00f6vl\u0259t\u00e7iliy\u0259 s\u0259daq\u0259ti, partiyan\u0131n rayon t\u0259\u015fkilat\u0131n\u0131n f\u0259aliyy\u0259tind\u0259 yax\u0131ndan i\u015ftirak\u0131 bar\u0259d\u0259 m\u0259lumat ver\u0259r\u0259k, onun savadl\u0131, eyni zamanda t\u0259cr\u00fcb\u0259li bir g\u0259nc kadr oldu\u011funu vur\u011fulayaraq s\u0259dr t\u0259yin olunmas\u0131 m\u00fcnasib\u0259til\u0259 t\u0259brik edib v\u0259 g\u0259l\u0259c\u0259k i\u015fl\u0259rind\u0259 u\u011furlar arzulay\u0131b.<\/div>\n<div dir=\"auto\">YAP Z\u0259rdab rayon t\u0259\u015fkilat\u0131n\u0131n s\u0259dri \u0130lkin \u018fliyev \u00f6z n\u00f6vb\u0259sind\u0259 \u00e7\u0131x\u0131\u015f ed\u0259r\u0259k, Az\u0259rbaycan Respublikas\u0131n\u0131n Prezidenti, Yeni Az\u0259rbaycan Partiyas\u0131n\u0131n s\u0259dri c\u0259nab \u0130lham \u018fliyev\u0259, patriyan\u0131n s\u0259dr m\u00fcavinl\u0259rin\u0259 v\u0259 partiyan\u0131n idar\u0259 hey\u0259tin\u0259 ona g\u00f6st\u0259ril\u0259n y\u00fcks\u0259k etimada g\u00f6r\u0259 t\u0259\u015f\u0259kk\u00fcr ed\u0259r\u0259k, bu etimad\u0131 layiqinc\u0259 do\u011frultmaq \u00fc\u00e7\u00fcn var g\u00fcc\u00fcn\u00fc \u0259sirg\u0259m\u0259y\u0259c\u0259yini bildirib. \u0130lkin \u018fliyev Yeni Az\u0259rbaycan Partiyas\u0131n\u0131n Z\u0259rdab rayon t\u0259\u015fkilat\u0131n\u0131n s\u0259dri v\u0259zif\u0259sin\u0259 t\u0259yin olunmas\u0131n\u0131n onun \u00fc\u00e7\u00fcn \u00e7ox q\u00fcrurlu v\u0259 \u015f\u0259r\u0259fli oldu\u011funu bildirib.<\/div>\n<div dir=\"auto\">T\u0259qdimatda \u00e7\u0131x\u0131\u015f ed\u0259n partiya aktivl\u0259ri v\u0259 ziyal\u0131lar \u0130lkin \u018fliyevi yeni t\u0259yinat m\u00fcnasib\u0259til\u0259 t\u0259brik edib, bu yolda ona m\u00fcv\u0259ff\u0259qiyy\u0259tl\u0259r arzulay\u0131blar.<\/div>\n<div dir=\"auto\"><a class=\"oajrlxb2 g5ia77u1 qu0x051f esr5mh6w e9989ue4 r7d6kgcz rq0escxv nhd2j8a9 nc684nl6 p7hjln8o kvgmc6g5 cxmmr5t8 oygrvhab hcukyx3x jb3vyjys rz4wbd8a qt6c0cv9 a8nywdso i1ao9s8h esuyzwwr f1sip0of lzcic4wl gpro0wi8 py34i1dx\" tabindex=\"0\" role=\"link\" href=\"http:\/\/zerdab.com\/?fbclid=IwAR3BFXIQIfd0_MDDHOn_nwfeRVS4DkvaT13fMjqRGqG8Y_u3xZBXMwh0n5Y\" target=\"_blank\" rel=\"nofollow noopener\"><strong>Zerdab.com<\/strong><\/a><\/div>\n<div dir=\"auto\"><img decoding=\"async\" src=\"https:\/\/scontent.fgyd4-3.fna.fbcdn.net\/v\/t39.30808-6\/273753371_1928811327313276_1376920962280842608_n.jpg?_nc_cat=111&amp;ccb=1-5&amp;_nc_sid=8bfeb9&amp;_nc_ohc=BPMseAKKCHoAX99zRhz&amp;tn=T5jdK8jFA2CcOmOY&amp;_nc_ht=scontent.fgyd4-3.fna&amp;oh=00_AT_ixtpOgiX9K1yyY574Qkv0sOI8M0RGbxIyBxv5FahYog&amp;oe=620D3166\" alt=\"Bir 7 ki\u015fi, ayakta duran insanlar, an\u0131t ve a\u00e7\u0131k hava g\u00f6rseli olabilir\" \/><\/div>\n<div dir=\"auto\"><img decoding=\"async\" src=\"https:\/\/scontent.fgyd4-2.fna.fbcdn.net\/v\/t39.30808-6\/273938666_1928811237313285_5141257903848801824_n.jpg?_nc_cat=101&amp;ccb=1-5&amp;_nc_sid=8bfeb9&amp;_nc_ohc=Pl-lF0sBBjAAX-g-2TP&amp;_nc_oc=AQm5uxIWu5evUs4o4w5W7jmLqQL1xAR-7Rc9muFN5ivK9wLstgDcb7mg2dv1g_wJzHw&amp;_nc_ht=scontent.fgyd4-2.fna&amp;oh=00_AT9GHnOl9qpfCPRbb0oJItWKy-ehLs09jxlJfCjYen3CDg&amp;oe=620CA976\" alt=\"Bir 15 ki\u015fi ve ayakta duran insanlar g\u00f6rseli olabilir\" \/><img decoding=\"async\" src=\"https:\/\/scontent.fgyd4-3.fna.fbcdn.net\/v\/t39.30808-6\/273901529_1928811273979948_106641636603578176_n.jpg?_nc_cat=100&amp;ccb=1-5&amp;_nc_sid=8bfeb9&amp;_nc_ohc=E0pXrr8US0IAX93zQ-4&amp;tn=T5jdK8jFA2CcOmOY&amp;_nc_ht=scontent.fgyd4-3.fna&amp;oh=00_AT_wVCMR2aK-dF54DfWqqWM-AkykblrtWFt7cZGL8nekOA&amp;oe=620BB9A9\" alt=\"Bir 12 ki\u015fi, oturan insanlar, ayakta duran insanlar ve i\u00e7 mekan g\u00f6rseli olabilir\" \/><img decoding=\"async\" src=\"https:\/\/scontent.fgyd4-3.fna.fbcdn.net\/v\/t39.30808-6\/273929251_1928811303979945_3391283401152620347_n.jpg?_nc_cat=106&amp;ccb=1-5&amp;_nc_sid=8bfeb9&amp;_nc_ohc=7Nce6uvxUM4AX9SPYLO&amp;_nc_ht=scontent.fgyd4-3.fna&amp;oh=00_AT9Cd23tFlB0BqgB3n2y6BVbQuTm4XOBPGQ8lsMpv5zgWA&amp;oe=620C9157\" alt=\"Bir 4 ki\u015fi ve ayakta duran insanlar g\u00f6rseli olabilir\" \/><\/div>\n<div dir=\"auto\"><img decoding=\"async\" src=\"https:\/\/scontent.fgyd4-3.fna.fbcdn.net\/v\/t39.30808-6\/273540883_272920684951894_1691381467596887460_n.jpg?_nc_cat=109&amp;ccb=1-5&amp;_nc_sid=730e14&amp;_nc_ohc=ZmHMYSacGPcAX9tNeqB&amp;_nc_ht=scontent.fgyd4-3.fna&amp;oh=00_AT_nmRHDwK4fMgpZjw9OvWIJXK_Oy1e6JGgMZC3zkRsjog&amp;oe=620BB300\" alt=\"Bir 7 ki\u015fi, ayakta duran insanlar ve oturan insanlar g\u00f6rseli olabilir\" \/><\/div>\n<\/div>\n<\/div>\n<\/div>\n<\/div>\n<\/div>\n<div id=\"jsc_c_22x\" class=\"l9j0dhe7\">\n<div class=\"l9j0dhe7\">\n<div class=\"l9j0dhe7\">\n<div class=\"l9j0dhe7\">\n<div class=\"ni8dbmo4 stjgntxs pmk7jnqg\">\n<div class=\"stjgntxs ni8dbmo4\">\n<div class=\"do00u71z ni8dbmo4 stjgntxs l9j0dhe7\">\n<div class=\"pmk7jnqg kr520xx4\"><\/div>\n<\/div>\n<\/div>\n<\/div>\n<\/div>\n<\/div>\n<\/div>\n<\/div>\n<\/div>\n","protected":false},"excerpt":{"rendered":"<p>Z\u0259rdab Rayon \u0130cra Hakimiyy\u0259tinin ba\u015f\u00e7\u0131s\u0131\u00a0M\u0259rdan Camalzad\u0259 YAP Z\u0259rdab rayon t\u0259\u015fkilat\u0131n\u0131n yeni s\u0259dri\u00a0\u0130lkin \u018fliyevi rayon ictimaiyy\u0259tinin n\u00fcmay\u0259nd\u0259l\u0259rin\u0259 t\u0259qdim edib. Zerdab.com sayt\u0131na veril\u0259n m\u0259lumata g\u00f6r\u0259, t\u0259qdimatda h\u00fcquq m\u00fchafiz\u0259 orqanlar\u0131n\u0131n, idar\u0259, m\u00fc\u0259ssis\u0259, t\u0259\u015fkilat v\u0259 YAP Z\u0259rdab rayon t\u0259\u015fkilat\u0131n\u0131n \u0259razi partiya t\u0259\u015fkilatlar\u0131n\u0131n r\u0259hb\u0259rl\u0259ri i\u015ftirak edibl\u0259r. \u018fvv\u0259lc\u0259 Ulu \u00d6nd\u0259r Heyd\u0259r \u018fliyevin abid\u0259si ziyar\u0259t edilib, \u00f6n\u00fcn\u0259 g\u00fcl d\u0259st\u0259l\u0259ri qoyulub. Z\u0259rdab Rayon [&hellip;]<\/p>\n","protected":false},"author":1,"featured_media":29506,"comment_status":"open","ping_status":"open","sticky":false,"template":"","format":"standard","meta":{"footnotes":""},"categories":[63,5],"tags":[],"class_list":{"0":"post-29504","1":"post","2":"type-post","3":"status-publish","4":"format-standard","5":"has-post-thumbnail","7":"category-manset","8":"category-knd"},"yoast_head":"<!-- This site is optimized with the Yoast SEO plugin v27.0 - https:\/\/yoast.com\/product\/yoast-seo-wordpress\/ -->\n<title>M\u0259rdan Camalzad\u0259: &quot;\u0130lkin \u018fliyev savadl\u0131, eyni zamanda t\u0259cr\u00fcb\u0259li g\u0259nc kadrd\u0131r&quot; - Yeni s\u0259dr ictimaiyy\u0259t\u0259 t\u0259qdim olundu - Z\u0259rdab.com<\/title>\n<meta name=\"robots\" content=\"index, follow, max-snippet:-1, max-image-preview:large, max-video-preview:-1\" \/>\n<link rel=\"canonical\" href=\"https:\/\/www.zerdab.com\/?p=29504\" \/>\n<meta property=\"og:locale\" content=\"az_AZ\" \/>\n<meta property=\"og:type\" content=\"article\" \/>\n<meta property=\"og:title\" content=\"M\u0259rdan Camalzad\u0259: &quot;\u0130lkin \u018fliyev savadl\u0131, eyni zamanda t\u0259cr\u00fcb\u0259li g\u0259nc kadrd\u0131r&quot; - Yeni s\u0259dr ictimaiyy\u0259t\u0259 t\u0259qdim olundu - Z\u0259rdab.com\" \/>\n<meta property=\"og:description\" content=\"Z\u0259rdab Rayon \u0130cra Hakimiyy\u0259tinin ba\u015f\u00e7\u0131s\u0131\u00a0M\u0259rdan Camalzad\u0259 YAP Z\u0259rdab rayon t\u0259\u015fkilat\u0131n\u0131n yeni s\u0259dri\u00a0\u0130lkin \u018fliyevi rayon ictimaiyy\u0259tinin n\u00fcmay\u0259nd\u0259l\u0259rin\u0259 t\u0259qdim edib. Zerdab.com sayt\u0131na veril\u0259n m\u0259lumata g\u00f6r\u0259, t\u0259qdimatda h\u00fcquq m\u00fchafiz\u0259 orqanlar\u0131n\u0131n, idar\u0259, m\u00fc\u0259ssis\u0259, t\u0259\u015fkilat v\u0259 YAP Z\u0259rdab rayon t\u0259\u015fkilat\u0131n\u0131n \u0259razi partiya t\u0259\u015fkilatlar\u0131n\u0131n r\u0259hb\u0259rl\u0259ri i\u015ftirak edibl\u0259r. \u018fvv\u0259lc\u0259 Ulu \u00d6nd\u0259r Heyd\u0259r \u018fliyevin abid\u0259si ziyar\u0259t edilib, \u00f6n\u00fcn\u0259 g\u00fcl d\u0259st\u0259l\u0259ri qoyulub. Z\u0259rdab Rayon [&hellip;]\" \/>\n<meta property=\"og:url\" content=\"https:\/\/www.zerdab.com\/?p=29504\" \/>\n<meta property=\"og:site_name\" content=\"Z\u0259rdab.com\" \/>\n<meta property=\"article:published_time\" content=\"2022-02-12T11:59:47+00:00\" \/>\n<meta property=\"article:modified_time\" content=\"2022-02-12T12:05:34+00:00\" \/>\n<meta property=\"og:image\" content=\"https:\/\/www.zerdab.com\/wp-content\/uploads\/2022\/02\/yap-zerdab-ilkin-eliyev-merdan-camalzade.jpg\" \/>\n\t<meta property=\"og:image:width\" content=\"960\" \/>\n\t<meta property=\"og:image:height\" content=\"644\" \/>\n\t<meta property=\"og:image:type\" content=\"image\/jpeg\" \/>\n<meta name=\"author\" content=\"admin\" \/>\n<meta name=\"twitter:card\" content=\"summary_large_image\" \/>\n<meta name=\"twitter:label1\" content=\"Written by\" \/>\n\t<meta name=\"twitter:data1\" content=\"admin\" \/>\n\t<meta name=\"twitter:label2\" content=\"Est. reading time\" \/>\n\t<meta name=\"twitter:data2\" content=\"2 minutes\" \/>\n<script type=\"application\/ld+json\" class=\"yoast-schema-graph\">{\"@context\":\"https:\/\/schema.org\",\"@graph\":[{\"@type\":\"Article\",\"@id\":\"https:\/\/www.zerdab.com\/?p=29504#article\",\"isPartOf\":{\"@id\":\"https:\/\/www.zerdab.com\/?p=29504\"},\"author\":{\"name\":\"admin\",\"@id\":\"https:\/\/www.zerdab.com\/#\/schema\/person\/97079b7570c1e89ec0d9e138c3672136\"},\"headline\":\"M\u0259rdan Camalzad\u0259: &#8220;\u0130lkin \u018fliyev savadl\u0131, eyni zamanda t\u0259cr\u00fcb\u0259li g\u0259nc kadrd\u0131r&#8221; &#8211; Yeni s\u0259dr ictimaiyy\u0259t\u0259 t\u0259qdim olundu\",\"datePublished\":\"2022-02-12T11:59:47+00:00\",\"dateModified\":\"2022-02-12T12:05:34+00:00\",\"mainEntityOfPage\":{\"@id\":\"https:\/\/www.zerdab.com\/?p=29504\"},\"wordCount\":388,\"commentCount\":0,\"image\":{\"@id\":\"https:\/\/www.zerdab.com\/?p=29504#primaryimage\"},\"thumbnailUrl\":\"https:\/\/www.zerdab.com\/wp-content\/uploads\/2022\/02\/yap-zerdab-ilkin-eliyev-merdan-camalzade.jpg\",\"articleSection\":[\"MAN\u015eET\",\"X\u018fB\u018fRL\u018fR\"],\"inLanguage\":\"az\",\"potentialAction\":[{\"@type\":\"CommentAction\",\"name\":\"Comment\",\"target\":[\"https:\/\/www.zerdab.com\/?p=29504#respond\"]}]},{\"@type\":\"WebPage\",\"@id\":\"https:\/\/www.zerdab.com\/?p=29504\",\"url\":\"https:\/\/www.zerdab.com\/?p=29504\",\"name\":\"M\u0259rdan Camalzad\u0259: \\\"\u0130lkin \u018fliyev savadl\u0131, eyni zamanda t\u0259cr\u00fcb\u0259li g\u0259nc kadrd\u0131r\\\" - Yeni s\u0259dr ictimaiyy\u0259t\u0259 t\u0259qdim olundu - Z\u0259rdab.com\",\"isPartOf\":{\"@id\":\"https:\/\/www.zerdab.com\/#website\"},\"primaryImageOfPage\":{\"@id\":\"https:\/\/www.zerdab.com\/?p=29504#primaryimage\"},\"image\":{\"@id\":\"https:\/\/www.zerdab.com\/?p=29504#primaryimage\"},\"thumbnailUrl\":\"https:\/\/www.zerdab.com\/wp-content\/uploads\/2022\/02\/yap-zerdab-ilkin-eliyev-merdan-camalzade.jpg\",\"datePublished\":\"2022-02-12T11:59:47+00:00\",\"dateModified\":\"2022-02-12T12:05:34+00:00\",\"author\":{\"@id\":\"https:\/\/www.zerdab.com\/#\/schema\/person\/97079b7570c1e89ec0d9e138c3672136\"},\"breadcrumb\":{\"@id\":\"https:\/\/www.zerdab.com\/?p=29504#breadcrumb\"},\"inLanguage\":\"az\",\"potentialAction\":[{\"@type\":\"ReadAction\",\"target\":[\"https:\/\/www.zerdab.com\/?p=29504\"]}]},{\"@type\":\"ImageObject\",\"inLanguage\":\"az\",\"@id\":\"https:\/\/www.zerdab.com\/?p=29504#primaryimage\",\"url\":\"https:\/\/www.zerdab.com\/wp-content\/uploads\/2022\/02\/yap-zerdab-ilkin-eliyev-merdan-camalzade.jpg\",\"contentUrl\":\"https:\/\/www.zerdab.com\/wp-content\/uploads\/2022\/02\/yap-zerdab-ilkin-eliyev-merdan-camalzade.jpg\",\"width\":960,\"height\":644,\"caption\":\"yap-zerdab-ilkin-eliyev-merdan-camalzade\"},{\"@type\":\"BreadcrumbList\",\"@id\":\"https:\/\/www.zerdab.com\/?p=29504#breadcrumb\",\"itemListElement\":[{\"@type\":\"ListItem\",\"position\":1,\"name\":\"Home\",\"item\":\"https:\/\/www.zerdab.com\/\"},{\"@type\":\"ListItem\",\"position\":2,\"name\":\"M\u0259rdan Camalzad\u0259: &#8220;\u0130lkin \u018fliyev savadl\u0131, eyni zamanda t\u0259cr\u00fcb\u0259li g\u0259nc kadrd\u0131r&#8221; &#8211; Yeni s\u0259dr ictimaiyy\u0259t\u0259 t\u0259qdim olundu\"}]},{\"@type\":\"WebSite\",\"@id\":\"https:\/\/www.zerdab.com\/#website\",\"url\":\"https:\/\/www.zerdab.com\/\",\"name\":\"Z\u0259rdab.com\",\"description\":\"\",\"potentialAction\":[{\"@type\":\"SearchAction\",\"target\":{\"@type\":\"EntryPoint\",\"urlTemplate\":\"https:\/\/www.zerdab.com\/?s={search_term_string}\"},\"query-input\":{\"@type\":\"PropertyValueSpecification\",\"valueRequired\":true,\"valueName\":\"search_term_string\"}}],\"inLanguage\":\"az\"},{\"@type\":\"Person\",\"@id\":\"https:\/\/www.zerdab.com\/#\/schema\/person\/97079b7570c1e89ec0d9e138c3672136\",\"name\":\"admin\",\"image\":{\"@type\":\"ImageObject\",\"inLanguage\":\"az\",\"@id\":\"https:\/\/www.zerdab.com\/#\/schema\/person\/image\/\",\"url\":\"https:\/\/secure.gravatar.com\/avatar\/d9c52a9a27c32119cb6679a077fa3e2779e5f822c451cbf01098004361d466ec?s=96&d=mm&r=g\",\"contentUrl\":\"https:\/\/secure.gravatar.com\/avatar\/d9c52a9a27c32119cb6679a077fa3e2779e5f822c451cbf01098004361d466ec?s=96&d=mm&r=g\",\"caption\":\"admin\"},\"url\":\"https:\/\/www.zerdab.com\/?author=1\"}]}<\/script>\n<!-- \/ Yoast SEO plugin. -->","yoast_head_json":{"title":"M\u0259rdan Camalzad\u0259: \"\u0130lkin \u018fliyev savadl\u0131, eyni zamanda t\u0259cr\u00fcb\u0259li g\u0259nc kadrd\u0131r\" - Yeni s\u0259dr ictimaiyy\u0259t\u0259 t\u0259qdim olundu - Z\u0259rdab.com","robots":{"index":"index","follow":"follow","max-snippet":"max-snippet:-1","max-image-preview":"max-image-preview:large","max-video-preview":"max-video-preview:-1"},"canonical":"https:\/\/www.zerdab.com\/?p=29504","og_locale":"az_AZ","og_type":"article","og_title":"M\u0259rdan Camalzad\u0259: \"\u0130lkin \u018fliyev savadl\u0131, eyni zamanda t\u0259cr\u00fcb\u0259li g\u0259nc kadrd\u0131r\" - Yeni s\u0259dr ictimaiyy\u0259t\u0259 t\u0259qdim olundu - Z\u0259rdab.com","og_description":"Z\u0259rdab Rayon \u0130cra Hakimiyy\u0259tinin ba\u015f\u00e7\u0131s\u0131\u00a0M\u0259rdan Camalzad\u0259 YAP Z\u0259rdab rayon t\u0259\u015fkilat\u0131n\u0131n yeni s\u0259dri\u00a0\u0130lkin \u018fliyevi rayon ictimaiyy\u0259tinin n\u00fcmay\u0259nd\u0259l\u0259rin\u0259 t\u0259qdim edib. Zerdab.com sayt\u0131na veril\u0259n m\u0259lumata g\u00f6r\u0259, t\u0259qdimatda h\u00fcquq m\u00fchafiz\u0259 orqanlar\u0131n\u0131n, idar\u0259, m\u00fc\u0259ssis\u0259, t\u0259\u015fkilat v\u0259 YAP Z\u0259rdab rayon t\u0259\u015fkilat\u0131n\u0131n \u0259razi partiya t\u0259\u015fkilatlar\u0131n\u0131n r\u0259hb\u0259rl\u0259ri i\u015ftirak edibl\u0259r. \u018fvv\u0259lc\u0259 Ulu \u00d6nd\u0259r Heyd\u0259r \u018fliyevin abid\u0259si ziyar\u0259t edilib, \u00f6n\u00fcn\u0259 g\u00fcl d\u0259st\u0259l\u0259ri qoyulub. Z\u0259rdab Rayon [&hellip;]","og_url":"https:\/\/www.zerdab.com\/?p=29504","og_site_name":"Z\u0259rdab.com","article_published_time":"2022-02-12T11:59:47+00:00","article_modified_time":"2022-02-12T12:05:34+00:00","og_image":[{"width":960,"height":644,"url":"https:\/\/www.zerdab.com\/wp-content\/uploads\/2022\/02\/yap-zerdab-ilkin-eliyev-merdan-camalzade.jpg","type":"image\/jpeg"}],"author":"admin","twitter_card":"summary_large_image","twitter_misc":{"Written by":"admin","Est. reading time":"2 minutes"},"schema":{"@context":"https:\/\/schema.org","@graph":[{"@type":"Article","@id":"https:\/\/www.zerdab.com\/?p=29504#article","isPartOf":{"@id":"https:\/\/www.zerdab.com\/?p=29504"},"author":{"name":"admin","@id":"https:\/\/www.zerdab.com\/#\/schema\/person\/97079b7570c1e89ec0d9e138c3672136"},"headline":"M\u0259rdan Camalzad\u0259: &#8220;\u0130lkin \u018fliyev savadl\u0131, eyni zamanda t\u0259cr\u00fcb\u0259li g\u0259nc kadrd\u0131r&#8221; &#8211; Yeni s\u0259dr ictimaiyy\u0259t\u0259 t\u0259qdim olundu","datePublished":"2022-02-12T11:59:47+00:00","dateModified":"2022-02-12T12:05:34+00:00","mainEntityOfPage":{"@id":"https:\/\/www.zerdab.com\/?p=29504"},"wordCount":388,"commentCount":0,"image":{"@id":"https:\/\/www.zerdab.com\/?p=29504#primaryimage"},"thumbnailUrl":"https:\/\/www.zerdab.com\/wp-content\/uploads\/2022\/02\/yap-zerdab-ilkin-eliyev-merdan-camalzade.jpg","articleSection":["MAN\u015eET","X\u018fB\u018fRL\u018fR"],"inLanguage":"az","potentialAction":[{"@type":"CommentAction","name":"Comment","target":["https:\/\/www.zerdab.com\/?p=29504#respond"]}]},{"@type":"WebPage","@id":"https:\/\/www.zerdab.com\/?p=29504","url":"https:\/\/www.zerdab.com\/?p=29504","name":"M\u0259rdan Camalzad\u0259: \"\u0130lkin \u018fliyev savadl\u0131, eyni zamanda t\u0259cr\u00fcb\u0259li g\u0259nc kadrd\u0131r\" - Yeni s\u0259dr ictimaiyy\u0259t\u0259 t\u0259qdim olundu - Z\u0259rdab.com","isPartOf":{"@id":"https:\/\/www.zerdab.com\/#website"},"primaryImageOfPage":{"@id":"https:\/\/www.zerdab.com\/?p=29504#primaryimage"},"image":{"@id":"https:\/\/www.zerdab.com\/?p=29504#primaryimage"},"thumbnailUrl":"https:\/\/www.zerdab.com\/wp-content\/uploads\/2022\/02\/yap-zerdab-ilkin-eliyev-merdan-camalzade.jpg","datePublished":"2022-02-12T11:59:47+00:00","dateModified":"2022-02-12T12:05:34+00:00","author":{"@id":"https:\/\/www.zerdab.com\/#\/schema\/person\/97079b7570c1e89ec0d9e138c3672136"},"breadcrumb":{"@id":"https:\/\/www.zerdab.com\/?p=29504#breadcrumb"},"inLanguage":"az","potentialAction":[{"@type":"ReadAction","target":["https:\/\/www.zerdab.com\/?p=29504"]}]},{"@type":"ImageObject","inLanguage":"az","@id":"https:\/\/www.zerdab.com\/?p=29504#primaryimage","url":"https:\/\/www.zerdab.com\/wp-content\/uploads\/2022\/02\/yap-zerdab-ilkin-eliyev-merdan-camalzade.jpg","contentUrl":"https:\/\/www.zerdab.com\/wp-content\/uploads\/2022\/02\/yap-zerdab-ilkin-eliyev-merdan-camalzade.jpg","width":960,"height":644,"caption":"yap-zerdab-ilkin-eliyev-merdan-camalzade"},{"@type":"BreadcrumbList","@id":"https:\/\/www.zerdab.com\/?p=29504#breadcrumb","itemListElement":[{"@type":"ListItem","position":1,"name":"Home","item":"https:\/\/www.zerdab.com\/"},{"@type":"ListItem","position":2,"name":"M\u0259rdan Camalzad\u0259: &#8220;\u0130lkin \u018fliyev savadl\u0131, eyni zamanda t\u0259cr\u00fcb\u0259li g\u0259nc kadrd\u0131r&#8221; &#8211; Yeni s\u0259dr ictimaiyy\u0259t\u0259 t\u0259qdim olundu"}]},{"@type":"WebSite","@id":"https:\/\/www.zerdab.com\/#website","url":"https:\/\/www.zerdab.com\/","name":"Z\u0259rdab.com","description":"","potentialAction":[{"@type":"SearchAction","target":{"@type":"EntryPoint","urlTemplate":"https:\/\/www.zerdab.com\/?s={search_term_string}"},"query-input":{"@type":"PropertyValueSpecification","valueRequired":true,"valueName":"search_term_string"}}],"inLanguage":"az"},{"@type":"Person","@id":"https:\/\/www.zerdab.com\/#\/schema\/person\/97079b7570c1e89ec0d9e138c3672136","name":"admin","image":{"@type":"ImageObject","inLanguage":"az","@id":"https:\/\/www.zerdab.com\/#\/schema\/person\/image\/","url":"https:\/\/secure.gravatar.com\/avatar\/d9c52a9a27c32119cb6679a077fa3e2779e5f822c451cbf01098004361d466ec?s=96&d=mm&r=g","contentUrl":"https:\/\/secure.gravatar.com\/avatar\/d9c52a9a27c32119cb6679a077fa3e2779e5f822c451cbf01098004361d466ec?s=96&d=mm&r=g","caption":"admin"},"url":"https:\/\/www.zerdab.com\/?author=1"}]}},"_links":{"self":[{"href":"https:\/\/www.zerdab.com\/index.php?rest_route=\/wp\/v2\/posts\/29504","targetHints":{"allow":["GET"]}}],"collection":[{"href":"https:\/\/www.zerdab.com\/index.php?rest_route=\/wp\/v2\/posts"}],"about":[{"href":"https:\/\/www.zerdab.com\/index.php?rest_route=\/wp\/v2\/types\/post"}],"author":[{"embeddable":true,"href":"https:\/\/www.zerdab.com\/index.php?rest_route=\/wp\/v2\/users\/1"}],"replies":[{"embeddable":true,"href":"https:\/\/www.zerdab.com\/index.php?rest_route=%2Fwp%2Fv2%2Fcomments&post=29504"}],"version-history":[{"count":4,"href":"https:\/\/www.zerdab.com\/index.php?rest_route=\/wp\/v2\/posts\/29504\/revisions"}],"predecessor-version":[{"id":29509,"href":"https:\/\/www.zerdab.com\/index.php?rest_route=\/wp\/v2\/posts\/29504\/revisions\/29509"}],"wp:featuredmedia":[{"embeddable":true,"href":"https:\/\/www.zerdab.com\/index.php?rest_route=\/wp\/v2\/media\/29506"}],"wp:attachment":[{"href":"https:\/\/www.zerdab.com\/index.php?rest_route=%2Fwp%2Fv2%2Fmedia&parent=29504"}],"wp:term":[{"taxonomy":"category","embeddable":true,"href":"https:\/\/www.zerdab.com\/index.php?rest_route=%2Fwp%2Fv2%2Fcategories&post=29504"},{"taxonomy":"post_tag","embeddable":true,"href":"https:\/\/www.zerdab.com\/index.php?rest_route=%2Fwp%2Fv2%2Ftags&post=29504"}],"curies":[{"name":"wp","href":"https:\/\/api.w.org\/{rel}","templated":true}]}}