{"id":29518,"date":"2022-02-26T16:32:06","date_gmt":"2022-02-26T12:32:06","guid":{"rendered":"http:\/\/www.zerdab.com\/?p=29518"},"modified":"2022-02-26T16:32:06","modified_gmt":"2022-02-26T12:32:06","slug":"yenilik-z%c9%99rdab-rayon-t%c9%99hsil-sob%c9%99sin%c9%99-d%c9%99-samil-edil%c9%99c%c9%99k-nazir-yeni-%c9%99mr-imzaladi","status":"publish","type":"post","link":"https:\/\/www.zerdab.com\/?p=29518","title":{"rendered":"Yenilik Z\u0259rdab rayon T\u0259hsil \u015e\u00f6b\u0259sin\u0259 d\u0259 \u015famil edil\u0259c\u0259k &#8211; Nazir yeni \u0259mr imzalad\u0131"},"content":{"rendered":"<p>Rayon v\u0259 \u015f\u0259h\u0259r t\u0259hsil \u015f\u00f6b\u0259l\u0259rinin \u0259sas\u0131nda regional t\u0259hsil idar\u0259l\u0259ri yarad\u0131lacaq.<\/p>\n<p>Bu bar\u0259d\u0259 t\u0259hsil naziri Emin \u018fmrullayev m\u00fcvafiq \u0259mr imzalay\u0131b.<\/p>\n<p>\u018fmr\u0259 \u0259sas\u0259n, regional t\u0259hsil idar\u0259l\u0259ri a\u015fa\u011f\u0131dak\u0131 kimi t\u0259\u015fkil olunacaq:<\/p>\n<p>\u2013 Sumqay\u0131t \u015f\u0259h\u0259r, Ab\u015feron, X\u0131z\u0131 rayon tahsil \u015f\u00f6b\u0259l\u0259rinin \u0259sas\u0131nda Ab\u015feron-X\u0131z\u0131 Regional T\u0259hsil \u0130dar\u0259si: (\u0130dar\u0259 Sumqay\u0131t \u015f\u0259h\u0259rind\u0259 yerl\u0259\u015fm\u0259kl\u0259)<\/p>\n<p>\u2013 A\u011fsu, \u0130smay\u0131ll\u0131, Qobustan ve \u015eamax\u0131 rayon t\u0259hsil \u015f\u00f6b\u0259l\u0259rinin \u0259sas\u0131nda Da\u011fl\u0131q \u015eirvan Regional T\u0259hsil \u0130dar\u0259si (idar\u0259 \u015eamax\u0131 rayonunda yerl\u0259\u015fm\u0259kl\u0259):<\/p>\n<p>\u2013 G\u0259nc\u0259 \u015f\u0259h\u0259r T\u0259hsil \u0130darasi, Naftalan \u015f\u0259h\u0259r, Da\u015fk\u0259s\u0259n, Goranboy, G\u00f6yg\u00f6l v\u0259 Samux rayon t\u0259hsil \u015f\u00f6b\u0259l\u0259rinin \u0259sas\u0131nda G\u0259nc\u0259-Da\u015fk\u0259s\u0259n Regional T\u0259hsil \u0130dar\u0259si (\u0130dara G\u0259nc\u0259 \u015f\u0259h\u0259rind\u0259 yerl\u0259\u015fm\u0259kl\u0259);<\/p>\n<p>\u2013 A\u011fcab\u0259di, A\u011fdam, B\u0259rd\u0259, F\u00fczuli, Xocal\u0131, Xocav\u0259nd, \u015eu\u015fa v\u0259 T\u0259rt\u0259r rayon t\u0259hsil \u015f\u00f6b\u0259l\u0259rinin \u0259sas\u0131nda Qaraba\u011f Regional T\u0259hsil \u0130dar\u0259si (\u0130dar\u0259 B\u0259rd\u0259 rayonunda yerl\u0259\u015fm\u0259kl\u0259)<\/p>\n<p>\u2013 A\u011fstafa, G\u0259d\u0259b\u0259y, Qazax, \u015e\u0259mkir v\u0259 Tovuz rayon t\u0259hsil \u015f\u00f6b\u0259l\u0259rinin \u0259sas\u0131nda Qazax-Tovuz Regional T\u0259hsil \u0130dar\u0259si (idar\u0259 \u015e\u0259mkir rayonunda yerl\u0259\u015fm\u0259kl\u0259);<\/p>\n<p>\u2013 Xa\u00e7maz, Quba, Qusar, Siy\u0259zen v\u0259 \u015eabran rayon t\u0259hsil \u015f\u00f6b\u0259l\u0259rinin \u0259sas\u0131nda Quba-Xa\u00e7maz Regional T\u0259hsil \u0130dar\u0259si (idar\u0259 Quba rayonunda yerl\u0259\u015fm\u0259kl\u0259);<\/p>\n<p>\u2013 Astara, C\u0259lilabad, Lerik, L\u0259nk\u0259ran, Masall\u0131 v\u0259 Yard\u0131ml\u0131 rayon t\u0259hsil \u015f\u00f6b\u0259l\u0259rinin \u0259sas\u0131nda L\u0259nk\u0259ran-Astara Regional T\u0259hsil \u0130dar\u0259si (idar\u0259 L\u0259nk\u0259ran \u015f\u0259h\u0259rind\u0259 yerl\u0259\u015fm\u0259kl\u0259).<\/p>\n<p>\u2013 Ming\u0259\u00e7evir \u015f\u0259h\u0259r, A\u011fda\u015f, G\u00f6y\u00e7ay, K\u00fcrd\u0259mir, Ucar, Yevlax v\u0259 Z\u0259rdab rayon tahsil \u015f\u00f6b\u0259l\u0259rinin \u0259sas\u0131nda M\u0259rk\u0259zi Aran Regional T\u0259hsil \u0130dar\u0259si (idar\u0259 Yevlax \u015f\u0259h\u0259rind\u0259 yerl\u0259\u015fm\u0259kl\u0259);<\/p>\n<p>\u2013 Beyl\u0259qan, \u0130mi\u015fli, Saatl\u0131 v\u0259 Sabirabad rayon t\u0259hsil \u015f\u00f6b\u0259l\u0259rinin \u0259sas\u0131nda Mil-Mu\u011fan Regional T\u0259hsil \u0130dar\u0259si (idar\u0259 Sabirabad rayonunda yerl\u0259\u015fm\u0259kl\u0259):<\/p>\n<p>\u2013 Balak\u0259n, Qax, Q\u0259b\u0259l\u0259, O\u011fuz, \u015e\u0259ki v\u0259 Zaqatala rayon t\u0259hsil \u015f\u00f6b\u0259l\u0259rinin \u0259sas\u0131nda \u015e\u0259ki \u2013 Zaqatala Regional T\u0259hsil \u0130dar\u0259si (\u0130dar\u0259 \u015e\u0259ki \u015f\u0259h\u0259rind\u0259 yerl\u0259\u015fm\u0259kl\u0259);<\/p>\n<p>\u2013 C\u0259bray\u0131l, K\u0259lb\u0259c\u0259r, Qubadl\u0131, La\u00e7\u0131n v\u0259 Z\u0259ngilan rayon t\u0259hsil \u015f\u00f6b\u0259l\u0259rinin \u0259sas\u0131nda \u015e\u0259rqi Z\u0259ng\u0259zur Regional T\u0259hsil \u0130dar\u0259si (\u0130dar\u0259 m\u00fcv\u0259qq\u0259ti olaraq Bak\u0131 \u015f\u0259h\u0259rinda yerl\u0259\u015fm\u0259kl\u0259)<\/p>\n<p>\u2013 \u015eirvan \u015f\u0259h\u0259r, Bil\u0259suvar, Hac\u0131qabul, Neft\u00e7ala v\u0259 Salyan rayon t\u0259hsil \u015f\u00f6b\u0259l\u0259rinin \u0259sas\u0131nda \u015eirvan-Salyan Regional T\u0259hsil \u0130dar\u0259si (\u0130dar\u0259 Salyan rayonunda yerl\u0259\u015fm\u0259kl\u0259).<\/p>\n","protected":false},"excerpt":{"rendered":"<p>Rayon v\u0259 \u015f\u0259h\u0259r t\u0259hsil \u015f\u00f6b\u0259l\u0259rinin \u0259sas\u0131nda regional t\u0259hsil idar\u0259l\u0259ri yarad\u0131lacaq. Bu bar\u0259d\u0259 t\u0259hsil naziri Emin \u018fmrullayev m\u00fcvafiq \u0259mr imzalay\u0131b. \u018fmr\u0259 \u0259sas\u0259n, regional t\u0259hsil idar\u0259l\u0259ri a\u015fa\u011f\u0131dak\u0131 kimi t\u0259\u015fkil olunacaq: \u2013 Sumqay\u0131t \u015f\u0259h\u0259r, Ab\u015feron, X\u0131z\u0131 rayon tahsil \u015f\u00f6b\u0259l\u0259rinin \u0259sas\u0131nda Ab\u015feron-X\u0131z\u0131 Regional T\u0259hsil \u0130dar\u0259si: (\u0130dar\u0259 Sumqay\u0131t \u015f\u0259h\u0259rind\u0259 yerl\u0259\u015fm\u0259kl\u0259) \u2013 A\u011fsu, \u0130smay\u0131ll\u0131, Qobustan ve \u015eamax\u0131 rayon t\u0259hsil \u015f\u00f6b\u0259l\u0259rinin \u0259sas\u0131nda [&hellip;]<\/p>\n","protected":false},"author":1,"featured_media":29519,"comment_status":"open","ping_status":"open","sticky":false,"template":"","format":"standard","meta":{"footnotes":""},"categories":[63,5],"tags":[],"class_list":{"0":"post-29518","1":"post","2":"type-post","3":"status-publish","4":"format-standard","5":"has-post-thumbnail","7":"category-manset","8":"category-knd"},"yoast_head":"<!-- This site is optimized with the Yoast SEO plugin v27.0 - https:\/\/yoast.com\/product\/yoast-seo-wordpress\/ -->\n<title>Yenilik Z\u0259rdab rayon T\u0259hsil \u015e\u00f6b\u0259sin\u0259 d\u0259 \u015famil edil\u0259c\u0259k - Nazir yeni \u0259mr imzalad\u0131 - Z\u0259rdab.com<\/title>\n<meta name=\"robots\" content=\"index, follow, max-snippet:-1, max-image-preview:large, max-video-preview:-1\" \/>\n<link rel=\"canonical\" href=\"https:\/\/www.zerdab.com\/?p=29518\" \/>\n<meta property=\"og:locale\" content=\"az_AZ\" \/>\n<meta property=\"og:type\" content=\"article\" \/>\n<meta property=\"og:title\" content=\"Yenilik Z\u0259rdab rayon T\u0259hsil \u015e\u00f6b\u0259sin\u0259 d\u0259 \u015famil edil\u0259c\u0259k - Nazir yeni \u0259mr imzalad\u0131 - Z\u0259rdab.com\" \/>\n<meta property=\"og:description\" content=\"Rayon v\u0259 \u015f\u0259h\u0259r t\u0259hsil \u015f\u00f6b\u0259l\u0259rinin \u0259sas\u0131nda regional t\u0259hsil idar\u0259l\u0259ri yarad\u0131lacaq. Bu bar\u0259d\u0259 t\u0259hsil naziri Emin \u018fmrullayev m\u00fcvafiq \u0259mr imzalay\u0131b. \u018fmr\u0259 \u0259sas\u0259n, regional t\u0259hsil idar\u0259l\u0259ri a\u015fa\u011f\u0131dak\u0131 kimi t\u0259\u015fkil olunacaq: \u2013 Sumqay\u0131t \u015f\u0259h\u0259r, Ab\u015feron, X\u0131z\u0131 rayon tahsil \u015f\u00f6b\u0259l\u0259rinin \u0259sas\u0131nda Ab\u015feron-X\u0131z\u0131 Regional T\u0259hsil \u0130dar\u0259si: (\u0130dar\u0259 Sumqay\u0131t \u015f\u0259h\u0259rind\u0259 yerl\u0259\u015fm\u0259kl\u0259) \u2013 A\u011fsu, \u0130smay\u0131ll\u0131, Qobustan ve \u015eamax\u0131 rayon t\u0259hsil \u015f\u00f6b\u0259l\u0259rinin \u0259sas\u0131nda [&hellip;]\" \/>\n<meta property=\"og:url\" content=\"https:\/\/www.zerdab.com\/?p=29518\" \/>\n<meta property=\"og:site_name\" content=\"Z\u0259rdab.com\" \/>\n<meta property=\"article:published_time\" content=\"2022-02-26T12:32:06+00:00\" \/>\n<meta property=\"og:image\" content=\"https:\/\/www.zerdab.com\/wp-content\/uploads\/2022\/02\/zerdab-rayonu-z\u0259rdab-rayonu.jpg\" \/>\n\t<meta property=\"og:image:width\" content=\"960\" \/>\n\t<meta property=\"og:image:height\" content=\"793\" \/>\n\t<meta property=\"og:image:type\" content=\"image\/jpeg\" \/>\n<meta name=\"author\" content=\"admin\" \/>\n<meta name=\"twitter:card\" content=\"summary_large_image\" \/>\n<meta name=\"twitter:label1\" content=\"Written by\" \/>\n\t<meta name=\"twitter:data1\" content=\"admin\" \/>\n\t<meta name=\"twitter:label2\" content=\"Est. reading time\" \/>\n\t<meta name=\"twitter:data2\" content=\"2 minutes\" \/>\n<script type=\"application\/ld+json\" class=\"yoast-schema-graph\">{\"@context\":\"https:\/\/schema.org\",\"@graph\":[{\"@type\":\"Article\",\"@id\":\"https:\/\/www.zerdab.com\/?p=29518#article\",\"isPartOf\":{\"@id\":\"https:\/\/www.zerdab.com\/?p=29518\"},\"author\":{\"name\":\"admin\",\"@id\":\"https:\/\/www.zerdab.com\/#\/schema\/person\/97079b7570c1e89ec0d9e138c3672136\"},\"headline\":\"Yenilik Z\u0259rdab rayon T\u0259hsil \u015e\u00f6b\u0259sin\u0259 d\u0259 \u015famil edil\u0259c\u0259k &#8211; Nazir yeni \u0259mr imzalad\u0131\",\"datePublished\":\"2022-02-26T12:32:06+00:00\",\"mainEntityOfPage\":{\"@id\":\"https:\/\/www.zerdab.com\/?p=29518\"},\"wordCount\":482,\"commentCount\":0,\"image\":{\"@id\":\"https:\/\/www.zerdab.com\/?p=29518#primaryimage\"},\"thumbnailUrl\":\"https:\/\/www.zerdab.com\/wp-content\/uploads\/2022\/02\/zerdab-rayonu-z\u0259rdab-rayonu.jpg\",\"articleSection\":[\"MAN\u015eET\",\"X\u018fB\u018fRL\u018fR\"],\"inLanguage\":\"az\",\"potentialAction\":[{\"@type\":\"CommentAction\",\"name\":\"Comment\",\"target\":[\"https:\/\/www.zerdab.com\/?p=29518#respond\"]}]},{\"@type\":\"WebPage\",\"@id\":\"https:\/\/www.zerdab.com\/?p=29518\",\"url\":\"https:\/\/www.zerdab.com\/?p=29518\",\"name\":\"Yenilik Z\u0259rdab rayon T\u0259hsil \u015e\u00f6b\u0259sin\u0259 d\u0259 \u015famil edil\u0259c\u0259k - Nazir yeni \u0259mr imzalad\u0131 - Z\u0259rdab.com\",\"isPartOf\":{\"@id\":\"https:\/\/www.zerdab.com\/#website\"},\"primaryImageOfPage\":{\"@id\":\"https:\/\/www.zerdab.com\/?p=29518#primaryimage\"},\"image\":{\"@id\":\"https:\/\/www.zerdab.com\/?p=29518#primaryimage\"},\"thumbnailUrl\":\"https:\/\/www.zerdab.com\/wp-content\/uploads\/2022\/02\/zerdab-rayonu-z\u0259rdab-rayonu.jpg\",\"datePublished\":\"2022-02-26T12:32:06+00:00\",\"author\":{\"@id\":\"https:\/\/www.zerdab.com\/#\/schema\/person\/97079b7570c1e89ec0d9e138c3672136\"},\"breadcrumb\":{\"@id\":\"https:\/\/www.zerdab.com\/?p=29518#breadcrumb\"},\"inLanguage\":\"az\",\"potentialAction\":[{\"@type\":\"ReadAction\",\"target\":[\"https:\/\/www.zerdab.com\/?p=29518\"]}]},{\"@type\":\"ImageObject\",\"inLanguage\":\"az\",\"@id\":\"https:\/\/www.zerdab.com\/?p=29518#primaryimage\",\"url\":\"https:\/\/www.zerdab.com\/wp-content\/uploads\/2022\/02\/zerdab-rayonu-z\u0259rdab-rayonu.jpg\",\"contentUrl\":\"https:\/\/www.zerdab.com\/wp-content\/uploads\/2022\/02\/zerdab-rayonu-z\u0259rdab-rayonu.jpg\",\"width\":960,\"height\":793,\"caption\":\"zerdab-rayonu-z\u0259rdab-rayonu\"},{\"@type\":\"BreadcrumbList\",\"@id\":\"https:\/\/www.zerdab.com\/?p=29518#breadcrumb\",\"itemListElement\":[{\"@type\":\"ListItem\",\"position\":1,\"name\":\"Home\",\"item\":\"https:\/\/www.zerdab.com\/\"},{\"@type\":\"ListItem\",\"position\":2,\"name\":\"Yenilik Z\u0259rdab rayon T\u0259hsil \u015e\u00f6b\u0259sin\u0259 d\u0259 \u015famil edil\u0259c\u0259k &#8211; Nazir yeni \u0259mr imzalad\u0131\"}]},{\"@type\":\"WebSite\",\"@id\":\"https:\/\/www.zerdab.com\/#website\",\"url\":\"https:\/\/www.zerdab.com\/\",\"name\":\"Z\u0259rdab.com\",\"description\":\"\",\"potentialAction\":[{\"@type\":\"SearchAction\",\"target\":{\"@type\":\"EntryPoint\",\"urlTemplate\":\"https:\/\/www.zerdab.com\/?s={search_term_string}\"},\"query-input\":{\"@type\":\"PropertyValueSpecification\",\"valueRequired\":true,\"valueName\":\"search_term_string\"}}],\"inLanguage\":\"az\"},{\"@type\":\"Person\",\"@id\":\"https:\/\/www.zerdab.com\/#\/schema\/person\/97079b7570c1e89ec0d9e138c3672136\",\"name\":\"admin\",\"image\":{\"@type\":\"ImageObject\",\"inLanguage\":\"az\",\"@id\":\"https:\/\/www.zerdab.com\/#\/schema\/person\/image\/\",\"url\":\"https:\/\/secure.gravatar.com\/avatar\/d9c52a9a27c32119cb6679a077fa3e2779e5f822c451cbf01098004361d466ec?s=96&d=mm&r=g\",\"contentUrl\":\"https:\/\/secure.gravatar.com\/avatar\/d9c52a9a27c32119cb6679a077fa3e2779e5f822c451cbf01098004361d466ec?s=96&d=mm&r=g\",\"caption\":\"admin\"},\"url\":\"https:\/\/www.zerdab.com\/?author=1\"}]}<\/script>\n<!-- \/ Yoast SEO plugin. -->","yoast_head_json":{"title":"Yenilik Z\u0259rdab rayon T\u0259hsil \u015e\u00f6b\u0259sin\u0259 d\u0259 \u015famil edil\u0259c\u0259k - Nazir yeni \u0259mr imzalad\u0131 - Z\u0259rdab.com","robots":{"index":"index","follow":"follow","max-snippet":"max-snippet:-1","max-image-preview":"max-image-preview:large","max-video-preview":"max-video-preview:-1"},"canonical":"https:\/\/www.zerdab.com\/?p=29518","og_locale":"az_AZ","og_type":"article","og_title":"Yenilik Z\u0259rdab rayon T\u0259hsil \u015e\u00f6b\u0259sin\u0259 d\u0259 \u015famil edil\u0259c\u0259k - Nazir yeni \u0259mr imzalad\u0131 - Z\u0259rdab.com","og_description":"Rayon v\u0259 \u015f\u0259h\u0259r t\u0259hsil \u015f\u00f6b\u0259l\u0259rinin \u0259sas\u0131nda regional t\u0259hsil idar\u0259l\u0259ri yarad\u0131lacaq. Bu bar\u0259d\u0259 t\u0259hsil naziri Emin \u018fmrullayev m\u00fcvafiq \u0259mr imzalay\u0131b. \u018fmr\u0259 \u0259sas\u0259n, regional t\u0259hsil idar\u0259l\u0259ri a\u015fa\u011f\u0131dak\u0131 kimi t\u0259\u015fkil olunacaq: \u2013 Sumqay\u0131t \u015f\u0259h\u0259r, Ab\u015feron, X\u0131z\u0131 rayon tahsil \u015f\u00f6b\u0259l\u0259rinin \u0259sas\u0131nda Ab\u015feron-X\u0131z\u0131 Regional T\u0259hsil \u0130dar\u0259si: (\u0130dar\u0259 Sumqay\u0131t \u015f\u0259h\u0259rind\u0259 yerl\u0259\u015fm\u0259kl\u0259) \u2013 A\u011fsu, \u0130smay\u0131ll\u0131, Qobustan ve \u015eamax\u0131 rayon t\u0259hsil \u015f\u00f6b\u0259l\u0259rinin \u0259sas\u0131nda [&hellip;]","og_url":"https:\/\/www.zerdab.com\/?p=29518","og_site_name":"Z\u0259rdab.com","article_published_time":"2022-02-26T12:32:06+00:00","og_image":[{"width":960,"height":793,"url":"https:\/\/www.zerdab.com\/wp-content\/uploads\/2022\/02\/zerdab-rayonu-z\u0259rdab-rayonu.jpg","type":"image\/jpeg"}],"author":"admin","twitter_card":"summary_large_image","twitter_misc":{"Written by":"admin","Est. reading time":"2 minutes"},"schema":{"@context":"https:\/\/schema.org","@graph":[{"@type":"Article","@id":"https:\/\/www.zerdab.com\/?p=29518#article","isPartOf":{"@id":"https:\/\/www.zerdab.com\/?p=29518"},"author":{"name":"admin","@id":"https:\/\/www.zerdab.com\/#\/schema\/person\/97079b7570c1e89ec0d9e138c3672136"},"headline":"Yenilik Z\u0259rdab rayon T\u0259hsil \u015e\u00f6b\u0259sin\u0259 d\u0259 \u015famil edil\u0259c\u0259k &#8211; Nazir yeni \u0259mr imzalad\u0131","datePublished":"2022-02-26T12:32:06+00:00","mainEntityOfPage":{"@id":"https:\/\/www.zerdab.com\/?p=29518"},"wordCount":482,"commentCount":0,"image":{"@id":"https:\/\/www.zerdab.com\/?p=29518#primaryimage"},"thumbnailUrl":"https:\/\/www.zerdab.com\/wp-content\/uploads\/2022\/02\/zerdab-rayonu-z\u0259rdab-rayonu.jpg","articleSection":["MAN\u015eET","X\u018fB\u018fRL\u018fR"],"inLanguage":"az","potentialAction":[{"@type":"CommentAction","name":"Comment","target":["https:\/\/www.zerdab.com\/?p=29518#respond"]}]},{"@type":"WebPage","@id":"https:\/\/www.zerdab.com\/?p=29518","url":"https:\/\/www.zerdab.com\/?p=29518","name":"Yenilik Z\u0259rdab rayon T\u0259hsil \u015e\u00f6b\u0259sin\u0259 d\u0259 \u015famil edil\u0259c\u0259k - Nazir yeni \u0259mr imzalad\u0131 - Z\u0259rdab.com","isPartOf":{"@id":"https:\/\/www.zerdab.com\/#website"},"primaryImageOfPage":{"@id":"https:\/\/www.zerdab.com\/?p=29518#primaryimage"},"image":{"@id":"https:\/\/www.zerdab.com\/?p=29518#primaryimage"},"thumbnailUrl":"https:\/\/www.zerdab.com\/wp-content\/uploads\/2022\/02\/zerdab-rayonu-z\u0259rdab-rayonu.jpg","datePublished":"2022-02-26T12:32:06+00:00","author":{"@id":"https:\/\/www.zerdab.com\/#\/schema\/person\/97079b7570c1e89ec0d9e138c3672136"},"breadcrumb":{"@id":"https:\/\/www.zerdab.com\/?p=29518#breadcrumb"},"inLanguage":"az","potentialAction":[{"@type":"ReadAction","target":["https:\/\/www.zerdab.com\/?p=29518"]}]},{"@type":"ImageObject","inLanguage":"az","@id":"https:\/\/www.zerdab.com\/?p=29518#primaryimage","url":"https:\/\/www.zerdab.com\/wp-content\/uploads\/2022\/02\/zerdab-rayonu-z\u0259rdab-rayonu.jpg","contentUrl":"https:\/\/www.zerdab.com\/wp-content\/uploads\/2022\/02\/zerdab-rayonu-z\u0259rdab-rayonu.jpg","width":960,"height":793,"caption":"zerdab-rayonu-z\u0259rdab-rayonu"},{"@type":"BreadcrumbList","@id":"https:\/\/www.zerdab.com\/?p=29518#breadcrumb","itemListElement":[{"@type":"ListItem","position":1,"name":"Home","item":"https:\/\/www.zerdab.com\/"},{"@type":"ListItem","position":2,"name":"Yenilik Z\u0259rdab rayon T\u0259hsil \u015e\u00f6b\u0259sin\u0259 d\u0259 \u015famil edil\u0259c\u0259k &#8211; Nazir yeni \u0259mr imzalad\u0131"}]},{"@type":"WebSite","@id":"https:\/\/www.zerdab.com\/#website","url":"https:\/\/www.zerdab.com\/","name":"Z\u0259rdab.com","description":"","potentialAction":[{"@type":"SearchAction","target":{"@type":"EntryPoint","urlTemplate":"https:\/\/www.zerdab.com\/?s={search_term_string}"},"query-input":{"@type":"PropertyValueSpecification","valueRequired":true,"valueName":"search_term_string"}}],"inLanguage":"az"},{"@type":"Person","@id":"https:\/\/www.zerdab.com\/#\/schema\/person\/97079b7570c1e89ec0d9e138c3672136","name":"admin","image":{"@type":"ImageObject","inLanguage":"az","@id":"https:\/\/www.zerdab.com\/#\/schema\/person\/image\/","url":"https:\/\/secure.gravatar.com\/avatar\/d9c52a9a27c32119cb6679a077fa3e2779e5f822c451cbf01098004361d466ec?s=96&d=mm&r=g","contentUrl":"https:\/\/secure.gravatar.com\/avatar\/d9c52a9a27c32119cb6679a077fa3e2779e5f822c451cbf01098004361d466ec?s=96&d=mm&r=g","caption":"admin"},"url":"https:\/\/www.zerdab.com\/?author=1"}]}},"_links":{"self":[{"href":"https:\/\/www.zerdab.com\/index.php?rest_route=\/wp\/v2\/posts\/29518","targetHints":{"allow":["GET"]}}],"collection":[{"href":"https:\/\/www.zerdab.com\/index.php?rest_route=\/wp\/v2\/posts"}],"about":[{"href":"https:\/\/www.zerdab.com\/index.php?rest_route=\/wp\/v2\/types\/post"}],"author":[{"embeddable":true,"href":"https:\/\/www.zerdab.com\/index.php?rest_route=\/wp\/v2\/users\/1"}],"replies":[{"embeddable":true,"href":"https:\/\/www.zerdab.com\/index.php?rest_route=%2Fwp%2Fv2%2Fcomments&post=29518"}],"version-history":[{"count":1,"href":"https:\/\/www.zerdab.com\/index.php?rest_route=\/wp\/v2\/posts\/29518\/revisions"}],"predecessor-version":[{"id":29520,"href":"https:\/\/www.zerdab.com\/index.php?rest_route=\/wp\/v2\/posts\/29518\/revisions\/29520"}],"wp:featuredmedia":[{"embeddable":true,"href":"https:\/\/www.zerdab.com\/index.php?rest_route=\/wp\/v2\/media\/29519"}],"wp:attachment":[{"href":"https:\/\/www.zerdab.com\/index.php?rest_route=%2Fwp%2Fv2%2Fmedia&parent=29518"}],"wp:term":[{"taxonomy":"category","embeddable":true,"href":"https:\/\/www.zerdab.com\/index.php?rest_route=%2Fwp%2Fv2%2Fcategories&post=29518"},{"taxonomy":"post_tag","embeddable":true,"href":"https:\/\/www.zerdab.com\/index.php?rest_route=%2Fwp%2Fv2%2Ftags&post=29518"}],"curies":[{"name":"wp","href":"https:\/\/api.w.org\/{rel}","templated":true}]}}