{"id":2955,"date":"2012-06-21T15:33:31","date_gmt":"2012-06-21T10:33:31","guid":{"rendered":"http:\/\/www.zerdab.com\/?p=2955"},"modified":"2023-10-10T19:32:26","modified_gmt":"2023-10-10T15:32:26","slug":"az%c9%99rbaycan-m%c9%99nim-ucun-%c9%99v%c9%99zsiz-bir-m%c9%99ml%c9%99k%c9%99t-z%c9%99rdab-onun-ur%c9%99yidir","status":"publish","type":"post","link":"https:\/\/www.zerdab.com\/?p=2955","title":{"rendered":"Jurnalist \u00dcrfan M\u0259mm\u0259dli: &#8220;Z\u0259rdab m\u0259nim \u00fc\u00e7\u00fcn d\u00fcnyan\u0131n ba\u015fland\u0131\u011f\u0131 yerdir&#8221;"},"content":{"rendered":"<p><strong>Tan\u0131nm\u0131\u015f jurnalist, h\u0259myerlimiz \u00dcrfan M\u0259mm\u0259dli uzun ill\u0259rdir ki, do\u011fuldu\u011fu Z\u0259rdab rayonundan k\u0259narda &#8211; Bak\u0131da ya\u015fay\u0131r. Ancaq b\u00fct\u00fcn bunlara baxmayaraq, b\u00f6y\u00fcy\u00fcb ba\u015fa \u00e7atd\u0131\u011f\u0131 rayonu he\u00e7 vaxt unutmad\u0131\u011f\u0131n\u0131 deyir. Bu m\u00fcsahib\u0259d\u0259 \u00dcrfan m\u00fc\u0259llim u\u015faql\u0131q xatir\u0259l\u0259rini, rayonun bug\u00fcnk\u00fc inki\u015faf\u0131 il\u0259 ba\u011fl\u0131 fikirl\u0259rini biziml\u0259 b\u00f6l\u00fc\u015fd\u00fc, bu g\u00fcn\u0259 q\u0259d\u0259r h\u0259tta yax\u0131nlar\u0131na dem\u0259diyi \u00fcr\u0259k s\u00f6zl\u0259rini oxucular\u0131m\u0131za a\u00e7\u0131qlad\u0131&#8230;<\/strong><\/p>\n<p><strong>&#8211; \u00dcrfan M\u0259mm\u0259dli kimdir? M\u00fcmk\u00fcns\u0259, oxucular\u0131m\u0131za \u00f6z\u00fcn\u00fcz haqda m\u0259lumat ver\u0259rdiniz&#8230;<\/strong><\/p>\n<p>&#8211; 1959-cu ilin yanvar\u0131n 25-d\u0259 Z\u0259rdab rayonunun <strong>A\u015fa\u011f\u0131 Seyidl\u0259r<\/strong> k\u0259ndind\u0259 anadan olmu\u015fam, 8-ci sinif\u0259 q\u0259d\u0259r k\u0259ndimizd\u0259ki m\u0259kt\u0259bd\u0259 oxumu\u015fam, Nizami ad\u0131na \u015e\u0259ft\u0259hal orta m\u0259kt\u0259bini bitirmi\u015f\u0259m. \u0130xtisasca m\u00fch\u0259ndis\u0259m. 1981-ci ild\u0259 \u0130n\u015faat M\u00fch\u0259ndisl\u0259ri \u0130nstitunu bitirmi\u015f\u0259m. H\u0259min ild\u0259n 1992-ci il\u0259 q\u0259d\u0259r t\u0259yinatla Avtomobil Yollar\u0131n\u0131n Tikintisi v\u0259 \u0130stismar\u0131 Nazirliyinin Elm-istehal M\u0259rk\u0259zind\u0259 \u00e7al\u0131\u015fm\u0131\u015fam. \u018fvv\u0259l m\u00fch\u0259ndis, sonra is\u0259 \u015f\u00f6b\u0259 m\u00fcdiri olmu\u015fam. 92-ci ild\u0259n indiy\u0259 q\u0259d\u0259r q\u0259zet\u00e7ilikl\u0259 m\u0259\u015f\u011fulam. Evliy\u0259m, 2 q\u0131z\u0131m var.<\/p>\n<p><strong>&#8211; Z\u0259rdab rayonu sizin \u00fc\u00e7\u00fcn n\u0259 dem\u0259kdir? \u00dcrfan M\u0259mm\u0259dlini bu rayona ba\u011flayan hans\u0131 s\u0259b\u0259bl\u0259r var?<\/strong><\/p>\n<p>&#8211; Z\u0259rdab m\u0259nim \u00fc\u00e7\u00fcn d\u00fcnyan\u0131n ba\u015flad\u0131\u011f\u0131 yerdir. \u018fvv\u0259ll\u0259r el\u0259 bilirdim ki, d\u00fcnya el\u0259 Z\u0259rdab boydad\u0131r. Sonra \u00f6yr\u0259ndim ki, Z\u0259rdab x\u0259rit\u0259d\u0259 bel\u0259, \u00e7\u0259tin tap\u0131lan ki\u00e7ik bir yer imi\u015f. Amma onun m\u0259nim d\u00fcnyamdak\u0131 yeri el\u0259 u\u015faql\u0131q d\u00fc\u015f\u00fcnc\u0259md\u0259ki kimi sonsuzdur. M\u00fcbali\u011f\u0259siz deyir\u0259m: Z\u0259rdab m\u0259nim \u00fc\u00e7\u00fcn k\u0259nddir, \u015f\u0259h\u0259rdir, \u00f6lk\u0259dir, qit\u0259dir. B\u0259z\u0259n d\u00fckan-bazardan bir k\u00f6yn\u0259k, paltar alanda sat\u0131c\u0131 ba\u015flay\u0131r mal\u0131n\u0131 t\u0259rifl\u0259m\u0259y\u0259 ki, t\u0259miz T\u00fcrkiy\u0259 mal\u0131d\u0131r. H\u0259min vaxt onun s\u00f6z\u00fcn\u00fc k\u0259sib deyir\u0259m ki, varsa, m\u0259n\u0259 t\u0259miz Z\u0259rdab mal\u0131 ver.<\/p>\n<p><strong>&#8211; U\u015faql\u0131q ill\u0259rinizi nec\u0259 xat\u0131rlay\u0131rs\u0131n\u0131z?<\/strong><\/p>\n<p>&#8211; Xatir\u0259l\u0259rimin say\u0131-hesab\u0131 yoxdur. M\u0259kt\u0259b ill\u0259rind\u0259 yaln\u0131z direktorumuz Bayram m\u00fc\u0259llimin \u015fill\u0259sind\u0259n qorxurdum. Allah ona r\u0259hm\u0259t el\u0259sin, yaln\u0131z yax\u015f\u0131 oxuyanlar\u0131 d\u00f6y\u0259rdi, \u00f6z\u00fc d\u0259 birc\u0259 \u015fill\u0259 il\u0259. Amma \u015fill\u0259 deyir\u0259m haa siz\u0259, bir ne\u00e7\u0259 d\u0259f\u0259 qula\u011f\u0131m\u0131n dibind\u0259 \u00e7atlay\u0131b, u\u011fultusunu indi d\u0259 e\u015fidir\u0259m. Ala\u011fa, pamb\u0131\u011fa getdiyimiz g\u00fcnl\u0259r d\u0259 yadda\u015f\u0131ma m\u00f6hk\u0259m hopub.<\/p>\n<p><strong>&#8211; Sovet d\u00f6vr\u00fcn\u00fcn Z\u0259rdab\u0131 il\u0259 bug\u00fcnk\u00fc Z\u0259rdab\u0131 nec\u0259 m\u00fcqayis\u0259 ed\u0259rdiniz?<\/strong><\/p>\n<p>&#8211; Sovet d\u00f6vr\u00fcnd\u0259ki Z\u0259rdabla indiki Z\u0259rdab\u0131n aras\u0131nda \u0259n b\u00f6y\u00fck f\u0259rq odur ki, indi orada m\u0259kt\u0259blil\u0259r b\u00fct\u00fcn g\u00fccl\u0259rini t\u0259hsil\u0259 verm\u0259k imkan\u0131 qazan\u0131blar. Biz 9 ayl\u0131q d\u0259rs ilinin \u0259n az\u0131 iki ay\u0131n\u0131 pamb\u0131q tarlalar\u0131nda ke\u00e7irirdik. H\u0259tta yad\u0131mdad\u0131r, bir il d\u0259rsl\u0259rimiz noyabr\u0131n 26-da ba\u015flam\u0131\u015fd\u0131. Bununla \u0259laq\u0259dar xatir\u0259l\u0259rim var. \u0130nstitutda oxuyark\u0259n riyaziyyat m\u00fc\u0259llimim N\u0259riman S\u0259bziyev misal h\u0259ll etm\u0259k \u00fc\u00e7\u00fcn m\u0259ni l\u00f6vh\u0259y\u0259 \u00e7\u0131xard\u0131. Misal\u0131n h\u0259ll yolunu tapd\u0131m, amma ax\u0131ra \u00e7atd\u0131ra bilm\u0259dim. M\u00fc\u0259llim ili\u015fdiyimi g\u00f6r\u00fcb soru\u015fdu ki, haral\u0131san? Dedim ki, z\u0259rdabl\u0131. O anda N\u0259riman m\u00fc\u0259llimin \u00fcz\u00fcn\u0259 t\u0259b\u0259ss\u00fcm qondu, dedi ki, ke\u00e7 otur, sa\u011f ol ki, misal\u0131 bura q\u0259d\u0259r h\u0259ll ed\u0259 bildin, s\u0259n yaz\u0131q m\u0259kt\u0259b g\u00f6rm\u0259mis\u0259n ax\u0131, g\u00fcn\u00fcn pamb\u0131qda ke\u00e7ib. Bir xatir\u0259mi d\u0259 dan\u0131\u015f\u0131m siz\u0259. 9-cu sinifd\u0259 oxuyurdum. Pamb\u0131q y\u0131\u011f\u0131m\u0131n\u0131n sonlar\u0131 idi, pamb\u0131\u011fa getm\u0259mi\u015fdim. Sinif yolda\u015flar\u0131mla yolun k\u0259nar\u0131 il\u0259 ged\u0259rk\u0259n bird\u0259n yan\u0131m\u0131zda bir &#8220;Villis&#8221; ma\u015f\u0131n\u0131 dayand\u0131, raykomun birinci katibi Fikr\u0259t \u018ff\u0259ndiyev ma\u015f\u0131ndan d\u00fc\u015f\u00fcb bizi sor\u011fu-suala tutdu. Niy\u0259 pamb\u0131\u011fa getm\u0259misiniz, burada n\u0259 avaralan\u0131rs\u0131n\u0131z v\u0259 sair kimi suallar&#8230; Biz d\u0259 t\u0259bii ki, qorxudan ba\u015f\u0131m\u0131z\u0131 a\u015fa\u011f\u0131 sald\u0131q, cavab verm\u0259dik. Sonra bir-bir ad\u0131m\u0131z\u0131 soru\u015fdu v\u0259 h\u0259r\u0259miz\u0259 bir yumruq vurub d\u0259rhal tarlaya getm\u0259yimizi \u0259mr el\u0259di. Bu \u0259hvalat\u0131 indiki u\u015faqlara dan\u0131\u015fsan, y\u0259qin ki, inanmazlar. Amma sovet d\u00f6vr\u00fc bel\u0259 idi, biz azad deyildik. \u0130ndi \u0259n az\u0131 adamlar\u0131 t\u0259hsild\u0259n uzaqla\u015fd\u0131rm\u0131rlar. O ki, qald\u0131 Z\u0259rdab\u0131n o vaxtk\u0131 g\u00f6rk\u0259mi il\u0259 indikini m\u00fcqayis\u0259 etm\u0259y\u0259, z\u0259nnimc\u0259, m\u00fcsb\u0259t d\u0259yi\u015fiklikl\u0259r \u00e7oxdur. El\u0259 bu g\u00fcnl\u0259rd\u0259 Z\u0259rdaba toya getmi\u015fdim. \u0130ndiki toylarda musiqinin s\u0259sini o q\u0259d\u0259r y\u00fcks\u0259k verirl\u0259r ki, adam d\u00f6z\u0259 bilmir. Ona g\u00f6r\u0259 c\u0259mi yar\u0131m saat oturdum toyda. H\u0259myerlimiz, \u015fair Namiq At\u0259\u015f\u0259 z\u0259ng el\u0259dim, onunla birg\u0259 Z\u0259rdab\u0131 g\u0259zdik. Park Bak\u0131 parklar\u0131ndan f\u0259rql\u0259nmir. K\u00fcr\u00fcn \u00fcst\u00fcnd\u0259 istirah\u0259t etm\u0259li bir yerd\u0259 oturduq. \u00d6z\u00fcm d\u0259 hiss el\u0259m\u0259d\u0259n x\u0259yal\u0131m qanadlan\u0131b haralarasa u\u00e7ub getdi. Harada oldu\u011fumu unutdum. M\u0259n\u0259 el\u0259 g\u0259ldi ki, tan\u0131mad\u0131\u011f\u0131m bir yerd\u0259y\u0259m. K\u00fcr n\u0259 q\u0259d\u0259r g\u00f6z\u0259l imi\u015f? Dem\u0259li, adam \u0259lind\u0259 olan bir \u015feyin qiym\u0259tini \u00e7\u0259tin d\u0259rk edir. \u015e\u0259xs\u0259n m\u0259n \u00f6z q\u0259lbimd\u0259 K\u00fcr\u0259 \u00f6z d\u0259y\u0259rini ver\u0259 bilm\u0259mi\u015f\u0259m. K\u00fcr Z\u0259rdab \u00fc\u00e7\u00fcn Allah\u0131n b\u0259x\u015f etdiyi bir s\u0259rv\u0259tdir. Onun q\u0259drini bilm\u0259liyik. Bir d\u0259 indi Z\u0259rdabdan bizim k\u0259nd\u0259 q\u0259d\u0259r olan yol asfaltlan\u0131b. \u018fvv\u0259ll\u0259r 21 km-lik bu yolu bir saata gedirdik. \u0130ndi 15 d\u0259qiq\u0259d\u0259n sonra k\u0259ndd\u0259s\u0259n. H\u0259l\u0259 yol h\u0259r\u0259k\u0259ti qaydalar\u0131na \u0259m\u0259l etm\u0259s\u0259n, 10 d\u0259qiq\u0259y\u0259 d\u0259 ged\u0259 bil\u0259rs\u0259n. M\u0259n rayonumuz bar\u0259d\u0259 yazd\u0131\u011f\u0131m b\u00fct\u00fcn yaz\u0131lar\u0131mda bu yolun yolsuzlu\u011fundan gileyl\u0259nmi\u015f\u0259m. M\u0259nim babam da, atam da bu yolu yol kimi g\u00f6rm\u0259k ist\u0259mi\u015fdil\u0259r. Amma onlar g\u00f6r\u0259 bilm\u0259dil\u0259r. \u015e\u00fck\u00fcrl\u0259r olsun ki, m\u0259n\u0259 qism\u0259t oldu.<\/p>\n<p><strong>&#8211; K\u0259nd\u0259 &#8211; ata eviniz\u0259 ged\u0259nd\u0259 hans\u0131 hisl\u0259ri ke\u00e7irirsiniz?<\/strong><\/p>\n<p>&#8211; M\u0259nim \u00fc\u00e7\u00fcn Az\u0259rbaycan \u0259v\u0259zsiz bir m\u0259ml\u0259k\u0259t, Z\u0259rdab is\u0259 onun \u00fcr\u0259yidir. Televizorda Z\u0259rdab ad\u0131n\u0131 g\u00f6r\u0259nd\u0259, Bak\u0131da n\u00f6mr\u0259si 63-l\u0259 ba\u015flayan avtomobill\u0259 rastla\u015fanda do\u011fma hissl\u0259r m\u0259ni qoynuna al\u0131r. El\u0259 sizin bu sayt\u0131 ilk d\u0259f\u0259 g\u00f6r\u0259nd\u0259 d\u0259 k\u00f6ks\u00fcm q\u00fcrur hissi il\u0259 doldu. T\u0259\u0259ss\u00fcf ki, ail\u0259ml\u0259 birg\u0259 Z\u0259rdaba tez-tez ged\u0259 bilmir\u0259m. Bir d\u0259f\u0259 u\u015faqlar\u0131 k\u0259nd\u0259 aparm\u0131\u015fd\u0131m, a\u011fcaqanad onlar\u0131 dalaq-dalaq el\u0259di, amma m\u0259n\u0259 d\u0259ym\u0259di. U\u015faqlar soru\u015fdu ki, &#8220;ata, b\u0259s a\u011fcaqanadlar s\u0259n\u0259 niy\u0259 d\u0259ymirl\u0259r?&#8221; Dedim ki, &#8220;a bala, m\u0259n bunlarla 17 il ayaq-ba\u015f yatm\u0131\u015fam, m\u0259nd\u0259n utan\u0131rlar&#8221;. K\u0259nd\u0259 ged\u0259nd\u0259 qay\u0131tmaq ist\u0259mir\u0259m. M\u0259ni k\u0259ndimiz\u0259 ba\u011flayan n\u0259 onun m\u0259nz\u0259r\u0259sidir, n\u0259 havas\u0131. \u00d6z\u00fcm d\u0259 bilmir\u0259m ki, k\u0259ndimizd\u0259n niy\u0259 ayr\u0131lmaq ist\u0259mir\u0259m. 1999-cu ild\u0259 anam, 2000-ci ild\u0259 d\u0259 atam r\u0259hm\u0259t\u0259 ged\u0259nd\u0259n sonra k\u0259ndd\u0259ki evimiz el\u0259 bil m\u0259nd\u0259n inciyib, ged\u0259nd\u0259 &#8220;\u00fcz\u00fcm\u0259 baxm\u0131r&#8221;, \u0259vv\u0259lki s\u0259s-k\u00fcy\u00fc yoxdur. Anam\u0131n s\u00fcfr\u0259si, atam\u0131n d\u00fcrs\u0259kl\u0259ndiyi yast\u0131q da el\u0259 \u00f6z yerind\u0259dir. O s\u00fcfr\u0259nin ba\u015f\u0131nda oturanda, o yast\u0131\u011fa dirs\u0259kl\u0259n\u0259nd\u0259 atal\u0131-anal\u0131 g\u00fcnl\u0259rim\u0259 qay\u0131d\u0131ram, bir az u\u015faqla\u015f\u0131ram, bir az g\u0259ncl\u0259\u015fir\u0259m, bir az da k\u00f6vr\u0259lir\u0259m. H\u0259y\u0259timizd\u0259ki nar a\u011fac\u0131ndan nar \u00fczm\u0259yin, o a\u011faclar\u0131n alt\u0131nda \u00e7ay i\u00e7m\u0259yin l\u0259zz\u0259tini ba\u015fqa harada dadmaq olar?<\/p>\n<p><strong>&#8211; \u018fsl\u0259n Z\u0259rdab rayonundan olan hans\u0131 tan\u0131nm\u0131\u015f \u015f\u0259xsl\u0259rl\u0259 \u0259laq\u0259l\u0259riniz var?<\/strong><\/p>\n<p>&#8211; BDU-nun professoru M\u0259h\u0259rr\u0259m M\u0259mm\u0259dovla, dosent Rafiq Qurbanovla, Dram Teatr\u0131n\u0131n sabiq direktoru Maqbet B\u00fcnyadovla \u00e7ox yax\u015f\u0131 m\u00fcnasib\u0259tim var. B\u0259\u015fir \u015e\u0259rifovla da vaxta\u015f\u0131r\u0131 g\u00f6r\u00fc\u015f\u00fcr\u00fck. Elimizin a\u011fsaqqal\u0131, m\u0259nim m\u00fc\u0259llimim Fikr\u0259t B\u00fcnyadov (Maqbet m\u00fc\u0259llimin b\u00f6y\u00fck qarda\u015f\u0131), el xan\u0259nd\u0259si Nazim Tal\u0131bov v\u0259 s\u00f6z ustas\u0131 Namiq At\u0259\u015f bar\u0259d\u0259 q\u0259zetd\u0259 yaz\u0131larla \u00e7\u0131x\u0131\u015f etmi\u015f\u0259m.<\/p>\n<p><strong>&#8211; H\u0259rd\u0259n s\u0259s-k\u00fcyl\u00fc Bak\u0131dan uzaqla\u015f\u0131b yenid\u0259n rayona qay\u0131tmaq, orada ya\u015famaq bar\u0259d\u0259 d\u00fc\u015f\u00fcnm\u00fcrs\u00fcn\u00fcz ki?<\/strong><\/p>\n<p>&#8211; Bak\u0131n\u0131n s\u0259s-k\u00fcy\u00fcnd\u0259n uzaqla\u015fmaq ist\u0259yir\u0259m, k\u0259ndd\u0259 ya\u015famaq da \u00fcr\u0259yimd\u0259n ke\u00e7ir, amma, dey\u0259s\u0259n, bu m\u00fcmk\u00fcn olmayacaq. T\u0259z\u0259d\u0259n yurd-yuva qurma\u011fa n\u0259 vaxt\u0131m var, n\u0259 d\u0259 imkan\u0131m. K\u0259ndd\u0259ki evimizi t\u0259mir etdir\u0259 bils\u0259k, istirah\u0259t \u00fc\u00e7\u00fcn biz\u0259 kifay\u0259t ed\u0259r. Atam, anam r\u0259hm\u0259t\u0259 ged\u0259nd\u0259n sonra &#8220;k\u0259ndd\u0259 bir Fikr\u0259t m\u00fc\u0259llimim var&#8221; deyirdim, onun yan\u0131na gedirdim, m\u0259ni \u00f6z balas\u0131 kimi qar\u015f\u0131lay\u0131rd\u0131. Bir ne\u00e7\u0259 il \u0259vv\u0259l onu da itirdik. \u0130tir\u0259-itir\u0259 bu d\u00fcnyan\u0131n son dayanaca\u011f\u0131na yax\u0131nla\u015f\u0131ram. Bu o dem\u0259k deyil ki, k\u0259ndimizd\u0259n soyumu\u015fam. Yox, ora m\u0259nim do\u011fma yurdumdu, cismim \u00fc\u00e7\u00fcn \u00e7\u0259tin olsa bel\u0259, ruhum oran\u0131 ist\u0259yir, n\u0259 q\u0259d\u0259r can\u0131m sa\u011fd\u0131, gedib-g\u0259l\u0259c\u0259m. Son dayanaca\u011f\u0131m\u0131n harada olaca\u011f\u0131n\u0131 bilmir\u0259m. Buna g\u00f6r\u0259 u\u015faqlara v\u0259siyy\u0259t el\u0259yib \u0259ziyy\u0259t verm\u0259k d\u0259 ist\u0259mir\u0259m. Amma son dayanaca\u011f\u0131m k\u0259ndd\u0259 olsa, etiraz etm\u0259r\u0259m&#8230;<\/p>\n<p><strong>&#8211; Paytaxtda kifay\u0259t q\u0259d\u0259r tan\u0131n\u0131rs\u0131n\u0131z. B\u0259s b\u00f6y\u00fcy\u00fcb boya-ba\u015fa \u00e7atd\u0131\u011f\u0131n\u0131z Z\u0259rdab rayonunda Sizi tan\u0131y\u0131rlarm\u0131?<\/strong><\/p>\n<p>&#8211; Televiziyada i\u015fl\u0259y\u0259nl\u0259r daha \u00e7ox tan\u0131n\u0131rlar. D\u00fcz\u00fc, paytaxtda \u00e7ox da tan\u0131nd\u0131\u011f\u0131m\u0131 z\u0259nn etmir\u0259m. Rayonda is\u0259 qohum-\u0259qraba xaricind\u0259 m\u0259ni tan\u0131yanlar\u0131n oldu\u011funu bilmir\u0259m. Bir d\u0259f\u0259 rayon t\u0259hsil \u015f\u00f6b\u0259sinin m\u00fcdiri N\u0259simi H\u00fcseynova (bu yax\u0131nlarda o da Allah\u0131n r\u0259hm\u0259tin\u0259 qovu\u015fdu) z\u0259ng etmi\u015fdim &#8211; o m\u0259ni 73-c\u00fc ild\u0259 komsomola ke\u00e7irib &#8211; dan\u0131\u015fark\u0259n m\u0259ni tan\u0131d\u0131\u011f\u0131n\u0131 bildirdi. Bilmir\u0259m, b\u0259lk\u0259 d\u0259, n\u0259zak\u0259t xatirin\u0259 dedi. Amma \u015f\u0259h\u0259rd\u0259, d\u00fckanda, bazarda tan\u0131mad\u0131\u011f\u0131m \u00e7ox h\u0259myerlim salam verib m\u0259ni utand\u0131r\u0131r. Ona g\u00f6r\u0259 utan\u0131ram ki, m\u0259n\u0259 ad\u0131mla m\u00fcraci\u0259t ed\u0259n adamlara m\u0259n eyni c\u00fcr m\u00fcraci\u0259t ed\u0259 bilmir\u0259m. Ham\u0131 tan\u0131masa da, g\u00f6r\u00fcn\u00fcr tan\u0131yanlar da var.<\/p>\n<p><strong>&#8211; Rayonumuzda oxumaq, tan\u0131nmaq arzusunda olan kifay\u0259t q\u0259d\u0259r g\u0259nc var. Bir ziyal\u0131 kimi onlara s\u00f6z\u00fcn\u00fcz?<\/strong><\/p>\n<p>&#8211; \u0130st\u0259y\u0259rdim ki, rayonumuzun g\u0259ncl\u0259ri t\u0259hsil\u0259, m\u00fctali\u0259y\u0259 \u00e7ox fikir versinl\u0259r. M\u0259n indi ba\u015fa d\u00fc\u015fm\u00fc\u015f\u0259m ki, g\u0259nc olan vaxtlar\u0131mda kifay\u0259t q\u0259d\u0259r oxumam\u0131\u015fam. Yenid\u0259n g\u0259nc ola bils\u0259ydim, bu s\u0259hvimi d\u00fcz\u0259ld\u0259rdim. Oxumaq, b\u0259lk\u0259 d\u0259, maddi c\u0259h\u0259td\u0259n varl\u0131 olmaq \u00fc\u00e7\u00fcn kifay\u0259t etm\u0259y\u0259 bil\u0259r. Amma oxuyan adam m\u00fctl\u0259q m\u0259n\u0259vi z\u0259nginlik qazan\u0131r. M\u0259nim al\u0259mimd\u0259 m\u0259n\u0259vi z\u0259nginlik h\u0259r \u015feyd\u0259n \u00fcst\u00fcnd\u00fcr. \u00c7ox pulu olan\u0131n yuxusu qa\u00e7\u0131r, m\u0259n\u0259vi z\u0259ngin adam\u0131n is\u0259 daimi rahatl\u0131\u011f\u0131 var. M\u0259n g\u0259ncl\u0259rimiz\u0259 yuxular\u0131n\u0131 qa\u00e7\u0131rmayacaq q\u0259d\u0259r pul, bir d\u0259 daimi rahatl\u0131q arzulay\u0131ram.<\/p>\n<p><strong>&#8211; Zerdab.com sayt\u0131 il\u0259 ba\u011fl\u0131 fikirl\u0259rinizi bilm\u0259k ist\u0259rdik&#8230;<\/strong><\/p>\n<p>&#8211; Bir ne\u00e7\u0259 il \u0259vv\u0259l www.zardab.com.az sayt\u0131na da m\u00fcsahib\u0259 vermi\u015fdim. \u0130ndi o sayt yoxdur. O sayt\u0131n sahibl\u0259ri d\u0259 n\u0259cib i\u015fl\u0259 m\u0259\u015f\u011ful idil\u0259r, onlara minn\u0259tdarl\u0131\u011f\u0131m sonsuzdur. Zerdab.com sayt\u0131n\u0131n is\u0259 \u0259n b\u00f6y\u00fck a\u011f\u0131rl\u0131\u011f\u0131n\u0131n h\u0259myerlimiz Nicat\u0131n \u00fcz\u0259rind\u0259 oldu\u011funu bilir\u0259m. El\u0259 f\u0259aliyy\u0259tini dayand\u0131rm\u0131\u015f saytda getmi\u015f m\u00fcsahib\u0259ni d\u0259 m\u0259nd\u0259n Nicat b\u0259y alm\u0131\u015fd\u0131. Birc\u0259 onu bilir\u0259m ki, Nicat axtar\u0131\u015fdad\u0131r, Z\u0259rdab haqq\u0131nda \u0259n ki\u00e7ik m\u0259lumat\u0131 bel\u0259, k\u00f6rp\u0259 balas\u0131 kimi \u0259zizl\u0259yir, ox\u015fay\u0131r, oras\u0131n\u0131-buras\u0131n\u0131 d\u00fcz\u0259ldib sayt\u0131n oxucular\u0131 il\u0259 b\u00f6l\u00fc\u015f\u00fcr. Zerdab.com sayt\u0131n\u0131 \u0259r\u0259s\u0259y\u0259 g\u0259tir\u0259n, onu ya\u015fadan kollektiv\u0259 &#8211; ba\u015fda Nicat \u0130ntiqam olmaqla, t\u0259\u015f\u0259kk\u00fcr\u00fcm\u00fc bildirir, bu yolda yorulmamalar\u0131n\u0131 arzulay\u0131ram. Z<strong>erdab.com b\u00fct\u00fcn z\u0259rdabl\u0131lar\u0131n sayt\u0131d\u0131r.<\/strong> Bir daha bu g\u00f6z\u0259l t\u0259\u015f\u0259bb\u00fcs\u00fcn\u00fcs\u0259 g\u00f6r\u0259 siz\u0259 minn\u0259tdarl\u0131\u011f\u0131m\u0131 bildirir\u0259m.<\/p>\n<p><strong>Nicat, Zerdab.com<\/strong><\/p>\n","protected":false},"excerpt":{"rendered":"<p>Tan\u0131nm\u0131\u015f jurnalist, h\u0259myerlimiz \u00dcrfan M\u0259mm\u0259dli uzun ill\u0259rdir ki, do\u011fuldu\u011fu Z\u0259rdab rayonundan k\u0259narda &#8211; Bak\u0131da ya\u015fay\u0131r. Ancaq b\u00fct\u00fcn bunlara baxmayaraq, b\u00f6y\u00fcy\u00fcb ba\u015fa \u00e7atd\u0131\u011f\u0131 rayonu he\u00e7 vaxt unutmad\u0131\u011f\u0131n\u0131 deyir. Bu m\u00fcsahib\u0259d\u0259 \u00dcrfan m\u00fc\u0259llim u\u015faql\u0131q xatir\u0259l\u0259rini, rayonun bug\u00fcnk\u00fc inki\u015faf\u0131 il\u0259 ba\u011fl\u0131 fikirl\u0259rini biziml\u0259 b\u00f6l\u00fc\u015fd\u00fc, bu g\u00fcn\u0259 q\u0259d\u0259r h\u0259tta yax\u0131nlar\u0131na dem\u0259diyi \u00fcr\u0259k s\u00f6zl\u0259rini oxucular\u0131m\u0131za a\u00e7\u0131qlad\u0131&#8230; &#8211; \u00dcrfan M\u0259mm\u0259dli kimdir? [&hellip;]<\/p>\n","protected":false},"author":1,"featured_media":28895,"comment_status":"open","ping_status":"open","sticky":false,"template":"","format":"standard","meta":{"footnotes":""},"categories":[63,15],"tags":[],"class_list":{"0":"post-2955","1":"post","2":"type-post","3":"status-publish","4":"format-standard","5":"has-post-thumbnail","7":"category-manset","8":"category-musahib-zrdab-hsn-by-zrdabi-mrkzi-aran"},"yoast_head":"<!-- This site is optimized with the Yoast SEO plugin v27.0 - https:\/\/yoast.com\/product\/yoast-seo-wordpress\/ -->\n<title>Jurnalist \u00dcrfan M\u0259mm\u0259dli: &quot;Z\u0259rdab m\u0259nim \u00fc\u00e7\u00fcn d\u00fcnyan\u0131n ba\u015fland\u0131\u011f\u0131 yerdir&quot; - Z\u0259rdab.com<\/title>\n<meta name=\"robots\" content=\"index, follow, max-snippet:-1, max-image-preview:large, max-video-preview:-1\" \/>\n<link rel=\"canonical\" href=\"https:\/\/www.zerdab.com\/?p=2955\" \/>\n<meta property=\"og:locale\" content=\"az_AZ\" \/>\n<meta property=\"og:type\" content=\"article\" \/>\n<meta property=\"og:title\" content=\"Jurnalist \u00dcrfan M\u0259mm\u0259dli: &quot;Z\u0259rdab m\u0259nim \u00fc\u00e7\u00fcn d\u00fcnyan\u0131n ba\u015fland\u0131\u011f\u0131 yerdir&quot; - Z\u0259rdab.com\" \/>\n<meta property=\"og:description\" content=\"Tan\u0131nm\u0131\u015f jurnalist, h\u0259myerlimiz \u00dcrfan M\u0259mm\u0259dli uzun ill\u0259rdir ki, do\u011fuldu\u011fu Z\u0259rdab rayonundan k\u0259narda &#8211; Bak\u0131da ya\u015fay\u0131r. Ancaq b\u00fct\u00fcn bunlara baxmayaraq, b\u00f6y\u00fcy\u00fcb ba\u015fa \u00e7atd\u0131\u011f\u0131 rayonu he\u00e7 vaxt unutmad\u0131\u011f\u0131n\u0131 deyir. Bu m\u00fcsahib\u0259d\u0259 \u00dcrfan m\u00fc\u0259llim u\u015faql\u0131q xatir\u0259l\u0259rini, rayonun bug\u00fcnk\u00fc inki\u015faf\u0131 il\u0259 ba\u011fl\u0131 fikirl\u0259rini biziml\u0259 b\u00f6l\u00fc\u015fd\u00fc, bu g\u00fcn\u0259 q\u0259d\u0259r h\u0259tta yax\u0131nlar\u0131na dem\u0259diyi \u00fcr\u0259k s\u00f6zl\u0259rini oxucular\u0131m\u0131za a\u00e7\u0131qlad\u0131&#8230; &#8211; \u00dcrfan M\u0259mm\u0259dli kimdir? [&hellip;]\" \/>\n<meta property=\"og:url\" content=\"https:\/\/www.zerdab.com\/?p=2955\" \/>\n<meta property=\"og:site_name\" content=\"Z\u0259rdab.com\" \/>\n<meta property=\"article:published_time\" content=\"2012-06-21T10:33:31+00:00\" \/>\n<meta property=\"article:modified_time\" content=\"2023-10-10T15:32:26+00:00\" \/>\n<meta property=\"og:image\" content=\"https:\/\/www.zerdab.com\/wp-content\/uploads\/2012\/06\/urfan-memmedli.jpg\" \/>\n\t<meta property=\"og:image:width\" content=\"2048\" \/>\n\t<meta property=\"og:image:height\" content=\"1365\" \/>\n\t<meta property=\"og:image:type\" content=\"image\/jpeg\" \/>\n<meta name=\"author\" content=\"admin\" \/>\n<meta name=\"twitter:card\" content=\"summary_large_image\" \/>\n<meta name=\"twitter:label1\" content=\"Written by\" \/>\n\t<meta name=\"twitter:data1\" content=\"admin\" \/>\n\t<meta name=\"twitter:label2\" content=\"Est. reading time\" \/>\n\t<meta name=\"twitter:data2\" content=\"11 minutes\" \/>\n<script type=\"application\/ld+json\" class=\"yoast-schema-graph\">{\"@context\":\"https:\/\/schema.org\",\"@graph\":[{\"@type\":\"Article\",\"@id\":\"https:\/\/www.zerdab.com\/?p=2955#article\",\"isPartOf\":{\"@id\":\"https:\/\/www.zerdab.com\/?p=2955\"},\"author\":{\"name\":\"admin\",\"@id\":\"https:\/\/www.zerdab.com\/#\/schema\/person\/97079b7570c1e89ec0d9e138c3672136\"},\"headline\":\"Jurnalist \u00dcrfan M\u0259mm\u0259dli: &#8220;Z\u0259rdab m\u0259nim \u00fc\u00e7\u00fcn d\u00fcnyan\u0131n ba\u015fland\u0131\u011f\u0131 yerdir&#8221;\",\"datePublished\":\"2012-06-21T10:33:31+00:00\",\"dateModified\":\"2023-10-10T15:32:26+00:00\",\"mainEntityOfPage\":{\"@id\":\"https:\/\/www.zerdab.com\/?p=2955\"},\"wordCount\":2304,\"commentCount\":4,\"image\":{\"@id\":\"https:\/\/www.zerdab.com\/?p=2955#primaryimage\"},\"thumbnailUrl\":\"https:\/\/www.zerdab.com\/wp-content\/uploads\/2012\/06\/urfan-memmedli.jpg\",\"articleSection\":[\"MAN\u015eET\",\"M\u00dcSAH\u0130B\u018f\"],\"inLanguage\":\"az\",\"potentialAction\":[{\"@type\":\"CommentAction\",\"name\":\"Comment\",\"target\":[\"https:\/\/www.zerdab.com\/?p=2955#respond\"]}]},{\"@type\":\"WebPage\",\"@id\":\"https:\/\/www.zerdab.com\/?p=2955\",\"url\":\"https:\/\/www.zerdab.com\/?p=2955\",\"name\":\"Jurnalist \u00dcrfan M\u0259mm\u0259dli: \\\"Z\u0259rdab m\u0259nim \u00fc\u00e7\u00fcn d\u00fcnyan\u0131n ba\u015fland\u0131\u011f\u0131 yerdir\\\" - Z\u0259rdab.com\",\"isPartOf\":{\"@id\":\"https:\/\/www.zerdab.com\/#website\"},\"primaryImageOfPage\":{\"@id\":\"https:\/\/www.zerdab.com\/?p=2955#primaryimage\"},\"image\":{\"@id\":\"https:\/\/www.zerdab.com\/?p=2955#primaryimage\"},\"thumbnailUrl\":\"https:\/\/www.zerdab.com\/wp-content\/uploads\/2012\/06\/urfan-memmedli.jpg\",\"datePublished\":\"2012-06-21T10:33:31+00:00\",\"dateModified\":\"2023-10-10T15:32:26+00:00\",\"author\":{\"@id\":\"https:\/\/www.zerdab.com\/#\/schema\/person\/97079b7570c1e89ec0d9e138c3672136\"},\"breadcrumb\":{\"@id\":\"https:\/\/www.zerdab.com\/?p=2955#breadcrumb\"},\"inLanguage\":\"az\",\"potentialAction\":[{\"@type\":\"ReadAction\",\"target\":[\"https:\/\/www.zerdab.com\/?p=2955\"]}]},{\"@type\":\"ImageObject\",\"inLanguage\":\"az\",\"@id\":\"https:\/\/www.zerdab.com\/?p=2955#primaryimage\",\"url\":\"https:\/\/www.zerdab.com\/wp-content\/uploads\/2012\/06\/urfan-memmedli.jpg\",\"contentUrl\":\"https:\/\/www.zerdab.com\/wp-content\/uploads\/2012\/06\/urfan-memmedli.jpg\",\"width\":2048,\"height\":1365,\"caption\":\"urfan-memmedli\"},{\"@type\":\"BreadcrumbList\",\"@id\":\"https:\/\/www.zerdab.com\/?p=2955#breadcrumb\",\"itemListElement\":[{\"@type\":\"ListItem\",\"position\":1,\"name\":\"Home\",\"item\":\"https:\/\/www.zerdab.com\/\"},{\"@type\":\"ListItem\",\"position\":2,\"name\":\"Jurnalist \u00dcrfan M\u0259mm\u0259dli: &#8220;Z\u0259rdab m\u0259nim \u00fc\u00e7\u00fcn d\u00fcnyan\u0131n ba\u015fland\u0131\u011f\u0131 yerdir&#8221;\"}]},{\"@type\":\"WebSite\",\"@id\":\"https:\/\/www.zerdab.com\/#website\",\"url\":\"https:\/\/www.zerdab.com\/\",\"name\":\"Z\u0259rdab.com\",\"description\":\"\",\"potentialAction\":[{\"@type\":\"SearchAction\",\"target\":{\"@type\":\"EntryPoint\",\"urlTemplate\":\"https:\/\/www.zerdab.com\/?s={search_term_string}\"},\"query-input\":{\"@type\":\"PropertyValueSpecification\",\"valueRequired\":true,\"valueName\":\"search_term_string\"}}],\"inLanguage\":\"az\"},{\"@type\":\"Person\",\"@id\":\"https:\/\/www.zerdab.com\/#\/schema\/person\/97079b7570c1e89ec0d9e138c3672136\",\"name\":\"admin\",\"image\":{\"@type\":\"ImageObject\",\"inLanguage\":\"az\",\"@id\":\"https:\/\/www.zerdab.com\/#\/schema\/person\/image\/\",\"url\":\"https:\/\/secure.gravatar.com\/avatar\/d9c52a9a27c32119cb6679a077fa3e2779e5f822c451cbf01098004361d466ec?s=96&d=mm&r=g\",\"contentUrl\":\"https:\/\/secure.gravatar.com\/avatar\/d9c52a9a27c32119cb6679a077fa3e2779e5f822c451cbf01098004361d466ec?s=96&d=mm&r=g\",\"caption\":\"admin\"},\"url\":\"https:\/\/www.zerdab.com\/?author=1\"}]}<\/script>\n<!-- \/ Yoast SEO plugin. -->","yoast_head_json":{"title":"Jurnalist \u00dcrfan M\u0259mm\u0259dli: \"Z\u0259rdab m\u0259nim \u00fc\u00e7\u00fcn d\u00fcnyan\u0131n ba\u015fland\u0131\u011f\u0131 yerdir\" - Z\u0259rdab.com","robots":{"index":"index","follow":"follow","max-snippet":"max-snippet:-1","max-image-preview":"max-image-preview:large","max-video-preview":"max-video-preview:-1"},"canonical":"https:\/\/www.zerdab.com\/?p=2955","og_locale":"az_AZ","og_type":"article","og_title":"Jurnalist \u00dcrfan M\u0259mm\u0259dli: \"Z\u0259rdab m\u0259nim \u00fc\u00e7\u00fcn d\u00fcnyan\u0131n ba\u015fland\u0131\u011f\u0131 yerdir\" - Z\u0259rdab.com","og_description":"Tan\u0131nm\u0131\u015f jurnalist, h\u0259myerlimiz \u00dcrfan M\u0259mm\u0259dli uzun ill\u0259rdir ki, do\u011fuldu\u011fu Z\u0259rdab rayonundan k\u0259narda &#8211; Bak\u0131da ya\u015fay\u0131r. Ancaq b\u00fct\u00fcn bunlara baxmayaraq, b\u00f6y\u00fcy\u00fcb ba\u015fa \u00e7atd\u0131\u011f\u0131 rayonu he\u00e7 vaxt unutmad\u0131\u011f\u0131n\u0131 deyir. Bu m\u00fcsahib\u0259d\u0259 \u00dcrfan m\u00fc\u0259llim u\u015faql\u0131q xatir\u0259l\u0259rini, rayonun bug\u00fcnk\u00fc inki\u015faf\u0131 il\u0259 ba\u011fl\u0131 fikirl\u0259rini biziml\u0259 b\u00f6l\u00fc\u015fd\u00fc, bu g\u00fcn\u0259 q\u0259d\u0259r h\u0259tta yax\u0131nlar\u0131na dem\u0259diyi \u00fcr\u0259k s\u00f6zl\u0259rini oxucular\u0131m\u0131za a\u00e7\u0131qlad\u0131&#8230; &#8211; \u00dcrfan M\u0259mm\u0259dli kimdir? [&hellip;]","og_url":"https:\/\/www.zerdab.com\/?p=2955","og_site_name":"Z\u0259rdab.com","article_published_time":"2012-06-21T10:33:31+00:00","article_modified_time":"2023-10-10T15:32:26+00:00","og_image":[{"width":2048,"height":1365,"url":"https:\/\/www.zerdab.com\/wp-content\/uploads\/2012\/06\/urfan-memmedli.jpg","type":"image\/jpeg"}],"author":"admin","twitter_card":"summary_large_image","twitter_misc":{"Written by":"admin","Est. reading time":"11 minutes"},"schema":{"@context":"https:\/\/schema.org","@graph":[{"@type":"Article","@id":"https:\/\/www.zerdab.com\/?p=2955#article","isPartOf":{"@id":"https:\/\/www.zerdab.com\/?p=2955"},"author":{"name":"admin","@id":"https:\/\/www.zerdab.com\/#\/schema\/person\/97079b7570c1e89ec0d9e138c3672136"},"headline":"Jurnalist \u00dcrfan M\u0259mm\u0259dli: &#8220;Z\u0259rdab m\u0259nim \u00fc\u00e7\u00fcn d\u00fcnyan\u0131n ba\u015fland\u0131\u011f\u0131 yerdir&#8221;","datePublished":"2012-06-21T10:33:31+00:00","dateModified":"2023-10-10T15:32:26+00:00","mainEntityOfPage":{"@id":"https:\/\/www.zerdab.com\/?p=2955"},"wordCount":2304,"commentCount":4,"image":{"@id":"https:\/\/www.zerdab.com\/?p=2955#primaryimage"},"thumbnailUrl":"https:\/\/www.zerdab.com\/wp-content\/uploads\/2012\/06\/urfan-memmedli.jpg","articleSection":["MAN\u015eET","M\u00dcSAH\u0130B\u018f"],"inLanguage":"az","potentialAction":[{"@type":"CommentAction","name":"Comment","target":["https:\/\/www.zerdab.com\/?p=2955#respond"]}]},{"@type":"WebPage","@id":"https:\/\/www.zerdab.com\/?p=2955","url":"https:\/\/www.zerdab.com\/?p=2955","name":"Jurnalist \u00dcrfan M\u0259mm\u0259dli: \"Z\u0259rdab m\u0259nim \u00fc\u00e7\u00fcn d\u00fcnyan\u0131n ba\u015fland\u0131\u011f\u0131 yerdir\" - Z\u0259rdab.com","isPartOf":{"@id":"https:\/\/www.zerdab.com\/#website"},"primaryImageOfPage":{"@id":"https:\/\/www.zerdab.com\/?p=2955#primaryimage"},"image":{"@id":"https:\/\/www.zerdab.com\/?p=2955#primaryimage"},"thumbnailUrl":"https:\/\/www.zerdab.com\/wp-content\/uploads\/2012\/06\/urfan-memmedli.jpg","datePublished":"2012-06-21T10:33:31+00:00","dateModified":"2023-10-10T15:32:26+00:00","author":{"@id":"https:\/\/www.zerdab.com\/#\/schema\/person\/97079b7570c1e89ec0d9e138c3672136"},"breadcrumb":{"@id":"https:\/\/www.zerdab.com\/?p=2955#breadcrumb"},"inLanguage":"az","potentialAction":[{"@type":"ReadAction","target":["https:\/\/www.zerdab.com\/?p=2955"]}]},{"@type":"ImageObject","inLanguage":"az","@id":"https:\/\/www.zerdab.com\/?p=2955#primaryimage","url":"https:\/\/www.zerdab.com\/wp-content\/uploads\/2012\/06\/urfan-memmedli.jpg","contentUrl":"https:\/\/www.zerdab.com\/wp-content\/uploads\/2012\/06\/urfan-memmedli.jpg","width":2048,"height":1365,"caption":"urfan-memmedli"},{"@type":"BreadcrumbList","@id":"https:\/\/www.zerdab.com\/?p=2955#breadcrumb","itemListElement":[{"@type":"ListItem","position":1,"name":"Home","item":"https:\/\/www.zerdab.com\/"},{"@type":"ListItem","position":2,"name":"Jurnalist \u00dcrfan M\u0259mm\u0259dli: &#8220;Z\u0259rdab m\u0259nim \u00fc\u00e7\u00fcn d\u00fcnyan\u0131n ba\u015fland\u0131\u011f\u0131 yerdir&#8221;"}]},{"@type":"WebSite","@id":"https:\/\/www.zerdab.com\/#website","url":"https:\/\/www.zerdab.com\/","name":"Z\u0259rdab.com","description":"","potentialAction":[{"@type":"SearchAction","target":{"@type":"EntryPoint","urlTemplate":"https:\/\/www.zerdab.com\/?s={search_term_string}"},"query-input":{"@type":"PropertyValueSpecification","valueRequired":true,"valueName":"search_term_string"}}],"inLanguage":"az"},{"@type":"Person","@id":"https:\/\/www.zerdab.com\/#\/schema\/person\/97079b7570c1e89ec0d9e138c3672136","name":"admin","image":{"@type":"ImageObject","inLanguage":"az","@id":"https:\/\/www.zerdab.com\/#\/schema\/person\/image\/","url":"https:\/\/secure.gravatar.com\/avatar\/d9c52a9a27c32119cb6679a077fa3e2779e5f822c451cbf01098004361d466ec?s=96&d=mm&r=g","contentUrl":"https:\/\/secure.gravatar.com\/avatar\/d9c52a9a27c32119cb6679a077fa3e2779e5f822c451cbf01098004361d466ec?s=96&d=mm&r=g","caption":"admin"},"url":"https:\/\/www.zerdab.com\/?author=1"}]}},"_links":{"self":[{"href":"https:\/\/www.zerdab.com\/index.php?rest_route=\/wp\/v2\/posts\/2955","targetHints":{"allow":["GET"]}}],"collection":[{"href":"https:\/\/www.zerdab.com\/index.php?rest_route=\/wp\/v2\/posts"}],"about":[{"href":"https:\/\/www.zerdab.com\/index.php?rest_route=\/wp\/v2\/types\/post"}],"author":[{"embeddable":true,"href":"https:\/\/www.zerdab.com\/index.php?rest_route=\/wp\/v2\/users\/1"}],"replies":[{"embeddable":true,"href":"https:\/\/www.zerdab.com\/index.php?rest_route=%2Fwp%2Fv2%2Fcomments&post=2955"}],"version-history":[{"count":28,"href":"https:\/\/www.zerdab.com\/index.php?rest_route=\/wp\/v2\/posts\/2955\/revisions"}],"predecessor-version":[{"id":29994,"href":"https:\/\/www.zerdab.com\/index.php?rest_route=\/wp\/v2\/posts\/2955\/revisions\/29994"}],"wp:featuredmedia":[{"embeddable":true,"href":"https:\/\/www.zerdab.com\/index.php?rest_route=\/wp\/v2\/media\/28895"}],"wp:attachment":[{"href":"https:\/\/www.zerdab.com\/index.php?rest_route=%2Fwp%2Fv2%2Fmedia&parent=2955"}],"wp:term":[{"taxonomy":"category","embeddable":true,"href":"https:\/\/www.zerdab.com\/index.php?rest_route=%2Fwp%2Fv2%2Fcategories&post=2955"},{"taxonomy":"post_tag","embeddable":true,"href":"https:\/\/www.zerdab.com\/index.php?rest_route=%2Fwp%2Fv2%2Ftags&post=2955"}],"curies":[{"name":"wp","href":"https:\/\/api.w.org\/{rel}","templated":true}]}}