{"id":29608,"date":"2022-06-21T14:24:35","date_gmt":"2022-06-21T10:24:35","guid":{"rendered":"http:\/\/www.zerdab.com\/?p=29608"},"modified":"2023-10-10T16:43:05","modified_gmt":"2023-10-10T12:43:05","slug":"mill%c9%99t-v%c9%99kilimiz-jal%c9%99-%c9%99liyeva-z%c9%99rdab-rayonundan-olan-secicil%c9%99ri-videoformatda-q%c9%99bul-edib-fotolar","status":"publish","type":"post","link":"https:\/\/www.zerdab.com\/?p=29608","title":{"rendered":"Mill\u0259t v\u0259kilimiz Jal\u0259 \u018fliyeva Z\u0259rdab rayonundan olan se\u00e7icil\u0259ri videoformatda q\u0259bul edib &#8211; FOTOLAR"},"content":{"rendered":"<p>Mill\u0259t v\u0259kilimiz, Milli M\u0259clisin Ail\u0259, qad\u0131n, u\u015faq m\u0259s\u0259l\u0259l\u0259ri komit\u0259sinin s\u0259dr m\u00fcavini Jal\u0259 \u018fliyeva 18 iyun tarixind\u0259 Z\u0259rdab rayonunda videoformatda n\u00f6vb\u0259ti q\u0259bulunu ke\u00e7irib. Q\u0259bulda Z\u0259rdab rayonunun K\u00f6rp\u00fck\u0259nd k\u0259ndi, M\u0259mm\u0259dqas\u0131ml\u0131, G\u0259lm\u0259, Sahh\u00fcseynli, M\u0259likli v\u0259 \u00c7all\u0131 k\u0259ndl\u0259rind\u0259n, eyni zamanda Z\u0259rdab \u015f\u0259h\u0259rind\u0259n v\u0259t\u0259nda\u015flar i\u015ftirak edib.<\/p>\n<p><strong>Zerdab.com<\/strong> sayt\u0131 x\u0259b\u0259r verir ki, deputat Jal\u0259 \u018fliyevan\u0131n \u00f6t\u0259n ay rayonda &#8211; Heyd\u0259r \u018fliyev M\u0259rk\u0259zind\u0259 ke\u00e7irdiyi q\u0259buldan sonra \u00f6t\u0259n m\u00fcdd\u0259t \u0259rzind\u0259 v\u0259t\u0259nda\u015flar\u0131n deputat\u0131n rayondak\u0131 i\u015f ota\u011f\u0131na m\u00fcraci\u0259tl\u0259ri \u0259sas\u0131nda t\u0259\u015fkil edil\u0259n onlayn q\u0259bulda qald\u0131r\u0131lan m\u0259s\u0259l\u0259l\u0259r \u0259sas\u0259n f\u0259rdi xarakterli &#8211; torpaq sah\u0259sinin verilm\u0259si, i\u015f\u0259 d\u00fcz\u0259lm\u0259, t\u0259hsil haqq\u0131n\u0131n \u00f6d\u0259nilm\u0259si, f\u0259rdi ev t\u0259miri, sosial m\u00fcavin\u0259t, \u0259lilliyin t\u0259yin edilm\u0259si, m\u0259hk\u0259m\u0259 i\u015fi v\u0259 s. il\u0259 ba\u011fl\u0131 olub. Qald\u0131r\u0131lan m\u0259s\u0259l\u0259l\u0259r deputat t\u0259r\u0259find\u0259n diqq\u0259tl\u0259 dinl\u0259nilib v\u0259 m\u00fcsb\u0259t h\u0259lli istiqam\u0259tind\u0259 k\u00f6m\u0259klik g\u00f6st\u0259rilm\u0259si \u00fc\u00e7\u00fcn \u0259laq\u0259dar qurumlara m\u00fcraci\u0259t edil\u0259c\u0259yi bildirilib. Onlayn q\u0259bul m\u0259mnunluq v\u0259 s\u0259mimiy\u0259t ortam\u0131nda ke\u00e7ib.<\/p>\n<p><strong>Zerdab.com<\/strong><\/p>\n<p><img decoding=\"async\" src=\"https:\/\/scontent.fgyd4-2.fna.fbcdn.net\/v\/t39.30808-6\/289518023_441075264689853_2007084341330263502_n.jpg?_nc_cat=104&amp;ccb=1-7&amp;_nc_sid=8bfeb9&amp;_nc_ohc=VlD_EFvE4YgAX976yeF&amp;_nc_ht=scontent.fgyd4-2.fna&amp;oh=00_AT9mKeuJd7afhOcBIJEw6jdpWGMEvb8sdieWvCdIHV6vLg&amp;oe=62B661EF\" alt=\"Bir 3 ki\u015fi ve yaz\u0131 g\u00f6rseli olabilir\" \/><\/p>\n<p><img decoding=\"async\" src=\"https:\/\/scontent.fgyd4-2.fna.fbcdn.net\/v\/t39.30808-6\/289318437_441075411356505_3549580320227352214_n.jpg?_nc_cat=103&amp;ccb=1-7&amp;_nc_sid=8bfeb9&amp;_nc_ohc=VRRlRVSWlcIAX-CNQdq&amp;_nc_ht=scontent.fgyd4-2.fna&amp;oh=00_AT9HLWX08ga8BzyZgY4A1Ctk8MOQUrH4gWGjsiyMSbE9zA&amp;oe=62B67E4A\" alt=\"Bir 3 ki\u015fi ve yaz\u0131 g\u00f6rseli olabilir\" \/><img decoding=\"async\" src=\"https:\/\/scontent.fgyd4-2.fna.fbcdn.net\/v\/t39.30808-6\/289414067_441075451356501_8371709799884090359_n.jpg?_nc_cat=104&amp;ccb=1-7&amp;_nc_sid=8bfeb9&amp;_nc_ohc=r3RwAk-_UXMAX91nJnX&amp;_nc_ht=scontent.fgyd4-2.fna&amp;oh=00_AT8Oo8LdV2LImEGPhLHn9nY_bx0KYSfaU9acGuAjUv4RCw&amp;oe=62B6B828\" alt=\"Bir 3 ki\u015fi ve yaz\u0131 g\u00f6rseli olabilir\" \/><img decoding=\"async\" src=\"https:\/\/scontent.fgyd4-2.fna.fbcdn.net\/v\/t39.30808-6\/289377343_441075491356497_5166629957714571943_n.jpg?_nc_cat=104&amp;ccb=1-7&amp;_nc_sid=8bfeb9&amp;_nc_ohc=gsbqmHf9HVMAX-P40QK&amp;_nc_ht=scontent.fgyd4-2.fna&amp;oh=00_AT-YqNziDitz7cETcAKCIBs5tUiQSS4JjdML0-KT-bEm0A&amp;oe=62B6925A\" alt=\"Bir 3 ki\u015fi ve yaz\u0131 g\u00f6rseli olabilir\" \/><img decoding=\"async\" src=\"https:\/\/scontent.fgyd4-2.fna.fbcdn.net\/v\/t39.30808-6\/289389868_441075548023158_48204035219141157_n.jpg?_nc_cat=107&amp;ccb=1-7&amp;_nc_sid=8bfeb9&amp;_nc_ohc=WRg5Lj5wf-QAX_hLoCg&amp;_nc_ht=scontent.fgyd4-2.fna&amp;oh=00_AT_VZbh28UVfhuf8LcFamFZ21UA6KayxvnSKfeTPXHxw7Q&amp;oe=62B5C8D6\" alt=\"Bir 3 ki\u015fi ve yaz\u0131 g\u00f6rseli olabilir\" \/><img decoding=\"async\" src=\"https:\/\/scontent.fgyd4-3.fna.fbcdn.net\/v\/t39.30808-6\/289392573_441075601356486_7698058637635515428_n.jpg?_nc_cat=105&amp;ccb=1-7&amp;_nc_sid=8bfeb9&amp;_nc_ohc=JAHFMf-Ub2kAX9mWLre&amp;tn=qs98sd1p-qZHBvqV&amp;_nc_ht=scontent.fgyd4-3.fna&amp;oh=00_AT9jcxG0CZD2gw0PCEeWyyV2KYnTgSIHGHisjpv-fVXn-A&amp;oe=62B5B229\" alt=\"Bir 3 ki\u015fi ve yaz\u0131 g\u00f6rseli olabilir\" \/><img decoding=\"async\" src=\"https:\/\/scontent.fgyd4-3.fna.fbcdn.net\/v\/t39.30808-6\/289281049_441075794689800_107942521345231304_n.jpg?_nc_cat=100&amp;ccb=1-7&amp;_nc_sid=8bfeb9&amp;_nc_ohc=rcVYM6BkxAYAX8dBq-3&amp;_nc_ht=scontent.fgyd4-3.fna&amp;oh=00_AT9EYcFtiNj_BrWhf0_t3fC48vrWPKezvpfZpgQY8fyKzg&amp;oe=62B63C86\" alt=\"Bir 3 ki\u015fi ve yaz\u0131 g\u00f6rseli olabilir\" \/><img decoding=\"async\" src=\"https:\/\/scontent.fgyd4-3.fna.fbcdn.net\/v\/t39.30808-6\/289372086_441075864689793_1174093353912924192_n.jpg?_nc_cat=110&amp;ccb=1-7&amp;_nc_sid=8bfeb9&amp;_nc_ohc=DQlYA8tJyEwAX9NCnYO&amp;_nc_ht=scontent.fgyd4-3.fna&amp;oh=00_AT_m9JhXfwJ03isMQc6Ud3MDDAxwueva77eMHoIG68S02Q&amp;oe=62B6B9C5\" alt=\"Bir 3 ki\u015fi ve yaz\u0131 g\u00f6rseli olabilir\" \/><\/p>\n","protected":false},"excerpt":{"rendered":"<p>Mill\u0259t v\u0259kilimiz, Milli M\u0259clisin Ail\u0259, qad\u0131n, u\u015faq m\u0259s\u0259l\u0259l\u0259ri komit\u0259sinin s\u0259dr m\u00fcavini Jal\u0259 \u018fliyeva 18 iyun tarixind\u0259 Z\u0259rdab rayonunda videoformatda n\u00f6vb\u0259ti q\u0259bulunu ke\u00e7irib. Q\u0259bulda Z\u0259rdab rayonunun K\u00f6rp\u00fck\u0259nd k\u0259ndi, M\u0259mm\u0259dqas\u0131ml\u0131, G\u0259lm\u0259, Sahh\u00fcseynli, M\u0259likli v\u0259 \u00c7all\u0131 k\u0259ndl\u0259rind\u0259n, eyni zamanda Z\u0259rdab \u015f\u0259h\u0259rind\u0259n v\u0259t\u0259nda\u015flar i\u015ftirak edib. Zerdab.com sayt\u0131 x\u0259b\u0259r verir ki, deputat Jal\u0259 \u018fliyevan\u0131n \u00f6t\u0259n ay rayonda &#8211; Heyd\u0259r \u018fliyev [&hellip;]<\/p>\n","protected":false},"author":1,"featured_media":28200,"comment_status":"closed","ping_status":"closed","sticky":false,"template":"","format":"standard","meta":{"footnotes":""},"categories":[21,63],"tags":[],"class_list":{"0":"post-29608","1":"post","2":"type-post","3":"status-publish","4":"format-standard","5":"has-post-thumbnail","7":"category-zrdab","8":"category-manset"},"yoast_head":"<!-- This site is optimized with the Yoast SEO plugin v27.0 - https:\/\/yoast.com\/product\/yoast-seo-wordpress\/ -->\n<title>Mill\u0259t v\u0259kilimiz Jal\u0259 \u018fliyeva Z\u0259rdab rayonundan olan se\u00e7icil\u0259ri videoformatda q\u0259bul edib - FOTOLAR - Z\u0259rdab.com<\/title>\n<meta name=\"robots\" content=\"index, follow, max-snippet:-1, max-image-preview:large, max-video-preview:-1\" \/>\n<link rel=\"canonical\" href=\"https:\/\/www.zerdab.com\/?p=29608\" \/>\n<meta property=\"og:locale\" content=\"az_AZ\" \/>\n<meta property=\"og:type\" content=\"article\" \/>\n<meta property=\"og:title\" content=\"Mill\u0259t v\u0259kilimiz Jal\u0259 \u018fliyeva Z\u0259rdab rayonundan olan se\u00e7icil\u0259ri videoformatda q\u0259bul edib - FOTOLAR - Z\u0259rdab.com\" \/>\n<meta property=\"og:description\" content=\"Mill\u0259t v\u0259kilimiz, Milli M\u0259clisin Ail\u0259, qad\u0131n, u\u015faq m\u0259s\u0259l\u0259l\u0259ri komit\u0259sinin s\u0259dr m\u00fcavini Jal\u0259 \u018fliyeva 18 iyun tarixind\u0259 Z\u0259rdab rayonunda videoformatda n\u00f6vb\u0259ti q\u0259bulunu ke\u00e7irib. Q\u0259bulda Z\u0259rdab rayonunun K\u00f6rp\u00fck\u0259nd k\u0259ndi, M\u0259mm\u0259dqas\u0131ml\u0131, G\u0259lm\u0259, Sahh\u00fcseynli, M\u0259likli v\u0259 \u00c7all\u0131 k\u0259ndl\u0259rind\u0259n, eyni zamanda Z\u0259rdab \u015f\u0259h\u0259rind\u0259n v\u0259t\u0259nda\u015flar i\u015ftirak edib. Zerdab.com sayt\u0131 x\u0259b\u0259r verir ki, deputat Jal\u0259 \u018fliyevan\u0131n \u00f6t\u0259n ay rayonda &#8211; Heyd\u0259r \u018fliyev [&hellip;]\" \/>\n<meta property=\"og:url\" content=\"https:\/\/www.zerdab.com\/?p=29608\" \/>\n<meta property=\"og:site_name\" content=\"Z\u0259rdab.com\" \/>\n<meta property=\"article:published_time\" content=\"2022-06-21T10:24:35+00:00\" \/>\n<meta property=\"article:modified_time\" content=\"2023-10-10T12:43:05+00:00\" \/>\n<meta property=\"og:image\" content=\"https:\/\/www.zerdab.com\/wp-content\/uploads\/2020\/06\/jale-eliyeva-onlayn.jpg\" \/>\n\t<meta property=\"og:image:width\" content=\"1152\" \/>\n\t<meta property=\"og:image:height\" content=\"864\" \/>\n\t<meta property=\"og:image:type\" content=\"image\/jpeg\" \/>\n<meta name=\"author\" content=\"admin\" \/>\n<meta name=\"twitter:card\" content=\"summary_large_image\" \/>\n<meta name=\"twitter:label1\" content=\"Written by\" \/>\n\t<meta name=\"twitter:data1\" content=\"admin\" \/>\n\t<meta name=\"twitter:label2\" content=\"Est. reading time\" \/>\n\t<meta name=\"twitter:data2\" content=\"1 minute\" \/>\n<script type=\"application\/ld+json\" class=\"yoast-schema-graph\">{\"@context\":\"https:\/\/schema.org\",\"@graph\":[{\"@type\":\"Article\",\"@id\":\"https:\/\/www.zerdab.com\/?p=29608#article\",\"isPartOf\":{\"@id\":\"https:\/\/www.zerdab.com\/?p=29608\"},\"author\":{\"name\":\"admin\",\"@id\":\"https:\/\/www.zerdab.com\/#\/schema\/person\/97079b7570c1e89ec0d9e138c3672136\"},\"headline\":\"Mill\u0259t v\u0259kilimiz Jal\u0259 \u018fliyeva Z\u0259rdab rayonundan olan se\u00e7icil\u0259ri videoformatda q\u0259bul edib &#8211; FOTOLAR\",\"datePublished\":\"2022-06-21T10:24:35+00:00\",\"dateModified\":\"2023-10-10T12:43:05+00:00\",\"mainEntityOfPage\":{\"@id\":\"https:\/\/www.zerdab.com\/?p=29608\"},\"wordCount\":270,\"image\":{\"@id\":\"https:\/\/www.zerdab.com\/?p=29608#primaryimage\"},\"thumbnailUrl\":\"https:\/\/www.zerdab.com\/wp-content\/uploads\/2020\/06\/jale-eliyeva-onlayn.jpg\",\"articleSection\":[\"C\u018fM\u0130YY\u018fT\",\"MAN\u015eET\"],\"inLanguage\":\"az\"},{\"@type\":\"WebPage\",\"@id\":\"https:\/\/www.zerdab.com\/?p=29608\",\"url\":\"https:\/\/www.zerdab.com\/?p=29608\",\"name\":\"Mill\u0259t v\u0259kilimiz Jal\u0259 \u018fliyeva Z\u0259rdab rayonundan olan se\u00e7icil\u0259ri videoformatda q\u0259bul edib - FOTOLAR - Z\u0259rdab.com\",\"isPartOf\":{\"@id\":\"https:\/\/www.zerdab.com\/#website\"},\"primaryImageOfPage\":{\"@id\":\"https:\/\/www.zerdab.com\/?p=29608#primaryimage\"},\"image\":{\"@id\":\"https:\/\/www.zerdab.com\/?p=29608#primaryimage\"},\"thumbnailUrl\":\"https:\/\/www.zerdab.com\/wp-content\/uploads\/2020\/06\/jale-eliyeva-onlayn.jpg\",\"datePublished\":\"2022-06-21T10:24:35+00:00\",\"dateModified\":\"2023-10-10T12:43:05+00:00\",\"author\":{\"@id\":\"https:\/\/www.zerdab.com\/#\/schema\/person\/97079b7570c1e89ec0d9e138c3672136\"},\"breadcrumb\":{\"@id\":\"https:\/\/www.zerdab.com\/?p=29608#breadcrumb\"},\"inLanguage\":\"az\",\"potentialAction\":[{\"@type\":\"ReadAction\",\"target\":[\"https:\/\/www.zerdab.com\/?p=29608\"]}]},{\"@type\":\"ImageObject\",\"inLanguage\":\"az\",\"@id\":\"https:\/\/www.zerdab.com\/?p=29608#primaryimage\",\"url\":\"https:\/\/www.zerdab.com\/wp-content\/uploads\/2020\/06\/jale-eliyeva-onlayn.jpg\",\"contentUrl\":\"https:\/\/www.zerdab.com\/wp-content\/uploads\/2020\/06\/jale-eliyeva-onlayn.jpg\",\"width\":1152,\"height\":864},{\"@type\":\"BreadcrumbList\",\"@id\":\"https:\/\/www.zerdab.com\/?p=29608#breadcrumb\",\"itemListElement\":[{\"@type\":\"ListItem\",\"position\":1,\"name\":\"Home\",\"item\":\"https:\/\/www.zerdab.com\/\"},{\"@type\":\"ListItem\",\"position\":2,\"name\":\"Mill\u0259t v\u0259kilimiz Jal\u0259 \u018fliyeva Z\u0259rdab rayonundan olan se\u00e7icil\u0259ri videoformatda q\u0259bul edib &#8211; FOTOLAR\"}]},{\"@type\":\"WebSite\",\"@id\":\"https:\/\/www.zerdab.com\/#website\",\"url\":\"https:\/\/www.zerdab.com\/\",\"name\":\"Z\u0259rdab.com\",\"description\":\"\",\"potentialAction\":[{\"@type\":\"SearchAction\",\"target\":{\"@type\":\"EntryPoint\",\"urlTemplate\":\"https:\/\/www.zerdab.com\/?s={search_term_string}\"},\"query-input\":{\"@type\":\"PropertyValueSpecification\",\"valueRequired\":true,\"valueName\":\"search_term_string\"}}],\"inLanguage\":\"az\"},{\"@type\":\"Person\",\"@id\":\"https:\/\/www.zerdab.com\/#\/schema\/person\/97079b7570c1e89ec0d9e138c3672136\",\"name\":\"admin\",\"image\":{\"@type\":\"ImageObject\",\"inLanguage\":\"az\",\"@id\":\"https:\/\/www.zerdab.com\/#\/schema\/person\/image\/\",\"url\":\"https:\/\/secure.gravatar.com\/avatar\/d9c52a9a27c32119cb6679a077fa3e2779e5f822c451cbf01098004361d466ec?s=96&d=mm&r=g\",\"contentUrl\":\"https:\/\/secure.gravatar.com\/avatar\/d9c52a9a27c32119cb6679a077fa3e2779e5f822c451cbf01098004361d466ec?s=96&d=mm&r=g\",\"caption\":\"admin\"},\"url\":\"https:\/\/www.zerdab.com\/?author=1\"}]}<\/script>\n<!-- \/ Yoast SEO plugin. -->","yoast_head_json":{"title":"Mill\u0259t v\u0259kilimiz Jal\u0259 \u018fliyeva Z\u0259rdab rayonundan olan se\u00e7icil\u0259ri videoformatda q\u0259bul edib - FOTOLAR - Z\u0259rdab.com","robots":{"index":"index","follow":"follow","max-snippet":"max-snippet:-1","max-image-preview":"max-image-preview:large","max-video-preview":"max-video-preview:-1"},"canonical":"https:\/\/www.zerdab.com\/?p=29608","og_locale":"az_AZ","og_type":"article","og_title":"Mill\u0259t v\u0259kilimiz Jal\u0259 \u018fliyeva Z\u0259rdab rayonundan olan se\u00e7icil\u0259ri videoformatda q\u0259bul edib - FOTOLAR - Z\u0259rdab.com","og_description":"Mill\u0259t v\u0259kilimiz, Milli M\u0259clisin Ail\u0259, qad\u0131n, u\u015faq m\u0259s\u0259l\u0259l\u0259ri komit\u0259sinin s\u0259dr m\u00fcavini Jal\u0259 \u018fliyeva 18 iyun tarixind\u0259 Z\u0259rdab rayonunda videoformatda n\u00f6vb\u0259ti q\u0259bulunu ke\u00e7irib. Q\u0259bulda Z\u0259rdab rayonunun K\u00f6rp\u00fck\u0259nd k\u0259ndi, M\u0259mm\u0259dqas\u0131ml\u0131, G\u0259lm\u0259, Sahh\u00fcseynli, M\u0259likli v\u0259 \u00c7all\u0131 k\u0259ndl\u0259rind\u0259n, eyni zamanda Z\u0259rdab \u015f\u0259h\u0259rind\u0259n v\u0259t\u0259nda\u015flar i\u015ftirak edib. Zerdab.com sayt\u0131 x\u0259b\u0259r verir ki, deputat Jal\u0259 \u018fliyevan\u0131n \u00f6t\u0259n ay rayonda &#8211; Heyd\u0259r \u018fliyev [&hellip;]","og_url":"https:\/\/www.zerdab.com\/?p=29608","og_site_name":"Z\u0259rdab.com","article_published_time":"2022-06-21T10:24:35+00:00","article_modified_time":"2023-10-10T12:43:05+00:00","og_image":[{"width":1152,"height":864,"url":"https:\/\/www.zerdab.com\/wp-content\/uploads\/2020\/06\/jale-eliyeva-onlayn.jpg","type":"image\/jpeg"}],"author":"admin","twitter_card":"summary_large_image","twitter_misc":{"Written by":"admin","Est. reading time":"1 minute"},"schema":{"@context":"https:\/\/schema.org","@graph":[{"@type":"Article","@id":"https:\/\/www.zerdab.com\/?p=29608#article","isPartOf":{"@id":"https:\/\/www.zerdab.com\/?p=29608"},"author":{"name":"admin","@id":"https:\/\/www.zerdab.com\/#\/schema\/person\/97079b7570c1e89ec0d9e138c3672136"},"headline":"Mill\u0259t v\u0259kilimiz Jal\u0259 \u018fliyeva Z\u0259rdab rayonundan olan se\u00e7icil\u0259ri videoformatda q\u0259bul edib &#8211; FOTOLAR","datePublished":"2022-06-21T10:24:35+00:00","dateModified":"2023-10-10T12:43:05+00:00","mainEntityOfPage":{"@id":"https:\/\/www.zerdab.com\/?p=29608"},"wordCount":270,"image":{"@id":"https:\/\/www.zerdab.com\/?p=29608#primaryimage"},"thumbnailUrl":"https:\/\/www.zerdab.com\/wp-content\/uploads\/2020\/06\/jale-eliyeva-onlayn.jpg","articleSection":["C\u018fM\u0130YY\u018fT","MAN\u015eET"],"inLanguage":"az"},{"@type":"WebPage","@id":"https:\/\/www.zerdab.com\/?p=29608","url":"https:\/\/www.zerdab.com\/?p=29608","name":"Mill\u0259t v\u0259kilimiz Jal\u0259 \u018fliyeva Z\u0259rdab rayonundan olan se\u00e7icil\u0259ri videoformatda q\u0259bul edib - FOTOLAR - Z\u0259rdab.com","isPartOf":{"@id":"https:\/\/www.zerdab.com\/#website"},"primaryImageOfPage":{"@id":"https:\/\/www.zerdab.com\/?p=29608#primaryimage"},"image":{"@id":"https:\/\/www.zerdab.com\/?p=29608#primaryimage"},"thumbnailUrl":"https:\/\/www.zerdab.com\/wp-content\/uploads\/2020\/06\/jale-eliyeva-onlayn.jpg","datePublished":"2022-06-21T10:24:35+00:00","dateModified":"2023-10-10T12:43:05+00:00","author":{"@id":"https:\/\/www.zerdab.com\/#\/schema\/person\/97079b7570c1e89ec0d9e138c3672136"},"breadcrumb":{"@id":"https:\/\/www.zerdab.com\/?p=29608#breadcrumb"},"inLanguage":"az","potentialAction":[{"@type":"ReadAction","target":["https:\/\/www.zerdab.com\/?p=29608"]}]},{"@type":"ImageObject","inLanguage":"az","@id":"https:\/\/www.zerdab.com\/?p=29608#primaryimage","url":"https:\/\/www.zerdab.com\/wp-content\/uploads\/2020\/06\/jale-eliyeva-onlayn.jpg","contentUrl":"https:\/\/www.zerdab.com\/wp-content\/uploads\/2020\/06\/jale-eliyeva-onlayn.jpg","width":1152,"height":864},{"@type":"BreadcrumbList","@id":"https:\/\/www.zerdab.com\/?p=29608#breadcrumb","itemListElement":[{"@type":"ListItem","position":1,"name":"Home","item":"https:\/\/www.zerdab.com\/"},{"@type":"ListItem","position":2,"name":"Mill\u0259t v\u0259kilimiz Jal\u0259 \u018fliyeva Z\u0259rdab rayonundan olan se\u00e7icil\u0259ri videoformatda q\u0259bul edib &#8211; FOTOLAR"}]},{"@type":"WebSite","@id":"https:\/\/www.zerdab.com\/#website","url":"https:\/\/www.zerdab.com\/","name":"Z\u0259rdab.com","description":"","potentialAction":[{"@type":"SearchAction","target":{"@type":"EntryPoint","urlTemplate":"https:\/\/www.zerdab.com\/?s={search_term_string}"},"query-input":{"@type":"PropertyValueSpecification","valueRequired":true,"valueName":"search_term_string"}}],"inLanguage":"az"},{"@type":"Person","@id":"https:\/\/www.zerdab.com\/#\/schema\/person\/97079b7570c1e89ec0d9e138c3672136","name":"admin","image":{"@type":"ImageObject","inLanguage":"az","@id":"https:\/\/www.zerdab.com\/#\/schema\/person\/image\/","url":"https:\/\/secure.gravatar.com\/avatar\/d9c52a9a27c32119cb6679a077fa3e2779e5f822c451cbf01098004361d466ec?s=96&d=mm&r=g","contentUrl":"https:\/\/secure.gravatar.com\/avatar\/d9c52a9a27c32119cb6679a077fa3e2779e5f822c451cbf01098004361d466ec?s=96&d=mm&r=g","caption":"admin"},"url":"https:\/\/www.zerdab.com\/?author=1"}]}},"_links":{"self":[{"href":"https:\/\/www.zerdab.com\/index.php?rest_route=\/wp\/v2\/posts\/29608","targetHints":{"allow":["GET"]}}],"collection":[{"href":"https:\/\/www.zerdab.com\/index.php?rest_route=\/wp\/v2\/posts"}],"about":[{"href":"https:\/\/www.zerdab.com\/index.php?rest_route=\/wp\/v2\/types\/post"}],"author":[{"embeddable":true,"href":"https:\/\/www.zerdab.com\/index.php?rest_route=\/wp\/v2\/users\/1"}],"replies":[{"embeddable":true,"href":"https:\/\/www.zerdab.com\/index.php?rest_route=%2Fwp%2Fv2%2Fcomments&post=29608"}],"version-history":[{"count":1,"href":"https:\/\/www.zerdab.com\/index.php?rest_route=\/wp\/v2\/posts\/29608\/revisions"}],"predecessor-version":[{"id":29609,"href":"https:\/\/www.zerdab.com\/index.php?rest_route=\/wp\/v2\/posts\/29608\/revisions\/29609"}],"wp:featuredmedia":[{"embeddable":true,"href":"https:\/\/www.zerdab.com\/index.php?rest_route=\/wp\/v2\/media\/28200"}],"wp:attachment":[{"href":"https:\/\/www.zerdab.com\/index.php?rest_route=%2Fwp%2Fv2%2Fmedia&parent=29608"}],"wp:term":[{"taxonomy":"category","embeddable":true,"href":"https:\/\/www.zerdab.com\/index.php?rest_route=%2Fwp%2Fv2%2Fcategories&post=29608"},{"taxonomy":"post_tag","embeddable":true,"href":"https:\/\/www.zerdab.com\/index.php?rest_route=%2Fwp%2Fv2%2Ftags&post=29608"}],"curies":[{"name":"wp","href":"https:\/\/api.w.org\/{rel}","templated":true}]}}