{"id":29663,"date":"2022-10-05T18:05:39","date_gmt":"2022-10-05T14:05:39","guid":{"rendered":"http:\/\/www.zerdab.com\/?p=29663"},"modified":"2022-10-05T18:09:10","modified_gmt":"2022-10-05T14:09:10","slug":"nazir-vilay%c9%99t-eyvazov-polis-mayoru-r%c9%99sad-x%c9%99lilovu-yuks%c9%99k-v%c9%99zif%c9%99y%c9%99-t%c9%99yin-etdi","status":"publish","type":"post","link":"https:\/\/www.zerdab.com\/?p=29663","title":{"rendered":"Nazir Vilay\u0259t Eyvazov polis mayoru R\u0259\u015fad X\u0259lilovu y\u00fcks\u0259k v\u0259zif\u0259y\u0259 t\u0259yin etdi"},"content":{"rendered":"<p>Daxili i\u015fl\u0259r orqanlar\u0131nda yeni kadr t\u0259yinat\u0131 olub.<\/p>\n<p><strong>Zerdab.com<\/strong> sayt\u0131 x\u0259b\u0259r verir ki, polis mayoru R\u0259\u015fad X\u0259lilov Hac\u0131qabul Rayon Polis \u015e\u00f6b\u0259sinin D\u00f6vl\u0259t Yol Polisi b\u00f6lm\u0259sinin r\u0259isi t\u0259yin olunub.<\/p>\n<p>Bununla ba\u011fl\u0131 daxili i\u015fl\u0259r naziri general-polkovnik Vilay\u0259t Eyvazov m\u00fcvafiq \u0259mr imzalay\u0131b.<\/p>\n<p>M\u0259lumat \u00fc\u00e7\u00fcn bildir\u0259k ki, h\u0259myerlimiz, polis kapitan\u0131 R\u0259\u015fad X\u0259lilov uzun ill\u0259r Z\u0259rdab Rayon Polis \u015e\u00f6b\u0259sinin D\u00f6vl\u0259t Yol Polisi b\u00f6lm\u0259sinin r\u0259isi i\u015fl\u0259yib.<\/p>\n<p>Bir m\u00fcdd\u0259t \u0259vv\u0259l R\u0259\u015fad X\u0259lilov \u201c\u018fla xidm\u0259tl\u0259r\u0259 g\u00f6r\u0259\u201d d\u00f6\u015f ni\u015fan\u0131 il\u0259 t\u0259ltif edilib.<\/p>\n<p>Qeyd ed\u0259k ki, R\u0259\u015fad X\u0259lilov h\u0259m rayonumuzda, h\u0259m d\u0259 bu v\u0259zif\u0259y\u0259d\u0259k \u00e7al\u0131\u015fd\u0131\u011f\u0131 Hac\u0131qabul rayonunda m\u00fcsb\u0259t imici il\u0259 tan\u0131nan daxili i\u015fl\u0259r orqan\u0131 \u0259m\u0259kda\u015flar\u0131ndan olub.<\/p>\n<p>H\u0259myerlimizi t\u0259brik edir, ona yeni v\u0259 m\u0259suliyy\u0259tli i\u015fl\u0259rind\u0259 u\u011furlar arzulay\u0131r\u0131q.<\/p>\n<p><strong>Zerdab.com<\/strong><\/p>\n","protected":false},"excerpt":{"rendered":"<p>Daxili i\u015fl\u0259r orqanlar\u0131nda yeni kadr t\u0259yinat\u0131 olub. Zerdab.com sayt\u0131 x\u0259b\u0259r verir ki, polis mayoru R\u0259\u015fad X\u0259lilov Hac\u0131qabul Rayon Polis \u015e\u00f6b\u0259sinin D\u00f6vl\u0259t Yol Polisi b\u00f6lm\u0259sinin r\u0259isi t\u0259yin olunub. Bununla ba\u011fl\u0131 daxili i\u015fl\u0259r naziri general-polkovnik Vilay\u0259t Eyvazov m\u00fcvafiq \u0259mr imzalay\u0131b. M\u0259lumat \u00fc\u00e7\u00fcn bildir\u0259k ki, h\u0259myerlimiz, polis kapitan\u0131 R\u0259\u015fad X\u0259lilov uzun ill\u0259r Z\u0259rdab Rayon Polis \u015e\u00f6b\u0259sinin D\u00f6vl\u0259t Yol [&hellip;]<\/p>\n","protected":false},"author":1,"featured_media":29664,"comment_status":"closed","ping_status":"closed","sticky":false,"template":"","format":"standard","meta":{"footnotes":""},"categories":[63,5],"tags":[],"class_list":{"0":"post-29663","1":"post","2":"type-post","3":"status-publish","4":"format-standard","5":"has-post-thumbnail","7":"category-manset","8":"category-knd"},"yoast_head":"<!-- This site is optimized with the Yoast SEO plugin v27.0 - https:\/\/yoast.com\/product\/yoast-seo-wordpress\/ -->\n<title>Nazir Vilay\u0259t Eyvazov polis mayoru R\u0259\u015fad X\u0259lilovu y\u00fcks\u0259k v\u0259zif\u0259y\u0259 t\u0259yin etdi - Z\u0259rdab.com<\/title>\n<meta name=\"robots\" content=\"index, follow, max-snippet:-1, max-image-preview:large, max-video-preview:-1\" \/>\n<link rel=\"canonical\" href=\"https:\/\/www.zerdab.com\/?p=29663\" \/>\n<meta property=\"og:locale\" content=\"az_AZ\" \/>\n<meta property=\"og:type\" content=\"article\" \/>\n<meta property=\"og:title\" content=\"Nazir Vilay\u0259t Eyvazov polis mayoru R\u0259\u015fad X\u0259lilovu y\u00fcks\u0259k v\u0259zif\u0259y\u0259 t\u0259yin etdi - Z\u0259rdab.com\" \/>\n<meta property=\"og:description\" content=\"Daxili i\u015fl\u0259r orqanlar\u0131nda yeni kadr t\u0259yinat\u0131 olub. Zerdab.com sayt\u0131 x\u0259b\u0259r verir ki, polis mayoru R\u0259\u015fad X\u0259lilov Hac\u0131qabul Rayon Polis \u015e\u00f6b\u0259sinin D\u00f6vl\u0259t Yol Polisi b\u00f6lm\u0259sinin r\u0259isi t\u0259yin olunub. Bununla ba\u011fl\u0131 daxili i\u015fl\u0259r naziri general-polkovnik Vilay\u0259t Eyvazov m\u00fcvafiq \u0259mr imzalay\u0131b. M\u0259lumat \u00fc\u00e7\u00fcn bildir\u0259k ki, h\u0259myerlimiz, polis kapitan\u0131 R\u0259\u015fad X\u0259lilov uzun ill\u0259r Z\u0259rdab Rayon Polis \u015e\u00f6b\u0259sinin D\u00f6vl\u0259t Yol [&hellip;]\" \/>\n<meta property=\"og:url\" content=\"https:\/\/www.zerdab.com\/?p=29663\" \/>\n<meta property=\"og:site_name\" content=\"Z\u0259rdab.com\" \/>\n<meta property=\"article:published_time\" content=\"2022-10-05T14:05:39+00:00\" \/>\n<meta property=\"article:modified_time\" content=\"2022-10-05T14:09:10+00:00\" \/>\n<meta property=\"og:image\" content=\"https:\/\/www.zerdab.com\/wp-content\/uploads\/2022\/10\/resad-xelilov-zerdab-dyp.gif\" \/>\n\t<meta property=\"og:image:width\" content=\"600\" \/>\n\t<meta property=\"og:image:height\" content=\"387\" \/>\n\t<meta property=\"og:image:type\" content=\"image\/gif\" \/>\n<meta name=\"author\" content=\"admin\" \/>\n<meta name=\"twitter:card\" content=\"summary_large_image\" \/>\n<meta name=\"twitter:label1\" content=\"Written by\" \/>\n\t<meta name=\"twitter:data1\" content=\"admin\" \/>\n\t<meta name=\"twitter:label2\" content=\"Est. reading time\" \/>\n\t<meta name=\"twitter:data2\" content=\"1 minute\" \/>\n<script type=\"application\/ld+json\" class=\"yoast-schema-graph\">{\"@context\":\"https:\/\/schema.org\",\"@graph\":[{\"@type\":\"Article\",\"@id\":\"https:\/\/www.zerdab.com\/?p=29663#article\",\"isPartOf\":{\"@id\":\"https:\/\/www.zerdab.com\/?p=29663\"},\"author\":{\"name\":\"admin\",\"@id\":\"https:\/\/www.zerdab.com\/#\/schema\/person\/97079b7570c1e89ec0d9e138c3672136\"},\"headline\":\"Nazir Vilay\u0259t Eyvazov polis mayoru R\u0259\u015fad X\u0259lilovu y\u00fcks\u0259k v\u0259zif\u0259y\u0259 t\u0259yin etdi\",\"datePublished\":\"2022-10-05T14:05:39+00:00\",\"dateModified\":\"2022-10-05T14:09:10+00:00\",\"mainEntityOfPage\":{\"@id\":\"https:\/\/www.zerdab.com\/?p=29663\"},\"wordCount\":202,\"image\":{\"@id\":\"https:\/\/www.zerdab.com\/?p=29663#primaryimage\"},\"thumbnailUrl\":\"https:\/\/www.zerdab.com\/wp-content\/uploads\/2022\/10\/resad-xelilov-zerdab-dyp.gif\",\"articleSection\":[\"MAN\u015eET\",\"X\u018fB\u018fRL\u018fR\"],\"inLanguage\":\"az\"},{\"@type\":\"WebPage\",\"@id\":\"https:\/\/www.zerdab.com\/?p=29663\",\"url\":\"https:\/\/www.zerdab.com\/?p=29663\",\"name\":\"Nazir Vilay\u0259t Eyvazov polis mayoru R\u0259\u015fad X\u0259lilovu y\u00fcks\u0259k v\u0259zif\u0259y\u0259 t\u0259yin etdi - Z\u0259rdab.com\",\"isPartOf\":{\"@id\":\"https:\/\/www.zerdab.com\/#website\"},\"primaryImageOfPage\":{\"@id\":\"https:\/\/www.zerdab.com\/?p=29663#primaryimage\"},\"image\":{\"@id\":\"https:\/\/www.zerdab.com\/?p=29663#primaryimage\"},\"thumbnailUrl\":\"https:\/\/www.zerdab.com\/wp-content\/uploads\/2022\/10\/resad-xelilov-zerdab-dyp.gif\",\"datePublished\":\"2022-10-05T14:05:39+00:00\",\"dateModified\":\"2022-10-05T14:09:10+00:00\",\"author\":{\"@id\":\"https:\/\/www.zerdab.com\/#\/schema\/person\/97079b7570c1e89ec0d9e138c3672136\"},\"breadcrumb\":{\"@id\":\"https:\/\/www.zerdab.com\/?p=29663#breadcrumb\"},\"inLanguage\":\"az\",\"potentialAction\":[{\"@type\":\"ReadAction\",\"target\":[\"https:\/\/www.zerdab.com\/?p=29663\"]}]},{\"@type\":\"ImageObject\",\"inLanguage\":\"az\",\"@id\":\"https:\/\/www.zerdab.com\/?p=29663#primaryimage\",\"url\":\"https:\/\/www.zerdab.com\/wp-content\/uploads\/2022\/10\/resad-xelilov-zerdab-dyp.gif\",\"contentUrl\":\"https:\/\/www.zerdab.com\/wp-content\/uploads\/2022\/10\/resad-xelilov-zerdab-dyp.gif\",\"width\":600,\"height\":387,\"caption\":\"resad-xelilov-zerdab-dyp\"},{\"@type\":\"BreadcrumbList\",\"@id\":\"https:\/\/www.zerdab.com\/?p=29663#breadcrumb\",\"itemListElement\":[{\"@type\":\"ListItem\",\"position\":1,\"name\":\"Home\",\"item\":\"https:\/\/www.zerdab.com\/\"},{\"@type\":\"ListItem\",\"position\":2,\"name\":\"Nazir Vilay\u0259t Eyvazov polis mayoru R\u0259\u015fad X\u0259lilovu y\u00fcks\u0259k v\u0259zif\u0259y\u0259 t\u0259yin etdi\"}]},{\"@type\":\"WebSite\",\"@id\":\"https:\/\/www.zerdab.com\/#website\",\"url\":\"https:\/\/www.zerdab.com\/\",\"name\":\"Z\u0259rdab.com\",\"description\":\"\",\"potentialAction\":[{\"@type\":\"SearchAction\",\"target\":{\"@type\":\"EntryPoint\",\"urlTemplate\":\"https:\/\/www.zerdab.com\/?s={search_term_string}\"},\"query-input\":{\"@type\":\"PropertyValueSpecification\",\"valueRequired\":true,\"valueName\":\"search_term_string\"}}],\"inLanguage\":\"az\"},{\"@type\":\"Person\",\"@id\":\"https:\/\/www.zerdab.com\/#\/schema\/person\/97079b7570c1e89ec0d9e138c3672136\",\"name\":\"admin\",\"image\":{\"@type\":\"ImageObject\",\"inLanguage\":\"az\",\"@id\":\"https:\/\/www.zerdab.com\/#\/schema\/person\/image\/\",\"url\":\"https:\/\/secure.gravatar.com\/avatar\/d9c52a9a27c32119cb6679a077fa3e2779e5f822c451cbf01098004361d466ec?s=96&d=mm&r=g\",\"contentUrl\":\"https:\/\/secure.gravatar.com\/avatar\/d9c52a9a27c32119cb6679a077fa3e2779e5f822c451cbf01098004361d466ec?s=96&d=mm&r=g\",\"caption\":\"admin\"},\"url\":\"https:\/\/www.zerdab.com\/?author=1\"}]}<\/script>\n<!-- \/ Yoast SEO plugin. -->","yoast_head_json":{"title":"Nazir Vilay\u0259t Eyvazov polis mayoru R\u0259\u015fad X\u0259lilovu y\u00fcks\u0259k v\u0259zif\u0259y\u0259 t\u0259yin etdi - Z\u0259rdab.com","robots":{"index":"index","follow":"follow","max-snippet":"max-snippet:-1","max-image-preview":"max-image-preview:large","max-video-preview":"max-video-preview:-1"},"canonical":"https:\/\/www.zerdab.com\/?p=29663","og_locale":"az_AZ","og_type":"article","og_title":"Nazir Vilay\u0259t Eyvazov polis mayoru R\u0259\u015fad X\u0259lilovu y\u00fcks\u0259k v\u0259zif\u0259y\u0259 t\u0259yin etdi - Z\u0259rdab.com","og_description":"Daxili i\u015fl\u0259r orqanlar\u0131nda yeni kadr t\u0259yinat\u0131 olub. Zerdab.com sayt\u0131 x\u0259b\u0259r verir ki, polis mayoru R\u0259\u015fad X\u0259lilov Hac\u0131qabul Rayon Polis \u015e\u00f6b\u0259sinin D\u00f6vl\u0259t Yol Polisi b\u00f6lm\u0259sinin r\u0259isi t\u0259yin olunub. Bununla ba\u011fl\u0131 daxili i\u015fl\u0259r naziri general-polkovnik Vilay\u0259t Eyvazov m\u00fcvafiq \u0259mr imzalay\u0131b. M\u0259lumat \u00fc\u00e7\u00fcn bildir\u0259k ki, h\u0259myerlimiz, polis kapitan\u0131 R\u0259\u015fad X\u0259lilov uzun ill\u0259r Z\u0259rdab Rayon Polis \u015e\u00f6b\u0259sinin D\u00f6vl\u0259t Yol [&hellip;]","og_url":"https:\/\/www.zerdab.com\/?p=29663","og_site_name":"Z\u0259rdab.com","article_published_time":"2022-10-05T14:05:39+00:00","article_modified_time":"2022-10-05T14:09:10+00:00","og_image":[{"width":600,"height":387,"url":"https:\/\/www.zerdab.com\/wp-content\/uploads\/2022\/10\/resad-xelilov-zerdab-dyp.gif","type":"image\/gif"}],"author":"admin","twitter_card":"summary_large_image","twitter_misc":{"Written by":"admin","Est. reading time":"1 minute"},"schema":{"@context":"https:\/\/schema.org","@graph":[{"@type":"Article","@id":"https:\/\/www.zerdab.com\/?p=29663#article","isPartOf":{"@id":"https:\/\/www.zerdab.com\/?p=29663"},"author":{"name":"admin","@id":"https:\/\/www.zerdab.com\/#\/schema\/person\/97079b7570c1e89ec0d9e138c3672136"},"headline":"Nazir Vilay\u0259t Eyvazov polis mayoru R\u0259\u015fad X\u0259lilovu y\u00fcks\u0259k v\u0259zif\u0259y\u0259 t\u0259yin etdi","datePublished":"2022-10-05T14:05:39+00:00","dateModified":"2022-10-05T14:09:10+00:00","mainEntityOfPage":{"@id":"https:\/\/www.zerdab.com\/?p=29663"},"wordCount":202,"image":{"@id":"https:\/\/www.zerdab.com\/?p=29663#primaryimage"},"thumbnailUrl":"https:\/\/www.zerdab.com\/wp-content\/uploads\/2022\/10\/resad-xelilov-zerdab-dyp.gif","articleSection":["MAN\u015eET","X\u018fB\u018fRL\u018fR"],"inLanguage":"az"},{"@type":"WebPage","@id":"https:\/\/www.zerdab.com\/?p=29663","url":"https:\/\/www.zerdab.com\/?p=29663","name":"Nazir Vilay\u0259t Eyvazov polis mayoru R\u0259\u015fad X\u0259lilovu y\u00fcks\u0259k v\u0259zif\u0259y\u0259 t\u0259yin etdi - Z\u0259rdab.com","isPartOf":{"@id":"https:\/\/www.zerdab.com\/#website"},"primaryImageOfPage":{"@id":"https:\/\/www.zerdab.com\/?p=29663#primaryimage"},"image":{"@id":"https:\/\/www.zerdab.com\/?p=29663#primaryimage"},"thumbnailUrl":"https:\/\/www.zerdab.com\/wp-content\/uploads\/2022\/10\/resad-xelilov-zerdab-dyp.gif","datePublished":"2022-10-05T14:05:39+00:00","dateModified":"2022-10-05T14:09:10+00:00","author":{"@id":"https:\/\/www.zerdab.com\/#\/schema\/person\/97079b7570c1e89ec0d9e138c3672136"},"breadcrumb":{"@id":"https:\/\/www.zerdab.com\/?p=29663#breadcrumb"},"inLanguage":"az","potentialAction":[{"@type":"ReadAction","target":["https:\/\/www.zerdab.com\/?p=29663"]}]},{"@type":"ImageObject","inLanguage":"az","@id":"https:\/\/www.zerdab.com\/?p=29663#primaryimage","url":"https:\/\/www.zerdab.com\/wp-content\/uploads\/2022\/10\/resad-xelilov-zerdab-dyp.gif","contentUrl":"https:\/\/www.zerdab.com\/wp-content\/uploads\/2022\/10\/resad-xelilov-zerdab-dyp.gif","width":600,"height":387,"caption":"resad-xelilov-zerdab-dyp"},{"@type":"BreadcrumbList","@id":"https:\/\/www.zerdab.com\/?p=29663#breadcrumb","itemListElement":[{"@type":"ListItem","position":1,"name":"Home","item":"https:\/\/www.zerdab.com\/"},{"@type":"ListItem","position":2,"name":"Nazir Vilay\u0259t Eyvazov polis mayoru R\u0259\u015fad X\u0259lilovu y\u00fcks\u0259k v\u0259zif\u0259y\u0259 t\u0259yin etdi"}]},{"@type":"WebSite","@id":"https:\/\/www.zerdab.com\/#website","url":"https:\/\/www.zerdab.com\/","name":"Z\u0259rdab.com","description":"","potentialAction":[{"@type":"SearchAction","target":{"@type":"EntryPoint","urlTemplate":"https:\/\/www.zerdab.com\/?s={search_term_string}"},"query-input":{"@type":"PropertyValueSpecification","valueRequired":true,"valueName":"search_term_string"}}],"inLanguage":"az"},{"@type":"Person","@id":"https:\/\/www.zerdab.com\/#\/schema\/person\/97079b7570c1e89ec0d9e138c3672136","name":"admin","image":{"@type":"ImageObject","inLanguage":"az","@id":"https:\/\/www.zerdab.com\/#\/schema\/person\/image\/","url":"https:\/\/secure.gravatar.com\/avatar\/d9c52a9a27c32119cb6679a077fa3e2779e5f822c451cbf01098004361d466ec?s=96&d=mm&r=g","contentUrl":"https:\/\/secure.gravatar.com\/avatar\/d9c52a9a27c32119cb6679a077fa3e2779e5f822c451cbf01098004361d466ec?s=96&d=mm&r=g","caption":"admin"},"url":"https:\/\/www.zerdab.com\/?author=1"}]}},"_links":{"self":[{"href":"https:\/\/www.zerdab.com\/index.php?rest_route=\/wp\/v2\/posts\/29663","targetHints":{"allow":["GET"]}}],"collection":[{"href":"https:\/\/www.zerdab.com\/index.php?rest_route=\/wp\/v2\/posts"}],"about":[{"href":"https:\/\/www.zerdab.com\/index.php?rest_route=\/wp\/v2\/types\/post"}],"author":[{"embeddable":true,"href":"https:\/\/www.zerdab.com\/index.php?rest_route=\/wp\/v2\/users\/1"}],"replies":[{"embeddable":true,"href":"https:\/\/www.zerdab.com\/index.php?rest_route=%2Fwp%2Fv2%2Fcomments&post=29663"}],"version-history":[{"count":3,"href":"https:\/\/www.zerdab.com\/index.php?rest_route=\/wp\/v2\/posts\/29663\/revisions"}],"predecessor-version":[{"id":29667,"href":"https:\/\/www.zerdab.com\/index.php?rest_route=\/wp\/v2\/posts\/29663\/revisions\/29667"}],"wp:featuredmedia":[{"embeddable":true,"href":"https:\/\/www.zerdab.com\/index.php?rest_route=\/wp\/v2\/media\/29664"}],"wp:attachment":[{"href":"https:\/\/www.zerdab.com\/index.php?rest_route=%2Fwp%2Fv2%2Fmedia&parent=29663"}],"wp:term":[{"taxonomy":"category","embeddable":true,"href":"https:\/\/www.zerdab.com\/index.php?rest_route=%2Fwp%2Fv2%2Fcategories&post=29663"},{"taxonomy":"post_tag","embeddable":true,"href":"https:\/\/www.zerdab.com\/index.php?rest_route=%2Fwp%2Fv2%2Ftags&post=29663"}],"curies":[{"name":"wp","href":"https:\/\/api.w.org\/{rel}","templated":true}]}}