{"id":29669,"date":"2022-10-08T14:36:12","date_gmt":"2022-10-08T10:36:12","guid":{"rendered":"http:\/\/www.zerdab.com\/?p=29669"},"modified":"2022-10-08T19:21:04","modified_gmt":"2022-10-08T15:21:04","slug":"rusiyadan-ukraynaya-kecm%c9%99k-ist%c9%99y%c9%99n-z%c9%99rdablilar-olduruldul%c9%99r-v%c9%99kild%c9%99n-aciqlama","status":"publish","type":"post","link":"https:\/\/www.zerdab.com\/?p=29669","title":{"rendered":"Ukraynada iki z\u0259rdabl\u0131 qarda\u015f\u0131n \u00f6l\u00fcm\u00fc il\u0259 ba\u011fl\u0131 t\u0259f\u0259rr\u00fcatlar &#8211; Ma\u015f\u0131n\u0131 h\u0259rbi ma\u015f\u0131n\u0131n yan\u0131nda dayan\u0131bm\u0131\u015f"},"content":{"rendered":"<p><strong>Z\u0259rdab\u0131n M\u0259mm\u0259dqas\u0131ml\u0131 k\u0259nd icra n\u00fcmay\u0259nd\u0259si M\u0259tl\u0259b M\u00fcz\u0259ff\u0259rovun avtobusun vurulmas\u0131 zaman\u0131 4 k\u0259nd sakinin \u00f6lm\u0259si il\u0259 ba\u011fl\u0131 x\u0259b\u0259rl\u0259r\u0259 m\u00fcnasib\u0259t bildirib.\u00a0<\/strong><\/p>\n<p><strong>Zerdab.com<\/strong> sayt\u0131 &#8220;qafqazinfo&#8221;ya istinad\u0259n x\u0259b\u0259r verir ki, sosial \u015f\u0259b\u0259k\u0259d\u0259 yay\u0131lan m\u0259lumatlar h\u0259qiq\u0259ti \u0259ks etdirmir.<\/p>\n<p>O bildirib ki, \u00f6t\u0259n g\u00fcn s\u0259h\u0259r saatlar\u0131nda Ukraynan\u0131n Xerson vilay\u0259tind\u0259 M\u0259mm\u0259dqas\u0131ml\u0131 k\u0259ndind\u0259n olan iki qarda\u015f h\u0259lak olub. Bunlar 1960-ci il t\u0259v\u0259ll\u00fcdl\u00fc U\u011furluyev G\u00fcla\u011fa H\u0259s\u0259n o\u011flu v\u0259 1973-c\u00fc il t\u0259v\u0259ll\u00fcdl\u00fc U\u011furluyev F\u0259qan H\u0259s\u0259n o\u011fludur.<\/p>\n<p>M\u0259lumata g\u00f6r\u0259, onlar ruslar t\u0259r\u0259find\u0259n at\u0131lan raket n\u0259tic\u0259sind\u0259 \u00f6l\u00fcbl\u0259r. Bel\u0259 ki, hadis\u0259 zaman\u0131 qarda\u015flar\u0131n \u015f\u0259xsi avtomobili Rusiya Silahl\u0131 Q\u00fcvv\u0259l\u0259ri t\u0259r\u0259find\u0259n h\u0259d\u0259fd\u0259 olan h\u0259rbi ma\u015f\u0131n\u0131n yan\u0131nda dayan\u0131b. Qarda\u015flar Donetsk vilay\u0259tind\u0259 ya\u015fay\u0131rm\u0131\u015f.<\/p>\n<p>Qeyd ed\u0259k ki, v\u0259kil Aqil Lay\u0131c \u00f6z feysbuk hesab\u0131nda Z\u0259rdab rayonunun M\u0259mm\u0259dqas\u0131ml\u0131 k\u0259ndind\u0259n 4 sakinin partlay\u0131\u015fda h\u0259lak oldu\u011funu bildirmi\u015fdi.<\/p>\n<p>***<\/p>\n<p><strong>\u018fvv\u0259lki x\u0259b\u0259r<\/strong><\/p>\n<p><strong>Ukrayna-Rusiya s\u0259rh\u0259dind\u0259 az\u0259rbaycanl\u0131lar\u0131n oldu\u011fu avtobus at\u0259\u015f\u0259 m\u0259ruz qal\u0131b.<\/strong><\/p>\n<p><strong>Zerdab.com<\/strong> sayt\u0131 x\u0259b\u0259r verir ki, bu bar\u0259d\u0259 v\u0259kil Aqil Lay\u0131c \u00f6z feysbuk hesab\u0131nda m\u0259lumat payla\u015f\u0131b.<\/p>\n<p>O bildirib ki, i\u00e7\u0259risind\u0259 \u00e7oxsayl\u0131 s\u0259rni\u015finl\u0259rin oldu\u011fu avtobus Xerson istiqam\u0259tind\u0259 vurulub. At\u0259\u015fin Rusiya Silahl\u0131 Q\u00fcvv\u0259l\u0259ri m\u0259nsublar\u0131 t\u0259r\u0259find\u0259n a\u00e7\u0131ld\u0131\u011f\u0131 qeyd edilib.<\/p>\n<p>Hadis\u0259 n\u0259tic\u0259sind\u0259 avtobusdak\u0131 \u015f\u0259xsl\u0259rin h\u0259lak oldu\u011fu bildirilib.<\/p>\n<p>Onlar\u0131n 4-\u00fc Z\u0259rdab rayonunun M\u0259mm\u0259dqas\u0131ml\u0131 k\u0259nd sakinl\u0259ri oldu\u011fu bildirilir.<\/p>\n<p>M\u0259lumata g\u00f6r\u0259, Rusiya-Ukrayna s\u0259rh\u0259dind\u0259n qar\u015f\u0131 t\u0259r\u0259f\u0259 ke\u00e7m\u0259k ist\u0259y\u0259n \u015f\u0259xsl\u0259r Rusiyadak\u0131 qism\u0259n s\u0259f\u0259rb\u0259rlikl\u0259 \u0259laq\u0259dar bu \u00f6lk\u0259ni t\u0259rk etm\u0259k niyy\u0259tind\u0259 olublar.<\/p>\n<p>\u201cRusiya quldurlar\u0131 Ukrayna t\u0259r\u0259f\u0259 ke\u00e7m\u0259k ist\u0259y\u0259n az\u0259rbaycanl\u0131lar\u0131 da\u015f\u0131yan avtobusu partlad\u0131b. Xeyli sayda \u00f6l\u0259nl\u0259r var. Daha \u00e7ox Z\u0259rdab rayonundan olan h\u0259mv\u0259t\u0259nl\u0259rimiz h\u0259lak olub. Z\u0259rdab\u0131n t\u0259k bir k\u0259ndind\u0259n 4 n\u0259f\u0259r \u00f6ld\u00fcr\u00fcl\u00fcb. Ham\u0131s\u0131 da dolan\u0131\u015f\u0131q \u00fc\u00e7\u00fcn rus torpaqlar\u0131na ged\u0259nl\u0259rdir. \u00d6lk\u0259d\u0259n dolan\u0131\u015f\u0131q \u00fc\u00e7\u00fcn qa\u00e7asan v\u0259 ax\u0131rda da bel\u0259 faci\u0259 il\u0259 \u00fczl\u0259\u015f\u0259s\u0259n\u201d, &#8211; payla\u015f\u0131mda bildirilib.<br \/>\nHadis\u0259 bar\u0259d\u0259 Az\u0259rbaycanda d\u00f6vl\u0259t qurumlar\u0131 t\u0259r\u0259find\u0259n d\u0259qiql\u0259\u015fdirm\u0259l\u0259r apar\u0131l\u0131r, \u0259rafl\u0131 m\u0259lumat veril\u0259c\u0259k.<\/p>\n<p>Qeyd ed\u0259k ki, \u00f6t\u0259n g\u00fcn Z\u0259rdab rayonunun M\u0259mm\u0259dqas\u0131ml\u0131 k\u0259ndind\u0259n olan iki n\u0259f\u0259rin &#8211; Xersonda h\u0259lak oldu\u011fu a\u00e7\u0131qlanm\u0131\u015fd\u0131.<\/p>\n<p>\u00d6l\u0259nl\u0259r G\u00fcla\u011fa v\u0259 F\u0259qan qarda\u015flar\u0131d\u0131r.<\/p>\n<p><strong>Zerdab.com<\/strong><\/p>\n","protected":false},"excerpt":{"rendered":"<p>Z\u0259rdab\u0131n M\u0259mm\u0259dqas\u0131ml\u0131 k\u0259nd icra n\u00fcmay\u0259nd\u0259si M\u0259tl\u0259b M\u00fcz\u0259ff\u0259rovun avtobusun vurulmas\u0131 zaman\u0131 4 k\u0259nd sakinin \u00f6lm\u0259si il\u0259 ba\u011fl\u0131 x\u0259b\u0259rl\u0259r\u0259 m\u00fcnasib\u0259t bildirib.\u00a0 Zerdab.com sayt\u0131 &#8220;qafqazinfo&#8221;ya istinad\u0259n x\u0259b\u0259r verir ki, sosial \u015f\u0259b\u0259k\u0259d\u0259 yay\u0131lan m\u0259lumatlar h\u0259qiq\u0259ti \u0259ks etdirmir. O bildirib ki, \u00f6t\u0259n g\u00fcn s\u0259h\u0259r saatlar\u0131nda Ukraynan\u0131n Xerson vilay\u0259tind\u0259 M\u0259mm\u0259dqas\u0131ml\u0131 k\u0259ndind\u0259n olan iki qarda\u015f h\u0259lak olub. Bunlar 1960-ci il t\u0259v\u0259ll\u00fcdl\u00fc U\u011furluyev [&hellip;]<\/p>\n","protected":false},"author":1,"featured_media":29519,"comment_status":"closed","ping_status":"closed","sticky":false,"template":"","format":"standard","meta":{"footnotes":""},"categories":[63,5],"tags":[],"class_list":{"0":"post-29669","1":"post","2":"type-post","3":"status-publish","4":"format-standard","5":"has-post-thumbnail","7":"category-manset","8":"category-knd"},"yoast_head":"<!-- This site is optimized with the Yoast SEO plugin v27.0 - https:\/\/yoast.com\/product\/yoast-seo-wordpress\/ -->\n<title>Ukraynada iki z\u0259rdabl\u0131 qarda\u015f\u0131n \u00f6l\u00fcm\u00fc il\u0259 ba\u011fl\u0131 t\u0259f\u0259rr\u00fcatlar - Ma\u015f\u0131n\u0131 h\u0259rbi ma\u015f\u0131n\u0131n yan\u0131nda dayan\u0131bm\u0131\u015f - Z\u0259rdab.com<\/title>\n<meta name=\"robots\" content=\"index, follow, max-snippet:-1, max-image-preview:large, max-video-preview:-1\" \/>\n<link rel=\"canonical\" href=\"https:\/\/www.zerdab.com\/?p=29669\" \/>\n<meta property=\"og:locale\" content=\"az_AZ\" \/>\n<meta property=\"og:type\" content=\"article\" \/>\n<meta property=\"og:title\" content=\"Ukraynada iki z\u0259rdabl\u0131 qarda\u015f\u0131n \u00f6l\u00fcm\u00fc il\u0259 ba\u011fl\u0131 t\u0259f\u0259rr\u00fcatlar - Ma\u015f\u0131n\u0131 h\u0259rbi ma\u015f\u0131n\u0131n yan\u0131nda dayan\u0131bm\u0131\u015f - Z\u0259rdab.com\" \/>\n<meta property=\"og:description\" content=\"Z\u0259rdab\u0131n M\u0259mm\u0259dqas\u0131ml\u0131 k\u0259nd icra n\u00fcmay\u0259nd\u0259si M\u0259tl\u0259b M\u00fcz\u0259ff\u0259rovun avtobusun vurulmas\u0131 zaman\u0131 4 k\u0259nd sakinin \u00f6lm\u0259si il\u0259 ba\u011fl\u0131 x\u0259b\u0259rl\u0259r\u0259 m\u00fcnasib\u0259t bildirib.\u00a0 Zerdab.com sayt\u0131 &#8220;qafqazinfo&#8221;ya istinad\u0259n x\u0259b\u0259r verir ki, sosial \u015f\u0259b\u0259k\u0259d\u0259 yay\u0131lan m\u0259lumatlar h\u0259qiq\u0259ti \u0259ks etdirmir. O bildirib ki, \u00f6t\u0259n g\u00fcn s\u0259h\u0259r saatlar\u0131nda Ukraynan\u0131n Xerson vilay\u0259tind\u0259 M\u0259mm\u0259dqas\u0131ml\u0131 k\u0259ndind\u0259n olan iki qarda\u015f h\u0259lak olub. Bunlar 1960-ci il t\u0259v\u0259ll\u00fcdl\u00fc U\u011furluyev [&hellip;]\" \/>\n<meta property=\"og:url\" content=\"https:\/\/www.zerdab.com\/?p=29669\" \/>\n<meta property=\"og:site_name\" content=\"Z\u0259rdab.com\" \/>\n<meta property=\"article:published_time\" content=\"2022-10-08T10:36:12+00:00\" \/>\n<meta property=\"article:modified_time\" content=\"2022-10-08T15:21:04+00:00\" \/>\n<meta property=\"og:image\" content=\"https:\/\/www.zerdab.com\/wp-content\/uploads\/2022\/02\/zerdab-rayonu-z\u0259rdab-rayonu.jpg\" \/>\n\t<meta property=\"og:image:width\" content=\"960\" \/>\n\t<meta property=\"og:image:height\" content=\"793\" \/>\n\t<meta property=\"og:image:type\" content=\"image\/jpeg\" \/>\n<meta name=\"author\" content=\"admin\" \/>\n<meta name=\"twitter:card\" content=\"summary_large_image\" \/>\n<meta name=\"twitter:label1\" content=\"Written by\" \/>\n\t<meta name=\"twitter:data1\" content=\"admin\" \/>\n\t<meta name=\"twitter:label2\" content=\"Est. reading time\" \/>\n\t<meta name=\"twitter:data2\" content=\"3 minutes\" \/>\n<script type=\"application\/ld+json\" class=\"yoast-schema-graph\">{\"@context\":\"https:\/\/schema.org\",\"@graph\":[{\"@type\":\"Article\",\"@id\":\"https:\/\/www.zerdab.com\/?p=29669#article\",\"isPartOf\":{\"@id\":\"https:\/\/www.zerdab.com\/?p=29669\"},\"author\":{\"name\":\"admin\",\"@id\":\"https:\/\/www.zerdab.com\/#\/schema\/person\/97079b7570c1e89ec0d9e138c3672136\"},\"headline\":\"Ukraynada iki z\u0259rdabl\u0131 qarda\u015f\u0131n \u00f6l\u00fcm\u00fc il\u0259 ba\u011fl\u0131 t\u0259f\u0259rr\u00fcatlar &#8211; Ma\u015f\u0131n\u0131 h\u0259rbi ma\u015f\u0131n\u0131n yan\u0131nda dayan\u0131bm\u0131\u015f\",\"datePublished\":\"2022-10-08T10:36:12+00:00\",\"dateModified\":\"2022-10-08T15:21:04+00:00\",\"mainEntityOfPage\":{\"@id\":\"https:\/\/www.zerdab.com\/?p=29669\"},\"wordCount\":559,\"image\":{\"@id\":\"https:\/\/www.zerdab.com\/?p=29669#primaryimage\"},\"thumbnailUrl\":\"https:\/\/www.zerdab.com\/wp-content\/uploads\/2022\/02\/zerdab-rayonu-z\u0259rdab-rayonu.jpg\",\"articleSection\":[\"MAN\u015eET\",\"X\u018fB\u018fRL\u018fR\"],\"inLanguage\":\"az\"},{\"@type\":\"WebPage\",\"@id\":\"https:\/\/www.zerdab.com\/?p=29669\",\"url\":\"https:\/\/www.zerdab.com\/?p=29669\",\"name\":\"Ukraynada iki z\u0259rdabl\u0131 qarda\u015f\u0131n \u00f6l\u00fcm\u00fc il\u0259 ba\u011fl\u0131 t\u0259f\u0259rr\u00fcatlar - Ma\u015f\u0131n\u0131 h\u0259rbi ma\u015f\u0131n\u0131n yan\u0131nda dayan\u0131bm\u0131\u015f - Z\u0259rdab.com\",\"isPartOf\":{\"@id\":\"https:\/\/www.zerdab.com\/#website\"},\"primaryImageOfPage\":{\"@id\":\"https:\/\/www.zerdab.com\/?p=29669#primaryimage\"},\"image\":{\"@id\":\"https:\/\/www.zerdab.com\/?p=29669#primaryimage\"},\"thumbnailUrl\":\"https:\/\/www.zerdab.com\/wp-content\/uploads\/2022\/02\/zerdab-rayonu-z\u0259rdab-rayonu.jpg\",\"datePublished\":\"2022-10-08T10:36:12+00:00\",\"dateModified\":\"2022-10-08T15:21:04+00:00\",\"author\":{\"@id\":\"https:\/\/www.zerdab.com\/#\/schema\/person\/97079b7570c1e89ec0d9e138c3672136\"},\"breadcrumb\":{\"@id\":\"https:\/\/www.zerdab.com\/?p=29669#breadcrumb\"},\"inLanguage\":\"az\",\"potentialAction\":[{\"@type\":\"ReadAction\",\"target\":[\"https:\/\/www.zerdab.com\/?p=29669\"]}]},{\"@type\":\"ImageObject\",\"inLanguage\":\"az\",\"@id\":\"https:\/\/www.zerdab.com\/?p=29669#primaryimage\",\"url\":\"https:\/\/www.zerdab.com\/wp-content\/uploads\/2022\/02\/zerdab-rayonu-z\u0259rdab-rayonu.jpg\",\"contentUrl\":\"https:\/\/www.zerdab.com\/wp-content\/uploads\/2022\/02\/zerdab-rayonu-z\u0259rdab-rayonu.jpg\",\"width\":960,\"height\":793,\"caption\":\"zerdab-rayonu-z\u0259rdab-rayonu\"},{\"@type\":\"BreadcrumbList\",\"@id\":\"https:\/\/www.zerdab.com\/?p=29669#breadcrumb\",\"itemListElement\":[{\"@type\":\"ListItem\",\"position\":1,\"name\":\"Home\",\"item\":\"https:\/\/www.zerdab.com\/\"},{\"@type\":\"ListItem\",\"position\":2,\"name\":\"Ukraynada iki z\u0259rdabl\u0131 qarda\u015f\u0131n \u00f6l\u00fcm\u00fc il\u0259 ba\u011fl\u0131 t\u0259f\u0259rr\u00fcatlar &#8211; Ma\u015f\u0131n\u0131 h\u0259rbi ma\u015f\u0131n\u0131n yan\u0131nda dayan\u0131bm\u0131\u015f\"}]},{\"@type\":\"WebSite\",\"@id\":\"https:\/\/www.zerdab.com\/#website\",\"url\":\"https:\/\/www.zerdab.com\/\",\"name\":\"Z\u0259rdab.com\",\"description\":\"\",\"potentialAction\":[{\"@type\":\"SearchAction\",\"target\":{\"@type\":\"EntryPoint\",\"urlTemplate\":\"https:\/\/www.zerdab.com\/?s={search_term_string}\"},\"query-input\":{\"@type\":\"PropertyValueSpecification\",\"valueRequired\":true,\"valueName\":\"search_term_string\"}}],\"inLanguage\":\"az\"},{\"@type\":\"Person\",\"@id\":\"https:\/\/www.zerdab.com\/#\/schema\/person\/97079b7570c1e89ec0d9e138c3672136\",\"name\":\"admin\",\"image\":{\"@type\":\"ImageObject\",\"inLanguage\":\"az\",\"@id\":\"https:\/\/www.zerdab.com\/#\/schema\/person\/image\/\",\"url\":\"https:\/\/secure.gravatar.com\/avatar\/d9c52a9a27c32119cb6679a077fa3e2779e5f822c451cbf01098004361d466ec?s=96&d=mm&r=g\",\"contentUrl\":\"https:\/\/secure.gravatar.com\/avatar\/d9c52a9a27c32119cb6679a077fa3e2779e5f822c451cbf01098004361d466ec?s=96&d=mm&r=g\",\"caption\":\"admin\"},\"url\":\"https:\/\/www.zerdab.com\/?author=1\"}]}<\/script>\n<!-- \/ Yoast SEO plugin. -->","yoast_head_json":{"title":"Ukraynada iki z\u0259rdabl\u0131 qarda\u015f\u0131n \u00f6l\u00fcm\u00fc il\u0259 ba\u011fl\u0131 t\u0259f\u0259rr\u00fcatlar - Ma\u015f\u0131n\u0131 h\u0259rbi ma\u015f\u0131n\u0131n yan\u0131nda dayan\u0131bm\u0131\u015f - Z\u0259rdab.com","robots":{"index":"index","follow":"follow","max-snippet":"max-snippet:-1","max-image-preview":"max-image-preview:large","max-video-preview":"max-video-preview:-1"},"canonical":"https:\/\/www.zerdab.com\/?p=29669","og_locale":"az_AZ","og_type":"article","og_title":"Ukraynada iki z\u0259rdabl\u0131 qarda\u015f\u0131n \u00f6l\u00fcm\u00fc il\u0259 ba\u011fl\u0131 t\u0259f\u0259rr\u00fcatlar - Ma\u015f\u0131n\u0131 h\u0259rbi ma\u015f\u0131n\u0131n yan\u0131nda dayan\u0131bm\u0131\u015f - Z\u0259rdab.com","og_description":"Z\u0259rdab\u0131n M\u0259mm\u0259dqas\u0131ml\u0131 k\u0259nd icra n\u00fcmay\u0259nd\u0259si M\u0259tl\u0259b M\u00fcz\u0259ff\u0259rovun avtobusun vurulmas\u0131 zaman\u0131 4 k\u0259nd sakinin \u00f6lm\u0259si il\u0259 ba\u011fl\u0131 x\u0259b\u0259rl\u0259r\u0259 m\u00fcnasib\u0259t bildirib.\u00a0 Zerdab.com sayt\u0131 &#8220;qafqazinfo&#8221;ya istinad\u0259n x\u0259b\u0259r verir ki, sosial \u015f\u0259b\u0259k\u0259d\u0259 yay\u0131lan m\u0259lumatlar h\u0259qiq\u0259ti \u0259ks etdirmir. O bildirib ki, \u00f6t\u0259n g\u00fcn s\u0259h\u0259r saatlar\u0131nda Ukraynan\u0131n Xerson vilay\u0259tind\u0259 M\u0259mm\u0259dqas\u0131ml\u0131 k\u0259ndind\u0259n olan iki qarda\u015f h\u0259lak olub. Bunlar 1960-ci il t\u0259v\u0259ll\u00fcdl\u00fc U\u011furluyev [&hellip;]","og_url":"https:\/\/www.zerdab.com\/?p=29669","og_site_name":"Z\u0259rdab.com","article_published_time":"2022-10-08T10:36:12+00:00","article_modified_time":"2022-10-08T15:21:04+00:00","og_image":[{"width":960,"height":793,"url":"https:\/\/www.zerdab.com\/wp-content\/uploads\/2022\/02\/zerdab-rayonu-z\u0259rdab-rayonu.jpg","type":"image\/jpeg"}],"author":"admin","twitter_card":"summary_large_image","twitter_misc":{"Written by":"admin","Est. reading time":"3 minutes"},"schema":{"@context":"https:\/\/schema.org","@graph":[{"@type":"Article","@id":"https:\/\/www.zerdab.com\/?p=29669#article","isPartOf":{"@id":"https:\/\/www.zerdab.com\/?p=29669"},"author":{"name":"admin","@id":"https:\/\/www.zerdab.com\/#\/schema\/person\/97079b7570c1e89ec0d9e138c3672136"},"headline":"Ukraynada iki z\u0259rdabl\u0131 qarda\u015f\u0131n \u00f6l\u00fcm\u00fc il\u0259 ba\u011fl\u0131 t\u0259f\u0259rr\u00fcatlar &#8211; Ma\u015f\u0131n\u0131 h\u0259rbi ma\u015f\u0131n\u0131n yan\u0131nda dayan\u0131bm\u0131\u015f","datePublished":"2022-10-08T10:36:12+00:00","dateModified":"2022-10-08T15:21:04+00:00","mainEntityOfPage":{"@id":"https:\/\/www.zerdab.com\/?p=29669"},"wordCount":559,"image":{"@id":"https:\/\/www.zerdab.com\/?p=29669#primaryimage"},"thumbnailUrl":"https:\/\/www.zerdab.com\/wp-content\/uploads\/2022\/02\/zerdab-rayonu-z\u0259rdab-rayonu.jpg","articleSection":["MAN\u015eET","X\u018fB\u018fRL\u018fR"],"inLanguage":"az"},{"@type":"WebPage","@id":"https:\/\/www.zerdab.com\/?p=29669","url":"https:\/\/www.zerdab.com\/?p=29669","name":"Ukraynada iki z\u0259rdabl\u0131 qarda\u015f\u0131n \u00f6l\u00fcm\u00fc il\u0259 ba\u011fl\u0131 t\u0259f\u0259rr\u00fcatlar - Ma\u015f\u0131n\u0131 h\u0259rbi ma\u015f\u0131n\u0131n yan\u0131nda dayan\u0131bm\u0131\u015f - Z\u0259rdab.com","isPartOf":{"@id":"https:\/\/www.zerdab.com\/#website"},"primaryImageOfPage":{"@id":"https:\/\/www.zerdab.com\/?p=29669#primaryimage"},"image":{"@id":"https:\/\/www.zerdab.com\/?p=29669#primaryimage"},"thumbnailUrl":"https:\/\/www.zerdab.com\/wp-content\/uploads\/2022\/02\/zerdab-rayonu-z\u0259rdab-rayonu.jpg","datePublished":"2022-10-08T10:36:12+00:00","dateModified":"2022-10-08T15:21:04+00:00","author":{"@id":"https:\/\/www.zerdab.com\/#\/schema\/person\/97079b7570c1e89ec0d9e138c3672136"},"breadcrumb":{"@id":"https:\/\/www.zerdab.com\/?p=29669#breadcrumb"},"inLanguage":"az","potentialAction":[{"@type":"ReadAction","target":["https:\/\/www.zerdab.com\/?p=29669"]}]},{"@type":"ImageObject","inLanguage":"az","@id":"https:\/\/www.zerdab.com\/?p=29669#primaryimage","url":"https:\/\/www.zerdab.com\/wp-content\/uploads\/2022\/02\/zerdab-rayonu-z\u0259rdab-rayonu.jpg","contentUrl":"https:\/\/www.zerdab.com\/wp-content\/uploads\/2022\/02\/zerdab-rayonu-z\u0259rdab-rayonu.jpg","width":960,"height":793,"caption":"zerdab-rayonu-z\u0259rdab-rayonu"},{"@type":"BreadcrumbList","@id":"https:\/\/www.zerdab.com\/?p=29669#breadcrumb","itemListElement":[{"@type":"ListItem","position":1,"name":"Home","item":"https:\/\/www.zerdab.com\/"},{"@type":"ListItem","position":2,"name":"Ukraynada iki z\u0259rdabl\u0131 qarda\u015f\u0131n \u00f6l\u00fcm\u00fc il\u0259 ba\u011fl\u0131 t\u0259f\u0259rr\u00fcatlar &#8211; Ma\u015f\u0131n\u0131 h\u0259rbi ma\u015f\u0131n\u0131n yan\u0131nda dayan\u0131bm\u0131\u015f"}]},{"@type":"WebSite","@id":"https:\/\/www.zerdab.com\/#website","url":"https:\/\/www.zerdab.com\/","name":"Z\u0259rdab.com","description":"","potentialAction":[{"@type":"SearchAction","target":{"@type":"EntryPoint","urlTemplate":"https:\/\/www.zerdab.com\/?s={search_term_string}"},"query-input":{"@type":"PropertyValueSpecification","valueRequired":true,"valueName":"search_term_string"}}],"inLanguage":"az"},{"@type":"Person","@id":"https:\/\/www.zerdab.com\/#\/schema\/person\/97079b7570c1e89ec0d9e138c3672136","name":"admin","image":{"@type":"ImageObject","inLanguage":"az","@id":"https:\/\/www.zerdab.com\/#\/schema\/person\/image\/","url":"https:\/\/secure.gravatar.com\/avatar\/d9c52a9a27c32119cb6679a077fa3e2779e5f822c451cbf01098004361d466ec?s=96&d=mm&r=g","contentUrl":"https:\/\/secure.gravatar.com\/avatar\/d9c52a9a27c32119cb6679a077fa3e2779e5f822c451cbf01098004361d466ec?s=96&d=mm&r=g","caption":"admin"},"url":"https:\/\/www.zerdab.com\/?author=1"}]}},"_links":{"self":[{"href":"https:\/\/www.zerdab.com\/index.php?rest_route=\/wp\/v2\/posts\/29669","targetHints":{"allow":["GET"]}}],"collection":[{"href":"https:\/\/www.zerdab.com\/index.php?rest_route=\/wp\/v2\/posts"}],"about":[{"href":"https:\/\/www.zerdab.com\/index.php?rest_route=\/wp\/v2\/types\/post"}],"author":[{"embeddable":true,"href":"https:\/\/www.zerdab.com\/index.php?rest_route=\/wp\/v2\/users\/1"}],"replies":[{"embeddable":true,"href":"https:\/\/www.zerdab.com\/index.php?rest_route=%2Fwp%2Fv2%2Fcomments&post=29669"}],"version-history":[{"count":6,"href":"https:\/\/www.zerdab.com\/index.php?rest_route=\/wp\/v2\/posts\/29669\/revisions"}],"predecessor-version":[{"id":29676,"href":"https:\/\/www.zerdab.com\/index.php?rest_route=\/wp\/v2\/posts\/29669\/revisions\/29676"}],"wp:featuredmedia":[{"embeddable":true,"href":"https:\/\/www.zerdab.com\/index.php?rest_route=\/wp\/v2\/media\/29519"}],"wp:attachment":[{"href":"https:\/\/www.zerdab.com\/index.php?rest_route=%2Fwp%2Fv2%2Fmedia&parent=29669"}],"wp:term":[{"taxonomy":"category","embeddable":true,"href":"https:\/\/www.zerdab.com\/index.php?rest_route=%2Fwp%2Fv2%2Fcategories&post=29669"},{"taxonomy":"post_tag","embeddable":true,"href":"https:\/\/www.zerdab.com\/index.php?rest_route=%2Fwp%2Fv2%2Ftags&post=29669"}],"curies":[{"name":"wp","href":"https:\/\/api.w.org\/{rel}","templated":true}]}}