{"id":29677,"date":"2022-10-10T18:04:47","date_gmt":"2022-10-10T14:04:47","guid":{"rendered":"http:\/\/www.zerdab.com\/?p=29677"},"modified":"2022-10-10T18:04:47","modified_gmt":"2022-10-10T14:04:47","slug":"ukraynada-h%c9%99lak-olan-qardaslar-z%c9%99rdabda-d%c9%99fn-edildil%c9%99r-video","status":"publish","type":"post","link":"https:\/\/www.zerdab.com\/?p=29677","title":{"rendered":"Ukraynada h\u0259lak olan qarda\u015flar Z\u0259rdabda d\u0259fn edildil\u0259r &#8211; V\u0130DEO"},"content":{"rendered":"<p>Ukraynada at\u0259\u015f alt\u0131na d\u00fc\u015f\u0259r\u0259k h\u0259lak olan qarda\u015flar Z\u0259rdab rayonunda d\u0259fn olunublar.<\/p>\n<p>F\u0259qan v\u0259 G\u00fcla\u011fa U\u011furluyev qarda\u015flar\u0131n\u0131n c\u0259naz\u0259l\u0259ri bu g\u00fcn Z\u0259rdab rayonuna g\u0259tirilib. Onlar M\u0259mm\u0259dqas\u0131ml\u0131 k\u0259nd q\u0259biristanl\u0131\u011f\u0131nda d\u0259fn edilibl\u0259r.<\/p>\n<p>Qeyd ed\u0259k ki, \u0259sl\u0259n Z\u0259rdab rayonunun M\u0259mm\u0259dqas\u0131ml\u0131 k\u0259ndind\u0259n olan G\u00fcla\u011fa H\u0259s\u0259n o\u011flu U\u011furluyev, qarda\u015f\u0131 F\u0259qan U\u011furluyev v\u0259 daha 2 n\u0259f\u0259r Donetskd\u0259 avtomobild\u0259 at\u0259\u015f\u0259 tutulub.<\/p>\n<p>Bazarda ticar\u0259tl\u0259 m\u0259\u015f\u011ful olan h\u0259myerlil\u0259rimizin Donetskd\u0259n y\u00fck avtomobili il\u0259 mal al\u0131b qay\u0131dark\u0259n at\u0259\u015f\u0259 tutulduqlar\u0131 bildirilir.<\/p>\n<p>Onlar hadis\u0259 yerind\u0259 \u00f6l\u00fcbl\u0259r.<\/p>\n<div class=\"gallery\">\n<div class=\"gallery-i\">\n<div class=\"gallery-i-caption\"><\/div>\n<\/div>\n<\/div>\n<div class=\"youtube-embed\" data-video_id=\"RWo-eBrgP14\"><iframe loading=\"lazy\" title=\"Ukraynada h\u0259lak olan qarda\u015flar Z\u0259rdabda d\u0259fn edilib - APA TV\" width=\"696\" height=\"392\" src=\"https:\/\/www.youtube.com\/embed\/RWo-eBrgP14?feature=oembed&#038;enablejsapi=1\" frameborder=\"0\" allow=\"accelerometer; autoplay; clipboard-write; encrypted-media; gyroscope; picture-in-picture\" allowfullscreen><\/iframe><\/div>\n","protected":false},"excerpt":{"rendered":"<p>Ukraynada at\u0259\u015f alt\u0131na d\u00fc\u015f\u0259r\u0259k h\u0259lak olan qarda\u015flar Z\u0259rdab rayonunda d\u0259fn olunublar. F\u0259qan v\u0259 G\u00fcla\u011fa U\u011furluyev qarda\u015flar\u0131n\u0131n c\u0259naz\u0259l\u0259ri bu g\u00fcn Z\u0259rdab rayonuna g\u0259tirilib. Onlar M\u0259mm\u0259dqas\u0131ml\u0131 k\u0259nd q\u0259biristanl\u0131\u011f\u0131nda d\u0259fn edilibl\u0259r. Qeyd ed\u0259k ki, \u0259sl\u0259n Z\u0259rdab rayonunun M\u0259mm\u0259dqas\u0131ml\u0131 k\u0259ndind\u0259n olan G\u00fcla\u011fa H\u0259s\u0259n o\u011flu U\u011furluyev, qarda\u015f\u0131 F\u0259qan U\u011furluyev v\u0259 daha 2 n\u0259f\u0259r Donetskd\u0259 avtomobild\u0259 at\u0259\u015f\u0259 tutulub. Bazarda ticar\u0259tl\u0259 m\u0259\u015f\u011ful [&hellip;]<\/p>\n","protected":false},"author":1,"featured_media":28617,"comment_status":"closed","ping_status":"closed","sticky":false,"template":"","format":"standard","meta":{"footnotes":""},"categories":[63,5],"tags":[],"class_list":{"0":"post-29677","1":"post","2":"type-post","3":"status-publish","4":"format-standard","5":"has-post-thumbnail","7":"category-manset","8":"category-knd"},"yoast_head":"<!-- This site is optimized with the Yoast SEO plugin v27.0 - https:\/\/yoast.com\/product\/yoast-seo-wordpress\/ -->\n<title>Ukraynada h\u0259lak olan qarda\u015flar Z\u0259rdabda d\u0259fn edildil\u0259r - V\u0130DEO - Z\u0259rdab.com<\/title>\n<meta name=\"robots\" content=\"index, follow, max-snippet:-1, max-image-preview:large, max-video-preview:-1\" \/>\n<link rel=\"canonical\" href=\"https:\/\/www.zerdab.com\/?p=29677\" \/>\n<meta property=\"og:locale\" content=\"az_AZ\" \/>\n<meta property=\"og:type\" content=\"article\" \/>\n<meta property=\"og:title\" content=\"Ukraynada h\u0259lak olan qarda\u015flar Z\u0259rdabda d\u0259fn edildil\u0259r - V\u0130DEO - Z\u0259rdab.com\" \/>\n<meta property=\"og:description\" content=\"Ukraynada at\u0259\u015f alt\u0131na d\u00fc\u015f\u0259r\u0259k h\u0259lak olan qarda\u015flar Z\u0259rdab rayonunda d\u0259fn olunublar. F\u0259qan v\u0259 G\u00fcla\u011fa U\u011furluyev qarda\u015flar\u0131n\u0131n c\u0259naz\u0259l\u0259ri bu g\u00fcn Z\u0259rdab rayonuna g\u0259tirilib. Onlar M\u0259mm\u0259dqas\u0131ml\u0131 k\u0259nd q\u0259biristanl\u0131\u011f\u0131nda d\u0259fn edilibl\u0259r. Qeyd ed\u0259k ki, \u0259sl\u0259n Z\u0259rdab rayonunun M\u0259mm\u0259dqas\u0131ml\u0131 k\u0259ndind\u0259n olan G\u00fcla\u011fa H\u0259s\u0259n o\u011flu U\u011furluyev, qarda\u015f\u0131 F\u0259qan U\u011furluyev v\u0259 daha 2 n\u0259f\u0259r Donetskd\u0259 avtomobild\u0259 at\u0259\u015f\u0259 tutulub. Bazarda ticar\u0259tl\u0259 m\u0259\u015f\u011ful [&hellip;]\" \/>\n<meta property=\"og:url\" content=\"https:\/\/www.zerdab.com\/?p=29677\" \/>\n<meta property=\"og:site_name\" content=\"Z\u0259rdab.com\" \/>\n<meta property=\"article:published_time\" content=\"2022-10-10T14:04:47+00:00\" \/>\n<meta property=\"og:image\" content=\"https:\/\/www.zerdab.com\/wp-content\/uploads\/2020\/09\/zerdab-rayonu.jpg\" \/>\n\t<meta property=\"og:image:width\" content=\"696\" \/>\n\t<meta property=\"og:image:height\" content=\"575\" \/>\n\t<meta property=\"og:image:type\" content=\"image\/jpeg\" \/>\n<meta name=\"author\" content=\"admin\" \/>\n<meta name=\"twitter:card\" content=\"summary_large_image\" \/>\n<meta name=\"twitter:label1\" content=\"Written by\" \/>\n\t<meta name=\"twitter:data1\" content=\"admin\" \/>\n\t<meta name=\"twitter:label2\" content=\"Est. reading time\" \/>\n\t<meta name=\"twitter:data2\" content=\"1 minute\" \/>\n<script type=\"application\/ld+json\" class=\"yoast-schema-graph\">{\"@context\":\"https:\/\/schema.org\",\"@graph\":[{\"@type\":\"Article\",\"@id\":\"https:\/\/www.zerdab.com\/?p=29677#article\",\"isPartOf\":{\"@id\":\"https:\/\/www.zerdab.com\/?p=29677\"},\"author\":{\"name\":\"admin\",\"@id\":\"https:\/\/www.zerdab.com\/#\/schema\/person\/97079b7570c1e89ec0d9e138c3672136\"},\"headline\":\"Ukraynada h\u0259lak olan qarda\u015flar Z\u0259rdabda d\u0259fn edildil\u0259r &#8211; V\u0130DEO\",\"datePublished\":\"2022-10-10T14:04:47+00:00\",\"mainEntityOfPage\":{\"@id\":\"https:\/\/www.zerdab.com\/?p=29677\"},\"wordCount\":149,\"image\":{\"@id\":\"https:\/\/www.zerdab.com\/?p=29677#primaryimage\"},\"thumbnailUrl\":\"https:\/\/www.zerdab.com\/wp-content\/uploads\/2020\/09\/zerdab-rayonu.jpg\",\"articleSection\":[\"MAN\u015eET\",\"X\u018fB\u018fRL\u018fR\"],\"inLanguage\":\"az\"},{\"@type\":\"WebPage\",\"@id\":\"https:\/\/www.zerdab.com\/?p=29677\",\"url\":\"https:\/\/www.zerdab.com\/?p=29677\",\"name\":\"Ukraynada h\u0259lak olan qarda\u015flar Z\u0259rdabda d\u0259fn edildil\u0259r - V\u0130DEO - Z\u0259rdab.com\",\"isPartOf\":{\"@id\":\"https:\/\/www.zerdab.com\/#website\"},\"primaryImageOfPage\":{\"@id\":\"https:\/\/www.zerdab.com\/?p=29677#primaryimage\"},\"image\":{\"@id\":\"https:\/\/www.zerdab.com\/?p=29677#primaryimage\"},\"thumbnailUrl\":\"https:\/\/www.zerdab.com\/wp-content\/uploads\/2020\/09\/zerdab-rayonu.jpg\",\"datePublished\":\"2022-10-10T14:04:47+00:00\",\"author\":{\"@id\":\"https:\/\/www.zerdab.com\/#\/schema\/person\/97079b7570c1e89ec0d9e138c3672136\"},\"breadcrumb\":{\"@id\":\"https:\/\/www.zerdab.com\/?p=29677#breadcrumb\"},\"inLanguage\":\"az\",\"potentialAction\":[{\"@type\":\"ReadAction\",\"target\":[\"https:\/\/www.zerdab.com\/?p=29677\"]}]},{\"@type\":\"ImageObject\",\"inLanguage\":\"az\",\"@id\":\"https:\/\/www.zerdab.com\/?p=29677#primaryimage\",\"url\":\"https:\/\/www.zerdab.com\/wp-content\/uploads\/2020\/09\/zerdab-rayonu.jpg\",\"contentUrl\":\"https:\/\/www.zerdab.com\/wp-content\/uploads\/2020\/09\/zerdab-rayonu.jpg\",\"width\":696,\"height\":575,\"caption\":\"zerdab-rayonu\"},{\"@type\":\"BreadcrumbList\",\"@id\":\"https:\/\/www.zerdab.com\/?p=29677#breadcrumb\",\"itemListElement\":[{\"@type\":\"ListItem\",\"position\":1,\"name\":\"Home\",\"item\":\"https:\/\/www.zerdab.com\/\"},{\"@type\":\"ListItem\",\"position\":2,\"name\":\"Ukraynada h\u0259lak olan qarda\u015flar Z\u0259rdabda d\u0259fn edildil\u0259r &#8211; V\u0130DEO\"}]},{\"@type\":\"WebSite\",\"@id\":\"https:\/\/www.zerdab.com\/#website\",\"url\":\"https:\/\/www.zerdab.com\/\",\"name\":\"Z\u0259rdab.com\",\"description\":\"\",\"potentialAction\":[{\"@type\":\"SearchAction\",\"target\":{\"@type\":\"EntryPoint\",\"urlTemplate\":\"https:\/\/www.zerdab.com\/?s={search_term_string}\"},\"query-input\":{\"@type\":\"PropertyValueSpecification\",\"valueRequired\":true,\"valueName\":\"search_term_string\"}}],\"inLanguage\":\"az\"},{\"@type\":\"Person\",\"@id\":\"https:\/\/www.zerdab.com\/#\/schema\/person\/97079b7570c1e89ec0d9e138c3672136\",\"name\":\"admin\",\"image\":{\"@type\":\"ImageObject\",\"inLanguage\":\"az\",\"@id\":\"https:\/\/www.zerdab.com\/#\/schema\/person\/image\/\",\"url\":\"https:\/\/secure.gravatar.com\/avatar\/d9c52a9a27c32119cb6679a077fa3e2779e5f822c451cbf01098004361d466ec?s=96&d=mm&r=g\",\"contentUrl\":\"https:\/\/secure.gravatar.com\/avatar\/d9c52a9a27c32119cb6679a077fa3e2779e5f822c451cbf01098004361d466ec?s=96&d=mm&r=g\",\"caption\":\"admin\"},\"url\":\"https:\/\/www.zerdab.com\/?author=1\"}]}<\/script>\n<!-- \/ Yoast SEO plugin. -->","yoast_head_json":{"title":"Ukraynada h\u0259lak olan qarda\u015flar Z\u0259rdabda d\u0259fn edildil\u0259r - V\u0130DEO - Z\u0259rdab.com","robots":{"index":"index","follow":"follow","max-snippet":"max-snippet:-1","max-image-preview":"max-image-preview:large","max-video-preview":"max-video-preview:-1"},"canonical":"https:\/\/www.zerdab.com\/?p=29677","og_locale":"az_AZ","og_type":"article","og_title":"Ukraynada h\u0259lak olan qarda\u015flar Z\u0259rdabda d\u0259fn edildil\u0259r - V\u0130DEO - Z\u0259rdab.com","og_description":"Ukraynada at\u0259\u015f alt\u0131na d\u00fc\u015f\u0259r\u0259k h\u0259lak olan qarda\u015flar Z\u0259rdab rayonunda d\u0259fn olunublar. F\u0259qan v\u0259 G\u00fcla\u011fa U\u011furluyev qarda\u015flar\u0131n\u0131n c\u0259naz\u0259l\u0259ri bu g\u00fcn Z\u0259rdab rayonuna g\u0259tirilib. Onlar M\u0259mm\u0259dqas\u0131ml\u0131 k\u0259nd q\u0259biristanl\u0131\u011f\u0131nda d\u0259fn edilibl\u0259r. Qeyd ed\u0259k ki, \u0259sl\u0259n Z\u0259rdab rayonunun M\u0259mm\u0259dqas\u0131ml\u0131 k\u0259ndind\u0259n olan G\u00fcla\u011fa H\u0259s\u0259n o\u011flu U\u011furluyev, qarda\u015f\u0131 F\u0259qan U\u011furluyev v\u0259 daha 2 n\u0259f\u0259r Donetskd\u0259 avtomobild\u0259 at\u0259\u015f\u0259 tutulub. Bazarda ticar\u0259tl\u0259 m\u0259\u015f\u011ful [&hellip;]","og_url":"https:\/\/www.zerdab.com\/?p=29677","og_site_name":"Z\u0259rdab.com","article_published_time":"2022-10-10T14:04:47+00:00","og_image":[{"width":696,"height":575,"url":"https:\/\/www.zerdab.com\/wp-content\/uploads\/2020\/09\/zerdab-rayonu.jpg","type":"image\/jpeg"}],"author":"admin","twitter_card":"summary_large_image","twitter_misc":{"Written by":"admin","Est. reading time":"1 minute"},"schema":{"@context":"https:\/\/schema.org","@graph":[{"@type":"Article","@id":"https:\/\/www.zerdab.com\/?p=29677#article","isPartOf":{"@id":"https:\/\/www.zerdab.com\/?p=29677"},"author":{"name":"admin","@id":"https:\/\/www.zerdab.com\/#\/schema\/person\/97079b7570c1e89ec0d9e138c3672136"},"headline":"Ukraynada h\u0259lak olan qarda\u015flar Z\u0259rdabda d\u0259fn edildil\u0259r &#8211; V\u0130DEO","datePublished":"2022-10-10T14:04:47+00:00","mainEntityOfPage":{"@id":"https:\/\/www.zerdab.com\/?p=29677"},"wordCount":149,"image":{"@id":"https:\/\/www.zerdab.com\/?p=29677#primaryimage"},"thumbnailUrl":"https:\/\/www.zerdab.com\/wp-content\/uploads\/2020\/09\/zerdab-rayonu.jpg","articleSection":["MAN\u015eET","X\u018fB\u018fRL\u018fR"],"inLanguage":"az"},{"@type":"WebPage","@id":"https:\/\/www.zerdab.com\/?p=29677","url":"https:\/\/www.zerdab.com\/?p=29677","name":"Ukraynada h\u0259lak olan qarda\u015flar Z\u0259rdabda d\u0259fn edildil\u0259r - V\u0130DEO - Z\u0259rdab.com","isPartOf":{"@id":"https:\/\/www.zerdab.com\/#website"},"primaryImageOfPage":{"@id":"https:\/\/www.zerdab.com\/?p=29677#primaryimage"},"image":{"@id":"https:\/\/www.zerdab.com\/?p=29677#primaryimage"},"thumbnailUrl":"https:\/\/www.zerdab.com\/wp-content\/uploads\/2020\/09\/zerdab-rayonu.jpg","datePublished":"2022-10-10T14:04:47+00:00","author":{"@id":"https:\/\/www.zerdab.com\/#\/schema\/person\/97079b7570c1e89ec0d9e138c3672136"},"breadcrumb":{"@id":"https:\/\/www.zerdab.com\/?p=29677#breadcrumb"},"inLanguage":"az","potentialAction":[{"@type":"ReadAction","target":["https:\/\/www.zerdab.com\/?p=29677"]}]},{"@type":"ImageObject","inLanguage":"az","@id":"https:\/\/www.zerdab.com\/?p=29677#primaryimage","url":"https:\/\/www.zerdab.com\/wp-content\/uploads\/2020\/09\/zerdab-rayonu.jpg","contentUrl":"https:\/\/www.zerdab.com\/wp-content\/uploads\/2020\/09\/zerdab-rayonu.jpg","width":696,"height":575,"caption":"zerdab-rayonu"},{"@type":"BreadcrumbList","@id":"https:\/\/www.zerdab.com\/?p=29677#breadcrumb","itemListElement":[{"@type":"ListItem","position":1,"name":"Home","item":"https:\/\/www.zerdab.com\/"},{"@type":"ListItem","position":2,"name":"Ukraynada h\u0259lak olan qarda\u015flar Z\u0259rdabda d\u0259fn edildil\u0259r &#8211; V\u0130DEO"}]},{"@type":"WebSite","@id":"https:\/\/www.zerdab.com\/#website","url":"https:\/\/www.zerdab.com\/","name":"Z\u0259rdab.com","description":"","potentialAction":[{"@type":"SearchAction","target":{"@type":"EntryPoint","urlTemplate":"https:\/\/www.zerdab.com\/?s={search_term_string}"},"query-input":{"@type":"PropertyValueSpecification","valueRequired":true,"valueName":"search_term_string"}}],"inLanguage":"az"},{"@type":"Person","@id":"https:\/\/www.zerdab.com\/#\/schema\/person\/97079b7570c1e89ec0d9e138c3672136","name":"admin","image":{"@type":"ImageObject","inLanguage":"az","@id":"https:\/\/www.zerdab.com\/#\/schema\/person\/image\/","url":"https:\/\/secure.gravatar.com\/avatar\/d9c52a9a27c32119cb6679a077fa3e2779e5f822c451cbf01098004361d466ec?s=96&d=mm&r=g","contentUrl":"https:\/\/secure.gravatar.com\/avatar\/d9c52a9a27c32119cb6679a077fa3e2779e5f822c451cbf01098004361d466ec?s=96&d=mm&r=g","caption":"admin"},"url":"https:\/\/www.zerdab.com\/?author=1"}]}},"_links":{"self":[{"href":"https:\/\/www.zerdab.com\/index.php?rest_route=\/wp\/v2\/posts\/29677","targetHints":{"allow":["GET"]}}],"collection":[{"href":"https:\/\/www.zerdab.com\/index.php?rest_route=\/wp\/v2\/posts"}],"about":[{"href":"https:\/\/www.zerdab.com\/index.php?rest_route=\/wp\/v2\/types\/post"}],"author":[{"embeddable":true,"href":"https:\/\/www.zerdab.com\/index.php?rest_route=\/wp\/v2\/users\/1"}],"replies":[{"embeddable":true,"href":"https:\/\/www.zerdab.com\/index.php?rest_route=%2Fwp%2Fv2%2Fcomments&post=29677"}],"version-history":[{"count":1,"href":"https:\/\/www.zerdab.com\/index.php?rest_route=\/wp\/v2\/posts\/29677\/revisions"}],"predecessor-version":[{"id":29678,"href":"https:\/\/www.zerdab.com\/index.php?rest_route=\/wp\/v2\/posts\/29677\/revisions\/29678"}],"wp:featuredmedia":[{"embeddable":true,"href":"https:\/\/www.zerdab.com\/index.php?rest_route=\/wp\/v2\/media\/28617"}],"wp:attachment":[{"href":"https:\/\/www.zerdab.com\/index.php?rest_route=%2Fwp%2Fv2%2Fmedia&parent=29677"}],"wp:term":[{"taxonomy":"category","embeddable":true,"href":"https:\/\/www.zerdab.com\/index.php?rest_route=%2Fwp%2Fv2%2Fcategories&post=29677"},{"taxonomy":"post_tag","embeddable":true,"href":"https:\/\/www.zerdab.com\/index.php?rest_route=%2Fwp%2Fv2%2Ftags&post=29677"}],"curies":[{"name":"wp","href":"https:\/\/api.w.org\/{rel}","templated":true}]}}