{"id":29694,"date":"2022-10-25T14:08:48","date_gmt":"2022-10-25T10:08:48","guid":{"rendered":"http:\/\/www.zerdab.com\/?p=29694"},"modified":"2023-10-10T16:42:49","modified_gmt":"2023-10-10T12:42:49","slug":"z%c9%99rdabda-xtq-s%c9%99hidi-faiq-v%c9%99lizad%c9%99nin-xatir%c9%99sin%c9%99-bulaq-insa-edilib","status":"publish","type":"post","link":"https:\/\/www.zerdab.com\/?p=29694","title":{"rendered":"Z\u0259rdabda XTQ \u015f\u0259hidi Faiq V\u0259lizad\u0259nin xatir\u0259sin\u0259 bulaq in\u015fa edilib"},"content":{"rendered":"<p>Z\u0259rdab rayonunda V\u0259t\u0259n m\u00fcharib\u0259si \u015f\u0259hidi Faiq V\u0259lizad\u0259nin xatir\u0259sin\u0259 in\u015fa edilmi\u015f bula\u011f\u0131n a\u00e7\u0131l\u0131\u015f\u0131 olub.<\/p>\n<p>Bulaq kompleksi \u015f\u0259hidin do\u011fuldu\u011fu Al\u0131canl\u0131 k\u0259ndind\u0259 in\u015fa edilib.<\/p>\n<p>A\u00e7\u0131l\u0131\u015f m\u0259rasimind\u0259 \u015f\u0259hidin ail\u0259 \u00fczvl\u0259ri, rayon r\u0259smil\u0259ri, h\u00fcquq-m\u00fchafiz\u0259 orqanlar\u0131n\u0131n \u0259m\u0259kda\u015flar\u0131, \u015f\u0259hidin d\u00f6y\u00fc\u015f yolda\u015flar\u0131, qazil\u0259r v\u0259 ictimaiyy\u0259t n\u00fcmay\u0259nd\u0259l\u0259ri i\u015ftirak edibl\u0259r.<\/p>\n<p>T\u0259dbirin \u0259vv\u0259lind\u0259 F.V\u0259lizad\u0259nin \u015f\u0259hidlik zirv\u0259sin\u0259 ucalmas\u0131n\u0131n ikinci ild\u00f6n\u00fcm\u00fc m\u00fcnasib\u0259til\u0259 m\u0259zar\u0131 ziyar\u0259t edilib v\u0259 ruhuna dualar oxunub. \u00c7\u0131x\u0131\u015f ed\u0259nl\u0259r \u015f\u0259hidin V\u0259t\u0259n m\u00fcharib\u0259sind\u0259 n\u00fcmayi\u015f etdirdiyi q\u0259hr\u0259manl\u0131qdan, \u015f\u00fcca\u0259td\u0259n v\u0259 igidlikd\u0259n geni\u015f s\u00f6hb\u0259t a\u00e7\u0131blar.<\/p>\n<p>Qeyd olunub ki, F.V\u0259lizad\u0259 h\u0259l\u0259 u\u015faql\u0131qdan qorxmazl\u0131\u011f\u0131 v\u0259 igidliyi il\u0259 dig\u0259rl\u0259rind\u0259n f\u0259rql\u0259nib. Onun V\u0259t\u0259n\u0259 ba\u011fl\u0131l\u0131\u011f\u0131 da milli ruhda b\u00f6y\u00fcm\u0259sind\u0259n ir\u0259li g\u0259lib.<\/p>\n<p>Xat\u0131rladaq ki, Faiq Bayramo\u011flu V\u0259lizad\u0259 1997-ci il fevral\u0131n 1-d\u0259 Z\u0259rdab rayonunun Al\u0131canl\u0131 k\u0259ndind\u0259 anadan olub. X\u00fcsusi T\u0259yinatl\u0131 Q\u00fcvv\u0259l\u0259rin t\u0259rkibind\u0259 xidm\u0259t ed\u0259n gizir Faiq V\u0259lizad\u0259 V\u0259t\u0259n m\u00fcharib\u0259si zaman\u0131 Suqovu\u015fan\u0131n azadl\u0131\u011f\u0131 u\u011frunda d\u00f6y\u00fc\u015f\u00fcb. O, Suqovu\u015fan d\u00f6y\u00fc\u015fl\u0259ri zaman\u0131 d\u00fc\u015fm\u0259nin xeyli sayda canl\u0131 q\u00fcvv\u0259sinin v\u0259 texnikas\u0131n\u0131n m\u0259hv olunmas\u0131nda yax\u0131ndan i\u015ftirak edib. F.V\u0259lizad\u0259 oktyabr\u0131n 17-d\u0259 Suqovu\u015fan u\u011frunda ged\u0259n \u015fidd\u0259tli d\u00f6y\u00fc\u015fl\u0259r zaman\u0131 q\u0259rh\u0259mancas\u0131na \u015f\u0259hid olub. Oktyabr\u0131n 24-d\u0259 is\u0259 ya\u015fad\u0131\u011f\u0131 Al\u0131canl\u0131 k\u0259nd q\u0259birstanl\u0131\u011f\u0131nda torpa\u011fa tap\u015f\u0131r\u0131l\u0131b.<\/p>\n<p>Prezident \u0130lham \u018fliyevin s\u0259r\u0259ncam\u0131na \u0259sas\u0259n F.V\u0259lizad\u0259 \u00f6l\u00fcm\u00fcnd\u0259n sonra \u201cV\u0259t\u0259n u\u011frunda\u201d, \u201cSuqovu\u015fan\u0131n azad edilm\u0259sin\u0259 g\u00f6r\u0259\u201d medallar\u0131 il\u0259 t\u0259ltif edilib.<\/p>\n<p>Qeyd ed\u0259k ki, bulaq \u015f\u0259hidin ail\u0259sinin \u015f\u0259xsi v\u0259saiti hesab\u0131na in\u015fa olunub.<\/p>\n","protected":false},"excerpt":{"rendered":"<p>Z\u0259rdab rayonunda V\u0259t\u0259n m\u00fcharib\u0259si \u015f\u0259hidi Faiq V\u0259lizad\u0259nin xatir\u0259sin\u0259 in\u015fa edilmi\u015f bula\u011f\u0131n a\u00e7\u0131l\u0131\u015f\u0131 olub. Bulaq kompleksi \u015f\u0259hidin do\u011fuldu\u011fu Al\u0131canl\u0131 k\u0259ndind\u0259 in\u015fa edilib. A\u00e7\u0131l\u0131\u015f m\u0259rasimind\u0259 \u015f\u0259hidin ail\u0259 \u00fczvl\u0259ri, rayon r\u0259smil\u0259ri, h\u00fcquq-m\u00fchafiz\u0259 orqanlar\u0131n\u0131n \u0259m\u0259kda\u015flar\u0131, \u015f\u0259hidin d\u00f6y\u00fc\u015f yolda\u015flar\u0131, qazil\u0259r v\u0259 ictimaiyy\u0259t n\u00fcmay\u0259nd\u0259l\u0259ri i\u015ftirak edibl\u0259r. T\u0259dbirin \u0259vv\u0259lind\u0259 F.V\u0259lizad\u0259nin \u015f\u0259hidlik zirv\u0259sin\u0259 ucalmas\u0131n\u0131n ikinci ild\u00f6n\u00fcm\u00fc m\u00fcnasib\u0259til\u0259 m\u0259zar\u0131 ziyar\u0259t edilib v\u0259 ruhuna dualar [&hellip;]<\/p>\n","protected":false},"author":1,"featured_media":29696,"comment_status":"closed","ping_status":"closed","sticky":false,"template":"","format":"standard","meta":{"footnotes":""},"categories":[21,63],"tags":[],"class_list":{"0":"post-29694","1":"post","2":"type-post","3":"status-publish","4":"format-standard","5":"has-post-thumbnail","7":"category-zrdab","8":"category-manset"},"yoast_head":"<!-- This site is optimized with the Yoast SEO plugin v27.0 - https:\/\/yoast.com\/product\/yoast-seo-wordpress\/ -->\n<title>Z\u0259rdabda XTQ \u015f\u0259hidi Faiq V\u0259lizad\u0259nin xatir\u0259sin\u0259 bulaq in\u015fa edilib - Z\u0259rdab.com<\/title>\n<meta name=\"robots\" content=\"index, follow, max-snippet:-1, max-image-preview:large, max-video-preview:-1\" \/>\n<link rel=\"canonical\" href=\"https:\/\/www.zerdab.com\/?p=29694\" \/>\n<meta property=\"og:locale\" content=\"az_AZ\" \/>\n<meta property=\"og:type\" content=\"article\" \/>\n<meta property=\"og:title\" content=\"Z\u0259rdabda XTQ \u015f\u0259hidi Faiq V\u0259lizad\u0259nin xatir\u0259sin\u0259 bulaq in\u015fa edilib - Z\u0259rdab.com\" \/>\n<meta property=\"og:description\" content=\"Z\u0259rdab rayonunda V\u0259t\u0259n m\u00fcharib\u0259si \u015f\u0259hidi Faiq V\u0259lizad\u0259nin xatir\u0259sin\u0259 in\u015fa edilmi\u015f bula\u011f\u0131n a\u00e7\u0131l\u0131\u015f\u0131 olub. Bulaq kompleksi \u015f\u0259hidin do\u011fuldu\u011fu Al\u0131canl\u0131 k\u0259ndind\u0259 in\u015fa edilib. A\u00e7\u0131l\u0131\u015f m\u0259rasimind\u0259 \u015f\u0259hidin ail\u0259 \u00fczvl\u0259ri, rayon r\u0259smil\u0259ri, h\u00fcquq-m\u00fchafiz\u0259 orqanlar\u0131n\u0131n \u0259m\u0259kda\u015flar\u0131, \u015f\u0259hidin d\u00f6y\u00fc\u015f yolda\u015flar\u0131, qazil\u0259r v\u0259 ictimaiyy\u0259t n\u00fcmay\u0259nd\u0259l\u0259ri i\u015ftirak edibl\u0259r. T\u0259dbirin \u0259vv\u0259lind\u0259 F.V\u0259lizad\u0259nin \u015f\u0259hidlik zirv\u0259sin\u0259 ucalmas\u0131n\u0131n ikinci ild\u00f6n\u00fcm\u00fc m\u00fcnasib\u0259til\u0259 m\u0259zar\u0131 ziyar\u0259t edilib v\u0259 ruhuna dualar [&hellip;]\" \/>\n<meta property=\"og:url\" content=\"https:\/\/www.zerdab.com\/?p=29694\" \/>\n<meta property=\"og:site_name\" content=\"Z\u0259rdab.com\" \/>\n<meta property=\"article:published_time\" content=\"2022-10-25T10:08:48+00:00\" \/>\n<meta property=\"article:modified_time\" content=\"2023-10-10T12:42:49+00:00\" \/>\n<meta property=\"og:image\" content=\"https:\/\/www.zerdab.com\/wp-content\/uploads\/2022\/10\/zerdab-faiq-velizade1.jpg\" \/>\n\t<meta property=\"og:image:width\" content=\"850\" \/>\n\t<meta property=\"og:image:height\" content=\"530\" \/>\n\t<meta property=\"og:image:type\" content=\"image\/jpeg\" \/>\n<meta name=\"author\" content=\"admin\" \/>\n<meta name=\"twitter:card\" content=\"summary_large_image\" \/>\n<meta name=\"twitter:label1\" content=\"Written by\" \/>\n\t<meta name=\"twitter:data1\" content=\"admin\" \/>\n\t<meta name=\"twitter:label2\" content=\"Est. reading time\" \/>\n\t<meta name=\"twitter:data2\" content=\"2 minutes\" \/>\n<script type=\"application\/ld+json\" class=\"yoast-schema-graph\">{\"@context\":\"https:\/\/schema.org\",\"@graph\":[{\"@type\":\"Article\",\"@id\":\"https:\/\/www.zerdab.com\/?p=29694#article\",\"isPartOf\":{\"@id\":\"https:\/\/www.zerdab.com\/?p=29694\"},\"author\":{\"name\":\"admin\",\"@id\":\"https:\/\/www.zerdab.com\/#\/schema\/person\/97079b7570c1e89ec0d9e138c3672136\"},\"headline\":\"Z\u0259rdabda XTQ \u015f\u0259hidi Faiq V\u0259lizad\u0259nin xatir\u0259sin\u0259 bulaq in\u015fa edilib\",\"datePublished\":\"2022-10-25T10:08:48+00:00\",\"dateModified\":\"2023-10-10T12:42:49+00:00\",\"mainEntityOfPage\":{\"@id\":\"https:\/\/www.zerdab.com\/?p=29694\"},\"wordCount\":373,\"image\":{\"@id\":\"https:\/\/www.zerdab.com\/?p=29694#primaryimage\"},\"thumbnailUrl\":\"https:\/\/www.zerdab.com\/wp-content\/uploads\/2022\/10\/zerdab-faiq-velizade1.jpg\",\"articleSection\":[\"C\u018fM\u0130YY\u018fT\",\"MAN\u015eET\"],\"inLanguage\":\"az\"},{\"@type\":\"WebPage\",\"@id\":\"https:\/\/www.zerdab.com\/?p=29694\",\"url\":\"https:\/\/www.zerdab.com\/?p=29694\",\"name\":\"Z\u0259rdabda XTQ \u015f\u0259hidi Faiq V\u0259lizad\u0259nin xatir\u0259sin\u0259 bulaq in\u015fa edilib - Z\u0259rdab.com\",\"isPartOf\":{\"@id\":\"https:\/\/www.zerdab.com\/#website\"},\"primaryImageOfPage\":{\"@id\":\"https:\/\/www.zerdab.com\/?p=29694#primaryimage\"},\"image\":{\"@id\":\"https:\/\/www.zerdab.com\/?p=29694#primaryimage\"},\"thumbnailUrl\":\"https:\/\/www.zerdab.com\/wp-content\/uploads\/2022\/10\/zerdab-faiq-velizade1.jpg\",\"datePublished\":\"2022-10-25T10:08:48+00:00\",\"dateModified\":\"2023-10-10T12:42:49+00:00\",\"author\":{\"@id\":\"https:\/\/www.zerdab.com\/#\/schema\/person\/97079b7570c1e89ec0d9e138c3672136\"},\"breadcrumb\":{\"@id\":\"https:\/\/www.zerdab.com\/?p=29694#breadcrumb\"},\"inLanguage\":\"az\",\"potentialAction\":[{\"@type\":\"ReadAction\",\"target\":[\"https:\/\/www.zerdab.com\/?p=29694\"]}]},{\"@type\":\"ImageObject\",\"inLanguage\":\"az\",\"@id\":\"https:\/\/www.zerdab.com\/?p=29694#primaryimage\",\"url\":\"https:\/\/www.zerdab.com\/wp-content\/uploads\/2022\/10\/zerdab-faiq-velizade1.jpg\",\"contentUrl\":\"https:\/\/www.zerdab.com\/wp-content\/uploads\/2022\/10\/zerdab-faiq-velizade1.jpg\",\"width\":850,\"height\":530,\"caption\":\"zerdab-faiq-velizade1\"},{\"@type\":\"BreadcrumbList\",\"@id\":\"https:\/\/www.zerdab.com\/?p=29694#breadcrumb\",\"itemListElement\":[{\"@type\":\"ListItem\",\"position\":1,\"name\":\"Home\",\"item\":\"https:\/\/www.zerdab.com\/\"},{\"@type\":\"ListItem\",\"position\":2,\"name\":\"Z\u0259rdabda XTQ \u015f\u0259hidi Faiq V\u0259lizad\u0259nin xatir\u0259sin\u0259 bulaq in\u015fa edilib\"}]},{\"@type\":\"WebSite\",\"@id\":\"https:\/\/www.zerdab.com\/#website\",\"url\":\"https:\/\/www.zerdab.com\/\",\"name\":\"Z\u0259rdab.com\",\"description\":\"\",\"potentialAction\":[{\"@type\":\"SearchAction\",\"target\":{\"@type\":\"EntryPoint\",\"urlTemplate\":\"https:\/\/www.zerdab.com\/?s={search_term_string}\"},\"query-input\":{\"@type\":\"PropertyValueSpecification\",\"valueRequired\":true,\"valueName\":\"search_term_string\"}}],\"inLanguage\":\"az\"},{\"@type\":\"Person\",\"@id\":\"https:\/\/www.zerdab.com\/#\/schema\/person\/97079b7570c1e89ec0d9e138c3672136\",\"name\":\"admin\",\"image\":{\"@type\":\"ImageObject\",\"inLanguage\":\"az\",\"@id\":\"https:\/\/www.zerdab.com\/#\/schema\/person\/image\/\",\"url\":\"https:\/\/secure.gravatar.com\/avatar\/d9c52a9a27c32119cb6679a077fa3e2779e5f822c451cbf01098004361d466ec?s=96&d=mm&r=g\",\"contentUrl\":\"https:\/\/secure.gravatar.com\/avatar\/d9c52a9a27c32119cb6679a077fa3e2779e5f822c451cbf01098004361d466ec?s=96&d=mm&r=g\",\"caption\":\"admin\"},\"url\":\"https:\/\/www.zerdab.com\/?author=1\"}]}<\/script>\n<!-- \/ Yoast SEO plugin. -->","yoast_head_json":{"title":"Z\u0259rdabda XTQ \u015f\u0259hidi Faiq V\u0259lizad\u0259nin xatir\u0259sin\u0259 bulaq in\u015fa edilib - Z\u0259rdab.com","robots":{"index":"index","follow":"follow","max-snippet":"max-snippet:-1","max-image-preview":"max-image-preview:large","max-video-preview":"max-video-preview:-1"},"canonical":"https:\/\/www.zerdab.com\/?p=29694","og_locale":"az_AZ","og_type":"article","og_title":"Z\u0259rdabda XTQ \u015f\u0259hidi Faiq V\u0259lizad\u0259nin xatir\u0259sin\u0259 bulaq in\u015fa edilib - Z\u0259rdab.com","og_description":"Z\u0259rdab rayonunda V\u0259t\u0259n m\u00fcharib\u0259si \u015f\u0259hidi Faiq V\u0259lizad\u0259nin xatir\u0259sin\u0259 in\u015fa edilmi\u015f bula\u011f\u0131n a\u00e7\u0131l\u0131\u015f\u0131 olub. Bulaq kompleksi \u015f\u0259hidin do\u011fuldu\u011fu Al\u0131canl\u0131 k\u0259ndind\u0259 in\u015fa edilib. A\u00e7\u0131l\u0131\u015f m\u0259rasimind\u0259 \u015f\u0259hidin ail\u0259 \u00fczvl\u0259ri, rayon r\u0259smil\u0259ri, h\u00fcquq-m\u00fchafiz\u0259 orqanlar\u0131n\u0131n \u0259m\u0259kda\u015flar\u0131, \u015f\u0259hidin d\u00f6y\u00fc\u015f yolda\u015flar\u0131, qazil\u0259r v\u0259 ictimaiyy\u0259t n\u00fcmay\u0259nd\u0259l\u0259ri i\u015ftirak edibl\u0259r. T\u0259dbirin \u0259vv\u0259lind\u0259 F.V\u0259lizad\u0259nin \u015f\u0259hidlik zirv\u0259sin\u0259 ucalmas\u0131n\u0131n ikinci ild\u00f6n\u00fcm\u00fc m\u00fcnasib\u0259til\u0259 m\u0259zar\u0131 ziyar\u0259t edilib v\u0259 ruhuna dualar [&hellip;]","og_url":"https:\/\/www.zerdab.com\/?p=29694","og_site_name":"Z\u0259rdab.com","article_published_time":"2022-10-25T10:08:48+00:00","article_modified_time":"2023-10-10T12:42:49+00:00","og_image":[{"width":850,"height":530,"url":"https:\/\/www.zerdab.com\/wp-content\/uploads\/2022\/10\/zerdab-faiq-velizade1.jpg","type":"image\/jpeg"}],"author":"admin","twitter_card":"summary_large_image","twitter_misc":{"Written by":"admin","Est. reading time":"2 minutes"},"schema":{"@context":"https:\/\/schema.org","@graph":[{"@type":"Article","@id":"https:\/\/www.zerdab.com\/?p=29694#article","isPartOf":{"@id":"https:\/\/www.zerdab.com\/?p=29694"},"author":{"name":"admin","@id":"https:\/\/www.zerdab.com\/#\/schema\/person\/97079b7570c1e89ec0d9e138c3672136"},"headline":"Z\u0259rdabda XTQ \u015f\u0259hidi Faiq V\u0259lizad\u0259nin xatir\u0259sin\u0259 bulaq in\u015fa edilib","datePublished":"2022-10-25T10:08:48+00:00","dateModified":"2023-10-10T12:42:49+00:00","mainEntityOfPage":{"@id":"https:\/\/www.zerdab.com\/?p=29694"},"wordCount":373,"image":{"@id":"https:\/\/www.zerdab.com\/?p=29694#primaryimage"},"thumbnailUrl":"https:\/\/www.zerdab.com\/wp-content\/uploads\/2022\/10\/zerdab-faiq-velizade1.jpg","articleSection":["C\u018fM\u0130YY\u018fT","MAN\u015eET"],"inLanguage":"az"},{"@type":"WebPage","@id":"https:\/\/www.zerdab.com\/?p=29694","url":"https:\/\/www.zerdab.com\/?p=29694","name":"Z\u0259rdabda XTQ \u015f\u0259hidi Faiq V\u0259lizad\u0259nin xatir\u0259sin\u0259 bulaq in\u015fa edilib - Z\u0259rdab.com","isPartOf":{"@id":"https:\/\/www.zerdab.com\/#website"},"primaryImageOfPage":{"@id":"https:\/\/www.zerdab.com\/?p=29694#primaryimage"},"image":{"@id":"https:\/\/www.zerdab.com\/?p=29694#primaryimage"},"thumbnailUrl":"https:\/\/www.zerdab.com\/wp-content\/uploads\/2022\/10\/zerdab-faiq-velizade1.jpg","datePublished":"2022-10-25T10:08:48+00:00","dateModified":"2023-10-10T12:42:49+00:00","author":{"@id":"https:\/\/www.zerdab.com\/#\/schema\/person\/97079b7570c1e89ec0d9e138c3672136"},"breadcrumb":{"@id":"https:\/\/www.zerdab.com\/?p=29694#breadcrumb"},"inLanguage":"az","potentialAction":[{"@type":"ReadAction","target":["https:\/\/www.zerdab.com\/?p=29694"]}]},{"@type":"ImageObject","inLanguage":"az","@id":"https:\/\/www.zerdab.com\/?p=29694#primaryimage","url":"https:\/\/www.zerdab.com\/wp-content\/uploads\/2022\/10\/zerdab-faiq-velizade1.jpg","contentUrl":"https:\/\/www.zerdab.com\/wp-content\/uploads\/2022\/10\/zerdab-faiq-velizade1.jpg","width":850,"height":530,"caption":"zerdab-faiq-velizade1"},{"@type":"BreadcrumbList","@id":"https:\/\/www.zerdab.com\/?p=29694#breadcrumb","itemListElement":[{"@type":"ListItem","position":1,"name":"Home","item":"https:\/\/www.zerdab.com\/"},{"@type":"ListItem","position":2,"name":"Z\u0259rdabda XTQ \u015f\u0259hidi Faiq V\u0259lizad\u0259nin xatir\u0259sin\u0259 bulaq in\u015fa edilib"}]},{"@type":"WebSite","@id":"https:\/\/www.zerdab.com\/#website","url":"https:\/\/www.zerdab.com\/","name":"Z\u0259rdab.com","description":"","potentialAction":[{"@type":"SearchAction","target":{"@type":"EntryPoint","urlTemplate":"https:\/\/www.zerdab.com\/?s={search_term_string}"},"query-input":{"@type":"PropertyValueSpecification","valueRequired":true,"valueName":"search_term_string"}}],"inLanguage":"az"},{"@type":"Person","@id":"https:\/\/www.zerdab.com\/#\/schema\/person\/97079b7570c1e89ec0d9e138c3672136","name":"admin","image":{"@type":"ImageObject","inLanguage":"az","@id":"https:\/\/www.zerdab.com\/#\/schema\/person\/image\/","url":"https:\/\/secure.gravatar.com\/avatar\/d9c52a9a27c32119cb6679a077fa3e2779e5f822c451cbf01098004361d466ec?s=96&d=mm&r=g","contentUrl":"https:\/\/secure.gravatar.com\/avatar\/d9c52a9a27c32119cb6679a077fa3e2779e5f822c451cbf01098004361d466ec?s=96&d=mm&r=g","caption":"admin"},"url":"https:\/\/www.zerdab.com\/?author=1"}]}},"_links":{"self":[{"href":"https:\/\/www.zerdab.com\/index.php?rest_route=\/wp\/v2\/posts\/29694","targetHints":{"allow":["GET"]}}],"collection":[{"href":"https:\/\/www.zerdab.com\/index.php?rest_route=\/wp\/v2\/posts"}],"about":[{"href":"https:\/\/www.zerdab.com\/index.php?rest_route=\/wp\/v2\/types\/post"}],"author":[{"embeddable":true,"href":"https:\/\/www.zerdab.com\/index.php?rest_route=\/wp\/v2\/users\/1"}],"replies":[{"embeddable":true,"href":"https:\/\/www.zerdab.com\/index.php?rest_route=%2Fwp%2Fv2%2Fcomments&post=29694"}],"version-history":[{"count":1,"href":"https:\/\/www.zerdab.com\/index.php?rest_route=\/wp\/v2\/posts\/29694\/revisions"}],"predecessor-version":[{"id":29695,"href":"https:\/\/www.zerdab.com\/index.php?rest_route=\/wp\/v2\/posts\/29694\/revisions\/29695"}],"wp:featuredmedia":[{"embeddable":true,"href":"https:\/\/www.zerdab.com\/index.php?rest_route=\/wp\/v2\/media\/29696"}],"wp:attachment":[{"href":"https:\/\/www.zerdab.com\/index.php?rest_route=%2Fwp%2Fv2%2Fmedia&parent=29694"}],"wp:term":[{"taxonomy":"category","embeddable":true,"href":"https:\/\/www.zerdab.com\/index.php?rest_route=%2Fwp%2Fv2%2Fcategories&post=29694"},{"taxonomy":"post_tag","embeddable":true,"href":"https:\/\/www.zerdab.com\/index.php?rest_route=%2Fwp%2Fv2%2Ftags&post=29694"}],"curies":[{"name":"wp","href":"https:\/\/api.w.org\/{rel}","templated":true}]}}