{"id":29723,"date":"2023-01-05T15:20:03","date_gmt":"2023-01-05T11:20:03","guid":{"rendered":"https:\/\/www.zerdab.com\/?p=29723"},"modified":"2023-01-05T15:20:03","modified_gmt":"2023-01-05T11:20:03","slug":"minimum-ayliq-%c9%99m%c9%99khaqqi-v%c9%99-pensiyalarin-artirilmasi-il%c9%99-bagli-s%c9%99r%c9%99ncam","status":"publish","type":"post","link":"https:\/\/www.zerdab.com\/?p=29723","title":{"rendered":"Minimum ayl\u0131q \u0259m\u0259khaqq\u0131 v\u0259 pensiyalar\u0131n art\u0131r\u0131lmas\u0131 il\u0259 ba\u011fl\u0131 &#8211; S\u0259r\u0259ncam"},"content":{"rendered":"<p><strong>Az\u0259rbaycanda minimum ayl\u0131q \u0259m\u0259khaqq\u0131 345 manat m\u00fc\u0259yy\u0259n edilib.<\/strong><\/p>\n<p><strong>Zerdab.com<\/strong> x\u0259b\u0259r verir ki, bununla ba\u011fl\u0131 Prezident \u0130lham \u018fliyev S\u0259r\u0259ncam imzalay\u0131b:<\/p>\n<p>&#8220;1. Minimum ayl\u0131q \u0259m\u0259khaqq\u0131n\u0131n m\u0259bl\u0259\u011fi 2023-c\u00fc il yanvar\u0131n 1-d\u0259n 345 manat m\u00fc\u0259yy\u0259n edilsin.<\/p>\n<p>2. Az\u0259rbaycan Respublikas\u0131n\u0131n Nazirl\u0259r Kabineti:<\/p>\n<p>2.1. 10 g\u00fcn m\u00fcdd\u0259tind\u0259:<\/p>\n<p>2.1.1. \u0259m\u0259k pensiyas\u0131n\u0131n minimum m\u0259bl\u0259\u011finin 280 manata \u00e7atd\u0131r\u0131lmas\u0131na dair t\u0259klifl\u0259rini Az\u0259rbaycan Respublikas\u0131n\u0131n Prezidentin\u0259 t\u0259qdim etsin;<\/p>\n<div id=\"ainsyndicationid167291743231931\"><\/div>\n<p>2.1.2. sosial m\u00fcavin\u0259tl\u0259rin v\u0259 t\u0259qa\u00fcdl\u0259rin m\u0259bl\u0259\u011fl\u0259rinin art\u0131r\u0131lmas\u0131 il\u0259 ba\u011fl\u0131 t\u0259klifl\u0259rini Az\u0259rbaycan Respublikas\u0131n\u0131n Prezidentin\u0259 t\u0259qdim etsin;<\/p>\n<p>2.2. Az\u0259rbaycan Respublikas\u0131 Nazirl\u0259r Kabinetinin aktlar\u0131 il\u0259 m\u00fc\u0259yy\u0259n olunmu\u015f d\u00f6vl\u0259t b\u00fcdc\u0259sind\u0259n maliyy\u0259l\u0259\u015fdiril\u0259n sah\u0259l\u0259rd\u0259 \u00e7al\u0131\u015fan i\u015f\u00e7il\u0259rin ayl\u0131q tarif (v\u0259zif\u0259) maa\u015flar\u0131n\u0131n m\u0259bl\u0259\u011fl\u0259rinin bir ay m\u00fcdd\u0259tind\u0259 bu S\u0259r\u0259ncam\u0131n 1-ci hiss\u0259sin\u0259 uy\u011funla\u015fd\u0131r\u0131lmas\u0131n\u0131 t\u0259min edib Az\u0259rbaycan Respublikas\u0131n\u0131n Prezidentin\u0259 m\u0259lumat versin;<\/p>\n<p>2.3. bu S\u0259r\u0259ncamdan ir\u0259li g\u0259l\u0259n dig\u0259r m\u0259s\u0259l\u0259l\u0259ri h\u0259ll etsin.<\/p>\n<p>3. \u201cMinimum ayl\u0131q \u0259m\u0259khaqq\u0131n\u0131n m\u0259bl\u0259\u011finin art\u0131r\u0131lmas\u0131 v\u0259 \u201cMinimum ayl\u0131q \u0259m\u0259khaqq\u0131n\u0131n art\u0131r\u0131lmas\u0131 haqq\u0131nda\u201d Az\u0259rbaycan Respublikas\u0131 Prezidentinin 2019-cu il 18 iyun tarixli 1265 n\u00f6mr\u0259li S\u0259r\u0259ncam\u0131nda d\u0259yi\u015fiklik edilm\u0259si bar\u0259d\u0259\u201d Az\u0259rbaycan Respublikas\u0131 Prezidentinin 2021-ci il 17 dekabr tarixli 3051 n\u00f6mr\u0259li S\u0259r\u0259ncam\u0131n\u0131n (Az\u0259rbaycan Respublikas\u0131n\u0131n Qanunvericilik Toplusu, 2021, \u2116 12, madd\u0259 1464) 1-ci hiss\u0259si l\u0259\u011fv edilsin.<\/p>\n<p>4. Bu S\u0259r\u0259ncam\u0131n 1-ci v\u0259 3-c\u00fc hiss\u0259l\u0259ri 2023-c\u00fc il yanvar\u0131n 1-d\u0259n t\u0259tbiq edilir&#8221;.<\/p>\n<p><strong>Az\u0259rbaycanda minimum ayl\u0131q \u0259m\u0259khaqq\u0131 345 manat m\u00fc\u0259yy\u0259n edilib.<\/strong><\/p>\n<p>&#8220;Qafqazinfo&#8221; x\u0259b\u0259r verir ki, bununla ba\u011fl\u0131 Prezident \u0130lham \u018fliyev S\u0259r\u0259ncam imzalay\u0131b:<\/p>\n<p>&#8220;1. Minimum ayl\u0131q \u0259m\u0259khaqq\u0131n\u0131n m\u0259bl\u0259\u011fi 2023-c\u00fc il yanvar\u0131n 1-d\u0259n 345 manat m\u00fc\u0259yy\u0259n edilsin.<\/p>\n<p>2. Az\u0259rbaycan Respublikas\u0131n\u0131n Nazirl\u0259r Kabineti:<\/p>\n<p>2.1. 10 g\u00fcn m\u00fcdd\u0259tind\u0259:<\/p>\n<p>2.1.1. \u0259m\u0259k pensiyas\u0131n\u0131n minimum m\u0259bl\u0259\u011finin 280 manata \u00e7atd\u0131r\u0131lmas\u0131na dair t\u0259klifl\u0259rini Az\u0259rbaycan Respublikas\u0131n\u0131n Prezidentin\u0259 t\u0259qdim etsin;<\/p>\n<div id=\"oldInpageTag\"><\/div>\n<div id=\"ainsyndicationid167291743231931\"><\/div>\n<p>2.1.2. sosial m\u00fcavin\u0259tl\u0259rin v\u0259 t\u0259qa\u00fcdl\u0259rin m\u0259bl\u0259\u011fl\u0259rinin art\u0131r\u0131lmas\u0131 il\u0259 ba\u011fl\u0131 t\u0259klifl\u0259rini Az\u0259rbaycan Respublikas\u0131n\u0131n Prezidentin\u0259 t\u0259qdim etsin;<\/p>\n<p>2.2. Az\u0259rbaycan Respublikas\u0131 Nazirl\u0259r Kabinetinin aktlar\u0131 il\u0259 m\u00fc\u0259yy\u0259n olunmu\u015f d\u00f6vl\u0259t b\u00fcdc\u0259sind\u0259n maliyy\u0259l\u0259\u015fdiril\u0259n sah\u0259l\u0259rd\u0259 \u00e7al\u0131\u015fan i\u015f\u00e7il\u0259rin ayl\u0131q tarif (v\u0259zif\u0259) maa\u015flar\u0131n\u0131n m\u0259bl\u0259\u011fl\u0259rinin bir ay m\u00fcdd\u0259tind\u0259 bu S\u0259r\u0259ncam\u0131n 1-ci hiss\u0259sin\u0259 uy\u011funla\u015fd\u0131r\u0131lmas\u0131n\u0131 t\u0259min edib Az\u0259rbaycan Respublikas\u0131n\u0131n Prezidentin\u0259 m\u0259lumat versin;<\/p>\n<p>2.3. bu S\u0259r\u0259ncamdan ir\u0259li g\u0259l\u0259n dig\u0259r m\u0259s\u0259l\u0259l\u0259ri h\u0259ll etsin.<\/p>\n<p>3. \u201cMinimum ayl\u0131q \u0259m\u0259khaqq\u0131n\u0131n m\u0259bl\u0259\u011finin art\u0131r\u0131lmas\u0131 v\u0259 \u201cMinimum ayl\u0131q \u0259m\u0259khaqq\u0131n\u0131n art\u0131r\u0131lmas\u0131 haqq\u0131nda\u201d Az\u0259rbaycan Respublikas\u0131 Prezidentinin 2019-cu il 18 iyun tarixli 1265 n\u00f6mr\u0259li S\u0259r\u0259ncam\u0131nda d\u0259yi\u015fiklik edilm\u0259si bar\u0259d\u0259\u201d Az\u0259rbaycan Respublikas\u0131 Prezidentinin 2021-ci il 17 dekabr tarixli 3051 n\u00f6mr\u0259li S\u0259r\u0259ncam\u0131n\u0131n (Az\u0259rbaycan Respublikas\u0131n\u0131n Qanunvericilik Toplusu, 2021, \u2116 12, madd\u0259 1464) 1-ci hiss\u0259si l\u0259\u011fv edilsin.<\/p>\n<p>4. Bu S\u0259r\u0259ncam\u0131n 1-ci v\u0259 3-c\u00fc hiss\u0259l\u0259ri 2023-c\u00fc il yanvar\u0131n 1-d\u0259n t\u0259tbiq edilir&#8221;.<\/p>\n","protected":false},"excerpt":{"rendered":"<p>Az\u0259rbaycanda minimum ayl\u0131q \u0259m\u0259khaqq\u0131 345 manat m\u00fc\u0259yy\u0259n edilib. Zerdab.com x\u0259b\u0259r verir ki, bununla ba\u011fl\u0131 Prezident \u0130lham \u018fliyev S\u0259r\u0259ncam imzalay\u0131b: &#8220;1. Minimum ayl\u0131q \u0259m\u0259khaqq\u0131n\u0131n m\u0259bl\u0259\u011fi 2023-c\u00fc il yanvar\u0131n 1-d\u0259n 345 manat m\u00fc\u0259yy\u0259n edilsin. 2. Az\u0259rbaycan Respublikas\u0131n\u0131n Nazirl\u0259r Kabineti: 2.1. 10 g\u00fcn m\u00fcdd\u0259tind\u0259: 2.1.1. \u0259m\u0259k pensiyas\u0131n\u0131n minimum m\u0259bl\u0259\u011finin 280 manata \u00e7atd\u0131r\u0131lmas\u0131na dair t\u0259klifl\u0259rini Az\u0259rbaycan Respublikas\u0131n\u0131n Prezidentin\u0259 t\u0259qdim [&hellip;]<\/p>\n","protected":false},"author":1,"featured_media":26772,"comment_status":"closed","ping_status":"closed","sticky":false,"template":"","format":"standard","meta":{"footnotes":""},"categories":[63,5],"tags":[],"class_list":{"0":"post-29723","1":"post","2":"type-post","3":"status-publish","4":"format-standard","5":"has-post-thumbnail","7":"category-manset","8":"category-knd"},"yoast_head":"<!-- This site is optimized with the Yoast SEO plugin v27.0 - https:\/\/yoast.com\/product\/yoast-seo-wordpress\/ -->\n<title>Minimum ayl\u0131q \u0259m\u0259khaqq\u0131 v\u0259 pensiyalar\u0131n art\u0131r\u0131lmas\u0131 il\u0259 ba\u011fl\u0131 - S\u0259r\u0259ncam - Z\u0259rdab.com<\/title>\n<meta name=\"robots\" content=\"index, follow, max-snippet:-1, max-image-preview:large, max-video-preview:-1\" \/>\n<link rel=\"canonical\" href=\"https:\/\/www.zerdab.com\/?p=29723\" \/>\n<meta property=\"og:locale\" content=\"az_AZ\" \/>\n<meta property=\"og:type\" content=\"article\" \/>\n<meta property=\"og:title\" content=\"Minimum ayl\u0131q \u0259m\u0259khaqq\u0131 v\u0259 pensiyalar\u0131n art\u0131r\u0131lmas\u0131 il\u0259 ba\u011fl\u0131 - S\u0259r\u0259ncam - Z\u0259rdab.com\" \/>\n<meta property=\"og:description\" content=\"Az\u0259rbaycanda minimum ayl\u0131q \u0259m\u0259khaqq\u0131 345 manat m\u00fc\u0259yy\u0259n edilib. Zerdab.com x\u0259b\u0259r verir ki, bununla ba\u011fl\u0131 Prezident \u0130lham \u018fliyev S\u0259r\u0259ncam imzalay\u0131b: &#8220;1. Minimum ayl\u0131q \u0259m\u0259khaqq\u0131n\u0131n m\u0259bl\u0259\u011fi 2023-c\u00fc il yanvar\u0131n 1-d\u0259n 345 manat m\u00fc\u0259yy\u0259n edilsin. 2. Az\u0259rbaycan Respublikas\u0131n\u0131n Nazirl\u0259r Kabineti: 2.1. 10 g\u00fcn m\u00fcdd\u0259tind\u0259: 2.1.1. \u0259m\u0259k pensiyas\u0131n\u0131n minimum m\u0259bl\u0259\u011finin 280 manata \u00e7atd\u0131r\u0131lmas\u0131na dair t\u0259klifl\u0259rini Az\u0259rbaycan Respublikas\u0131n\u0131n Prezidentin\u0259 t\u0259qdim [&hellip;]\" \/>\n<meta property=\"og:url\" content=\"https:\/\/www.zerdab.com\/?p=29723\" \/>\n<meta property=\"og:site_name\" content=\"Z\u0259rdab.com\" \/>\n<meta property=\"article:published_time\" content=\"2023-01-05T11:20:03+00:00\" \/>\n<meta property=\"og:image\" content=\"https:\/\/www.zerdab.com\/wp-content\/uploads\/2019\/04\/prezident-serencam-ilham-eliyev-ferman.jpg\" \/>\n\t<meta property=\"og:image:width\" content=\"1276\" \/>\n\t<meta property=\"og:image:height\" content=\"748\" \/>\n\t<meta property=\"og:image:type\" content=\"image\/jpeg\" \/>\n<meta name=\"author\" content=\"admin\" \/>\n<meta name=\"twitter:card\" content=\"summary_large_image\" \/>\n<meta name=\"twitter:label1\" content=\"Written by\" \/>\n\t<meta name=\"twitter:data1\" content=\"admin\" \/>\n\t<meta name=\"twitter:label2\" content=\"Est. reading time\" \/>\n\t<meta name=\"twitter:data2\" content=\"3 minutes\" \/>\n<script type=\"application\/ld+json\" class=\"yoast-schema-graph\">{\"@context\":\"https:\/\/schema.org\",\"@graph\":[{\"@type\":\"Article\",\"@id\":\"https:\/\/www.zerdab.com\/?p=29723#article\",\"isPartOf\":{\"@id\":\"https:\/\/www.zerdab.com\/?p=29723\"},\"author\":{\"name\":\"admin\",\"@id\":\"https:\/\/www.zerdab.com\/#\/schema\/person\/97079b7570c1e89ec0d9e138c3672136\"},\"headline\":\"Minimum ayl\u0131q \u0259m\u0259khaqq\u0131 v\u0259 pensiyalar\u0131n art\u0131r\u0131lmas\u0131 il\u0259 ba\u011fl\u0131 &#8211; S\u0259r\u0259ncam\",\"datePublished\":\"2023-01-05T11:20:03+00:00\",\"mainEntityOfPage\":{\"@id\":\"https:\/\/www.zerdab.com\/?p=29723\"},\"wordCount\":647,\"image\":{\"@id\":\"https:\/\/www.zerdab.com\/?p=29723#primaryimage\"},\"thumbnailUrl\":\"https:\/\/www.zerdab.com\/wp-content\/uploads\/2019\/04\/prezident-serencam-ilham-eliyev-ferman.jpg\",\"articleSection\":[\"MAN\u015eET\",\"X\u018fB\u018fRL\u018fR\"],\"inLanguage\":\"az\"},{\"@type\":\"WebPage\",\"@id\":\"https:\/\/www.zerdab.com\/?p=29723\",\"url\":\"https:\/\/www.zerdab.com\/?p=29723\",\"name\":\"Minimum ayl\u0131q \u0259m\u0259khaqq\u0131 v\u0259 pensiyalar\u0131n art\u0131r\u0131lmas\u0131 il\u0259 ba\u011fl\u0131 - S\u0259r\u0259ncam - Z\u0259rdab.com\",\"isPartOf\":{\"@id\":\"https:\/\/www.zerdab.com\/#website\"},\"primaryImageOfPage\":{\"@id\":\"https:\/\/www.zerdab.com\/?p=29723#primaryimage\"},\"image\":{\"@id\":\"https:\/\/www.zerdab.com\/?p=29723#primaryimage\"},\"thumbnailUrl\":\"https:\/\/www.zerdab.com\/wp-content\/uploads\/2019\/04\/prezident-serencam-ilham-eliyev-ferman.jpg\",\"datePublished\":\"2023-01-05T11:20:03+00:00\",\"author\":{\"@id\":\"https:\/\/www.zerdab.com\/#\/schema\/person\/97079b7570c1e89ec0d9e138c3672136\"},\"breadcrumb\":{\"@id\":\"https:\/\/www.zerdab.com\/?p=29723#breadcrumb\"},\"inLanguage\":\"az\",\"potentialAction\":[{\"@type\":\"ReadAction\",\"target\":[\"https:\/\/www.zerdab.com\/?p=29723\"]}]},{\"@type\":\"ImageObject\",\"inLanguage\":\"az\",\"@id\":\"https:\/\/www.zerdab.com\/?p=29723#primaryimage\",\"url\":\"https:\/\/www.zerdab.com\/wp-content\/uploads\/2019\/04\/prezident-serencam-ilham-eliyev-ferman.jpg\",\"contentUrl\":\"https:\/\/www.zerdab.com\/wp-content\/uploads\/2019\/04\/prezident-serencam-ilham-eliyev-ferman.jpg\",\"width\":1276,\"height\":748,\"caption\":\"prezident-serencam-ilham-eliyev-ferman\"},{\"@type\":\"BreadcrumbList\",\"@id\":\"https:\/\/www.zerdab.com\/?p=29723#breadcrumb\",\"itemListElement\":[{\"@type\":\"ListItem\",\"position\":1,\"name\":\"Home\",\"item\":\"https:\/\/www.zerdab.com\/\"},{\"@type\":\"ListItem\",\"position\":2,\"name\":\"Minimum ayl\u0131q \u0259m\u0259khaqq\u0131 v\u0259 pensiyalar\u0131n art\u0131r\u0131lmas\u0131 il\u0259 ba\u011fl\u0131 &#8211; S\u0259r\u0259ncam\"}]},{\"@type\":\"WebSite\",\"@id\":\"https:\/\/www.zerdab.com\/#website\",\"url\":\"https:\/\/www.zerdab.com\/\",\"name\":\"Z\u0259rdab.com\",\"description\":\"\",\"potentialAction\":[{\"@type\":\"SearchAction\",\"target\":{\"@type\":\"EntryPoint\",\"urlTemplate\":\"https:\/\/www.zerdab.com\/?s={search_term_string}\"},\"query-input\":{\"@type\":\"PropertyValueSpecification\",\"valueRequired\":true,\"valueName\":\"search_term_string\"}}],\"inLanguage\":\"az\"},{\"@type\":\"Person\",\"@id\":\"https:\/\/www.zerdab.com\/#\/schema\/person\/97079b7570c1e89ec0d9e138c3672136\",\"name\":\"admin\",\"image\":{\"@type\":\"ImageObject\",\"inLanguage\":\"az\",\"@id\":\"https:\/\/www.zerdab.com\/#\/schema\/person\/image\/\",\"url\":\"https:\/\/secure.gravatar.com\/avatar\/d9c52a9a27c32119cb6679a077fa3e2779e5f822c451cbf01098004361d466ec?s=96&d=mm&r=g\",\"contentUrl\":\"https:\/\/secure.gravatar.com\/avatar\/d9c52a9a27c32119cb6679a077fa3e2779e5f822c451cbf01098004361d466ec?s=96&d=mm&r=g\",\"caption\":\"admin\"},\"url\":\"https:\/\/www.zerdab.com\/?author=1\"}]}<\/script>\n<!-- \/ Yoast SEO plugin. -->","yoast_head_json":{"title":"Minimum ayl\u0131q \u0259m\u0259khaqq\u0131 v\u0259 pensiyalar\u0131n art\u0131r\u0131lmas\u0131 il\u0259 ba\u011fl\u0131 - S\u0259r\u0259ncam - Z\u0259rdab.com","robots":{"index":"index","follow":"follow","max-snippet":"max-snippet:-1","max-image-preview":"max-image-preview:large","max-video-preview":"max-video-preview:-1"},"canonical":"https:\/\/www.zerdab.com\/?p=29723","og_locale":"az_AZ","og_type":"article","og_title":"Minimum ayl\u0131q \u0259m\u0259khaqq\u0131 v\u0259 pensiyalar\u0131n art\u0131r\u0131lmas\u0131 il\u0259 ba\u011fl\u0131 - S\u0259r\u0259ncam - Z\u0259rdab.com","og_description":"Az\u0259rbaycanda minimum ayl\u0131q \u0259m\u0259khaqq\u0131 345 manat m\u00fc\u0259yy\u0259n edilib. Zerdab.com x\u0259b\u0259r verir ki, bununla ba\u011fl\u0131 Prezident \u0130lham \u018fliyev S\u0259r\u0259ncam imzalay\u0131b: &#8220;1. Minimum ayl\u0131q \u0259m\u0259khaqq\u0131n\u0131n m\u0259bl\u0259\u011fi 2023-c\u00fc il yanvar\u0131n 1-d\u0259n 345 manat m\u00fc\u0259yy\u0259n edilsin. 2. Az\u0259rbaycan Respublikas\u0131n\u0131n Nazirl\u0259r Kabineti: 2.1. 10 g\u00fcn m\u00fcdd\u0259tind\u0259: 2.1.1. \u0259m\u0259k pensiyas\u0131n\u0131n minimum m\u0259bl\u0259\u011finin 280 manata \u00e7atd\u0131r\u0131lmas\u0131na dair t\u0259klifl\u0259rini Az\u0259rbaycan Respublikas\u0131n\u0131n Prezidentin\u0259 t\u0259qdim [&hellip;]","og_url":"https:\/\/www.zerdab.com\/?p=29723","og_site_name":"Z\u0259rdab.com","article_published_time":"2023-01-05T11:20:03+00:00","og_image":[{"width":1276,"height":748,"url":"https:\/\/www.zerdab.com\/wp-content\/uploads\/2019\/04\/prezident-serencam-ilham-eliyev-ferman.jpg","type":"image\/jpeg"}],"author":"admin","twitter_card":"summary_large_image","twitter_misc":{"Written by":"admin","Est. reading time":"3 minutes"},"schema":{"@context":"https:\/\/schema.org","@graph":[{"@type":"Article","@id":"https:\/\/www.zerdab.com\/?p=29723#article","isPartOf":{"@id":"https:\/\/www.zerdab.com\/?p=29723"},"author":{"name":"admin","@id":"https:\/\/www.zerdab.com\/#\/schema\/person\/97079b7570c1e89ec0d9e138c3672136"},"headline":"Minimum ayl\u0131q \u0259m\u0259khaqq\u0131 v\u0259 pensiyalar\u0131n art\u0131r\u0131lmas\u0131 il\u0259 ba\u011fl\u0131 &#8211; S\u0259r\u0259ncam","datePublished":"2023-01-05T11:20:03+00:00","mainEntityOfPage":{"@id":"https:\/\/www.zerdab.com\/?p=29723"},"wordCount":647,"image":{"@id":"https:\/\/www.zerdab.com\/?p=29723#primaryimage"},"thumbnailUrl":"https:\/\/www.zerdab.com\/wp-content\/uploads\/2019\/04\/prezident-serencam-ilham-eliyev-ferman.jpg","articleSection":["MAN\u015eET","X\u018fB\u018fRL\u018fR"],"inLanguage":"az"},{"@type":"WebPage","@id":"https:\/\/www.zerdab.com\/?p=29723","url":"https:\/\/www.zerdab.com\/?p=29723","name":"Minimum ayl\u0131q \u0259m\u0259khaqq\u0131 v\u0259 pensiyalar\u0131n art\u0131r\u0131lmas\u0131 il\u0259 ba\u011fl\u0131 - S\u0259r\u0259ncam - Z\u0259rdab.com","isPartOf":{"@id":"https:\/\/www.zerdab.com\/#website"},"primaryImageOfPage":{"@id":"https:\/\/www.zerdab.com\/?p=29723#primaryimage"},"image":{"@id":"https:\/\/www.zerdab.com\/?p=29723#primaryimage"},"thumbnailUrl":"https:\/\/www.zerdab.com\/wp-content\/uploads\/2019\/04\/prezident-serencam-ilham-eliyev-ferman.jpg","datePublished":"2023-01-05T11:20:03+00:00","author":{"@id":"https:\/\/www.zerdab.com\/#\/schema\/person\/97079b7570c1e89ec0d9e138c3672136"},"breadcrumb":{"@id":"https:\/\/www.zerdab.com\/?p=29723#breadcrumb"},"inLanguage":"az","potentialAction":[{"@type":"ReadAction","target":["https:\/\/www.zerdab.com\/?p=29723"]}]},{"@type":"ImageObject","inLanguage":"az","@id":"https:\/\/www.zerdab.com\/?p=29723#primaryimage","url":"https:\/\/www.zerdab.com\/wp-content\/uploads\/2019\/04\/prezident-serencam-ilham-eliyev-ferman.jpg","contentUrl":"https:\/\/www.zerdab.com\/wp-content\/uploads\/2019\/04\/prezident-serencam-ilham-eliyev-ferman.jpg","width":1276,"height":748,"caption":"prezident-serencam-ilham-eliyev-ferman"},{"@type":"BreadcrumbList","@id":"https:\/\/www.zerdab.com\/?p=29723#breadcrumb","itemListElement":[{"@type":"ListItem","position":1,"name":"Home","item":"https:\/\/www.zerdab.com\/"},{"@type":"ListItem","position":2,"name":"Minimum ayl\u0131q \u0259m\u0259khaqq\u0131 v\u0259 pensiyalar\u0131n art\u0131r\u0131lmas\u0131 il\u0259 ba\u011fl\u0131 &#8211; S\u0259r\u0259ncam"}]},{"@type":"WebSite","@id":"https:\/\/www.zerdab.com\/#website","url":"https:\/\/www.zerdab.com\/","name":"Z\u0259rdab.com","description":"","potentialAction":[{"@type":"SearchAction","target":{"@type":"EntryPoint","urlTemplate":"https:\/\/www.zerdab.com\/?s={search_term_string}"},"query-input":{"@type":"PropertyValueSpecification","valueRequired":true,"valueName":"search_term_string"}}],"inLanguage":"az"},{"@type":"Person","@id":"https:\/\/www.zerdab.com\/#\/schema\/person\/97079b7570c1e89ec0d9e138c3672136","name":"admin","image":{"@type":"ImageObject","inLanguage":"az","@id":"https:\/\/www.zerdab.com\/#\/schema\/person\/image\/","url":"https:\/\/secure.gravatar.com\/avatar\/d9c52a9a27c32119cb6679a077fa3e2779e5f822c451cbf01098004361d466ec?s=96&d=mm&r=g","contentUrl":"https:\/\/secure.gravatar.com\/avatar\/d9c52a9a27c32119cb6679a077fa3e2779e5f822c451cbf01098004361d466ec?s=96&d=mm&r=g","caption":"admin"},"url":"https:\/\/www.zerdab.com\/?author=1"}]}},"_links":{"self":[{"href":"https:\/\/www.zerdab.com\/index.php?rest_route=\/wp\/v2\/posts\/29723","targetHints":{"allow":["GET"]}}],"collection":[{"href":"https:\/\/www.zerdab.com\/index.php?rest_route=\/wp\/v2\/posts"}],"about":[{"href":"https:\/\/www.zerdab.com\/index.php?rest_route=\/wp\/v2\/types\/post"}],"author":[{"embeddable":true,"href":"https:\/\/www.zerdab.com\/index.php?rest_route=\/wp\/v2\/users\/1"}],"replies":[{"embeddable":true,"href":"https:\/\/www.zerdab.com\/index.php?rest_route=%2Fwp%2Fv2%2Fcomments&post=29723"}],"version-history":[{"count":1,"href":"https:\/\/www.zerdab.com\/index.php?rest_route=\/wp\/v2\/posts\/29723\/revisions"}],"predecessor-version":[{"id":29724,"href":"https:\/\/www.zerdab.com\/index.php?rest_route=\/wp\/v2\/posts\/29723\/revisions\/29724"}],"wp:featuredmedia":[{"embeddable":true,"href":"https:\/\/www.zerdab.com\/index.php?rest_route=\/wp\/v2\/media\/26772"}],"wp:attachment":[{"href":"https:\/\/www.zerdab.com\/index.php?rest_route=%2Fwp%2Fv2%2Fmedia&parent=29723"}],"wp:term":[{"taxonomy":"category","embeddable":true,"href":"https:\/\/www.zerdab.com\/index.php?rest_route=%2Fwp%2Fv2%2Fcategories&post=29723"},{"taxonomy":"post_tag","embeddable":true,"href":"https:\/\/www.zerdab.com\/index.php?rest_route=%2Fwp%2Fv2%2Ftags&post=29723"}],"curies":[{"name":"wp","href":"https:\/\/api.w.org\/{rel}","templated":true}]}}