{"id":29778,"date":"2023-03-27T16:35:39","date_gmt":"2023-03-27T12:35:39","guid":{"rendered":"https:\/\/www.zerdab.com\/?p=29778"},"modified":"2023-10-10T16:41:28","modified_gmt":"2023-10-10T12:41:28","slug":"%c9%99sl%c9%99n-z%c9%99rdabdan-olan-ziyali-n%c9%99slin-layiqli-davamcisi-yorulmayasiniz-elnur-allahverdiyev","status":"publish","type":"post","link":"https:\/\/www.zerdab.com\/?p=29778","title":{"rendered":"\u018fsl\u0259n Z\u0259rdabdan olan ziyal\u0131 n\u0259slin layiqli davam\u00e7\u0131s\u0131&#8230; &#8211; Yorulmayas\u0131n\u0131z, Elnur Allahverdiyev&#8230;"},"content":{"rendered":"<p>Z\u0259rdabda say\u0131l\u0131b-se\u00e7il\u0259n n\u0259sill\u0259r \u00e7ox olub v\u0259 el\u0259 indi d\u0259 var. Bu n\u0259sill\u0259r\u0259 Z\u0259rdabda h\u0259mi\u015f\u0259 x\u00fcsusi h\u00f6rm\u0259t, r\u0259\u011fb\u0259t, sevgi olub. Maraql\u0131d\u0131r ki, bu n\u0259sild\u0259n olanlar h\u0259tta rayonumuzdan k\u0259nara k\u00f6\u00e7\u0259nd\u0259, ba\u015fqa \u00f6lk\u0259l\u0259r\u0259 \u00fcz tutanda da gend\u0259n g\u0259lm\u0259 xo\u015f missiyan\u0131, \u0259n\u0259n\u0259ni davam etdirirl\u0259r.<\/p>\n<p><strong>Zerdab.com<\/strong> sayt\u0131 olaraq bu yaz\u0131m\u0131zda b\u0259zil\u0259rinin bildiyi, b\u0259zil\u0259rinin bilm\u0259diyi faktlara toxunmaqla bel\u0259 bir b\u00f6y\u00fck n\u0259sill\u0259rd\u0259n birinin n\u00fcmay\u0259nd\u0259l\u0259ri haqq\u0131nda m\u0259lumat verm\u0259y\u0259 \u00e7al\u0131\u015faca\u011f\u0131q.<\/p>\n<p>Deyir, sevinc b\u00f6l\u00fc\u015fd\u00fckc\u0259 \u00e7oxal\u0131r, k\u0259d\u0259r b\u00f6l\u00fc\u015fd\u00fckc\u0259 azal\u0131r. Bu m\u0259nada, yax\u015f\u0131 \u0259m\u0259ll\u0259ri t\u0259bli\u011f etm\u0259k h\u0259m d\u0259 ba\u015fqalar\u0131na n\u00fcmun\u0259 olmas\u0131, t\u0259\u015fviq etm\u0259k bax\u0131m\u0131ndan \u00f6n\u0259mlidir\u2026<\/p>\n<p>Akademik Marat Allahverdiyevi rayonumuzda \u00e7oxlar\u0131, x\u00fcsus\u0259n d\u0259 orta v\u0259 ya\u015fl\u0131 n\u0259slin n\u00fcmay\u0259nd\u0259l\u0259ri \u00e7ox yax\u015f\u0131 tan\u0131y\u0131rlar. \u00c7\u00fcnki \u0259sl\u0259n Z\u0259rdab rayonunun K\u00f6rp\u00fck\u0259nd k\u0259ndind\u0259n olan Marat m\u00fc\u0259llim xeyirxah \u0259m\u0259ll\u0259ri, g\u00f6rd\u00fcy\u00fc i\u015fl\u0259rl\u0259 sa\u011fl\u0131\u011f\u0131nda bu h\u00f6rm\u0259ti qazan\u0131b.<\/p>\n<p><img loading=\"lazy\" decoding=\"async\" class=\"alignnone size-medium wp-image-29775\" src=\"http:\/\/www.zerdab.com\/wp-content\/uploads\/2020\/07\/marat-allahverdiyev-zerdab-elnur-allahverdiyev-400x571.jpg\" alt=\"marat-allahverdiyev-zerdab-elnur-allahverdiyev\" width=\"400\" height=\"571\" srcset=\"https:\/\/www.zerdab.com\/wp-content\/uploads\/2020\/07\/marat-allahverdiyev-zerdab-elnur-allahverdiyev-400x571.jpg 400w, https:\/\/www.zerdab.com\/wp-content\/uploads\/2020\/07\/marat-allahverdiyev-zerdab-elnur-allahverdiyev-385x550.jpg 385w, https:\/\/www.zerdab.com\/wp-content\/uploads\/2020\/07\/marat-allahverdiyev-zerdab-elnur-allahverdiyev-768x1096.jpg 768w, https:\/\/www.zerdab.com\/wp-content\/uploads\/2020\/07\/marat-allahverdiyev-zerdab-elnur-allahverdiyev-696x993.jpg 696w, https:\/\/www.zerdab.com\/wp-content\/uploads\/2020\/07\/marat-allahverdiyev-zerdab-elnur-allahverdiyev-294x420.jpg 294w, https:\/\/www.zerdab.com\/wp-content\/uploads\/2020\/07\/marat-allahverdiyev-zerdab-elnur-allahverdiyev.jpg 897w\" sizes=\"auto, (max-width: 400px) 100vw, 400px\" \/><\/p>\n<p>Marat m\u00fc\u0259llimin atas\u0131 Allahverdi m\u00fc\u0259llim d\u0259 Z\u0259rdab rayonunda say\u0131l\u0131b-se\u00e7il\u0259n, \u00e7ox h\u00f6rm\u0259tli, ziyal\u0131 bir n\u0259slin n\u00fcmay\u0259nd\u0259si olub.<br \/>\nAllahverdi m\u00fc\u0259llim ali t\u0259hsilini ba\u015fa vurduqdan sonra Bak\u0131 \u015f\u0259h\u0259rin\u0259 k\u00f6\u00e7\u00fcb.<br \/>\nO, Bak\u0131da, m\u00fcxt\u0259lif b\u00f6lg\u0259l\u0259rd\u0259, o c\u00fcml\u0259d\u0259n \u015eu\u015fada uzun ill\u0259r m\u00fcxt\u0259lif y\u00fcks\u0259k v\u0259zif\u0259l\u0259rd\u0259 \u00e7al\u0131\u015f\u0131b.<\/p>\n<p>Allahverdi m\u00fc\u0259llim sevib-se\u00e7diyi xan\u0131mla ail\u0259 qurub. Bu evlilikd\u0259n 1941-ci ilin may ay\u0131n\u0131n 18-d\u0259 bir o\u011ful \u00f6vlad\u0131 d\u00fcnyaya g\u0259lib.<\/p>\n<p>Allahverdi m\u00fc\u0259llim o\u011fluna Marat ad\u0131 qoyub v\u0259 h\u0259m \u00f6z\u00fc, h\u0259m d\u0259 h\u0259yat yolda\u015f\u0131 onun t\u0259lim-t\u0259rbiy\u0259si il\u0259 ciddi m\u0259\u015f\u011ful olublar. Marat Allahverdiyev ort\u0259 m\u0259kt\u0259bi bitirdikd\u0259n sonra Az\u0259rbaycan D\u00f6vl\u0259t Politexnik Universitetin\u0259 daxil olub.<\/p>\n<p>H\u0259l\u0259 Universitetd\u0259 oxudu\u011fu ill\u0259rd\u0259 aktiv t\u0259l\u0259b\u0259l\u0259rd\u0259n olan M. Allahverdiyev bu t\u0259hsil oca\u011f\u0131n\u0131 y\u00fcks\u0259k n\u0259tic\u0259l\u0259rl\u0259 ba\u015fa vurub.<\/p>\n<p>\u0130\u015f f\u0259aliyy\u0259tin\u0259 tikinti sah\u0259sind\u0259n ba\u015flay\u0131b. Bak\u0131 \u015e\u0259h\u0259r Komit\u0259sind\u0259 tikinti instruktoru, d\u0259mir-beton zavodunun direktoru, Rabit\u0259 Nazirliyind\u0259 Rabit\u0259 montaj-tikinti trestinin r\u0259hb\u0259ri v\u0259zif\u0259l\u0259rind\u0259 \u00e7al\u0131\u015f\u0131b.<\/p>\n<p>Marat m\u00fc\u0259llim v\u0259zif\u0259d\u0259 \u00e7al\u0131\u015fd\u0131\u011f\u0131 ill\u0259rd\u0259 atas\u0131 Allahverdi ki\u015finin ona a\u015f\u0131lad\u0131\u011f\u0131 xeyirxah \u0259m\u0259ll\u0259ri real h\u0259yatda t\u0259tbiq edib.<\/p>\n<p>H\u0259m bir az\u0259rbaycanl\u0131 kimi, h\u0259m d\u0259 \u0259sl\u0259n Z\u0259rdab rayonundan olan bir \u015f\u0259xs kimi h\u0259r k\u0259s\u0259, o c\u00fcml\u0259d\u0259n Z\u0259rdab rayonundan olan v\u0259 ona m\u00fcraci\u0259t ed\u0259n h\u0259myerlil\u0259rimiz\u0259 \u00f6z d\u0259st\u0259yini, k\u00f6m\u0259kliyini \u0259sirg\u0259m\u0259yib.<\/p>\n<p>M. Allahverdiyev daha sonralar M\u0259tbuat v\u0259 \u0130nformasiya Nazirliyin\u0259 \u00e7evril\u0259n Az\u0259rbaycan Respublikas\u0131 D\u00f6vl\u0259t Poliqrafiya v\u0259 Kitab Ticar\u0259ti \u0130\u015fl\u0259ri Komit\u0259sinin s\u0259dr m\u00fcavini, s\u0259dri i\u015fl\u0259yib.<\/p>\n<p>\u018fm\u0259k f\u0259aliyy\u0259ti ill\u0259ri olduqca z\u0259ngin olan Marat m\u00fc\u0259llim \u201cB\u0259rpa\u00e7\u0131\u201d m\u0259rk\u0259zinin r\u0259isi, Az\u0259rbaycan M\u0259d\u0259niyy\u0259t nazirinin m\u00fcavini, Respublika Xalq N\u0259zar\u0259t Komit\u0259si s\u0259drinin birinci m\u00fcavini, Az\u0259rbaycan Respublikas\u0131 Prezidenti yan\u0131nda Ali N\u0259zar\u0259t \u0130nspeksiyas\u0131n\u0131n s\u0259dri v\u0259zif\u0259l\u0259rind\u0259 \u00e7al\u0131\u015f\u0131b.<\/p>\n<p>Marat m\u00fc\u0259llim Xuraman adl\u0131 xan\u0131mla ail\u0259 qurub. Xuraman Allahverdiyeva uzun ill\u0259r Rabit\u0259 Nazirliyind\u0259 iqtisad\u00e7\u0131 v\u0259zif\u0259sind\u0259 \u00e7al\u0131\u015f\u0131b.<\/p>\n<p>Bu ill\u0259r \u0259rzind\u0259 Marat m\u00fc\u0259llim \u0259sl\u0259n oldu\u011fu do\u011fma Z\u0259rdab rayonu il\u0259 \u0259laq\u0259l\u0259rini k\u0259sm\u0259yib, h\u0259r zaman \u00f6z h\u0259myerlil\u0259rin\u0259 \u0259l tutub, xeyir-\u015f\u0259rd\u0259 i\u015ftirak edib.<\/p>\n<p>M\u0259qal\u0259l\u0259rimizin birind\u0259 m\u0259lumat verdiyimiz kimi, ill\u0259r \u00f6nc\u0259 Bak\u0131n\u0131n \u0259n b\u00f6y\u00fck prospektl\u0259rind\u0259n birin\u0259 H\u0259s\u0259n b\u0259y Z\u0259rdabinin ad\u0131n\u0131n verilm\u0259si m\u0259hz Marat m\u00fc\u0259llimin t\u0259\u015f\u0259bb\u00fcs\u00fc v\u0259 c\u0259hdl\u0259ri say\u0259sind\u0259 m\u00fcmk\u00fcn olub.<\/p>\n<p>Marat Allahverdiyev Tarixi Abid\u0259l\u0259rin B\u0259rpas\u0131 v\u0259 Qorunmas\u0131 Komit\u0259sind\u0259 s\u0259drin birinci m\u00fcavini v\u0259zif\u0259sind\u0259 d\u0259 \u00e7al\u0131\u015f\u0131b.<\/p>\n<p>1990-1995-ci ill\u0259rd\u0259 Marat m\u00fc\u0259llim Milli M\u0259clisin Z\u0259rdab rayonundan deputat\u0131 olub.<\/p>\n<p>Beyn\u0259lxalq \u0130ctimai Telekommunikasiya Akademiyas\u0131n\u0131n \u00fczv\u00fc, akademik, texniki elml\u0259r doktoru olub.<\/p>\n<p>Yeri g\u0259lmi\u015fk\u0259n, Marat m\u00fc\u0259llim h\u0259m d\u0259 Bak\u0131da H\u0259s\u0259n b\u0259y Z\u0259rdabinin b\u00fcst\u00fcn\u00fcn ucald\u0131lmas\u0131 \u00fc\u00e7\u00fcn xidm\u0259tl\u0259r g\u00f6st\u0259r\u0259n \u015f\u0259xsl\u0259rd\u0259n biri olub.<\/p>\n<p><img loading=\"lazy\" decoding=\"async\" class=\"alignnone wp-image-24902\" src=\"http:\/\/www.zerdab.com\/wp-content\/uploads\/2017\/08\/Faiq-Allahverdiyev-prokuror-2-400x273.jpg\" alt=\"Faiq Allahverdiyev-prokuror\" width=\"454\" height=\"310\" srcset=\"https:\/\/www.zerdab.com\/wp-content\/uploads\/2017\/08\/Faiq-Allahverdiyev-prokuror-2-400x273.jpg 400w, https:\/\/www.zerdab.com\/wp-content\/uploads\/2017\/08\/Faiq-Allahverdiyev-prokuror-2-550x375.jpg 550w\" sizes=\"auto, (max-width: 454px) 100vw, 454px\" \/><\/p>\n<p>Bu yerd\u0259 onu da qeyd ed\u0259k ki, Marat m\u00fc\u0259llimin \u0259misi Faiq Allahverdiyev is\u0259 ilk Z\u0259rdabl\u0131 prokuror kimi tarix\u0259 d\u00fc\u015f\u00fcb.<br \/>\nFaiq Allahverdiyev 1967-ci ild\u0259n Az\u0259rbaycan Prokurorlu\u011funda \u015f\u00f6b\u0259 m\u00fcdiri, sonralar Respublika prokurorunun ba\u015f k\u00f6m\u0259k\u00e7isi v\u0259zif\u0259l\u0259rind\u0259 \u00e7al\u0131\u015f\u0131b. M\u00fcxt\u0259lif ill\u0259rd\u0259 \u015eamax\u0131 Rayon Prokuroru, Bak\u0131 \u015e\u0259h\u0259r Prokurorlu\u011funun \u015f\u00f6b\u0259 r\u0259isi, Respublika prokurorlu\u011funun b\u00f6y\u00fck prokuroru v\u0259zif\u0259l\u0259rind\u0259 i\u015fl\u0259yib.<br \/>\nAz\u0259rbaycan Respublikas\u0131n\u0131n \u0259m\u0259kdar h\u00fcquq\u015f\u00fcnas\u0131, Prokurorlu\u011fun f\u0259xri i\u015f\u00e7isi kimi y\u00fcks\u0259k adlara layiq g\u00f6r\u00fcl\u00fcb.<br \/>\nProkurorlu\u011fun F\u0259xri \u0130\u015f\u00e7isi, Ba\u015f \u018fdliyy\u0259 M\u00fc\u015faviri Allahverdiyev Faiq Seyid o\u011flu 29 iyul 2017-ci il tarixind\u0259 v\u0259fat edib.<\/p>\n<p>Marat m\u00fc\u0259llimin dig\u0259r \u0259misi Abdulla Allahverdiyev is\u0259 uzun ill\u0259r Bak\u0131 \u015f\u0259h\u0259r Ya\u015f\u0131lla\u015fd\u0131rma trestinin r\u0259isi v\u0259zif\u0259sind\u0259 \u00e7al\u0131\u015f\u0131b.<\/p>\n<p>Marat m\u00fc\u0259llimin 3 \u00f6vlad\u0131 var.<\/p>\n<p>Onun \u00f6vladlar\u0131ndan biri d\u0259 \u00f6lk\u0259 ictimaiyy\u0259tinin d\u0259 yax\u015f\u0131 tan\u0131d\u0131\u011f\u0131 Elnur Allahverdiyevdir.<\/p>\n<p><img loading=\"lazy\" decoding=\"async\" class=\"alignnone size-full wp-image-29783\" src=\"http:\/\/www.zerdab.com\/wp-content\/uploads\/2023\/02\/Elnur-Allahverdiyev-millet-vekili-Marat-Allahverdiyev-.jpg\" alt=\"Elnur Allahverdiyev-millet-vekili-Marat-Allahverdiyev-\" width=\"960\" height=\"830\" srcset=\"https:\/\/www.zerdab.com\/wp-content\/uploads\/2023\/02\/Elnur-Allahverdiyev-millet-vekili-Marat-Allahverdiyev-.jpg 960w, https:\/\/www.zerdab.com\/wp-content\/uploads\/2023\/02\/Elnur-Allahverdiyev-millet-vekili-Marat-Allahverdiyev--400x346.jpg 400w, https:\/\/www.zerdab.com\/wp-content\/uploads\/2023\/02\/Elnur-Allahverdiyev-millet-vekili-Marat-Allahverdiyev--550x476.jpg 550w, https:\/\/www.zerdab.com\/wp-content\/uploads\/2023\/02\/Elnur-Allahverdiyev-millet-vekili-Marat-Allahverdiyev--768x664.jpg 768w, https:\/\/www.zerdab.com\/wp-content\/uploads\/2023\/02\/Elnur-Allahverdiyev-millet-vekili-Marat-Allahverdiyev--534x462.jpg 534w, https:\/\/www.zerdab.com\/wp-content\/uploads\/2023\/02\/Elnur-Allahverdiyev-millet-vekili-Marat-Allahverdiyev--696x602.jpg 696w, https:\/\/www.zerdab.com\/wp-content\/uploads\/2023\/02\/Elnur-Allahverdiyev-millet-vekili-Marat-Allahverdiyev--486x420.jpg 486w\" sizes=\"auto, (max-width: 960px) 100vw, 960px\" \/><\/p>\n<p>Elnur Allahverdiyev 1985-1995-ci ill\u0259rd\u0259 Bak\u0131 \u015f\u0259h\u0259r 47 sayl\u0131 orta m\u0259kt\u0259bd\u0259 t\u0259hsil al\u0131b. 1995-1999-cu ill\u0259rd\u0259 \u201cH\u00fcquq\u015f\u00fcnasl\u0131q\u201d, 2012-2015-ci ill\u0259rd\u0259 \u201c\u0130qtisadiyyat\u0131n h\u00fcquqi t\u0259nziml\u0259nm\u0259si\u201d fak\u00fclt\u0259l\u0259rind\u0259 t\u0259hsil al\u0131b. 1999-cu ilin iyul ay\u0131ndan 2000-ci ilin iyul ay\u0131nad\u0259k Az\u0259rbaycan Respublikas\u0131n\u0131n Silahl\u0131 Q\u00fcvv\u0259l\u0259rinin Qazax rayonundak\u0131 N sayl\u0131 h\u0259rbi hiss\u0259sind\u0259 h\u0259rbi xidm\u0259t ke\u00e7ib.<\/p>\n<p>Sahibkarl\u0131q f\u0259aliyy\u0259ti il\u0259 m\u0259\u015f\u011ful olub. 2001-ci ild\u0259n deputatl\u0131q f\u0259aliyy\u0259tin\u0259 ba\u015flayanad\u0259k \u201cABC-Telecom\u201d MMC-d\u0259 ba\u015f direktor v\u0259zif\u0259sind\u0259 \u00e7al\u0131\u015f\u0131b.<\/p>\n<p>13 noyabr 2014-c\u00fc ild\u0259n 29 dekabr 2019-cu il\u0259d\u0259k Sloveniya Respublikas\u0131n\u0131n Az\u0259rbaycan Respublikas\u0131ndak\u0131 F\u0259xri Konsulu olub.<\/p>\n<p>1 dekabr 2017-ci il tarixind\u0259 Heyd\u0259r \u018fliyev M\u0259rk\u0259zinin direktorunun m\u00fc\u015faviri v\u0259zif\u0259sin\u0259 t\u0259yin olunub.<\/p>\n<p>Milli M\u0259clisin deputat\u0131 se\u00e7ildiyind\u0259n bu v\u0259zif\u0259d\u0259 f\u0259aliyy\u0259tini ba\u015fa vurub.<\/p>\n<p>26 mart 2018-ci il tarixind\u0259n 2021-ci ilin iyul ay\u0131nad\u0259k \u201cAzercell Telekom\u201d MMC-nin \u0130dar\u0259 Hey\u0259tinin s\u0259dri olub.<\/p>\n<p>Yeni Az\u0259rbaycan Partiyas\u0131n\u0131n \u00fczv\u00fcd\u00fcr. 9 fevral 2020-ci ild\u0259 17 sayl\u0131 Yasamal \u00fc\u00e7\u00fcnc\u00fc se\u00e7ki dair\u0259sind\u0259n YAP-\u0131n namiz\u0259di olaraq s\u0259sl\u0259rin 40%-ni toplayaraq VI \u00e7a\u011f\u0131r\u0131\u015f Milli M\u0259clisin deputat\u0131 se\u00e7ilib.<\/p>\n<p><img loading=\"lazy\" decoding=\"async\" class=\"alignnone size-full wp-image-29782\" src=\"http:\/\/www.zerdab.com\/wp-content\/uploads\/2023\/02\/Elnur-Allahverdiyev-millet-vekili-Marat-Allahverdiyev1.jpg\" alt=\"Elnur Allahverdiyev-millet-vekili-Marat-Allahverdiyev1\" width=\"1024\" height=\"683\" srcset=\"https:\/\/www.zerdab.com\/wp-content\/uploads\/2023\/02\/Elnur-Allahverdiyev-millet-vekili-Marat-Allahverdiyev1.jpg 1024w, https:\/\/www.zerdab.com\/wp-content\/uploads\/2023\/02\/Elnur-Allahverdiyev-millet-vekili-Marat-Allahverdiyev1-400x267.jpg 400w, https:\/\/www.zerdab.com\/wp-content\/uploads\/2023\/02\/Elnur-Allahverdiyev-millet-vekili-Marat-Allahverdiyev1-550x367.jpg 550w, https:\/\/www.zerdab.com\/wp-content\/uploads\/2023\/02\/Elnur-Allahverdiyev-millet-vekili-Marat-Allahverdiyev1-768x512.jpg 768w, https:\/\/www.zerdab.com\/wp-content\/uploads\/2023\/02\/Elnur-Allahverdiyev-millet-vekili-Marat-Allahverdiyev1-696x464.jpg 696w, https:\/\/www.zerdab.com\/wp-content\/uploads\/2023\/02\/Elnur-Allahverdiyev-millet-vekili-Marat-Allahverdiyev1-630x420.jpg 630w\" sizes=\"auto, (max-width: 1024px) 100vw, 1024px\" \/><\/p>\n<p>Milli M\u0259clisin GUAM PA-dak\u0131 n\u00fcmay\u0259nd\u0259 hey\u0259tinin v\u0259 Az\u0259rbaycan-\u00c7exiya parlamentl\u0259raras\u0131 \u0259laq\u0259l\u0259r \u00fczr\u0259 \u0130\u015f\u00e7i qrupun r\u0259hb\u0259ridir.<\/p>\n<p>Elnur Allahverdiyev Milli M\u0259clisin \u0130qtisadi siyas\u0259t, s\u0259naye v\u0259 sahibkarl\u0131q v\u0259 G\u0259ncl\u0259r v\u0259 idman komit\u0259l\u0259rinin, habel\u0259 Hesablama Komissiyas\u0131n\u0131n \u00fczv\u00fcd\u00fcr.<\/p>\n<p>Ail\u0259lidir, \u00fc\u00e7 \u00f6vlad\u0131 var.<\/p>\n<p>Yasamal rayonu b\u00f6y\u00fckl\u00fcy\u00fcn\u0259 g\u00f6r\u0259 Bak\u0131n\u0131n \u0259sas rayonlar\u0131ndan biridir. Elnur m\u00fc\u0259llim 17 sayl\u0131 Yasamal \u00fc\u00e7\u00fcnc\u00fc se\u00e7ki dair\u0259sind\u0259n mill\u0259t v\u0259kili olaraq h\u0259r g\u00fcn ona m\u00fcraci\u0259t ed\u0259n y\u00fczl\u0259rl\u0259 se\u00e7icinin s\u0259sin\u0259 s\u0259s verm\u0259y\u0259, m\u00fcraci\u0259tl\u0259rinin h\u0259llin\u0259 \u00e7al\u0131\u015f\u0131r.<\/p>\n<p>Elnur m\u00fc\u0259llim babas\u0131 Allahverdi ki\u015fid\u0259n, atas\u0131 Marat m\u00fc\u0259llimd\u0259n qalan ziyal\u0131l\u0131q, el-obas\u0131na ba\u011fl\u0131l\u0131q, xeyirxahl\u0131q missiyas\u0131n\u0131 b\u00f6y\u00fck bir n\u0259slin davam\u00e7\u0131s\u0131 kimi u\u011furla davam etdirir.<\/p>\n<p>\u00dcmumiyy\u0259tl\u0259, Allahverdiyevl\u0259r n\u0259sli daim Az\u0259rbaycan\u0131m\u0131za, Z\u0259rdab\u0131m\u0131za ba\u015fucal\u0131\u011f\u0131 g\u0259tiribl\u0259r.<\/p>\n<p>Bu n\u0259slin layiqli davam\u00e7\u0131s\u0131 kimi Elnur Allahverdiyevin daha b\u00f6y\u00fck u\u011furlara imza ataca\u011f\u0131na inan\u0131r\u0131q.<\/p>\n<p>Elnur m\u00fc\u0259llim\u0259 \u00e7\u0259tin v\u0259 m\u0259suliyy\u0259tli i\u015find\u0259 u\u011furlar arzulay\u0131r\u0131q.<\/p>\n<p><strong>N. \u0130ntiqam<\/strong><\/p>\n<p><strong> Zerdab.com<\/strong><\/p>\n","protected":false},"excerpt":{"rendered":"<p>Z\u0259rdabda say\u0131l\u0131b-se\u00e7il\u0259n n\u0259sill\u0259r \u00e7ox olub v\u0259 el\u0259 indi d\u0259 var. Bu n\u0259sill\u0259r\u0259 Z\u0259rdabda h\u0259mi\u015f\u0259 x\u00fcsusi h\u00f6rm\u0259t, r\u0259\u011fb\u0259t, sevgi olub. Maraql\u0131d\u0131r ki, bu n\u0259sild\u0259n olanlar h\u0259tta rayonumuzdan k\u0259nara k\u00f6\u00e7\u0259nd\u0259, ba\u015fqa \u00f6lk\u0259l\u0259r\u0259 \u00fcz tutanda da gend\u0259n g\u0259lm\u0259 xo\u015f missiyan\u0131, \u0259n\u0259n\u0259ni davam etdirirl\u0259r. Zerdab.com sayt\u0131 olaraq bu yaz\u0131m\u0131zda b\u0259zil\u0259rinin bildiyi, b\u0259zil\u0259rinin bilm\u0259diyi faktlara toxunmaqla bel\u0259 bir b\u00f6y\u00fck n\u0259sill\u0259rd\u0259n [&hellip;]<\/p>\n","protected":false},"author":1,"featured_media":29785,"comment_status":"closed","ping_status":"closed","sticky":false,"template":"","format":"standard","meta":{"footnotes":""},"categories":[21,7,63,15],"tags":[],"class_list":{"0":"post-29778","1":"post","2":"type-post","3":"status-publish","4":"format-standard","5":"has-post-thumbnail","7":"category-zrdab","8":"category-ziyalilar","9":"category-manset","10":"category-musahib-zrdab-hsn-by-zrdabi-mrkzi-aran"},"yoast_head":"<!-- This site is optimized with the Yoast SEO plugin v27.0 - https:\/\/yoast.com\/product\/yoast-seo-wordpress\/ -->\n<title>\u018fsl\u0259n Z\u0259rdabdan olan ziyal\u0131 n\u0259slin layiqli davam\u00e7\u0131s\u0131... - Yorulmayas\u0131n\u0131z, Elnur Allahverdiyev... - Z\u0259rdab.com<\/title>\n<meta name=\"robots\" content=\"index, follow, max-snippet:-1, max-image-preview:large, max-video-preview:-1\" \/>\n<link rel=\"canonical\" href=\"https:\/\/www.zerdab.com\/?p=29778\" \/>\n<meta property=\"og:locale\" content=\"az_AZ\" \/>\n<meta property=\"og:type\" content=\"article\" \/>\n<meta property=\"og:title\" content=\"\u018fsl\u0259n Z\u0259rdabdan olan ziyal\u0131 n\u0259slin layiqli davam\u00e7\u0131s\u0131... - Yorulmayas\u0131n\u0131z, Elnur Allahverdiyev... - Z\u0259rdab.com\" \/>\n<meta property=\"og:description\" content=\"Z\u0259rdabda say\u0131l\u0131b-se\u00e7il\u0259n n\u0259sill\u0259r \u00e7ox olub v\u0259 el\u0259 indi d\u0259 var. Bu n\u0259sill\u0259r\u0259 Z\u0259rdabda h\u0259mi\u015f\u0259 x\u00fcsusi h\u00f6rm\u0259t, r\u0259\u011fb\u0259t, sevgi olub. Maraql\u0131d\u0131r ki, bu n\u0259sild\u0259n olanlar h\u0259tta rayonumuzdan k\u0259nara k\u00f6\u00e7\u0259nd\u0259, ba\u015fqa \u00f6lk\u0259l\u0259r\u0259 \u00fcz tutanda da gend\u0259n g\u0259lm\u0259 xo\u015f missiyan\u0131, \u0259n\u0259n\u0259ni davam etdirirl\u0259r. Zerdab.com sayt\u0131 olaraq bu yaz\u0131m\u0131zda b\u0259zil\u0259rinin bildiyi, b\u0259zil\u0259rinin bilm\u0259diyi faktlara toxunmaqla bel\u0259 bir b\u00f6y\u00fck n\u0259sill\u0259rd\u0259n [&hellip;]\" \/>\n<meta property=\"og:url\" content=\"https:\/\/www.zerdab.com\/?p=29778\" \/>\n<meta property=\"og:site_name\" content=\"Z\u0259rdab.com\" \/>\n<meta property=\"article:published_time\" content=\"2023-03-27T12:35:39+00:00\" \/>\n<meta property=\"article:modified_time\" content=\"2023-10-10T12:41:28+00:00\" \/>\n<meta property=\"og:image\" content=\"https:\/\/www.zerdab.com\/wp-content\/uploads\/2023\/02\/Elnur-Allahverdiyev-millet-vekili-Marat-Allahverdiyev2.jpg\" \/>\n\t<meta property=\"og:image:width\" content=\"732\" \/>\n\t<meta property=\"og:image:height\" content=\"486\" \/>\n\t<meta property=\"og:image:type\" content=\"image\/jpeg\" \/>\n<meta name=\"author\" content=\"admin\" \/>\n<meta name=\"twitter:card\" content=\"summary_large_image\" \/>\n<meta name=\"twitter:label1\" content=\"Written by\" \/>\n\t<meta name=\"twitter:data1\" content=\"admin\" \/>\n\t<meta name=\"twitter:label2\" content=\"Est. reading time\" \/>\n\t<meta name=\"twitter:data2\" content=\"7 minutes\" \/>\n<script type=\"application\/ld+json\" class=\"yoast-schema-graph\">{\"@context\":\"https:\/\/schema.org\",\"@graph\":[{\"@type\":\"Article\",\"@id\":\"https:\/\/www.zerdab.com\/?p=29778#article\",\"isPartOf\":{\"@id\":\"https:\/\/www.zerdab.com\/?p=29778\"},\"author\":{\"name\":\"admin\",\"@id\":\"https:\/\/www.zerdab.com\/#\/schema\/person\/97079b7570c1e89ec0d9e138c3672136\"},\"headline\":\"\u018fsl\u0259n Z\u0259rdabdan olan ziyal\u0131 n\u0259slin layiqli davam\u00e7\u0131s\u0131&#8230; &#8211; Yorulmayas\u0131n\u0131z, Elnur Allahverdiyev&#8230;\",\"datePublished\":\"2023-03-27T12:35:39+00:00\",\"dateModified\":\"2023-10-10T12:41:28+00:00\",\"mainEntityOfPage\":{\"@id\":\"https:\/\/www.zerdab.com\/?p=29778\"},\"wordCount\":1451,\"image\":{\"@id\":\"https:\/\/www.zerdab.com\/?p=29778#primaryimage\"},\"thumbnailUrl\":\"https:\/\/www.zerdab.com\/wp-content\/uploads\/2023\/02\/Elnur-Allahverdiyev-millet-vekili-Marat-Allahverdiyev2.jpg\",\"articleSection\":[\"C\u018fM\u0130YY\u018fT\",\"F\u018fXRL\u018fR\u0130M\u0130Z\",\"MAN\u015eET\",\"M\u00dcSAH\u0130B\u018f\"],\"inLanguage\":\"az\"},{\"@type\":\"WebPage\",\"@id\":\"https:\/\/www.zerdab.com\/?p=29778\",\"url\":\"https:\/\/www.zerdab.com\/?p=29778\",\"name\":\"\u018fsl\u0259n Z\u0259rdabdan olan ziyal\u0131 n\u0259slin layiqli davam\u00e7\u0131s\u0131... - Yorulmayas\u0131n\u0131z, Elnur Allahverdiyev... - Z\u0259rdab.com\",\"isPartOf\":{\"@id\":\"https:\/\/www.zerdab.com\/#website\"},\"primaryImageOfPage\":{\"@id\":\"https:\/\/www.zerdab.com\/?p=29778#primaryimage\"},\"image\":{\"@id\":\"https:\/\/www.zerdab.com\/?p=29778#primaryimage\"},\"thumbnailUrl\":\"https:\/\/www.zerdab.com\/wp-content\/uploads\/2023\/02\/Elnur-Allahverdiyev-millet-vekili-Marat-Allahverdiyev2.jpg\",\"datePublished\":\"2023-03-27T12:35:39+00:00\",\"dateModified\":\"2023-10-10T12:41:28+00:00\",\"author\":{\"@id\":\"https:\/\/www.zerdab.com\/#\/schema\/person\/97079b7570c1e89ec0d9e138c3672136\"},\"breadcrumb\":{\"@id\":\"https:\/\/www.zerdab.com\/?p=29778#breadcrumb\"},\"inLanguage\":\"az\",\"potentialAction\":[{\"@type\":\"ReadAction\",\"target\":[\"https:\/\/www.zerdab.com\/?p=29778\"]}]},{\"@type\":\"ImageObject\",\"inLanguage\":\"az\",\"@id\":\"https:\/\/www.zerdab.com\/?p=29778#primaryimage\",\"url\":\"https:\/\/www.zerdab.com\/wp-content\/uploads\/2023\/02\/Elnur-Allahverdiyev-millet-vekili-Marat-Allahverdiyev2.jpg\",\"contentUrl\":\"https:\/\/www.zerdab.com\/wp-content\/uploads\/2023\/02\/Elnur-Allahverdiyev-millet-vekili-Marat-Allahverdiyev2.jpg\",\"width\":732,\"height\":486,\"caption\":\"Elnur Allahverdiyev-millet-vekili-Marat-Allahverdiyev2\"},{\"@type\":\"BreadcrumbList\",\"@id\":\"https:\/\/www.zerdab.com\/?p=29778#breadcrumb\",\"itemListElement\":[{\"@type\":\"ListItem\",\"position\":1,\"name\":\"Home\",\"item\":\"https:\/\/www.zerdab.com\/\"},{\"@type\":\"ListItem\",\"position\":2,\"name\":\"\u018fsl\u0259n Z\u0259rdabdan olan ziyal\u0131 n\u0259slin layiqli davam\u00e7\u0131s\u0131&#8230; &#8211; Yorulmayas\u0131n\u0131z, Elnur Allahverdiyev&#8230;\"}]},{\"@type\":\"WebSite\",\"@id\":\"https:\/\/www.zerdab.com\/#website\",\"url\":\"https:\/\/www.zerdab.com\/\",\"name\":\"Z\u0259rdab.com\",\"description\":\"\",\"potentialAction\":[{\"@type\":\"SearchAction\",\"target\":{\"@type\":\"EntryPoint\",\"urlTemplate\":\"https:\/\/www.zerdab.com\/?s={search_term_string}\"},\"query-input\":{\"@type\":\"PropertyValueSpecification\",\"valueRequired\":true,\"valueName\":\"search_term_string\"}}],\"inLanguage\":\"az\"},{\"@type\":\"Person\",\"@id\":\"https:\/\/www.zerdab.com\/#\/schema\/person\/97079b7570c1e89ec0d9e138c3672136\",\"name\":\"admin\",\"image\":{\"@type\":\"ImageObject\",\"inLanguage\":\"az\",\"@id\":\"https:\/\/www.zerdab.com\/#\/schema\/person\/image\/\",\"url\":\"https:\/\/secure.gravatar.com\/avatar\/d9c52a9a27c32119cb6679a077fa3e2779e5f822c451cbf01098004361d466ec?s=96&d=mm&r=g\",\"contentUrl\":\"https:\/\/secure.gravatar.com\/avatar\/d9c52a9a27c32119cb6679a077fa3e2779e5f822c451cbf01098004361d466ec?s=96&d=mm&r=g\",\"caption\":\"admin\"},\"url\":\"https:\/\/www.zerdab.com\/?author=1\"}]}<\/script>\n<!-- \/ Yoast SEO plugin. -->","yoast_head_json":{"title":"\u018fsl\u0259n Z\u0259rdabdan olan ziyal\u0131 n\u0259slin layiqli davam\u00e7\u0131s\u0131... - Yorulmayas\u0131n\u0131z, Elnur Allahverdiyev... - Z\u0259rdab.com","robots":{"index":"index","follow":"follow","max-snippet":"max-snippet:-1","max-image-preview":"max-image-preview:large","max-video-preview":"max-video-preview:-1"},"canonical":"https:\/\/www.zerdab.com\/?p=29778","og_locale":"az_AZ","og_type":"article","og_title":"\u018fsl\u0259n Z\u0259rdabdan olan ziyal\u0131 n\u0259slin layiqli davam\u00e7\u0131s\u0131... - Yorulmayas\u0131n\u0131z, Elnur Allahverdiyev... - Z\u0259rdab.com","og_description":"Z\u0259rdabda say\u0131l\u0131b-se\u00e7il\u0259n n\u0259sill\u0259r \u00e7ox olub v\u0259 el\u0259 indi d\u0259 var. Bu n\u0259sill\u0259r\u0259 Z\u0259rdabda h\u0259mi\u015f\u0259 x\u00fcsusi h\u00f6rm\u0259t, r\u0259\u011fb\u0259t, sevgi olub. Maraql\u0131d\u0131r ki, bu n\u0259sild\u0259n olanlar h\u0259tta rayonumuzdan k\u0259nara k\u00f6\u00e7\u0259nd\u0259, ba\u015fqa \u00f6lk\u0259l\u0259r\u0259 \u00fcz tutanda da gend\u0259n g\u0259lm\u0259 xo\u015f missiyan\u0131, \u0259n\u0259n\u0259ni davam etdirirl\u0259r. Zerdab.com sayt\u0131 olaraq bu yaz\u0131m\u0131zda b\u0259zil\u0259rinin bildiyi, b\u0259zil\u0259rinin bilm\u0259diyi faktlara toxunmaqla bel\u0259 bir b\u00f6y\u00fck n\u0259sill\u0259rd\u0259n [&hellip;]","og_url":"https:\/\/www.zerdab.com\/?p=29778","og_site_name":"Z\u0259rdab.com","article_published_time":"2023-03-27T12:35:39+00:00","article_modified_time":"2023-10-10T12:41:28+00:00","og_image":[{"width":732,"height":486,"url":"https:\/\/www.zerdab.com\/wp-content\/uploads\/2023\/02\/Elnur-Allahverdiyev-millet-vekili-Marat-Allahverdiyev2.jpg","type":"image\/jpeg"}],"author":"admin","twitter_card":"summary_large_image","twitter_misc":{"Written by":"admin","Est. reading time":"7 minutes"},"schema":{"@context":"https:\/\/schema.org","@graph":[{"@type":"Article","@id":"https:\/\/www.zerdab.com\/?p=29778#article","isPartOf":{"@id":"https:\/\/www.zerdab.com\/?p=29778"},"author":{"name":"admin","@id":"https:\/\/www.zerdab.com\/#\/schema\/person\/97079b7570c1e89ec0d9e138c3672136"},"headline":"\u018fsl\u0259n Z\u0259rdabdan olan ziyal\u0131 n\u0259slin layiqli davam\u00e7\u0131s\u0131&#8230; &#8211; Yorulmayas\u0131n\u0131z, Elnur Allahverdiyev&#8230;","datePublished":"2023-03-27T12:35:39+00:00","dateModified":"2023-10-10T12:41:28+00:00","mainEntityOfPage":{"@id":"https:\/\/www.zerdab.com\/?p=29778"},"wordCount":1451,"image":{"@id":"https:\/\/www.zerdab.com\/?p=29778#primaryimage"},"thumbnailUrl":"https:\/\/www.zerdab.com\/wp-content\/uploads\/2023\/02\/Elnur-Allahverdiyev-millet-vekili-Marat-Allahverdiyev2.jpg","articleSection":["C\u018fM\u0130YY\u018fT","F\u018fXRL\u018fR\u0130M\u0130Z","MAN\u015eET","M\u00dcSAH\u0130B\u018f"],"inLanguage":"az"},{"@type":"WebPage","@id":"https:\/\/www.zerdab.com\/?p=29778","url":"https:\/\/www.zerdab.com\/?p=29778","name":"\u018fsl\u0259n Z\u0259rdabdan olan ziyal\u0131 n\u0259slin layiqli davam\u00e7\u0131s\u0131... - Yorulmayas\u0131n\u0131z, Elnur Allahverdiyev... - Z\u0259rdab.com","isPartOf":{"@id":"https:\/\/www.zerdab.com\/#website"},"primaryImageOfPage":{"@id":"https:\/\/www.zerdab.com\/?p=29778#primaryimage"},"image":{"@id":"https:\/\/www.zerdab.com\/?p=29778#primaryimage"},"thumbnailUrl":"https:\/\/www.zerdab.com\/wp-content\/uploads\/2023\/02\/Elnur-Allahverdiyev-millet-vekili-Marat-Allahverdiyev2.jpg","datePublished":"2023-03-27T12:35:39+00:00","dateModified":"2023-10-10T12:41:28+00:00","author":{"@id":"https:\/\/www.zerdab.com\/#\/schema\/person\/97079b7570c1e89ec0d9e138c3672136"},"breadcrumb":{"@id":"https:\/\/www.zerdab.com\/?p=29778#breadcrumb"},"inLanguage":"az","potentialAction":[{"@type":"ReadAction","target":["https:\/\/www.zerdab.com\/?p=29778"]}]},{"@type":"ImageObject","inLanguage":"az","@id":"https:\/\/www.zerdab.com\/?p=29778#primaryimage","url":"https:\/\/www.zerdab.com\/wp-content\/uploads\/2023\/02\/Elnur-Allahverdiyev-millet-vekili-Marat-Allahverdiyev2.jpg","contentUrl":"https:\/\/www.zerdab.com\/wp-content\/uploads\/2023\/02\/Elnur-Allahverdiyev-millet-vekili-Marat-Allahverdiyev2.jpg","width":732,"height":486,"caption":"Elnur Allahverdiyev-millet-vekili-Marat-Allahverdiyev2"},{"@type":"BreadcrumbList","@id":"https:\/\/www.zerdab.com\/?p=29778#breadcrumb","itemListElement":[{"@type":"ListItem","position":1,"name":"Home","item":"https:\/\/www.zerdab.com\/"},{"@type":"ListItem","position":2,"name":"\u018fsl\u0259n Z\u0259rdabdan olan ziyal\u0131 n\u0259slin layiqli davam\u00e7\u0131s\u0131&#8230; &#8211; Yorulmayas\u0131n\u0131z, Elnur Allahverdiyev&#8230;"}]},{"@type":"WebSite","@id":"https:\/\/www.zerdab.com\/#website","url":"https:\/\/www.zerdab.com\/","name":"Z\u0259rdab.com","description":"","potentialAction":[{"@type":"SearchAction","target":{"@type":"EntryPoint","urlTemplate":"https:\/\/www.zerdab.com\/?s={search_term_string}"},"query-input":{"@type":"PropertyValueSpecification","valueRequired":true,"valueName":"search_term_string"}}],"inLanguage":"az"},{"@type":"Person","@id":"https:\/\/www.zerdab.com\/#\/schema\/person\/97079b7570c1e89ec0d9e138c3672136","name":"admin","image":{"@type":"ImageObject","inLanguage":"az","@id":"https:\/\/www.zerdab.com\/#\/schema\/person\/image\/","url":"https:\/\/secure.gravatar.com\/avatar\/d9c52a9a27c32119cb6679a077fa3e2779e5f822c451cbf01098004361d466ec?s=96&d=mm&r=g","contentUrl":"https:\/\/secure.gravatar.com\/avatar\/d9c52a9a27c32119cb6679a077fa3e2779e5f822c451cbf01098004361d466ec?s=96&d=mm&r=g","caption":"admin"},"url":"https:\/\/www.zerdab.com\/?author=1"}]}},"_links":{"self":[{"href":"https:\/\/www.zerdab.com\/index.php?rest_route=\/wp\/v2\/posts\/29778","targetHints":{"allow":["GET"]}}],"collection":[{"href":"https:\/\/www.zerdab.com\/index.php?rest_route=\/wp\/v2\/posts"}],"about":[{"href":"https:\/\/www.zerdab.com\/index.php?rest_route=\/wp\/v2\/types\/post"}],"author":[{"embeddable":true,"href":"https:\/\/www.zerdab.com\/index.php?rest_route=\/wp\/v2\/users\/1"}],"replies":[{"embeddable":true,"href":"https:\/\/www.zerdab.com\/index.php?rest_route=%2Fwp%2Fv2%2Fcomments&post=29778"}],"version-history":[{"count":13,"href":"https:\/\/www.zerdab.com\/index.php?rest_route=\/wp\/v2\/posts\/29778\/revisions"}],"predecessor-version":[{"id":29815,"href":"https:\/\/www.zerdab.com\/index.php?rest_route=\/wp\/v2\/posts\/29778\/revisions\/29815"}],"wp:featuredmedia":[{"embeddable":true,"href":"https:\/\/www.zerdab.com\/index.php?rest_route=\/wp\/v2\/media\/29785"}],"wp:attachment":[{"href":"https:\/\/www.zerdab.com\/index.php?rest_route=%2Fwp%2Fv2%2Fmedia&parent=29778"}],"wp:term":[{"taxonomy":"category","embeddable":true,"href":"https:\/\/www.zerdab.com\/index.php?rest_route=%2Fwp%2Fv2%2Fcategories&post=29778"},{"taxonomy":"post_tag","embeddable":true,"href":"https:\/\/www.zerdab.com\/index.php?rest_route=%2Fwp%2Fv2%2Ftags&post=29778"}],"curies":[{"name":"wp","href":"https:\/\/api.w.org\/{rel}","templated":true}]}}