{"id":29799,"date":"2023-03-10T17:03:03","date_gmt":"2023-03-10T13:03:03","guid":{"rendered":"https:\/\/www.zerdab.com\/?p=29799"},"modified":"2023-03-10T17:03:03","modified_gmt":"2023-03-10T13:03:03","slug":"z%c9%99rdabda-gork%c9%99mli-ziyalilarin-elm-xadiml%c9%99rinin-istiraki-il%c9%99-konfrans-v%c9%99-agac%c9%99km%c9%99-aksiyasi-kecirildi-fotolar","status":"publish","type":"post","link":"https:\/\/www.zerdab.com\/?p=29799","title":{"rendered":"Z\u0259rdabda g\u00f6rk\u0259mli ziyal\u0131lar\u0131n, elm xadiml\u0259rinin i\u015ftirak\u0131 il\u0259 konfrans v\u0259 a\u011fac\u0259km\u0259 aksiyas\u0131 ke\u00e7irildi &#8211; FOTOLAR"},"content":{"rendered":"<div dir=\"auto\">Z\u0259rdab rayonunda \u201cHeyd\u0259r \u018fliyev v\u0259 Az\u0259rbaycan\u00e7\u0131l\u0131q m\u0259fkur\u0259si\u201d m\u00f6vzusunda g\u00f6rk\u0259mli ziyal\u0131lar\u0131n, elm xadiml\u0259rinin i\u015ftirak\u0131 il\u0259 konfrans v\u0259 a\u011fac\u0259km\u0259 aksiyas\u0131 ke\u00e7irilib.<\/div>\n<div dir=\"auto\"><strong>Zerdab.com<\/strong> sayt\u0131na veril\u0259n m\u0259lumata g\u00f6r\u0259, konfransda Z\u0259rdab Rayon \u0130cra Hakimiyy\u0259tinin ba\u015f\u00e7\u0131s\u0131 M\u0259rdan Camalzad\u0259, mill\u0259t v\u0259kili Jal\u0259 \u018fliyeva, Milli Onkologiya M\u0259rk\u0259zinin \u015f\u00fca terapiyas\u0131 \u015f\u00f6b\u0259sinin r\u0259hb\u0259ri, \u018fm\u0259kdar Elm Xadimi, tibb elml\u0259ri doktoru, professor \u0130sa \u0130sayev, Az\u0259rbaycan Respublikas\u0131n\u0131n Prezidenti yan\u0131nda D\u00f6vl\u0259t \u0130dar\u0259\u00e7ilik Akademiyas\u0131n\u0131n \u015f\u00f6b\u0259 m\u00fcdiri Tahir K\u0259rimov, rayonda f\u0259aliyy\u0259t g\u00f6st\u0259r\u0259n idar\u0259, m\u00fc\u0259ssis\u0259, t\u0259\u015fkilat r\u0259hb\u0259rl\u0259ri v\u0259 ictimaiyy\u0259t n\u00fcmay\u0259nd\u0259l\u0259ri i\u015ftirak edibl\u0259r.<\/div>\n<div dir=\"auto\">T\u0259dbir i\u015ftirak\u00e7\u0131lar\u0131 \u0259vv\u0259lc\u0259 \u00dcmummilli lider Heyd\u0259r \u018fliyevin abid\u0259sini v\u0259 \u015e\u0259hidl\u0259rin xatir\u0259 park\u0131nda yarad\u0131lm\u0131\u015f kompleksi ziyar\u0259t edib, \u00f6n\u00fcn\u0259 g\u00fcl d\u0259st\u0259l\u0259ri qoyublar.<\/div>\n<div dir=\"auto\">Konfransda Ulu \u00f6nd\u0259r Heyd\u0259r \u018fliyevin, torpaqlar\u0131m\u0131z\u0131n azadl\u0131\u011f\u0131 u\u011frunda canlar\u0131n\u0131 qurban vermi\u015f q\u0259hr\u0259man V\u0259t\u0259n \u00f6vladlar\u0131n\u0131n \u0259ziz xatir\u0259si bir d\u0259qiq\u0259lik s\u00fckutla yad edilib.<\/div>\n<div dir=\"auto\">T\u0259dbird\u0259 \u00e7\u0131x\u0131\u015f ed\u0259n Rayon \u0130cra Hakimiyy\u0259tinin ba\u015f\u00e7\u0131s\u0131 M\u0259rdan Camalzad\u0259 bildirib ki, Ulu \u00f6nd\u0259r Heyd\u0259r \u018fliyev Az\u0259rbaycana r\u0259hb\u0259rlik etdiyi b\u00fct\u00fcn d\u00f6vrl\u0259rd\u0259 yorulmaz f\u0259aliyy\u0259t g\u00f6st\u0259r\u0259r\u0259k q\u0259lbl\u0259rd\u0259 daimi sevgi, xatir\u0259l\u0259rd\u0259 \u0259b\u0259diya\u015farl\u0131q qazan\u0131b.<\/div>\n<div dir=\"auto\">\u00dcmummilli lider q\u0131sa zaman k\u0259siyind\u0259 \u00f6lk\u0259d\u0259 sabitliyi t\u0259min edib, Az\u0259rbaycan\u0131 inki\u015faf yoluna \u00e7\u0131xar\u0131b. Bu g\u00fcn Az\u0259rbaycan Respublikas\u0131n\u0131n Prezidenti c\u0259nab \u0130lham \u018fliyev \u00dcmummilli liderin siyasi kursunu u\u011furla davam etdirir. Ulu \u00f6nd\u0259r Heyd\u0259r \u018fliyev siyas\u0259tinin m\u00fcv\u0259ff\u0259qiyy\u0259tl\u0259 h\u0259yata ke\u00e7irilm\u0259si m\u00fcst\u0259qilliyimizi m\u00f6hk\u0259ml\u0259ndirir, beyn\u0259lxalq al\u0259md\u0259 Az\u0259rbaycan\u0131n rolunu v\u0259 n\u00fcfuzunu art\u0131r\u0131r.<\/div>\n<div dir=\"auto\">Mill\u0259t v\u0259kili Jal\u0259 \u018fliyeva \u00e7\u0131x\u0131\u015f\u0131nda qeyd edib ki, b\u00f6y\u00fck \u015f\u0259xsiyy\u0259tl\u0259r ya\u015fay\u0131b yaratd\u0131qlar\u0131, f\u0259aliyy\u0259t g\u00f6st\u0259rdikl\u0259ri zamanlarda siyasi, iqtisadi v\u0259 dig\u0259r prosesl\u0259ri \u00f6z xalqlar\u0131n\u0131n rifah\u0131 namin\u0259 ir\u0259liy\u0259 aparmaqla adlar\u0131n\u0131 \u0259b\u0259di olaraq tarix\u0259 yazd\u0131r\u0131rlar. Az\u0259rbaycan xalq\u0131 h\u0259r zaman m\u00fcasir d\u00f6vl\u0259timizin memar\u0131 v\u0259 qurucusu, xalq\u0131n\u0131n v\u0259 \u00f6lk\u0259sinin m\u00fcst\u0259qilliyi, inki\u015faf\u0131 namin\u0259 b\u00f6y\u00fck v\u0259 \u0259v\u0259zedilm\u0259z i\u015fl\u0259r g\u00f6rm\u00fc\u015f, bununla ba\u011fl\u0131 tarixi prosesl\u0259r\u0259 t\u0259sir g\u00f6st\u0259rmi\u015f dahi \u015f\u0259xsiyy\u0259t Heyd\u0259r \u018fliyevi q\u00fcrur hissi il\u0259 xat\u0131rlay\u0131r.<\/div>\n<div dir=\"auto\">\u00c7\u0131x\u0131\u015f ed\u0259n dig\u0259r qonaqlar Ulu \u00d6nd\u0259r Heyd\u0259r \u018fliyevin xalq\u0131m\u0131z qar\u015f\u0131s\u0131nda misilsiz xidm\u0259tl\u0259rind\u0259n b\u0259hs edibl\u0259r.<\/div>\n<div dir=\"auto\">Z\u0259rdab Rayon \u0130cra Hakimiyy\u0259tinin t\u0259\u015fkilat\u00e7\u0131l\u0131\u011f\u0131 il\u0259 Heyd\u0259r \u018fliyev prospektind\u0259, Heyd\u0259r \u018fliyev park\u0131nda \u00dcmummilli liderin anadan olmas\u0131n\u0131n 100 illiyin\u0259 h\u0259sr olunmu\u015f a\u011fac\u0259km\u0259 aksiyas\u0131 ke\u00e7irilib.<\/div>\n<div dir=\"auto\">150 \u0259d\u0259d \u015fam a\u011fac\u0131 v\u0259 200 \u0259d\u0259d m\u00fcxt\u0259lif n\u00f6v dekorativ g\u00fcl kollar\u0131 \u0259kilib, prospektd\u0259 yeni qazon \u00f6rt\u00fcy\u00fc sal\u0131n\u0131b. Aksiyan\u0131n m\u0259qs\u0259di a\u011fac \u0259km\u0259kl\u0259 \u0259traf m\u00fchitin qorunmas\u0131na, rayon \u0259razisind\u0259 ya\u015f\u0131ll\u0131qlar\u0131n geni\u015fl\u0259ndirm\u0259si v\u0259 ekoloji tarazl\u0131\u011f\u0131n daha da yax\u015f\u0131la\u015fd\u0131rmas\u0131na k\u00f6m\u0259k etm\u0259kl\u0259 t\u0259bi\u0259t\u0259 t\u00f6hf\u0259 verm\u0259kdir.<\/div>\n<div dir=\"auto\">\u018flav\u0259 olaraq \u015f\u0259h\u0259rin prospekt v\u0259 k\u00fc\u00e7\u0259l\u0259rind\u0259 i\u015f\u0131q dir\u0259kl\u0259ri, bard\u00fcrlar t\u0259mizl\u0259n\u0259r\u0259k r\u0259ngl\u0259nib.<\/div>\n<div dir=\"auto\"><strong>Zerdab.com<img decoding=\"async\" src=\"https:\/\/scontent.fgyd4-2.fna.fbcdn.net\/v\/t39.30808-6\/331489928_924243758763668_8845308123089138665_n.jpg?_nc_cat=106&amp;ccb=1-7&amp;_nc_sid=730e14&amp;_nc_ohc=r6U4nNg6NjsAX-B2Dnc&amp;_nc_ht=scontent.fgyd4-2.fna&amp;oh=00_AfBDYaEv8Asq-doSPBCcpLq6VP04GJglS6yrCYo_EYHIog&amp;oe=640FD366\" alt=\"Bir 3 ki\u015fi, ayakta duran insanlar ve a\u00e7\u0131k hava g\u00f6rseli olabilir\" \/><\/strong><\/div>\n<div dir=\"auto\"><img decoding=\"async\" src=\"https:\/\/scontent.fgyd4-2.fna.fbcdn.net\/v\/t39.30808-6\/331440870_3098273800469123_7496465708121387404_n.jpg?_nc_cat=111&amp;ccb=1-7&amp;_nc_sid=730e14&amp;_nc_ohc=5gqEGo7C4LAAX-Uph_5&amp;_nc_ht=scontent.fgyd4-2.fna&amp;oh=00_AfBmWZBGJwRXjxPCvJAL0vjpZ4Oi0v-YqfIZ9WYgr5fLNg&amp;oe=64109CE4\" alt=\"Bir 6 ki\u015fi g\u00f6rseli olabilir\" \/><img decoding=\"async\" src=\"https:\/\/scontent.fgyd4-2.fna.fbcdn.net\/v\/t39.30808-6\/331528791_514399040856941_2989003655066541581_n.jpg?_nc_cat=111&amp;ccb=1-7&amp;_nc_sid=730e14&amp;_nc_ohc=wzAyAnVz8R0AX8171GQ&amp;_nc_ht=scontent.fgyd4-2.fna&amp;oh=00_AfDB4mI9y4AKY-JRdcI6e8ZdXfZ7JyYTtWFPd1m9A5qCkQ&amp;oe=640F7291\" alt=\"Bir bir veya daha fazla ki\u015fi ve ayakta duran insanlar g\u00f6rseli olabilir\" \/><img decoding=\"async\" src=\"https:\/\/scontent.fgyd4-2.fna.fbcdn.net\/v\/t39.30808-6\/335137715_932817891469903_5433412692856280143_n.jpg?_nc_cat=107&amp;ccb=1-7&amp;_nc_sid=730e14&amp;_nc_ohc=AFUmJy-mMewAX8pIRfK&amp;_nc_ht=scontent.fgyd4-2.fna&amp;oh=00_AfDD55d6gD9WAkiqNYFSkxBnypYOSEYzvI7FczWqwqhEzQ&amp;oe=640FF065\" alt=\"Bir 3 ki\u015fi, ayakta duran insanlar ve i\u00e7 mekan g\u00f6rseli olabilir\" \/><img decoding=\"async\" src=\"https:\/\/scontent.fgyd4-2.fna.fbcdn.net\/v\/t39.30808-6\/331438258_2210372092480455_3768158096468912486_n.jpg?_nc_cat=102&amp;ccb=1-7&amp;_nc_sid=730e14&amp;_nc_ohc=rsywoNegFlYAX_MLClD&amp;_nc_ht=scontent.fgyd4-2.fna&amp;oh=00_AfD-TuN9X0qHkQceopz-iL_h2ZADQKehyGAiBhPXUJTZ3g&amp;oe=6410B079\" alt=\"Bir 6 ki\u015fi ve ayakta duran insanlar g\u00f6rseli olabilir\" \/><img decoding=\"async\" src=\"https:\/\/scontent.fgyd4-2.fna.fbcdn.net\/v\/t39.30808-6\/331489276_1443449969759329_1197281815146734825_n.jpg?_nc_cat=101&amp;ccb=1-7&amp;_nc_sid=730e14&amp;_nc_ohc=Ez_Put1d5BUAX_omVnI&amp;_nc_ht=scontent.fgyd4-2.fna&amp;oh=00_AfCfZ8kgdHfntTriAeuXcmY-EivMm-NPLkCxp7fxBeDZEw&amp;oe=64110E95\" alt=\"Bir 2 ki\u015fi, ayakta duran insanlar ve i\u00e7 mekan g\u00f6rseli olabilir\" \/><img decoding=\"async\" src=\"https:\/\/scontent.fgyd4-2.fna.fbcdn.net\/v\/t39.30808-6\/331541767_746126400251059_3785818891302313539_n.jpg?_nc_cat=104&amp;ccb=1-7&amp;_nc_sid=730e14&amp;_nc_ohc=E5QQjgKlPhgAX87Ldo1&amp;_nc_ht=scontent.fgyd4-2.fna&amp;oh=00_AfBSn4WbczTJ1u3OKGuhs0iP_c1PzQ1-7ALSZ8cTVhBCCg&amp;oe=64105472\" alt=\"Bir 6 ki\u015fi g\u00f6rseli olabilir\" \/><img decoding=\"async\" src=\"https:\/\/scontent.fgyd4-2.fna.fbcdn.net\/v\/t39.30808-6\/331447933_1016759795956249_5879163761885348389_n.jpg?_nc_cat=110&amp;ccb=1-7&amp;_nc_sid=730e14&amp;_nc_ohc=hHsZ6rL8JuoAX8PHjRD&amp;_nc_ht=scontent.fgyd4-2.fna&amp;oh=00_AfDx1xt6XsvaoCj_iSaLZGejpYTmbLSIsZmrfdKovNHlmw&amp;oe=64109735\" alt=\"Bir 8 ki\u015fi, ayakta duran insanlar, a\u00e7\u0131k hava ve a\u011fa\u00e7 g\u00f6rseli olabilir\" \/><img decoding=\"async\" src=\"https:\/\/scontent.fgyd4-2.fna.fbcdn.net\/v\/t39.30808-6\/331531178_731345445406140_3814449799179957924_n.jpg?_nc_cat=100&amp;ccb=1-7&amp;_nc_sid=730e14&amp;_nc_ohc=F4p_lEXLsiwAX_zSgqQ&amp;_nc_ht=scontent.fgyd4-2.fna&amp;oh=00_AfALGct2qC5XLPOP54u_MU_i2oVILuznZA6v8QENkdkG2g&amp;oe=6410F47B\" alt=\"Bir 6 ki\u015fi, ayakta duran insanlar, a\u00e7\u0131k hava ve a\u011fa\u00e7 g\u00f6rseli olabilir\" \/><img decoding=\"async\" src=\"https:\/\/scontent.fgyd4-2.fna.fbcdn.net\/v\/t39.30808-6\/331479550_1710492412687443_8157562009403154626_n.jpg?_nc_cat=102&amp;ccb=1-7&amp;_nc_sid=730e14&amp;_nc_ohc=MkoFyCEfK0EAX81OJ9r&amp;_nc_ht=scontent.fgyd4-2.fna&amp;oh=00_AfDpvKQwDGS3nZpZuJ5XJPP65KIs2PWU4wp8xMxTRp8Q5g&amp;oe=640F90AE\" alt=\"Bir 8 ki\u015fi, ayakta duran insanlar, a\u011fa\u00e7 ve a\u00e7\u0131k hava g\u00f6rseli olabilir\" \/><\/div>\n<div dir=\"auto\"><img decoding=\"async\" src=\"https:\/\/scontent.fgyd4-2.fna.fbcdn.net\/v\/t39.30808-6\/331419741_1286744755587549_5604390566071395762_n.jpg?_nc_cat=102&amp;ccb=1-7&amp;_nc_sid=730e14&amp;_nc_ohc=NUG-KNd1fqAAX8bfxlf&amp;_nc_ht=scontent.fgyd4-2.fna&amp;oh=00_AfDWcQj7IIQR2VJbb84P3QLqXWiW_uB7nPVNPuWuQmm1BA&amp;oe=6410BC1F\" alt=\"Bir 5 ki\u015fi, ayakta duran insanlar, yol, sokak ve a\u011fa\u00e7 g\u00f6rseli olabilir\" \/><img decoding=\"async\" src=\"https:\/\/scontent.fgyd4-2.fna.fbcdn.net\/v\/t39.30808-6\/331522078_587725110080379_3062110417003357150_n.jpg?_nc_cat=101&amp;ccb=1-7&amp;_nc_sid=730e14&amp;_nc_ohc=c9KR4CN2DMQAX8_MbER&amp;_nc_ht=scontent.fgyd4-2.fna&amp;oh=00_AfAJUORPGYfUmvDOUIy6qmyZ_FqKMddk9lMv81-vDWF7Yg&amp;oe=6410F33F\" alt=\"Bir 4 ki\u015fi, sokak ve yol g\u00f6rseli olabilir\" \/><img decoding=\"async\" src=\"https:\/\/scontent.fgyd4-2.fna.fbcdn.net\/v\/t39.30808-6\/331454790_879960929749269_3623895329286590429_n.jpg?_nc_cat=108&amp;ccb=1-7&amp;_nc_sid=730e14&amp;_nc_ohc=z6h-GrGd_w0AX8Dz-w6&amp;_nc_ht=scontent.fgyd4-2.fna&amp;oh=00_AfAAaEIYw0s4XCsoNQ7oiew_OEId_G2bF6N3JfQSjqGA9g&amp;oe=640F9313\" alt=\"Bir 7 ki\u015fi, ayakta duran insanlar, \u00e7i\u00e7ek ve a\u00e7\u0131k hava g\u00f6rseli olabilir\" \/><img decoding=\"async\" src=\"https:\/\/scontent.fgyd4-2.fna.fbcdn.net\/v\/t39.30808-6\/335159681_607282187477397_8518917769189593454_n.jpg?_nc_cat=101&amp;ccb=1-7&amp;_nc_sid=730e14&amp;_nc_ohc=MBGH48H48U0AX_-2L1W&amp;_nc_ht=scontent.fgyd4-2.fna&amp;oh=00_AfCiq2_nldc7yCHjMzguTj2y9OQdE6LI4U1Iw0nO-KvuQw&amp;oe=64107852\" alt=\"Bir 5 ki\u015fi, ayakta duran insanlar, yol ve a\u011fa\u00e7 g\u00f6rseli olabilir\" \/><img decoding=\"async\" src=\"https:\/\/scontent.fgyd4-2.fna.fbcdn.net\/v\/t39.30808-6\/331493812_1503605926830298_5531669356429784927_n.jpg?_nc_cat=111&amp;ccb=1-7&amp;_nc_sid=730e14&amp;_nc_ohc=c4nN87A-Xw8AX-Z4veA&amp;_nc_ht=scontent.fgyd4-2.fna&amp;oh=00_AfCSIX6mR1ttVWoDDprhFzrjiWbEJc-fjU63nPj9fT_YsQ&amp;oe=6410CBD1\" alt=\"Bir 5 ki\u015fi, ayakta duran insanlar ve a\u00e7\u0131k hava g\u00f6rseli olabilir\" \/><img decoding=\"async\" src=\"https:\/\/scontent.fgyd4-2.fna.fbcdn.net\/v\/t39.30808-6\/331505988_644810720785393_1703516232875507722_n.jpg?_nc_cat=105&amp;ccb=1-7&amp;_nc_sid=730e14&amp;_nc_ohc=w9jwxE04Ev8AX8bLGt1&amp;_nc_ht=scontent.fgyd4-2.fna&amp;oh=00_AfDBJOf5_88Qj62efX1tDhwHgGB9N307izJ6CpKaaTefqQ&amp;oe=640F292E\" alt=\"Bir 3 ki\u015fi, ayakta duran insanlar ve a\u00e7\u0131k hava g\u00f6rseli olabilir\" \/><\/div>\n","protected":false},"excerpt":{"rendered":"<p>Z\u0259rdab rayonunda \u201cHeyd\u0259r \u018fliyev v\u0259 Az\u0259rbaycan\u00e7\u0131l\u0131q m\u0259fkur\u0259si\u201d m\u00f6vzusunda g\u00f6rk\u0259mli ziyal\u0131lar\u0131n, elm xadiml\u0259rinin i\u015ftirak\u0131 il\u0259 konfrans v\u0259 a\u011fac\u0259km\u0259 aksiyas\u0131 ke\u00e7irilib. Zerdab.com sayt\u0131na veril\u0259n m\u0259lumata g\u00f6r\u0259, konfransda Z\u0259rdab Rayon \u0130cra Hakimiyy\u0259tinin ba\u015f\u00e7\u0131s\u0131 M\u0259rdan Camalzad\u0259, mill\u0259t v\u0259kili Jal\u0259 \u018fliyeva, Milli Onkologiya M\u0259rk\u0259zinin \u015f\u00fca terapiyas\u0131 \u015f\u00f6b\u0259sinin r\u0259hb\u0259ri, \u018fm\u0259kdar Elm Xadimi, tibb elml\u0259ri doktoru, professor \u0130sa \u0130sayev, Az\u0259rbaycan Respublikas\u0131n\u0131n Prezidenti [&hellip;]<\/p>\n","protected":false},"author":1,"featured_media":29800,"comment_status":"closed","ping_status":"closed","sticky":false,"template":"","format":"standard","meta":{"footnotes":""},"categories":[63,5],"tags":[],"class_list":{"0":"post-29799","1":"post","2":"type-post","3":"status-publish","4":"format-standard","5":"has-post-thumbnail","7":"category-manset","8":"category-knd"},"yoast_head":"<!-- This site is optimized with the Yoast SEO plugin v27.0 - https:\/\/yoast.com\/product\/yoast-seo-wordpress\/ -->\n<title>Z\u0259rdabda g\u00f6rk\u0259mli ziyal\u0131lar\u0131n, elm xadiml\u0259rinin i\u015ftirak\u0131 il\u0259 konfrans v\u0259 a\u011fac\u0259km\u0259 aksiyas\u0131 ke\u00e7irildi - FOTOLAR - Z\u0259rdab.com<\/title>\n<meta name=\"robots\" content=\"index, follow, max-snippet:-1, max-image-preview:large, max-video-preview:-1\" \/>\n<link rel=\"canonical\" href=\"https:\/\/www.zerdab.com\/?p=29799\" \/>\n<meta property=\"og:locale\" content=\"az_AZ\" \/>\n<meta property=\"og:type\" content=\"article\" \/>\n<meta property=\"og:title\" content=\"Z\u0259rdabda g\u00f6rk\u0259mli ziyal\u0131lar\u0131n, elm xadiml\u0259rinin i\u015ftirak\u0131 il\u0259 konfrans v\u0259 a\u011fac\u0259km\u0259 aksiyas\u0131 ke\u00e7irildi - FOTOLAR - Z\u0259rdab.com\" \/>\n<meta property=\"og:description\" content=\"Z\u0259rdab rayonunda \u201cHeyd\u0259r \u018fliyev v\u0259 Az\u0259rbaycan\u00e7\u0131l\u0131q m\u0259fkur\u0259si\u201d m\u00f6vzusunda g\u00f6rk\u0259mli ziyal\u0131lar\u0131n, elm xadiml\u0259rinin i\u015ftirak\u0131 il\u0259 konfrans v\u0259 a\u011fac\u0259km\u0259 aksiyas\u0131 ke\u00e7irilib. Zerdab.com sayt\u0131na veril\u0259n m\u0259lumata g\u00f6r\u0259, konfransda Z\u0259rdab Rayon \u0130cra Hakimiyy\u0259tinin ba\u015f\u00e7\u0131s\u0131 M\u0259rdan Camalzad\u0259, mill\u0259t v\u0259kili Jal\u0259 \u018fliyeva, Milli Onkologiya M\u0259rk\u0259zinin \u015f\u00fca terapiyas\u0131 \u015f\u00f6b\u0259sinin r\u0259hb\u0259ri, \u018fm\u0259kdar Elm Xadimi, tibb elml\u0259ri doktoru, professor \u0130sa \u0130sayev, Az\u0259rbaycan Respublikas\u0131n\u0131n Prezidenti [&hellip;]\" \/>\n<meta property=\"og:url\" content=\"https:\/\/www.zerdab.com\/?p=29799\" \/>\n<meta property=\"og:site_name\" content=\"Z\u0259rdab.com\" \/>\n<meta property=\"article:published_time\" content=\"2023-03-10T13:03:03+00:00\" \/>\n<meta property=\"og:image\" content=\"https:\/\/www.zerdab.com\/wp-content\/uploads\/2023\/03\/zerdab-konfrans-merdan-camalzade.jpg\" \/>\n\t<meta property=\"og:image:width\" content=\"2048\" \/>\n\t<meta property=\"og:image:height\" content=\"945\" \/>\n\t<meta property=\"og:image:type\" content=\"image\/jpeg\" \/>\n<meta name=\"author\" content=\"admin\" \/>\n<meta name=\"twitter:card\" content=\"summary_large_image\" \/>\n<meta name=\"twitter:label1\" content=\"Written by\" \/>\n\t<meta name=\"twitter:data1\" content=\"admin\" \/>\n\t<meta name=\"twitter:label2\" content=\"Est. reading time\" \/>\n\t<meta name=\"twitter:data2\" content=\"3 minutes\" \/>\n<script type=\"application\/ld+json\" class=\"yoast-schema-graph\">{\"@context\":\"https:\/\/schema.org\",\"@graph\":[{\"@type\":\"Article\",\"@id\":\"https:\/\/www.zerdab.com\/?p=29799#article\",\"isPartOf\":{\"@id\":\"https:\/\/www.zerdab.com\/?p=29799\"},\"author\":{\"name\":\"admin\",\"@id\":\"https:\/\/www.zerdab.com\/#\/schema\/person\/97079b7570c1e89ec0d9e138c3672136\"},\"headline\":\"Z\u0259rdabda g\u00f6rk\u0259mli ziyal\u0131lar\u0131n, elm xadiml\u0259rinin i\u015ftirak\u0131 il\u0259 konfrans v\u0259 a\u011fac\u0259km\u0259 aksiyas\u0131 ke\u00e7irildi &#8211; FOTOLAR\",\"datePublished\":\"2023-03-10T13:03:03+00:00\",\"mainEntityOfPage\":{\"@id\":\"https:\/\/www.zerdab.com\/?p=29799\"},\"wordCount\":650,\"image\":{\"@id\":\"https:\/\/www.zerdab.com\/?p=29799#primaryimage\"},\"thumbnailUrl\":\"https:\/\/www.zerdab.com\/wp-content\/uploads\/2023\/03\/zerdab-konfrans-merdan-camalzade.jpg\",\"articleSection\":[\"MAN\u015eET\",\"X\u018fB\u018fRL\u018fR\"],\"inLanguage\":\"az\"},{\"@type\":\"WebPage\",\"@id\":\"https:\/\/www.zerdab.com\/?p=29799\",\"url\":\"https:\/\/www.zerdab.com\/?p=29799\",\"name\":\"Z\u0259rdabda g\u00f6rk\u0259mli ziyal\u0131lar\u0131n, elm xadiml\u0259rinin i\u015ftirak\u0131 il\u0259 konfrans v\u0259 a\u011fac\u0259km\u0259 aksiyas\u0131 ke\u00e7irildi - FOTOLAR - Z\u0259rdab.com\",\"isPartOf\":{\"@id\":\"https:\/\/www.zerdab.com\/#website\"},\"primaryImageOfPage\":{\"@id\":\"https:\/\/www.zerdab.com\/?p=29799#primaryimage\"},\"image\":{\"@id\":\"https:\/\/www.zerdab.com\/?p=29799#primaryimage\"},\"thumbnailUrl\":\"https:\/\/www.zerdab.com\/wp-content\/uploads\/2023\/03\/zerdab-konfrans-merdan-camalzade.jpg\",\"datePublished\":\"2023-03-10T13:03:03+00:00\",\"author\":{\"@id\":\"https:\/\/www.zerdab.com\/#\/schema\/person\/97079b7570c1e89ec0d9e138c3672136\"},\"breadcrumb\":{\"@id\":\"https:\/\/www.zerdab.com\/?p=29799#breadcrumb\"},\"inLanguage\":\"az\",\"potentialAction\":[{\"@type\":\"ReadAction\",\"target\":[\"https:\/\/www.zerdab.com\/?p=29799\"]}]},{\"@type\":\"ImageObject\",\"inLanguage\":\"az\",\"@id\":\"https:\/\/www.zerdab.com\/?p=29799#primaryimage\",\"url\":\"https:\/\/www.zerdab.com\/wp-content\/uploads\/2023\/03\/zerdab-konfrans-merdan-camalzade.jpg\",\"contentUrl\":\"https:\/\/www.zerdab.com\/wp-content\/uploads\/2023\/03\/zerdab-konfrans-merdan-camalzade.jpg\",\"width\":2048,\"height\":945,\"caption\":\"zerdab-konfrans-merdan-camalzade.png\"},{\"@type\":\"BreadcrumbList\",\"@id\":\"https:\/\/www.zerdab.com\/?p=29799#breadcrumb\",\"itemListElement\":[{\"@type\":\"ListItem\",\"position\":1,\"name\":\"Home\",\"item\":\"https:\/\/www.zerdab.com\/\"},{\"@type\":\"ListItem\",\"position\":2,\"name\":\"Z\u0259rdabda g\u00f6rk\u0259mli ziyal\u0131lar\u0131n, elm xadiml\u0259rinin i\u015ftirak\u0131 il\u0259 konfrans v\u0259 a\u011fac\u0259km\u0259 aksiyas\u0131 ke\u00e7irildi &#8211; FOTOLAR\"}]},{\"@type\":\"WebSite\",\"@id\":\"https:\/\/www.zerdab.com\/#website\",\"url\":\"https:\/\/www.zerdab.com\/\",\"name\":\"Z\u0259rdab.com\",\"description\":\"\",\"potentialAction\":[{\"@type\":\"SearchAction\",\"target\":{\"@type\":\"EntryPoint\",\"urlTemplate\":\"https:\/\/www.zerdab.com\/?s={search_term_string}\"},\"query-input\":{\"@type\":\"PropertyValueSpecification\",\"valueRequired\":true,\"valueName\":\"search_term_string\"}}],\"inLanguage\":\"az\"},{\"@type\":\"Person\",\"@id\":\"https:\/\/www.zerdab.com\/#\/schema\/person\/97079b7570c1e89ec0d9e138c3672136\",\"name\":\"admin\",\"image\":{\"@type\":\"ImageObject\",\"inLanguage\":\"az\",\"@id\":\"https:\/\/www.zerdab.com\/#\/schema\/person\/image\/\",\"url\":\"https:\/\/secure.gravatar.com\/avatar\/d9c52a9a27c32119cb6679a077fa3e2779e5f822c451cbf01098004361d466ec?s=96&d=mm&r=g\",\"contentUrl\":\"https:\/\/secure.gravatar.com\/avatar\/d9c52a9a27c32119cb6679a077fa3e2779e5f822c451cbf01098004361d466ec?s=96&d=mm&r=g\",\"caption\":\"admin\"},\"url\":\"https:\/\/www.zerdab.com\/?author=1\"}]}<\/script>\n<!-- \/ Yoast SEO plugin. -->","yoast_head_json":{"title":"Z\u0259rdabda g\u00f6rk\u0259mli ziyal\u0131lar\u0131n, elm xadiml\u0259rinin i\u015ftirak\u0131 il\u0259 konfrans v\u0259 a\u011fac\u0259km\u0259 aksiyas\u0131 ke\u00e7irildi - FOTOLAR - Z\u0259rdab.com","robots":{"index":"index","follow":"follow","max-snippet":"max-snippet:-1","max-image-preview":"max-image-preview:large","max-video-preview":"max-video-preview:-1"},"canonical":"https:\/\/www.zerdab.com\/?p=29799","og_locale":"az_AZ","og_type":"article","og_title":"Z\u0259rdabda g\u00f6rk\u0259mli ziyal\u0131lar\u0131n, elm xadiml\u0259rinin i\u015ftirak\u0131 il\u0259 konfrans v\u0259 a\u011fac\u0259km\u0259 aksiyas\u0131 ke\u00e7irildi - FOTOLAR - Z\u0259rdab.com","og_description":"Z\u0259rdab rayonunda \u201cHeyd\u0259r \u018fliyev v\u0259 Az\u0259rbaycan\u00e7\u0131l\u0131q m\u0259fkur\u0259si\u201d m\u00f6vzusunda g\u00f6rk\u0259mli ziyal\u0131lar\u0131n, elm xadiml\u0259rinin i\u015ftirak\u0131 il\u0259 konfrans v\u0259 a\u011fac\u0259km\u0259 aksiyas\u0131 ke\u00e7irilib. Zerdab.com sayt\u0131na veril\u0259n m\u0259lumata g\u00f6r\u0259, konfransda Z\u0259rdab Rayon \u0130cra Hakimiyy\u0259tinin ba\u015f\u00e7\u0131s\u0131 M\u0259rdan Camalzad\u0259, mill\u0259t v\u0259kili Jal\u0259 \u018fliyeva, Milli Onkologiya M\u0259rk\u0259zinin \u015f\u00fca terapiyas\u0131 \u015f\u00f6b\u0259sinin r\u0259hb\u0259ri, \u018fm\u0259kdar Elm Xadimi, tibb elml\u0259ri doktoru, professor \u0130sa \u0130sayev, Az\u0259rbaycan Respublikas\u0131n\u0131n Prezidenti [&hellip;]","og_url":"https:\/\/www.zerdab.com\/?p=29799","og_site_name":"Z\u0259rdab.com","article_published_time":"2023-03-10T13:03:03+00:00","og_image":[{"width":2048,"height":945,"url":"https:\/\/www.zerdab.com\/wp-content\/uploads\/2023\/03\/zerdab-konfrans-merdan-camalzade.jpg","type":"image\/jpeg"}],"author":"admin","twitter_card":"summary_large_image","twitter_misc":{"Written by":"admin","Est. reading time":"3 minutes"},"schema":{"@context":"https:\/\/schema.org","@graph":[{"@type":"Article","@id":"https:\/\/www.zerdab.com\/?p=29799#article","isPartOf":{"@id":"https:\/\/www.zerdab.com\/?p=29799"},"author":{"name":"admin","@id":"https:\/\/www.zerdab.com\/#\/schema\/person\/97079b7570c1e89ec0d9e138c3672136"},"headline":"Z\u0259rdabda g\u00f6rk\u0259mli ziyal\u0131lar\u0131n, elm xadiml\u0259rinin i\u015ftirak\u0131 il\u0259 konfrans v\u0259 a\u011fac\u0259km\u0259 aksiyas\u0131 ke\u00e7irildi &#8211; FOTOLAR","datePublished":"2023-03-10T13:03:03+00:00","mainEntityOfPage":{"@id":"https:\/\/www.zerdab.com\/?p=29799"},"wordCount":650,"image":{"@id":"https:\/\/www.zerdab.com\/?p=29799#primaryimage"},"thumbnailUrl":"https:\/\/www.zerdab.com\/wp-content\/uploads\/2023\/03\/zerdab-konfrans-merdan-camalzade.jpg","articleSection":["MAN\u015eET","X\u018fB\u018fRL\u018fR"],"inLanguage":"az"},{"@type":"WebPage","@id":"https:\/\/www.zerdab.com\/?p=29799","url":"https:\/\/www.zerdab.com\/?p=29799","name":"Z\u0259rdabda g\u00f6rk\u0259mli ziyal\u0131lar\u0131n, elm xadiml\u0259rinin i\u015ftirak\u0131 il\u0259 konfrans v\u0259 a\u011fac\u0259km\u0259 aksiyas\u0131 ke\u00e7irildi - FOTOLAR - Z\u0259rdab.com","isPartOf":{"@id":"https:\/\/www.zerdab.com\/#website"},"primaryImageOfPage":{"@id":"https:\/\/www.zerdab.com\/?p=29799#primaryimage"},"image":{"@id":"https:\/\/www.zerdab.com\/?p=29799#primaryimage"},"thumbnailUrl":"https:\/\/www.zerdab.com\/wp-content\/uploads\/2023\/03\/zerdab-konfrans-merdan-camalzade.jpg","datePublished":"2023-03-10T13:03:03+00:00","author":{"@id":"https:\/\/www.zerdab.com\/#\/schema\/person\/97079b7570c1e89ec0d9e138c3672136"},"breadcrumb":{"@id":"https:\/\/www.zerdab.com\/?p=29799#breadcrumb"},"inLanguage":"az","potentialAction":[{"@type":"ReadAction","target":["https:\/\/www.zerdab.com\/?p=29799"]}]},{"@type":"ImageObject","inLanguage":"az","@id":"https:\/\/www.zerdab.com\/?p=29799#primaryimage","url":"https:\/\/www.zerdab.com\/wp-content\/uploads\/2023\/03\/zerdab-konfrans-merdan-camalzade.jpg","contentUrl":"https:\/\/www.zerdab.com\/wp-content\/uploads\/2023\/03\/zerdab-konfrans-merdan-camalzade.jpg","width":2048,"height":945,"caption":"zerdab-konfrans-merdan-camalzade.png"},{"@type":"BreadcrumbList","@id":"https:\/\/www.zerdab.com\/?p=29799#breadcrumb","itemListElement":[{"@type":"ListItem","position":1,"name":"Home","item":"https:\/\/www.zerdab.com\/"},{"@type":"ListItem","position":2,"name":"Z\u0259rdabda g\u00f6rk\u0259mli ziyal\u0131lar\u0131n, elm xadiml\u0259rinin i\u015ftirak\u0131 il\u0259 konfrans v\u0259 a\u011fac\u0259km\u0259 aksiyas\u0131 ke\u00e7irildi &#8211; FOTOLAR"}]},{"@type":"WebSite","@id":"https:\/\/www.zerdab.com\/#website","url":"https:\/\/www.zerdab.com\/","name":"Z\u0259rdab.com","description":"","potentialAction":[{"@type":"SearchAction","target":{"@type":"EntryPoint","urlTemplate":"https:\/\/www.zerdab.com\/?s={search_term_string}"},"query-input":{"@type":"PropertyValueSpecification","valueRequired":true,"valueName":"search_term_string"}}],"inLanguage":"az"},{"@type":"Person","@id":"https:\/\/www.zerdab.com\/#\/schema\/person\/97079b7570c1e89ec0d9e138c3672136","name":"admin","image":{"@type":"ImageObject","inLanguage":"az","@id":"https:\/\/www.zerdab.com\/#\/schema\/person\/image\/","url":"https:\/\/secure.gravatar.com\/avatar\/d9c52a9a27c32119cb6679a077fa3e2779e5f822c451cbf01098004361d466ec?s=96&d=mm&r=g","contentUrl":"https:\/\/secure.gravatar.com\/avatar\/d9c52a9a27c32119cb6679a077fa3e2779e5f822c451cbf01098004361d466ec?s=96&d=mm&r=g","caption":"admin"},"url":"https:\/\/www.zerdab.com\/?author=1"}]}},"_links":{"self":[{"href":"https:\/\/www.zerdab.com\/index.php?rest_route=\/wp\/v2\/posts\/29799","targetHints":{"allow":["GET"]}}],"collection":[{"href":"https:\/\/www.zerdab.com\/index.php?rest_route=\/wp\/v2\/posts"}],"about":[{"href":"https:\/\/www.zerdab.com\/index.php?rest_route=\/wp\/v2\/types\/post"}],"author":[{"embeddable":true,"href":"https:\/\/www.zerdab.com\/index.php?rest_route=\/wp\/v2\/users\/1"}],"replies":[{"embeddable":true,"href":"https:\/\/www.zerdab.com\/index.php?rest_route=%2Fwp%2Fv2%2Fcomments&post=29799"}],"version-history":[{"count":1,"href":"https:\/\/www.zerdab.com\/index.php?rest_route=\/wp\/v2\/posts\/29799\/revisions"}],"predecessor-version":[{"id":29801,"href":"https:\/\/www.zerdab.com\/index.php?rest_route=\/wp\/v2\/posts\/29799\/revisions\/29801"}],"wp:featuredmedia":[{"embeddable":true,"href":"https:\/\/www.zerdab.com\/index.php?rest_route=\/wp\/v2\/media\/29800"}],"wp:attachment":[{"href":"https:\/\/www.zerdab.com\/index.php?rest_route=%2Fwp%2Fv2%2Fmedia&parent=29799"}],"wp:term":[{"taxonomy":"category","embeddable":true,"href":"https:\/\/www.zerdab.com\/index.php?rest_route=%2Fwp%2Fv2%2Fcategories&post=29799"},{"taxonomy":"post_tag","embeddable":true,"href":"https:\/\/www.zerdab.com\/index.php?rest_route=%2Fwp%2Fv2%2Ftags&post=29799"}],"curies":[{"name":"wp","href":"https:\/\/api.w.org\/{rel}","templated":true}]}}