{"id":29803,"date":"2023-03-15T15:13:20","date_gmt":"2023-03-15T11:13:20","guid":{"rendered":"https:\/\/www.zerdab.com\/?p=29803"},"modified":"2023-03-15T15:13:20","modified_gmt":"2023-03-15T11:13:20","slug":"z%c9%99rdabda-s%c9%99hid-ail%c9%99l%c9%99ri-v%c9%99t%c9%99n-muharib%c9%99si-%c9%99lill%c9%99ri-v%c9%99-valideyn-himay%c9%99sind%c9%99n-m%c9%99hrum-usaqlarla-gorus-fotolar","status":"publish","type":"post","link":"https:\/\/www.zerdab.com\/?p=29803","title":{"rendered":"Z\u0259rdabda \u015f\u0259hid ail\u0259l\u0259ri, V\u0259t\u0259n m\u00fcharib\u0259si \u0259lill\u0259ri v\u0259 valideyn himay\u0259sind\u0259n m\u0259hrum u\u015faqlarla g\u00f6r\u00fc\u015f &#8211; FOTOLAR"},"content":{"rendered":"<p>Z\u0259rdab Rayon \u0130cra Hakimiyy\u0259tind\u0259 Novruz bayram\u0131 m\u00fcnasib\u0259til\u0259 \u015f\u0259hid ail\u0259l\u0259ri, V\u0259t\u0259n m\u00fcharib\u0259si \u0259lill\u0259ri v\u0259 valideyn himay\u0259sind\u0259n m\u0259hrum olmu\u015f u\u015faqlarla rayon r\u0259hb\u0259rliyinin g\u00f6r\u00fc\u015f\u00fc ke\u00e7irilib.<\/p>\n<p><strong>Zerdab.com<\/strong> sayt\u0131na veril\u0259n m\u0259lumata g\u00f6r\u0259, g\u00f6r\u00fc\u015fd\u0259 \u00e7\u0131x\u0131\u015f ed\u0259n Z\u0259rdab Rayon \u0130cra Hakimiyy\u0259tinin ba\u015f\u00e7\u0131s\u0131 M\u0259rdan Camalzad\u0259 sosial m\u00fcdafi\u0259y\u0259 ehtiyac\u0131 olan v\u0259t\u0259nda\u015flara g\u00f6st\u0259ril\u0259n d\u00f6vl\u0259t qay\u011f\u0131s\u0131ndan s\u00f6hb\u0259t a\u00e7\u0131b.<\/p>\n<p>Z\u0259rdab Rayon \u0130cra Hakimiyy\u0259tinin ba\u015f\u00e7\u0131s\u0131 t\u0259dbir i\u015ftirak\u00e7\u0131lar\u0131n\u0131 Novruz bayram\u0131 m\u00fcnasib\u0259til\u0259 t\u0259brik edib.<\/p>\n<p>T\u0259dbird\u0259 9 n\u0259f\u0259r \u015e\u0259hid ail\u0259sin\u0259, 8 n\u0259f\u0259r V\u0259t\u0259n m\u00fcharib\u0259si \u0259lilin\u0259 v\u0259 13 n\u0259f\u0259r valideyn himay\u0259sind\u0259n m\u0259hrum olmu\u015f u\u015faqlara maddi yard\u0131mlar verilib.<\/p>\n<p>T\u0259dbir i\u015ftirak\u00e7\u0131lar\u0131 g\u00f6st\u0259ril\u0259n diqq\u0259t v\u0259 qay\u011f\u0131ya g\u00f6r\u0259 Prezident c\u0259nab \u0130lham \u018fliyev\u0259, birinci vitse-prezident Mehriban xan\u0131m \u018fliyevayaya v\u0259 rayon r\u0259hb\u0259rliyin\u0259 \u00f6z minn\u0259tdarl\u0131qlar\u0131n\u0131 bildiribl\u0259r.<\/p>\n<p><strong>Zerdab.com<\/strong><\/p>\n<p><img decoding=\"async\" src=\"https:\/\/scontent.fgyd4-2.fna.fbcdn.net\/v\/t39.30808-6\/335799664_1160636624651250_4738308276848303701_n.jpg?_nc_cat=110&amp;ccb=1-7&amp;_nc_sid=730e14&amp;_nc_ohc=Ey_vx2MvAJAAX8-7nNF&amp;_nc_ht=scontent.fgyd4-2.fna&amp;oh=00_AfDukivzFblJCX4ePoyDzV8pgPhqFC-xNeWanGOP_agMkQ&amp;oe=641689AF\" alt=\"Bir 17 ki\u015fi, oturan insanlar, ayakta duran insanlar, \u00e7i\u00e7ek ve i\u00e7 mekan g\u00f6rseli olabilir\" \/><img decoding=\"async\" src=\"https:\/\/scontent.fgyd4-2.fna.fbcdn.net\/v\/t39.30808-6\/335843259_169110579308784_4677092390697681156_n.jpg?_nc_cat=104&amp;ccb=1-7&amp;_nc_sid=730e14&amp;_nc_ohc=ScDrUIYMgrEAX_gkkCR&amp;_nc_ht=scontent.fgyd4-2.fna&amp;oh=00_AfCoNb3gdixCtIcPjkLdQOfK1-DYMqId_l9oWQiagpcA0g&amp;oe=64174B72\" alt=\"Bir 10 ki\u015fi, ayakta duran insanlar, \u00e7i\u00e7ek ve i\u00e7 mekan g\u00f6rseli olabilir\" \/><img decoding=\"async\" src=\"https:\/\/scontent.fgyd4-2.fna.fbcdn.net\/v\/t39.30808-6\/335899916_1241210800138442_1213858943402012741_n.jpg?_nc_cat=104&amp;ccb=1-7&amp;_nc_sid=730e14&amp;_nc_ohc=PtPxBfpsQXsAX8TiQ-A&amp;_nc_ht=scontent.fgyd4-2.fna&amp;oh=00_AfBgu6DM1Ypg2PqUUGQv42ho4y6LlDkteuS_vNsUnfRmLQ&amp;oe=641658D3\" alt=\"Bir 13 ki\u015fi, ayakta duran insanlar ve i\u00e7 mekan g\u00f6rseli olabilir\" \/><img decoding=\"async\" src=\"https:\/\/scontent.fgyd4-2.fna.fbcdn.net\/v\/t39.30808-6\/335909773_3527046004240078_1972602625543780275_n.jpg?_nc_cat=108&amp;ccb=1-7&amp;_nc_sid=730e14&amp;_nc_ohc=jmCi9M7KY-AAX9Qw_x7&amp;_nc_ht=scontent.fgyd4-2.fna&amp;oh=00_AfBZyRzJ5RZkvKhfK7ugNOgJE4pTfDEL6DC5giJMzC3v4w&amp;oe=64166A7A\" alt=\"Bir 5 ki\u015fi, ayakta duran insanlar, oturan insanlar ve i\u00e7 mekan g\u00f6rseli olabilir\" \/><img decoding=\"async\" src=\"https:\/\/scontent.fgyd4-2.fna.fbcdn.net\/v\/t39.30808-6\/335939642_1844970489220091_8815644053549159094_n.jpg?_nc_cat=101&amp;ccb=1-7&amp;_nc_sid=730e14&amp;_nc_ohc=JKmtqE1a-hsAX8dq1qg&amp;_nc_ht=scontent.fgyd4-2.fna&amp;oh=00_AfBowhXa_KuPcW_BAfUxPI3vsmL3WW25qu1hWd6F8uwVCg&amp;oe=641771BE\" alt=\"Bir 9 ki\u015fi ve ayakta duran insanlar g\u00f6rseli olabilir\" \/><\/p>\n","protected":false},"excerpt":{"rendered":"<p>Z\u0259rdab Rayon \u0130cra Hakimiyy\u0259tind\u0259 Novruz bayram\u0131 m\u00fcnasib\u0259til\u0259 \u015f\u0259hid ail\u0259l\u0259ri, V\u0259t\u0259n m\u00fcharib\u0259si \u0259lill\u0259ri v\u0259 valideyn himay\u0259sind\u0259n m\u0259hrum olmu\u015f u\u015faqlarla rayon r\u0259hb\u0259rliyinin g\u00f6r\u00fc\u015f\u00fc ke\u00e7irilib. Zerdab.com sayt\u0131na veril\u0259n m\u0259lumata g\u00f6r\u0259, g\u00f6r\u00fc\u015fd\u0259 \u00e7\u0131x\u0131\u015f ed\u0259n Z\u0259rdab Rayon \u0130cra Hakimiyy\u0259tinin ba\u015f\u00e7\u0131s\u0131 M\u0259rdan Camalzad\u0259 sosial m\u00fcdafi\u0259y\u0259 ehtiyac\u0131 olan v\u0259t\u0259nda\u015flara g\u00f6st\u0259ril\u0259n d\u00f6vl\u0259t qay\u011f\u0131s\u0131ndan s\u00f6hb\u0259t a\u00e7\u0131b. Z\u0259rdab Rayon \u0130cra Hakimiyy\u0259tinin ba\u015f\u00e7\u0131s\u0131 t\u0259dbir i\u015ftirak\u00e7\u0131lar\u0131n\u0131 Novruz [&hellip;]<\/p>\n","protected":false},"author":1,"featured_media":29804,"comment_status":"closed","ping_status":"closed","sticky":false,"template":"","format":"standard","meta":{"footnotes":""},"categories":[63,5],"tags":[],"class_list":{"0":"post-29803","1":"post","2":"type-post","3":"status-publish","4":"format-standard","5":"has-post-thumbnail","7":"category-manset","8":"category-knd"},"yoast_head":"<!-- This site is optimized with the Yoast SEO plugin v27.0 - https:\/\/yoast.com\/product\/yoast-seo-wordpress\/ -->\n<title>Z\u0259rdabda \u015f\u0259hid ail\u0259l\u0259ri, V\u0259t\u0259n m\u00fcharib\u0259si \u0259lill\u0259ri v\u0259 valideyn himay\u0259sind\u0259n m\u0259hrum u\u015faqlarla g\u00f6r\u00fc\u015f - FOTOLAR - Z\u0259rdab.com<\/title>\n<meta name=\"robots\" content=\"index, follow, max-snippet:-1, max-image-preview:large, max-video-preview:-1\" \/>\n<link rel=\"canonical\" href=\"https:\/\/www.zerdab.com\/?p=29803\" \/>\n<meta property=\"og:locale\" content=\"az_AZ\" \/>\n<meta property=\"og:type\" content=\"article\" \/>\n<meta property=\"og:title\" content=\"Z\u0259rdabda \u015f\u0259hid ail\u0259l\u0259ri, V\u0259t\u0259n m\u00fcharib\u0259si \u0259lill\u0259ri v\u0259 valideyn himay\u0259sind\u0259n m\u0259hrum u\u015faqlarla g\u00f6r\u00fc\u015f - FOTOLAR - Z\u0259rdab.com\" \/>\n<meta property=\"og:description\" content=\"Z\u0259rdab Rayon \u0130cra Hakimiyy\u0259tind\u0259 Novruz bayram\u0131 m\u00fcnasib\u0259til\u0259 \u015f\u0259hid ail\u0259l\u0259ri, V\u0259t\u0259n m\u00fcharib\u0259si \u0259lill\u0259ri v\u0259 valideyn himay\u0259sind\u0259n m\u0259hrum olmu\u015f u\u015faqlarla rayon r\u0259hb\u0259rliyinin g\u00f6r\u00fc\u015f\u00fc ke\u00e7irilib. Zerdab.com sayt\u0131na veril\u0259n m\u0259lumata g\u00f6r\u0259, g\u00f6r\u00fc\u015fd\u0259 \u00e7\u0131x\u0131\u015f ed\u0259n Z\u0259rdab Rayon \u0130cra Hakimiyy\u0259tinin ba\u015f\u00e7\u0131s\u0131 M\u0259rdan Camalzad\u0259 sosial m\u00fcdafi\u0259y\u0259 ehtiyac\u0131 olan v\u0259t\u0259nda\u015flara g\u00f6st\u0259ril\u0259n d\u00f6vl\u0259t qay\u011f\u0131s\u0131ndan s\u00f6hb\u0259t a\u00e7\u0131b. Z\u0259rdab Rayon \u0130cra Hakimiyy\u0259tinin ba\u015f\u00e7\u0131s\u0131 t\u0259dbir i\u015ftirak\u00e7\u0131lar\u0131n\u0131 Novruz [&hellip;]\" \/>\n<meta property=\"og:url\" content=\"https:\/\/www.zerdab.com\/?p=29803\" \/>\n<meta property=\"og:site_name\" content=\"Z\u0259rdab.com\" \/>\n<meta property=\"article:published_time\" content=\"2023-03-15T11:13:20+00:00\" \/>\n<meta property=\"og:image\" content=\"https:\/\/www.zerdab.com\/wp-content\/uploads\/2023\/03\/zerdab-icra-hakimiyyeti-azteminatli-merdan-camalzade.jpg\" \/>\n\t<meta property=\"og:image:width\" content=\"1024\" \/>\n\t<meta property=\"og:image:height\" content=\"683\" \/>\n\t<meta property=\"og:image:type\" content=\"image\/jpeg\" \/>\n<meta name=\"author\" content=\"admin\" \/>\n<meta name=\"twitter:card\" content=\"summary_large_image\" \/>\n<meta name=\"twitter:label1\" content=\"Written by\" \/>\n\t<meta name=\"twitter:data1\" content=\"admin\" \/>\n\t<meta name=\"twitter:label2\" content=\"Est. reading time\" \/>\n\t<meta name=\"twitter:data2\" content=\"1 minute\" \/>\n<script type=\"application\/ld+json\" class=\"yoast-schema-graph\">{\"@context\":\"https:\/\/schema.org\",\"@graph\":[{\"@type\":\"Article\",\"@id\":\"https:\/\/www.zerdab.com\/?p=29803#article\",\"isPartOf\":{\"@id\":\"https:\/\/www.zerdab.com\/?p=29803\"},\"author\":{\"name\":\"admin\",\"@id\":\"https:\/\/www.zerdab.com\/#\/schema\/person\/97079b7570c1e89ec0d9e138c3672136\"},\"headline\":\"Z\u0259rdabda \u015f\u0259hid ail\u0259l\u0259ri, V\u0259t\u0259n m\u00fcharib\u0259si \u0259lill\u0259ri v\u0259 valideyn himay\u0259sind\u0259n m\u0259hrum u\u015faqlarla g\u00f6r\u00fc\u015f &#8211; FOTOLAR\",\"datePublished\":\"2023-03-15T11:13:20+00:00\",\"mainEntityOfPage\":{\"@id\":\"https:\/\/www.zerdab.com\/?p=29803\"},\"wordCount\":218,\"image\":{\"@id\":\"https:\/\/www.zerdab.com\/?p=29803#primaryimage\"},\"thumbnailUrl\":\"https:\/\/www.zerdab.com\/wp-content\/uploads\/2023\/03\/zerdab-icra-hakimiyyeti-azteminatli-merdan-camalzade.jpg\",\"articleSection\":[\"MAN\u015eET\",\"X\u018fB\u018fRL\u018fR\"],\"inLanguage\":\"az\"},{\"@type\":\"WebPage\",\"@id\":\"https:\/\/www.zerdab.com\/?p=29803\",\"url\":\"https:\/\/www.zerdab.com\/?p=29803\",\"name\":\"Z\u0259rdabda \u015f\u0259hid ail\u0259l\u0259ri, V\u0259t\u0259n m\u00fcharib\u0259si \u0259lill\u0259ri v\u0259 valideyn himay\u0259sind\u0259n m\u0259hrum u\u015faqlarla g\u00f6r\u00fc\u015f - FOTOLAR - Z\u0259rdab.com\",\"isPartOf\":{\"@id\":\"https:\/\/www.zerdab.com\/#website\"},\"primaryImageOfPage\":{\"@id\":\"https:\/\/www.zerdab.com\/?p=29803#primaryimage\"},\"image\":{\"@id\":\"https:\/\/www.zerdab.com\/?p=29803#primaryimage\"},\"thumbnailUrl\":\"https:\/\/www.zerdab.com\/wp-content\/uploads\/2023\/03\/zerdab-icra-hakimiyyeti-azteminatli-merdan-camalzade.jpg\",\"datePublished\":\"2023-03-15T11:13:20+00:00\",\"author\":{\"@id\":\"https:\/\/www.zerdab.com\/#\/schema\/person\/97079b7570c1e89ec0d9e138c3672136\"},\"breadcrumb\":{\"@id\":\"https:\/\/www.zerdab.com\/?p=29803#breadcrumb\"},\"inLanguage\":\"az\",\"potentialAction\":[{\"@type\":\"ReadAction\",\"target\":[\"https:\/\/www.zerdab.com\/?p=29803\"]}]},{\"@type\":\"ImageObject\",\"inLanguage\":\"az\",\"@id\":\"https:\/\/www.zerdab.com\/?p=29803#primaryimage\",\"url\":\"https:\/\/www.zerdab.com\/wp-content\/uploads\/2023\/03\/zerdab-icra-hakimiyyeti-azteminatli-merdan-camalzade.jpg\",\"contentUrl\":\"https:\/\/www.zerdab.com\/wp-content\/uploads\/2023\/03\/zerdab-icra-hakimiyyeti-azteminatli-merdan-camalzade.jpg\",\"width\":1024,\"height\":683,\"caption\":\"zerdab-icra-hakimiyyeti-azteminatli-merdan-camalzade\"},{\"@type\":\"BreadcrumbList\",\"@id\":\"https:\/\/www.zerdab.com\/?p=29803#breadcrumb\",\"itemListElement\":[{\"@type\":\"ListItem\",\"position\":1,\"name\":\"Home\",\"item\":\"https:\/\/www.zerdab.com\/\"},{\"@type\":\"ListItem\",\"position\":2,\"name\":\"Z\u0259rdabda \u015f\u0259hid ail\u0259l\u0259ri, V\u0259t\u0259n m\u00fcharib\u0259si \u0259lill\u0259ri v\u0259 valideyn himay\u0259sind\u0259n m\u0259hrum u\u015faqlarla g\u00f6r\u00fc\u015f &#8211; FOTOLAR\"}]},{\"@type\":\"WebSite\",\"@id\":\"https:\/\/www.zerdab.com\/#website\",\"url\":\"https:\/\/www.zerdab.com\/\",\"name\":\"Z\u0259rdab.com\",\"description\":\"\",\"potentialAction\":[{\"@type\":\"SearchAction\",\"target\":{\"@type\":\"EntryPoint\",\"urlTemplate\":\"https:\/\/www.zerdab.com\/?s={search_term_string}\"},\"query-input\":{\"@type\":\"PropertyValueSpecification\",\"valueRequired\":true,\"valueName\":\"search_term_string\"}}],\"inLanguage\":\"az\"},{\"@type\":\"Person\",\"@id\":\"https:\/\/www.zerdab.com\/#\/schema\/person\/97079b7570c1e89ec0d9e138c3672136\",\"name\":\"admin\",\"image\":{\"@type\":\"ImageObject\",\"inLanguage\":\"az\",\"@id\":\"https:\/\/www.zerdab.com\/#\/schema\/person\/image\/\",\"url\":\"https:\/\/secure.gravatar.com\/avatar\/d9c52a9a27c32119cb6679a077fa3e2779e5f822c451cbf01098004361d466ec?s=96&d=mm&r=g\",\"contentUrl\":\"https:\/\/secure.gravatar.com\/avatar\/d9c52a9a27c32119cb6679a077fa3e2779e5f822c451cbf01098004361d466ec?s=96&d=mm&r=g\",\"caption\":\"admin\"},\"url\":\"https:\/\/www.zerdab.com\/?author=1\"}]}<\/script>\n<!-- \/ Yoast SEO plugin. -->","yoast_head_json":{"title":"Z\u0259rdabda \u015f\u0259hid ail\u0259l\u0259ri, V\u0259t\u0259n m\u00fcharib\u0259si \u0259lill\u0259ri v\u0259 valideyn himay\u0259sind\u0259n m\u0259hrum u\u015faqlarla g\u00f6r\u00fc\u015f - FOTOLAR - Z\u0259rdab.com","robots":{"index":"index","follow":"follow","max-snippet":"max-snippet:-1","max-image-preview":"max-image-preview:large","max-video-preview":"max-video-preview:-1"},"canonical":"https:\/\/www.zerdab.com\/?p=29803","og_locale":"az_AZ","og_type":"article","og_title":"Z\u0259rdabda \u015f\u0259hid ail\u0259l\u0259ri, V\u0259t\u0259n m\u00fcharib\u0259si \u0259lill\u0259ri v\u0259 valideyn himay\u0259sind\u0259n m\u0259hrum u\u015faqlarla g\u00f6r\u00fc\u015f - FOTOLAR - Z\u0259rdab.com","og_description":"Z\u0259rdab Rayon \u0130cra Hakimiyy\u0259tind\u0259 Novruz bayram\u0131 m\u00fcnasib\u0259til\u0259 \u015f\u0259hid ail\u0259l\u0259ri, V\u0259t\u0259n m\u00fcharib\u0259si \u0259lill\u0259ri v\u0259 valideyn himay\u0259sind\u0259n m\u0259hrum olmu\u015f u\u015faqlarla rayon r\u0259hb\u0259rliyinin g\u00f6r\u00fc\u015f\u00fc ke\u00e7irilib. Zerdab.com sayt\u0131na veril\u0259n m\u0259lumata g\u00f6r\u0259, g\u00f6r\u00fc\u015fd\u0259 \u00e7\u0131x\u0131\u015f ed\u0259n Z\u0259rdab Rayon \u0130cra Hakimiyy\u0259tinin ba\u015f\u00e7\u0131s\u0131 M\u0259rdan Camalzad\u0259 sosial m\u00fcdafi\u0259y\u0259 ehtiyac\u0131 olan v\u0259t\u0259nda\u015flara g\u00f6st\u0259ril\u0259n d\u00f6vl\u0259t qay\u011f\u0131s\u0131ndan s\u00f6hb\u0259t a\u00e7\u0131b. Z\u0259rdab Rayon \u0130cra Hakimiyy\u0259tinin ba\u015f\u00e7\u0131s\u0131 t\u0259dbir i\u015ftirak\u00e7\u0131lar\u0131n\u0131 Novruz [&hellip;]","og_url":"https:\/\/www.zerdab.com\/?p=29803","og_site_name":"Z\u0259rdab.com","article_published_time":"2023-03-15T11:13:20+00:00","og_image":[{"width":1024,"height":683,"url":"https:\/\/www.zerdab.com\/wp-content\/uploads\/2023\/03\/zerdab-icra-hakimiyyeti-azteminatli-merdan-camalzade.jpg","type":"image\/jpeg"}],"author":"admin","twitter_card":"summary_large_image","twitter_misc":{"Written by":"admin","Est. reading time":"1 minute"},"schema":{"@context":"https:\/\/schema.org","@graph":[{"@type":"Article","@id":"https:\/\/www.zerdab.com\/?p=29803#article","isPartOf":{"@id":"https:\/\/www.zerdab.com\/?p=29803"},"author":{"name":"admin","@id":"https:\/\/www.zerdab.com\/#\/schema\/person\/97079b7570c1e89ec0d9e138c3672136"},"headline":"Z\u0259rdabda \u015f\u0259hid ail\u0259l\u0259ri, V\u0259t\u0259n m\u00fcharib\u0259si \u0259lill\u0259ri v\u0259 valideyn himay\u0259sind\u0259n m\u0259hrum u\u015faqlarla g\u00f6r\u00fc\u015f &#8211; FOTOLAR","datePublished":"2023-03-15T11:13:20+00:00","mainEntityOfPage":{"@id":"https:\/\/www.zerdab.com\/?p=29803"},"wordCount":218,"image":{"@id":"https:\/\/www.zerdab.com\/?p=29803#primaryimage"},"thumbnailUrl":"https:\/\/www.zerdab.com\/wp-content\/uploads\/2023\/03\/zerdab-icra-hakimiyyeti-azteminatli-merdan-camalzade.jpg","articleSection":["MAN\u015eET","X\u018fB\u018fRL\u018fR"],"inLanguage":"az"},{"@type":"WebPage","@id":"https:\/\/www.zerdab.com\/?p=29803","url":"https:\/\/www.zerdab.com\/?p=29803","name":"Z\u0259rdabda \u015f\u0259hid ail\u0259l\u0259ri, V\u0259t\u0259n m\u00fcharib\u0259si \u0259lill\u0259ri v\u0259 valideyn himay\u0259sind\u0259n m\u0259hrum u\u015faqlarla g\u00f6r\u00fc\u015f - FOTOLAR - Z\u0259rdab.com","isPartOf":{"@id":"https:\/\/www.zerdab.com\/#website"},"primaryImageOfPage":{"@id":"https:\/\/www.zerdab.com\/?p=29803#primaryimage"},"image":{"@id":"https:\/\/www.zerdab.com\/?p=29803#primaryimage"},"thumbnailUrl":"https:\/\/www.zerdab.com\/wp-content\/uploads\/2023\/03\/zerdab-icra-hakimiyyeti-azteminatli-merdan-camalzade.jpg","datePublished":"2023-03-15T11:13:20+00:00","author":{"@id":"https:\/\/www.zerdab.com\/#\/schema\/person\/97079b7570c1e89ec0d9e138c3672136"},"breadcrumb":{"@id":"https:\/\/www.zerdab.com\/?p=29803#breadcrumb"},"inLanguage":"az","potentialAction":[{"@type":"ReadAction","target":["https:\/\/www.zerdab.com\/?p=29803"]}]},{"@type":"ImageObject","inLanguage":"az","@id":"https:\/\/www.zerdab.com\/?p=29803#primaryimage","url":"https:\/\/www.zerdab.com\/wp-content\/uploads\/2023\/03\/zerdab-icra-hakimiyyeti-azteminatli-merdan-camalzade.jpg","contentUrl":"https:\/\/www.zerdab.com\/wp-content\/uploads\/2023\/03\/zerdab-icra-hakimiyyeti-azteminatli-merdan-camalzade.jpg","width":1024,"height":683,"caption":"zerdab-icra-hakimiyyeti-azteminatli-merdan-camalzade"},{"@type":"BreadcrumbList","@id":"https:\/\/www.zerdab.com\/?p=29803#breadcrumb","itemListElement":[{"@type":"ListItem","position":1,"name":"Home","item":"https:\/\/www.zerdab.com\/"},{"@type":"ListItem","position":2,"name":"Z\u0259rdabda \u015f\u0259hid ail\u0259l\u0259ri, V\u0259t\u0259n m\u00fcharib\u0259si \u0259lill\u0259ri v\u0259 valideyn himay\u0259sind\u0259n m\u0259hrum u\u015faqlarla g\u00f6r\u00fc\u015f &#8211; FOTOLAR"}]},{"@type":"WebSite","@id":"https:\/\/www.zerdab.com\/#website","url":"https:\/\/www.zerdab.com\/","name":"Z\u0259rdab.com","description":"","potentialAction":[{"@type":"SearchAction","target":{"@type":"EntryPoint","urlTemplate":"https:\/\/www.zerdab.com\/?s={search_term_string}"},"query-input":{"@type":"PropertyValueSpecification","valueRequired":true,"valueName":"search_term_string"}}],"inLanguage":"az"},{"@type":"Person","@id":"https:\/\/www.zerdab.com\/#\/schema\/person\/97079b7570c1e89ec0d9e138c3672136","name":"admin","image":{"@type":"ImageObject","inLanguage":"az","@id":"https:\/\/www.zerdab.com\/#\/schema\/person\/image\/","url":"https:\/\/secure.gravatar.com\/avatar\/d9c52a9a27c32119cb6679a077fa3e2779e5f822c451cbf01098004361d466ec?s=96&d=mm&r=g","contentUrl":"https:\/\/secure.gravatar.com\/avatar\/d9c52a9a27c32119cb6679a077fa3e2779e5f822c451cbf01098004361d466ec?s=96&d=mm&r=g","caption":"admin"},"url":"https:\/\/www.zerdab.com\/?author=1"}]}},"_links":{"self":[{"href":"https:\/\/www.zerdab.com\/index.php?rest_route=\/wp\/v2\/posts\/29803","targetHints":{"allow":["GET"]}}],"collection":[{"href":"https:\/\/www.zerdab.com\/index.php?rest_route=\/wp\/v2\/posts"}],"about":[{"href":"https:\/\/www.zerdab.com\/index.php?rest_route=\/wp\/v2\/types\/post"}],"author":[{"embeddable":true,"href":"https:\/\/www.zerdab.com\/index.php?rest_route=\/wp\/v2\/users\/1"}],"replies":[{"embeddable":true,"href":"https:\/\/www.zerdab.com\/index.php?rest_route=%2Fwp%2Fv2%2Fcomments&post=29803"}],"version-history":[{"count":1,"href":"https:\/\/www.zerdab.com\/index.php?rest_route=\/wp\/v2\/posts\/29803\/revisions"}],"predecessor-version":[{"id":29805,"href":"https:\/\/www.zerdab.com\/index.php?rest_route=\/wp\/v2\/posts\/29803\/revisions\/29805"}],"wp:featuredmedia":[{"embeddable":true,"href":"https:\/\/www.zerdab.com\/index.php?rest_route=\/wp\/v2\/media\/29804"}],"wp:attachment":[{"href":"https:\/\/www.zerdab.com\/index.php?rest_route=%2Fwp%2Fv2%2Fmedia&parent=29803"}],"wp:term":[{"taxonomy":"category","embeddable":true,"href":"https:\/\/www.zerdab.com\/index.php?rest_route=%2Fwp%2Fv2%2Fcategories&post=29803"},{"taxonomy":"post_tag","embeddable":true,"href":"https:\/\/www.zerdab.com\/index.php?rest_route=%2Fwp%2Fv2%2Ftags&post=29803"}],"curies":[{"name":"wp","href":"https:\/\/api.w.org\/{rel}","templated":true}]}}