{"id":29818,"date":"2023-04-05T19:48:42","date_gmt":"2023-04-05T15:48:42","guid":{"rendered":"https:\/\/www.zerdab.com\/?p=29818"},"modified":"2023-04-05T19:55:35","modified_gmt":"2023-04-05T15:55:35","slug":"z%c9%99rdabda-aprel-doyusl%c9%99ri-s%c9%99hidi-nurlan-abdullazad%c9%99nin-xatir%c9%99si-yad-edilib-fotolar","status":"publish","type":"post","link":"https:\/\/www.zerdab.com\/?p=29818","title":{"rendered":"Z\u0259rdabda Aprel d\u00f6y\u00fc\u015fl\u0259ri \u015f\u0259hidi Nurlan Abdullazad\u0259nin xatir\u0259si yad edilib &#8211; FOTOLAR"},"content":{"rendered":"<div dir=\"auto\">Aprel d\u00f6y\u00fc\u015fl\u0259rind\u0259 \u015f\u0259hidlik zirv\u0259sin\u0259 ucalan B\u00f6y\u00fck D\u0259kk\u0259 k\u0259nd sakini Nurlan Abdullazad\u0259nin xatir\u0259si yad edilib.<\/div>\n<div dir=\"auto\"><strong>Zerdab.com<\/strong> sayt\u0131na veril\u0259n m\u0259lumata g\u00f6r\u0259, Nurlan Abdullazad\u0259nin m\u0259zar\u0131 v\u0259 k\u0259nd q\u0259biristanl\u0131\u011f\u0131nda d\u0259fn edilmi\u015f Birinci Qaraba\u011f m\u00fcharib\u0259si \u015f\u0259hidl\u0259rinin m\u0259zarlar\u0131 ziyar\u0259t edilib. T\u0259dbird\u0259 Z\u0259rdab Rayon \u0130cra Hakimiyy\u0259tinin, YAP Z\u0259rdab rayon t\u0259\u015fkilat\u0131n\u0131n, G\u0259ncl\u0259r v\u0259 idman \u0130dar\u0259sinin, SHX\u00c7DX-nin Z\u0259rdab rayon \u015f\u00f6b\u0259sinin \u0259m\u0259kda\u015flar\u0131 v\u0259 rayon ictimaiyy\u0259tinin n\u00fcmay\u0259nd\u0259l\u0259ri i\u015ftirak edib.<\/div>\n<div dir=\"auto\">\u00c7\u0131x\u0131\u015f ed\u0259nl\u0259r 2016-c\u0131 ilin aprel d\u00f6y\u00fc\u015fl\u0259rind\u0259 qazan\u0131lm\u0131\u015f qalibiyy\u0259tin davam\u0131 olaraq \u00f6lk\u0259 Prezidenti, Ali Ba\u015f Komandan c\u0259nab \u0130lham \u018fliyevin \u0259mri il\u0259 \u0259ks h\u00fccum \u0259m\u0259liyyat\u0131na ba\u015flayan Silahl\u0131 Q\u00fcvv\u0259l\u0259rimizin 44 g\u00fcnl\u00fck V\u0259t\u0259n m\u00fcharib\u0259sind\u0259 \u015fanl\u0131 q\u0259l\u0259b\u0259 qazanaraq \u00f6lk\u0259mizin \u0259razi b\u00fct\u00f6vl\u00fcy\u00fcn\u00fc t\u0259min etdiyind\u0259n v\u0259 q\u0259hr\u0259manlar\u0131m\u0131z\u0131n qan\u0131n\u0131n yerd\u0259 qalmad\u0131\u011f\u0131ndan b\u0259hs edib.<\/div>\n<div dir=\"auto\">Sonra \u015f\u0259hidin ail\u0259si ziyar\u0259t edil\u0259r\u0259k xatir\u0259si yad olunub. \u015e\u0259hidin ail\u0259 \u00fczvl\u0259ri onlara g\u00f6st\u0259ril\u0259n d\u0259st\u0259y\u0259, maddi v\u0259 m\u0259n\u0259vi k\u00f6m\u0259klikl\u0259r\u0259 g\u00f6r\u0259 Az\u0259rbaycan Respublikas\u0131n\u0131n Prezidenti c\u0259nab \u0130lham \u018fliyev\u0259 v\u0259 Birinci vitse-prezident Mehriban xan\u0131m \u018fliyevaya d\u0259rin t\u0259\u015f\u0259kk\u00fcrl\u0259rini v\u0259 minn\u0259tdarl\u0131qlar\u0131n\u0131 bildiribl\u0259r.<\/div>\n<div dir=\"auto\"><img loading=\"lazy\" decoding=\"async\" class=\"alignnone size-full wp-image-29819\" src=\"http:\/\/www.zerdab.com\/wp-content\/uploads\/2023\/04\/aprel-doyusleri-sehidi-nurlan-abdullazade.jpg\" alt=\"aprel-doyusleri-sehidi-nurlan-abdullazade.png\" width=\"2048\" height=\"1532\" srcset=\"https:\/\/www.zerdab.com\/wp-content\/uploads\/2023\/04\/aprel-doyusleri-sehidi-nurlan-abdullazade.jpg 2048w, https:\/\/www.zerdab.com\/wp-content\/uploads\/2023\/04\/aprel-doyusleri-sehidi-nurlan-abdullazade-400x299.jpg 400w, https:\/\/www.zerdab.com\/wp-content\/uploads\/2023\/04\/aprel-doyusleri-sehidi-nurlan-abdullazade-550x411.jpg 550w, https:\/\/www.zerdab.com\/wp-content\/uploads\/2023\/04\/aprel-doyusleri-sehidi-nurlan-abdullazade-768x575.jpg 768w, https:\/\/www.zerdab.com\/wp-content\/uploads\/2023\/04\/aprel-doyusleri-sehidi-nurlan-abdullazade-1536x1149.jpg 1536w, https:\/\/www.zerdab.com\/wp-content\/uploads\/2023\/04\/aprel-doyusleri-sehidi-nurlan-abdullazade-80x60.jpg 80w, https:\/\/www.zerdab.com\/wp-content\/uploads\/2023\/04\/aprel-doyusleri-sehidi-nurlan-abdullazade-265x198.jpg 265w, https:\/\/www.zerdab.com\/wp-content\/uploads\/2023\/04\/aprel-doyusleri-sehidi-nurlan-abdullazade-696x521.jpg 696w, https:\/\/www.zerdab.com\/wp-content\/uploads\/2023\/04\/aprel-doyusleri-sehidi-nurlan-abdullazade-1068x799.jpg 1068w, https:\/\/www.zerdab.com\/wp-content\/uploads\/2023\/04\/aprel-doyusleri-sehidi-nurlan-abdullazade-561x420.jpg 561w\" sizes=\"auto, (max-width: 2048px) 100vw, 2048px\" \/><\/div>\n","protected":false},"excerpt":{"rendered":"<p>Aprel d\u00f6y\u00fc\u015fl\u0259rind\u0259 \u015f\u0259hidlik zirv\u0259sin\u0259 ucalan B\u00f6y\u00fck D\u0259kk\u0259 k\u0259nd sakini Nurlan Abdullazad\u0259nin xatir\u0259si yad edilib. Zerdab.com sayt\u0131na veril\u0259n m\u0259lumata g\u00f6r\u0259, Nurlan Abdullazad\u0259nin m\u0259zar\u0131 v\u0259 k\u0259nd q\u0259biristanl\u0131\u011f\u0131nda d\u0259fn edilmi\u015f Birinci Qaraba\u011f m\u00fcharib\u0259si \u015f\u0259hidl\u0259rinin m\u0259zarlar\u0131 ziyar\u0259t edilib. T\u0259dbird\u0259 Z\u0259rdab Rayon \u0130cra Hakimiyy\u0259tinin, YAP Z\u0259rdab rayon t\u0259\u015fkilat\u0131n\u0131n, G\u0259ncl\u0259r v\u0259 idman \u0130dar\u0259sinin, SHX\u00c7DX-nin Z\u0259rdab rayon \u015f\u00f6b\u0259sinin \u0259m\u0259kda\u015flar\u0131 v\u0259 rayon ictimaiyy\u0259tinin [&hellip;]<\/p>\n","protected":false},"author":1,"featured_media":29820,"comment_status":"closed","ping_status":"closed","sticky":false,"template":"","format":"standard","meta":{"footnotes":""},"categories":[63,5],"tags":[],"class_list":{"0":"post-29818","1":"post","2":"type-post","3":"status-publish","4":"format-standard","5":"has-post-thumbnail","7":"category-manset","8":"category-knd"},"yoast_head":"<!-- This site is optimized with the Yoast SEO plugin v27.0 - https:\/\/yoast.com\/product\/yoast-seo-wordpress\/ -->\n<title>Z\u0259rdabda Aprel d\u00f6y\u00fc\u015fl\u0259ri \u015f\u0259hidi Nurlan Abdullazad\u0259nin xatir\u0259si yad edilib - FOTOLAR - Z\u0259rdab.com<\/title>\n<meta name=\"robots\" content=\"index, follow, max-snippet:-1, max-image-preview:large, max-video-preview:-1\" \/>\n<link rel=\"canonical\" href=\"https:\/\/www.zerdab.com\/?p=29818\" \/>\n<meta property=\"og:locale\" content=\"az_AZ\" \/>\n<meta property=\"og:type\" content=\"article\" \/>\n<meta property=\"og:title\" content=\"Z\u0259rdabda Aprel d\u00f6y\u00fc\u015fl\u0259ri \u015f\u0259hidi Nurlan Abdullazad\u0259nin xatir\u0259si yad edilib - FOTOLAR - Z\u0259rdab.com\" \/>\n<meta property=\"og:description\" content=\"Aprel d\u00f6y\u00fc\u015fl\u0259rind\u0259 \u015f\u0259hidlik zirv\u0259sin\u0259 ucalan B\u00f6y\u00fck D\u0259kk\u0259 k\u0259nd sakini Nurlan Abdullazad\u0259nin xatir\u0259si yad edilib. Zerdab.com sayt\u0131na veril\u0259n m\u0259lumata g\u00f6r\u0259, Nurlan Abdullazad\u0259nin m\u0259zar\u0131 v\u0259 k\u0259nd q\u0259biristanl\u0131\u011f\u0131nda d\u0259fn edilmi\u015f Birinci Qaraba\u011f m\u00fcharib\u0259si \u015f\u0259hidl\u0259rinin m\u0259zarlar\u0131 ziyar\u0259t edilib. T\u0259dbird\u0259 Z\u0259rdab Rayon \u0130cra Hakimiyy\u0259tinin, YAP Z\u0259rdab rayon t\u0259\u015fkilat\u0131n\u0131n, G\u0259ncl\u0259r v\u0259 idman \u0130dar\u0259sinin, SHX\u00c7DX-nin Z\u0259rdab rayon \u015f\u00f6b\u0259sinin \u0259m\u0259kda\u015flar\u0131 v\u0259 rayon ictimaiyy\u0259tinin [&hellip;]\" \/>\n<meta property=\"og:url\" content=\"https:\/\/www.zerdab.com\/?p=29818\" \/>\n<meta property=\"og:site_name\" content=\"Z\u0259rdab.com\" \/>\n<meta property=\"article:published_time\" content=\"2023-04-05T15:48:42+00:00\" \/>\n<meta property=\"article:modified_time\" content=\"2023-04-05T15:55:35+00:00\" \/>\n<meta property=\"og:image\" content=\"https:\/\/www.zerdab.com\/wp-content\/uploads\/2023\/04\/aprel-doyusleri-sehidi-nurlan-abdullazade1.jpg\" \/>\n\t<meta property=\"og:image:width\" content=\"2048\" \/>\n\t<meta property=\"og:image:height\" content=\"1532\" \/>\n\t<meta property=\"og:image:type\" content=\"image\/jpeg\" \/>\n<meta name=\"author\" content=\"admin\" \/>\n<meta name=\"twitter:card\" content=\"summary_large_image\" \/>\n<meta name=\"twitter:label1\" content=\"Written by\" \/>\n\t<meta name=\"twitter:data1\" content=\"admin\" \/>\n\t<meta name=\"twitter:label2\" content=\"Est. reading time\" \/>\n\t<meta name=\"twitter:data2\" content=\"1 minute\" \/>\n<script type=\"application\/ld+json\" class=\"yoast-schema-graph\">{\"@context\":\"https:\/\/schema.org\",\"@graph\":[{\"@type\":\"Article\",\"@id\":\"https:\/\/www.zerdab.com\/?p=29818#article\",\"isPartOf\":{\"@id\":\"https:\/\/www.zerdab.com\/?p=29818\"},\"author\":{\"name\":\"admin\",\"@id\":\"https:\/\/www.zerdab.com\/#\/schema\/person\/97079b7570c1e89ec0d9e138c3672136\"},\"headline\":\"Z\u0259rdabda Aprel d\u00f6y\u00fc\u015fl\u0259ri \u015f\u0259hidi Nurlan Abdullazad\u0259nin xatir\u0259si yad edilib &#8211; FOTOLAR\",\"datePublished\":\"2023-04-05T15:48:42+00:00\",\"dateModified\":\"2023-04-05T15:55:35+00:00\",\"mainEntityOfPage\":{\"@id\":\"https:\/\/www.zerdab.com\/?p=29818\"},\"wordCount\":271,\"image\":{\"@id\":\"https:\/\/www.zerdab.com\/?p=29818#primaryimage\"},\"thumbnailUrl\":\"https:\/\/www.zerdab.com\/wp-content\/uploads\/2023\/04\/aprel-doyusleri-sehidi-nurlan-abdullazade1.jpg\",\"articleSection\":[\"MAN\u015eET\",\"X\u018fB\u018fRL\u018fR\"],\"inLanguage\":\"az\"},{\"@type\":\"WebPage\",\"@id\":\"https:\/\/www.zerdab.com\/?p=29818\",\"url\":\"https:\/\/www.zerdab.com\/?p=29818\",\"name\":\"Z\u0259rdabda Aprel d\u00f6y\u00fc\u015fl\u0259ri \u015f\u0259hidi Nurlan Abdullazad\u0259nin xatir\u0259si yad edilib - FOTOLAR - Z\u0259rdab.com\",\"isPartOf\":{\"@id\":\"https:\/\/www.zerdab.com\/#website\"},\"primaryImageOfPage\":{\"@id\":\"https:\/\/www.zerdab.com\/?p=29818#primaryimage\"},\"image\":{\"@id\":\"https:\/\/www.zerdab.com\/?p=29818#primaryimage\"},\"thumbnailUrl\":\"https:\/\/www.zerdab.com\/wp-content\/uploads\/2023\/04\/aprel-doyusleri-sehidi-nurlan-abdullazade1.jpg\",\"datePublished\":\"2023-04-05T15:48:42+00:00\",\"dateModified\":\"2023-04-05T15:55:35+00:00\",\"author\":{\"@id\":\"https:\/\/www.zerdab.com\/#\/schema\/person\/97079b7570c1e89ec0d9e138c3672136\"},\"breadcrumb\":{\"@id\":\"https:\/\/www.zerdab.com\/?p=29818#breadcrumb\"},\"inLanguage\":\"az\",\"potentialAction\":[{\"@type\":\"ReadAction\",\"target\":[\"https:\/\/www.zerdab.com\/?p=29818\"]}]},{\"@type\":\"ImageObject\",\"inLanguage\":\"az\",\"@id\":\"https:\/\/www.zerdab.com\/?p=29818#primaryimage\",\"url\":\"https:\/\/www.zerdab.com\/wp-content\/uploads\/2023\/04\/aprel-doyusleri-sehidi-nurlan-abdullazade1.jpg\",\"contentUrl\":\"https:\/\/www.zerdab.com\/wp-content\/uploads\/2023\/04\/aprel-doyusleri-sehidi-nurlan-abdullazade1.jpg\",\"width\":2048,\"height\":1532},{\"@type\":\"BreadcrumbList\",\"@id\":\"https:\/\/www.zerdab.com\/?p=29818#breadcrumb\",\"itemListElement\":[{\"@type\":\"ListItem\",\"position\":1,\"name\":\"Home\",\"item\":\"https:\/\/www.zerdab.com\/\"},{\"@type\":\"ListItem\",\"position\":2,\"name\":\"Z\u0259rdabda Aprel d\u00f6y\u00fc\u015fl\u0259ri \u015f\u0259hidi Nurlan Abdullazad\u0259nin xatir\u0259si yad edilib &#8211; FOTOLAR\"}]},{\"@type\":\"WebSite\",\"@id\":\"https:\/\/www.zerdab.com\/#website\",\"url\":\"https:\/\/www.zerdab.com\/\",\"name\":\"Z\u0259rdab.com\",\"description\":\"\",\"potentialAction\":[{\"@type\":\"SearchAction\",\"target\":{\"@type\":\"EntryPoint\",\"urlTemplate\":\"https:\/\/www.zerdab.com\/?s={search_term_string}\"},\"query-input\":{\"@type\":\"PropertyValueSpecification\",\"valueRequired\":true,\"valueName\":\"search_term_string\"}}],\"inLanguage\":\"az\"},{\"@type\":\"Person\",\"@id\":\"https:\/\/www.zerdab.com\/#\/schema\/person\/97079b7570c1e89ec0d9e138c3672136\",\"name\":\"admin\",\"image\":{\"@type\":\"ImageObject\",\"inLanguage\":\"az\",\"@id\":\"https:\/\/www.zerdab.com\/#\/schema\/person\/image\/\",\"url\":\"https:\/\/secure.gravatar.com\/avatar\/d9c52a9a27c32119cb6679a077fa3e2779e5f822c451cbf01098004361d466ec?s=96&d=mm&r=g\",\"contentUrl\":\"https:\/\/secure.gravatar.com\/avatar\/d9c52a9a27c32119cb6679a077fa3e2779e5f822c451cbf01098004361d466ec?s=96&d=mm&r=g\",\"caption\":\"admin\"},\"url\":\"https:\/\/www.zerdab.com\/?author=1\"}]}<\/script>\n<!-- \/ Yoast SEO plugin. -->","yoast_head_json":{"title":"Z\u0259rdabda Aprel d\u00f6y\u00fc\u015fl\u0259ri \u015f\u0259hidi Nurlan Abdullazad\u0259nin xatir\u0259si yad edilib - FOTOLAR - Z\u0259rdab.com","robots":{"index":"index","follow":"follow","max-snippet":"max-snippet:-1","max-image-preview":"max-image-preview:large","max-video-preview":"max-video-preview:-1"},"canonical":"https:\/\/www.zerdab.com\/?p=29818","og_locale":"az_AZ","og_type":"article","og_title":"Z\u0259rdabda Aprel d\u00f6y\u00fc\u015fl\u0259ri \u015f\u0259hidi Nurlan Abdullazad\u0259nin xatir\u0259si yad edilib - FOTOLAR - Z\u0259rdab.com","og_description":"Aprel d\u00f6y\u00fc\u015fl\u0259rind\u0259 \u015f\u0259hidlik zirv\u0259sin\u0259 ucalan B\u00f6y\u00fck D\u0259kk\u0259 k\u0259nd sakini Nurlan Abdullazad\u0259nin xatir\u0259si yad edilib. Zerdab.com sayt\u0131na veril\u0259n m\u0259lumata g\u00f6r\u0259, Nurlan Abdullazad\u0259nin m\u0259zar\u0131 v\u0259 k\u0259nd q\u0259biristanl\u0131\u011f\u0131nda d\u0259fn edilmi\u015f Birinci Qaraba\u011f m\u00fcharib\u0259si \u015f\u0259hidl\u0259rinin m\u0259zarlar\u0131 ziyar\u0259t edilib. T\u0259dbird\u0259 Z\u0259rdab Rayon \u0130cra Hakimiyy\u0259tinin, YAP Z\u0259rdab rayon t\u0259\u015fkilat\u0131n\u0131n, G\u0259ncl\u0259r v\u0259 idman \u0130dar\u0259sinin, SHX\u00c7DX-nin Z\u0259rdab rayon \u015f\u00f6b\u0259sinin \u0259m\u0259kda\u015flar\u0131 v\u0259 rayon ictimaiyy\u0259tinin [&hellip;]","og_url":"https:\/\/www.zerdab.com\/?p=29818","og_site_name":"Z\u0259rdab.com","article_published_time":"2023-04-05T15:48:42+00:00","article_modified_time":"2023-04-05T15:55:35+00:00","og_image":[{"width":2048,"height":1532,"url":"https:\/\/www.zerdab.com\/wp-content\/uploads\/2023\/04\/aprel-doyusleri-sehidi-nurlan-abdullazade1.jpg","type":"image\/jpeg"}],"author":"admin","twitter_card":"summary_large_image","twitter_misc":{"Written by":"admin","Est. reading time":"1 minute"},"schema":{"@context":"https:\/\/schema.org","@graph":[{"@type":"Article","@id":"https:\/\/www.zerdab.com\/?p=29818#article","isPartOf":{"@id":"https:\/\/www.zerdab.com\/?p=29818"},"author":{"name":"admin","@id":"https:\/\/www.zerdab.com\/#\/schema\/person\/97079b7570c1e89ec0d9e138c3672136"},"headline":"Z\u0259rdabda Aprel d\u00f6y\u00fc\u015fl\u0259ri \u015f\u0259hidi Nurlan Abdullazad\u0259nin xatir\u0259si yad edilib &#8211; FOTOLAR","datePublished":"2023-04-05T15:48:42+00:00","dateModified":"2023-04-05T15:55:35+00:00","mainEntityOfPage":{"@id":"https:\/\/www.zerdab.com\/?p=29818"},"wordCount":271,"image":{"@id":"https:\/\/www.zerdab.com\/?p=29818#primaryimage"},"thumbnailUrl":"https:\/\/www.zerdab.com\/wp-content\/uploads\/2023\/04\/aprel-doyusleri-sehidi-nurlan-abdullazade1.jpg","articleSection":["MAN\u015eET","X\u018fB\u018fRL\u018fR"],"inLanguage":"az"},{"@type":"WebPage","@id":"https:\/\/www.zerdab.com\/?p=29818","url":"https:\/\/www.zerdab.com\/?p=29818","name":"Z\u0259rdabda Aprel d\u00f6y\u00fc\u015fl\u0259ri \u015f\u0259hidi Nurlan Abdullazad\u0259nin xatir\u0259si yad edilib - FOTOLAR - Z\u0259rdab.com","isPartOf":{"@id":"https:\/\/www.zerdab.com\/#website"},"primaryImageOfPage":{"@id":"https:\/\/www.zerdab.com\/?p=29818#primaryimage"},"image":{"@id":"https:\/\/www.zerdab.com\/?p=29818#primaryimage"},"thumbnailUrl":"https:\/\/www.zerdab.com\/wp-content\/uploads\/2023\/04\/aprel-doyusleri-sehidi-nurlan-abdullazade1.jpg","datePublished":"2023-04-05T15:48:42+00:00","dateModified":"2023-04-05T15:55:35+00:00","author":{"@id":"https:\/\/www.zerdab.com\/#\/schema\/person\/97079b7570c1e89ec0d9e138c3672136"},"breadcrumb":{"@id":"https:\/\/www.zerdab.com\/?p=29818#breadcrumb"},"inLanguage":"az","potentialAction":[{"@type":"ReadAction","target":["https:\/\/www.zerdab.com\/?p=29818"]}]},{"@type":"ImageObject","inLanguage":"az","@id":"https:\/\/www.zerdab.com\/?p=29818#primaryimage","url":"https:\/\/www.zerdab.com\/wp-content\/uploads\/2023\/04\/aprel-doyusleri-sehidi-nurlan-abdullazade1.jpg","contentUrl":"https:\/\/www.zerdab.com\/wp-content\/uploads\/2023\/04\/aprel-doyusleri-sehidi-nurlan-abdullazade1.jpg","width":2048,"height":1532},{"@type":"BreadcrumbList","@id":"https:\/\/www.zerdab.com\/?p=29818#breadcrumb","itemListElement":[{"@type":"ListItem","position":1,"name":"Home","item":"https:\/\/www.zerdab.com\/"},{"@type":"ListItem","position":2,"name":"Z\u0259rdabda Aprel d\u00f6y\u00fc\u015fl\u0259ri \u015f\u0259hidi Nurlan Abdullazad\u0259nin xatir\u0259si yad edilib &#8211; FOTOLAR"}]},{"@type":"WebSite","@id":"https:\/\/www.zerdab.com\/#website","url":"https:\/\/www.zerdab.com\/","name":"Z\u0259rdab.com","description":"","potentialAction":[{"@type":"SearchAction","target":{"@type":"EntryPoint","urlTemplate":"https:\/\/www.zerdab.com\/?s={search_term_string}"},"query-input":{"@type":"PropertyValueSpecification","valueRequired":true,"valueName":"search_term_string"}}],"inLanguage":"az"},{"@type":"Person","@id":"https:\/\/www.zerdab.com\/#\/schema\/person\/97079b7570c1e89ec0d9e138c3672136","name":"admin","image":{"@type":"ImageObject","inLanguage":"az","@id":"https:\/\/www.zerdab.com\/#\/schema\/person\/image\/","url":"https:\/\/secure.gravatar.com\/avatar\/d9c52a9a27c32119cb6679a077fa3e2779e5f822c451cbf01098004361d466ec?s=96&d=mm&r=g","contentUrl":"https:\/\/secure.gravatar.com\/avatar\/d9c52a9a27c32119cb6679a077fa3e2779e5f822c451cbf01098004361d466ec?s=96&d=mm&r=g","caption":"admin"},"url":"https:\/\/www.zerdab.com\/?author=1"}]}},"_links":{"self":[{"href":"https:\/\/www.zerdab.com\/index.php?rest_route=\/wp\/v2\/posts\/29818","targetHints":{"allow":["GET"]}}],"collection":[{"href":"https:\/\/www.zerdab.com\/index.php?rest_route=\/wp\/v2\/posts"}],"about":[{"href":"https:\/\/www.zerdab.com\/index.php?rest_route=\/wp\/v2\/types\/post"}],"author":[{"embeddable":true,"href":"https:\/\/www.zerdab.com\/index.php?rest_route=\/wp\/v2\/users\/1"}],"replies":[{"embeddable":true,"href":"https:\/\/www.zerdab.com\/index.php?rest_route=%2Fwp%2Fv2%2Fcomments&post=29818"}],"version-history":[{"count":1,"href":"https:\/\/www.zerdab.com\/index.php?rest_route=\/wp\/v2\/posts\/29818\/revisions"}],"predecessor-version":[{"id":29821,"href":"https:\/\/www.zerdab.com\/index.php?rest_route=\/wp\/v2\/posts\/29818\/revisions\/29821"}],"wp:featuredmedia":[{"embeddable":true,"href":"https:\/\/www.zerdab.com\/index.php?rest_route=\/wp\/v2\/media\/29820"}],"wp:attachment":[{"href":"https:\/\/www.zerdab.com\/index.php?rest_route=%2Fwp%2Fv2%2Fmedia&parent=29818"}],"wp:term":[{"taxonomy":"category","embeddable":true,"href":"https:\/\/www.zerdab.com\/index.php?rest_route=%2Fwp%2Fv2%2Fcategories&post=29818"},{"taxonomy":"post_tag","embeddable":true,"href":"https:\/\/www.zerdab.com\/index.php?rest_route=%2Fwp%2Fv2%2Ftags&post=29818"}],"curies":[{"name":"wp","href":"https:\/\/api.w.org\/{rel}","templated":true}]}}