{"id":29822,"date":"2023-04-10T18:24:22","date_gmt":"2023-04-10T14:24:22","guid":{"rendered":"https:\/\/www.zerdab.com\/?p=29822"},"modified":"2023-04-10T18:24:22","modified_gmt":"2023-04-10T14:24:22","slug":"1998-ci-ild%c9%99-z%c9%99rdabin-inzibati-%c9%99razi-bolgusund%c9%99-hansi-d%c9%99yisiklikl%c9%99r-edilmisdi-maraqli-faktlar","status":"publish","type":"post","link":"https:\/\/www.zerdab.com\/?p=29822","title":{"rendered":"1998-ci ild\u0259 Z\u0259rdab\u0131n inzibati \u0259razi b\u00f6lg\u00fcs\u00fcnd\u0259 hans\u0131 d\u0259yi\u015fiklikl\u0259r edilmi\u015fdi? \u2013 Maraql\u0131 faktlar"},"content":{"rendered":"<p><strong>Az\u0259rbaycan Respublikas\u0131n\u0131n Z\u0259rdab rayonunun inzibati \u0259razi b\u00f6lg\u00fcs\u00fcnd\u0259 qism\u0259n d\u0259yi\u015fiklikl\u0259r edilm\u0259si haqq\u0131nda<\/strong><\/p>\n<p><strong>\u00a0\u00a0\u00a0\u00a0\u00a0\u00a0\u00a0\u00a0\u00a0\u00a0<\/strong>\u00a0\u00a0\u00a0\u00a0\u00a0\u00a0\u00a0\u00a0\u00a0\u00a0\u00a0\u00a0\u00a0\u00a0\u00a0\u00a0\u00a0\u00a0\u00a0\u00a0\u00a0\u00a0\u00a0\u00a0\u00a0\u00a0\u00a0\u00a0\u00a0\u00a0\u00a0\u00a0\u00a0\u00a0<strong>Az\u0259rbaycan Respublikas\u0131n\u0131n Qanunu<\/strong><\/p>\n<p><strong>\u00a0<\/strong>Az\u0259rbaycan Respublikas\u0131n\u0131n Milli M\u0259clisi q\u0259rar<strong>a al\u0131r:<\/strong><\/p>\n<p>Z\u0259rdab rayonunun inzibati \u0259razi b\u00f6lg\u00fcs\u00fcnd\u0259 a\u015fa\u011f\u0131dak\u0131 d\u0259yi\u015fiklikl\u0259r edilsin:<\/p>\n<p><strong>Z\u0259rdab rayonu \u00fczr\u0259:<\/strong>\u00a0Yuxar\u0131 Seydl\u0259r k\u0259ndi B\u0131\u00e7aq\u00e7\u0131 k\u0259nd inzibati \u0259razi vahidi t\u0259rkibind\u0259n ayr\u0131laraq, h\u0259min k\u0259nd m\u0259rk\u0259z olmaqla Yuxar\u0131 Seyidl\u0259r k\u0259nd inzibati\u00a0 \u0259razi vahidi yarad\u0131ls\u0131n.<\/p>\n<p>B\u0131\u00e7aq\u00e7\u0131 k\u0259nd inzibati \u0259razi vahidinin Sil\u0259yli k\u0259ndi Yuxar\u0131 Seyidl\u0259r k\u0259nd inzibati \u0259razi vahidinin tabeliyin\u0259 verilsin.<\/p>\n<p>M\u0259likumudlu k\u0259ndi \u00c7all\u0131 k\u0259nd inzibati \u0259razi vahidi t\u0259rkibind\u0259n ayr\u0131laraq, h\u0259min k\u0259nd m\u0259rk\u0259z olmaqla M\u0259likumudlu k\u0259nd inzibati \u0259razi\u00a0 vahidi yarad\u0131ls\u0131n.<\/p>\n<p>\u015e\u0259ft\u0259hal k\u0259ndi \u015eahh\u00fcseynli k\u0259nd inzibati \u0259razi vahidi t\u0259rkibind\u0259n ayr\u0131laraq, h\u0259min k\u0259nd m\u0259rk\u0259z olmaqla \u015e\u0259ft\u0259hal k\u0259nd inzibati \u0259razi vahidi\u00a0 yarad\u0131ls\u0131n.<\/p>\n<p>\u015eahh\u00fcseynli k\u0259nd inzibati \u0259razi vahidinin A\u015fa\u011f\u0131 Seyidl\u0259r k\u0259ndi \u015e\u0259ft\u0259hal k\u0259nd inzibati \u0259razi vahidinin tabeliyin\u0259 verilsin.<br \/>\n<strong>Az\u0259rbaycan Respublikas\u0131n\u0131n Prezidenti Heyd\u0259r \u018fL\u0130YEV<\/strong><\/p>\n<p><strong>\u00a0Bak\u0131 \u015f\u0259h\u0259ri, 14 iyul 1998-ci il<\/strong><\/p>\n","protected":false},"excerpt":{"rendered":"<p>Az\u0259rbaycan Respublikas\u0131n\u0131n Z\u0259rdab rayonunun inzibati \u0259razi b\u00f6lg\u00fcs\u00fcnd\u0259 qism\u0259n d\u0259yi\u015fiklikl\u0259r edilm\u0259si haqq\u0131nda \u00a0\u00a0\u00a0\u00a0\u00a0\u00a0\u00a0\u00a0\u00a0\u00a0\u00a0\u00a0\u00a0\u00a0\u00a0\u00a0\u00a0\u00a0\u00a0\u00a0\u00a0\u00a0\u00a0\u00a0\u00a0\u00a0\u00a0\u00a0\u00a0\u00a0\u00a0\u00a0\u00a0\u00a0\u00a0\u00a0\u00a0\u00a0\u00a0\u00a0\u00a0\u00a0\u00a0\u00a0Az\u0259rbaycan Respublikas\u0131n\u0131n Qanunu \u00a0Az\u0259rbaycan Respublikas\u0131n\u0131n Milli M\u0259clisi q\u0259rara al\u0131r: Z\u0259rdab rayonunun inzibati \u0259razi b\u00f6lg\u00fcs\u00fcnd\u0259 a\u015fa\u011f\u0131dak\u0131 d\u0259yi\u015fiklikl\u0259r edilsin: Z\u0259rdab rayonu \u00fczr\u0259:\u00a0Yuxar\u0131 Seydl\u0259r k\u0259ndi B\u0131\u00e7aq\u00e7\u0131 k\u0259nd inzibati \u0259razi vahidi t\u0259rkibind\u0259n ayr\u0131laraq, h\u0259min k\u0259nd m\u0259rk\u0259z olmaqla Yuxar\u0131 Seyidl\u0259r k\u0259nd inzibati\u00a0 \u0259razi vahidi yarad\u0131ls\u0131n. B\u0131\u00e7aq\u00e7\u0131 k\u0259nd inzibati \u0259razi [&hellip;]<\/p>\n","protected":false},"author":1,"featured_media":27125,"comment_status":"closed","ping_status":"closed","sticky":false,"template":"","format":"standard","meta":{"footnotes":""},"categories":[63,5],"tags":[],"class_list":{"0":"post-29822","1":"post","2":"type-post","3":"status-publish","4":"format-standard","5":"has-post-thumbnail","7":"category-manset","8":"category-knd"},"yoast_head":"<!-- This site is optimized with the Yoast SEO plugin v27.0 - https:\/\/yoast.com\/product\/yoast-seo-wordpress\/ -->\n<title>1998-ci ild\u0259 Z\u0259rdab\u0131n inzibati \u0259razi b\u00f6lg\u00fcs\u00fcnd\u0259 hans\u0131 d\u0259yi\u015fiklikl\u0259r edilmi\u015fdi? \u2013 Maraql\u0131 faktlar - Z\u0259rdab.com<\/title>\n<meta name=\"robots\" content=\"index, follow, max-snippet:-1, max-image-preview:large, max-video-preview:-1\" \/>\n<link rel=\"canonical\" href=\"https:\/\/www.zerdab.com\/?p=29822\" \/>\n<meta property=\"og:locale\" content=\"az_AZ\" \/>\n<meta property=\"og:type\" content=\"article\" \/>\n<meta property=\"og:title\" content=\"1998-ci ild\u0259 Z\u0259rdab\u0131n inzibati \u0259razi b\u00f6lg\u00fcs\u00fcnd\u0259 hans\u0131 d\u0259yi\u015fiklikl\u0259r edilmi\u015fdi? \u2013 Maraql\u0131 faktlar - Z\u0259rdab.com\" \/>\n<meta property=\"og:description\" content=\"Az\u0259rbaycan Respublikas\u0131n\u0131n Z\u0259rdab rayonunun inzibati \u0259razi b\u00f6lg\u00fcs\u00fcnd\u0259 qism\u0259n d\u0259yi\u015fiklikl\u0259r edilm\u0259si haqq\u0131nda \u00a0\u00a0\u00a0\u00a0\u00a0\u00a0\u00a0\u00a0\u00a0\u00a0\u00a0\u00a0\u00a0\u00a0\u00a0\u00a0\u00a0\u00a0\u00a0\u00a0\u00a0\u00a0\u00a0\u00a0\u00a0\u00a0\u00a0\u00a0\u00a0\u00a0\u00a0\u00a0\u00a0\u00a0\u00a0\u00a0\u00a0\u00a0\u00a0\u00a0\u00a0\u00a0\u00a0\u00a0Az\u0259rbaycan Respublikas\u0131n\u0131n Qanunu \u00a0Az\u0259rbaycan Respublikas\u0131n\u0131n Milli M\u0259clisi q\u0259rara al\u0131r: Z\u0259rdab rayonunun inzibati \u0259razi b\u00f6lg\u00fcs\u00fcnd\u0259 a\u015fa\u011f\u0131dak\u0131 d\u0259yi\u015fiklikl\u0259r edilsin: Z\u0259rdab rayonu \u00fczr\u0259:\u00a0Yuxar\u0131 Seydl\u0259r k\u0259ndi B\u0131\u00e7aq\u00e7\u0131 k\u0259nd inzibati \u0259razi vahidi t\u0259rkibind\u0259n ayr\u0131laraq, h\u0259min k\u0259nd m\u0259rk\u0259z olmaqla Yuxar\u0131 Seyidl\u0259r k\u0259nd inzibati\u00a0 \u0259razi vahidi yarad\u0131ls\u0131n. B\u0131\u00e7aq\u00e7\u0131 k\u0259nd inzibati \u0259razi [&hellip;]\" \/>\n<meta property=\"og:url\" content=\"https:\/\/www.zerdab.com\/?p=29822\" \/>\n<meta property=\"og:site_name\" content=\"Z\u0259rdab.com\" \/>\n<meta property=\"article:published_time\" content=\"2023-04-10T14:24:22+00:00\" \/>\n<meta property=\"og:image\" content=\"https:\/\/www.zerdab.com\/wp-content\/uploads\/2019\/05\/zerdab-melikmudlu-xancoban-mahali.jpg\" \/>\n\t<meta property=\"og:image:width\" content=\"1024\" \/>\n\t<meta property=\"og:image:height\" content=\"768\" \/>\n\t<meta property=\"og:image:type\" content=\"image\/jpeg\" \/>\n<meta name=\"author\" content=\"admin\" \/>\n<meta name=\"twitter:card\" content=\"summary_large_image\" \/>\n<meta name=\"twitter:label1\" content=\"Written by\" \/>\n\t<meta name=\"twitter:data1\" content=\"admin\" \/>\n\t<meta name=\"twitter:label2\" content=\"Est. reading time\" \/>\n\t<meta name=\"twitter:data2\" content=\"1 minute\" \/>\n<script type=\"application\/ld+json\" class=\"yoast-schema-graph\">{\"@context\":\"https:\/\/schema.org\",\"@graph\":[{\"@type\":\"Article\",\"@id\":\"https:\/\/www.zerdab.com\/?p=29822#article\",\"isPartOf\":{\"@id\":\"https:\/\/www.zerdab.com\/?p=29822\"},\"author\":{\"name\":\"admin\",\"@id\":\"https:\/\/www.zerdab.com\/#\/schema\/person\/97079b7570c1e89ec0d9e138c3672136\"},\"headline\":\"1998-ci ild\u0259 Z\u0259rdab\u0131n inzibati \u0259razi b\u00f6lg\u00fcs\u00fcnd\u0259 hans\u0131 d\u0259yi\u015fiklikl\u0259r edilmi\u015fdi? \u2013 Maraql\u0131 faktlar\",\"datePublished\":\"2023-04-10T14:24:22+00:00\",\"mainEntityOfPage\":{\"@id\":\"https:\/\/www.zerdab.com\/?p=29822\"},\"wordCount\":245,\"image\":{\"@id\":\"https:\/\/www.zerdab.com\/?p=29822#primaryimage\"},\"thumbnailUrl\":\"https:\/\/www.zerdab.com\/wp-content\/uploads\/2019\/05\/zerdab-melikmudlu-xancoban-mahali.jpg\",\"articleSection\":[\"MAN\u015eET\",\"X\u018fB\u018fRL\u018fR\"],\"inLanguage\":\"az\"},{\"@type\":\"WebPage\",\"@id\":\"https:\/\/www.zerdab.com\/?p=29822\",\"url\":\"https:\/\/www.zerdab.com\/?p=29822\",\"name\":\"1998-ci ild\u0259 Z\u0259rdab\u0131n inzibati \u0259razi b\u00f6lg\u00fcs\u00fcnd\u0259 hans\u0131 d\u0259yi\u015fiklikl\u0259r edilmi\u015fdi? \u2013 Maraql\u0131 faktlar - Z\u0259rdab.com\",\"isPartOf\":{\"@id\":\"https:\/\/www.zerdab.com\/#website\"},\"primaryImageOfPage\":{\"@id\":\"https:\/\/www.zerdab.com\/?p=29822#primaryimage\"},\"image\":{\"@id\":\"https:\/\/www.zerdab.com\/?p=29822#primaryimage\"},\"thumbnailUrl\":\"https:\/\/www.zerdab.com\/wp-content\/uploads\/2019\/05\/zerdab-melikmudlu-xancoban-mahali.jpg\",\"datePublished\":\"2023-04-10T14:24:22+00:00\",\"author\":{\"@id\":\"https:\/\/www.zerdab.com\/#\/schema\/person\/97079b7570c1e89ec0d9e138c3672136\"},\"breadcrumb\":{\"@id\":\"https:\/\/www.zerdab.com\/?p=29822#breadcrumb\"},\"inLanguage\":\"az\",\"potentialAction\":[{\"@type\":\"ReadAction\",\"target\":[\"https:\/\/www.zerdab.com\/?p=29822\"]}]},{\"@type\":\"ImageObject\",\"inLanguage\":\"az\",\"@id\":\"https:\/\/www.zerdab.com\/?p=29822#primaryimage\",\"url\":\"https:\/\/www.zerdab.com\/wp-content\/uploads\/2019\/05\/zerdab-melikmudlu-xancoban-mahali.jpg\",\"contentUrl\":\"https:\/\/www.zerdab.com\/wp-content\/uploads\/2019\/05\/zerdab-melikmudlu-xancoban-mahali.jpg\",\"width\":1024,\"height\":768,\"caption\":\"zerdab-melikmudlu-xancoban-mahali\"},{\"@type\":\"BreadcrumbList\",\"@id\":\"https:\/\/www.zerdab.com\/?p=29822#breadcrumb\",\"itemListElement\":[{\"@type\":\"ListItem\",\"position\":1,\"name\":\"Home\",\"item\":\"https:\/\/www.zerdab.com\/\"},{\"@type\":\"ListItem\",\"position\":2,\"name\":\"1998-ci ild\u0259 Z\u0259rdab\u0131n inzibati \u0259razi b\u00f6lg\u00fcs\u00fcnd\u0259 hans\u0131 d\u0259yi\u015fiklikl\u0259r edilmi\u015fdi? \u2013 Maraql\u0131 faktlar\"}]},{\"@type\":\"WebSite\",\"@id\":\"https:\/\/www.zerdab.com\/#website\",\"url\":\"https:\/\/www.zerdab.com\/\",\"name\":\"Z\u0259rdab.com\",\"description\":\"\",\"potentialAction\":[{\"@type\":\"SearchAction\",\"target\":{\"@type\":\"EntryPoint\",\"urlTemplate\":\"https:\/\/www.zerdab.com\/?s={search_term_string}\"},\"query-input\":{\"@type\":\"PropertyValueSpecification\",\"valueRequired\":true,\"valueName\":\"search_term_string\"}}],\"inLanguage\":\"az\"},{\"@type\":\"Person\",\"@id\":\"https:\/\/www.zerdab.com\/#\/schema\/person\/97079b7570c1e89ec0d9e138c3672136\",\"name\":\"admin\",\"image\":{\"@type\":\"ImageObject\",\"inLanguage\":\"az\",\"@id\":\"https:\/\/www.zerdab.com\/#\/schema\/person\/image\/\",\"url\":\"https:\/\/secure.gravatar.com\/avatar\/d9c52a9a27c32119cb6679a077fa3e2779e5f822c451cbf01098004361d466ec?s=96&d=mm&r=g\",\"contentUrl\":\"https:\/\/secure.gravatar.com\/avatar\/d9c52a9a27c32119cb6679a077fa3e2779e5f822c451cbf01098004361d466ec?s=96&d=mm&r=g\",\"caption\":\"admin\"},\"url\":\"https:\/\/www.zerdab.com\/?author=1\"}]}<\/script>\n<!-- \/ Yoast SEO plugin. -->","yoast_head_json":{"title":"1998-ci ild\u0259 Z\u0259rdab\u0131n inzibati \u0259razi b\u00f6lg\u00fcs\u00fcnd\u0259 hans\u0131 d\u0259yi\u015fiklikl\u0259r edilmi\u015fdi? \u2013 Maraql\u0131 faktlar - Z\u0259rdab.com","robots":{"index":"index","follow":"follow","max-snippet":"max-snippet:-1","max-image-preview":"max-image-preview:large","max-video-preview":"max-video-preview:-1"},"canonical":"https:\/\/www.zerdab.com\/?p=29822","og_locale":"az_AZ","og_type":"article","og_title":"1998-ci ild\u0259 Z\u0259rdab\u0131n inzibati \u0259razi b\u00f6lg\u00fcs\u00fcnd\u0259 hans\u0131 d\u0259yi\u015fiklikl\u0259r edilmi\u015fdi? \u2013 Maraql\u0131 faktlar - Z\u0259rdab.com","og_description":"Az\u0259rbaycan Respublikas\u0131n\u0131n Z\u0259rdab rayonunun inzibati \u0259razi b\u00f6lg\u00fcs\u00fcnd\u0259 qism\u0259n d\u0259yi\u015fiklikl\u0259r edilm\u0259si haqq\u0131nda \u00a0\u00a0\u00a0\u00a0\u00a0\u00a0\u00a0\u00a0\u00a0\u00a0\u00a0\u00a0\u00a0\u00a0\u00a0\u00a0\u00a0\u00a0\u00a0\u00a0\u00a0\u00a0\u00a0\u00a0\u00a0\u00a0\u00a0\u00a0\u00a0\u00a0\u00a0\u00a0\u00a0\u00a0\u00a0\u00a0\u00a0\u00a0\u00a0\u00a0\u00a0\u00a0\u00a0\u00a0Az\u0259rbaycan Respublikas\u0131n\u0131n Qanunu \u00a0Az\u0259rbaycan Respublikas\u0131n\u0131n Milli M\u0259clisi q\u0259rara al\u0131r: Z\u0259rdab rayonunun inzibati \u0259razi b\u00f6lg\u00fcs\u00fcnd\u0259 a\u015fa\u011f\u0131dak\u0131 d\u0259yi\u015fiklikl\u0259r edilsin: Z\u0259rdab rayonu \u00fczr\u0259:\u00a0Yuxar\u0131 Seydl\u0259r k\u0259ndi B\u0131\u00e7aq\u00e7\u0131 k\u0259nd inzibati \u0259razi vahidi t\u0259rkibind\u0259n ayr\u0131laraq, h\u0259min k\u0259nd m\u0259rk\u0259z olmaqla Yuxar\u0131 Seyidl\u0259r k\u0259nd inzibati\u00a0 \u0259razi vahidi yarad\u0131ls\u0131n. B\u0131\u00e7aq\u00e7\u0131 k\u0259nd inzibati \u0259razi [&hellip;]","og_url":"https:\/\/www.zerdab.com\/?p=29822","og_site_name":"Z\u0259rdab.com","article_published_time":"2023-04-10T14:24:22+00:00","og_image":[{"width":1024,"height":768,"url":"https:\/\/www.zerdab.com\/wp-content\/uploads\/2019\/05\/zerdab-melikmudlu-xancoban-mahali.jpg","type":"image\/jpeg"}],"author":"admin","twitter_card":"summary_large_image","twitter_misc":{"Written by":"admin","Est. reading time":"1 minute"},"schema":{"@context":"https:\/\/schema.org","@graph":[{"@type":"Article","@id":"https:\/\/www.zerdab.com\/?p=29822#article","isPartOf":{"@id":"https:\/\/www.zerdab.com\/?p=29822"},"author":{"name":"admin","@id":"https:\/\/www.zerdab.com\/#\/schema\/person\/97079b7570c1e89ec0d9e138c3672136"},"headline":"1998-ci ild\u0259 Z\u0259rdab\u0131n inzibati \u0259razi b\u00f6lg\u00fcs\u00fcnd\u0259 hans\u0131 d\u0259yi\u015fiklikl\u0259r edilmi\u015fdi? \u2013 Maraql\u0131 faktlar","datePublished":"2023-04-10T14:24:22+00:00","mainEntityOfPage":{"@id":"https:\/\/www.zerdab.com\/?p=29822"},"wordCount":245,"image":{"@id":"https:\/\/www.zerdab.com\/?p=29822#primaryimage"},"thumbnailUrl":"https:\/\/www.zerdab.com\/wp-content\/uploads\/2019\/05\/zerdab-melikmudlu-xancoban-mahali.jpg","articleSection":["MAN\u015eET","X\u018fB\u018fRL\u018fR"],"inLanguage":"az"},{"@type":"WebPage","@id":"https:\/\/www.zerdab.com\/?p=29822","url":"https:\/\/www.zerdab.com\/?p=29822","name":"1998-ci ild\u0259 Z\u0259rdab\u0131n inzibati \u0259razi b\u00f6lg\u00fcs\u00fcnd\u0259 hans\u0131 d\u0259yi\u015fiklikl\u0259r edilmi\u015fdi? \u2013 Maraql\u0131 faktlar - Z\u0259rdab.com","isPartOf":{"@id":"https:\/\/www.zerdab.com\/#website"},"primaryImageOfPage":{"@id":"https:\/\/www.zerdab.com\/?p=29822#primaryimage"},"image":{"@id":"https:\/\/www.zerdab.com\/?p=29822#primaryimage"},"thumbnailUrl":"https:\/\/www.zerdab.com\/wp-content\/uploads\/2019\/05\/zerdab-melikmudlu-xancoban-mahali.jpg","datePublished":"2023-04-10T14:24:22+00:00","author":{"@id":"https:\/\/www.zerdab.com\/#\/schema\/person\/97079b7570c1e89ec0d9e138c3672136"},"breadcrumb":{"@id":"https:\/\/www.zerdab.com\/?p=29822#breadcrumb"},"inLanguage":"az","potentialAction":[{"@type":"ReadAction","target":["https:\/\/www.zerdab.com\/?p=29822"]}]},{"@type":"ImageObject","inLanguage":"az","@id":"https:\/\/www.zerdab.com\/?p=29822#primaryimage","url":"https:\/\/www.zerdab.com\/wp-content\/uploads\/2019\/05\/zerdab-melikmudlu-xancoban-mahali.jpg","contentUrl":"https:\/\/www.zerdab.com\/wp-content\/uploads\/2019\/05\/zerdab-melikmudlu-xancoban-mahali.jpg","width":1024,"height":768,"caption":"zerdab-melikmudlu-xancoban-mahali"},{"@type":"BreadcrumbList","@id":"https:\/\/www.zerdab.com\/?p=29822#breadcrumb","itemListElement":[{"@type":"ListItem","position":1,"name":"Home","item":"https:\/\/www.zerdab.com\/"},{"@type":"ListItem","position":2,"name":"1998-ci ild\u0259 Z\u0259rdab\u0131n inzibati \u0259razi b\u00f6lg\u00fcs\u00fcnd\u0259 hans\u0131 d\u0259yi\u015fiklikl\u0259r edilmi\u015fdi? \u2013 Maraql\u0131 faktlar"}]},{"@type":"WebSite","@id":"https:\/\/www.zerdab.com\/#website","url":"https:\/\/www.zerdab.com\/","name":"Z\u0259rdab.com","description":"","potentialAction":[{"@type":"SearchAction","target":{"@type":"EntryPoint","urlTemplate":"https:\/\/www.zerdab.com\/?s={search_term_string}"},"query-input":{"@type":"PropertyValueSpecification","valueRequired":true,"valueName":"search_term_string"}}],"inLanguage":"az"},{"@type":"Person","@id":"https:\/\/www.zerdab.com\/#\/schema\/person\/97079b7570c1e89ec0d9e138c3672136","name":"admin","image":{"@type":"ImageObject","inLanguage":"az","@id":"https:\/\/www.zerdab.com\/#\/schema\/person\/image\/","url":"https:\/\/secure.gravatar.com\/avatar\/d9c52a9a27c32119cb6679a077fa3e2779e5f822c451cbf01098004361d466ec?s=96&d=mm&r=g","contentUrl":"https:\/\/secure.gravatar.com\/avatar\/d9c52a9a27c32119cb6679a077fa3e2779e5f822c451cbf01098004361d466ec?s=96&d=mm&r=g","caption":"admin"},"url":"https:\/\/www.zerdab.com\/?author=1"}]}},"_links":{"self":[{"href":"https:\/\/www.zerdab.com\/index.php?rest_route=\/wp\/v2\/posts\/29822","targetHints":{"allow":["GET"]}}],"collection":[{"href":"https:\/\/www.zerdab.com\/index.php?rest_route=\/wp\/v2\/posts"}],"about":[{"href":"https:\/\/www.zerdab.com\/index.php?rest_route=\/wp\/v2\/types\/post"}],"author":[{"embeddable":true,"href":"https:\/\/www.zerdab.com\/index.php?rest_route=\/wp\/v2\/users\/1"}],"replies":[{"embeddable":true,"href":"https:\/\/www.zerdab.com\/index.php?rest_route=%2Fwp%2Fv2%2Fcomments&post=29822"}],"version-history":[{"count":1,"href":"https:\/\/www.zerdab.com\/index.php?rest_route=\/wp\/v2\/posts\/29822\/revisions"}],"predecessor-version":[{"id":29823,"href":"https:\/\/www.zerdab.com\/index.php?rest_route=\/wp\/v2\/posts\/29822\/revisions\/29823"}],"wp:featuredmedia":[{"embeddable":true,"href":"https:\/\/www.zerdab.com\/index.php?rest_route=\/wp\/v2\/media\/27125"}],"wp:attachment":[{"href":"https:\/\/www.zerdab.com\/index.php?rest_route=%2Fwp%2Fv2%2Fmedia&parent=29822"}],"wp:term":[{"taxonomy":"category","embeddable":true,"href":"https:\/\/www.zerdab.com\/index.php?rest_route=%2Fwp%2Fv2%2Fcategories&post=29822"},{"taxonomy":"post_tag","embeddable":true,"href":"https:\/\/www.zerdab.com\/index.php?rest_route=%2Fwp%2Fv2%2Ftags&post=29822"}],"curies":[{"name":"wp","href":"https:\/\/api.w.org\/{rel}","templated":true}]}}