{"id":29837,"date":"2023-04-14T19:21:58","date_gmt":"2023-04-14T15:21:58","guid":{"rendered":"https:\/\/www.zerdab.com\/?p=29837"},"modified":"2023-04-14T19:22:25","modified_gmt":"2023-04-14T15:22:25","slug":"z%c9%99rdabda-milli-m%c9%99clis-uzvl%c9%99rinin-politoloqlarin-istiraki-il%c9%99-toplanti-v%c9%99-agac%c9%99km%c9%99-aksiyasi-kecirilib-fotolar","status":"publish","type":"post","link":"https:\/\/www.zerdab.com\/?p=29837","title":{"rendered":"Z\u0259rdabda MM \u00fczvl\u0259rinin, politoloqlar\u0131n i\u015ftirak\u0131 il\u0259 toplant\u0131 v\u0259 a\u011fac\u0259km\u0259 aksiyas\u0131 &#8211; FOTOLAR"},"content":{"rendered":"<div dir=\"auto\">Z\u0259rdab rayonunda \u201cHeyd\u0259r \u018fliyev v\u0259 Az\u0259rbaycanda milli intibah d\u00f6vr\u00fc\u201d, \u201cAz\u0259rbaycan\u0131n d\u00f6vl\u0259t m\u00fcst\u0259qilliyi \u0259b\u0259didir, sars\u0131lmazd\u0131r, d\u00f6nm\u0259zdir!\u201d m\u00f6vzusunda Milli M\u0259clis \u00fczvl\u0259rinin, tan\u0131nm\u0131\u015f politoloqlar\u0131n i\u015ftirak\u0131 il\u0259 toplant\u0131 v\u0259 a\u011fac\u0259km\u0259 aksiyas\u0131 ke\u00e7irilib.<\/div>\n<div dir=\"auto\"><strong>Zerdab.com<\/strong> sayt\u0131na veril\u0259n m\u0259lumata g\u00f6r\u0259, toplant\u0131da Z\u0259rdab Rayon \u0130cra Hakimiyy\u0259tinin ba\u015f\u00e7\u0131s\u0131 M\u0259rdan Camalzad\u0259, mill\u0259t v\u0259kill\u0259ri Jal\u0259 \u018fliyeva, Ayd\u0131n Mirz\u0259zad\u0259, Elnur Allahverdiyev, rayonda f\u0259aliyy\u0259t g\u00f6st\u0259r\u0259n idar\u0259, m\u00fc\u0259ssis\u0259, t\u0259\u015fkilat r\u0259hb\u0259rl\u0259ri v\u0259 ictimaiyy\u0259t n\u00fcmay\u0259nd\u0259l\u0259ri i\u015ftirak edibl\u0259r.<\/div>\n<div dir=\"auto\">T\u0259dbir i\u015ftirak\u00e7\u0131lar\u0131 \u0259vv\u0259lc\u0259 \u00dcmummilli lider Heyd\u0259r \u018fliyevin abid\u0259sini, \u015e\u0259hidl\u0259rin xatir\u0259 park\u0131nda yarad\u0131lm\u0131\u015f kompleksi, H\u0259s\u0259n B\u0259y Z\u0259rdabinin abid\u0259sini ziyar\u0259t edib, \u00f6n\u00fcn\u0259 g\u00fcl d\u0259st\u0259l\u0259ri qoyublar.<\/div>\n<div dir=\"auto\"><img loading=\"lazy\" decoding=\"async\" class=\"alignnone size-full wp-image-29839\" src=\"http:\/\/www.zerdab.com\/wp-content\/uploads\/2023\/04\/zerdab-rayonu-agacekme-zerdab1.jpg\" alt=\"zerdab-rayonu-agacekme-zerdab2.png\" width=\"1024\" height=\"685\" srcset=\"https:\/\/www.zerdab.com\/wp-content\/uploads\/2023\/04\/zerdab-rayonu-agacekme-zerdab1.jpg 1024w, https:\/\/www.zerdab.com\/wp-content\/uploads\/2023\/04\/zerdab-rayonu-agacekme-zerdab1-400x268.jpg 400w, https:\/\/www.zerdab.com\/wp-content\/uploads\/2023\/04\/zerdab-rayonu-agacekme-zerdab1-550x368.jpg 550w, https:\/\/www.zerdab.com\/wp-content\/uploads\/2023\/04\/zerdab-rayonu-agacekme-zerdab1-768x514.jpg 768w, https:\/\/www.zerdab.com\/wp-content\/uploads\/2023\/04\/zerdab-rayonu-agacekme-zerdab1-696x466.jpg 696w, https:\/\/www.zerdab.com\/wp-content\/uploads\/2023\/04\/zerdab-rayonu-agacekme-zerdab1-628x420.jpg 628w\" sizes=\"auto, (max-width: 1024px) 100vw, 1024px\" \/><\/div>\n<div dir=\"auto\">Toplant\u0131da Ulu \u00f6nd\u0259r Heyd\u0259r \u018fliyevin, torpaqlar\u0131m\u0131z\u0131n azadl\u0131\u011f\u0131 u\u011frunda canlar\u0131n\u0131 qurban vermi\u015f q\u0259hr\u0259man V\u0259t\u0259n \u00f6vladlar\u0131n\u0131n \u0259ziz xatir\u0259si bir d\u0259qiq\u0259lik s\u00fckutla yad edilib.<\/div>\n<div dir=\"auto\">T\u0259dbird\u0259 \u00e7\u0131x\u0131\u015f ed\u0259n Rayon \u0130cra Hakimiyy\u0259tinin ba\u015f\u00e7\u0131s\u0131 M\u0259rdan Camalzad\u0259 bildirib ki, Ulu \u00f6nd\u0259r Heyd\u0259r \u018fliyev Az\u0259rbaycana r\u0259hb\u0259rlik etdiyi b\u00fct\u00fcn d\u00f6vrl\u0259rd\u0259 yorulmaz f\u0259aliyy\u0259t g\u00f6st\u0259r\u0259r\u0259k q\u0259lbl\u0259rd\u0259 daimi sevgi, xatir\u0259l\u0259rd\u0259 \u0259b\u0259diya\u015farl\u0131q qazan\u0131b. \u00dcmummilli lider q\u0131sa zaman k\u0259siyind\u0259 \u00f6lk\u0259d\u0259 sabitliyi t\u0259min edib, Az\u0259rbaycan\u0131 inki\u015faf yoluna \u00e7\u0131xar\u0131b. Bu g\u00fcn Az\u0259rbaycan Respublikas\u0131n\u0131n Prezidenti c\u0259nab \u0130lham \u018fliyev \u00dcmummilli liderin siyasi kursunu u\u011furla davam etdirir. Ulu \u00f6nd\u0259r Heyd\u0259r \u018fliyev siyas\u0259tinin m\u00fcv\u0259ff\u0259qiyy\u0259tl\u0259 h\u0259yata ke\u00e7irilm\u0259si m\u00fcst\u0259qilliyimizi m\u00f6hk\u0259ml\u0259ndirir, beyn\u0259lxalq al\u0259md\u0259 Az\u0259rbaycan\u0131n rolunu v\u0259 n\u00fcfuzunu art\u0131r\u0131r.<img loading=\"lazy\" decoding=\"async\" class=\"alignnone size-full wp-image-29840\" src=\"http:\/\/www.zerdab.com\/wp-content\/uploads\/2023\/04\/zerdab-rayonu-agacekme-zerdab2.jpg\" alt=\"\" width=\"1024\" height=\"685\" srcset=\"https:\/\/www.zerdab.com\/wp-content\/uploads\/2023\/04\/zerdab-rayonu-agacekme-zerdab2.jpg 1024w, https:\/\/www.zerdab.com\/wp-content\/uploads\/2023\/04\/zerdab-rayonu-agacekme-zerdab2-400x268.jpg 400w, https:\/\/www.zerdab.com\/wp-content\/uploads\/2023\/04\/zerdab-rayonu-agacekme-zerdab2-550x368.jpg 550w, https:\/\/www.zerdab.com\/wp-content\/uploads\/2023\/04\/zerdab-rayonu-agacekme-zerdab2-768x514.jpg 768w, https:\/\/www.zerdab.com\/wp-content\/uploads\/2023\/04\/zerdab-rayonu-agacekme-zerdab2-696x466.jpg 696w, https:\/\/www.zerdab.com\/wp-content\/uploads\/2023\/04\/zerdab-rayonu-agacekme-zerdab2-628x420.jpg 628w\" sizes=\"auto, (max-width: 1024px) 100vw, 1024px\" \/><\/div>\n<div dir=\"auto\">Mill\u0259t v\u0259kili Jal\u0259 \u018fliyeva \u00e7\u0131x\u0131\u015f\u0131nda qeyd edib ki, b\u00f6y\u00fck \u015f\u0259xsiyy\u0259tl\u0259r ya\u015fay\u0131b yaratd\u0131qlar\u0131, f\u0259aliyy\u0259t g\u00f6st\u0259rdikl\u0259ri zamanlarda siyasi, iqtisadi v\u0259 dig\u0259r prosesl\u0259ri \u00f6z xalqlar\u0131n\u0131n rifah\u0131 namin\u0259 ir\u0259liy\u0259 aparmaqla adlar\u0131n\u0131 \u0259b\u0259di olaraq tarix\u0259 yazd\u0131r\u0131rlar. Az\u0259rbaycan xalq\u0131 h\u0259r zaman m\u00fcasir d\u00f6vl\u0259timizin memar\u0131 v\u0259 qurucusu, xalq\u0131n\u0131n v\u0259 \u00f6lk\u0259sinin m\u00fcst\u0259qilliyi, inki\u015faf\u0131 namin\u0259 b\u00f6y\u00fck v\u0259 \u0259v\u0259zedilm\u0259z i\u015fl\u0259r g\u00f6rm\u00fc\u015f, bununla ba\u011fl\u0131 tarixi prosesl\u0259r\u0259 t\u0259sir g\u00f6st\u0259rmi\u015f dahi \u015f\u0259xsiyy\u0259t Heyd\u0259r \u018fliyevi q\u00fcrur hissi il\u0259 xat\u0131rlay\u0131r.<\/div>\n<div dir=\"auto\">\u00c7\u0131x\u0131\u015f ed\u0259n dig\u0259r qonaqlar Ulu \u00d6nd\u0259r Heyd\u0259r \u018fliyevin xalq\u0131m\u0131z qar\u015f\u0131s\u0131nda misilsiz xidm\u0259tl\u0259rind\u0259n b\u0259hs edibl\u0259r.<\/div>\n<div dir=\"auto\"><img loading=\"lazy\" decoding=\"async\" class=\"alignnone size-full wp-image-29841\" src=\"http:\/\/www.zerdab.com\/wp-content\/uploads\/2023\/04\/zerdab-rayonu-agacekme-zerdab-elnur-allahverdiyev-zerdab-rayonu3.jpg\" alt=\"zerdab-rayonu-agacekme-zerdab-elnur-allahverdiyev-zerdab-rayonu3.png\" width=\"960\" height=\"718\" srcset=\"https:\/\/www.zerdab.com\/wp-content\/uploads\/2023\/04\/zerdab-rayonu-agacekme-zerdab-elnur-allahverdiyev-zerdab-rayonu3.jpg 960w, https:\/\/www.zerdab.com\/wp-content\/uploads\/2023\/04\/zerdab-rayonu-agacekme-zerdab-elnur-allahverdiyev-zerdab-rayonu3-400x299.jpg 400w, https:\/\/www.zerdab.com\/wp-content\/uploads\/2023\/04\/zerdab-rayonu-agacekme-zerdab-elnur-allahverdiyev-zerdab-rayonu3-550x411.jpg 550w, https:\/\/www.zerdab.com\/wp-content\/uploads\/2023\/04\/zerdab-rayonu-agacekme-zerdab-elnur-allahverdiyev-zerdab-rayonu3-768x574.jpg 768w, https:\/\/www.zerdab.com\/wp-content\/uploads\/2023\/04\/zerdab-rayonu-agacekme-zerdab-elnur-allahverdiyev-zerdab-rayonu3-80x60.jpg 80w, https:\/\/www.zerdab.com\/wp-content\/uploads\/2023\/04\/zerdab-rayonu-agacekme-zerdab-elnur-allahverdiyev-zerdab-rayonu3-265x198.jpg 265w, https:\/\/www.zerdab.com\/wp-content\/uploads\/2023\/04\/zerdab-rayonu-agacekme-zerdab-elnur-allahverdiyev-zerdab-rayonu3-696x521.jpg 696w, https:\/\/www.zerdab.com\/wp-content\/uploads\/2023\/04\/zerdab-rayonu-agacekme-zerdab-elnur-allahverdiyev-zerdab-rayonu3-562x420.jpg 562w\" sizes=\"auto, (max-width: 960px) 100vw, 960px\" \/><\/div>\n<div dir=\"auto\">Z\u0259rdab Rayon \u0130cra Hakimiyy\u0259tinin t\u0259\u015fkilat\u00e7\u0131l\u0131\u011f\u0131 il\u0259 Heyd\u0259r \u018fliyev prospektind\u0259 \u00dcmummilli liderin anadan olmas\u0131n\u0131n 100 illiyin\u0259 h\u0259sr olunmu\u015f a\u011fac\u0259km\u0259 aksiyas\u0131 ke\u00e7irilib, 150 \u0259d\u0259d \u015fam a\u011fac\u0131 \u0259kilib. Bundan ba\u015fqa prospekt boyunca 200 \u0259d\u0259d m\u00fcxt\u0259lif n\u00f6v dekorativ g\u00fcl kollar\u0131 \u0259kilib, yeni qazon \u00f6rt\u00fcy\u00fc sal\u0131n\u0131b.<\/div>\n<div dir=\"auto\"><strong>Zerdab.com<\/strong><\/div>\n<div dir=\"auto\"><img loading=\"lazy\" decoding=\"async\" class=\"alignnone size-full wp-image-29842\" src=\"http:\/\/www.zerdab.com\/wp-content\/uploads\/2023\/04\/zerdab-rayonu-agacekme-zerdab-elnur-allahverdiyev-zerdab-rayonu4.jpg\" alt=\"zerdab-rayonu-agacekme-zerdab-elnur-allahverdiyev-zerdab-rayonu4.png\" width=\"1024\" height=\"685\" srcset=\"https:\/\/www.zerdab.com\/wp-content\/uploads\/2023\/04\/zerdab-rayonu-agacekme-zerdab-elnur-allahverdiyev-zerdab-rayonu4.jpg 1024w, https:\/\/www.zerdab.com\/wp-content\/uploads\/2023\/04\/zerdab-rayonu-agacekme-zerdab-elnur-allahverdiyev-zerdab-rayonu4-400x268.jpg 400w, https:\/\/www.zerdab.com\/wp-content\/uploads\/2023\/04\/zerdab-rayonu-agacekme-zerdab-elnur-allahverdiyev-zerdab-rayonu4-550x368.jpg 550w, https:\/\/www.zerdab.com\/wp-content\/uploads\/2023\/04\/zerdab-rayonu-agacekme-zerdab-elnur-allahverdiyev-zerdab-rayonu4-768x514.jpg 768w, https:\/\/www.zerdab.com\/wp-content\/uploads\/2023\/04\/zerdab-rayonu-agacekme-zerdab-elnur-allahverdiyev-zerdab-rayonu4-696x466.jpg 696w, https:\/\/www.zerdab.com\/wp-content\/uploads\/2023\/04\/zerdab-rayonu-agacekme-zerdab-elnur-allahverdiyev-zerdab-rayonu4-628x420.jpg 628w\" sizes=\"auto, (max-width: 1024px) 100vw, 1024px\" \/><img loading=\"lazy\" decoding=\"async\" class=\"alignnone size-full wp-image-29844\" src=\"http:\/\/www.zerdab.com\/wp-content\/uploads\/2023\/04\/zerdab-rayonu-agacekme-zerdab-elnur-allahverdiyev-zerdab-rayonu6.jpg\" alt=\"zerdab-rayonu-agacekme-zerdab-elnur-allahverdiyev-zerdab-rayonu6.png\" width=\"1024\" height=\"685\" srcset=\"https:\/\/www.zerdab.com\/wp-content\/uploads\/2023\/04\/zerdab-rayonu-agacekme-zerdab-elnur-allahverdiyev-zerdab-rayonu6.jpg 1024w, https:\/\/www.zerdab.com\/wp-content\/uploads\/2023\/04\/zerdab-rayonu-agacekme-zerdab-elnur-allahverdiyev-zerdab-rayonu6-400x268.jpg 400w, https:\/\/www.zerdab.com\/wp-content\/uploads\/2023\/04\/zerdab-rayonu-agacekme-zerdab-elnur-allahverdiyev-zerdab-rayonu6-550x368.jpg 550w, https:\/\/www.zerdab.com\/wp-content\/uploads\/2023\/04\/zerdab-rayonu-agacekme-zerdab-elnur-allahverdiyev-zerdab-rayonu6-768x514.jpg 768w, https:\/\/www.zerdab.com\/wp-content\/uploads\/2023\/04\/zerdab-rayonu-agacekme-zerdab-elnur-allahverdiyev-zerdab-rayonu6-696x466.jpg 696w, https:\/\/www.zerdab.com\/wp-content\/uploads\/2023\/04\/zerdab-rayonu-agacekme-zerdab-elnur-allahverdiyev-zerdab-rayonu6-628x420.jpg 628w\" sizes=\"auto, (max-width: 1024px) 100vw, 1024px\" \/><img loading=\"lazy\" decoding=\"async\" class=\"alignnone size-full wp-image-29843\" src=\"http:\/\/www.zerdab.com\/wp-content\/uploads\/2023\/04\/zerdab-rayonu-agacekme-zerdab-elnur-allahverdiyev-zerdab-rayonu5.jpg\" alt=\"zerdab-rayonu-agacekme-zerdab-elnur-allahverdiyev-zerdab-rayonu5.png\" width=\"1024\" height=\"685\" srcset=\"https:\/\/www.zerdab.com\/wp-content\/uploads\/2023\/04\/zerdab-rayonu-agacekme-zerdab-elnur-allahverdiyev-zerdab-rayonu5.jpg 1024w, https:\/\/www.zerdab.com\/wp-content\/uploads\/2023\/04\/zerdab-rayonu-agacekme-zerdab-elnur-allahverdiyev-zerdab-rayonu5-400x268.jpg 400w, https:\/\/www.zerdab.com\/wp-content\/uploads\/2023\/04\/zerdab-rayonu-agacekme-zerdab-elnur-allahverdiyev-zerdab-rayonu5-550x368.jpg 550w, https:\/\/www.zerdab.com\/wp-content\/uploads\/2023\/04\/zerdab-rayonu-agacekme-zerdab-elnur-allahverdiyev-zerdab-rayonu5-768x514.jpg 768w, https:\/\/www.zerdab.com\/wp-content\/uploads\/2023\/04\/zerdab-rayonu-agacekme-zerdab-elnur-allahverdiyev-zerdab-rayonu5-696x466.jpg 696w, https:\/\/www.zerdab.com\/wp-content\/uploads\/2023\/04\/zerdab-rayonu-agacekme-zerdab-elnur-allahverdiyev-zerdab-rayonu5-628x420.jpg 628w\" sizes=\"auto, (max-width: 1024px) 100vw, 1024px\" \/><img loading=\"lazy\" decoding=\"async\" class=\"alignnone size-full wp-image-29845\" src=\"http:\/\/www.zerdab.com\/wp-content\/uploads\/2023\/04\/zerdab-rayonu-agacekme-zerdab-elnur-allahverdiyev-zerdab-rayonu7.jpg\" alt=\"zerdab-rayonu-agacekme-zerdab-elnur-allahverdiyev-zerdab-rayonu7.png\" width=\"1024\" height=\"685\" srcset=\"https:\/\/www.zerdab.com\/wp-content\/uploads\/2023\/04\/zerdab-rayonu-agacekme-zerdab-elnur-allahverdiyev-zerdab-rayonu7.jpg 1024w, https:\/\/www.zerdab.com\/wp-content\/uploads\/2023\/04\/zerdab-rayonu-agacekme-zerdab-elnur-allahverdiyev-zerdab-rayonu7-400x268.jpg 400w, https:\/\/www.zerdab.com\/wp-content\/uploads\/2023\/04\/zerdab-rayonu-agacekme-zerdab-elnur-allahverdiyev-zerdab-rayonu7-550x368.jpg 550w, https:\/\/www.zerdab.com\/wp-content\/uploads\/2023\/04\/zerdab-rayonu-agacekme-zerdab-elnur-allahverdiyev-zerdab-rayonu7-768x514.jpg 768w, https:\/\/www.zerdab.com\/wp-content\/uploads\/2023\/04\/zerdab-rayonu-agacekme-zerdab-elnur-allahverdiyev-zerdab-rayonu7-696x466.jpg 696w, https:\/\/www.zerdab.com\/wp-content\/uploads\/2023\/04\/zerdab-rayonu-agacekme-zerdab-elnur-allahverdiyev-zerdab-rayonu7-628x420.jpg 628w\" sizes=\"auto, (max-width: 1024px) 100vw, 1024px\" \/><img loading=\"lazy\" decoding=\"async\" class=\"alignnone size-full wp-image-29846\" src=\"http:\/\/www.zerdab.com\/wp-content\/uploads\/2023\/04\/zerdab-rayonu-agacekme-zerdab-elnur-allahverdiyev-zerdab-rayonu8.jpg\" alt=\"zerdab-rayonu-agacekme-zerdab-elnur-allahverdiyev-zerdab-rayonu8.png\" width=\"1024\" height=\"685\" srcset=\"https:\/\/www.zerdab.com\/wp-content\/uploads\/2023\/04\/zerdab-rayonu-agacekme-zerdab-elnur-allahverdiyev-zerdab-rayonu8.jpg 1024w, https:\/\/www.zerdab.com\/wp-content\/uploads\/2023\/04\/zerdab-rayonu-agacekme-zerdab-elnur-allahverdiyev-zerdab-rayonu8-400x268.jpg 400w, https:\/\/www.zerdab.com\/wp-content\/uploads\/2023\/04\/zerdab-rayonu-agacekme-zerdab-elnur-allahverdiyev-zerdab-rayonu8-550x368.jpg 550w, https:\/\/www.zerdab.com\/wp-content\/uploads\/2023\/04\/zerdab-rayonu-agacekme-zerdab-elnur-allahverdiyev-zerdab-rayonu8-768x514.jpg 768w, https:\/\/www.zerdab.com\/wp-content\/uploads\/2023\/04\/zerdab-rayonu-agacekme-zerdab-elnur-allahverdiyev-zerdab-rayonu8-696x466.jpg 696w, https:\/\/www.zerdab.com\/wp-content\/uploads\/2023\/04\/zerdab-rayonu-agacekme-zerdab-elnur-allahverdiyev-zerdab-rayonu8-628x420.jpg 628w\" sizes=\"auto, (max-width: 1024px) 100vw, 1024px\" \/><\/div>\n","protected":false},"excerpt":{"rendered":"<p>Z\u0259rdab rayonunda \u201cHeyd\u0259r \u018fliyev v\u0259 Az\u0259rbaycanda milli intibah d\u00f6vr\u00fc\u201d, \u201cAz\u0259rbaycan\u0131n d\u00f6vl\u0259t m\u00fcst\u0259qilliyi \u0259b\u0259didir, sars\u0131lmazd\u0131r, d\u00f6nm\u0259zdir!\u201d m\u00f6vzusunda Milli M\u0259clis \u00fczvl\u0259rinin, tan\u0131nm\u0131\u015f politoloqlar\u0131n i\u015ftirak\u0131 il\u0259 toplant\u0131 v\u0259 a\u011fac\u0259km\u0259 aksiyas\u0131 ke\u00e7irilib. Zerdab.com sayt\u0131na veril\u0259n m\u0259lumata g\u00f6r\u0259, toplant\u0131da Z\u0259rdab Rayon \u0130cra Hakimiyy\u0259tinin ba\u015f\u00e7\u0131s\u0131 M\u0259rdan Camalzad\u0259, mill\u0259t v\u0259kill\u0259ri Jal\u0259 \u018fliyeva, Ayd\u0131n Mirz\u0259zad\u0259, Elnur Allahverdiyev, rayonda f\u0259aliyy\u0259t g\u00f6st\u0259r\u0259n idar\u0259, m\u00fc\u0259ssis\u0259, t\u0259\u015fkilat [&hellip;]<\/p>\n","protected":false},"author":1,"featured_media":29838,"comment_status":"closed","ping_status":"closed","sticky":false,"template":"","format":"standard","meta":{"footnotes":""},"categories":[63,5],"tags":[],"class_list":{"0":"post-29837","1":"post","2":"type-post","3":"status-publish","4":"format-standard","5":"has-post-thumbnail","7":"category-manset","8":"category-knd"},"yoast_head":"<!-- This site is optimized with the Yoast SEO plugin v27.0 - https:\/\/yoast.com\/product\/yoast-seo-wordpress\/ -->\n<title>Z\u0259rdabda MM \u00fczvl\u0259rinin, politoloqlar\u0131n i\u015ftirak\u0131 il\u0259 toplant\u0131 v\u0259 a\u011fac\u0259km\u0259 aksiyas\u0131 - FOTOLAR - Z\u0259rdab.com<\/title>\n<meta name=\"robots\" content=\"index, follow, max-snippet:-1, max-image-preview:large, max-video-preview:-1\" \/>\n<link rel=\"canonical\" href=\"https:\/\/www.zerdab.com\/?p=29837\" \/>\n<meta property=\"og:locale\" content=\"az_AZ\" \/>\n<meta property=\"og:type\" content=\"article\" \/>\n<meta property=\"og:title\" content=\"Z\u0259rdabda MM \u00fczvl\u0259rinin, politoloqlar\u0131n i\u015ftirak\u0131 il\u0259 toplant\u0131 v\u0259 a\u011fac\u0259km\u0259 aksiyas\u0131 - FOTOLAR - Z\u0259rdab.com\" \/>\n<meta property=\"og:description\" content=\"Z\u0259rdab rayonunda \u201cHeyd\u0259r \u018fliyev v\u0259 Az\u0259rbaycanda milli intibah d\u00f6vr\u00fc\u201d, \u201cAz\u0259rbaycan\u0131n d\u00f6vl\u0259t m\u00fcst\u0259qilliyi \u0259b\u0259didir, sars\u0131lmazd\u0131r, d\u00f6nm\u0259zdir!\u201d m\u00f6vzusunda Milli M\u0259clis \u00fczvl\u0259rinin, tan\u0131nm\u0131\u015f politoloqlar\u0131n i\u015ftirak\u0131 il\u0259 toplant\u0131 v\u0259 a\u011fac\u0259km\u0259 aksiyas\u0131 ke\u00e7irilib. Zerdab.com sayt\u0131na veril\u0259n m\u0259lumata g\u00f6r\u0259, toplant\u0131da Z\u0259rdab Rayon \u0130cra Hakimiyy\u0259tinin ba\u015f\u00e7\u0131s\u0131 M\u0259rdan Camalzad\u0259, mill\u0259t v\u0259kill\u0259ri Jal\u0259 \u018fliyeva, Ayd\u0131n Mirz\u0259zad\u0259, Elnur Allahverdiyev, rayonda f\u0259aliyy\u0259t g\u00f6st\u0259r\u0259n idar\u0259, m\u00fc\u0259ssis\u0259, t\u0259\u015fkilat [&hellip;]\" \/>\n<meta property=\"og:url\" content=\"https:\/\/www.zerdab.com\/?p=29837\" \/>\n<meta property=\"og:site_name\" content=\"Z\u0259rdab.com\" \/>\n<meta property=\"article:published_time\" content=\"2023-04-14T15:21:58+00:00\" \/>\n<meta property=\"article:modified_time\" content=\"2023-04-14T15:22:25+00:00\" \/>\n<meta property=\"og:image\" content=\"https:\/\/www.zerdab.com\/wp-content\/uploads\/2023\/04\/zerdab-rayonu-agacekme-zerdab.jpg\" \/>\n\t<meta property=\"og:image:width\" content=\"1024\" \/>\n\t<meta property=\"og:image:height\" content=\"685\" \/>\n\t<meta property=\"og:image:type\" content=\"image\/jpeg\" \/>\n<meta name=\"author\" content=\"admin\" \/>\n<meta name=\"twitter:card\" content=\"summary_large_image\" \/>\n<meta name=\"twitter:label1\" content=\"Written by\" \/>\n\t<meta name=\"twitter:data1\" content=\"admin\" \/>\n\t<meta name=\"twitter:label2\" content=\"Est. reading time\" \/>\n\t<meta name=\"twitter:data2\" content=\"3 minutes\" \/>\n<script type=\"application\/ld+json\" class=\"yoast-schema-graph\">{\"@context\":\"https:\/\/schema.org\",\"@graph\":[{\"@type\":\"Article\",\"@id\":\"https:\/\/www.zerdab.com\/?p=29837#article\",\"isPartOf\":{\"@id\":\"https:\/\/www.zerdab.com\/?p=29837\"},\"author\":{\"name\":\"admin\",\"@id\":\"https:\/\/www.zerdab.com\/#\/schema\/person\/97079b7570c1e89ec0d9e138c3672136\"},\"headline\":\"Z\u0259rdabda MM \u00fczvl\u0259rinin, politoloqlar\u0131n i\u015ftirak\u0131 il\u0259 toplant\u0131 v\u0259 a\u011fac\u0259km\u0259 aksiyas\u0131 &#8211; FOTOLAR\",\"datePublished\":\"2023-04-14T15:21:58+00:00\",\"dateModified\":\"2023-04-14T15:22:25+00:00\",\"mainEntityOfPage\":{\"@id\":\"https:\/\/www.zerdab.com\/?p=29837\"},\"wordCount\":560,\"image\":{\"@id\":\"https:\/\/www.zerdab.com\/?p=29837#primaryimage\"},\"thumbnailUrl\":\"https:\/\/www.zerdab.com\/wp-content\/uploads\/2023\/04\/zerdab-rayonu-agacekme-zerdab.jpg\",\"articleSection\":[\"MAN\u015eET\",\"X\u018fB\u018fRL\u018fR\"],\"inLanguage\":\"az\"},{\"@type\":\"WebPage\",\"@id\":\"https:\/\/www.zerdab.com\/?p=29837\",\"url\":\"https:\/\/www.zerdab.com\/?p=29837\",\"name\":\"Z\u0259rdabda MM \u00fczvl\u0259rinin, politoloqlar\u0131n i\u015ftirak\u0131 il\u0259 toplant\u0131 v\u0259 a\u011fac\u0259km\u0259 aksiyas\u0131 - FOTOLAR - Z\u0259rdab.com\",\"isPartOf\":{\"@id\":\"https:\/\/www.zerdab.com\/#website\"},\"primaryImageOfPage\":{\"@id\":\"https:\/\/www.zerdab.com\/?p=29837#primaryimage\"},\"image\":{\"@id\":\"https:\/\/www.zerdab.com\/?p=29837#primaryimage\"},\"thumbnailUrl\":\"https:\/\/www.zerdab.com\/wp-content\/uploads\/2023\/04\/zerdab-rayonu-agacekme-zerdab.jpg\",\"datePublished\":\"2023-04-14T15:21:58+00:00\",\"dateModified\":\"2023-04-14T15:22:25+00:00\",\"author\":{\"@id\":\"https:\/\/www.zerdab.com\/#\/schema\/person\/97079b7570c1e89ec0d9e138c3672136\"},\"breadcrumb\":{\"@id\":\"https:\/\/www.zerdab.com\/?p=29837#breadcrumb\"},\"inLanguage\":\"az\",\"potentialAction\":[{\"@type\":\"ReadAction\",\"target\":[\"https:\/\/www.zerdab.com\/?p=29837\"]}]},{\"@type\":\"ImageObject\",\"inLanguage\":\"az\",\"@id\":\"https:\/\/www.zerdab.com\/?p=29837#primaryimage\",\"url\":\"https:\/\/www.zerdab.com\/wp-content\/uploads\/2023\/04\/zerdab-rayonu-agacekme-zerdab.jpg\",\"contentUrl\":\"https:\/\/www.zerdab.com\/wp-content\/uploads\/2023\/04\/zerdab-rayonu-agacekme-zerdab.jpg\",\"width\":1024,\"height\":685,\"caption\":\"zerdab-rayonu-agacekme-zerdab.png\"},{\"@type\":\"BreadcrumbList\",\"@id\":\"https:\/\/www.zerdab.com\/?p=29837#breadcrumb\",\"itemListElement\":[{\"@type\":\"ListItem\",\"position\":1,\"name\":\"Home\",\"item\":\"https:\/\/www.zerdab.com\/\"},{\"@type\":\"ListItem\",\"position\":2,\"name\":\"Z\u0259rdabda MM \u00fczvl\u0259rinin, politoloqlar\u0131n i\u015ftirak\u0131 il\u0259 toplant\u0131 v\u0259 a\u011fac\u0259km\u0259 aksiyas\u0131 &#8211; FOTOLAR\"}]},{\"@type\":\"WebSite\",\"@id\":\"https:\/\/www.zerdab.com\/#website\",\"url\":\"https:\/\/www.zerdab.com\/\",\"name\":\"Z\u0259rdab.com\",\"description\":\"\",\"potentialAction\":[{\"@type\":\"SearchAction\",\"target\":{\"@type\":\"EntryPoint\",\"urlTemplate\":\"https:\/\/www.zerdab.com\/?s={search_term_string}\"},\"query-input\":{\"@type\":\"PropertyValueSpecification\",\"valueRequired\":true,\"valueName\":\"search_term_string\"}}],\"inLanguage\":\"az\"},{\"@type\":\"Person\",\"@id\":\"https:\/\/www.zerdab.com\/#\/schema\/person\/97079b7570c1e89ec0d9e138c3672136\",\"name\":\"admin\",\"image\":{\"@type\":\"ImageObject\",\"inLanguage\":\"az\",\"@id\":\"https:\/\/www.zerdab.com\/#\/schema\/person\/image\/\",\"url\":\"https:\/\/secure.gravatar.com\/avatar\/d9c52a9a27c32119cb6679a077fa3e2779e5f822c451cbf01098004361d466ec?s=96&d=mm&r=g\",\"contentUrl\":\"https:\/\/secure.gravatar.com\/avatar\/d9c52a9a27c32119cb6679a077fa3e2779e5f822c451cbf01098004361d466ec?s=96&d=mm&r=g\",\"caption\":\"admin\"},\"url\":\"https:\/\/www.zerdab.com\/?author=1\"}]}<\/script>\n<!-- \/ Yoast SEO plugin. -->","yoast_head_json":{"title":"Z\u0259rdabda MM \u00fczvl\u0259rinin, politoloqlar\u0131n i\u015ftirak\u0131 il\u0259 toplant\u0131 v\u0259 a\u011fac\u0259km\u0259 aksiyas\u0131 - FOTOLAR - Z\u0259rdab.com","robots":{"index":"index","follow":"follow","max-snippet":"max-snippet:-1","max-image-preview":"max-image-preview:large","max-video-preview":"max-video-preview:-1"},"canonical":"https:\/\/www.zerdab.com\/?p=29837","og_locale":"az_AZ","og_type":"article","og_title":"Z\u0259rdabda MM \u00fczvl\u0259rinin, politoloqlar\u0131n i\u015ftirak\u0131 il\u0259 toplant\u0131 v\u0259 a\u011fac\u0259km\u0259 aksiyas\u0131 - FOTOLAR - Z\u0259rdab.com","og_description":"Z\u0259rdab rayonunda \u201cHeyd\u0259r \u018fliyev v\u0259 Az\u0259rbaycanda milli intibah d\u00f6vr\u00fc\u201d, \u201cAz\u0259rbaycan\u0131n d\u00f6vl\u0259t m\u00fcst\u0259qilliyi \u0259b\u0259didir, sars\u0131lmazd\u0131r, d\u00f6nm\u0259zdir!\u201d m\u00f6vzusunda Milli M\u0259clis \u00fczvl\u0259rinin, tan\u0131nm\u0131\u015f politoloqlar\u0131n i\u015ftirak\u0131 il\u0259 toplant\u0131 v\u0259 a\u011fac\u0259km\u0259 aksiyas\u0131 ke\u00e7irilib. Zerdab.com sayt\u0131na veril\u0259n m\u0259lumata g\u00f6r\u0259, toplant\u0131da Z\u0259rdab Rayon \u0130cra Hakimiyy\u0259tinin ba\u015f\u00e7\u0131s\u0131 M\u0259rdan Camalzad\u0259, mill\u0259t v\u0259kill\u0259ri Jal\u0259 \u018fliyeva, Ayd\u0131n Mirz\u0259zad\u0259, Elnur Allahverdiyev, rayonda f\u0259aliyy\u0259t g\u00f6st\u0259r\u0259n idar\u0259, m\u00fc\u0259ssis\u0259, t\u0259\u015fkilat [&hellip;]","og_url":"https:\/\/www.zerdab.com\/?p=29837","og_site_name":"Z\u0259rdab.com","article_published_time":"2023-04-14T15:21:58+00:00","article_modified_time":"2023-04-14T15:22:25+00:00","og_image":[{"width":1024,"height":685,"url":"https:\/\/www.zerdab.com\/wp-content\/uploads\/2023\/04\/zerdab-rayonu-agacekme-zerdab.jpg","type":"image\/jpeg"}],"author":"admin","twitter_card":"summary_large_image","twitter_misc":{"Written by":"admin","Est. reading time":"3 minutes"},"schema":{"@context":"https:\/\/schema.org","@graph":[{"@type":"Article","@id":"https:\/\/www.zerdab.com\/?p=29837#article","isPartOf":{"@id":"https:\/\/www.zerdab.com\/?p=29837"},"author":{"name":"admin","@id":"https:\/\/www.zerdab.com\/#\/schema\/person\/97079b7570c1e89ec0d9e138c3672136"},"headline":"Z\u0259rdabda MM \u00fczvl\u0259rinin, politoloqlar\u0131n i\u015ftirak\u0131 il\u0259 toplant\u0131 v\u0259 a\u011fac\u0259km\u0259 aksiyas\u0131 &#8211; FOTOLAR","datePublished":"2023-04-14T15:21:58+00:00","dateModified":"2023-04-14T15:22:25+00:00","mainEntityOfPage":{"@id":"https:\/\/www.zerdab.com\/?p=29837"},"wordCount":560,"image":{"@id":"https:\/\/www.zerdab.com\/?p=29837#primaryimage"},"thumbnailUrl":"https:\/\/www.zerdab.com\/wp-content\/uploads\/2023\/04\/zerdab-rayonu-agacekme-zerdab.jpg","articleSection":["MAN\u015eET","X\u018fB\u018fRL\u018fR"],"inLanguage":"az"},{"@type":"WebPage","@id":"https:\/\/www.zerdab.com\/?p=29837","url":"https:\/\/www.zerdab.com\/?p=29837","name":"Z\u0259rdabda MM \u00fczvl\u0259rinin, politoloqlar\u0131n i\u015ftirak\u0131 il\u0259 toplant\u0131 v\u0259 a\u011fac\u0259km\u0259 aksiyas\u0131 - FOTOLAR - Z\u0259rdab.com","isPartOf":{"@id":"https:\/\/www.zerdab.com\/#website"},"primaryImageOfPage":{"@id":"https:\/\/www.zerdab.com\/?p=29837#primaryimage"},"image":{"@id":"https:\/\/www.zerdab.com\/?p=29837#primaryimage"},"thumbnailUrl":"https:\/\/www.zerdab.com\/wp-content\/uploads\/2023\/04\/zerdab-rayonu-agacekme-zerdab.jpg","datePublished":"2023-04-14T15:21:58+00:00","dateModified":"2023-04-14T15:22:25+00:00","author":{"@id":"https:\/\/www.zerdab.com\/#\/schema\/person\/97079b7570c1e89ec0d9e138c3672136"},"breadcrumb":{"@id":"https:\/\/www.zerdab.com\/?p=29837#breadcrumb"},"inLanguage":"az","potentialAction":[{"@type":"ReadAction","target":["https:\/\/www.zerdab.com\/?p=29837"]}]},{"@type":"ImageObject","inLanguage":"az","@id":"https:\/\/www.zerdab.com\/?p=29837#primaryimage","url":"https:\/\/www.zerdab.com\/wp-content\/uploads\/2023\/04\/zerdab-rayonu-agacekme-zerdab.jpg","contentUrl":"https:\/\/www.zerdab.com\/wp-content\/uploads\/2023\/04\/zerdab-rayonu-agacekme-zerdab.jpg","width":1024,"height":685,"caption":"zerdab-rayonu-agacekme-zerdab.png"},{"@type":"BreadcrumbList","@id":"https:\/\/www.zerdab.com\/?p=29837#breadcrumb","itemListElement":[{"@type":"ListItem","position":1,"name":"Home","item":"https:\/\/www.zerdab.com\/"},{"@type":"ListItem","position":2,"name":"Z\u0259rdabda MM \u00fczvl\u0259rinin, politoloqlar\u0131n i\u015ftirak\u0131 il\u0259 toplant\u0131 v\u0259 a\u011fac\u0259km\u0259 aksiyas\u0131 &#8211; FOTOLAR"}]},{"@type":"WebSite","@id":"https:\/\/www.zerdab.com\/#website","url":"https:\/\/www.zerdab.com\/","name":"Z\u0259rdab.com","description":"","potentialAction":[{"@type":"SearchAction","target":{"@type":"EntryPoint","urlTemplate":"https:\/\/www.zerdab.com\/?s={search_term_string}"},"query-input":{"@type":"PropertyValueSpecification","valueRequired":true,"valueName":"search_term_string"}}],"inLanguage":"az"},{"@type":"Person","@id":"https:\/\/www.zerdab.com\/#\/schema\/person\/97079b7570c1e89ec0d9e138c3672136","name":"admin","image":{"@type":"ImageObject","inLanguage":"az","@id":"https:\/\/www.zerdab.com\/#\/schema\/person\/image\/","url":"https:\/\/secure.gravatar.com\/avatar\/d9c52a9a27c32119cb6679a077fa3e2779e5f822c451cbf01098004361d466ec?s=96&d=mm&r=g","contentUrl":"https:\/\/secure.gravatar.com\/avatar\/d9c52a9a27c32119cb6679a077fa3e2779e5f822c451cbf01098004361d466ec?s=96&d=mm&r=g","caption":"admin"},"url":"https:\/\/www.zerdab.com\/?author=1"}]}},"_links":{"self":[{"href":"https:\/\/www.zerdab.com\/index.php?rest_route=\/wp\/v2\/posts\/29837","targetHints":{"allow":["GET"]}}],"collection":[{"href":"https:\/\/www.zerdab.com\/index.php?rest_route=\/wp\/v2\/posts"}],"about":[{"href":"https:\/\/www.zerdab.com\/index.php?rest_route=\/wp\/v2\/types\/post"}],"author":[{"embeddable":true,"href":"https:\/\/www.zerdab.com\/index.php?rest_route=\/wp\/v2\/users\/1"}],"replies":[{"embeddable":true,"href":"https:\/\/www.zerdab.com\/index.php?rest_route=%2Fwp%2Fv2%2Fcomments&post=29837"}],"version-history":[{"count":2,"href":"https:\/\/www.zerdab.com\/index.php?rest_route=\/wp\/v2\/posts\/29837\/revisions"}],"predecessor-version":[{"id":29848,"href":"https:\/\/www.zerdab.com\/index.php?rest_route=\/wp\/v2\/posts\/29837\/revisions\/29848"}],"wp:featuredmedia":[{"embeddable":true,"href":"https:\/\/www.zerdab.com\/index.php?rest_route=\/wp\/v2\/media\/29838"}],"wp:attachment":[{"href":"https:\/\/www.zerdab.com\/index.php?rest_route=%2Fwp%2Fv2%2Fmedia&parent=29837"}],"wp:term":[{"taxonomy":"category","embeddable":true,"href":"https:\/\/www.zerdab.com\/index.php?rest_route=%2Fwp%2Fv2%2Fcategories&post=29837"},{"taxonomy":"post_tag","embeddable":true,"href":"https:\/\/www.zerdab.com\/index.php?rest_route=%2Fwp%2Fv2%2Ftags&post=29837"}],"curies":[{"name":"wp","href":"https:\/\/api.w.org\/{rel}","templated":true}]}}