{"id":29849,"date":"2023-04-17T15:05:56","date_gmt":"2023-04-17T11:05:56","guid":{"rendered":"https:\/\/www.zerdab.com\/?p=29849"},"modified":"2023-04-17T15:05:56","modified_gmt":"2023-04-17T11:05:56","slug":"z%c9%99rdab-sakininin-1992-ci-ild%c9%99-k%c9%99lb%c9%99c%c9%99rd%c9%99-kahada-yazdigi-yazi-video","status":"publish","type":"post","link":"https:\/\/www.zerdab.com\/?p=29849","title":{"rendered":"Z\u0259rdab sakininin 1992-ci ild\u0259 K\u0259lb\u0259c\u0259rd\u0259 kahada yazd\u0131\u011f\u0131 yaz\u0131 &#8211; V\u0130DEO"},"content":{"rendered":"<div class=\"\" data-block=\"true\" data-editor=\"ce5fa\" data-offset-key=\"cj037-0-0\">\n<div class=\"_1mf _1mj\" data-offset-key=\"cj037-0-0\">\n<p>Ba\u015fl\u0131bel faci\u0259sinin n\u00f6vb\u0259ti ild\u00f6n\u00fcm\u00fcd\u00fcr.<\/p>\n<p><strong>Zerdab.com<\/strong> sayt\u0131 x\u0259b\u0259r verir ki, bu foto is\u0259 K\u0259lb\u0259c\u0259r i\u015f\u011faldan azad olunandan sonra Bar\u0131tl\u0131 kahas\u0131 adl\u0131 yerd\u0259 \u00e7\u0259kilib. Fotoda g\u00f6r\u00fcn\u0259n bu yaz\u0131n\u0131n k\u0259d\u0259rli v\u0259 q\u00fcrurlu tarixi var.<\/p>\n<p>Ba\u015fl\u0131bel hadis\u0259l\u0259rinin canl\u0131 \u015fahidi, Z\u0259rdab rayonundan olan C\u0259ll\u0259d Abbasovun K\u0259lb\u0259c\u0259rd\u0259 m\u00fchasir\u0259 zaman\u0131 Bar\u0131tl\u0131 v\u0259 N\u0259bi adl\u0131 kahalarda yazd\u0131\u011f\u0131 yaz\u0131 h\u0259l\u0259 d\u0259 o g\u00fcnl\u0259rin xatir\u0259si kimi qal\u0131r.<\/p>\n<p>C\u0259llad Abbasov Zerdab.com sayt\u0131n\u0131n \u201cfacebook\u201d s\u0259hif\u0259sind\u0259ki payla\u015f\u0131ma bel\u0259 bir \u015f\u0259rh yaz\u0131b: \u201cSalam. M\u0259n C\u0259ll\u0259d\u0259m, bu videonu \u00e7\u0259kib payla\u015fan qarda\u015fa t\u0259\u015f\u0259kk\u00fcr edir\u0259m. M\u0259n o yaz\u0131n\u0131 Bar\u0131tl\u0131 kahada yola d\u00fc\u015f\u0259n g\u00fcn yazm\u0131\u015fd\u0131m ki, g\u0259lib \u00e7\u0131xa bilm\u0259s\u0259k, n\u0259 vaxtsa, bura g\u0259l\u0259nl\u0259r oxuyarlar, bil\u0259rl\u0259r ki, burada m\u0259n d\u0259 ya\u015fam\u0131\u015fam. N\u0259bi kahas\u0131nda da yazm\u0131\u015fam. Payla\u015fanlara t\u0259\u015f\u0259kk\u00fcr edir\u0259m. Amma bizim o q\u0259d\u0259r \u0259ziyy\u0259timiz d\u0259y\u0259rl\u0259ndirilm\u0259di, Allah\u0131n veteranl\u0131\u011f\u0131 da biz\u0259 verilm\u0259di\u201d.<\/p>\n<p>Ba\u015fqa bir h\u0259myerlimiz &#8211; Z\u0259rdab rayonunun Qarav\u0259lli k\u0259ndind\u0259n olan Abdullayev V\u00fcqar \u0130sa o\u011flu is\u0259 1993-c\u00fc ild\u0259 K\u0259lb\u0259c\u0259r rayonunun Ba\u015fl\u0131bel k\u0259ndi u\u011frunda ged\u0259n d\u00f6y\u00fc\u015fl\u0259rd\u0259 q\u0259hr\u0259mancas\u0131na \u015f\u0259hid olub. Allahdan \u015f\u0259hid V\u00fcqar qarda\u015f\u0131m\u0131za r\u0259hm\u0259t, C\u0259ll\u0259d Abbasov qarda\u015f\u0131m\u0131za is\u0259 cansa\u011fl\u0131\u011f\u0131 dil\u0259yirik.<\/p>\n<p>Qeyd ed\u0259k ki, payla\u015f\u0131lan bu foto Namiq M\u0259h\u0259mm\u0259di adl\u0131 qarda\u015f\u0131n Bar\u0131tl\u0131 kahadan \u00e7\u0259kib haz\u0131rlad\u0131\u011f\u0131 videodan g\u00f6t\u00fcr\u00fcl\u00fcb. Videonun linkini payla\u015f\u0131r\u0131q. Maraqlananlar girib daha \u0259tral\u0131 baxa bil\u0259rl\u0259r.<\/p>\n<p>Xat\u0131rladaq ki,\u00a01993-c\u00fc ilin aprel ay\u0131n\u0131n \u0259vv\u0259l\u0259rind\u0259 Erm\u0259nistan Silahl\u0131 Q\u00fcvv\u0259l\u0259ri h\u0259rbi t\u0259cav\u00fczl\u0259 K\u0259lb\u0259c\u0259r rayonunu i\u015f\u011fal ed\u0259rk\u0259n \u00a0h\u0259min rayonun Ba\u015fl\u0131bel k\u0259ndind\u0259 m\u00fclki \u0259haliy\u0259 qar\u015f\u0131 \u00a0x\u00fcsusi amans\u0131zl\u0131q v\u0259 q\u0259ddarl\u0131q \u00a0n\u00fcmayi\u015f etdiribl\u0259r.<\/p>\n<p><strong>Zerdab.com<\/strong><\/p>\n<div class=\"youtube-embed\" data-video_id=\"PnaxJubLjOU\"><iframe loading=\"lazy\" title=\"Tarixd\u0259 ilk olan 113 g\u00fcnl\u00fck da\u011flarda m\u00fchasir\u0259 h\u0259yat\u0131 v\u0259 onun izl\u0259ri 29 il sonra ilk d\u0259f\u0259 a\u015fkarland\u0131\" width=\"696\" height=\"392\" src=\"https:\/\/www.youtube.com\/embed\/PnaxJubLjOU?feature=oembed&#038;enablejsapi=1\" frameborder=\"0\" allow=\"accelerometer; autoplay; clipboard-write; encrypted-media; gyroscope; picture-in-picture; web-share\" allowfullscreen><\/iframe><\/div>\n<\/div>\n<\/div>\n","protected":false},"excerpt":{"rendered":"<p>Ba\u015fl\u0131bel faci\u0259sinin n\u00f6vb\u0259ti ild\u00f6n\u00fcm\u00fcd\u00fcr. Zerdab.com sayt\u0131 x\u0259b\u0259r verir ki, bu foto is\u0259 K\u0259lb\u0259c\u0259r i\u015f\u011faldan azad olunandan sonra Bar\u0131tl\u0131 kahas\u0131 adl\u0131 yerd\u0259 \u00e7\u0259kilib. Fotoda g\u00f6r\u00fcn\u0259n bu yaz\u0131n\u0131n k\u0259d\u0259rli v\u0259 q\u00fcrurlu tarixi var. Ba\u015fl\u0131bel hadis\u0259l\u0259rinin canl\u0131 \u015fahidi, Z\u0259rdab rayonundan olan C\u0259ll\u0259d Abbasovun K\u0259lb\u0259c\u0259rd\u0259 m\u00fchasir\u0259 zaman\u0131 Bar\u0131tl\u0131 v\u0259 N\u0259bi adl\u0131 kahalarda yazd\u0131\u011f\u0131 yaz\u0131 h\u0259l\u0259 d\u0259 o g\u00fcnl\u0259rin xatir\u0259si [&hellip;]<\/p>\n","protected":false},"author":1,"featured_media":29851,"comment_status":"closed","ping_status":"closed","sticky":false,"template":"","format":"standard","meta":{"footnotes":""},"categories":[63,5],"tags":[],"class_list":{"0":"post-29849","1":"post","2":"type-post","3":"status-publish","4":"format-standard","5":"has-post-thumbnail","7":"category-manset","8":"category-knd"},"yoast_head":"<!-- This site is optimized with the Yoast SEO plugin v27.0 - https:\/\/yoast.com\/product\/yoast-seo-wordpress\/ -->\n<title>Z\u0259rdab sakininin 1992-ci ild\u0259 K\u0259lb\u0259c\u0259rd\u0259 kahada yazd\u0131\u011f\u0131 yaz\u0131 - V\u0130DEO - Z\u0259rdab.com<\/title>\n<meta name=\"robots\" content=\"index, follow, max-snippet:-1, max-image-preview:large, max-video-preview:-1\" \/>\n<link rel=\"canonical\" href=\"https:\/\/www.zerdab.com\/?p=29849\" \/>\n<meta property=\"og:locale\" content=\"az_AZ\" \/>\n<meta property=\"og:type\" content=\"article\" \/>\n<meta property=\"og:title\" content=\"Z\u0259rdab sakininin 1992-ci ild\u0259 K\u0259lb\u0259c\u0259rd\u0259 kahada yazd\u0131\u011f\u0131 yaz\u0131 - V\u0130DEO - Z\u0259rdab.com\" \/>\n<meta property=\"og:description\" content=\"Ba\u015fl\u0131bel faci\u0259sinin n\u00f6vb\u0259ti ild\u00f6n\u00fcm\u00fcd\u00fcr. Zerdab.com sayt\u0131 x\u0259b\u0259r verir ki, bu foto is\u0259 K\u0259lb\u0259c\u0259r i\u015f\u011faldan azad olunandan sonra Bar\u0131tl\u0131 kahas\u0131 adl\u0131 yerd\u0259 \u00e7\u0259kilib. Fotoda g\u00f6r\u00fcn\u0259n bu yaz\u0131n\u0131n k\u0259d\u0259rli v\u0259 q\u00fcrurlu tarixi var. Ba\u015fl\u0131bel hadis\u0259l\u0259rinin canl\u0131 \u015fahidi, Z\u0259rdab rayonundan olan C\u0259ll\u0259d Abbasovun K\u0259lb\u0259c\u0259rd\u0259 m\u00fchasir\u0259 zaman\u0131 Bar\u0131tl\u0131 v\u0259 N\u0259bi adl\u0131 kahalarda yazd\u0131\u011f\u0131 yaz\u0131 h\u0259l\u0259 d\u0259 o g\u00fcnl\u0259rin xatir\u0259si [&hellip;]\" \/>\n<meta property=\"og:url\" content=\"https:\/\/www.zerdab.com\/?p=29849\" \/>\n<meta property=\"og:site_name\" content=\"Z\u0259rdab.com\" \/>\n<meta property=\"article:published_time\" content=\"2023-04-17T11:05:56+00:00\" \/>\n<meta property=\"og:image\" content=\"https:\/\/www.zerdab.com\/wp-content\/uploads\/2023\/04\/kelbecer-baslibel-faciesi-zerdab1.png\" \/>\n\t<meta property=\"og:image:width\" content=\"1216\" \/>\n\t<meta property=\"og:image:height\" content=\"634\" \/>\n\t<meta property=\"og:image:type\" content=\"image\/png\" \/>\n<meta name=\"author\" content=\"admin\" \/>\n<meta name=\"twitter:card\" content=\"summary_large_image\" \/>\n<meta name=\"twitter:label1\" content=\"Written by\" \/>\n\t<meta name=\"twitter:data1\" content=\"admin\" \/>\n\t<meta name=\"twitter:label2\" content=\"Est. reading time\" \/>\n\t<meta name=\"twitter:data2\" content=\"2 minutes\" \/>\n<script type=\"application\/ld+json\" class=\"yoast-schema-graph\">{\"@context\":\"https:\/\/schema.org\",\"@graph\":[{\"@type\":\"Article\",\"@id\":\"https:\/\/www.zerdab.com\/?p=29849#article\",\"isPartOf\":{\"@id\":\"https:\/\/www.zerdab.com\/?p=29849\"},\"author\":{\"name\":\"admin\",\"@id\":\"https:\/\/www.zerdab.com\/#\/schema\/person\/97079b7570c1e89ec0d9e138c3672136\"},\"headline\":\"Z\u0259rdab sakininin 1992-ci ild\u0259 K\u0259lb\u0259c\u0259rd\u0259 kahada yazd\u0131\u011f\u0131 yaz\u0131 &#8211; V\u0130DEO\",\"datePublished\":\"2023-04-17T11:05:56+00:00\",\"mainEntityOfPage\":{\"@id\":\"https:\/\/www.zerdab.com\/?p=29849\"},\"wordCount\":409,\"image\":{\"@id\":\"https:\/\/www.zerdab.com\/?p=29849#primaryimage\"},\"thumbnailUrl\":\"https:\/\/www.zerdab.com\/wp-content\/uploads\/2023\/04\/kelbecer-baslibel-faciesi-zerdab1.png\",\"articleSection\":[\"MAN\u015eET\",\"X\u018fB\u018fRL\u018fR\"],\"inLanguage\":\"az\"},{\"@type\":\"WebPage\",\"@id\":\"https:\/\/www.zerdab.com\/?p=29849\",\"url\":\"https:\/\/www.zerdab.com\/?p=29849\",\"name\":\"Z\u0259rdab sakininin 1992-ci ild\u0259 K\u0259lb\u0259c\u0259rd\u0259 kahada yazd\u0131\u011f\u0131 yaz\u0131 - V\u0130DEO - Z\u0259rdab.com\",\"isPartOf\":{\"@id\":\"https:\/\/www.zerdab.com\/#website\"},\"primaryImageOfPage\":{\"@id\":\"https:\/\/www.zerdab.com\/?p=29849#primaryimage\"},\"image\":{\"@id\":\"https:\/\/www.zerdab.com\/?p=29849#primaryimage\"},\"thumbnailUrl\":\"https:\/\/www.zerdab.com\/wp-content\/uploads\/2023\/04\/kelbecer-baslibel-faciesi-zerdab1.png\",\"datePublished\":\"2023-04-17T11:05:56+00:00\",\"author\":{\"@id\":\"https:\/\/www.zerdab.com\/#\/schema\/person\/97079b7570c1e89ec0d9e138c3672136\"},\"breadcrumb\":{\"@id\":\"https:\/\/www.zerdab.com\/?p=29849#breadcrumb\"},\"inLanguage\":\"az\",\"potentialAction\":[{\"@type\":\"ReadAction\",\"target\":[\"https:\/\/www.zerdab.com\/?p=29849\"]}]},{\"@type\":\"ImageObject\",\"inLanguage\":\"az\",\"@id\":\"https:\/\/www.zerdab.com\/?p=29849#primaryimage\",\"url\":\"https:\/\/www.zerdab.com\/wp-content\/uploads\/2023\/04\/kelbecer-baslibel-faciesi-zerdab1.png\",\"contentUrl\":\"https:\/\/www.zerdab.com\/wp-content\/uploads\/2023\/04\/kelbecer-baslibel-faciesi-zerdab1.png\",\"width\":1216,\"height\":634,\"caption\":\"kelbecer-baslibel-faciesi-zerdab1\"},{\"@type\":\"BreadcrumbList\",\"@id\":\"https:\/\/www.zerdab.com\/?p=29849#breadcrumb\",\"itemListElement\":[{\"@type\":\"ListItem\",\"position\":1,\"name\":\"Home\",\"item\":\"https:\/\/www.zerdab.com\/\"},{\"@type\":\"ListItem\",\"position\":2,\"name\":\"Z\u0259rdab sakininin 1992-ci ild\u0259 K\u0259lb\u0259c\u0259rd\u0259 kahada yazd\u0131\u011f\u0131 yaz\u0131 &#8211; V\u0130DEO\"}]},{\"@type\":\"WebSite\",\"@id\":\"https:\/\/www.zerdab.com\/#website\",\"url\":\"https:\/\/www.zerdab.com\/\",\"name\":\"Z\u0259rdab.com\",\"description\":\"\",\"potentialAction\":[{\"@type\":\"SearchAction\",\"target\":{\"@type\":\"EntryPoint\",\"urlTemplate\":\"https:\/\/www.zerdab.com\/?s={search_term_string}\"},\"query-input\":{\"@type\":\"PropertyValueSpecification\",\"valueRequired\":true,\"valueName\":\"search_term_string\"}}],\"inLanguage\":\"az\"},{\"@type\":\"Person\",\"@id\":\"https:\/\/www.zerdab.com\/#\/schema\/person\/97079b7570c1e89ec0d9e138c3672136\",\"name\":\"admin\",\"image\":{\"@type\":\"ImageObject\",\"inLanguage\":\"az\",\"@id\":\"https:\/\/www.zerdab.com\/#\/schema\/person\/image\/\",\"url\":\"https:\/\/secure.gravatar.com\/avatar\/d9c52a9a27c32119cb6679a077fa3e2779e5f822c451cbf01098004361d466ec?s=96&d=mm&r=g\",\"contentUrl\":\"https:\/\/secure.gravatar.com\/avatar\/d9c52a9a27c32119cb6679a077fa3e2779e5f822c451cbf01098004361d466ec?s=96&d=mm&r=g\",\"caption\":\"admin\"},\"url\":\"https:\/\/www.zerdab.com\/?author=1\"}]}<\/script>\n<!-- \/ Yoast SEO plugin. -->","yoast_head_json":{"title":"Z\u0259rdab sakininin 1992-ci ild\u0259 K\u0259lb\u0259c\u0259rd\u0259 kahada yazd\u0131\u011f\u0131 yaz\u0131 - V\u0130DEO - Z\u0259rdab.com","robots":{"index":"index","follow":"follow","max-snippet":"max-snippet:-1","max-image-preview":"max-image-preview:large","max-video-preview":"max-video-preview:-1"},"canonical":"https:\/\/www.zerdab.com\/?p=29849","og_locale":"az_AZ","og_type":"article","og_title":"Z\u0259rdab sakininin 1992-ci ild\u0259 K\u0259lb\u0259c\u0259rd\u0259 kahada yazd\u0131\u011f\u0131 yaz\u0131 - V\u0130DEO - Z\u0259rdab.com","og_description":"Ba\u015fl\u0131bel faci\u0259sinin n\u00f6vb\u0259ti ild\u00f6n\u00fcm\u00fcd\u00fcr. Zerdab.com sayt\u0131 x\u0259b\u0259r verir ki, bu foto is\u0259 K\u0259lb\u0259c\u0259r i\u015f\u011faldan azad olunandan sonra Bar\u0131tl\u0131 kahas\u0131 adl\u0131 yerd\u0259 \u00e7\u0259kilib. Fotoda g\u00f6r\u00fcn\u0259n bu yaz\u0131n\u0131n k\u0259d\u0259rli v\u0259 q\u00fcrurlu tarixi var. Ba\u015fl\u0131bel hadis\u0259l\u0259rinin canl\u0131 \u015fahidi, Z\u0259rdab rayonundan olan C\u0259ll\u0259d Abbasovun K\u0259lb\u0259c\u0259rd\u0259 m\u00fchasir\u0259 zaman\u0131 Bar\u0131tl\u0131 v\u0259 N\u0259bi adl\u0131 kahalarda yazd\u0131\u011f\u0131 yaz\u0131 h\u0259l\u0259 d\u0259 o g\u00fcnl\u0259rin xatir\u0259si [&hellip;]","og_url":"https:\/\/www.zerdab.com\/?p=29849","og_site_name":"Z\u0259rdab.com","article_published_time":"2023-04-17T11:05:56+00:00","og_image":[{"width":1216,"height":634,"url":"https:\/\/www.zerdab.com\/wp-content\/uploads\/2023\/04\/kelbecer-baslibel-faciesi-zerdab1.png","type":"image\/png"}],"author":"admin","twitter_card":"summary_large_image","twitter_misc":{"Written by":"admin","Est. reading time":"2 minutes"},"schema":{"@context":"https:\/\/schema.org","@graph":[{"@type":"Article","@id":"https:\/\/www.zerdab.com\/?p=29849#article","isPartOf":{"@id":"https:\/\/www.zerdab.com\/?p=29849"},"author":{"name":"admin","@id":"https:\/\/www.zerdab.com\/#\/schema\/person\/97079b7570c1e89ec0d9e138c3672136"},"headline":"Z\u0259rdab sakininin 1992-ci ild\u0259 K\u0259lb\u0259c\u0259rd\u0259 kahada yazd\u0131\u011f\u0131 yaz\u0131 &#8211; V\u0130DEO","datePublished":"2023-04-17T11:05:56+00:00","mainEntityOfPage":{"@id":"https:\/\/www.zerdab.com\/?p=29849"},"wordCount":409,"image":{"@id":"https:\/\/www.zerdab.com\/?p=29849#primaryimage"},"thumbnailUrl":"https:\/\/www.zerdab.com\/wp-content\/uploads\/2023\/04\/kelbecer-baslibel-faciesi-zerdab1.png","articleSection":["MAN\u015eET","X\u018fB\u018fRL\u018fR"],"inLanguage":"az"},{"@type":"WebPage","@id":"https:\/\/www.zerdab.com\/?p=29849","url":"https:\/\/www.zerdab.com\/?p=29849","name":"Z\u0259rdab sakininin 1992-ci ild\u0259 K\u0259lb\u0259c\u0259rd\u0259 kahada yazd\u0131\u011f\u0131 yaz\u0131 - V\u0130DEO - Z\u0259rdab.com","isPartOf":{"@id":"https:\/\/www.zerdab.com\/#website"},"primaryImageOfPage":{"@id":"https:\/\/www.zerdab.com\/?p=29849#primaryimage"},"image":{"@id":"https:\/\/www.zerdab.com\/?p=29849#primaryimage"},"thumbnailUrl":"https:\/\/www.zerdab.com\/wp-content\/uploads\/2023\/04\/kelbecer-baslibel-faciesi-zerdab1.png","datePublished":"2023-04-17T11:05:56+00:00","author":{"@id":"https:\/\/www.zerdab.com\/#\/schema\/person\/97079b7570c1e89ec0d9e138c3672136"},"breadcrumb":{"@id":"https:\/\/www.zerdab.com\/?p=29849#breadcrumb"},"inLanguage":"az","potentialAction":[{"@type":"ReadAction","target":["https:\/\/www.zerdab.com\/?p=29849"]}]},{"@type":"ImageObject","inLanguage":"az","@id":"https:\/\/www.zerdab.com\/?p=29849#primaryimage","url":"https:\/\/www.zerdab.com\/wp-content\/uploads\/2023\/04\/kelbecer-baslibel-faciesi-zerdab1.png","contentUrl":"https:\/\/www.zerdab.com\/wp-content\/uploads\/2023\/04\/kelbecer-baslibel-faciesi-zerdab1.png","width":1216,"height":634,"caption":"kelbecer-baslibel-faciesi-zerdab1"},{"@type":"BreadcrumbList","@id":"https:\/\/www.zerdab.com\/?p=29849#breadcrumb","itemListElement":[{"@type":"ListItem","position":1,"name":"Home","item":"https:\/\/www.zerdab.com\/"},{"@type":"ListItem","position":2,"name":"Z\u0259rdab sakininin 1992-ci ild\u0259 K\u0259lb\u0259c\u0259rd\u0259 kahada yazd\u0131\u011f\u0131 yaz\u0131 &#8211; V\u0130DEO"}]},{"@type":"WebSite","@id":"https:\/\/www.zerdab.com\/#website","url":"https:\/\/www.zerdab.com\/","name":"Z\u0259rdab.com","description":"","potentialAction":[{"@type":"SearchAction","target":{"@type":"EntryPoint","urlTemplate":"https:\/\/www.zerdab.com\/?s={search_term_string}"},"query-input":{"@type":"PropertyValueSpecification","valueRequired":true,"valueName":"search_term_string"}}],"inLanguage":"az"},{"@type":"Person","@id":"https:\/\/www.zerdab.com\/#\/schema\/person\/97079b7570c1e89ec0d9e138c3672136","name":"admin","image":{"@type":"ImageObject","inLanguage":"az","@id":"https:\/\/www.zerdab.com\/#\/schema\/person\/image\/","url":"https:\/\/secure.gravatar.com\/avatar\/d9c52a9a27c32119cb6679a077fa3e2779e5f822c451cbf01098004361d466ec?s=96&d=mm&r=g","contentUrl":"https:\/\/secure.gravatar.com\/avatar\/d9c52a9a27c32119cb6679a077fa3e2779e5f822c451cbf01098004361d466ec?s=96&d=mm&r=g","caption":"admin"},"url":"https:\/\/www.zerdab.com\/?author=1"}]}},"_links":{"self":[{"href":"https:\/\/www.zerdab.com\/index.php?rest_route=\/wp\/v2\/posts\/29849","targetHints":{"allow":["GET"]}}],"collection":[{"href":"https:\/\/www.zerdab.com\/index.php?rest_route=\/wp\/v2\/posts"}],"about":[{"href":"https:\/\/www.zerdab.com\/index.php?rest_route=\/wp\/v2\/types\/post"}],"author":[{"embeddable":true,"href":"https:\/\/www.zerdab.com\/index.php?rest_route=\/wp\/v2\/users\/1"}],"replies":[{"embeddable":true,"href":"https:\/\/www.zerdab.com\/index.php?rest_route=%2Fwp%2Fv2%2Fcomments&post=29849"}],"version-history":[{"count":1,"href":"https:\/\/www.zerdab.com\/index.php?rest_route=\/wp\/v2\/posts\/29849\/revisions"}],"predecessor-version":[{"id":29852,"href":"https:\/\/www.zerdab.com\/index.php?rest_route=\/wp\/v2\/posts\/29849\/revisions\/29852"}],"wp:featuredmedia":[{"embeddable":true,"href":"https:\/\/www.zerdab.com\/index.php?rest_route=\/wp\/v2\/media\/29851"}],"wp:attachment":[{"href":"https:\/\/www.zerdab.com\/index.php?rest_route=%2Fwp%2Fv2%2Fmedia&parent=29849"}],"wp:term":[{"taxonomy":"category","embeddable":true,"href":"https:\/\/www.zerdab.com\/index.php?rest_route=%2Fwp%2Fv2%2Fcategories&post=29849"},{"taxonomy":"post_tag","embeddable":true,"href":"https:\/\/www.zerdab.com\/index.php?rest_route=%2Fwp%2Fv2%2Ftags&post=29849"}],"curies":[{"name":"wp","href":"https:\/\/api.w.org\/{rel}","templated":true}]}}