{"id":2988,"date":"2012-06-23T19:24:08","date_gmt":"2012-06-23T14:24:08","guid":{"rendered":"http:\/\/www.zerdab.com\/?p=2988"},"modified":"2012-06-23T21:12:11","modified_gmt":"2012-06-23T16:12:11","slug":"prezident-z%c9%99rdab-sakinini-c%c9%99rim%c9%99-c%c9%99zasindan-azad-etdi","status":"publish","type":"post","link":"https:\/\/www.zerdab.com\/?p=2988","title":{"rendered":"Prezident Z\u0259rdab sakinini c\u0259rim\u0259 c\u0259zas\u0131ndan azad etdi"},"content":{"rendered":"<p><a href=\"http:\/\/www.zerdab.com\/?attachment_id=2989\" rel=\"attachment wp-att-2989\"><img loading=\"lazy\" decoding=\"async\" class=\"alignleft size-thumbnail wp-image-2989\" title=\"\u0130lham Eliyev \" src=\"http:\/\/www.zerdab.com\/wp-content\/uploads\/2012\/06\/Ilham-Eliyev-Imzalanma-130510-200x200.jpg\" alt=\"\" width=\"200\" height=\"200\" \/><\/a>Prezident \u0130lham \u018fliyev bir s\u0131ra \u015f\u0259xsl\u0259rin \u0259fv olunmas\u0131 il\u0259 ba\u011fl\u0131 s\u0259r\u0259ncam imzalay\u0131b. <strong>www.zerdab.com<\/strong> sayt\u0131n\u0131n prezidentin r\u0259smi internet sayt\u0131na istinad\u0259n verdiyi m\u0259lumata g\u00f6r\u0259, \u00f6lk\u0259 ba\u015f\u00e7\u0131s\u0131n\u0131n s\u0259r\u0259ncam\u0131na \u0259sas\u0259n, 1953-c\u00fc ild\u0259 anadan olmu\u015f, Az\u0259rbaycan Respublikas\u0131n\u0131n v\u0259t\u0259nda\u015f\u0131, Z\u0259rdab rayon m\u0259hk\u0259m\u0259sinin 2011-ci il 9 avqust tarixli h\u00f6km\u00fc il\u0259 m\u0259hkum edilmi\u015f \u015eirinov Qulamh\u00fcseyn S\u0259ft\u0259r o\u011flu c\u0259rim\u0259 c\u0259zas\u0131ndan azad edilib.<\/p>\n<p><strong>www.zerdab.com<\/strong><\/p>\n","protected":false},"excerpt":{"rendered":"<p>Prezident \u0130lham \u018fliyev bir s\u0131ra \u015f\u0259xsl\u0259rin \u0259fv olunmas\u0131 il\u0259 ba\u011fl\u0131 s\u0259r\u0259ncam imzalay\u0131b. www.zerdab.com sayt\u0131n\u0131n prezidentin r\u0259smi internet sayt\u0131na istinad\u0259n verdiyi m\u0259lumata g\u00f6r\u0259, \u00f6lk\u0259 ba\u015f\u00e7\u0131s\u0131n\u0131n s\u0259r\u0259ncam\u0131na \u0259sas\u0259n, 1953-c\u00fc ild\u0259 anadan olmu\u015f, Az\u0259rbaycan Respublikas\u0131n\u0131n v\u0259t\u0259nda\u015f\u0131, Z\u0259rdab rayon m\u0259hk\u0259m\u0259sinin 2011-ci il 9 avqust tarixli h\u00f6km\u00fc il\u0259 m\u0259hkum edilmi\u015f \u015eirinov Qulamh\u00fcseyn S\u0259ft\u0259r o\u011flu c\u0259rim\u0259 c\u0259zas\u0131ndan azad edilib. www.zerdab.com<\/p>\n","protected":false},"author":1,"featured_media":0,"comment_status":"open","ping_status":"open","sticky":false,"template":"","format":"standard","meta":{"footnotes":""},"categories":[5],"tags":[],"class_list":{"0":"post-2988","1":"post","2":"type-post","3":"status-publish","4":"format-standard","6":"category-knd"},"yoast_head":"<!-- This site is optimized with the Yoast SEO plugin v27.0 - https:\/\/yoast.com\/product\/yoast-seo-wordpress\/ -->\n<title>Prezident Z\u0259rdab sakinini c\u0259rim\u0259 c\u0259zas\u0131ndan azad etdi - Z\u0259rdab.com<\/title>\n<meta name=\"robots\" content=\"index, follow, max-snippet:-1, max-image-preview:large, max-video-preview:-1\" \/>\n<link rel=\"canonical\" href=\"https:\/\/www.zerdab.com\/?p=2988\" \/>\n<meta property=\"og:locale\" content=\"az_AZ\" \/>\n<meta property=\"og:type\" content=\"article\" \/>\n<meta property=\"og:title\" content=\"Prezident Z\u0259rdab sakinini c\u0259rim\u0259 c\u0259zas\u0131ndan azad etdi - Z\u0259rdab.com\" \/>\n<meta property=\"og:description\" content=\"Prezident \u0130lham \u018fliyev bir s\u0131ra \u015f\u0259xsl\u0259rin \u0259fv olunmas\u0131 il\u0259 ba\u011fl\u0131 s\u0259r\u0259ncam imzalay\u0131b. www.zerdab.com sayt\u0131n\u0131n prezidentin r\u0259smi internet sayt\u0131na istinad\u0259n verdiyi m\u0259lumata g\u00f6r\u0259, \u00f6lk\u0259 ba\u015f\u00e7\u0131s\u0131n\u0131n s\u0259r\u0259ncam\u0131na \u0259sas\u0259n, 1953-c\u00fc ild\u0259 anadan olmu\u015f, Az\u0259rbaycan Respublikas\u0131n\u0131n v\u0259t\u0259nda\u015f\u0131, Z\u0259rdab rayon m\u0259hk\u0259m\u0259sinin 2011-ci il 9 avqust tarixli h\u00f6km\u00fc il\u0259 m\u0259hkum edilmi\u015f \u015eirinov Qulamh\u00fcseyn S\u0259ft\u0259r o\u011flu c\u0259rim\u0259 c\u0259zas\u0131ndan azad edilib. www.zerdab.com\" \/>\n<meta property=\"og:url\" content=\"https:\/\/www.zerdab.com\/?p=2988\" \/>\n<meta property=\"og:site_name\" content=\"Z\u0259rdab.com\" \/>\n<meta property=\"article:published_time\" content=\"2012-06-23T14:24:08+00:00\" \/>\n<meta property=\"article:modified_time\" content=\"2012-06-23T16:12:11+00:00\" \/>\n<meta property=\"og:image\" content=\"http:\/\/www.zerdab.com\/wp-content\/uploads\/2012\/06\/Ilham-Eliyev-Imzalanma-130510-200x200.jpg\" \/>\n<meta name=\"author\" content=\"admin\" \/>\n<meta name=\"twitter:card\" content=\"summary_large_image\" \/>\n<meta name=\"twitter:label1\" content=\"Written by\" \/>\n\t<meta name=\"twitter:data1\" content=\"admin\" \/>\n<script type=\"application\/ld+json\" class=\"yoast-schema-graph\">{\"@context\":\"https:\/\/schema.org\",\"@graph\":[{\"@type\":\"Article\",\"@id\":\"https:\/\/www.zerdab.com\/?p=2988#article\",\"isPartOf\":{\"@id\":\"https:\/\/www.zerdab.com\/?p=2988\"},\"author\":{\"name\":\"admin\",\"@id\":\"https:\/\/www.zerdab.com\/#\/schema\/person\/97079b7570c1e89ec0d9e138c3672136\"},\"headline\":\"Prezident Z\u0259rdab sakinini c\u0259rim\u0259 c\u0259zas\u0131ndan azad etdi\",\"datePublished\":\"2012-06-23T14:24:08+00:00\",\"dateModified\":\"2012-06-23T16:12:11+00:00\",\"mainEntityOfPage\":{\"@id\":\"https:\/\/www.zerdab.com\/?p=2988\"},\"wordCount\":106,\"commentCount\":0,\"image\":{\"@id\":\"https:\/\/www.zerdab.com\/?p=2988#primaryimage\"},\"thumbnailUrl\":\"http:\/\/www.zerdab.com\/wp-content\/uploads\/2012\/06\/Ilham-Eliyev-Imzalanma-130510-200x200.jpg\",\"articleSection\":[\"X\u018fB\u018fRL\u018fR\"],\"inLanguage\":\"az\",\"potentialAction\":[{\"@type\":\"CommentAction\",\"name\":\"Comment\",\"target\":[\"https:\/\/www.zerdab.com\/?p=2988#respond\"]}]},{\"@type\":\"WebPage\",\"@id\":\"https:\/\/www.zerdab.com\/?p=2988\",\"url\":\"https:\/\/www.zerdab.com\/?p=2988\",\"name\":\"Prezident Z\u0259rdab sakinini c\u0259rim\u0259 c\u0259zas\u0131ndan azad etdi - Z\u0259rdab.com\",\"isPartOf\":{\"@id\":\"https:\/\/www.zerdab.com\/#website\"},\"primaryImageOfPage\":{\"@id\":\"https:\/\/www.zerdab.com\/?p=2988#primaryimage\"},\"image\":{\"@id\":\"https:\/\/www.zerdab.com\/?p=2988#primaryimage\"},\"thumbnailUrl\":\"http:\/\/www.zerdab.com\/wp-content\/uploads\/2012\/06\/Ilham-Eliyev-Imzalanma-130510-200x200.jpg\",\"datePublished\":\"2012-06-23T14:24:08+00:00\",\"dateModified\":\"2012-06-23T16:12:11+00:00\",\"author\":{\"@id\":\"https:\/\/www.zerdab.com\/#\/schema\/person\/97079b7570c1e89ec0d9e138c3672136\"},\"breadcrumb\":{\"@id\":\"https:\/\/www.zerdab.com\/?p=2988#breadcrumb\"},\"inLanguage\":\"az\",\"potentialAction\":[{\"@type\":\"ReadAction\",\"target\":[\"https:\/\/www.zerdab.com\/?p=2988\"]}]},{\"@type\":\"ImageObject\",\"inLanguage\":\"az\",\"@id\":\"https:\/\/www.zerdab.com\/?p=2988#primaryimage\",\"url\":\"\",\"contentUrl\":\"\"},{\"@type\":\"BreadcrumbList\",\"@id\":\"https:\/\/www.zerdab.com\/?p=2988#breadcrumb\",\"itemListElement\":[{\"@type\":\"ListItem\",\"position\":1,\"name\":\"Home\",\"item\":\"https:\/\/www.zerdab.com\/\"},{\"@type\":\"ListItem\",\"position\":2,\"name\":\"Prezident Z\u0259rdab sakinini c\u0259rim\u0259 c\u0259zas\u0131ndan azad etdi\"}]},{\"@type\":\"WebSite\",\"@id\":\"https:\/\/www.zerdab.com\/#website\",\"url\":\"https:\/\/www.zerdab.com\/\",\"name\":\"Z\u0259rdab.com\",\"description\":\"\",\"potentialAction\":[{\"@type\":\"SearchAction\",\"target\":{\"@type\":\"EntryPoint\",\"urlTemplate\":\"https:\/\/www.zerdab.com\/?s={search_term_string}\"},\"query-input\":{\"@type\":\"PropertyValueSpecification\",\"valueRequired\":true,\"valueName\":\"search_term_string\"}}],\"inLanguage\":\"az\"},{\"@type\":\"Person\",\"@id\":\"https:\/\/www.zerdab.com\/#\/schema\/person\/97079b7570c1e89ec0d9e138c3672136\",\"name\":\"admin\",\"image\":{\"@type\":\"ImageObject\",\"inLanguage\":\"az\",\"@id\":\"https:\/\/www.zerdab.com\/#\/schema\/person\/image\/\",\"url\":\"https:\/\/secure.gravatar.com\/avatar\/d9c52a9a27c32119cb6679a077fa3e2779e5f822c451cbf01098004361d466ec?s=96&d=mm&r=g\",\"contentUrl\":\"https:\/\/secure.gravatar.com\/avatar\/d9c52a9a27c32119cb6679a077fa3e2779e5f822c451cbf01098004361d466ec?s=96&d=mm&r=g\",\"caption\":\"admin\"},\"url\":\"https:\/\/www.zerdab.com\/?author=1\"}]}<\/script>\n<!-- \/ Yoast SEO plugin. -->","yoast_head_json":{"title":"Prezident Z\u0259rdab sakinini c\u0259rim\u0259 c\u0259zas\u0131ndan azad etdi - Z\u0259rdab.com","robots":{"index":"index","follow":"follow","max-snippet":"max-snippet:-1","max-image-preview":"max-image-preview:large","max-video-preview":"max-video-preview:-1"},"canonical":"https:\/\/www.zerdab.com\/?p=2988","og_locale":"az_AZ","og_type":"article","og_title":"Prezident Z\u0259rdab sakinini c\u0259rim\u0259 c\u0259zas\u0131ndan azad etdi - Z\u0259rdab.com","og_description":"Prezident \u0130lham \u018fliyev bir s\u0131ra \u015f\u0259xsl\u0259rin \u0259fv olunmas\u0131 il\u0259 ba\u011fl\u0131 s\u0259r\u0259ncam imzalay\u0131b. www.zerdab.com sayt\u0131n\u0131n prezidentin r\u0259smi internet sayt\u0131na istinad\u0259n verdiyi m\u0259lumata g\u00f6r\u0259, \u00f6lk\u0259 ba\u015f\u00e7\u0131s\u0131n\u0131n s\u0259r\u0259ncam\u0131na \u0259sas\u0259n, 1953-c\u00fc ild\u0259 anadan olmu\u015f, Az\u0259rbaycan Respublikas\u0131n\u0131n v\u0259t\u0259nda\u015f\u0131, Z\u0259rdab rayon m\u0259hk\u0259m\u0259sinin 2011-ci il 9 avqust tarixli h\u00f6km\u00fc il\u0259 m\u0259hkum edilmi\u015f \u015eirinov Qulamh\u00fcseyn S\u0259ft\u0259r o\u011flu c\u0259rim\u0259 c\u0259zas\u0131ndan azad edilib. www.zerdab.com","og_url":"https:\/\/www.zerdab.com\/?p=2988","og_site_name":"Z\u0259rdab.com","article_published_time":"2012-06-23T14:24:08+00:00","article_modified_time":"2012-06-23T16:12:11+00:00","og_image":[{"url":"http:\/\/www.zerdab.com\/wp-content\/uploads\/2012\/06\/Ilham-Eliyev-Imzalanma-130510-200x200.jpg","type":"","width":"","height":""}],"author":"admin","twitter_card":"summary_large_image","twitter_misc":{"Written by":"admin"},"schema":{"@context":"https:\/\/schema.org","@graph":[{"@type":"Article","@id":"https:\/\/www.zerdab.com\/?p=2988#article","isPartOf":{"@id":"https:\/\/www.zerdab.com\/?p=2988"},"author":{"name":"admin","@id":"https:\/\/www.zerdab.com\/#\/schema\/person\/97079b7570c1e89ec0d9e138c3672136"},"headline":"Prezident Z\u0259rdab sakinini c\u0259rim\u0259 c\u0259zas\u0131ndan azad etdi","datePublished":"2012-06-23T14:24:08+00:00","dateModified":"2012-06-23T16:12:11+00:00","mainEntityOfPage":{"@id":"https:\/\/www.zerdab.com\/?p=2988"},"wordCount":106,"commentCount":0,"image":{"@id":"https:\/\/www.zerdab.com\/?p=2988#primaryimage"},"thumbnailUrl":"http:\/\/www.zerdab.com\/wp-content\/uploads\/2012\/06\/Ilham-Eliyev-Imzalanma-130510-200x200.jpg","articleSection":["X\u018fB\u018fRL\u018fR"],"inLanguage":"az","potentialAction":[{"@type":"CommentAction","name":"Comment","target":["https:\/\/www.zerdab.com\/?p=2988#respond"]}]},{"@type":"WebPage","@id":"https:\/\/www.zerdab.com\/?p=2988","url":"https:\/\/www.zerdab.com\/?p=2988","name":"Prezident Z\u0259rdab sakinini c\u0259rim\u0259 c\u0259zas\u0131ndan azad etdi - Z\u0259rdab.com","isPartOf":{"@id":"https:\/\/www.zerdab.com\/#website"},"primaryImageOfPage":{"@id":"https:\/\/www.zerdab.com\/?p=2988#primaryimage"},"image":{"@id":"https:\/\/www.zerdab.com\/?p=2988#primaryimage"},"thumbnailUrl":"http:\/\/www.zerdab.com\/wp-content\/uploads\/2012\/06\/Ilham-Eliyev-Imzalanma-130510-200x200.jpg","datePublished":"2012-06-23T14:24:08+00:00","dateModified":"2012-06-23T16:12:11+00:00","author":{"@id":"https:\/\/www.zerdab.com\/#\/schema\/person\/97079b7570c1e89ec0d9e138c3672136"},"breadcrumb":{"@id":"https:\/\/www.zerdab.com\/?p=2988#breadcrumb"},"inLanguage":"az","potentialAction":[{"@type":"ReadAction","target":["https:\/\/www.zerdab.com\/?p=2988"]}]},{"@type":"ImageObject","inLanguage":"az","@id":"https:\/\/www.zerdab.com\/?p=2988#primaryimage","url":"","contentUrl":""},{"@type":"BreadcrumbList","@id":"https:\/\/www.zerdab.com\/?p=2988#breadcrumb","itemListElement":[{"@type":"ListItem","position":1,"name":"Home","item":"https:\/\/www.zerdab.com\/"},{"@type":"ListItem","position":2,"name":"Prezident Z\u0259rdab sakinini c\u0259rim\u0259 c\u0259zas\u0131ndan azad etdi"}]},{"@type":"WebSite","@id":"https:\/\/www.zerdab.com\/#website","url":"https:\/\/www.zerdab.com\/","name":"Z\u0259rdab.com","description":"","potentialAction":[{"@type":"SearchAction","target":{"@type":"EntryPoint","urlTemplate":"https:\/\/www.zerdab.com\/?s={search_term_string}"},"query-input":{"@type":"PropertyValueSpecification","valueRequired":true,"valueName":"search_term_string"}}],"inLanguage":"az"},{"@type":"Person","@id":"https:\/\/www.zerdab.com\/#\/schema\/person\/97079b7570c1e89ec0d9e138c3672136","name":"admin","image":{"@type":"ImageObject","inLanguage":"az","@id":"https:\/\/www.zerdab.com\/#\/schema\/person\/image\/","url":"https:\/\/secure.gravatar.com\/avatar\/d9c52a9a27c32119cb6679a077fa3e2779e5f822c451cbf01098004361d466ec?s=96&d=mm&r=g","contentUrl":"https:\/\/secure.gravatar.com\/avatar\/d9c52a9a27c32119cb6679a077fa3e2779e5f822c451cbf01098004361d466ec?s=96&d=mm&r=g","caption":"admin"},"url":"https:\/\/www.zerdab.com\/?author=1"}]}},"_links":{"self":[{"href":"https:\/\/www.zerdab.com\/index.php?rest_route=\/wp\/v2\/posts\/2988","targetHints":{"allow":["GET"]}}],"collection":[{"href":"https:\/\/www.zerdab.com\/index.php?rest_route=\/wp\/v2\/posts"}],"about":[{"href":"https:\/\/www.zerdab.com\/index.php?rest_route=\/wp\/v2\/types\/post"}],"author":[{"embeddable":true,"href":"https:\/\/www.zerdab.com\/index.php?rest_route=\/wp\/v2\/users\/1"}],"replies":[{"embeddable":true,"href":"https:\/\/www.zerdab.com\/index.php?rest_route=%2Fwp%2Fv2%2Fcomments&post=2988"}],"version-history":[{"count":5,"href":"https:\/\/www.zerdab.com\/index.php?rest_route=\/wp\/v2\/posts\/2988\/revisions"}],"predecessor-version":[{"id":3003,"href":"https:\/\/www.zerdab.com\/index.php?rest_route=\/wp\/v2\/posts\/2988\/revisions\/3003"}],"wp:attachment":[{"href":"https:\/\/www.zerdab.com\/index.php?rest_route=%2Fwp%2Fv2%2Fmedia&parent=2988"}],"wp:term":[{"taxonomy":"category","embeddable":true,"href":"https:\/\/www.zerdab.com\/index.php?rest_route=%2Fwp%2Fv2%2Fcategories&post=2988"},{"taxonomy":"post_tag","embeddable":true,"href":"https:\/\/www.zerdab.com\/index.php?rest_route=%2Fwp%2Fv2%2Ftags&post=2988"}],"curies":[{"name":"wp","href":"https:\/\/api.w.org\/{rel}","templated":true}]}}