{"id":29888,"date":"2023-04-28T20:51:28","date_gmt":"2023-04-28T16:51:28","guid":{"rendered":"https:\/\/www.zerdab.com\/?p=29888"},"modified":"2023-04-28T20:52:36","modified_gmt":"2023-04-28T16:52:36","slug":"z%c9%99rdab-%c9%99kincisinin-soz-%c9%99kincisi","status":"publish","type":"post","link":"https:\/\/www.zerdab.com\/?p=29888","title":{"rendered":"Z\u0259rdab \u201c\u018fkin\u00e7i\u201dsinin s\u00f6z \u0259kin\u00e7isi"},"content":{"rendered":"<p><strong>2016-c\u0131 ild\u0259ki Aprel d\u00f6y\u00fc\u015fl\u0259rinin ba\u015fa \u00e7atmas\u0131ndan d\u00f6rd g\u00fcn ke\u00e7mi\u015fdi. Redaksiya r\u0259hb\u0259rliyi m\u0259n\u0259 tap\u015f\u0131r\u0131q verdi ki, xalq\u0131n bu \u0259dal\u0259tli m\u00fcharib\u0259d\u0259 ordunun v\u0259 Ali Ba\u015f Komandan\u0131n yan\u0131nda oldu\u011funu n\u00fcmayi\u015f etdir\u0259n \u00e7oxsayl\u0131 m\u0259ktublardan bir ne\u00e7\u0259sinin \u0259sas\u0131nda q\u0259zet material\u0131 haz\u0131rlay\u0131m. T\u0259xmin\u0259n, \u0259lli m\u0259ktuba n\u0259z\u0259r sald\u0131m. H\u0259qiq\u0259t\u0259n, Aprel z\u0259f\u0259rimiz xalq\u0131 he\u00e7 zaman olmayan bir \u015f\u0259kild\u0259 ruhland\u0131rm\u0131\u015fd\u0131.\u00a0<\/strong><\/p>\n<p>H\u0259min m\u0259ktublarda m\u0259nim \u00fcr\u0259yi\u00admi daha \u00e7ox riqq\u0259t\u0259 g\u0259tir\u0259n m\u0259qam is\u0259 ya\u015fl\u0131 n\u0259slin n\u00fcmay\u0259nd\u0259l\u0259rinin d\u0259 erm\u0259ni t\u0259xribatlar\u0131na cavab verm\u0259k \u00fc\u00e7\u00fcn h\u0259rb\u00e7il\u0259rimizin yan\u0131nda olmaq, d\u00fc\u015fm\u0259nd\u0259n \u0259n az\u0131 Xocal\u0131 soyq\u0131r\u0131m\u0131\u00adn\u0131n qisas\u0131n\u0131n al\u0131nmas\u0131nda i\u015ftirak et\u00adm\u0259k ist\u0259yi idi. M\u0259s\u0259l\u0259n, aprelin 8-d\u0259 d\u00f6vl\u0259t ba\u015f\u00e7\u0131m\u0131z\u0131n \u00fcnvan\u0131na Z\u0259rdab\u00addan g\u0259lmi\u015f \u201cMira\u011fa Ba\u011f\u0131rov v\u0259 ba\u015fqa\u00adlar\u0131ndan\u201d adl\u0131 m\u0259ktubda oxumu\u015fdum: \u201cB\u00fct\u00fcn Az\u0259rbaycan xalq\u0131 kimi, biz z\u0259rdabl\u0131lar da torpaqlar\u0131m\u0131z\u0131n azad edilm\u0259sind\u0259 qazan\u0131lan q\u0259l\u0259b\u0259 m\u00fcjd\u0259li x\u0259b\u0259rl\u0259rd\u0259n f\u0259r\u0259hl\u0259nir v\u0259 q\u0259lbimiz q\u00fc\u00adrur hissi il\u0259 d\u00f6y\u00fcn\u00fcr. Bu f\u0259r\u0259h hissl\u0259\u00adrini xalq\u0131m\u0131za ya\u015fatd\u0131\u011f\u0131n\u0131z \u00fc\u00e7\u00fcn Siz\u0259 minn\u0259tdar\u0131q. B\u00fct\u00fcn bu q\u0259l\u0259b\u0259l\u0259r Sizin apard\u0131\u011f\u0131n\u0131z sa\u011flam v\u0259 u\u011furlu siyas\u0259tin n\u0259tic\u0259sidir. S\u0259f\u0259rb\u0259rlik elan olunarsa, Sizin b\u00fct\u00fcn \u0259mr v\u0259 tap\u015f\u0131r\u0131qlar\u0131n\u0131z\u0131 ye\u00adrin\u0259 yetirm\u0259y\u0259 daim haz\u0131r\u0131q\u201d.<\/p>\n<p>M\u0259ktub t\u0259kc\u0259 s\u0259tirl\u0259rin v\u0259t\u0259np\u0259rv\u0259r\u00adlik hissl\u0259ri il\u0259 dolu olmas\u0131, rayon sakin\u00adl\u0259rinin d\u00f6vl\u0259t\u00e7iliyimiz\u0259 s\u0259daq\u0259td\u0259n ya\u00adranan \u00fcr\u0259k \u00e7\u0131rp\u0131nt\u0131lar\u0131n\u0131 dil\u0259 g\u0259tirm\u0259si il\u0259 deyil, fikirl\u0259rin s\u0259lisliyi v\u0259 r\u0259vanl\u0131\u011f\u0131 il\u0259 d\u0259 diqq\u0259t \u00e7\u0259kirdi. Sonra z\u0259rdabl\u0131 dostlar\u0131m\u0131z\u0131n k\u00f6m\u0259yi il\u0259 \u00f6yr\u0259ndim ki, 74 ya\u015fl\u0131 Mira\u011fa Ba\u011f\u0131rov Az\u0259rbaycan D\u00f6v\u00adl\u0259t Universiteti jurnalistika fak\u00fclt\u0259sinin m\u0259zunudur. Uzun ill\u0259r Z\u0259rdabda \u00e7\u0131xan \u201c\u018fkin\u00e7i\u201d q\u0259zetind\u0259 korrektor, \u0259d\u0259bi i\u015f\u00e7i, m\u0259sul katib, redaktor m\u00fcavini v\u0259zif\u0259l\u0259\u00adrind\u0259 \u00e7al\u0131\u015f\u0131b v\u0259 h\u0259tta xeyli m\u00fcdd\u0259t ba\u015f redaktoru da \u0259v\u0259z edib. Sonralar rayon icra hakimiyy\u0259tind\u0259 v\u0259 d\u00f6vl\u0259t arxivind\u0259 \u00e7al\u0131\u015f\u0131b. \u00d6mr\u00fcn\u00fcn sonuncu ill\u0259rind\u0259 is\u0259 Z\u0259rdab Rayon A\u011fsaqqallar \u015euras\u0131n\u0131n s\u0259dri idi.<\/p>\n<p>Bu s\u0259tirl\u0259rin q\u0259l\u0259m\u0259 al\u0131nmas\u0131n\u0131n s\u0259b\u0259bi is\u0259 sosial \u015f\u0259b\u0259k\u0259l\u0259rd\u0259 d\u0259y\u0259rli h\u0259mkar\u0131m\u0131z Mira\u011fa Ba\u011f\u0131rovun d\u00fcn\u00adyas\u0131n\u0131 d\u0259yi\u015fm\u0259si bar\u0259d\u0259 m\u0259lumatla yana\u015f\u0131, onun bir s\u0131ra \u015feirl\u0259rinin d\u0259 verilm\u0259si oldu. Qeyd ed\u0259k ki, bu h\u0259m\u00adkar\u0131m\u0131za g\u00f6st\u0259ril\u0259n r\u0259\u011fb\u0259t t\u0259kc\u0259 yax\u015f\u0131 jurnalistliyind\u0259n v\u0259 ya f\u0259al ictimaiy\u00ady\u0259t\u00e7iliyind\u0259n yox, h\u0259m d\u0259 h\u0259qiq\u0259t\u0259n H\u0259s\u0259n b\u0259y Z\u0259rdabinin v\u0259 ulu \u201c\u018fkin\u00ad\u00e7i\u201dnin varisi olan m\u00fcasir \u201c\u018fkin\u00e7i\u201dnin ad\u0131na layiq s\u00f6z adam\u0131 olmas\u0131ndan qaynaqlan\u0131r. \u00d6yr\u0259ndik ki, Mira\u011fa Ba\u00ad\u011f\u0131rovun \u201cM\u0259nd\u0259n qalan s\u00f6z\u201d adl\u0131 \u015feir\u00adl\u0259r kitab\u0131 da var.<\/p>\n<p>&#8230; O, h\u0259l\u0259 bir ya\u015f\u0131 olanda atas\u0131\u00adn\u0131n c\u0259bh\u0259d\u0259n g\u0259lmi\u015f \u201cqara ka\u011f\u0131z\u0131\u201dn\u0131n m\u0259nas\u0131n\u0131 ba\u015fa d\u00fc\u015fm\u0259mi\u015fdi. \u00c7ox son\u00adralar is\u0259 h\u0259min m\u00f6vzuda yazd\u0131\u011f\u0131 \u015feir onun ilk oxucusu olan \u0259zizl\u0259rinin v\u0259 dostlar\u0131n\u0131n \u00fcr\u0259yini a\u011fr\u0131tm\u0131\u015fd\u0131. M\u0259lum oldu\u011fu kimi, fa\u015fist Almaniyas\u0131na qar\u015f\u0131 apar\u0131lan m\u00fcharib\u0259nin ilk ill\u0259rind\u0259 h\u0259lak olanlar\u0131n harada d\u0259fn edildiyi bilinmir\u00addi. Mira\u011fa yetkinlik ya\u015f\u0131nda q\u0259l\u0259m\u0259 ald\u0131\u011f\u0131 \u201cAta hardasan?\u201d adl\u0131 \u015feirind\u0259 h\u0259min hissl\u0259rini bel\u0259 dil\u0259 g\u0259tirmi\u015fdi:<\/p>\n<p><strong>H\u0259yata g\u00f6z\u00fcm\u00fc a\u00e7d\u0131\u011f\u0131m andan<\/strong><\/p>\n<p><strong>Yaxamdan d\u00f6rd\u0259lli yap\u0131\u015fd\u0131 hicran.\u00a0<\/strong><\/p>\n<p>Amma, h\u0259min \u015feiri kifay\u0259t q\u0259d\u0259r nikbin notlarla bitirir:<\/p>\n<p><strong>X\u0259b\u0259r al\u0131b \u00f6t\u0259n h\u0259r q\u0259rin\u0259d\u0259n,\u00a0<\/strong><\/p>\n<p><strong>N\u0259hay\u0259t, yerini \u00f6yr\u0259nmi\u015f\u0259m m\u0259n \u2013\u00a0<\/strong><\/p>\n<p><strong>S\u0259n elin q\u0259lbind\u0259, \u00fcr\u0259yind\u0259s\u0259n&#8230;<\/strong><\/p>\n<p>Onun, h\u0259qiq\u0259t\u0259n, s\u00f6z adam\u0131 ol\u00addu\u011funu \u015feirl\u0259rind\u0259 hiss etdik. Ancaq sevinci ba\u015f\u0131ndan a\u015f\u0131b-da\u015fanda da, g\u00fcl\u00fc\u015fl\u0259rin\u0259 q\u0259m qar\u0131\u015fanda da dostlar\u0131\u00adna \u201cM\u0259n\u0259 \u015feir oxuyun&#8230;\u201d dem\u0259si daha d\u0259rin m\u0259tl\u0259bl\u0259rd\u0259n x\u0259b\u0259r verirdi:<\/p>\n<p><strong>\u00d6mr\u0259 son akkordu vurarsa zaman \u2013<\/strong><\/p>\n<p><strong>Soyuq m\u0259zar\u0131mla qucaqla\u015fanda<\/strong><\/p>\n<p><strong>M\u0259n\u0259 \u015feir oxuyun&#8230;\u00a0<\/strong><\/p>\n<p>Ya\u015f\u0131dlar\u0131 kimi, onun da \u0259sg\u0259rliyi do\u011fma V\u0259t\u0259nd\u0259n uzaqlarda ke\u00e7ib. \u018fs\u00adg\u0259rlik \u015feirl\u0259rind\u0259n birind\u0259 yaz\u0131r:<\/p>\n<p><strong>Ax\u015famd\u0131r&#8230; iki dost enmi\u015fik \u00e7aya,<\/strong><\/p>\n<p><strong>Bu vaxtlar Volqan\u0131n \u00f6zg\u0259 h\u00fcsn\u00fc var.<\/strong><\/p>\n<p><strong>G\u00fcn\u0259\u015f son \u015f\u00fcas\u0131n yayd\u0131qca suya\u00a0<\/strong><\/p>\n<p><strong>Utancaq q\u0131zlart\u0259k q\u0131zar\u0131r sular.\u00a0<\/strong><\/p>\n<p>Onu tan\u0131yanlar deyirl\u0259r ki, Mira\u011fa Ba\u011f\u0131ron harada, hans\u0131 v\u0259zif\u0259d\u0259 \u00e7al\u0131\u015f\u00adsa da, yegan\u0259 qazanc\u0131 s\u00f6z olub. H\u0259tta \u201c\u0259kin\u00e7ilik\u201d ed\u0259nd\u0259 d\u0259.<\/p>\n<p><strong>\u0130ttifaq M\u0130RZ\u018fB\u018fYL\u0130<\/strong><\/p>\n","protected":false},"excerpt":{"rendered":"<p>2016-c\u0131 ild\u0259ki Aprel d\u00f6y\u00fc\u015fl\u0259rinin ba\u015fa \u00e7atmas\u0131ndan d\u00f6rd g\u00fcn ke\u00e7mi\u015fdi. Redaksiya r\u0259hb\u0259rliyi m\u0259n\u0259 tap\u015f\u0131r\u0131q verdi ki, xalq\u0131n bu \u0259dal\u0259tli m\u00fcharib\u0259d\u0259 ordunun v\u0259 Ali Ba\u015f Komandan\u0131n yan\u0131nda oldu\u011funu n\u00fcmayi\u015f etdir\u0259n \u00e7oxsayl\u0131 m\u0259ktublardan bir ne\u00e7\u0259sinin \u0259sas\u0131nda q\u0259zet material\u0131 haz\u0131rlay\u0131m. T\u0259xmin\u0259n, \u0259lli m\u0259ktuba n\u0259z\u0259r sald\u0131m. H\u0259qiq\u0259t\u0259n, Aprel z\u0259f\u0259rimiz xalq\u0131 he\u00e7 zaman olmayan bir \u015f\u0259kild\u0259 ruhland\u0131rm\u0131\u015fd\u0131.\u00a0 H\u0259min m\u0259ktublarda m\u0259nim \u00fcr\u0259yi\u00admi [&hellip;]<\/p>\n","protected":false},"author":1,"featured_media":29889,"comment_status":"closed","ping_status":"closed","sticky":false,"template":"","format":"standard","meta":{"footnotes":""},"categories":[63,5],"tags":[],"class_list":{"0":"post-29888","1":"post","2":"type-post","3":"status-publish","4":"format-standard","5":"has-post-thumbnail","7":"category-manset","8":"category-knd"},"yoast_head":"<!-- This site is optimized with the Yoast SEO plugin v27.0 - https:\/\/yoast.com\/product\/yoast-seo-wordpress\/ -->\n<title>Z\u0259rdab \u201c\u018fkin\u00e7i\u201dsinin s\u00f6z \u0259kin\u00e7isi - Z\u0259rdab.com<\/title>\n<meta name=\"robots\" content=\"index, follow, max-snippet:-1, max-image-preview:large, max-video-preview:-1\" \/>\n<link rel=\"canonical\" href=\"https:\/\/www.zerdab.com\/?p=29888\" \/>\n<meta property=\"og:locale\" content=\"az_AZ\" \/>\n<meta property=\"og:type\" content=\"article\" \/>\n<meta property=\"og:title\" content=\"Z\u0259rdab \u201c\u018fkin\u00e7i\u201dsinin s\u00f6z \u0259kin\u00e7isi - Z\u0259rdab.com\" \/>\n<meta property=\"og:description\" content=\"2016-c\u0131 ild\u0259ki Aprel d\u00f6y\u00fc\u015fl\u0259rinin ba\u015fa \u00e7atmas\u0131ndan d\u00f6rd g\u00fcn ke\u00e7mi\u015fdi. Redaksiya r\u0259hb\u0259rliyi m\u0259n\u0259 tap\u015f\u0131r\u0131q verdi ki, xalq\u0131n bu \u0259dal\u0259tli m\u00fcharib\u0259d\u0259 ordunun v\u0259 Ali Ba\u015f Komandan\u0131n yan\u0131nda oldu\u011funu n\u00fcmayi\u015f etdir\u0259n \u00e7oxsayl\u0131 m\u0259ktublardan bir ne\u00e7\u0259sinin \u0259sas\u0131nda q\u0259zet material\u0131 haz\u0131rlay\u0131m. T\u0259xmin\u0259n, \u0259lli m\u0259ktuba n\u0259z\u0259r sald\u0131m. H\u0259qiq\u0259t\u0259n, Aprel z\u0259f\u0259rimiz xalq\u0131 he\u00e7 zaman olmayan bir \u015f\u0259kild\u0259 ruhland\u0131rm\u0131\u015fd\u0131.\u00a0 H\u0259min m\u0259ktublarda m\u0259nim \u00fcr\u0259yi\u00admi [&hellip;]\" \/>\n<meta property=\"og:url\" content=\"https:\/\/www.zerdab.com\/?p=29888\" \/>\n<meta property=\"og:site_name\" content=\"Z\u0259rdab.com\" \/>\n<meta property=\"article:published_time\" content=\"2023-04-28T16:51:28+00:00\" \/>\n<meta property=\"article:modified_time\" content=\"2023-04-28T16:52:36+00:00\" \/>\n<meta property=\"og:image\" content=\"https:\/\/www.zerdab.com\/wp-content\/uploads\/2023\/04\/miraga-bagirov-zerdab-ekinci.jpg\" \/>\n\t<meta property=\"og:image:width\" content=\"781\" \/>\n\t<meta property=\"og:image:height\" content=\"872\" \/>\n\t<meta property=\"og:image:type\" content=\"image\/jpeg\" \/>\n<meta name=\"author\" content=\"admin\" \/>\n<meta name=\"twitter:card\" content=\"summary_large_image\" \/>\n<meta name=\"twitter:label1\" content=\"Written by\" \/>\n\t<meta name=\"twitter:data1\" content=\"admin\" \/>\n\t<meta name=\"twitter:label2\" content=\"Est. reading time\" \/>\n\t<meta name=\"twitter:data2\" content=\"5 minutes\" \/>\n<script type=\"application\/ld+json\" class=\"yoast-schema-graph\">{\"@context\":\"https:\/\/schema.org\",\"@graph\":[{\"@type\":\"Article\",\"@id\":\"https:\/\/www.zerdab.com\/?p=29888#article\",\"isPartOf\":{\"@id\":\"https:\/\/www.zerdab.com\/?p=29888\"},\"author\":{\"name\":\"admin\",\"@id\":\"https:\/\/www.zerdab.com\/#\/schema\/person\/97079b7570c1e89ec0d9e138c3672136\"},\"headline\":\"Z\u0259rdab \u201c\u018fkin\u00e7i\u201dsinin s\u00f6z \u0259kin\u00e7isi\",\"datePublished\":\"2023-04-28T16:51:28+00:00\",\"dateModified\":\"2023-04-28T16:52:36+00:00\",\"mainEntityOfPage\":{\"@id\":\"https:\/\/www.zerdab.com\/?p=29888\"},\"wordCount\":945,\"image\":{\"@id\":\"https:\/\/www.zerdab.com\/?p=29888#primaryimage\"},\"thumbnailUrl\":\"https:\/\/www.zerdab.com\/wp-content\/uploads\/2023\/04\/miraga-bagirov-zerdab-ekinci.jpg\",\"articleSection\":[\"MAN\u015eET\",\"X\u018fB\u018fRL\u018fR\"],\"inLanguage\":\"az\"},{\"@type\":\"WebPage\",\"@id\":\"https:\/\/www.zerdab.com\/?p=29888\",\"url\":\"https:\/\/www.zerdab.com\/?p=29888\",\"name\":\"Z\u0259rdab \u201c\u018fkin\u00e7i\u201dsinin s\u00f6z \u0259kin\u00e7isi - Z\u0259rdab.com\",\"isPartOf\":{\"@id\":\"https:\/\/www.zerdab.com\/#website\"},\"primaryImageOfPage\":{\"@id\":\"https:\/\/www.zerdab.com\/?p=29888#primaryimage\"},\"image\":{\"@id\":\"https:\/\/www.zerdab.com\/?p=29888#primaryimage\"},\"thumbnailUrl\":\"https:\/\/www.zerdab.com\/wp-content\/uploads\/2023\/04\/miraga-bagirov-zerdab-ekinci.jpg\",\"datePublished\":\"2023-04-28T16:51:28+00:00\",\"dateModified\":\"2023-04-28T16:52:36+00:00\",\"author\":{\"@id\":\"https:\/\/www.zerdab.com\/#\/schema\/person\/97079b7570c1e89ec0d9e138c3672136\"},\"breadcrumb\":{\"@id\":\"https:\/\/www.zerdab.com\/?p=29888#breadcrumb\"},\"inLanguage\":\"az\",\"potentialAction\":[{\"@type\":\"ReadAction\",\"target\":[\"https:\/\/www.zerdab.com\/?p=29888\"]}]},{\"@type\":\"ImageObject\",\"inLanguage\":\"az\",\"@id\":\"https:\/\/www.zerdab.com\/?p=29888#primaryimage\",\"url\":\"https:\/\/www.zerdab.com\/wp-content\/uploads\/2023\/04\/miraga-bagirov-zerdab-ekinci.jpg\",\"contentUrl\":\"https:\/\/www.zerdab.com\/wp-content\/uploads\/2023\/04\/miraga-bagirov-zerdab-ekinci.jpg\",\"width\":781,\"height\":872,\"caption\":\"miraga-bagirov-zerdab-ekinci\"},{\"@type\":\"BreadcrumbList\",\"@id\":\"https:\/\/www.zerdab.com\/?p=29888#breadcrumb\",\"itemListElement\":[{\"@type\":\"ListItem\",\"position\":1,\"name\":\"Home\",\"item\":\"https:\/\/www.zerdab.com\/\"},{\"@type\":\"ListItem\",\"position\":2,\"name\":\"Z\u0259rdab \u201c\u018fkin\u00e7i\u201dsinin s\u00f6z \u0259kin\u00e7isi\"}]},{\"@type\":\"WebSite\",\"@id\":\"https:\/\/www.zerdab.com\/#website\",\"url\":\"https:\/\/www.zerdab.com\/\",\"name\":\"Z\u0259rdab.com\",\"description\":\"\",\"potentialAction\":[{\"@type\":\"SearchAction\",\"target\":{\"@type\":\"EntryPoint\",\"urlTemplate\":\"https:\/\/www.zerdab.com\/?s={search_term_string}\"},\"query-input\":{\"@type\":\"PropertyValueSpecification\",\"valueRequired\":true,\"valueName\":\"search_term_string\"}}],\"inLanguage\":\"az\"},{\"@type\":\"Person\",\"@id\":\"https:\/\/www.zerdab.com\/#\/schema\/person\/97079b7570c1e89ec0d9e138c3672136\",\"name\":\"admin\",\"image\":{\"@type\":\"ImageObject\",\"inLanguage\":\"az\",\"@id\":\"https:\/\/www.zerdab.com\/#\/schema\/person\/image\/\",\"url\":\"https:\/\/secure.gravatar.com\/avatar\/d9c52a9a27c32119cb6679a077fa3e2779e5f822c451cbf01098004361d466ec?s=96&d=mm&r=g\",\"contentUrl\":\"https:\/\/secure.gravatar.com\/avatar\/d9c52a9a27c32119cb6679a077fa3e2779e5f822c451cbf01098004361d466ec?s=96&d=mm&r=g\",\"caption\":\"admin\"},\"url\":\"https:\/\/www.zerdab.com\/?author=1\"}]}<\/script>\n<!-- \/ Yoast SEO plugin. -->","yoast_head_json":{"title":"Z\u0259rdab \u201c\u018fkin\u00e7i\u201dsinin s\u00f6z \u0259kin\u00e7isi - Z\u0259rdab.com","robots":{"index":"index","follow":"follow","max-snippet":"max-snippet:-1","max-image-preview":"max-image-preview:large","max-video-preview":"max-video-preview:-1"},"canonical":"https:\/\/www.zerdab.com\/?p=29888","og_locale":"az_AZ","og_type":"article","og_title":"Z\u0259rdab \u201c\u018fkin\u00e7i\u201dsinin s\u00f6z \u0259kin\u00e7isi - Z\u0259rdab.com","og_description":"2016-c\u0131 ild\u0259ki Aprel d\u00f6y\u00fc\u015fl\u0259rinin ba\u015fa \u00e7atmas\u0131ndan d\u00f6rd g\u00fcn ke\u00e7mi\u015fdi. Redaksiya r\u0259hb\u0259rliyi m\u0259n\u0259 tap\u015f\u0131r\u0131q verdi ki, xalq\u0131n bu \u0259dal\u0259tli m\u00fcharib\u0259d\u0259 ordunun v\u0259 Ali Ba\u015f Komandan\u0131n yan\u0131nda oldu\u011funu n\u00fcmayi\u015f etdir\u0259n \u00e7oxsayl\u0131 m\u0259ktublardan bir ne\u00e7\u0259sinin \u0259sas\u0131nda q\u0259zet material\u0131 haz\u0131rlay\u0131m. T\u0259xmin\u0259n, \u0259lli m\u0259ktuba n\u0259z\u0259r sald\u0131m. H\u0259qiq\u0259t\u0259n, Aprel z\u0259f\u0259rimiz xalq\u0131 he\u00e7 zaman olmayan bir \u015f\u0259kild\u0259 ruhland\u0131rm\u0131\u015fd\u0131.\u00a0 H\u0259min m\u0259ktublarda m\u0259nim \u00fcr\u0259yi\u00admi [&hellip;]","og_url":"https:\/\/www.zerdab.com\/?p=29888","og_site_name":"Z\u0259rdab.com","article_published_time":"2023-04-28T16:51:28+00:00","article_modified_time":"2023-04-28T16:52:36+00:00","og_image":[{"width":781,"height":872,"url":"https:\/\/www.zerdab.com\/wp-content\/uploads\/2023\/04\/miraga-bagirov-zerdab-ekinci.jpg","type":"image\/jpeg"}],"author":"admin","twitter_card":"summary_large_image","twitter_misc":{"Written by":"admin","Est. reading time":"5 minutes"},"schema":{"@context":"https:\/\/schema.org","@graph":[{"@type":"Article","@id":"https:\/\/www.zerdab.com\/?p=29888#article","isPartOf":{"@id":"https:\/\/www.zerdab.com\/?p=29888"},"author":{"name":"admin","@id":"https:\/\/www.zerdab.com\/#\/schema\/person\/97079b7570c1e89ec0d9e138c3672136"},"headline":"Z\u0259rdab \u201c\u018fkin\u00e7i\u201dsinin s\u00f6z \u0259kin\u00e7isi","datePublished":"2023-04-28T16:51:28+00:00","dateModified":"2023-04-28T16:52:36+00:00","mainEntityOfPage":{"@id":"https:\/\/www.zerdab.com\/?p=29888"},"wordCount":945,"image":{"@id":"https:\/\/www.zerdab.com\/?p=29888#primaryimage"},"thumbnailUrl":"https:\/\/www.zerdab.com\/wp-content\/uploads\/2023\/04\/miraga-bagirov-zerdab-ekinci.jpg","articleSection":["MAN\u015eET","X\u018fB\u018fRL\u018fR"],"inLanguage":"az"},{"@type":"WebPage","@id":"https:\/\/www.zerdab.com\/?p=29888","url":"https:\/\/www.zerdab.com\/?p=29888","name":"Z\u0259rdab \u201c\u018fkin\u00e7i\u201dsinin s\u00f6z \u0259kin\u00e7isi - Z\u0259rdab.com","isPartOf":{"@id":"https:\/\/www.zerdab.com\/#website"},"primaryImageOfPage":{"@id":"https:\/\/www.zerdab.com\/?p=29888#primaryimage"},"image":{"@id":"https:\/\/www.zerdab.com\/?p=29888#primaryimage"},"thumbnailUrl":"https:\/\/www.zerdab.com\/wp-content\/uploads\/2023\/04\/miraga-bagirov-zerdab-ekinci.jpg","datePublished":"2023-04-28T16:51:28+00:00","dateModified":"2023-04-28T16:52:36+00:00","author":{"@id":"https:\/\/www.zerdab.com\/#\/schema\/person\/97079b7570c1e89ec0d9e138c3672136"},"breadcrumb":{"@id":"https:\/\/www.zerdab.com\/?p=29888#breadcrumb"},"inLanguage":"az","potentialAction":[{"@type":"ReadAction","target":["https:\/\/www.zerdab.com\/?p=29888"]}]},{"@type":"ImageObject","inLanguage":"az","@id":"https:\/\/www.zerdab.com\/?p=29888#primaryimage","url":"https:\/\/www.zerdab.com\/wp-content\/uploads\/2023\/04\/miraga-bagirov-zerdab-ekinci.jpg","contentUrl":"https:\/\/www.zerdab.com\/wp-content\/uploads\/2023\/04\/miraga-bagirov-zerdab-ekinci.jpg","width":781,"height":872,"caption":"miraga-bagirov-zerdab-ekinci"},{"@type":"BreadcrumbList","@id":"https:\/\/www.zerdab.com\/?p=29888#breadcrumb","itemListElement":[{"@type":"ListItem","position":1,"name":"Home","item":"https:\/\/www.zerdab.com\/"},{"@type":"ListItem","position":2,"name":"Z\u0259rdab \u201c\u018fkin\u00e7i\u201dsinin s\u00f6z \u0259kin\u00e7isi"}]},{"@type":"WebSite","@id":"https:\/\/www.zerdab.com\/#website","url":"https:\/\/www.zerdab.com\/","name":"Z\u0259rdab.com","description":"","potentialAction":[{"@type":"SearchAction","target":{"@type":"EntryPoint","urlTemplate":"https:\/\/www.zerdab.com\/?s={search_term_string}"},"query-input":{"@type":"PropertyValueSpecification","valueRequired":true,"valueName":"search_term_string"}}],"inLanguage":"az"},{"@type":"Person","@id":"https:\/\/www.zerdab.com\/#\/schema\/person\/97079b7570c1e89ec0d9e138c3672136","name":"admin","image":{"@type":"ImageObject","inLanguage":"az","@id":"https:\/\/www.zerdab.com\/#\/schema\/person\/image\/","url":"https:\/\/secure.gravatar.com\/avatar\/d9c52a9a27c32119cb6679a077fa3e2779e5f822c451cbf01098004361d466ec?s=96&d=mm&r=g","contentUrl":"https:\/\/secure.gravatar.com\/avatar\/d9c52a9a27c32119cb6679a077fa3e2779e5f822c451cbf01098004361d466ec?s=96&d=mm&r=g","caption":"admin"},"url":"https:\/\/www.zerdab.com\/?author=1"}]}},"_links":{"self":[{"href":"https:\/\/www.zerdab.com\/index.php?rest_route=\/wp\/v2\/posts\/29888","targetHints":{"allow":["GET"]}}],"collection":[{"href":"https:\/\/www.zerdab.com\/index.php?rest_route=\/wp\/v2\/posts"}],"about":[{"href":"https:\/\/www.zerdab.com\/index.php?rest_route=\/wp\/v2\/types\/post"}],"author":[{"embeddable":true,"href":"https:\/\/www.zerdab.com\/index.php?rest_route=\/wp\/v2\/users\/1"}],"replies":[{"embeddable":true,"href":"https:\/\/www.zerdab.com\/index.php?rest_route=%2Fwp%2Fv2%2Fcomments&post=29888"}],"version-history":[{"count":2,"href":"https:\/\/www.zerdab.com\/index.php?rest_route=\/wp\/v2\/posts\/29888\/revisions"}],"predecessor-version":[{"id":29891,"href":"https:\/\/www.zerdab.com\/index.php?rest_route=\/wp\/v2\/posts\/29888\/revisions\/29891"}],"wp:featuredmedia":[{"embeddable":true,"href":"https:\/\/www.zerdab.com\/index.php?rest_route=\/wp\/v2\/media\/29889"}],"wp:attachment":[{"href":"https:\/\/www.zerdab.com\/index.php?rest_route=%2Fwp%2Fv2%2Fmedia&parent=29888"}],"wp:term":[{"taxonomy":"category","embeddable":true,"href":"https:\/\/www.zerdab.com\/index.php?rest_route=%2Fwp%2Fv2%2Fcategories&post=29888"},{"taxonomy":"post_tag","embeddable":true,"href":"https:\/\/www.zerdab.com\/index.php?rest_route=%2Fwp%2Fv2%2Ftags&post=29888"}],"curies":[{"name":"wp","href":"https:\/\/api.w.org\/{rel}","templated":true}]}}