{"id":29899,"date":"2023-05-09T17:39:35","date_gmt":"2023-05-09T13:39:35","guid":{"rendered":"https:\/\/www.zerdab.com\/?p=29899"},"modified":"2023-05-09T17:39:35","modified_gmt":"2023-05-09T13:39:35","slug":"%c9%99fv-s%c9%99r%c9%99ncami-z%c9%99rdab-rayon-m%c9%99hk%c9%99m%c9%99sinin-hokmu-il%c9%99-m%c9%99hkum-edil%c9%99n-bu-s%c9%99xsl%c9%99r%c9%99-d%c9%99-samil-olundu-adlar","status":"publish","type":"post","link":"https:\/\/www.zerdab.com\/?p=29899","title":{"rendered":"\u018ffv s\u0259r\u0259ncam\u0131 Z\u0259rdab Rayon M\u0259hk\u0259m\u0259sinin h\u00f6km\u00fc il\u0259 m\u0259hkum edil\u0259n bu \u015f\u0259xsl\u0259r\u0259 d\u0259 \u015famil olundu &#8211; ADLAR"},"content":{"rendered":"<p>X\u0259b\u0259r verdildiyi kimi, Prezident \u0130lham \u018fliyev m\u0259hkum edilmi\u015f bir s\u0131ra \u015f\u0259xsl\u0259rin Az\u0259rbaycan xalq\u0131n\u0131n \u00dcmummilli Lideri Heyd\u0259r \u018fliyevin 100 illik yubileyi m\u00fcnasib\u0259til\u0259 \u0259fv olunmas\u0131 haqq\u0131nda S\u0259r\u0259ncam imzalay\u0131b.<\/p>\n<p><strong>Zerdab.com<\/strong> <strong>sayt\u0131<\/strong> x\u0259b\u0259r verir ki, S\u0259r\u0259ncama \u0259sas\u0259n, azadl\u0131qdan m\u0259hrum etm\u0259 c\u0259zas\u0131na m\u0259hkum edilmi\u015f \u015f\u0259xsl\u0259r c\u0259zan\u0131n \u00e7\u0259kilm\u0259mi\u015f hiss\u0259sind\u0259n azad edilibl\u0259r.<\/p>\n<p>Azadl\u0131qdan m\u0259hrum etm\u0259 c\u0259zas\u0131na m\u0259hkum edil\u0259n v\u0259 c\u0259zan\u0131n \u00e7\u0259kilm\u0259mi\u015f hiss\u0259sind\u0259n azad edil\u0259nl\u0259r aras\u0131nda Z\u0259rdab Rayon M\u0259hk\u0259m\u0259sinin h\u00f6km\u00fc il\u0259 m\u0259hkum edil\u0259n \u015f\u0259xsl\u0259r d\u0259 var.<\/p>\n<p><strong>Zerdab.com sayt\u0131 <\/strong>h\u0259min \u015f\u0259xsl\u0259rl\u0259 ba\u011fl\u0131 m\u0259lumatlar\u0131 t\u0259qdim edir:<\/p>\n<ol>\n<li>B\u0259d\u0259lov Akif Na\u011f\u0131 o\u011flu, 1960-c\u0131 ild\u0259 anadan olmu\u015f, Az\u0259rbaycan Respublikas\u0131n\u0131n v\u0259t\u0259nda\u015f\u0131, Z\u0259rdab Rayon M\u0259hk\u0259m\u0259sinin 2022-ci il 4 fevral tarixli h\u00f6km\u00fc il\u0259 m\u0259hkum edilmi\u015fdir.<\/li>\n<li>H\u0259s\u0259nov Nazim S\u0259rkar o\u011flu, 1963-c\u00fc ild\u0259 anadan olmu\u015f, Az\u0259rbaycan Respublikas\u0131n\u0131n v\u0259t\u0259nda\u015f\u0131, Z\u0259rdab Rayon M\u0259hk\u0259m\u0259sinin 2021-ci il 19 noyabr tarixli h\u00f6km\u00fc il\u0259 m\u0259hkum edilmi\u015fdir.<\/li>\n<li>\u0130slamov V\u00fcsal B\u0259xtiyar o\u011flu, 1988-ci ild\u0259 anadan olmu\u015f, Az\u0259rbaycan Respublikas\u0131n\u0131n v\u0259t\u0259nda\u015f\u0131, Z\u0259rdab Rayon M\u0259hk\u0259m\u0259sinin 2018-ci il 24 iyul tarixli h\u00f6km\u00fc il\u0259 m\u0259hkum edilmi\u015fdir.<\/li>\n<li>\u0130smay\u0131lov Xanki\u015fi \u0130smay\u0131l o\u011flu, 1960-c\u0131 ild\u0259 anadan olmu\u015f, Az\u0259rbaycan Respublikas\u0131n\u0131n v\u0259t\u0259nda\u015f\u0131, Z\u0259rdab Rayon M\u0259hk\u0259m\u0259sinin 2022-ci il 28 yanvar tarixli h\u00f6km\u00fc il\u0259 m\u0259hkum edilmi\u015fdir.<\/li>\n<\/ol>\n<p><strong>Zerdab.com<\/strong><\/p>\n","protected":false},"excerpt":{"rendered":"<p>X\u0259b\u0259r verdildiyi kimi, Prezident \u0130lham \u018fliyev m\u0259hkum edilmi\u015f bir s\u0131ra \u015f\u0259xsl\u0259rin Az\u0259rbaycan xalq\u0131n\u0131n \u00dcmummilli Lideri Heyd\u0259r \u018fliyevin 100 illik yubileyi m\u00fcnasib\u0259til\u0259 \u0259fv olunmas\u0131 haqq\u0131nda S\u0259r\u0259ncam imzalay\u0131b. Zerdab.com sayt\u0131 x\u0259b\u0259r verir ki, S\u0259r\u0259ncama \u0259sas\u0259n, azadl\u0131qdan m\u0259hrum etm\u0259 c\u0259zas\u0131na m\u0259hkum edilmi\u015f \u015f\u0259xsl\u0259r c\u0259zan\u0131n \u00e7\u0259kilm\u0259mi\u015f hiss\u0259sind\u0259n azad edilibl\u0259r. Azadl\u0131qdan m\u0259hrum etm\u0259 c\u0259zas\u0131na m\u0259hkum edil\u0259n v\u0259 c\u0259zan\u0131n \u00e7\u0259kilm\u0259mi\u015f hiss\u0259sind\u0259n [&hellip;]<\/p>\n","protected":false},"author":1,"featured_media":29719,"comment_status":"closed","ping_status":"closed","sticky":false,"template":"","format":"standard","meta":{"footnotes":""},"categories":[63,5],"tags":[],"class_list":{"0":"post-29899","1":"post","2":"type-post","3":"status-publish","4":"format-standard","5":"has-post-thumbnail","7":"category-manset","8":"category-knd"},"yoast_head":"<!-- This site is optimized with the Yoast SEO plugin v27.0 - https:\/\/yoast.com\/product\/yoast-seo-wordpress\/ -->\n<title>\u018ffv s\u0259r\u0259ncam\u0131 Z\u0259rdab Rayon M\u0259hk\u0259m\u0259sinin h\u00f6km\u00fc il\u0259 m\u0259hkum edil\u0259n bu \u015f\u0259xsl\u0259r\u0259 d\u0259 \u015famil olundu - ADLAR - Z\u0259rdab.com<\/title>\n<meta name=\"robots\" content=\"index, follow, max-snippet:-1, max-image-preview:large, max-video-preview:-1\" \/>\n<link rel=\"canonical\" href=\"https:\/\/www.zerdab.com\/?p=29899\" \/>\n<meta property=\"og:locale\" content=\"az_AZ\" \/>\n<meta property=\"og:type\" content=\"article\" \/>\n<meta property=\"og:title\" content=\"\u018ffv s\u0259r\u0259ncam\u0131 Z\u0259rdab Rayon M\u0259hk\u0259m\u0259sinin h\u00f6km\u00fc il\u0259 m\u0259hkum edil\u0259n bu \u015f\u0259xsl\u0259r\u0259 d\u0259 \u015famil olundu - ADLAR - Z\u0259rdab.com\" \/>\n<meta property=\"og:description\" content=\"X\u0259b\u0259r verdildiyi kimi, Prezident \u0130lham \u018fliyev m\u0259hkum edilmi\u015f bir s\u0131ra \u015f\u0259xsl\u0259rin Az\u0259rbaycan xalq\u0131n\u0131n \u00dcmummilli Lideri Heyd\u0259r \u018fliyevin 100 illik yubileyi m\u00fcnasib\u0259til\u0259 \u0259fv olunmas\u0131 haqq\u0131nda S\u0259r\u0259ncam imzalay\u0131b. Zerdab.com sayt\u0131 x\u0259b\u0259r verir ki, S\u0259r\u0259ncama \u0259sas\u0259n, azadl\u0131qdan m\u0259hrum etm\u0259 c\u0259zas\u0131na m\u0259hkum edilmi\u015f \u015f\u0259xsl\u0259r c\u0259zan\u0131n \u00e7\u0259kilm\u0259mi\u015f hiss\u0259sind\u0259n azad edilibl\u0259r. Azadl\u0131qdan m\u0259hrum etm\u0259 c\u0259zas\u0131na m\u0259hkum edil\u0259n v\u0259 c\u0259zan\u0131n \u00e7\u0259kilm\u0259mi\u015f hiss\u0259sind\u0259n [&hellip;]\" \/>\n<meta property=\"og:url\" content=\"https:\/\/www.zerdab.com\/?p=29899\" \/>\n<meta property=\"og:site_name\" content=\"Z\u0259rdab.com\" \/>\n<meta property=\"article:published_time\" content=\"2023-05-09T13:39:35+00:00\" \/>\n<meta property=\"og:image\" content=\"https:\/\/www.zerdab.com\/wp-content\/uploads\/2023\/01\/zerdab-rayon-mehkemesi-sedr-mehkeme.jpg\" \/>\n\t<meta property=\"og:image:width\" content=\"837\" \/>\n\t<meta property=\"og:image:height\" content=\"469\" \/>\n\t<meta property=\"og:image:type\" content=\"image\/jpeg\" \/>\n<meta name=\"author\" content=\"admin\" \/>\n<meta name=\"twitter:card\" content=\"summary_large_image\" \/>\n<meta name=\"twitter:label1\" content=\"Written by\" \/>\n\t<meta name=\"twitter:data1\" content=\"admin\" \/>\n\t<meta name=\"twitter:label2\" content=\"Est. reading time\" \/>\n\t<meta name=\"twitter:data2\" content=\"1 minute\" \/>\n<script type=\"application\/ld+json\" class=\"yoast-schema-graph\">{\"@context\":\"https:\/\/schema.org\",\"@graph\":[{\"@type\":\"Article\",\"@id\":\"https:\/\/www.zerdab.com\/?p=29899#article\",\"isPartOf\":{\"@id\":\"https:\/\/www.zerdab.com\/?p=29899\"},\"author\":{\"name\":\"admin\",\"@id\":\"https:\/\/www.zerdab.com\/#\/schema\/person\/97079b7570c1e89ec0d9e138c3672136\"},\"headline\":\"\u018ffv s\u0259r\u0259ncam\u0131 Z\u0259rdab Rayon M\u0259hk\u0259m\u0259sinin h\u00f6km\u00fc il\u0259 m\u0259hkum edil\u0259n bu \u015f\u0259xsl\u0259r\u0259 d\u0259 \u015famil olundu &#8211; ADLAR\",\"datePublished\":\"2023-05-09T13:39:35+00:00\",\"mainEntityOfPage\":{\"@id\":\"https:\/\/www.zerdab.com\/?p=29899\"},\"wordCount\":314,\"image\":{\"@id\":\"https:\/\/www.zerdab.com\/?p=29899#primaryimage\"},\"thumbnailUrl\":\"https:\/\/www.zerdab.com\/wp-content\/uploads\/2023\/01\/zerdab-rayon-mehkemesi-sedr-mehkeme.jpg\",\"articleSection\":[\"MAN\u015eET\",\"X\u018fB\u018fRL\u018fR\"],\"inLanguage\":\"az\"},{\"@type\":\"WebPage\",\"@id\":\"https:\/\/www.zerdab.com\/?p=29899\",\"url\":\"https:\/\/www.zerdab.com\/?p=29899\",\"name\":\"\u018ffv s\u0259r\u0259ncam\u0131 Z\u0259rdab Rayon M\u0259hk\u0259m\u0259sinin h\u00f6km\u00fc il\u0259 m\u0259hkum edil\u0259n bu \u015f\u0259xsl\u0259r\u0259 d\u0259 \u015famil olundu - ADLAR - Z\u0259rdab.com\",\"isPartOf\":{\"@id\":\"https:\/\/www.zerdab.com\/#website\"},\"primaryImageOfPage\":{\"@id\":\"https:\/\/www.zerdab.com\/?p=29899#primaryimage\"},\"image\":{\"@id\":\"https:\/\/www.zerdab.com\/?p=29899#primaryimage\"},\"thumbnailUrl\":\"https:\/\/www.zerdab.com\/wp-content\/uploads\/2023\/01\/zerdab-rayon-mehkemesi-sedr-mehkeme.jpg\",\"datePublished\":\"2023-05-09T13:39:35+00:00\",\"author\":{\"@id\":\"https:\/\/www.zerdab.com\/#\/schema\/person\/97079b7570c1e89ec0d9e138c3672136\"},\"breadcrumb\":{\"@id\":\"https:\/\/www.zerdab.com\/?p=29899#breadcrumb\"},\"inLanguage\":\"az\",\"potentialAction\":[{\"@type\":\"ReadAction\",\"target\":[\"https:\/\/www.zerdab.com\/?p=29899\"]}]},{\"@type\":\"ImageObject\",\"inLanguage\":\"az\",\"@id\":\"https:\/\/www.zerdab.com\/?p=29899#primaryimage\",\"url\":\"https:\/\/www.zerdab.com\/wp-content\/uploads\/2023\/01\/zerdab-rayon-mehkemesi-sedr-mehkeme.jpg\",\"contentUrl\":\"https:\/\/www.zerdab.com\/wp-content\/uploads\/2023\/01\/zerdab-rayon-mehkemesi-sedr-mehkeme.jpg\",\"width\":837,\"height\":469,\"caption\":\"zerdab-rayon-mehkemesi-sedr-mehkeme.png\"},{\"@type\":\"BreadcrumbList\",\"@id\":\"https:\/\/www.zerdab.com\/?p=29899#breadcrumb\",\"itemListElement\":[{\"@type\":\"ListItem\",\"position\":1,\"name\":\"Home\",\"item\":\"https:\/\/www.zerdab.com\/\"},{\"@type\":\"ListItem\",\"position\":2,\"name\":\"\u018ffv s\u0259r\u0259ncam\u0131 Z\u0259rdab Rayon M\u0259hk\u0259m\u0259sinin h\u00f6km\u00fc il\u0259 m\u0259hkum edil\u0259n bu \u015f\u0259xsl\u0259r\u0259 d\u0259 \u015famil olundu &#8211; ADLAR\"}]},{\"@type\":\"WebSite\",\"@id\":\"https:\/\/www.zerdab.com\/#website\",\"url\":\"https:\/\/www.zerdab.com\/\",\"name\":\"Z\u0259rdab.com\",\"description\":\"\",\"potentialAction\":[{\"@type\":\"SearchAction\",\"target\":{\"@type\":\"EntryPoint\",\"urlTemplate\":\"https:\/\/www.zerdab.com\/?s={search_term_string}\"},\"query-input\":{\"@type\":\"PropertyValueSpecification\",\"valueRequired\":true,\"valueName\":\"search_term_string\"}}],\"inLanguage\":\"az\"},{\"@type\":\"Person\",\"@id\":\"https:\/\/www.zerdab.com\/#\/schema\/person\/97079b7570c1e89ec0d9e138c3672136\",\"name\":\"admin\",\"image\":{\"@type\":\"ImageObject\",\"inLanguage\":\"az\",\"@id\":\"https:\/\/www.zerdab.com\/#\/schema\/person\/image\/\",\"url\":\"https:\/\/secure.gravatar.com\/avatar\/d9c52a9a27c32119cb6679a077fa3e2779e5f822c451cbf01098004361d466ec?s=96&d=mm&r=g\",\"contentUrl\":\"https:\/\/secure.gravatar.com\/avatar\/d9c52a9a27c32119cb6679a077fa3e2779e5f822c451cbf01098004361d466ec?s=96&d=mm&r=g\",\"caption\":\"admin\"},\"url\":\"https:\/\/www.zerdab.com\/?author=1\"}]}<\/script>\n<!-- \/ Yoast SEO plugin. -->","yoast_head_json":{"title":"\u018ffv s\u0259r\u0259ncam\u0131 Z\u0259rdab Rayon M\u0259hk\u0259m\u0259sinin h\u00f6km\u00fc il\u0259 m\u0259hkum edil\u0259n bu \u015f\u0259xsl\u0259r\u0259 d\u0259 \u015famil olundu - ADLAR - Z\u0259rdab.com","robots":{"index":"index","follow":"follow","max-snippet":"max-snippet:-1","max-image-preview":"max-image-preview:large","max-video-preview":"max-video-preview:-1"},"canonical":"https:\/\/www.zerdab.com\/?p=29899","og_locale":"az_AZ","og_type":"article","og_title":"\u018ffv s\u0259r\u0259ncam\u0131 Z\u0259rdab Rayon M\u0259hk\u0259m\u0259sinin h\u00f6km\u00fc il\u0259 m\u0259hkum edil\u0259n bu \u015f\u0259xsl\u0259r\u0259 d\u0259 \u015famil olundu - ADLAR - Z\u0259rdab.com","og_description":"X\u0259b\u0259r verdildiyi kimi, Prezident \u0130lham \u018fliyev m\u0259hkum edilmi\u015f bir s\u0131ra \u015f\u0259xsl\u0259rin Az\u0259rbaycan xalq\u0131n\u0131n \u00dcmummilli Lideri Heyd\u0259r \u018fliyevin 100 illik yubileyi m\u00fcnasib\u0259til\u0259 \u0259fv olunmas\u0131 haqq\u0131nda S\u0259r\u0259ncam imzalay\u0131b. Zerdab.com sayt\u0131 x\u0259b\u0259r verir ki, S\u0259r\u0259ncama \u0259sas\u0259n, azadl\u0131qdan m\u0259hrum etm\u0259 c\u0259zas\u0131na m\u0259hkum edilmi\u015f \u015f\u0259xsl\u0259r c\u0259zan\u0131n \u00e7\u0259kilm\u0259mi\u015f hiss\u0259sind\u0259n azad edilibl\u0259r. Azadl\u0131qdan m\u0259hrum etm\u0259 c\u0259zas\u0131na m\u0259hkum edil\u0259n v\u0259 c\u0259zan\u0131n \u00e7\u0259kilm\u0259mi\u015f hiss\u0259sind\u0259n [&hellip;]","og_url":"https:\/\/www.zerdab.com\/?p=29899","og_site_name":"Z\u0259rdab.com","article_published_time":"2023-05-09T13:39:35+00:00","og_image":[{"width":837,"height":469,"url":"https:\/\/www.zerdab.com\/wp-content\/uploads\/2023\/01\/zerdab-rayon-mehkemesi-sedr-mehkeme.jpg","type":"image\/jpeg"}],"author":"admin","twitter_card":"summary_large_image","twitter_misc":{"Written by":"admin","Est. reading time":"1 minute"},"schema":{"@context":"https:\/\/schema.org","@graph":[{"@type":"Article","@id":"https:\/\/www.zerdab.com\/?p=29899#article","isPartOf":{"@id":"https:\/\/www.zerdab.com\/?p=29899"},"author":{"name":"admin","@id":"https:\/\/www.zerdab.com\/#\/schema\/person\/97079b7570c1e89ec0d9e138c3672136"},"headline":"\u018ffv s\u0259r\u0259ncam\u0131 Z\u0259rdab Rayon M\u0259hk\u0259m\u0259sinin h\u00f6km\u00fc il\u0259 m\u0259hkum edil\u0259n bu \u015f\u0259xsl\u0259r\u0259 d\u0259 \u015famil olundu &#8211; ADLAR","datePublished":"2023-05-09T13:39:35+00:00","mainEntityOfPage":{"@id":"https:\/\/www.zerdab.com\/?p=29899"},"wordCount":314,"image":{"@id":"https:\/\/www.zerdab.com\/?p=29899#primaryimage"},"thumbnailUrl":"https:\/\/www.zerdab.com\/wp-content\/uploads\/2023\/01\/zerdab-rayon-mehkemesi-sedr-mehkeme.jpg","articleSection":["MAN\u015eET","X\u018fB\u018fRL\u018fR"],"inLanguage":"az"},{"@type":"WebPage","@id":"https:\/\/www.zerdab.com\/?p=29899","url":"https:\/\/www.zerdab.com\/?p=29899","name":"\u018ffv s\u0259r\u0259ncam\u0131 Z\u0259rdab Rayon M\u0259hk\u0259m\u0259sinin h\u00f6km\u00fc il\u0259 m\u0259hkum edil\u0259n bu \u015f\u0259xsl\u0259r\u0259 d\u0259 \u015famil olundu - ADLAR - Z\u0259rdab.com","isPartOf":{"@id":"https:\/\/www.zerdab.com\/#website"},"primaryImageOfPage":{"@id":"https:\/\/www.zerdab.com\/?p=29899#primaryimage"},"image":{"@id":"https:\/\/www.zerdab.com\/?p=29899#primaryimage"},"thumbnailUrl":"https:\/\/www.zerdab.com\/wp-content\/uploads\/2023\/01\/zerdab-rayon-mehkemesi-sedr-mehkeme.jpg","datePublished":"2023-05-09T13:39:35+00:00","author":{"@id":"https:\/\/www.zerdab.com\/#\/schema\/person\/97079b7570c1e89ec0d9e138c3672136"},"breadcrumb":{"@id":"https:\/\/www.zerdab.com\/?p=29899#breadcrumb"},"inLanguage":"az","potentialAction":[{"@type":"ReadAction","target":["https:\/\/www.zerdab.com\/?p=29899"]}]},{"@type":"ImageObject","inLanguage":"az","@id":"https:\/\/www.zerdab.com\/?p=29899#primaryimage","url":"https:\/\/www.zerdab.com\/wp-content\/uploads\/2023\/01\/zerdab-rayon-mehkemesi-sedr-mehkeme.jpg","contentUrl":"https:\/\/www.zerdab.com\/wp-content\/uploads\/2023\/01\/zerdab-rayon-mehkemesi-sedr-mehkeme.jpg","width":837,"height":469,"caption":"zerdab-rayon-mehkemesi-sedr-mehkeme.png"},{"@type":"BreadcrumbList","@id":"https:\/\/www.zerdab.com\/?p=29899#breadcrumb","itemListElement":[{"@type":"ListItem","position":1,"name":"Home","item":"https:\/\/www.zerdab.com\/"},{"@type":"ListItem","position":2,"name":"\u018ffv s\u0259r\u0259ncam\u0131 Z\u0259rdab Rayon M\u0259hk\u0259m\u0259sinin h\u00f6km\u00fc il\u0259 m\u0259hkum edil\u0259n bu \u015f\u0259xsl\u0259r\u0259 d\u0259 \u015famil olundu &#8211; ADLAR"}]},{"@type":"WebSite","@id":"https:\/\/www.zerdab.com\/#website","url":"https:\/\/www.zerdab.com\/","name":"Z\u0259rdab.com","description":"","potentialAction":[{"@type":"SearchAction","target":{"@type":"EntryPoint","urlTemplate":"https:\/\/www.zerdab.com\/?s={search_term_string}"},"query-input":{"@type":"PropertyValueSpecification","valueRequired":true,"valueName":"search_term_string"}}],"inLanguage":"az"},{"@type":"Person","@id":"https:\/\/www.zerdab.com\/#\/schema\/person\/97079b7570c1e89ec0d9e138c3672136","name":"admin","image":{"@type":"ImageObject","inLanguage":"az","@id":"https:\/\/www.zerdab.com\/#\/schema\/person\/image\/","url":"https:\/\/secure.gravatar.com\/avatar\/d9c52a9a27c32119cb6679a077fa3e2779e5f822c451cbf01098004361d466ec?s=96&d=mm&r=g","contentUrl":"https:\/\/secure.gravatar.com\/avatar\/d9c52a9a27c32119cb6679a077fa3e2779e5f822c451cbf01098004361d466ec?s=96&d=mm&r=g","caption":"admin"},"url":"https:\/\/www.zerdab.com\/?author=1"}]}},"_links":{"self":[{"href":"https:\/\/www.zerdab.com\/index.php?rest_route=\/wp\/v2\/posts\/29899","targetHints":{"allow":["GET"]}}],"collection":[{"href":"https:\/\/www.zerdab.com\/index.php?rest_route=\/wp\/v2\/posts"}],"about":[{"href":"https:\/\/www.zerdab.com\/index.php?rest_route=\/wp\/v2\/types\/post"}],"author":[{"embeddable":true,"href":"https:\/\/www.zerdab.com\/index.php?rest_route=\/wp\/v2\/users\/1"}],"replies":[{"embeddable":true,"href":"https:\/\/www.zerdab.com\/index.php?rest_route=%2Fwp%2Fv2%2Fcomments&post=29899"}],"version-history":[{"count":1,"href":"https:\/\/www.zerdab.com\/index.php?rest_route=\/wp\/v2\/posts\/29899\/revisions"}],"predecessor-version":[{"id":29900,"href":"https:\/\/www.zerdab.com\/index.php?rest_route=\/wp\/v2\/posts\/29899\/revisions\/29900"}],"wp:featuredmedia":[{"embeddable":true,"href":"https:\/\/www.zerdab.com\/index.php?rest_route=\/wp\/v2\/media\/29719"}],"wp:attachment":[{"href":"https:\/\/www.zerdab.com\/index.php?rest_route=%2Fwp%2Fv2%2Fmedia&parent=29899"}],"wp:term":[{"taxonomy":"category","embeddable":true,"href":"https:\/\/www.zerdab.com\/index.php?rest_route=%2Fwp%2Fv2%2Fcategories&post=29899"},{"taxonomy":"post_tag","embeddable":true,"href":"https:\/\/www.zerdab.com\/index.php?rest_route=%2Fwp%2Fv2%2Ftags&post=29899"}],"curies":[{"name":"wp","href":"https:\/\/api.w.org\/{rel}","templated":true}]}}