{"id":29922,"date":"2023-05-24T19:06:03","date_gmt":"2023-05-24T15:06:03","guid":{"rendered":"https:\/\/www.zerdab.com\/?p=29922"},"modified":"2023-10-10T16:39:53","modified_gmt":"2023-10-10T12:39:53","slug":"2013-cu-ild%c9%99-z%c9%99rdabin-yuxari-seyidl%c9%99r-k%c9%99ndin%c9%99-yaxin-%c9%99razid%c9%99-n%c9%99l%c9%99r-askarlanib-maraqli-faktlar","status":"publish","type":"post","link":"https:\/\/www.zerdab.com\/?p=29922","title":{"rendered":"2013-c\u00fc ild\u0259 Z\u0259rdab\u0131n Yuxar\u0131 Seyidl\u0259r k\u0259ndin\u0259 yax\u0131n \u0259razid\u0259 n\u0259l\u0259r a\u015fkarlan\u0131b? &#8211; Maraql\u0131 faktlar"},"content":{"rendered":"<p>2013-c\u00fc ild\u0259 Z\u0259rdab rayonunun Yuxar\u0131 Seyidl\u0259r k\u0259ndin\u0259 yax\u0131n \u0259razid\u0259 Qanl\u0131ca g\u00f6l\u00fcn\u00fcn q\u0259rb hiss\u0259sind\u0259 iki t\u0259p\u0259likd\u0259 \u2013 Yera\u011fz\u0131 ya\u015fay\u0131\u015f yeri qeyd\u0259 al\u0131nm\u0131\u015f v\u0259 arxeoloji t\u0259dqiqat i\u015fl\u0259ri zaman\u0131 iki m\u0259d\u0259ni t\u0259b\u0259q\u0259nin oldu\u011fu m\u00fc\u0259yy\u0259n edilib.<\/p>\n<p>\u018fkin sah\u0259l\u0259rinin k\u0259nar\u0131nda yerl\u0259\u015f\u0259n ya\u015fay\u0131\u015f yerind\u0259 \u0259vv\u0259lki ill\u0259rd\u0259 d\u0259 \u015fumlama i\u015fl\u0259ri zaman\u0131 maddi m\u0259d\u0259niyy\u0259t n\u00fcmun\u0259l\u0259ri v\u0259 Atab\u0259yl\u0259r d\u00f6vr\u00fcn\u0259 aid mis pullar tap\u0131l\u0131b.<\/p>\n<p>T\u0259p\u0259l\u0259r aras\u0131nda 200 metr m\u0259saf\u0259 var.<\/p>\n<p>Onlardan birinin sah\u0259si 300 kv.m, dig\u0259rinin is\u0259 200 kv.m olmaqla ya\u015fay\u0131\u015f yerinin \u00fcmumi sah\u0259si t\u0259xmin\u0259n 500 kv.m-lik bir \u0259razini \u0259hat\u0259 edir.<\/p>\n<p>Arxeoloji t\u0259dqiqat i\u015fl\u0259ri zaman\u0131 h\u0259m ilk orta \u0259sr, h\u0259m d\u0259 IX \u2013 XIII \u0259srl\u0259r\u0259 aid saxs\u0131 n\u00fcmun\u0259l\u0259ri, \u015firsiz v\u0259 \u015firli gil qab n\u00fcmun\u0259l\u0259ri, \u00e7\u0131raqlar v\u0259 s. \u0259ld\u0259 olunub.<\/p>\n<p>XII \u0259srin sonu \u2013 XIII \u0259srin \u0259vv\u0259ll\u0259rind\u0259 haz\u0131rki k\u0259ndin \u0259razisin\u0259 Quba \u0259razisind\u0259n Seyyid \u015eahm\u0259rdan v\u0259 ail\u0259si, o c\u00fcml\u0259d\u0259n, onlarla birlikd\u0259 be\u015f ail\u0259 k\u00f6\u00e7m\u00fc\u015f v\u0259 Yuxar\u0131 Seyyidl\u0259r k\u0259ndinin \u0259sas\u0131n\u0131 qoyub.<\/p>\n<p>Haz\u0131rda k\u0259nd q\u0259biristanl\u0131\u011f\u0131nda Seyyid \u015eahm\u0259rdan v\u0259 yax\u0131nlar\u0131n\u0131n m\u0259zarlar\u0131 qalmaqdad\u0131r.<\/p>\n<p>Elmi t\u0259qiqatlar burada ilk orta \u0259srl\u0259rd\u0259 k\u0259nd tipli ya\u015fay\u0131\u015f yerinin, IX \u2013 XIII \u0259srl\u0259rd\u0259 is\u0259 bu z\u0259min \u0259sas\u0131nda \u015f\u0259h\u0259r tipli ya\u015fay\u0131\u015f yerinin oldu\u011funu dem\u0259y\u0259 imkan verir.<\/p>\n<p>Ehtimal ki, yuxar\u0131da qeyd etdiyimiz m\u0259lumatlar m\u0259hz Yera\u011fz\u0131 ya\u015fay\u0131\u015f yerin\u0259 uy\u011fun g\u0259lir v\u0259 orta \u0259sr B\u0259rdic \u015f\u0259h\u0259rinin burada olmas\u0131 m\u00fcmk\u00fcn idi.<\/p>\n<p><strong>\u018fliyev Taleh Vasif o\u011flu<\/strong><\/p>\n<p><strong>AMEA Arxeologiya v\u0259 Etnoqrafiya \u0130nstitutu, <\/strong><strong>elmi i\u015f\u00e7i, dissertant<\/strong><\/p>\n<p>&nbsp;<\/p>\n","protected":false},"excerpt":{"rendered":"<p>2013-c\u00fc ild\u0259 Z\u0259rdab rayonunun Yuxar\u0131 Seyidl\u0259r k\u0259ndin\u0259 yax\u0131n \u0259razid\u0259 Qanl\u0131ca g\u00f6l\u00fcn\u00fcn q\u0259rb hiss\u0259sind\u0259 iki t\u0259p\u0259likd\u0259 \u2013 Yera\u011fz\u0131 ya\u015fay\u0131\u015f yeri qeyd\u0259 al\u0131nm\u0131\u015f v\u0259 arxeoloji t\u0259dqiqat i\u015fl\u0259ri zaman\u0131 iki m\u0259d\u0259ni t\u0259b\u0259q\u0259nin oldu\u011fu m\u00fc\u0259yy\u0259n edilib. \u018fkin sah\u0259l\u0259rinin k\u0259nar\u0131nda yerl\u0259\u015f\u0259n ya\u015fay\u0131\u015f yerind\u0259 \u0259vv\u0259lki ill\u0259rd\u0259 d\u0259 \u015fumlama i\u015fl\u0259ri zaman\u0131 maddi m\u0259d\u0259niyy\u0259t n\u00fcmun\u0259l\u0259ri v\u0259 Atab\u0259yl\u0259r d\u00f6vr\u00fcn\u0259 aid mis pullar tap\u0131l\u0131b. T\u0259p\u0259l\u0259r [&hellip;]<\/p>\n","protected":false},"author":1,"featured_media":26269,"comment_status":"closed","ping_status":"closed","sticky":false,"template":"","format":"standard","meta":{"footnotes":""},"categories":[63,1],"tags":[],"class_list":{"0":"post-29922","1":"post","2":"type-post","3":"status-publish","4":"format-standard","5":"has-post-thumbnail","7":"category-manset","8":"category-tarix"},"yoast_head":"<!-- This site is optimized with the Yoast SEO plugin v27.0 - https:\/\/yoast.com\/product\/yoast-seo-wordpress\/ -->\n<title>2013-c\u00fc ild\u0259 Z\u0259rdab\u0131n Yuxar\u0131 Seyidl\u0259r k\u0259ndin\u0259 yax\u0131n \u0259razid\u0259 n\u0259l\u0259r a\u015fkarlan\u0131b? - Maraql\u0131 faktlar - Z\u0259rdab.com<\/title>\n<meta name=\"robots\" content=\"index, follow, max-snippet:-1, max-image-preview:large, max-video-preview:-1\" \/>\n<link rel=\"canonical\" href=\"https:\/\/www.zerdab.com\/?p=29922\" \/>\n<meta property=\"og:locale\" content=\"az_AZ\" \/>\n<meta property=\"og:type\" content=\"article\" \/>\n<meta property=\"og:title\" content=\"2013-c\u00fc ild\u0259 Z\u0259rdab\u0131n Yuxar\u0131 Seyidl\u0259r k\u0259ndin\u0259 yax\u0131n \u0259razid\u0259 n\u0259l\u0259r a\u015fkarlan\u0131b? - Maraql\u0131 faktlar - Z\u0259rdab.com\" \/>\n<meta property=\"og:description\" content=\"2013-c\u00fc ild\u0259 Z\u0259rdab rayonunun Yuxar\u0131 Seyidl\u0259r k\u0259ndin\u0259 yax\u0131n \u0259razid\u0259 Qanl\u0131ca g\u00f6l\u00fcn\u00fcn q\u0259rb hiss\u0259sind\u0259 iki t\u0259p\u0259likd\u0259 \u2013 Yera\u011fz\u0131 ya\u015fay\u0131\u015f yeri qeyd\u0259 al\u0131nm\u0131\u015f v\u0259 arxeoloji t\u0259dqiqat i\u015fl\u0259ri zaman\u0131 iki m\u0259d\u0259ni t\u0259b\u0259q\u0259nin oldu\u011fu m\u00fc\u0259yy\u0259n edilib. \u018fkin sah\u0259l\u0259rinin k\u0259nar\u0131nda yerl\u0259\u015f\u0259n ya\u015fay\u0131\u015f yerind\u0259 \u0259vv\u0259lki ill\u0259rd\u0259 d\u0259 \u015fumlama i\u015fl\u0259ri zaman\u0131 maddi m\u0259d\u0259niyy\u0259t n\u00fcmun\u0259l\u0259ri v\u0259 Atab\u0259yl\u0259r d\u00f6vr\u00fcn\u0259 aid mis pullar tap\u0131l\u0131b. T\u0259p\u0259l\u0259r [&hellip;]\" \/>\n<meta property=\"og:url\" content=\"https:\/\/www.zerdab.com\/?p=29922\" \/>\n<meta property=\"og:site_name\" content=\"Z\u0259rdab.com\" \/>\n<meta property=\"article:published_time\" content=\"2023-05-24T15:06:03+00:00\" \/>\n<meta property=\"article:modified_time\" content=\"2023-10-10T12:39:53+00:00\" \/>\n<meta property=\"og:image\" content=\"https:\/\/www.zerdab.com\/wp-content\/uploads\/2018\/12\/zerdab-yuxari-seyidler-intihar.jpg\" \/>\n\t<meta property=\"og:image:width\" content=\"800\" \/>\n\t<meta property=\"og:image:height\" content=\"445\" \/>\n\t<meta property=\"og:image:type\" content=\"image\/jpeg\" \/>\n<meta name=\"author\" content=\"admin\" \/>\n<meta name=\"twitter:card\" content=\"summary_large_image\" \/>\n<meta name=\"twitter:label1\" content=\"Written by\" \/>\n\t<meta name=\"twitter:data1\" content=\"admin\" \/>\n\t<meta name=\"twitter:label2\" content=\"Est. reading time\" \/>\n\t<meta name=\"twitter:data2\" content=\"2 minutes\" \/>\n<script type=\"application\/ld+json\" class=\"yoast-schema-graph\">{\"@context\":\"https:\/\/schema.org\",\"@graph\":[{\"@type\":\"Article\",\"@id\":\"https:\/\/www.zerdab.com\/?p=29922#article\",\"isPartOf\":{\"@id\":\"https:\/\/www.zerdab.com\/?p=29922\"},\"author\":{\"name\":\"admin\",\"@id\":\"https:\/\/www.zerdab.com\/#\/schema\/person\/97079b7570c1e89ec0d9e138c3672136\"},\"headline\":\"2013-c\u00fc ild\u0259 Z\u0259rdab\u0131n Yuxar\u0131 Seyidl\u0259r k\u0259ndin\u0259 yax\u0131n \u0259razid\u0259 n\u0259l\u0259r a\u015fkarlan\u0131b? &#8211; Maraql\u0131 faktlar\",\"datePublished\":\"2023-05-24T15:06:03+00:00\",\"dateModified\":\"2023-10-10T12:39:53+00:00\",\"mainEntityOfPage\":{\"@id\":\"https:\/\/www.zerdab.com\/?p=29922\"},\"wordCount\":343,\"image\":{\"@id\":\"https:\/\/www.zerdab.com\/?p=29922#primaryimage\"},\"thumbnailUrl\":\"https:\/\/www.zerdab.com\/wp-content\/uploads\/2018\/12\/zerdab-yuxari-seyidler-intihar.jpg\",\"articleSection\":[\"MAN\u015eET\",\"Z\u018fRDABIN TAR\u0130X\u0130\"],\"inLanguage\":\"az\"},{\"@type\":\"WebPage\",\"@id\":\"https:\/\/www.zerdab.com\/?p=29922\",\"url\":\"https:\/\/www.zerdab.com\/?p=29922\",\"name\":\"2013-c\u00fc ild\u0259 Z\u0259rdab\u0131n Yuxar\u0131 Seyidl\u0259r k\u0259ndin\u0259 yax\u0131n \u0259razid\u0259 n\u0259l\u0259r a\u015fkarlan\u0131b? - Maraql\u0131 faktlar - Z\u0259rdab.com\",\"isPartOf\":{\"@id\":\"https:\/\/www.zerdab.com\/#website\"},\"primaryImageOfPage\":{\"@id\":\"https:\/\/www.zerdab.com\/?p=29922#primaryimage\"},\"image\":{\"@id\":\"https:\/\/www.zerdab.com\/?p=29922#primaryimage\"},\"thumbnailUrl\":\"https:\/\/www.zerdab.com\/wp-content\/uploads\/2018\/12\/zerdab-yuxari-seyidler-intihar.jpg\",\"datePublished\":\"2023-05-24T15:06:03+00:00\",\"dateModified\":\"2023-10-10T12:39:53+00:00\",\"author\":{\"@id\":\"https:\/\/www.zerdab.com\/#\/schema\/person\/97079b7570c1e89ec0d9e138c3672136\"},\"breadcrumb\":{\"@id\":\"https:\/\/www.zerdab.com\/?p=29922#breadcrumb\"},\"inLanguage\":\"az\",\"potentialAction\":[{\"@type\":\"ReadAction\",\"target\":[\"https:\/\/www.zerdab.com\/?p=29922\"]}]},{\"@type\":\"ImageObject\",\"inLanguage\":\"az\",\"@id\":\"https:\/\/www.zerdab.com\/?p=29922#primaryimage\",\"url\":\"https:\/\/www.zerdab.com\/wp-content\/uploads\/2018\/12\/zerdab-yuxari-seyidler-intihar.jpg\",\"contentUrl\":\"https:\/\/www.zerdab.com\/wp-content\/uploads\/2018\/12\/zerdab-yuxari-seyidler-intihar.jpg\",\"width\":800,\"height\":445,\"caption\":\"zerdab-yuxari-seyidler-intihar\"},{\"@type\":\"BreadcrumbList\",\"@id\":\"https:\/\/www.zerdab.com\/?p=29922#breadcrumb\",\"itemListElement\":[{\"@type\":\"ListItem\",\"position\":1,\"name\":\"Home\",\"item\":\"https:\/\/www.zerdab.com\/\"},{\"@type\":\"ListItem\",\"position\":2,\"name\":\"2013-c\u00fc ild\u0259 Z\u0259rdab\u0131n Yuxar\u0131 Seyidl\u0259r k\u0259ndin\u0259 yax\u0131n \u0259razid\u0259 n\u0259l\u0259r a\u015fkarlan\u0131b? &#8211; Maraql\u0131 faktlar\"}]},{\"@type\":\"WebSite\",\"@id\":\"https:\/\/www.zerdab.com\/#website\",\"url\":\"https:\/\/www.zerdab.com\/\",\"name\":\"Z\u0259rdab.com\",\"description\":\"\",\"potentialAction\":[{\"@type\":\"SearchAction\",\"target\":{\"@type\":\"EntryPoint\",\"urlTemplate\":\"https:\/\/www.zerdab.com\/?s={search_term_string}\"},\"query-input\":{\"@type\":\"PropertyValueSpecification\",\"valueRequired\":true,\"valueName\":\"search_term_string\"}}],\"inLanguage\":\"az\"},{\"@type\":\"Person\",\"@id\":\"https:\/\/www.zerdab.com\/#\/schema\/person\/97079b7570c1e89ec0d9e138c3672136\",\"name\":\"admin\",\"image\":{\"@type\":\"ImageObject\",\"inLanguage\":\"az\",\"@id\":\"https:\/\/www.zerdab.com\/#\/schema\/person\/image\/\",\"url\":\"https:\/\/secure.gravatar.com\/avatar\/d9c52a9a27c32119cb6679a077fa3e2779e5f822c451cbf01098004361d466ec?s=96&d=mm&r=g\",\"contentUrl\":\"https:\/\/secure.gravatar.com\/avatar\/d9c52a9a27c32119cb6679a077fa3e2779e5f822c451cbf01098004361d466ec?s=96&d=mm&r=g\",\"caption\":\"admin\"},\"url\":\"https:\/\/www.zerdab.com\/?author=1\"}]}<\/script>\n<!-- \/ Yoast SEO plugin. -->","yoast_head_json":{"title":"2013-c\u00fc ild\u0259 Z\u0259rdab\u0131n Yuxar\u0131 Seyidl\u0259r k\u0259ndin\u0259 yax\u0131n \u0259razid\u0259 n\u0259l\u0259r a\u015fkarlan\u0131b? - Maraql\u0131 faktlar - Z\u0259rdab.com","robots":{"index":"index","follow":"follow","max-snippet":"max-snippet:-1","max-image-preview":"max-image-preview:large","max-video-preview":"max-video-preview:-1"},"canonical":"https:\/\/www.zerdab.com\/?p=29922","og_locale":"az_AZ","og_type":"article","og_title":"2013-c\u00fc ild\u0259 Z\u0259rdab\u0131n Yuxar\u0131 Seyidl\u0259r k\u0259ndin\u0259 yax\u0131n \u0259razid\u0259 n\u0259l\u0259r a\u015fkarlan\u0131b? - Maraql\u0131 faktlar - Z\u0259rdab.com","og_description":"2013-c\u00fc ild\u0259 Z\u0259rdab rayonunun Yuxar\u0131 Seyidl\u0259r k\u0259ndin\u0259 yax\u0131n \u0259razid\u0259 Qanl\u0131ca g\u00f6l\u00fcn\u00fcn q\u0259rb hiss\u0259sind\u0259 iki t\u0259p\u0259likd\u0259 \u2013 Yera\u011fz\u0131 ya\u015fay\u0131\u015f yeri qeyd\u0259 al\u0131nm\u0131\u015f v\u0259 arxeoloji t\u0259dqiqat i\u015fl\u0259ri zaman\u0131 iki m\u0259d\u0259ni t\u0259b\u0259q\u0259nin oldu\u011fu m\u00fc\u0259yy\u0259n edilib. \u018fkin sah\u0259l\u0259rinin k\u0259nar\u0131nda yerl\u0259\u015f\u0259n ya\u015fay\u0131\u015f yerind\u0259 \u0259vv\u0259lki ill\u0259rd\u0259 d\u0259 \u015fumlama i\u015fl\u0259ri zaman\u0131 maddi m\u0259d\u0259niyy\u0259t n\u00fcmun\u0259l\u0259ri v\u0259 Atab\u0259yl\u0259r d\u00f6vr\u00fcn\u0259 aid mis pullar tap\u0131l\u0131b. T\u0259p\u0259l\u0259r [&hellip;]","og_url":"https:\/\/www.zerdab.com\/?p=29922","og_site_name":"Z\u0259rdab.com","article_published_time":"2023-05-24T15:06:03+00:00","article_modified_time":"2023-10-10T12:39:53+00:00","og_image":[{"width":800,"height":445,"url":"https:\/\/www.zerdab.com\/wp-content\/uploads\/2018\/12\/zerdab-yuxari-seyidler-intihar.jpg","type":"image\/jpeg"}],"author":"admin","twitter_card":"summary_large_image","twitter_misc":{"Written by":"admin","Est. reading time":"2 minutes"},"schema":{"@context":"https:\/\/schema.org","@graph":[{"@type":"Article","@id":"https:\/\/www.zerdab.com\/?p=29922#article","isPartOf":{"@id":"https:\/\/www.zerdab.com\/?p=29922"},"author":{"name":"admin","@id":"https:\/\/www.zerdab.com\/#\/schema\/person\/97079b7570c1e89ec0d9e138c3672136"},"headline":"2013-c\u00fc ild\u0259 Z\u0259rdab\u0131n Yuxar\u0131 Seyidl\u0259r k\u0259ndin\u0259 yax\u0131n \u0259razid\u0259 n\u0259l\u0259r a\u015fkarlan\u0131b? &#8211; Maraql\u0131 faktlar","datePublished":"2023-05-24T15:06:03+00:00","dateModified":"2023-10-10T12:39:53+00:00","mainEntityOfPage":{"@id":"https:\/\/www.zerdab.com\/?p=29922"},"wordCount":343,"image":{"@id":"https:\/\/www.zerdab.com\/?p=29922#primaryimage"},"thumbnailUrl":"https:\/\/www.zerdab.com\/wp-content\/uploads\/2018\/12\/zerdab-yuxari-seyidler-intihar.jpg","articleSection":["MAN\u015eET","Z\u018fRDABIN TAR\u0130X\u0130"],"inLanguage":"az"},{"@type":"WebPage","@id":"https:\/\/www.zerdab.com\/?p=29922","url":"https:\/\/www.zerdab.com\/?p=29922","name":"2013-c\u00fc ild\u0259 Z\u0259rdab\u0131n Yuxar\u0131 Seyidl\u0259r k\u0259ndin\u0259 yax\u0131n \u0259razid\u0259 n\u0259l\u0259r a\u015fkarlan\u0131b? - Maraql\u0131 faktlar - Z\u0259rdab.com","isPartOf":{"@id":"https:\/\/www.zerdab.com\/#website"},"primaryImageOfPage":{"@id":"https:\/\/www.zerdab.com\/?p=29922#primaryimage"},"image":{"@id":"https:\/\/www.zerdab.com\/?p=29922#primaryimage"},"thumbnailUrl":"https:\/\/www.zerdab.com\/wp-content\/uploads\/2018\/12\/zerdab-yuxari-seyidler-intihar.jpg","datePublished":"2023-05-24T15:06:03+00:00","dateModified":"2023-10-10T12:39:53+00:00","author":{"@id":"https:\/\/www.zerdab.com\/#\/schema\/person\/97079b7570c1e89ec0d9e138c3672136"},"breadcrumb":{"@id":"https:\/\/www.zerdab.com\/?p=29922#breadcrumb"},"inLanguage":"az","potentialAction":[{"@type":"ReadAction","target":["https:\/\/www.zerdab.com\/?p=29922"]}]},{"@type":"ImageObject","inLanguage":"az","@id":"https:\/\/www.zerdab.com\/?p=29922#primaryimage","url":"https:\/\/www.zerdab.com\/wp-content\/uploads\/2018\/12\/zerdab-yuxari-seyidler-intihar.jpg","contentUrl":"https:\/\/www.zerdab.com\/wp-content\/uploads\/2018\/12\/zerdab-yuxari-seyidler-intihar.jpg","width":800,"height":445,"caption":"zerdab-yuxari-seyidler-intihar"},{"@type":"BreadcrumbList","@id":"https:\/\/www.zerdab.com\/?p=29922#breadcrumb","itemListElement":[{"@type":"ListItem","position":1,"name":"Home","item":"https:\/\/www.zerdab.com\/"},{"@type":"ListItem","position":2,"name":"2013-c\u00fc ild\u0259 Z\u0259rdab\u0131n Yuxar\u0131 Seyidl\u0259r k\u0259ndin\u0259 yax\u0131n \u0259razid\u0259 n\u0259l\u0259r a\u015fkarlan\u0131b? &#8211; Maraql\u0131 faktlar"}]},{"@type":"WebSite","@id":"https:\/\/www.zerdab.com\/#website","url":"https:\/\/www.zerdab.com\/","name":"Z\u0259rdab.com","description":"","potentialAction":[{"@type":"SearchAction","target":{"@type":"EntryPoint","urlTemplate":"https:\/\/www.zerdab.com\/?s={search_term_string}"},"query-input":{"@type":"PropertyValueSpecification","valueRequired":true,"valueName":"search_term_string"}}],"inLanguage":"az"},{"@type":"Person","@id":"https:\/\/www.zerdab.com\/#\/schema\/person\/97079b7570c1e89ec0d9e138c3672136","name":"admin","image":{"@type":"ImageObject","inLanguage":"az","@id":"https:\/\/www.zerdab.com\/#\/schema\/person\/image\/","url":"https:\/\/secure.gravatar.com\/avatar\/d9c52a9a27c32119cb6679a077fa3e2779e5f822c451cbf01098004361d466ec?s=96&d=mm&r=g","contentUrl":"https:\/\/secure.gravatar.com\/avatar\/d9c52a9a27c32119cb6679a077fa3e2779e5f822c451cbf01098004361d466ec?s=96&d=mm&r=g","caption":"admin"},"url":"https:\/\/www.zerdab.com\/?author=1"}]}},"_links":{"self":[{"href":"https:\/\/www.zerdab.com\/index.php?rest_route=\/wp\/v2\/posts\/29922","targetHints":{"allow":["GET"]}}],"collection":[{"href":"https:\/\/www.zerdab.com\/index.php?rest_route=\/wp\/v2\/posts"}],"about":[{"href":"https:\/\/www.zerdab.com\/index.php?rest_route=\/wp\/v2\/types\/post"}],"author":[{"embeddable":true,"href":"https:\/\/www.zerdab.com\/index.php?rest_route=\/wp\/v2\/users\/1"}],"replies":[{"embeddable":true,"href":"https:\/\/www.zerdab.com\/index.php?rest_route=%2Fwp%2Fv2%2Fcomments&post=29922"}],"version-history":[{"count":1,"href":"https:\/\/www.zerdab.com\/index.php?rest_route=\/wp\/v2\/posts\/29922\/revisions"}],"predecessor-version":[{"id":29923,"href":"https:\/\/www.zerdab.com\/index.php?rest_route=\/wp\/v2\/posts\/29922\/revisions\/29923"}],"wp:featuredmedia":[{"embeddable":true,"href":"https:\/\/www.zerdab.com\/index.php?rest_route=\/wp\/v2\/media\/26269"}],"wp:attachment":[{"href":"https:\/\/www.zerdab.com\/index.php?rest_route=%2Fwp%2Fv2%2Fmedia&parent=29922"}],"wp:term":[{"taxonomy":"category","embeddable":true,"href":"https:\/\/www.zerdab.com\/index.php?rest_route=%2Fwp%2Fv2%2Fcategories&post=29922"},{"taxonomy":"post_tag","embeddable":true,"href":"https:\/\/www.zerdab.com\/index.php?rest_route=%2Fwp%2Fv2%2Ftags&post=29922"}],"curies":[{"name":"wp","href":"https:\/\/api.w.org\/{rel}","templated":true}]}}