{"id":29928,"date":"2023-06-12T20:10:23","date_gmt":"2023-06-12T16:10:23","guid":{"rendered":"https:\/\/www.zerdab.com\/?p=29928"},"modified":"2023-06-12T20:10:23","modified_gmt":"2023-06-12T16:10:23","slug":"z%c9%99rdabda-milli-dovl%c9%99tciliyimizin-xilaskari-movzusunda-konfrans-kecirilib-fotolar","status":"publish","type":"post","link":"https:\/\/www.zerdab.com\/?p=29928","title":{"rendered":"Z\u0259rdabda \u201cMilli d\u00f6vl\u0259t\u00e7iliyimizin xilaskar\u0131\u201d m\u00f6vzusunda konfrans ke\u00e7irilib &#8211; FOTOLAR"},"content":{"rendered":"<p><strong>\u201cAz\u0259rbaycan Respublikas\u0131nda 2023-c\u00fc ilin \u201cHeyd\u0259r \u018fliyev\u00a0<\/strong><strong>\u0130li\u201d elan edilm\u0259si il\u0259 ba\u011fl\u0131 T\u0259dbirl\u0259r Plan\u0131\u201dna uy\u011fun olaraq Z\u0259rdab rayon Heyd\u0259r \u018fliyev M\u0259rk\u0259zind\u0259 15 \u0130yun \u2013 Az\u0259rbaycan xalq\u0131n\u0131n milli qurtulu\u015f g\u00fcn\u00fc m\u00fcnasib\u0259til\u0259 \u201cMilli d\u00f6vl\u0259t\u00e7iliyimizin xilaskar\u0131\u201d m\u00f6vzusunda konfrans ke\u00e7irilib.<\/strong><\/p>\n<p><strong>Zerdab.com<\/strong> sayt\u0131 x\u0259b\u0259r verir ki, konfransda Z\u0259rdab Rayon \u0130cra Hakimiyy\u0259tinin ba\u015f\u00e7\u0131s\u0131 M\u0259rdan Camalzad\u0259, mill\u0259t v\u0259kili, YAP T\u0259fti\u015f Komissiyas\u0131n\u0131n \u00fczv\u00fc, siyasi elml\u0259r doktoru, professor Elman N\u0259sirov, YAP Z\u0259rdab Rayon T\u0259\u015fkilat\u0131n\u0131n s\u0259dri, h\u00fcquq m\u00fchafiz\u0259 orqanlar\u0131n\u0131n r\u0259hb\u0259rl\u0259ri, rayonda f\u0259aliyy\u0259t g\u00f6st\u0259r\u0259n idar\u0259, m\u00fc\u0259ssis\u0259, t\u0259\u015fkilat r\u0259hb\u0259rl\u0259ri v\u0259 ictimaiyy\u0259t n\u00fcmay\u0259nd\u0259l\u0259ri i\u015ftirak edibl\u0259r.<\/p>\n<p>T\u0259dbir i\u015ftirak\u00e7\u0131lar\u0131 ilk \u00f6nc\u0259 \u00fcmummilli lider Heyd\u0259r \u018fliyevin abid\u0259sini ziyar\u0259t edib, \u00f6n\u00fcn\u0259 g\u00fcl d\u0259st\u0259l\u0259ri qoyublar.<\/p>\n<p>Konfrans ulu \u00f6nd\u0259r Heyd\u0259r \u018fliyevin v\u0259 torpaqlar\u0131m\u0131z\u0131n azadl\u0131\u011f\u0131 u\u011frunda canlar\u0131n\u0131 qurban vermi\u015f q\u0259hr\u0259man V\u0259t\u0259n \u00f6vladlar\u0131n\u0131n \u0259ziz xatir\u0259sinin bir d\u0259qiq\u0259lik s\u00fckutla yad edilm\u0259si il\u0259 ba\u015flan\u0131l\u0131b.<\/p>\n<p>T\u0259dbiri giri\u015f s\u00f6z\u00fc il\u0259 a\u00e7an Rayon \u0130cra Hakimiyy\u0259tinin ba\u015f\u00e7\u0131s\u0131 M\u0259rdan Camalzad\u0259 bildirib ki, ulu \u00f6nd\u0259r Heyd\u0259r \u018fliyev Az\u0259rbaycana r\u0259hb\u0259rlik etdiyi d\u00f6vrl\u0259rd\u0259 q\u0259lbl\u0259rd\u0259 daimi sevgi, xatir\u0259l\u0259rd\u0259 \u0259b\u0259diya\u015farl\u0131q qazan\u0131b. \u00dcmummilli lider q\u0131sa zaman k\u0259siyind\u0259 \u00f6lk\u0259d\u0259 sabitliyi t\u0259min edib, Az\u0259rbaycan\u0131 inki\u015faf yoluna \u00e7\u0131xar\u0131b. Bu g\u00fcn Az\u0259rbaycan Prezidenti \u0130lham \u018fliyev \u00fcmummilli liderin siyasi kursunu u\u011furla davam etdirir. Ulu \u00f6nd\u0259r Heyd\u0259r \u018fliyev siyas\u0259tinin m\u00fcv\u0259ff\u0259qiyy\u0259tl\u0259 h\u0259yata ke\u00e7irilm\u0259si m\u00fcst\u0259qilliyimizi m\u00f6hk\u0259ml\u0259ndirir, beyn\u0259lxalq al\u0259md\u0259 Az\u0259rbaycan\u0131n rolunu v\u0259 n\u00fcfuzunu art\u0131r\u0131r.<\/p>\n<div id=\"22881912783\"><\/div>\n<p>Mill\u0259t v\u0259kili Elman N\u0259sirov \u00e7\u0131x\u0131\u015f\u0131nda qeyd edib ki, b\u00f6y\u00fck \u015f\u0259xsiyy\u0259tl\u0259r ya\u015fay\u0131b yaratd\u0131qlar\u0131, f\u0259aliyy\u0259t g\u00f6st\u0259rdikl\u0259ri zamanlarda siyasi, iqtisadi v\u0259 dig\u0259r prosesl\u0259ri \u00f6z xalqlar\u0131n\u0131n rifah\u0131 namin\u0259 ir\u0259liy\u0259 aparmaqla adlar\u0131n\u0131 \u0259b\u0259di olaraq tarix\u0259 yazd\u0131r\u0131rlar. Az\u0259rbaycan xalq\u0131 h\u0259r zaman m\u00fcasir d\u00f6vl\u0259timizin memar\u0131 v\u0259 qurucusu, xalq\u0131n\u0131n v\u0259 \u00f6lk\u0259sinin m\u00fcst\u0259qilliyi, inki\u015faf\u0131 namin\u0259 b\u00f6y\u00fck v\u0259 \u0259v\u0259zedilm\u0259z i\u015fl\u0259r g\u00f6rm\u00fc\u015f, bununla ba\u011fl\u0131 tarixi prosesl\u0259r\u0259 t\u0259sir g\u00f6st\u0259rmi\u015f dahi \u015f\u0259xsiyy\u0259t Heyd\u0259r \u018fliyevi q\u00fcrur hissi il\u0259 xat\u0131rlay\u0131r. \u00c7\u0131x\u0131\u015f ed\u0259n dig\u0259r qonaqlar Ulu \u00d6nd\u0259r Heyd\u0259r \u018fliyevin xalq\u0131m\u0131z qar\u015f\u0131s\u0131nda misilsiz xidm\u0259tl\u0259rind\u0259n b\u0259hs edibl\u0259r.<\/p>\n<p>Daha sonra ulu \u00f6nd\u0259r Heyd\u0259r \u018fliyevin 100 illik yubileyin\u0259 h\u0259sr olunmu\u015f \u201cAz\u0259rbaycan\u0131n d\u00f6vl\u0259t\u00e7ilik tarixind\u0259 Qurtulu\u015f G\u00fcn\u00fc\u201d adl\u0131 video\u00e7arx n\u00fcmayi\u015f olunub.<\/p>\n<p>T\u0259dbirin sonunda YAP-\u0131n s\u0131ralar\u0131na yeni qo\u015fulmu\u015f \u015f\u0259xsl\u0259r\u0259 \u00fczvl\u00fck v\u0259siq\u0259l\u0259ri t\u0259qdim edilib.<\/p>\n<p>&nbsp;<\/p>\n<div><\/div>\n<div><img decoding=\"async\" class=\"img-responsive\" title=\"\" src=\"https:\/\/qafqazinfo.az\/uploads\/1686576833\/WhatsApp_Image_2023-06-12_at_17.30.15.jpeg\" alt=\"\" \/><br \/>\n<img decoding=\"async\" class=\"img-responsive\" title=\"\" src=\"https:\/\/qafqazinfo.az\/uploads\/1686576833\/WhatsApp_Image_2023-06-12_at_17.30.15__1_.jpeg\" alt=\"\" \/><br \/>\n<img decoding=\"async\" class=\"img-responsive\" title=\"\" src=\"https:\/\/qafqazinfo.az\/uploads\/1686576833\/WhatsApp_Image_2023-06-12_at_17.30.16__1_.jpeg\" alt=\"\" \/><br \/>\n<img decoding=\"async\" class=\"img-responsive\" title=\"\" src=\"https:\/\/qafqazinfo.az\/uploads\/1686576833\/WhatsApp_Image_2023-06-12_at_17.30.16__3_.jpeg\" alt=\"\" \/><br \/>\n<img decoding=\"async\" class=\"img-responsive\" title=\"\" src=\"https:\/\/qafqazinfo.az\/uploads\/1686576833\/WhatsApp_Image_2023-06-12_at_17.30.16__2_.jpeg\" alt=\"\" \/><br \/>\n<img decoding=\"async\" class=\"img-responsive\" title=\"\" src=\"https:\/\/qafqazinfo.az\/uploads\/1686576833\/WhatsApp_Image_2023-06-12_at_17.30.17.jpeg\" alt=\"\" \/><br \/>\n<img decoding=\"async\" class=\"img-responsive\" title=\"\" src=\"https:\/\/qafqazinfo.az\/uploads\/1686576833\/WhatsApp_Image_2023-06-12_at_17.30.18__2_.jpeg\" alt=\"\" \/><br \/>\n<img decoding=\"async\" class=\"img-responsive\" title=\"\" src=\"https:\/\/qafqazinfo.az\/uploads\/1686576833\/WhatsApp_Image_2023-06-12_at_17.30.18__1_.jpeg\" alt=\"\" \/><br \/>\n<img decoding=\"async\" class=\"img-responsive\" title=\"\" src=\"https:\/\/qafqazinfo.az\/uploads\/1686576833\/WhatsApp_Image_2023-06-12_at_17.30.18.jpeg\" alt=\"\" \/><br \/>\n<img decoding=\"async\" class=\"img-responsive\" title=\"\" src=\"https:\/\/qafqazinfo.az\/uploads\/1686576833\/WhatsApp_Image_2023-06-12_at_17.30.17__2_.jpeg\" alt=\"\" \/><br \/>\n<img decoding=\"async\" class=\"img-responsive\" title=\"\" src=\"https:\/\/qafqazinfo.az\/uploads\/1686576833\/WhatsApp_Image_2023-06-12_at_17.30.17__1_.jpeg\" alt=\"\" \/><\/div>\n<div><ins id=\"ainsyndicationid168658607773385\" class=\"ainsyndicationid168658607773385\" data-ad-slot=\"3694\" data-ainsyndication-status=\"done\" data-percentageseen=\"44\"><\/p>\n<div class=\"a-st w-620x300 hover\">\n<div class=\"w-620-img hover-before\"><img decoding=\"async\" src=\"https:\/\/cdn.ainsyndication.com\/2023-06\/ae5c5a23ef4d15f3737ebb326f07795d\/\/img\/620x120-z-flip.png\" alt=\"\" \/><\/div>\n<div class=\"w-620-img hover-after\"><\/div>\n<\/div>\n<p><\/ins><\/div>\n","protected":false},"excerpt":{"rendered":"<p>\u201cAz\u0259rbaycan Respublikas\u0131nda 2023-c\u00fc ilin \u201cHeyd\u0259r \u018fliyev\u00a0\u0130li\u201d elan edilm\u0259si il\u0259 ba\u011fl\u0131 T\u0259dbirl\u0259r Plan\u0131\u201dna uy\u011fun olaraq Z\u0259rdab rayon Heyd\u0259r \u018fliyev M\u0259rk\u0259zind\u0259 15 \u0130yun \u2013 Az\u0259rbaycan xalq\u0131n\u0131n milli qurtulu\u015f g\u00fcn\u00fc m\u00fcnasib\u0259til\u0259 \u201cMilli d\u00f6vl\u0259t\u00e7iliyimizin xilaskar\u0131\u201d m\u00f6vzusunda konfrans ke\u00e7irilib. Zerdab.com sayt\u0131 x\u0259b\u0259r verir ki, konfransda Z\u0259rdab Rayon \u0130cra Hakimiyy\u0259tinin ba\u015f\u00e7\u0131s\u0131 M\u0259rdan Camalzad\u0259, mill\u0259t v\u0259kili, YAP T\u0259fti\u015f Komissiyas\u0131n\u0131n \u00fczv\u00fc, siyasi elml\u0259r [&hellip;]<\/p>\n","protected":false},"author":1,"featured_media":29929,"comment_status":"closed","ping_status":"closed","sticky":false,"template":"","format":"standard","meta":{"footnotes":""},"categories":[63,5],"tags":[],"class_list":{"0":"post-29928","1":"post","2":"type-post","3":"status-publish","4":"format-standard","5":"has-post-thumbnail","7":"category-manset","8":"category-knd"},"yoast_head":"<!-- This site is optimized with the Yoast SEO plugin v27.0 - https:\/\/yoast.com\/product\/yoast-seo-wordpress\/ -->\n<title>Z\u0259rdabda \u201cMilli d\u00f6vl\u0259t\u00e7iliyimizin xilaskar\u0131\u201d m\u00f6vzusunda konfrans ke\u00e7irilib - FOTOLAR - Z\u0259rdab.com<\/title>\n<meta name=\"robots\" content=\"index, follow, max-snippet:-1, max-image-preview:large, max-video-preview:-1\" \/>\n<link rel=\"canonical\" href=\"https:\/\/www.zerdab.com\/?p=29928\" \/>\n<meta property=\"og:locale\" content=\"az_AZ\" \/>\n<meta property=\"og:type\" content=\"article\" \/>\n<meta property=\"og:title\" content=\"Z\u0259rdabda \u201cMilli d\u00f6vl\u0259t\u00e7iliyimizin xilaskar\u0131\u201d m\u00f6vzusunda konfrans ke\u00e7irilib - FOTOLAR - Z\u0259rdab.com\" \/>\n<meta property=\"og:description\" content=\"\u201cAz\u0259rbaycan Respublikas\u0131nda 2023-c\u00fc ilin \u201cHeyd\u0259r \u018fliyev\u00a0\u0130li\u201d elan edilm\u0259si il\u0259 ba\u011fl\u0131 T\u0259dbirl\u0259r Plan\u0131\u201dna uy\u011fun olaraq Z\u0259rdab rayon Heyd\u0259r \u018fliyev M\u0259rk\u0259zind\u0259 15 \u0130yun \u2013 Az\u0259rbaycan xalq\u0131n\u0131n milli qurtulu\u015f g\u00fcn\u00fc m\u00fcnasib\u0259til\u0259 \u201cMilli d\u00f6vl\u0259t\u00e7iliyimizin xilaskar\u0131\u201d m\u00f6vzusunda konfrans ke\u00e7irilib. Zerdab.com sayt\u0131 x\u0259b\u0259r verir ki, konfransda Z\u0259rdab Rayon \u0130cra Hakimiyy\u0259tinin ba\u015f\u00e7\u0131s\u0131 M\u0259rdan Camalzad\u0259, mill\u0259t v\u0259kili, YAP T\u0259fti\u015f Komissiyas\u0131n\u0131n \u00fczv\u00fc, siyasi elml\u0259r [&hellip;]\" \/>\n<meta property=\"og:url\" content=\"https:\/\/www.zerdab.com\/?p=29928\" \/>\n<meta property=\"og:site_name\" content=\"Z\u0259rdab.com\" \/>\n<meta property=\"article:published_time\" content=\"2023-06-12T16:10:23+00:00\" \/>\n<meta property=\"og:image\" content=\"https:\/\/www.zerdab.com\/wp-content\/uploads\/2023\/06\/zerdab-milli-dovletcilik-xilaskar-tedbir.jpg\" \/>\n\t<meta property=\"og:image:width\" content=\"1024\" \/>\n\t<meta property=\"og:image:height\" content=\"473\" \/>\n\t<meta property=\"og:image:type\" content=\"image\/jpeg\" \/>\n<meta name=\"author\" content=\"admin\" \/>\n<meta name=\"twitter:card\" content=\"summary_large_image\" \/>\n<meta name=\"twitter:label1\" content=\"Written by\" \/>\n\t<meta name=\"twitter:data1\" content=\"admin\" \/>\n\t<meta name=\"twitter:label2\" content=\"Est. reading time\" \/>\n\t<meta name=\"twitter:data2\" content=\"3 minutes\" \/>\n<script type=\"application\/ld+json\" class=\"yoast-schema-graph\">{\"@context\":\"https:\/\/schema.org\",\"@graph\":[{\"@type\":\"Article\",\"@id\":\"https:\/\/www.zerdab.com\/?p=29928#article\",\"isPartOf\":{\"@id\":\"https:\/\/www.zerdab.com\/?p=29928\"},\"author\":{\"name\":\"admin\",\"@id\":\"https:\/\/www.zerdab.com\/#\/schema\/person\/97079b7570c1e89ec0d9e138c3672136\"},\"headline\":\"Z\u0259rdabda \u201cMilli d\u00f6vl\u0259t\u00e7iliyimizin xilaskar\u0131\u201d m\u00f6vzusunda konfrans ke\u00e7irilib &#8211; FOTOLAR\",\"datePublished\":\"2023-06-12T16:10:23+00:00\",\"mainEntityOfPage\":{\"@id\":\"https:\/\/www.zerdab.com\/?p=29928\"},\"wordCount\":553,\"image\":{\"@id\":\"https:\/\/www.zerdab.com\/?p=29928#primaryimage\"},\"thumbnailUrl\":\"https:\/\/www.zerdab.com\/wp-content\/uploads\/2023\/06\/zerdab-milli-dovletcilik-xilaskar-tedbir.jpg\",\"articleSection\":[\"MAN\u015eET\",\"X\u018fB\u018fRL\u018fR\"],\"inLanguage\":\"az\"},{\"@type\":\"WebPage\",\"@id\":\"https:\/\/www.zerdab.com\/?p=29928\",\"url\":\"https:\/\/www.zerdab.com\/?p=29928\",\"name\":\"Z\u0259rdabda \u201cMilli d\u00f6vl\u0259t\u00e7iliyimizin xilaskar\u0131\u201d m\u00f6vzusunda konfrans ke\u00e7irilib - FOTOLAR - Z\u0259rdab.com\",\"isPartOf\":{\"@id\":\"https:\/\/www.zerdab.com\/#website\"},\"primaryImageOfPage\":{\"@id\":\"https:\/\/www.zerdab.com\/?p=29928#primaryimage\"},\"image\":{\"@id\":\"https:\/\/www.zerdab.com\/?p=29928#primaryimage\"},\"thumbnailUrl\":\"https:\/\/www.zerdab.com\/wp-content\/uploads\/2023\/06\/zerdab-milli-dovletcilik-xilaskar-tedbir.jpg\",\"datePublished\":\"2023-06-12T16:10:23+00:00\",\"author\":{\"@id\":\"https:\/\/www.zerdab.com\/#\/schema\/person\/97079b7570c1e89ec0d9e138c3672136\"},\"breadcrumb\":{\"@id\":\"https:\/\/www.zerdab.com\/?p=29928#breadcrumb\"},\"inLanguage\":\"az\",\"potentialAction\":[{\"@type\":\"ReadAction\",\"target\":[\"https:\/\/www.zerdab.com\/?p=29928\"]}]},{\"@type\":\"ImageObject\",\"inLanguage\":\"az\",\"@id\":\"https:\/\/www.zerdab.com\/?p=29928#primaryimage\",\"url\":\"https:\/\/www.zerdab.com\/wp-content\/uploads\/2023\/06\/zerdab-milli-dovletcilik-xilaskar-tedbir.jpg\",\"contentUrl\":\"https:\/\/www.zerdab.com\/wp-content\/uploads\/2023\/06\/zerdab-milli-dovletcilik-xilaskar-tedbir.jpg\",\"width\":1024,\"height\":473,\"caption\":\"zerdab-milli-dovletcilik-xilaskar-tedbir.png\"},{\"@type\":\"BreadcrumbList\",\"@id\":\"https:\/\/www.zerdab.com\/?p=29928#breadcrumb\",\"itemListElement\":[{\"@type\":\"ListItem\",\"position\":1,\"name\":\"Home\",\"item\":\"https:\/\/www.zerdab.com\/\"},{\"@type\":\"ListItem\",\"position\":2,\"name\":\"Z\u0259rdabda \u201cMilli d\u00f6vl\u0259t\u00e7iliyimizin xilaskar\u0131\u201d m\u00f6vzusunda konfrans ke\u00e7irilib &#8211; FOTOLAR\"}]},{\"@type\":\"WebSite\",\"@id\":\"https:\/\/www.zerdab.com\/#website\",\"url\":\"https:\/\/www.zerdab.com\/\",\"name\":\"Z\u0259rdab.com\",\"description\":\"\",\"potentialAction\":[{\"@type\":\"SearchAction\",\"target\":{\"@type\":\"EntryPoint\",\"urlTemplate\":\"https:\/\/www.zerdab.com\/?s={search_term_string}\"},\"query-input\":{\"@type\":\"PropertyValueSpecification\",\"valueRequired\":true,\"valueName\":\"search_term_string\"}}],\"inLanguage\":\"az\"},{\"@type\":\"Person\",\"@id\":\"https:\/\/www.zerdab.com\/#\/schema\/person\/97079b7570c1e89ec0d9e138c3672136\",\"name\":\"admin\",\"image\":{\"@type\":\"ImageObject\",\"inLanguage\":\"az\",\"@id\":\"https:\/\/www.zerdab.com\/#\/schema\/person\/image\/\",\"url\":\"https:\/\/secure.gravatar.com\/avatar\/d9c52a9a27c32119cb6679a077fa3e2779e5f822c451cbf01098004361d466ec?s=96&d=mm&r=g\",\"contentUrl\":\"https:\/\/secure.gravatar.com\/avatar\/d9c52a9a27c32119cb6679a077fa3e2779e5f822c451cbf01098004361d466ec?s=96&d=mm&r=g\",\"caption\":\"admin\"},\"url\":\"https:\/\/www.zerdab.com\/?author=1\"}]}<\/script>\n<!-- \/ Yoast SEO plugin. -->","yoast_head_json":{"title":"Z\u0259rdabda \u201cMilli d\u00f6vl\u0259t\u00e7iliyimizin xilaskar\u0131\u201d m\u00f6vzusunda konfrans ke\u00e7irilib - FOTOLAR - Z\u0259rdab.com","robots":{"index":"index","follow":"follow","max-snippet":"max-snippet:-1","max-image-preview":"max-image-preview:large","max-video-preview":"max-video-preview:-1"},"canonical":"https:\/\/www.zerdab.com\/?p=29928","og_locale":"az_AZ","og_type":"article","og_title":"Z\u0259rdabda \u201cMilli d\u00f6vl\u0259t\u00e7iliyimizin xilaskar\u0131\u201d m\u00f6vzusunda konfrans ke\u00e7irilib - FOTOLAR - Z\u0259rdab.com","og_description":"\u201cAz\u0259rbaycan Respublikas\u0131nda 2023-c\u00fc ilin \u201cHeyd\u0259r \u018fliyev\u00a0\u0130li\u201d elan edilm\u0259si il\u0259 ba\u011fl\u0131 T\u0259dbirl\u0259r Plan\u0131\u201dna uy\u011fun olaraq Z\u0259rdab rayon Heyd\u0259r \u018fliyev M\u0259rk\u0259zind\u0259 15 \u0130yun \u2013 Az\u0259rbaycan xalq\u0131n\u0131n milli qurtulu\u015f g\u00fcn\u00fc m\u00fcnasib\u0259til\u0259 \u201cMilli d\u00f6vl\u0259t\u00e7iliyimizin xilaskar\u0131\u201d m\u00f6vzusunda konfrans ke\u00e7irilib. Zerdab.com sayt\u0131 x\u0259b\u0259r verir ki, konfransda Z\u0259rdab Rayon \u0130cra Hakimiyy\u0259tinin ba\u015f\u00e7\u0131s\u0131 M\u0259rdan Camalzad\u0259, mill\u0259t v\u0259kili, YAP T\u0259fti\u015f Komissiyas\u0131n\u0131n \u00fczv\u00fc, siyasi elml\u0259r [&hellip;]","og_url":"https:\/\/www.zerdab.com\/?p=29928","og_site_name":"Z\u0259rdab.com","article_published_time":"2023-06-12T16:10:23+00:00","og_image":[{"width":1024,"height":473,"url":"https:\/\/www.zerdab.com\/wp-content\/uploads\/2023\/06\/zerdab-milli-dovletcilik-xilaskar-tedbir.jpg","type":"image\/jpeg"}],"author":"admin","twitter_card":"summary_large_image","twitter_misc":{"Written by":"admin","Est. reading time":"3 minutes"},"schema":{"@context":"https:\/\/schema.org","@graph":[{"@type":"Article","@id":"https:\/\/www.zerdab.com\/?p=29928#article","isPartOf":{"@id":"https:\/\/www.zerdab.com\/?p=29928"},"author":{"name":"admin","@id":"https:\/\/www.zerdab.com\/#\/schema\/person\/97079b7570c1e89ec0d9e138c3672136"},"headline":"Z\u0259rdabda \u201cMilli d\u00f6vl\u0259t\u00e7iliyimizin xilaskar\u0131\u201d m\u00f6vzusunda konfrans ke\u00e7irilib &#8211; FOTOLAR","datePublished":"2023-06-12T16:10:23+00:00","mainEntityOfPage":{"@id":"https:\/\/www.zerdab.com\/?p=29928"},"wordCount":553,"image":{"@id":"https:\/\/www.zerdab.com\/?p=29928#primaryimage"},"thumbnailUrl":"https:\/\/www.zerdab.com\/wp-content\/uploads\/2023\/06\/zerdab-milli-dovletcilik-xilaskar-tedbir.jpg","articleSection":["MAN\u015eET","X\u018fB\u018fRL\u018fR"],"inLanguage":"az"},{"@type":"WebPage","@id":"https:\/\/www.zerdab.com\/?p=29928","url":"https:\/\/www.zerdab.com\/?p=29928","name":"Z\u0259rdabda \u201cMilli d\u00f6vl\u0259t\u00e7iliyimizin xilaskar\u0131\u201d m\u00f6vzusunda konfrans ke\u00e7irilib - FOTOLAR - Z\u0259rdab.com","isPartOf":{"@id":"https:\/\/www.zerdab.com\/#website"},"primaryImageOfPage":{"@id":"https:\/\/www.zerdab.com\/?p=29928#primaryimage"},"image":{"@id":"https:\/\/www.zerdab.com\/?p=29928#primaryimage"},"thumbnailUrl":"https:\/\/www.zerdab.com\/wp-content\/uploads\/2023\/06\/zerdab-milli-dovletcilik-xilaskar-tedbir.jpg","datePublished":"2023-06-12T16:10:23+00:00","author":{"@id":"https:\/\/www.zerdab.com\/#\/schema\/person\/97079b7570c1e89ec0d9e138c3672136"},"breadcrumb":{"@id":"https:\/\/www.zerdab.com\/?p=29928#breadcrumb"},"inLanguage":"az","potentialAction":[{"@type":"ReadAction","target":["https:\/\/www.zerdab.com\/?p=29928"]}]},{"@type":"ImageObject","inLanguage":"az","@id":"https:\/\/www.zerdab.com\/?p=29928#primaryimage","url":"https:\/\/www.zerdab.com\/wp-content\/uploads\/2023\/06\/zerdab-milli-dovletcilik-xilaskar-tedbir.jpg","contentUrl":"https:\/\/www.zerdab.com\/wp-content\/uploads\/2023\/06\/zerdab-milli-dovletcilik-xilaskar-tedbir.jpg","width":1024,"height":473,"caption":"zerdab-milli-dovletcilik-xilaskar-tedbir.png"},{"@type":"BreadcrumbList","@id":"https:\/\/www.zerdab.com\/?p=29928#breadcrumb","itemListElement":[{"@type":"ListItem","position":1,"name":"Home","item":"https:\/\/www.zerdab.com\/"},{"@type":"ListItem","position":2,"name":"Z\u0259rdabda \u201cMilli d\u00f6vl\u0259t\u00e7iliyimizin xilaskar\u0131\u201d m\u00f6vzusunda konfrans ke\u00e7irilib &#8211; FOTOLAR"}]},{"@type":"WebSite","@id":"https:\/\/www.zerdab.com\/#website","url":"https:\/\/www.zerdab.com\/","name":"Z\u0259rdab.com","description":"","potentialAction":[{"@type":"SearchAction","target":{"@type":"EntryPoint","urlTemplate":"https:\/\/www.zerdab.com\/?s={search_term_string}"},"query-input":{"@type":"PropertyValueSpecification","valueRequired":true,"valueName":"search_term_string"}}],"inLanguage":"az"},{"@type":"Person","@id":"https:\/\/www.zerdab.com\/#\/schema\/person\/97079b7570c1e89ec0d9e138c3672136","name":"admin","image":{"@type":"ImageObject","inLanguage":"az","@id":"https:\/\/www.zerdab.com\/#\/schema\/person\/image\/","url":"https:\/\/secure.gravatar.com\/avatar\/d9c52a9a27c32119cb6679a077fa3e2779e5f822c451cbf01098004361d466ec?s=96&d=mm&r=g","contentUrl":"https:\/\/secure.gravatar.com\/avatar\/d9c52a9a27c32119cb6679a077fa3e2779e5f822c451cbf01098004361d466ec?s=96&d=mm&r=g","caption":"admin"},"url":"https:\/\/www.zerdab.com\/?author=1"}]}},"_links":{"self":[{"href":"https:\/\/www.zerdab.com\/index.php?rest_route=\/wp\/v2\/posts\/29928","targetHints":{"allow":["GET"]}}],"collection":[{"href":"https:\/\/www.zerdab.com\/index.php?rest_route=\/wp\/v2\/posts"}],"about":[{"href":"https:\/\/www.zerdab.com\/index.php?rest_route=\/wp\/v2\/types\/post"}],"author":[{"embeddable":true,"href":"https:\/\/www.zerdab.com\/index.php?rest_route=\/wp\/v2\/users\/1"}],"replies":[{"embeddable":true,"href":"https:\/\/www.zerdab.com\/index.php?rest_route=%2Fwp%2Fv2%2Fcomments&post=29928"}],"version-history":[{"count":1,"href":"https:\/\/www.zerdab.com\/index.php?rest_route=\/wp\/v2\/posts\/29928\/revisions"}],"predecessor-version":[{"id":29930,"href":"https:\/\/www.zerdab.com\/index.php?rest_route=\/wp\/v2\/posts\/29928\/revisions\/29930"}],"wp:featuredmedia":[{"embeddable":true,"href":"https:\/\/www.zerdab.com\/index.php?rest_route=\/wp\/v2\/media\/29929"}],"wp:attachment":[{"href":"https:\/\/www.zerdab.com\/index.php?rest_route=%2Fwp%2Fv2%2Fmedia&parent=29928"}],"wp:term":[{"taxonomy":"category","embeddable":true,"href":"https:\/\/www.zerdab.com\/index.php?rest_route=%2Fwp%2Fv2%2Fcategories&post=29928"},{"taxonomy":"post_tag","embeddable":true,"href":"https:\/\/www.zerdab.com\/index.php?rest_route=%2Fwp%2Fv2%2Ftags&post=29928"}],"curies":[{"name":"wp","href":"https:\/\/api.w.org\/{rel}","templated":true}]}}