{"id":29931,"date":"2023-06-15T16:17:47","date_gmt":"2023-06-15T12:17:47","guid":{"rendered":"https:\/\/www.zerdab.com\/?p=29931"},"modified":"2023-06-15T16:22:59","modified_gmt":"2023-06-15T12:22:59","slug":"z%c9%99rdab-rayon-icra-hakimiyy%c9%99tind%c9%99-yeni-kadr-t%c9%99yinati","status":"publish","type":"post","link":"https:\/\/www.zerdab.com\/?p=29931","title":{"rendered":"Z\u0259rdab Rayon \u0130cra Hakimiyy\u0259tind\u0259 yeni kadr t\u0259yinat\u0131"},"content":{"rendered":"<div>\n<div class=\"\" dir=\"auto\">\n<div id=\":Rl3altaiql5bb9l5qq75b5klbaH2:\" class=\"x1iorvi4 x1pi30zi x1l90r2v x1swvt13\" data-ad-comet-preview=\"message\" data-ad-preview=\"message\">\n<div class=\"x78zum5 xdt5ytf xz62fqu x16ldp7u\">\n<div class=\"xu06os2 x1ok221b\">\n<div class=\"xdj266r x11i5rnm xat24cr x1mh8g0r x1vvkbs x126k92a\">\n<div dir=\"auto\">Z\u0259rdab Rayon \u0130cra Hakimiyy\u0259tind\u0259 yeni t\u0259yinat olub.<\/div>\n<div dir=\"auto\"><\/div>\n<div dir=\"auto\"><strong>Zerdab.com<\/strong> sayt\u0131 x\u0259b\u0259r verir ki, Yeni Az\u0259rbaycan Partiyas\u0131 Z\u0259rdab rayon t\u0259\u015fkilat\u0131n\u0131n s\u0259dr m\u00fcavini Ramo Hac\u0131yev Z\u0259rdab Rayon \u0130cra Hakimiyy\u0259ti Ba\u015f\u00e7\u0131s\u0131n\u0131n birinci m\u00fcavini v\u0259zif\u0259sin\u0259 t\u0259yin olunub.<\/div>\n<div dir=\"auto\"><img loading=\"lazy\" decoding=\"async\" class=\"alignnone size-full wp-image-29932\" src=\"http:\/\/www.zerdab.com\/wp-content\/uploads\/2023\/06\/ramo-haciyev-zerdab-icra-hakimiyyeti.jpg\" alt=\"ramo-haciyev-zerdab-icra-hakimiyyeti.png\" width=\"317\" height=\"347\" \/><\/div>\n<div dir=\"auto\">\n<p>Ramo Hac\u0131yev \u0259vv\u0259ll\u0259r\u00a0<em>Z\u0259rdab rayonu<\/em>\u00a0\u00fczr\u0259\u00a0<em>t\u0259hsil<\/em> sektorunun m\u00fcdir m\u00fcavini v\u0259zif\u0259sind\u0259 d\u0259 \u00e7al\u0131\u015f\u0131b.<\/p>\n<\/div>\n<\/div>\n<\/div>\n<\/div>\n<\/div>\n<\/div>\n<div id=\":Rl3altaiql5bb9l5qq75b5klbaH3:\" class=\"x1n2onr6\">\n<div class=\"x1n2onr6\">\n<div class=\"x6s0dn4 x1jx94hy x78zum5 xdt5ytf x6ikm8r x10wlt62 x1n2onr6 xh8yej3\">\n<div class=\"xqtp20y x6ikm8r x10wlt62 x1n2onr6\">\n<div class=\"x10l6tqk x13vifvy\">Qeyd ed\u0259k ki, Ramo Hac\u0131yev bu v\u0259zif\u0259d\u0259 R\u0259hman Feyzullayevi \u0259v\u0259z edib.<\/div>\n<\/div>\n<div class=\"xqtp20y x6ikm8r x10wlt62 x1n2onr6\">\n<div>\n<p>R\u0259hman Feyzullayev bu v\u0259zif\u0259y\u0259 2015-ci ild\u0259 t\u0259yin olunmu\u015fdu.<\/p>\n<\/div>\n<\/div>\n<\/div>\n<\/div>\n<div class=\"x6ikm8r x10wlt62\">R\u0259hman Feyzullayevin ya\u015f h\u0259ddi il\u0259 \u0259laq\u0259dar v\u0259zif\u0259d\u0259n \u00e7\u0131xar\u0131ld\u0131\u011f\u0131 deyilir.<\/div>\n<\/div>\n<div><\/div>\n<div><strong>Zerdab.com<\/strong><\/div>\n<\/div>\n","protected":false},"excerpt":{"rendered":"<p>Z\u0259rdab Rayon \u0130cra Hakimiyy\u0259tind\u0259 yeni t\u0259yinat olub. Zerdab.com sayt\u0131 x\u0259b\u0259r verir ki, Yeni Az\u0259rbaycan Partiyas\u0131 Z\u0259rdab rayon t\u0259\u015fkilat\u0131n\u0131n s\u0259dr m\u00fcavini Ramo Hac\u0131yev Z\u0259rdab Rayon \u0130cra Hakimiyy\u0259ti Ba\u015f\u00e7\u0131s\u0131n\u0131n birinci m\u00fcavini v\u0259zif\u0259sin\u0259 t\u0259yin olunub. Ramo Hac\u0131yev \u0259vv\u0259ll\u0259r\u00a0Z\u0259rdab rayonu\u00a0\u00fczr\u0259\u00a0t\u0259hsil sektorunun m\u00fcdir m\u00fcavini v\u0259zif\u0259sind\u0259 d\u0259 \u00e7al\u0131\u015f\u0131b. Qeyd ed\u0259k ki, Ramo Hac\u0131yev bu v\u0259zif\u0259d\u0259 R\u0259hman Feyzullayevi \u0259v\u0259z edib. R\u0259hman Feyzullayev [&hellip;]<\/p>\n","protected":false},"author":1,"featured_media":22341,"comment_status":"closed","ping_status":"closed","sticky":false,"template":"","format":"standard","meta":{"footnotes":""},"categories":[63,5],"tags":[],"class_list":{"0":"post-29931","1":"post","2":"type-post","3":"status-publish","4":"format-standard","5":"has-post-thumbnail","7":"category-manset","8":"category-knd"},"yoast_head":"<!-- This site is optimized with the Yoast SEO plugin v27.0 - https:\/\/yoast.com\/product\/yoast-seo-wordpress\/ -->\n<title>Z\u0259rdab Rayon \u0130cra Hakimiyy\u0259tind\u0259 yeni kadr t\u0259yinat\u0131 - Z\u0259rdab.com<\/title>\n<meta name=\"robots\" content=\"index, follow, max-snippet:-1, max-image-preview:large, max-video-preview:-1\" \/>\n<link rel=\"canonical\" href=\"https:\/\/www.zerdab.com\/?p=29931\" \/>\n<meta property=\"og:locale\" content=\"az_AZ\" \/>\n<meta property=\"og:type\" content=\"article\" \/>\n<meta property=\"og:title\" content=\"Z\u0259rdab Rayon \u0130cra Hakimiyy\u0259tind\u0259 yeni kadr t\u0259yinat\u0131 - Z\u0259rdab.com\" \/>\n<meta property=\"og:description\" content=\"Z\u0259rdab Rayon \u0130cra Hakimiyy\u0259tind\u0259 yeni t\u0259yinat olub. Zerdab.com sayt\u0131 x\u0259b\u0259r verir ki, Yeni Az\u0259rbaycan Partiyas\u0131 Z\u0259rdab rayon t\u0259\u015fkilat\u0131n\u0131n s\u0259dr m\u00fcavini Ramo Hac\u0131yev Z\u0259rdab Rayon \u0130cra Hakimiyy\u0259ti Ba\u015f\u00e7\u0131s\u0131n\u0131n birinci m\u00fcavini v\u0259zif\u0259sin\u0259 t\u0259yin olunub. Ramo Hac\u0131yev \u0259vv\u0259ll\u0259r\u00a0Z\u0259rdab rayonu\u00a0\u00fczr\u0259\u00a0t\u0259hsil sektorunun m\u00fcdir m\u00fcavini v\u0259zif\u0259sind\u0259 d\u0259 \u00e7al\u0131\u015f\u0131b. Qeyd ed\u0259k ki, Ramo Hac\u0131yev bu v\u0259zif\u0259d\u0259 R\u0259hman Feyzullayevi \u0259v\u0259z edib. R\u0259hman Feyzullayev [&hellip;]\" \/>\n<meta property=\"og:url\" content=\"https:\/\/www.zerdab.com\/?p=29931\" \/>\n<meta property=\"og:site_name\" content=\"Z\u0259rdab.com\" \/>\n<meta property=\"article:published_time\" content=\"2023-06-15T12:17:47+00:00\" \/>\n<meta property=\"article:modified_time\" content=\"2023-06-15T12:22:59+00:00\" \/>\n<meta property=\"og:image\" content=\"https:\/\/www.zerdab.com\/wp-content\/uploads\/2016\/02\/Z\u0259rdab-rayon-icra-hakimiyy\u0259ti.jpg\" \/>\n\t<meta property=\"og:image:width\" content=\"1248\" \/>\n\t<meta property=\"og:image:height\" content=\"816\" \/>\n\t<meta property=\"og:image:type\" content=\"image\/jpeg\" \/>\n<meta name=\"author\" content=\"admin\" \/>\n<meta name=\"twitter:card\" content=\"summary_large_image\" \/>\n<meta name=\"twitter:label1\" content=\"Written by\" \/>\n\t<meta name=\"twitter:data1\" content=\"admin\" \/>\n\t<meta name=\"twitter:label2\" content=\"Est. reading time\" \/>\n\t<meta name=\"twitter:data2\" content=\"1 minute\" \/>\n<script type=\"application\/ld+json\" class=\"yoast-schema-graph\">{\"@context\":\"https:\/\/schema.org\",\"@graph\":[{\"@type\":\"Article\",\"@id\":\"https:\/\/www.zerdab.com\/?p=29931#article\",\"isPartOf\":{\"@id\":\"https:\/\/www.zerdab.com\/?p=29931\"},\"author\":{\"name\":\"admin\",\"@id\":\"https:\/\/www.zerdab.com\/#\/schema\/person\/97079b7570c1e89ec0d9e138c3672136\"},\"headline\":\"Z\u0259rdab Rayon \u0130cra Hakimiyy\u0259tind\u0259 yeni kadr t\u0259yinat\u0131\",\"datePublished\":\"2023-06-15T12:17:47+00:00\",\"dateModified\":\"2023-06-15T12:22:59+00:00\",\"mainEntityOfPage\":{\"@id\":\"https:\/\/www.zerdab.com\/?p=29931\"},\"wordCount\":136,\"image\":{\"@id\":\"https:\/\/www.zerdab.com\/?p=29931#primaryimage\"},\"thumbnailUrl\":\"https:\/\/www.zerdab.com\/wp-content\/uploads\/2016\/02\/Z\u0259rdab-rayon-icra-hakimiyy\u0259ti.jpg\",\"articleSection\":[\"MAN\u015eET\",\"X\u018fB\u018fRL\u018fR\"],\"inLanguage\":\"az\"},{\"@type\":\"WebPage\",\"@id\":\"https:\/\/www.zerdab.com\/?p=29931\",\"url\":\"https:\/\/www.zerdab.com\/?p=29931\",\"name\":\"Z\u0259rdab Rayon \u0130cra Hakimiyy\u0259tind\u0259 yeni kadr t\u0259yinat\u0131 - Z\u0259rdab.com\",\"isPartOf\":{\"@id\":\"https:\/\/www.zerdab.com\/#website\"},\"primaryImageOfPage\":{\"@id\":\"https:\/\/www.zerdab.com\/?p=29931#primaryimage\"},\"image\":{\"@id\":\"https:\/\/www.zerdab.com\/?p=29931#primaryimage\"},\"thumbnailUrl\":\"https:\/\/www.zerdab.com\/wp-content\/uploads\/2016\/02\/Z\u0259rdab-rayon-icra-hakimiyy\u0259ti.jpg\",\"datePublished\":\"2023-06-15T12:17:47+00:00\",\"dateModified\":\"2023-06-15T12:22:59+00:00\",\"author\":{\"@id\":\"https:\/\/www.zerdab.com\/#\/schema\/person\/97079b7570c1e89ec0d9e138c3672136\"},\"breadcrumb\":{\"@id\":\"https:\/\/www.zerdab.com\/?p=29931#breadcrumb\"},\"inLanguage\":\"az\",\"potentialAction\":[{\"@type\":\"ReadAction\",\"target\":[\"https:\/\/www.zerdab.com\/?p=29931\"]}]},{\"@type\":\"ImageObject\",\"inLanguage\":\"az\",\"@id\":\"https:\/\/www.zerdab.com\/?p=29931#primaryimage\",\"url\":\"https:\/\/www.zerdab.com\/wp-content\/uploads\/2016\/02\/Z\u0259rdab-rayon-icra-hakimiyy\u0259ti.jpg\",\"contentUrl\":\"https:\/\/www.zerdab.com\/wp-content\/uploads\/2016\/02\/Z\u0259rdab-rayon-icra-hakimiyy\u0259ti.jpg\",\"width\":1248,\"height\":816,\"caption\":\"Z\u0259rdab rayon icra hakimiyy\u0259ti\"},{\"@type\":\"BreadcrumbList\",\"@id\":\"https:\/\/www.zerdab.com\/?p=29931#breadcrumb\",\"itemListElement\":[{\"@type\":\"ListItem\",\"position\":1,\"name\":\"Home\",\"item\":\"https:\/\/www.zerdab.com\/\"},{\"@type\":\"ListItem\",\"position\":2,\"name\":\"Z\u0259rdab Rayon \u0130cra Hakimiyy\u0259tind\u0259 yeni kadr t\u0259yinat\u0131\"}]},{\"@type\":\"WebSite\",\"@id\":\"https:\/\/www.zerdab.com\/#website\",\"url\":\"https:\/\/www.zerdab.com\/\",\"name\":\"Z\u0259rdab.com\",\"description\":\"\",\"potentialAction\":[{\"@type\":\"SearchAction\",\"target\":{\"@type\":\"EntryPoint\",\"urlTemplate\":\"https:\/\/www.zerdab.com\/?s={search_term_string}\"},\"query-input\":{\"@type\":\"PropertyValueSpecification\",\"valueRequired\":true,\"valueName\":\"search_term_string\"}}],\"inLanguage\":\"az\"},{\"@type\":\"Person\",\"@id\":\"https:\/\/www.zerdab.com\/#\/schema\/person\/97079b7570c1e89ec0d9e138c3672136\",\"name\":\"admin\",\"image\":{\"@type\":\"ImageObject\",\"inLanguage\":\"az\",\"@id\":\"https:\/\/www.zerdab.com\/#\/schema\/person\/image\/\",\"url\":\"https:\/\/secure.gravatar.com\/avatar\/d9c52a9a27c32119cb6679a077fa3e2779e5f822c451cbf01098004361d466ec?s=96&d=mm&r=g\",\"contentUrl\":\"https:\/\/secure.gravatar.com\/avatar\/d9c52a9a27c32119cb6679a077fa3e2779e5f822c451cbf01098004361d466ec?s=96&d=mm&r=g\",\"caption\":\"admin\"},\"url\":\"https:\/\/www.zerdab.com\/?author=1\"}]}<\/script>\n<!-- \/ Yoast SEO plugin. -->","yoast_head_json":{"title":"Z\u0259rdab Rayon \u0130cra Hakimiyy\u0259tind\u0259 yeni kadr t\u0259yinat\u0131 - Z\u0259rdab.com","robots":{"index":"index","follow":"follow","max-snippet":"max-snippet:-1","max-image-preview":"max-image-preview:large","max-video-preview":"max-video-preview:-1"},"canonical":"https:\/\/www.zerdab.com\/?p=29931","og_locale":"az_AZ","og_type":"article","og_title":"Z\u0259rdab Rayon \u0130cra Hakimiyy\u0259tind\u0259 yeni kadr t\u0259yinat\u0131 - Z\u0259rdab.com","og_description":"Z\u0259rdab Rayon \u0130cra Hakimiyy\u0259tind\u0259 yeni t\u0259yinat olub. Zerdab.com sayt\u0131 x\u0259b\u0259r verir ki, Yeni Az\u0259rbaycan Partiyas\u0131 Z\u0259rdab rayon t\u0259\u015fkilat\u0131n\u0131n s\u0259dr m\u00fcavini Ramo Hac\u0131yev Z\u0259rdab Rayon \u0130cra Hakimiyy\u0259ti Ba\u015f\u00e7\u0131s\u0131n\u0131n birinci m\u00fcavini v\u0259zif\u0259sin\u0259 t\u0259yin olunub. Ramo Hac\u0131yev \u0259vv\u0259ll\u0259r\u00a0Z\u0259rdab rayonu\u00a0\u00fczr\u0259\u00a0t\u0259hsil sektorunun m\u00fcdir m\u00fcavini v\u0259zif\u0259sind\u0259 d\u0259 \u00e7al\u0131\u015f\u0131b. Qeyd ed\u0259k ki, Ramo Hac\u0131yev bu v\u0259zif\u0259d\u0259 R\u0259hman Feyzullayevi \u0259v\u0259z edib. R\u0259hman Feyzullayev [&hellip;]","og_url":"https:\/\/www.zerdab.com\/?p=29931","og_site_name":"Z\u0259rdab.com","article_published_time":"2023-06-15T12:17:47+00:00","article_modified_time":"2023-06-15T12:22:59+00:00","og_image":[{"width":1248,"height":816,"url":"https:\/\/www.zerdab.com\/wp-content\/uploads\/2016\/02\/Z\u0259rdab-rayon-icra-hakimiyy\u0259ti.jpg","type":"image\/jpeg"}],"author":"admin","twitter_card":"summary_large_image","twitter_misc":{"Written by":"admin","Est. reading time":"1 minute"},"schema":{"@context":"https:\/\/schema.org","@graph":[{"@type":"Article","@id":"https:\/\/www.zerdab.com\/?p=29931#article","isPartOf":{"@id":"https:\/\/www.zerdab.com\/?p=29931"},"author":{"name":"admin","@id":"https:\/\/www.zerdab.com\/#\/schema\/person\/97079b7570c1e89ec0d9e138c3672136"},"headline":"Z\u0259rdab Rayon \u0130cra Hakimiyy\u0259tind\u0259 yeni kadr t\u0259yinat\u0131","datePublished":"2023-06-15T12:17:47+00:00","dateModified":"2023-06-15T12:22:59+00:00","mainEntityOfPage":{"@id":"https:\/\/www.zerdab.com\/?p=29931"},"wordCount":136,"image":{"@id":"https:\/\/www.zerdab.com\/?p=29931#primaryimage"},"thumbnailUrl":"https:\/\/www.zerdab.com\/wp-content\/uploads\/2016\/02\/Z\u0259rdab-rayon-icra-hakimiyy\u0259ti.jpg","articleSection":["MAN\u015eET","X\u018fB\u018fRL\u018fR"],"inLanguage":"az"},{"@type":"WebPage","@id":"https:\/\/www.zerdab.com\/?p=29931","url":"https:\/\/www.zerdab.com\/?p=29931","name":"Z\u0259rdab Rayon \u0130cra Hakimiyy\u0259tind\u0259 yeni kadr t\u0259yinat\u0131 - Z\u0259rdab.com","isPartOf":{"@id":"https:\/\/www.zerdab.com\/#website"},"primaryImageOfPage":{"@id":"https:\/\/www.zerdab.com\/?p=29931#primaryimage"},"image":{"@id":"https:\/\/www.zerdab.com\/?p=29931#primaryimage"},"thumbnailUrl":"https:\/\/www.zerdab.com\/wp-content\/uploads\/2016\/02\/Z\u0259rdab-rayon-icra-hakimiyy\u0259ti.jpg","datePublished":"2023-06-15T12:17:47+00:00","dateModified":"2023-06-15T12:22:59+00:00","author":{"@id":"https:\/\/www.zerdab.com\/#\/schema\/person\/97079b7570c1e89ec0d9e138c3672136"},"breadcrumb":{"@id":"https:\/\/www.zerdab.com\/?p=29931#breadcrumb"},"inLanguage":"az","potentialAction":[{"@type":"ReadAction","target":["https:\/\/www.zerdab.com\/?p=29931"]}]},{"@type":"ImageObject","inLanguage":"az","@id":"https:\/\/www.zerdab.com\/?p=29931#primaryimage","url":"https:\/\/www.zerdab.com\/wp-content\/uploads\/2016\/02\/Z\u0259rdab-rayon-icra-hakimiyy\u0259ti.jpg","contentUrl":"https:\/\/www.zerdab.com\/wp-content\/uploads\/2016\/02\/Z\u0259rdab-rayon-icra-hakimiyy\u0259ti.jpg","width":1248,"height":816,"caption":"Z\u0259rdab rayon icra hakimiyy\u0259ti"},{"@type":"BreadcrumbList","@id":"https:\/\/www.zerdab.com\/?p=29931#breadcrumb","itemListElement":[{"@type":"ListItem","position":1,"name":"Home","item":"https:\/\/www.zerdab.com\/"},{"@type":"ListItem","position":2,"name":"Z\u0259rdab Rayon \u0130cra Hakimiyy\u0259tind\u0259 yeni kadr t\u0259yinat\u0131"}]},{"@type":"WebSite","@id":"https:\/\/www.zerdab.com\/#website","url":"https:\/\/www.zerdab.com\/","name":"Z\u0259rdab.com","description":"","potentialAction":[{"@type":"SearchAction","target":{"@type":"EntryPoint","urlTemplate":"https:\/\/www.zerdab.com\/?s={search_term_string}"},"query-input":{"@type":"PropertyValueSpecification","valueRequired":true,"valueName":"search_term_string"}}],"inLanguage":"az"},{"@type":"Person","@id":"https:\/\/www.zerdab.com\/#\/schema\/person\/97079b7570c1e89ec0d9e138c3672136","name":"admin","image":{"@type":"ImageObject","inLanguage":"az","@id":"https:\/\/www.zerdab.com\/#\/schema\/person\/image\/","url":"https:\/\/secure.gravatar.com\/avatar\/d9c52a9a27c32119cb6679a077fa3e2779e5f822c451cbf01098004361d466ec?s=96&d=mm&r=g","contentUrl":"https:\/\/secure.gravatar.com\/avatar\/d9c52a9a27c32119cb6679a077fa3e2779e5f822c451cbf01098004361d466ec?s=96&d=mm&r=g","caption":"admin"},"url":"https:\/\/www.zerdab.com\/?author=1"}]}},"_links":{"self":[{"href":"https:\/\/www.zerdab.com\/index.php?rest_route=\/wp\/v2\/posts\/29931","targetHints":{"allow":["GET"]}}],"collection":[{"href":"https:\/\/www.zerdab.com\/index.php?rest_route=\/wp\/v2\/posts"}],"about":[{"href":"https:\/\/www.zerdab.com\/index.php?rest_route=\/wp\/v2\/types\/post"}],"author":[{"embeddable":true,"href":"https:\/\/www.zerdab.com\/index.php?rest_route=\/wp\/v2\/users\/1"}],"replies":[{"embeddable":true,"href":"https:\/\/www.zerdab.com\/index.php?rest_route=%2Fwp%2Fv2%2Fcomments&post=29931"}],"version-history":[{"count":3,"href":"https:\/\/www.zerdab.com\/index.php?rest_route=\/wp\/v2\/posts\/29931\/revisions"}],"predecessor-version":[{"id":29935,"href":"https:\/\/www.zerdab.com\/index.php?rest_route=\/wp\/v2\/posts\/29931\/revisions\/29935"}],"wp:featuredmedia":[{"embeddable":true,"href":"https:\/\/www.zerdab.com\/index.php?rest_route=\/wp\/v2\/media\/22341"}],"wp:attachment":[{"href":"https:\/\/www.zerdab.com\/index.php?rest_route=%2Fwp%2Fv2%2Fmedia&parent=29931"}],"wp:term":[{"taxonomy":"category","embeddable":true,"href":"https:\/\/www.zerdab.com\/index.php?rest_route=%2Fwp%2Fv2%2Fcategories&post=29931"},{"taxonomy":"post_tag","embeddable":true,"href":"https:\/\/www.zerdab.com\/index.php?rest_route=%2Fwp%2Fv2%2Ftags&post=29931"}],"curies":[{"name":"wp","href":"https:\/\/api.w.org\/{rel}","templated":true}]}}