{"id":29945,"date":"2023-07-01T14:25:16","date_gmt":"2023-07-01T10:25:16","guid":{"rendered":"https:\/\/www.zerdab.com\/?p=29945"},"modified":"2023-07-01T14:25:16","modified_gmt":"2023-07-01T10:25:16","slug":"z%c9%99rdabda-polisl%c9%99r-arasinda-heyd%c9%99r-%c9%99liyevin-100-illik-yubileyin%c9%99-h%c9%99sr-olunmus-yaris-kecirilib-video","status":"publish","type":"post","link":"https:\/\/www.zerdab.com\/?p=29945","title":{"rendered":"Z\u0259rdabda polisl\u0259r aras\u0131nda Heyd\u0259r \u018fliyevin 100 illik yubileyin\u0259 h\u0259sr olunmu\u015f yar\u0131\u015f ke\u00e7irilib &#8211; Video"},"content":{"rendered":"<p>Z\u0259rdab Rayon Polis \u015e\u00f6b\u0259sinin v\u0259 Daxili \u0130\u015fl\u0259r Nazirliyinin (D\u0130N) \u0130dman C\u0259miyy\u0259tinin t\u0259\u015fkilat\u00e7\u0131l\u0131\u011f\u0131 il\u0259 Ulu \u00d6nd\u0259r Heyd\u0259r \u018fliyevin anadan olmas\u0131n\u0131n 100-c\u00fc ild\u00f6n\u00fcm\u00fc m\u00fcnasib\u0259ti il\u0259 Z\u0259rdab \u015f\u0259h\u0259r 1 n\u00f6mr\u0259li m\u0259kt\u0259b-liseyind\u0259 polis \u0259m\u0259kda\u015flar\u0131 aras\u0131nda silahs\u0131z \u00f6z\u00fcn\u00fc m\u00fcdafi\u0259 \u00fczr\u0259 \u00e7empionat ke\u00e7irilib.<\/p>\n<p>Bu bar\u0259d\u0259 <b>Zerdab.com<\/b> sayt\u0131na D\u0130N-in M\u0259tbuat xidm\u0259tind\u0259n bildirilib.<\/p>\n<p>T\u0259dbird\u0259n \u0259vv\u0259l Ulu \u00d6nd\u0259r Heyd\u0259r \u018fliyevin, Az\u0259rbaycan\u0131n suverenliyi v\u0259 \u0259razi b\u00fct\u00f6vl\u00fcy\u00fc u\u011frunda canlar\u0131n\u0131 f\u0259da etmi\u015f \u015f\u0259hidl\u0259rin xatir\u0259si bir d\u0259qiq\u0259lik s\u00fckutla yad edilib v\u0259 D\u00f6vl\u0259t Himni s\u0259sl\u0259ndirilib.<\/p>\n<p>\u00c7\u0131x\u0131\u015f ed\u0259n qonaqlar m\u00fcasir Az\u0259rbaycan d\u00f6vl\u0259tinin banisi, Ulu \u00d6nd\u0259r Heyd\u0259r \u018fliyevin \u015f\u0259r\u0259fli \u00f6m\u00fcr yolu v\u0259 d\u00f6vl\u0259timizin t\u0259r\u0259qqisi namin\u0259 g\u00f6rd\u00fcy\u00fc i\u015fl\u0259r bar\u0259d\u0259 geni\u015f m\u0259lumat veribl\u0259r v\u0259 yar\u0131\u015f i\u015ftirak\u00e7\u0131lar\u0131na u\u011furlar arzu edibl\u0259r. \u00d6z\u00fcn\u00fc m\u00fcdafi\u0259 v\u0259 \u0259lb\u0259yaxa d\u00f6y\u00fc\u015f n\u00f6vl\u0259ri olmaqla 2 m\u0259rh\u0259l\u0259d\u0259 ke\u00e7iril\u0259n \u00e7empionatda qal\u0131b g\u0259l\u0259n polis \u0259m\u0259kda\u015flar\u0131 medal, diplom v\u0259 xatir\u0259 h\u0259diyy\u0259l\u0259ri il\u0259 t\u0259ltif edilibl\u0259r.<\/p>\n<div class=\"video-container\"><iframe loading=\"lazy\" src=\"https:\/\/www.youtube.com\/embed\/iMBibd8UyFs?rel=0&amp;color=white&amp;modestbranding=1&amp;hl=az\" width=\"100%\" height=\"468\" frameborder=\"0\" allowfullscreen=\"allowfullscreen\" data-mce-fragment=\"1\"><\/iframe><\/div>\n<div><\/div>\n<div class=\"news-gallery\">\n<div class=\"thumbs-list grid\">\n<div class=\"parent-grid-item\">\n<div class=\"thumb grid-item\"><img decoding=\"async\" title=\"\" src=\"https:\/\/static.report.az\/photo\/4a3158ff-a75c-31dc-b35a-05d3fcf24417_300.jpg\" alt=\"\" \/><\/p>\n<div class=\"overlay flex-center\">\n<div class=\"actions\"><\/div>\n<\/div>\n<\/div>\n<\/div>\n<div class=\"parent-grid-item\">\n<div class=\"thumb grid-item\"><img decoding=\"async\" title=\"\" src=\"https:\/\/static.report.az\/photo\/f57832ad-bee8-3ac3-9caa-b957b7fbd4f3_300.jpg\" alt=\"\" \/><\/div>\n<\/div>\n<\/div>\n<\/div>\n","protected":false},"excerpt":{"rendered":"<p>Z\u0259rdab Rayon Polis \u015e\u00f6b\u0259sinin v\u0259 Daxili \u0130\u015fl\u0259r Nazirliyinin (D\u0130N) \u0130dman C\u0259miyy\u0259tinin t\u0259\u015fkilat\u00e7\u0131l\u0131\u011f\u0131 il\u0259 Ulu \u00d6nd\u0259r Heyd\u0259r \u018fliyevin anadan olmas\u0131n\u0131n 100-c\u00fc ild\u00f6n\u00fcm\u00fc m\u00fcnasib\u0259ti il\u0259 Z\u0259rdab \u015f\u0259h\u0259r 1 n\u00f6mr\u0259li m\u0259kt\u0259b-liseyind\u0259 polis \u0259m\u0259kda\u015flar\u0131 aras\u0131nda silahs\u0131z \u00f6z\u00fcn\u00fc m\u00fcdafi\u0259 \u00fczr\u0259 \u00e7empionat ke\u00e7irilib. Bu bar\u0259d\u0259 Zerdab.com sayt\u0131na D\u0130N-in M\u0259tbuat xidm\u0259tind\u0259n bildirilib. T\u0259dbird\u0259n \u0259vv\u0259l Ulu \u00d6nd\u0259r Heyd\u0259r \u018fliyevin, Az\u0259rbaycan\u0131n suverenliyi v\u0259 \u0259razi [&hellip;]<\/p>\n","protected":false},"author":1,"featured_media":29946,"comment_status":"closed","ping_status":"closed","sticky":false,"template":"","format":"standard","meta":{"footnotes":""},"categories":[63,5],"tags":[],"class_list":{"0":"post-29945","1":"post","2":"type-post","3":"status-publish","4":"format-standard","5":"has-post-thumbnail","7":"category-manset","8":"category-knd"},"yoast_head":"<!-- This site is optimized with the Yoast SEO plugin v27.0 - https:\/\/yoast.com\/product\/yoast-seo-wordpress\/ -->\n<title>Z\u0259rdabda polisl\u0259r aras\u0131nda Heyd\u0259r \u018fliyevin 100 illik yubileyin\u0259 h\u0259sr olunmu\u015f yar\u0131\u015f ke\u00e7irilib - Video - Z\u0259rdab.com<\/title>\n<meta name=\"robots\" content=\"index, follow, max-snippet:-1, max-image-preview:large, max-video-preview:-1\" \/>\n<link rel=\"canonical\" href=\"https:\/\/www.zerdab.com\/?p=29945\" \/>\n<meta property=\"og:locale\" content=\"az_AZ\" \/>\n<meta property=\"og:type\" content=\"article\" \/>\n<meta property=\"og:title\" content=\"Z\u0259rdabda polisl\u0259r aras\u0131nda Heyd\u0259r \u018fliyevin 100 illik yubileyin\u0259 h\u0259sr olunmu\u015f yar\u0131\u015f ke\u00e7irilib - Video - Z\u0259rdab.com\" \/>\n<meta property=\"og:description\" content=\"Z\u0259rdab Rayon Polis \u015e\u00f6b\u0259sinin v\u0259 Daxili \u0130\u015fl\u0259r Nazirliyinin (D\u0130N) \u0130dman C\u0259miyy\u0259tinin t\u0259\u015fkilat\u00e7\u0131l\u0131\u011f\u0131 il\u0259 Ulu \u00d6nd\u0259r Heyd\u0259r \u018fliyevin anadan olmas\u0131n\u0131n 100-c\u00fc ild\u00f6n\u00fcm\u00fc m\u00fcnasib\u0259ti il\u0259 Z\u0259rdab \u015f\u0259h\u0259r 1 n\u00f6mr\u0259li m\u0259kt\u0259b-liseyind\u0259 polis \u0259m\u0259kda\u015flar\u0131 aras\u0131nda silahs\u0131z \u00f6z\u00fcn\u00fc m\u00fcdafi\u0259 \u00fczr\u0259 \u00e7empionat ke\u00e7irilib. Bu bar\u0259d\u0259 Zerdab.com sayt\u0131na D\u0130N-in M\u0259tbuat xidm\u0259tind\u0259n bildirilib. T\u0259dbird\u0259n \u0259vv\u0259l Ulu \u00d6nd\u0259r Heyd\u0259r \u018fliyevin, Az\u0259rbaycan\u0131n suverenliyi v\u0259 \u0259razi [&hellip;]\" \/>\n<meta property=\"og:url\" content=\"https:\/\/www.zerdab.com\/?p=29945\" \/>\n<meta property=\"og:site_name\" content=\"Z\u0259rdab.com\" \/>\n<meta property=\"article:published_time\" content=\"2023-07-01T10:25:16+00:00\" \/>\n<meta property=\"og:image\" content=\"https:\/\/www.zerdab.com\/wp-content\/uploads\/2023\/07\/zerdab-polis-tedbir-png.jpg\" \/>\n\t<meta property=\"og:image:width\" content=\"850\" \/>\n\t<meta property=\"og:image:height\" content=\"530\" \/>\n\t<meta property=\"og:image:type\" content=\"image\/jpeg\" \/>\n<meta name=\"author\" content=\"admin\" \/>\n<meta name=\"twitter:card\" content=\"summary_large_image\" \/>\n<meta name=\"twitter:label1\" content=\"Written by\" \/>\n\t<meta name=\"twitter:data1\" content=\"admin\" \/>\n\t<meta name=\"twitter:label2\" content=\"Est. reading time\" \/>\n\t<meta name=\"twitter:data2\" content=\"1 minute\" \/>\n<script type=\"application\/ld+json\" class=\"yoast-schema-graph\">{\"@context\":\"https:\/\/schema.org\",\"@graph\":[{\"@type\":\"Article\",\"@id\":\"https:\/\/www.zerdab.com\/?p=29945#article\",\"isPartOf\":{\"@id\":\"https:\/\/www.zerdab.com\/?p=29945\"},\"author\":{\"name\":\"admin\",\"@id\":\"https:\/\/www.zerdab.com\/#\/schema\/person\/97079b7570c1e89ec0d9e138c3672136\"},\"headline\":\"Z\u0259rdabda polisl\u0259r aras\u0131nda Heyd\u0259r \u018fliyevin 100 illik yubileyin\u0259 h\u0259sr olunmu\u015f yar\u0131\u015f ke\u00e7irilib &#8211; Video\",\"datePublished\":\"2023-07-01T10:25:16+00:00\",\"mainEntityOfPage\":{\"@id\":\"https:\/\/www.zerdab.com\/?p=29945\"},\"wordCount\":245,\"image\":{\"@id\":\"https:\/\/www.zerdab.com\/?p=29945#primaryimage\"},\"thumbnailUrl\":\"https:\/\/www.zerdab.com\/wp-content\/uploads\/2023\/07\/zerdab-polis-tedbir-png.jpg\",\"articleSection\":[\"MAN\u015eET\",\"X\u018fB\u018fRL\u018fR\"],\"inLanguage\":\"az\"},{\"@type\":\"WebPage\",\"@id\":\"https:\/\/www.zerdab.com\/?p=29945\",\"url\":\"https:\/\/www.zerdab.com\/?p=29945\",\"name\":\"Z\u0259rdabda polisl\u0259r aras\u0131nda Heyd\u0259r \u018fliyevin 100 illik yubileyin\u0259 h\u0259sr olunmu\u015f yar\u0131\u015f ke\u00e7irilib - Video - Z\u0259rdab.com\",\"isPartOf\":{\"@id\":\"https:\/\/www.zerdab.com\/#website\"},\"primaryImageOfPage\":{\"@id\":\"https:\/\/www.zerdab.com\/?p=29945#primaryimage\"},\"image\":{\"@id\":\"https:\/\/www.zerdab.com\/?p=29945#primaryimage\"},\"thumbnailUrl\":\"https:\/\/www.zerdab.com\/wp-content\/uploads\/2023\/07\/zerdab-polis-tedbir-png.jpg\",\"datePublished\":\"2023-07-01T10:25:16+00:00\",\"author\":{\"@id\":\"https:\/\/www.zerdab.com\/#\/schema\/person\/97079b7570c1e89ec0d9e138c3672136\"},\"breadcrumb\":{\"@id\":\"https:\/\/www.zerdab.com\/?p=29945#breadcrumb\"},\"inLanguage\":\"az\",\"potentialAction\":[{\"@type\":\"ReadAction\",\"target\":[\"https:\/\/www.zerdab.com\/?p=29945\"]}]},{\"@type\":\"ImageObject\",\"inLanguage\":\"az\",\"@id\":\"https:\/\/www.zerdab.com\/?p=29945#primaryimage\",\"url\":\"https:\/\/www.zerdab.com\/wp-content\/uploads\/2023\/07\/zerdab-polis-tedbir-png.jpg\",\"contentUrl\":\"https:\/\/www.zerdab.com\/wp-content\/uploads\/2023\/07\/zerdab-polis-tedbir-png.jpg\",\"width\":850,\"height\":530},{\"@type\":\"BreadcrumbList\",\"@id\":\"https:\/\/www.zerdab.com\/?p=29945#breadcrumb\",\"itemListElement\":[{\"@type\":\"ListItem\",\"position\":1,\"name\":\"Home\",\"item\":\"https:\/\/www.zerdab.com\/\"},{\"@type\":\"ListItem\",\"position\":2,\"name\":\"Z\u0259rdabda polisl\u0259r aras\u0131nda Heyd\u0259r \u018fliyevin 100 illik yubileyin\u0259 h\u0259sr olunmu\u015f yar\u0131\u015f ke\u00e7irilib &#8211; Video\"}]},{\"@type\":\"WebSite\",\"@id\":\"https:\/\/www.zerdab.com\/#website\",\"url\":\"https:\/\/www.zerdab.com\/\",\"name\":\"Z\u0259rdab.com\",\"description\":\"\",\"potentialAction\":[{\"@type\":\"SearchAction\",\"target\":{\"@type\":\"EntryPoint\",\"urlTemplate\":\"https:\/\/www.zerdab.com\/?s={search_term_string}\"},\"query-input\":{\"@type\":\"PropertyValueSpecification\",\"valueRequired\":true,\"valueName\":\"search_term_string\"}}],\"inLanguage\":\"az\"},{\"@type\":\"Person\",\"@id\":\"https:\/\/www.zerdab.com\/#\/schema\/person\/97079b7570c1e89ec0d9e138c3672136\",\"name\":\"admin\",\"image\":{\"@type\":\"ImageObject\",\"inLanguage\":\"az\",\"@id\":\"https:\/\/www.zerdab.com\/#\/schema\/person\/image\/\",\"url\":\"https:\/\/secure.gravatar.com\/avatar\/d9c52a9a27c32119cb6679a077fa3e2779e5f822c451cbf01098004361d466ec?s=96&d=mm&r=g\",\"contentUrl\":\"https:\/\/secure.gravatar.com\/avatar\/d9c52a9a27c32119cb6679a077fa3e2779e5f822c451cbf01098004361d466ec?s=96&d=mm&r=g\",\"caption\":\"admin\"},\"url\":\"https:\/\/www.zerdab.com\/?author=1\"}]}<\/script>\n<!-- \/ Yoast SEO plugin. -->","yoast_head_json":{"title":"Z\u0259rdabda polisl\u0259r aras\u0131nda Heyd\u0259r \u018fliyevin 100 illik yubileyin\u0259 h\u0259sr olunmu\u015f yar\u0131\u015f ke\u00e7irilib - Video - Z\u0259rdab.com","robots":{"index":"index","follow":"follow","max-snippet":"max-snippet:-1","max-image-preview":"max-image-preview:large","max-video-preview":"max-video-preview:-1"},"canonical":"https:\/\/www.zerdab.com\/?p=29945","og_locale":"az_AZ","og_type":"article","og_title":"Z\u0259rdabda polisl\u0259r aras\u0131nda Heyd\u0259r \u018fliyevin 100 illik yubileyin\u0259 h\u0259sr olunmu\u015f yar\u0131\u015f ke\u00e7irilib - Video - Z\u0259rdab.com","og_description":"Z\u0259rdab Rayon Polis \u015e\u00f6b\u0259sinin v\u0259 Daxili \u0130\u015fl\u0259r Nazirliyinin (D\u0130N) \u0130dman C\u0259miyy\u0259tinin t\u0259\u015fkilat\u00e7\u0131l\u0131\u011f\u0131 il\u0259 Ulu \u00d6nd\u0259r Heyd\u0259r \u018fliyevin anadan olmas\u0131n\u0131n 100-c\u00fc ild\u00f6n\u00fcm\u00fc m\u00fcnasib\u0259ti il\u0259 Z\u0259rdab \u015f\u0259h\u0259r 1 n\u00f6mr\u0259li m\u0259kt\u0259b-liseyind\u0259 polis \u0259m\u0259kda\u015flar\u0131 aras\u0131nda silahs\u0131z \u00f6z\u00fcn\u00fc m\u00fcdafi\u0259 \u00fczr\u0259 \u00e7empionat ke\u00e7irilib. Bu bar\u0259d\u0259 Zerdab.com sayt\u0131na D\u0130N-in M\u0259tbuat xidm\u0259tind\u0259n bildirilib. T\u0259dbird\u0259n \u0259vv\u0259l Ulu \u00d6nd\u0259r Heyd\u0259r \u018fliyevin, Az\u0259rbaycan\u0131n suverenliyi v\u0259 \u0259razi [&hellip;]","og_url":"https:\/\/www.zerdab.com\/?p=29945","og_site_name":"Z\u0259rdab.com","article_published_time":"2023-07-01T10:25:16+00:00","og_image":[{"width":850,"height":530,"url":"https:\/\/www.zerdab.com\/wp-content\/uploads\/2023\/07\/zerdab-polis-tedbir-png.jpg","type":"image\/jpeg"}],"author":"admin","twitter_card":"summary_large_image","twitter_misc":{"Written by":"admin","Est. reading time":"1 minute"},"schema":{"@context":"https:\/\/schema.org","@graph":[{"@type":"Article","@id":"https:\/\/www.zerdab.com\/?p=29945#article","isPartOf":{"@id":"https:\/\/www.zerdab.com\/?p=29945"},"author":{"name":"admin","@id":"https:\/\/www.zerdab.com\/#\/schema\/person\/97079b7570c1e89ec0d9e138c3672136"},"headline":"Z\u0259rdabda polisl\u0259r aras\u0131nda Heyd\u0259r \u018fliyevin 100 illik yubileyin\u0259 h\u0259sr olunmu\u015f yar\u0131\u015f ke\u00e7irilib &#8211; Video","datePublished":"2023-07-01T10:25:16+00:00","mainEntityOfPage":{"@id":"https:\/\/www.zerdab.com\/?p=29945"},"wordCount":245,"image":{"@id":"https:\/\/www.zerdab.com\/?p=29945#primaryimage"},"thumbnailUrl":"https:\/\/www.zerdab.com\/wp-content\/uploads\/2023\/07\/zerdab-polis-tedbir-png.jpg","articleSection":["MAN\u015eET","X\u018fB\u018fRL\u018fR"],"inLanguage":"az"},{"@type":"WebPage","@id":"https:\/\/www.zerdab.com\/?p=29945","url":"https:\/\/www.zerdab.com\/?p=29945","name":"Z\u0259rdabda polisl\u0259r aras\u0131nda Heyd\u0259r \u018fliyevin 100 illik yubileyin\u0259 h\u0259sr olunmu\u015f yar\u0131\u015f ke\u00e7irilib - Video - Z\u0259rdab.com","isPartOf":{"@id":"https:\/\/www.zerdab.com\/#website"},"primaryImageOfPage":{"@id":"https:\/\/www.zerdab.com\/?p=29945#primaryimage"},"image":{"@id":"https:\/\/www.zerdab.com\/?p=29945#primaryimage"},"thumbnailUrl":"https:\/\/www.zerdab.com\/wp-content\/uploads\/2023\/07\/zerdab-polis-tedbir-png.jpg","datePublished":"2023-07-01T10:25:16+00:00","author":{"@id":"https:\/\/www.zerdab.com\/#\/schema\/person\/97079b7570c1e89ec0d9e138c3672136"},"breadcrumb":{"@id":"https:\/\/www.zerdab.com\/?p=29945#breadcrumb"},"inLanguage":"az","potentialAction":[{"@type":"ReadAction","target":["https:\/\/www.zerdab.com\/?p=29945"]}]},{"@type":"ImageObject","inLanguage":"az","@id":"https:\/\/www.zerdab.com\/?p=29945#primaryimage","url":"https:\/\/www.zerdab.com\/wp-content\/uploads\/2023\/07\/zerdab-polis-tedbir-png.jpg","contentUrl":"https:\/\/www.zerdab.com\/wp-content\/uploads\/2023\/07\/zerdab-polis-tedbir-png.jpg","width":850,"height":530},{"@type":"BreadcrumbList","@id":"https:\/\/www.zerdab.com\/?p=29945#breadcrumb","itemListElement":[{"@type":"ListItem","position":1,"name":"Home","item":"https:\/\/www.zerdab.com\/"},{"@type":"ListItem","position":2,"name":"Z\u0259rdabda polisl\u0259r aras\u0131nda Heyd\u0259r \u018fliyevin 100 illik yubileyin\u0259 h\u0259sr olunmu\u015f yar\u0131\u015f ke\u00e7irilib &#8211; Video"}]},{"@type":"WebSite","@id":"https:\/\/www.zerdab.com\/#website","url":"https:\/\/www.zerdab.com\/","name":"Z\u0259rdab.com","description":"","potentialAction":[{"@type":"SearchAction","target":{"@type":"EntryPoint","urlTemplate":"https:\/\/www.zerdab.com\/?s={search_term_string}"},"query-input":{"@type":"PropertyValueSpecification","valueRequired":true,"valueName":"search_term_string"}}],"inLanguage":"az"},{"@type":"Person","@id":"https:\/\/www.zerdab.com\/#\/schema\/person\/97079b7570c1e89ec0d9e138c3672136","name":"admin","image":{"@type":"ImageObject","inLanguage":"az","@id":"https:\/\/www.zerdab.com\/#\/schema\/person\/image\/","url":"https:\/\/secure.gravatar.com\/avatar\/d9c52a9a27c32119cb6679a077fa3e2779e5f822c451cbf01098004361d466ec?s=96&d=mm&r=g","contentUrl":"https:\/\/secure.gravatar.com\/avatar\/d9c52a9a27c32119cb6679a077fa3e2779e5f822c451cbf01098004361d466ec?s=96&d=mm&r=g","caption":"admin"},"url":"https:\/\/www.zerdab.com\/?author=1"}]}},"_links":{"self":[{"href":"https:\/\/www.zerdab.com\/index.php?rest_route=\/wp\/v2\/posts\/29945","targetHints":{"allow":["GET"]}}],"collection":[{"href":"https:\/\/www.zerdab.com\/index.php?rest_route=\/wp\/v2\/posts"}],"about":[{"href":"https:\/\/www.zerdab.com\/index.php?rest_route=\/wp\/v2\/types\/post"}],"author":[{"embeddable":true,"href":"https:\/\/www.zerdab.com\/index.php?rest_route=\/wp\/v2\/users\/1"}],"replies":[{"embeddable":true,"href":"https:\/\/www.zerdab.com\/index.php?rest_route=%2Fwp%2Fv2%2Fcomments&post=29945"}],"version-history":[{"count":1,"href":"https:\/\/www.zerdab.com\/index.php?rest_route=\/wp\/v2\/posts\/29945\/revisions"}],"predecessor-version":[{"id":29947,"href":"https:\/\/www.zerdab.com\/index.php?rest_route=\/wp\/v2\/posts\/29945\/revisions\/29947"}],"wp:featuredmedia":[{"embeddable":true,"href":"https:\/\/www.zerdab.com\/index.php?rest_route=\/wp\/v2\/media\/29946"}],"wp:attachment":[{"href":"https:\/\/www.zerdab.com\/index.php?rest_route=%2Fwp%2Fv2%2Fmedia&parent=29945"}],"wp:term":[{"taxonomy":"category","embeddable":true,"href":"https:\/\/www.zerdab.com\/index.php?rest_route=%2Fwp%2Fv2%2Fcategories&post=29945"},{"taxonomy":"post_tag","embeddable":true,"href":"https:\/\/www.zerdab.com\/index.php?rest_route=%2Fwp%2Fv2%2Ftags&post=29945"}],"curies":[{"name":"wp","href":"https:\/\/api.w.org\/{rel}","templated":true}]}}