{"id":300,"date":"2012-01-27T13:15:25","date_gmt":"2012-01-27T09:15:25","guid":{"rendered":"http:\/\/www.zerdab.com\/?p=300"},"modified":"2014-10-02T22:35:52","modified_gmt":"2014-10-02T17:35:52","slug":"ilham-%c9%99liyev-z%c9%99rdabin-inkisafina-boyuk-on%c9%99m-verir","status":"publish","type":"post","link":"https:\/\/www.zerdab.com\/?p=300","title":{"rendered":"\u0130lham \u018fliyev Z\u0259rdab\u0131n inki\u015faf\u0131na b\u00f6y\u00fck \u00f6n\u0259m verir"},"content":{"rendered":"<p><a href=\"http:\/\/www.zerdab.com\/wp-content\/uploads\/2012\/01\/\u0130lham.jpg\"><img loading=\"lazy\" decoding=\"async\" class=\"alignleft size-medium wp-image-301\" title=\"Prezident \u0130lham \u018fliyev Z\u0259rdabda\" src=\"http:\/\/www.zerdab.com\/wp-content\/uploads\/2012\/01\/\u0130lham-300x218.jpg\" alt=\"\" width=\"300\" height=\"218\" \/><\/a>Son ill\u0259r \u00f6lk\u0259mizin h\u0259r yerind\u0259 oldu\u011fu kimi, regionlar\u0131n sosial-iqtisadi inki\u015faf\u0131 il\u0259 ba\u011fl\u0131 birinci v\u0259 ikinci D\u00f6vl\u0259t Proqramlar\u0131 \u00e7\u0259r\u00e7iv\u0259sind\u0259 v\u0259 d\u00f6vl\u0259t b\u00fcdc\u0259sind\u0259n ayr\u0131lan v\u0259sait hesab\u0131na Z\u0259rdab rayonunda da analoqu olmayan i\u015fl\u0259r g\u00f6r\u00fcl\u00fcr. www.zerdab.com-un Z\u0259rdab rayon \u0130cra Hakimiyy\u0259ti ba\u015f\u00e7\u0131s\u0131 Aparat\u0131n\u0131n ictimai-t\u0259\u015fkilatlar v\u0259 siyasi partiyalarla i\u015f \u015f\u00f6b\u0259sin\u0259 istinad\u0259n yayd\u0131\u011f\u0131 m\u0259lumata g\u00f6r\u0259, son ill\u0259r Z\u0259rdab rayonu sosial m\u0259nz\u0259r\u0259sini \u0259h\u0259miyy\u0259tli d\u0259r\u0259c\u0259d\u0259 d\u0259yi\u015fib: &#8220;K\u00fc\u00e7\u0259l\u0259r\u0259 110 min kvadratmetr t\u0259z\u0259 asfalt \u00f6rt\u00fcy\u00fc d\u00f6\u015f\u0259nib, T\u00fcrkiy\u0259d\u0259n g\u0259tirilmi\u015f 6 v\u0259 9 metr h\u00fcnd\u00fcrl\u00fcy\u00fcnd\u0259 yeni elektrik dir\u0259kl\u0259ri qura\u015fd\u0131r\u0131l\u0131b, kommunal binalar\u0131n dam \u00f6rt\u00fckl\u0259ri t\u0259z\u0259l\u0259nib, Heyd\u0259r \u018fliyev park\u0131 v\u0259 prospekti yenid\u0259n qurulub. 2010-cu ilin t\u0259bii f\u0259lak\u0259tind\u0259n ziyan \u00e7\u0259k\u0259n ail\u0259l\u0259r \u00fc\u00e7\u00fcn &#8220;32 hektar&#8221; adlanan \u0259razid\u0259 yeni f\u0259rdi ya\u015fay\u0131\u015f evl\u0259ri tikilib. Haz\u0131rda i\u015fl\u0259r davam etdirilir. K\u00fcr \u00e7ay\u0131 sahill\u0259ri boyunca 60,2 km m\u0259saf\u0259d\u0259 y\u00fcks\u0259k b\u0259nd b\u0259rkitm\u0259 i\u015fl\u0259ri yerin\u0259 yetirilib. Son 4 ild\u0259 7 m\u0259kt\u0259b binas\u0131 tikilib, haz\u0131rda 3 m\u0259kt\u0259bin tikintisi davam etdirilir. 18 inzibati \u0259razid\u0259 modul tipli sut\u0259mizl\u0259yici qur\u011fular qura\u015fd\u0131r\u0131l\u0131b. Rayonda ilk d\u0259f\u0259 Seysmoloji Stansiya tikilib. \u0130nsanlar\u0131n uzun ill\u0259r arzusunda olduqlar\u0131 Z\u0259rdab-Otmanoba yolu 2010-cu ild\u0259 asfaltlan\u0131b, k\u0259ndl\u0259r\u0259 qaz x\u0259ttinin \u00e7\u0259kili\u015fi is\u0259 bu g\u00fcn d\u0259 davam etdirilir. 14 n\u0259f\u0259r Qaraba\u011f \u0259lili \u00fc\u00e7\u00fcn f\u0259rdi ev tikilib, \u015f\u0259hid ail\u0259l\u0259ri v\u0259 Qaraba\u011f \u0259lill\u0259ri \u00fc\u00e7\u00fcn 16 m\u0259nzilli ya\u015fay\u0131\u015f evi istifad\u0259y\u0259 verilib. \u015e\u0259h\u0259rin su v\u0259 kanalizasiya x\u0259tl\u0259rinin tikintisinin t\u0259m\u0259li \u00f6t\u0259n il oktyabr 4-d\u0259 qoyulub.<br \/>\nT\u00fcrkiy\u0259d\u0259 istehsal olunmu\u015f elektron giri\u015f qap\u0131s\u0131, \u00fcmummilli liderin ilk d\u0259f\u0259 hakimiyy\u0259t\u0259 g\u0259lm\u0259sinin 42-ci ild\u00f6n\u00fcm\u00fc m\u00fcnasib\u0259til\u0259 ucald\u0131lan 42 metr h\u00fcnd\u00fcrl\u00fcy\u00fcnd\u0259 D\u00f6vl\u0259t bayra\u011f\u0131 v\u0259 Bayraq meydan\u0131 \u015f\u0259h\u0259r\u0259 x\u00fcsusi g\u00f6z\u0259llik verir.<br \/>\n\u00d6lk\u0259 Prezidenti \u0130lham \u018fliyev 2011-ci il may\u0131n 6-da Z\u0259rdab rayonunda olub, g\u00f6r\u00fcl\u0259n i\u015fl\u0259rd\u0259n raz\u0131l\u0131\u011f\u0131n\u0131 bildirib, d\u00f6vl\u0259t ba\u015f\u00e7\u0131s\u0131n\u0131n m\u00fcvafiq s\u0259r\u0259ncam\u0131 il\u0259 rayonun sosial-iqtisadi inki\u015faf\u0131n\u0131n daha da s\u00fcr\u0259tl\u0259ndirilm\u0259si m\u0259qs\u0259dil\u0259 \u0259lav\u0259 2 milyon manat v\u0259sait ayr\u0131l\u0131b.<br \/>\n<a href=\"http:\/\/www.zerdab.com\/wp-content\/uploads\/2012\/01\/ss1.jpg\"><img loading=\"lazy\" decoding=\"async\" class=\"alignleft size-medium wp-image-307\" title=\"ss\" src=\"http:\/\/www.zerdab.com\/wp-content\/uploads\/2012\/01\/ss1-300x206.jpg\" alt=\"\" width=\"300\" height=\"206\" \/><\/a>Haz\u0131rda ayr\u0131lm\u0131\u015f v\u0259sait hesab\u0131na tikinti-quruculuq i\u015fl\u0259ri y\u00fcks\u0259k s\u00fcr\u0259tl\u0259 davam etdirilir.<br \/>\nM\u00f6ht\u0259\u015f\u0259m Heyd\u0259r \u018fliyev m\u0259rk\u0259zi, Veteranlar evi, G\u0259ncl\u0259r m\u0259rk\u0259zi, U\u015faq v\u0259 Ail\u0259l\u0259r\u0259 D\u0259st\u0259k M\u0259rk\u0259zi, Yarad\u0131c\u0131l\u0131q evi rayona x\u00fcsusi g\u00f6z\u0259llik verir.<br \/>\nRayon Yan\u011f\u0131ndan M\u00fchafiz\u0259 \u015e\u00f6b\u0259sinin, Baytarl\u0131q \u0130dar\u0259sinin, &#8220;32 hektar&#8221; adlanan \u0259razid\u0259, P\u0259rvanl\u0131 v\u0259 L\u0259l\u0259a\u011fac\u0131 k\u0259ndl\u0259rind\u0259 m\u0259kt\u0259b binalar\u0131n\u0131n, \u015e\u0259ft\u0259hal k\u0259ndind\u0259 tibb m\u0259nt\u0259q\u0259sinin, \u00c7all\u0131 k\u0259ndind\u0259 do\u011fum palatas\u0131n\u0131n, Qoruqba\u011f\u0131 k\u0259ndind\u0259 u\u015faq ba\u011f\u00e7as\u0131n\u0131n tikintisi \u00fczr\u0259 i\u015fl\u0259r d\u0259 davam etdirilir.<br \/>\nK\u0259nd t\u0259s\u0259rr\u00fcfat\u0131 m\u0259hsullar\u0131 istehsal\u0131n\u0131 art\u0131rmaq v\u0259 bu m\u0259qs\u0259dl\u0259 \u0259kin sah\u0259l\u0259rini bol su il\u0259 t\u0259min etm\u0259k \u00fc\u00e7\u00fcn \u015e\u0259ft\u0259hal, Al\u0131canl\u0131, K\u00f6rp\u00fck\u0259nd, B\u0131\u00e7aq\u00e7\u0131 v\u0259 dig\u0259r \u00e7oxsayl\u0131 k\u0259ndl\u0259rd\u0259 daha m\u0259hsuldar yeni nasos stansiyalar qura\u015fd\u0131r\u0131l\u0131b.<br \/>\nRayonda g\u00f6r\u00fcl\u0259n b\u00fct\u00fcn abadl\u0131q v\u0259 quruculuq i\u015fl\u0259rin\u0259 g\u00f6r\u0259 d\u00f6vl\u0259t ba\u015f\u00e7\u0131s\u0131 \u0130lham \u018fliyev\u0259 minn\u0259tdar olan z\u0259rdabl\u0131lar haz\u0131rda daha y\u00fcks\u0259k amallar u\u011frunda \u0259zml\u0259 \u00e7al\u0131\u015f\u0131rlar.<br \/>\nRayondak\u0131 sa\u011flam v\u0259 i\u015fg\u00fczar \u015f\u0259rait, m\u00fct\u0259\u015f\u0259kkillik, y\u00fcks\u0259k nizam-intizam 2012-ci ilin d\u0259 Z\u0259rdab v\u0259 z\u0259rdabl\u0131lar \u00fc\u00e7\u00fcn u\u011furlu olaca\u011f\u0131ndan x\u0259b\u0259r verir.<\/p>\n<p><a href=\"http:\/\/www.zerdab.com\/wp-content\/uploads\/2012\/01\/sss.jpg\"><img loading=\"lazy\" decoding=\"async\" class=\"alignleft size-medium wp-image-306\" title=\"Qazla\u015fd\u0131rma qaz \u00e7\u0259kili\u015fi\" src=\"http:\/\/www.zerdab.com\/wp-content\/uploads\/2012\/01\/sss-300x210.jpg\" alt=\"\" width=\"300\" height=\"210\" \/><\/a><\/p>\n","protected":false},"excerpt":{"rendered":"<p>Son ill\u0259r \u00f6lk\u0259mizin h\u0259r yerind\u0259 oldu\u011fu kimi, regionlar\u0131n sosial-iqtisadi inki\u015faf\u0131 il\u0259 ba\u011fl\u0131 birinci v\u0259 ikinci D\u00f6vl\u0259t Proqramlar\u0131 \u00e7\u0259r\u00e7iv\u0259sind\u0259 v\u0259 d\u00f6vl\u0259t b\u00fcdc\u0259sind\u0259n ayr\u0131lan v\u0259sait hesab\u0131na Z\u0259rdab rayonunda da analoqu olmayan i\u015fl\u0259r g\u00f6r\u00fcl\u00fcr. www.zerdab.com-un Z\u0259rdab rayon \u0130cra Hakimiyy\u0259ti ba\u015f\u00e7\u0131s\u0131 Aparat\u0131n\u0131n ictimai-t\u0259\u015fkilatlar v\u0259 siyasi partiyalarla i\u015f \u015f\u00f6b\u0259sin\u0259 istinad\u0259n yayd\u0131\u011f\u0131 m\u0259lumata g\u00f6r\u0259, son ill\u0259r Z\u0259rdab rayonu sosial m\u0259nz\u0259r\u0259sini \u0259h\u0259miyy\u0259tli [&hellip;]<\/p>\n","protected":false},"author":1,"featured_media":0,"comment_status":"open","ping_status":"open","sticky":false,"template":"","format":"standard","meta":{"footnotes":""},"categories":[21],"tags":[],"class_list":{"0":"post-300","1":"post","2":"type-post","3":"status-publish","4":"format-standard","6":"category-zrdab"},"yoast_head":"<!-- This site is optimized with the Yoast SEO plugin v27.0 - https:\/\/yoast.com\/product\/yoast-seo-wordpress\/ -->\n<title>\u0130lham \u018fliyev Z\u0259rdab\u0131n inki\u015faf\u0131na b\u00f6y\u00fck \u00f6n\u0259m verir - Z\u0259rdab.com<\/title>\n<meta name=\"robots\" content=\"index, follow, max-snippet:-1, max-image-preview:large, max-video-preview:-1\" \/>\n<link rel=\"canonical\" href=\"https:\/\/www.zerdab.com\/?p=300\" \/>\n<meta property=\"og:locale\" content=\"az_AZ\" \/>\n<meta property=\"og:type\" content=\"article\" \/>\n<meta property=\"og:title\" content=\"\u0130lham \u018fliyev Z\u0259rdab\u0131n inki\u015faf\u0131na b\u00f6y\u00fck \u00f6n\u0259m verir - Z\u0259rdab.com\" \/>\n<meta property=\"og:description\" content=\"Son ill\u0259r \u00f6lk\u0259mizin h\u0259r yerind\u0259 oldu\u011fu kimi, regionlar\u0131n sosial-iqtisadi inki\u015faf\u0131 il\u0259 ba\u011fl\u0131 birinci v\u0259 ikinci D\u00f6vl\u0259t Proqramlar\u0131 \u00e7\u0259r\u00e7iv\u0259sind\u0259 v\u0259 d\u00f6vl\u0259t b\u00fcdc\u0259sind\u0259n ayr\u0131lan v\u0259sait hesab\u0131na Z\u0259rdab rayonunda da analoqu olmayan i\u015fl\u0259r g\u00f6r\u00fcl\u00fcr. www.zerdab.com-un Z\u0259rdab rayon \u0130cra Hakimiyy\u0259ti ba\u015f\u00e7\u0131s\u0131 Aparat\u0131n\u0131n ictimai-t\u0259\u015fkilatlar v\u0259 siyasi partiyalarla i\u015f \u015f\u00f6b\u0259sin\u0259 istinad\u0259n yayd\u0131\u011f\u0131 m\u0259lumata g\u00f6r\u0259, son ill\u0259r Z\u0259rdab rayonu sosial m\u0259nz\u0259r\u0259sini \u0259h\u0259miyy\u0259tli [&hellip;]\" \/>\n<meta property=\"og:url\" content=\"https:\/\/www.zerdab.com\/?p=300\" \/>\n<meta property=\"og:site_name\" content=\"Z\u0259rdab.com\" \/>\n<meta property=\"article:published_time\" content=\"2012-01-27T09:15:25+00:00\" \/>\n<meta property=\"article:modified_time\" content=\"2014-10-02T17:35:52+00:00\" \/>\n<meta property=\"og:image\" content=\"http:\/\/www.zerdab.com\/wp-content\/uploads\/2012\/01\/ss1-300x206.jpg\" \/>\n<meta name=\"author\" content=\"admin\" \/>\n<meta name=\"twitter:card\" content=\"summary_large_image\" \/>\n<meta name=\"twitter:label1\" content=\"Written by\" \/>\n\t<meta name=\"twitter:data1\" content=\"admin\" \/>\n\t<meta name=\"twitter:label2\" content=\"Est. reading time\" \/>\n\t<meta name=\"twitter:data2\" content=\"3 minutes\" \/>\n<script type=\"application\/ld+json\" class=\"yoast-schema-graph\">{\"@context\":\"https:\/\/schema.org\",\"@graph\":[{\"@type\":\"Article\",\"@id\":\"https:\/\/www.zerdab.com\/?p=300#article\",\"isPartOf\":{\"@id\":\"https:\/\/www.zerdab.com\/?p=300\"},\"author\":{\"name\":\"admin\",\"@id\":\"https:\/\/www.zerdab.com\/#\/schema\/person\/97079b7570c1e89ec0d9e138c3672136\"},\"headline\":\"\u0130lham \u018fliyev Z\u0259rdab\u0131n inki\u015faf\u0131na b\u00f6y\u00fck \u00f6n\u0259m verir\",\"datePublished\":\"2012-01-27T09:15:25+00:00\",\"dateModified\":\"2014-10-02T17:35:52+00:00\",\"mainEntityOfPage\":{\"@id\":\"https:\/\/www.zerdab.com\/?p=300\"},\"wordCount\":708,\"commentCount\":0,\"image\":{\"@id\":\"https:\/\/www.zerdab.com\/?p=300#primaryimage\"},\"thumbnailUrl\":\"http:\/\/www.zerdab.com\/wp-content\/uploads\/2012\/01\/ss1-300x206.jpg\",\"articleSection\":[\"C\u018fM\u0130YY\u018fT\"],\"inLanguage\":\"az\",\"potentialAction\":[{\"@type\":\"CommentAction\",\"name\":\"Comment\",\"target\":[\"https:\/\/www.zerdab.com\/?p=300#respond\"]}]},{\"@type\":\"WebPage\",\"@id\":\"https:\/\/www.zerdab.com\/?p=300\",\"url\":\"https:\/\/www.zerdab.com\/?p=300\",\"name\":\"\u0130lham \u018fliyev Z\u0259rdab\u0131n inki\u015faf\u0131na b\u00f6y\u00fck \u00f6n\u0259m verir - Z\u0259rdab.com\",\"isPartOf\":{\"@id\":\"https:\/\/www.zerdab.com\/#website\"},\"primaryImageOfPage\":{\"@id\":\"https:\/\/www.zerdab.com\/?p=300#primaryimage\"},\"image\":{\"@id\":\"https:\/\/www.zerdab.com\/?p=300#primaryimage\"},\"thumbnailUrl\":\"http:\/\/www.zerdab.com\/wp-content\/uploads\/2012\/01\/ss1-300x206.jpg\",\"datePublished\":\"2012-01-27T09:15:25+00:00\",\"dateModified\":\"2014-10-02T17:35:52+00:00\",\"author\":{\"@id\":\"https:\/\/www.zerdab.com\/#\/schema\/person\/97079b7570c1e89ec0d9e138c3672136\"},\"breadcrumb\":{\"@id\":\"https:\/\/www.zerdab.com\/?p=300#breadcrumb\"},\"inLanguage\":\"az\",\"potentialAction\":[{\"@type\":\"ReadAction\",\"target\":[\"https:\/\/www.zerdab.com\/?p=300\"]}]},{\"@type\":\"ImageObject\",\"inLanguage\":\"az\",\"@id\":\"https:\/\/www.zerdab.com\/?p=300#primaryimage\",\"url\":\"\",\"contentUrl\":\"\"},{\"@type\":\"BreadcrumbList\",\"@id\":\"https:\/\/www.zerdab.com\/?p=300#breadcrumb\",\"itemListElement\":[{\"@type\":\"ListItem\",\"position\":1,\"name\":\"Home\",\"item\":\"https:\/\/www.zerdab.com\/\"},{\"@type\":\"ListItem\",\"position\":2,\"name\":\"\u0130lham \u018fliyev Z\u0259rdab\u0131n inki\u015faf\u0131na b\u00f6y\u00fck \u00f6n\u0259m verir\"}]},{\"@type\":\"WebSite\",\"@id\":\"https:\/\/www.zerdab.com\/#website\",\"url\":\"https:\/\/www.zerdab.com\/\",\"name\":\"Z\u0259rdab.com\",\"description\":\"\",\"potentialAction\":[{\"@type\":\"SearchAction\",\"target\":{\"@type\":\"EntryPoint\",\"urlTemplate\":\"https:\/\/www.zerdab.com\/?s={search_term_string}\"},\"query-input\":{\"@type\":\"PropertyValueSpecification\",\"valueRequired\":true,\"valueName\":\"search_term_string\"}}],\"inLanguage\":\"az\"},{\"@type\":\"Person\",\"@id\":\"https:\/\/www.zerdab.com\/#\/schema\/person\/97079b7570c1e89ec0d9e138c3672136\",\"name\":\"admin\",\"image\":{\"@type\":\"ImageObject\",\"inLanguage\":\"az\",\"@id\":\"https:\/\/www.zerdab.com\/#\/schema\/person\/image\/\",\"url\":\"https:\/\/secure.gravatar.com\/avatar\/d9c52a9a27c32119cb6679a077fa3e2779e5f822c451cbf01098004361d466ec?s=96&d=mm&r=g\",\"contentUrl\":\"https:\/\/secure.gravatar.com\/avatar\/d9c52a9a27c32119cb6679a077fa3e2779e5f822c451cbf01098004361d466ec?s=96&d=mm&r=g\",\"caption\":\"admin\"},\"url\":\"https:\/\/www.zerdab.com\/?author=1\"}]}<\/script>\n<!-- \/ Yoast SEO plugin. -->","yoast_head_json":{"title":"\u0130lham \u018fliyev Z\u0259rdab\u0131n inki\u015faf\u0131na b\u00f6y\u00fck \u00f6n\u0259m verir - Z\u0259rdab.com","robots":{"index":"index","follow":"follow","max-snippet":"max-snippet:-1","max-image-preview":"max-image-preview:large","max-video-preview":"max-video-preview:-1"},"canonical":"https:\/\/www.zerdab.com\/?p=300","og_locale":"az_AZ","og_type":"article","og_title":"\u0130lham \u018fliyev Z\u0259rdab\u0131n inki\u015faf\u0131na b\u00f6y\u00fck \u00f6n\u0259m verir - Z\u0259rdab.com","og_description":"Son ill\u0259r \u00f6lk\u0259mizin h\u0259r yerind\u0259 oldu\u011fu kimi, regionlar\u0131n sosial-iqtisadi inki\u015faf\u0131 il\u0259 ba\u011fl\u0131 birinci v\u0259 ikinci D\u00f6vl\u0259t Proqramlar\u0131 \u00e7\u0259r\u00e7iv\u0259sind\u0259 v\u0259 d\u00f6vl\u0259t b\u00fcdc\u0259sind\u0259n ayr\u0131lan v\u0259sait hesab\u0131na Z\u0259rdab rayonunda da analoqu olmayan i\u015fl\u0259r g\u00f6r\u00fcl\u00fcr. www.zerdab.com-un Z\u0259rdab rayon \u0130cra Hakimiyy\u0259ti ba\u015f\u00e7\u0131s\u0131 Aparat\u0131n\u0131n ictimai-t\u0259\u015fkilatlar v\u0259 siyasi partiyalarla i\u015f \u015f\u00f6b\u0259sin\u0259 istinad\u0259n yayd\u0131\u011f\u0131 m\u0259lumata g\u00f6r\u0259, son ill\u0259r Z\u0259rdab rayonu sosial m\u0259nz\u0259r\u0259sini \u0259h\u0259miyy\u0259tli [&hellip;]","og_url":"https:\/\/www.zerdab.com\/?p=300","og_site_name":"Z\u0259rdab.com","article_published_time":"2012-01-27T09:15:25+00:00","article_modified_time":"2014-10-02T17:35:52+00:00","og_image":[{"url":"http:\/\/www.zerdab.com\/wp-content\/uploads\/2012\/01\/ss1-300x206.jpg","type":"","width":"","height":""}],"author":"admin","twitter_card":"summary_large_image","twitter_misc":{"Written by":"admin","Est. reading time":"3 minutes"},"schema":{"@context":"https:\/\/schema.org","@graph":[{"@type":"Article","@id":"https:\/\/www.zerdab.com\/?p=300#article","isPartOf":{"@id":"https:\/\/www.zerdab.com\/?p=300"},"author":{"name":"admin","@id":"https:\/\/www.zerdab.com\/#\/schema\/person\/97079b7570c1e89ec0d9e138c3672136"},"headline":"\u0130lham \u018fliyev Z\u0259rdab\u0131n inki\u015faf\u0131na b\u00f6y\u00fck \u00f6n\u0259m verir","datePublished":"2012-01-27T09:15:25+00:00","dateModified":"2014-10-02T17:35:52+00:00","mainEntityOfPage":{"@id":"https:\/\/www.zerdab.com\/?p=300"},"wordCount":708,"commentCount":0,"image":{"@id":"https:\/\/www.zerdab.com\/?p=300#primaryimage"},"thumbnailUrl":"http:\/\/www.zerdab.com\/wp-content\/uploads\/2012\/01\/ss1-300x206.jpg","articleSection":["C\u018fM\u0130YY\u018fT"],"inLanguage":"az","potentialAction":[{"@type":"CommentAction","name":"Comment","target":["https:\/\/www.zerdab.com\/?p=300#respond"]}]},{"@type":"WebPage","@id":"https:\/\/www.zerdab.com\/?p=300","url":"https:\/\/www.zerdab.com\/?p=300","name":"\u0130lham \u018fliyev Z\u0259rdab\u0131n inki\u015faf\u0131na b\u00f6y\u00fck \u00f6n\u0259m verir - Z\u0259rdab.com","isPartOf":{"@id":"https:\/\/www.zerdab.com\/#website"},"primaryImageOfPage":{"@id":"https:\/\/www.zerdab.com\/?p=300#primaryimage"},"image":{"@id":"https:\/\/www.zerdab.com\/?p=300#primaryimage"},"thumbnailUrl":"http:\/\/www.zerdab.com\/wp-content\/uploads\/2012\/01\/ss1-300x206.jpg","datePublished":"2012-01-27T09:15:25+00:00","dateModified":"2014-10-02T17:35:52+00:00","author":{"@id":"https:\/\/www.zerdab.com\/#\/schema\/person\/97079b7570c1e89ec0d9e138c3672136"},"breadcrumb":{"@id":"https:\/\/www.zerdab.com\/?p=300#breadcrumb"},"inLanguage":"az","potentialAction":[{"@type":"ReadAction","target":["https:\/\/www.zerdab.com\/?p=300"]}]},{"@type":"ImageObject","inLanguage":"az","@id":"https:\/\/www.zerdab.com\/?p=300#primaryimage","url":"","contentUrl":""},{"@type":"BreadcrumbList","@id":"https:\/\/www.zerdab.com\/?p=300#breadcrumb","itemListElement":[{"@type":"ListItem","position":1,"name":"Home","item":"https:\/\/www.zerdab.com\/"},{"@type":"ListItem","position":2,"name":"\u0130lham \u018fliyev Z\u0259rdab\u0131n inki\u015faf\u0131na b\u00f6y\u00fck \u00f6n\u0259m verir"}]},{"@type":"WebSite","@id":"https:\/\/www.zerdab.com\/#website","url":"https:\/\/www.zerdab.com\/","name":"Z\u0259rdab.com","description":"","potentialAction":[{"@type":"SearchAction","target":{"@type":"EntryPoint","urlTemplate":"https:\/\/www.zerdab.com\/?s={search_term_string}"},"query-input":{"@type":"PropertyValueSpecification","valueRequired":true,"valueName":"search_term_string"}}],"inLanguage":"az"},{"@type":"Person","@id":"https:\/\/www.zerdab.com\/#\/schema\/person\/97079b7570c1e89ec0d9e138c3672136","name":"admin","image":{"@type":"ImageObject","inLanguage":"az","@id":"https:\/\/www.zerdab.com\/#\/schema\/person\/image\/","url":"https:\/\/secure.gravatar.com\/avatar\/d9c52a9a27c32119cb6679a077fa3e2779e5f822c451cbf01098004361d466ec?s=96&d=mm&r=g","contentUrl":"https:\/\/secure.gravatar.com\/avatar\/d9c52a9a27c32119cb6679a077fa3e2779e5f822c451cbf01098004361d466ec?s=96&d=mm&r=g","caption":"admin"},"url":"https:\/\/www.zerdab.com\/?author=1"}]}},"_links":{"self":[{"href":"https:\/\/www.zerdab.com\/index.php?rest_route=\/wp\/v2\/posts\/300","targetHints":{"allow":["GET"]}}],"collection":[{"href":"https:\/\/www.zerdab.com\/index.php?rest_route=\/wp\/v2\/posts"}],"about":[{"href":"https:\/\/www.zerdab.com\/index.php?rest_route=\/wp\/v2\/types\/post"}],"author":[{"embeddable":true,"href":"https:\/\/www.zerdab.com\/index.php?rest_route=\/wp\/v2\/users\/1"}],"replies":[{"embeddable":true,"href":"https:\/\/www.zerdab.com\/index.php?rest_route=%2Fwp%2Fv2%2Fcomments&post=300"}],"version-history":[{"count":4,"href":"https:\/\/www.zerdab.com\/index.php?rest_route=\/wp\/v2\/posts\/300\/revisions"}],"predecessor-version":[{"id":16922,"href":"https:\/\/www.zerdab.com\/index.php?rest_route=\/wp\/v2\/posts\/300\/revisions\/16922"}],"wp:attachment":[{"href":"https:\/\/www.zerdab.com\/index.php?rest_route=%2Fwp%2Fv2%2Fmedia&parent=300"}],"wp:term":[{"taxonomy":"category","embeddable":true,"href":"https:\/\/www.zerdab.com\/index.php?rest_route=%2Fwp%2Fv2%2Fcategories&post=300"},{"taxonomy":"post_tag","embeddable":true,"href":"https:\/\/www.zerdab.com\/index.php?rest_route=%2Fwp%2Fv2%2Ftags&post=300"}],"curies":[{"name":"wp","href":"https:\/\/api.w.org\/{rel}","templated":true}]}}