{"id":30141,"date":"2023-09-20T16:23:57","date_gmt":"2023-09-20T12:23:57","guid":{"rendered":"https:\/\/www.zerdab.com\/?p=30141"},"modified":"2023-09-20T16:24:58","modified_gmt":"2023-09-20T12:24:58","slug":"antiterror-t%c9%99dbirl%c9%99ri-dayandirildi-mn-d%c9%99n-r%c9%99smi-aciqlama","status":"publish","type":"post","link":"https:\/\/www.zerdab.com\/?p=30141","title":{"rendered":"Antiterror t\u0259dbirl\u0259ri dayand\u0131r\u0131ld\u0131 &#8211; MN-d\u0259n r\u0259smi a\u00e7\u0131qlama"},"content":{"rendered":"<p><strong>Lokal xarakterli antiterror t\u0259dbirl\u0259rinin dayand\u0131r\u0131lmas\u0131 bar\u0259d\u0259 raz\u0131l\u0131q \u0259ld\u0259 olunub.<\/strong><\/p>\n<p><strong>Zerdab.com<\/strong> x\u0259b\u0259r verir ki, bu bar\u0259d\u0259 M\u00fcdafi\u0259 Nazirliyind\u0259n m\u0259lumat verilib.<\/p>\n<p>Bildirilib ki, Qaraba\u011f\u0131n erm\u0259ni sakinl\u0259rinin n\u00fcmay\u0259nd\u0259l\u0259rinin Rusiya s\u00fclhm\u0259raml\u0131 kontingenti vasit\u0259sil\u0259 m\u00fcraci\u0259tini n\u0259z\u0259r\u0259 alaraq 2023-c\u00fc il sentyabr\u0131n 20-d\u0259 saat 13:00-da a\u015fa\u011f\u0131dak\u0131 \u015f\u0259rtl\u0259r alt\u0131nda lokal xarakterli antiterror t\u0259dbirl\u0259rinin dayand\u0131r\u0131lmas\u0131 bar\u0259d\u0259 raz\u0131l\u0131q \u0259ld\u0259 olunub:<\/p>\n<p>1. Az\u0259rbaycan Respublikas\u0131n\u0131n Qaraba\u011f b\u00f6lg\u0259sind\u0259 yerl\u0259\u015f\u0259n Erm\u0259nistan silahl\u0131 q\u00fcvv\u0259l\u0259rinin birl\u0259\u015fm\u0259l\u0259ri, qeyri-qanuni erm\u0259ni silahl\u0131 d\u0259st\u0259l\u0259ri silah\u0131 yer\u0259 qoyur, d\u00f6y\u00fc\u015f m\u00f6vqel\u0259rind\u0259n v\u0259 h\u0259rbi postlardan \u00e7\u0131x\u0131r v\u0259 tam \u015f\u0259kild\u0259 t\u0259rksilah olunurlar. Erm\u0259nistan silahl\u0131 q\u00fcvv\u0259l\u0259rinin birl\u0259\u015fm\u0259l\u0259ri Az\u0259rbaycan \u0259razil\u0259rini t\u0259rk edir, qeyri-qanuni erm\u0259ni silahl\u0131 d\u0259st\u0259l\u0259ri burax\u0131l\u0131r.<\/p>\n<p>2. Paralel \u015f\u0259kild\u0259 b\u00fct\u00fcn silah-sursat v\u0259 a\u011f\u0131r texnika t\u0259hvil verilir.<\/p>\n<p>3. Yuxar\u0131da qeyd olunan prosesl\u0259rin Rusiya s\u00fclhm\u0259raml\u0131 kontingenti il\u0259 \u0259laq\u0259l\u0259ndirilmi\u015f \u015f\u0259kild\u0259 h\u0259yata ke\u00e7irilm\u0259si t\u0259min edilir.<\/p>\n<p><strong>Zerdab.com<\/strong><\/p>\n","protected":false},"excerpt":{"rendered":"<p>Lokal xarakterli antiterror t\u0259dbirl\u0259rinin dayand\u0131r\u0131lmas\u0131 bar\u0259d\u0259 raz\u0131l\u0131q \u0259ld\u0259 olunub. Zerdab.com x\u0259b\u0259r verir ki, bu bar\u0259d\u0259 M\u00fcdafi\u0259 Nazirliyind\u0259n m\u0259lumat verilib. Bildirilib ki, Qaraba\u011f\u0131n erm\u0259ni sakinl\u0259rinin n\u00fcmay\u0259nd\u0259l\u0259rinin Rusiya s\u00fclhm\u0259raml\u0131 kontingenti vasit\u0259sil\u0259 m\u00fcraci\u0259tini n\u0259z\u0259r\u0259 alaraq 2023-c\u00fc il sentyabr\u0131n 20-d\u0259 saat 13:00-da a\u015fa\u011f\u0131dak\u0131 \u015f\u0259rtl\u0259r alt\u0131nda lokal xarakterli antiterror t\u0259dbirl\u0259rinin dayand\u0131r\u0131lmas\u0131 bar\u0259d\u0259 raz\u0131l\u0131q \u0259ld\u0259 olunub: 1. Az\u0259rbaycan Respublikas\u0131n\u0131n Qaraba\u011f b\u00f6lg\u0259sind\u0259 [&hellip;]<\/p>\n","protected":false},"author":1,"featured_media":30143,"comment_status":"closed","ping_status":"closed","sticky":false,"template":"","format":"standard","meta":{"footnotes":""},"categories":[63,5],"tags":[],"class_list":{"0":"post-30141","1":"post","2":"type-post","3":"status-publish","4":"format-standard","5":"has-post-thumbnail","7":"category-manset","8":"category-knd"},"yoast_head":"<!-- This site is optimized with the Yoast SEO plugin v27.0 - https:\/\/yoast.com\/product\/yoast-seo-wordpress\/ -->\n<title>Antiterror t\u0259dbirl\u0259ri dayand\u0131r\u0131ld\u0131 - MN-d\u0259n r\u0259smi a\u00e7\u0131qlama - Z\u0259rdab.com<\/title>\n<meta name=\"robots\" content=\"index, follow, max-snippet:-1, max-image-preview:large, max-video-preview:-1\" \/>\n<link rel=\"canonical\" href=\"https:\/\/www.zerdab.com\/?p=30141\" \/>\n<meta property=\"og:locale\" content=\"az_AZ\" \/>\n<meta property=\"og:type\" content=\"article\" \/>\n<meta property=\"og:title\" content=\"Antiterror t\u0259dbirl\u0259ri dayand\u0131r\u0131ld\u0131 - MN-d\u0259n r\u0259smi a\u00e7\u0131qlama - Z\u0259rdab.com\" \/>\n<meta property=\"og:description\" content=\"Lokal xarakterli antiterror t\u0259dbirl\u0259rinin dayand\u0131r\u0131lmas\u0131 bar\u0259d\u0259 raz\u0131l\u0131q \u0259ld\u0259 olunub. Zerdab.com x\u0259b\u0259r verir ki, bu bar\u0259d\u0259 M\u00fcdafi\u0259 Nazirliyind\u0259n m\u0259lumat verilib. Bildirilib ki, Qaraba\u011f\u0131n erm\u0259ni sakinl\u0259rinin n\u00fcmay\u0259nd\u0259l\u0259rinin Rusiya s\u00fclhm\u0259raml\u0131 kontingenti vasit\u0259sil\u0259 m\u00fcraci\u0259tini n\u0259z\u0259r\u0259 alaraq 2023-c\u00fc il sentyabr\u0131n 20-d\u0259 saat 13:00-da a\u015fa\u011f\u0131dak\u0131 \u015f\u0259rtl\u0259r alt\u0131nda lokal xarakterli antiterror t\u0259dbirl\u0259rinin dayand\u0131r\u0131lmas\u0131 bar\u0259d\u0259 raz\u0131l\u0131q \u0259ld\u0259 olunub: 1. Az\u0259rbaycan Respublikas\u0131n\u0131n Qaraba\u011f b\u00f6lg\u0259sind\u0259 [&hellip;]\" \/>\n<meta property=\"og:url\" content=\"https:\/\/www.zerdab.com\/?p=30141\" \/>\n<meta property=\"og:site_name\" content=\"Z\u0259rdab.com\" \/>\n<meta property=\"article:published_time\" content=\"2023-09-20T12:23:57+00:00\" \/>\n<meta property=\"article:modified_time\" content=\"2023-09-20T12:24:58+00:00\" \/>\n<meta property=\"og:image\" content=\"https:\/\/www.zerdab.com\/wp-content\/uploads\/2023\/09\/mudafie-nazirliyi-qarabag.jpg\" \/>\n\t<meta property=\"og:image:width\" content=\"637\" \/>\n\t<meta property=\"og:image:height\" content=\"400\" \/>\n\t<meta property=\"og:image:type\" content=\"image\/jpeg\" \/>\n<meta name=\"author\" content=\"admin\" \/>\n<meta name=\"twitter:card\" content=\"summary_large_image\" \/>\n<meta name=\"twitter:label1\" content=\"Written by\" \/>\n\t<meta name=\"twitter:data1\" content=\"admin\" \/>\n\t<meta name=\"twitter:label2\" content=\"Est. reading time\" \/>\n\t<meta name=\"twitter:data2\" content=\"1 minute\" \/>\n<script type=\"application\/ld+json\" class=\"yoast-schema-graph\">{\"@context\":\"https:\/\/schema.org\",\"@graph\":[{\"@type\":\"Article\",\"@id\":\"https:\/\/www.zerdab.com\/?p=30141#article\",\"isPartOf\":{\"@id\":\"https:\/\/www.zerdab.com\/?p=30141\"},\"author\":{\"name\":\"admin\",\"@id\":\"https:\/\/www.zerdab.com\/#\/schema\/person\/97079b7570c1e89ec0d9e138c3672136\"},\"headline\":\"Antiterror t\u0259dbirl\u0259ri dayand\u0131r\u0131ld\u0131 &#8211; MN-d\u0259n r\u0259smi a\u00e7\u0131qlama\",\"datePublished\":\"2023-09-20T12:23:57+00:00\",\"dateModified\":\"2023-09-20T12:24:58+00:00\",\"mainEntityOfPage\":{\"@id\":\"https:\/\/www.zerdab.com\/?p=30141\"},\"wordCount\":223,\"image\":{\"@id\":\"https:\/\/www.zerdab.com\/?p=30141#primaryimage\"},\"thumbnailUrl\":\"https:\/\/www.zerdab.com\/wp-content\/uploads\/2023\/09\/mudafie-nazirliyi-qarabag.jpg\",\"articleSection\":[\"MAN\u015eET\",\"X\u018fB\u018fRL\u018fR\"],\"inLanguage\":\"az\"},{\"@type\":\"WebPage\",\"@id\":\"https:\/\/www.zerdab.com\/?p=30141\",\"url\":\"https:\/\/www.zerdab.com\/?p=30141\",\"name\":\"Antiterror t\u0259dbirl\u0259ri dayand\u0131r\u0131ld\u0131 - MN-d\u0259n r\u0259smi a\u00e7\u0131qlama - Z\u0259rdab.com\",\"isPartOf\":{\"@id\":\"https:\/\/www.zerdab.com\/#website\"},\"primaryImageOfPage\":{\"@id\":\"https:\/\/www.zerdab.com\/?p=30141#primaryimage\"},\"image\":{\"@id\":\"https:\/\/www.zerdab.com\/?p=30141#primaryimage\"},\"thumbnailUrl\":\"https:\/\/www.zerdab.com\/wp-content\/uploads\/2023\/09\/mudafie-nazirliyi-qarabag.jpg\",\"datePublished\":\"2023-09-20T12:23:57+00:00\",\"dateModified\":\"2023-09-20T12:24:58+00:00\",\"author\":{\"@id\":\"https:\/\/www.zerdab.com\/#\/schema\/person\/97079b7570c1e89ec0d9e138c3672136\"},\"breadcrumb\":{\"@id\":\"https:\/\/www.zerdab.com\/?p=30141#breadcrumb\"},\"inLanguage\":\"az\",\"potentialAction\":[{\"@type\":\"ReadAction\",\"target\":[\"https:\/\/www.zerdab.com\/?p=30141\"]}]},{\"@type\":\"ImageObject\",\"inLanguage\":\"az\",\"@id\":\"https:\/\/www.zerdab.com\/?p=30141#primaryimage\",\"url\":\"https:\/\/www.zerdab.com\/wp-content\/uploads\/2023\/09\/mudafie-nazirliyi-qarabag.jpg\",\"contentUrl\":\"https:\/\/www.zerdab.com\/wp-content\/uploads\/2023\/09\/mudafie-nazirliyi-qarabag.jpg\",\"width\":637,\"height\":400,\"caption\":\"mudafie-nazirliyi-qarabag\"},{\"@type\":\"BreadcrumbList\",\"@id\":\"https:\/\/www.zerdab.com\/?p=30141#breadcrumb\",\"itemListElement\":[{\"@type\":\"ListItem\",\"position\":1,\"name\":\"Home\",\"item\":\"https:\/\/www.zerdab.com\/\"},{\"@type\":\"ListItem\",\"position\":2,\"name\":\"Antiterror t\u0259dbirl\u0259ri dayand\u0131r\u0131ld\u0131 &#8211; MN-d\u0259n r\u0259smi a\u00e7\u0131qlama\"}]},{\"@type\":\"WebSite\",\"@id\":\"https:\/\/www.zerdab.com\/#website\",\"url\":\"https:\/\/www.zerdab.com\/\",\"name\":\"Z\u0259rdab.com\",\"description\":\"\",\"potentialAction\":[{\"@type\":\"SearchAction\",\"target\":{\"@type\":\"EntryPoint\",\"urlTemplate\":\"https:\/\/www.zerdab.com\/?s={search_term_string}\"},\"query-input\":{\"@type\":\"PropertyValueSpecification\",\"valueRequired\":true,\"valueName\":\"search_term_string\"}}],\"inLanguage\":\"az\"},{\"@type\":\"Person\",\"@id\":\"https:\/\/www.zerdab.com\/#\/schema\/person\/97079b7570c1e89ec0d9e138c3672136\",\"name\":\"admin\",\"image\":{\"@type\":\"ImageObject\",\"inLanguage\":\"az\",\"@id\":\"https:\/\/www.zerdab.com\/#\/schema\/person\/image\/\",\"url\":\"https:\/\/secure.gravatar.com\/avatar\/d9c52a9a27c32119cb6679a077fa3e2779e5f822c451cbf01098004361d466ec?s=96&d=mm&r=g\",\"contentUrl\":\"https:\/\/secure.gravatar.com\/avatar\/d9c52a9a27c32119cb6679a077fa3e2779e5f822c451cbf01098004361d466ec?s=96&d=mm&r=g\",\"caption\":\"admin\"},\"url\":\"https:\/\/www.zerdab.com\/?author=1\"}]}<\/script>\n<!-- \/ Yoast SEO plugin. -->","yoast_head_json":{"title":"Antiterror t\u0259dbirl\u0259ri dayand\u0131r\u0131ld\u0131 - MN-d\u0259n r\u0259smi a\u00e7\u0131qlama - Z\u0259rdab.com","robots":{"index":"index","follow":"follow","max-snippet":"max-snippet:-1","max-image-preview":"max-image-preview:large","max-video-preview":"max-video-preview:-1"},"canonical":"https:\/\/www.zerdab.com\/?p=30141","og_locale":"az_AZ","og_type":"article","og_title":"Antiterror t\u0259dbirl\u0259ri dayand\u0131r\u0131ld\u0131 - MN-d\u0259n r\u0259smi a\u00e7\u0131qlama - Z\u0259rdab.com","og_description":"Lokal xarakterli antiterror t\u0259dbirl\u0259rinin dayand\u0131r\u0131lmas\u0131 bar\u0259d\u0259 raz\u0131l\u0131q \u0259ld\u0259 olunub. Zerdab.com x\u0259b\u0259r verir ki, bu bar\u0259d\u0259 M\u00fcdafi\u0259 Nazirliyind\u0259n m\u0259lumat verilib. Bildirilib ki, Qaraba\u011f\u0131n erm\u0259ni sakinl\u0259rinin n\u00fcmay\u0259nd\u0259l\u0259rinin Rusiya s\u00fclhm\u0259raml\u0131 kontingenti vasit\u0259sil\u0259 m\u00fcraci\u0259tini n\u0259z\u0259r\u0259 alaraq 2023-c\u00fc il sentyabr\u0131n 20-d\u0259 saat 13:00-da a\u015fa\u011f\u0131dak\u0131 \u015f\u0259rtl\u0259r alt\u0131nda lokal xarakterli antiterror t\u0259dbirl\u0259rinin dayand\u0131r\u0131lmas\u0131 bar\u0259d\u0259 raz\u0131l\u0131q \u0259ld\u0259 olunub: 1. Az\u0259rbaycan Respublikas\u0131n\u0131n Qaraba\u011f b\u00f6lg\u0259sind\u0259 [&hellip;]","og_url":"https:\/\/www.zerdab.com\/?p=30141","og_site_name":"Z\u0259rdab.com","article_published_time":"2023-09-20T12:23:57+00:00","article_modified_time":"2023-09-20T12:24:58+00:00","og_image":[{"width":637,"height":400,"url":"https:\/\/www.zerdab.com\/wp-content\/uploads\/2023\/09\/mudafie-nazirliyi-qarabag.jpg","type":"image\/jpeg"}],"author":"admin","twitter_card":"summary_large_image","twitter_misc":{"Written by":"admin","Est. reading time":"1 minute"},"schema":{"@context":"https:\/\/schema.org","@graph":[{"@type":"Article","@id":"https:\/\/www.zerdab.com\/?p=30141#article","isPartOf":{"@id":"https:\/\/www.zerdab.com\/?p=30141"},"author":{"name":"admin","@id":"https:\/\/www.zerdab.com\/#\/schema\/person\/97079b7570c1e89ec0d9e138c3672136"},"headline":"Antiterror t\u0259dbirl\u0259ri dayand\u0131r\u0131ld\u0131 &#8211; MN-d\u0259n r\u0259smi a\u00e7\u0131qlama","datePublished":"2023-09-20T12:23:57+00:00","dateModified":"2023-09-20T12:24:58+00:00","mainEntityOfPage":{"@id":"https:\/\/www.zerdab.com\/?p=30141"},"wordCount":223,"image":{"@id":"https:\/\/www.zerdab.com\/?p=30141#primaryimage"},"thumbnailUrl":"https:\/\/www.zerdab.com\/wp-content\/uploads\/2023\/09\/mudafie-nazirliyi-qarabag.jpg","articleSection":["MAN\u015eET","X\u018fB\u018fRL\u018fR"],"inLanguage":"az"},{"@type":"WebPage","@id":"https:\/\/www.zerdab.com\/?p=30141","url":"https:\/\/www.zerdab.com\/?p=30141","name":"Antiterror t\u0259dbirl\u0259ri dayand\u0131r\u0131ld\u0131 - MN-d\u0259n r\u0259smi a\u00e7\u0131qlama - Z\u0259rdab.com","isPartOf":{"@id":"https:\/\/www.zerdab.com\/#website"},"primaryImageOfPage":{"@id":"https:\/\/www.zerdab.com\/?p=30141#primaryimage"},"image":{"@id":"https:\/\/www.zerdab.com\/?p=30141#primaryimage"},"thumbnailUrl":"https:\/\/www.zerdab.com\/wp-content\/uploads\/2023\/09\/mudafie-nazirliyi-qarabag.jpg","datePublished":"2023-09-20T12:23:57+00:00","dateModified":"2023-09-20T12:24:58+00:00","author":{"@id":"https:\/\/www.zerdab.com\/#\/schema\/person\/97079b7570c1e89ec0d9e138c3672136"},"breadcrumb":{"@id":"https:\/\/www.zerdab.com\/?p=30141#breadcrumb"},"inLanguage":"az","potentialAction":[{"@type":"ReadAction","target":["https:\/\/www.zerdab.com\/?p=30141"]}]},{"@type":"ImageObject","inLanguage":"az","@id":"https:\/\/www.zerdab.com\/?p=30141#primaryimage","url":"https:\/\/www.zerdab.com\/wp-content\/uploads\/2023\/09\/mudafie-nazirliyi-qarabag.jpg","contentUrl":"https:\/\/www.zerdab.com\/wp-content\/uploads\/2023\/09\/mudafie-nazirliyi-qarabag.jpg","width":637,"height":400,"caption":"mudafie-nazirliyi-qarabag"},{"@type":"BreadcrumbList","@id":"https:\/\/www.zerdab.com\/?p=30141#breadcrumb","itemListElement":[{"@type":"ListItem","position":1,"name":"Home","item":"https:\/\/www.zerdab.com\/"},{"@type":"ListItem","position":2,"name":"Antiterror t\u0259dbirl\u0259ri dayand\u0131r\u0131ld\u0131 &#8211; MN-d\u0259n r\u0259smi a\u00e7\u0131qlama"}]},{"@type":"WebSite","@id":"https:\/\/www.zerdab.com\/#website","url":"https:\/\/www.zerdab.com\/","name":"Z\u0259rdab.com","description":"","potentialAction":[{"@type":"SearchAction","target":{"@type":"EntryPoint","urlTemplate":"https:\/\/www.zerdab.com\/?s={search_term_string}"},"query-input":{"@type":"PropertyValueSpecification","valueRequired":true,"valueName":"search_term_string"}}],"inLanguage":"az"},{"@type":"Person","@id":"https:\/\/www.zerdab.com\/#\/schema\/person\/97079b7570c1e89ec0d9e138c3672136","name":"admin","image":{"@type":"ImageObject","inLanguage":"az","@id":"https:\/\/www.zerdab.com\/#\/schema\/person\/image\/","url":"https:\/\/secure.gravatar.com\/avatar\/d9c52a9a27c32119cb6679a077fa3e2779e5f822c451cbf01098004361d466ec?s=96&d=mm&r=g","contentUrl":"https:\/\/secure.gravatar.com\/avatar\/d9c52a9a27c32119cb6679a077fa3e2779e5f822c451cbf01098004361d466ec?s=96&d=mm&r=g","caption":"admin"},"url":"https:\/\/www.zerdab.com\/?author=1"}]}},"_links":{"self":[{"href":"https:\/\/www.zerdab.com\/index.php?rest_route=\/wp\/v2\/posts\/30141","targetHints":{"allow":["GET"]}}],"collection":[{"href":"https:\/\/www.zerdab.com\/index.php?rest_route=\/wp\/v2\/posts"}],"about":[{"href":"https:\/\/www.zerdab.com\/index.php?rest_route=\/wp\/v2\/types\/post"}],"author":[{"embeddable":true,"href":"https:\/\/www.zerdab.com\/index.php?rest_route=\/wp\/v2\/users\/1"}],"replies":[{"embeddable":true,"href":"https:\/\/www.zerdab.com\/index.php?rest_route=%2Fwp%2Fv2%2Fcomments&post=30141"}],"version-history":[{"count":1,"href":"https:\/\/www.zerdab.com\/index.php?rest_route=\/wp\/v2\/posts\/30141\/revisions"}],"predecessor-version":[{"id":30142,"href":"https:\/\/www.zerdab.com\/index.php?rest_route=\/wp\/v2\/posts\/30141\/revisions\/30142"}],"wp:featuredmedia":[{"embeddable":true,"href":"https:\/\/www.zerdab.com\/index.php?rest_route=\/wp\/v2\/media\/30143"}],"wp:attachment":[{"href":"https:\/\/www.zerdab.com\/index.php?rest_route=%2Fwp%2Fv2%2Fmedia&parent=30141"}],"wp:term":[{"taxonomy":"category","embeddable":true,"href":"https:\/\/www.zerdab.com\/index.php?rest_route=%2Fwp%2Fv2%2Fcategories&post=30141"},{"taxonomy":"post_tag","embeddable":true,"href":"https:\/\/www.zerdab.com\/index.php?rest_route=%2Fwp%2Fv2%2Ftags&post=30141"}],"curies":[{"name":"wp","href":"https:\/\/api.w.org\/{rel}","templated":true}]}}