{"id":30156,"date":"2023-09-27T10:08:52","date_gmt":"2023-09-27T06:08:52","guid":{"rendered":"https:\/\/www.zerdab.com\/?p=30156"},"modified":"2023-10-10T19:21:31","modified_gmt":"2023-10-10T15:21:31","slug":"bu-gun-az%c9%99rbaycanda-anim-gunudur","status":"publish","type":"post","link":"https:\/\/www.zerdab.com\/?p=30156","title":{"rendered":"Bu g\u00fcn Az\u0259rbaycanda An\u0131m G\u00fcn\u00fcd\u00fcr"},"content":{"rendered":"<p><strong>Bu g\u00fcn, sentyabr\u0131n 27-d\u0259 V\u0259t\u0259n m\u00fcharib\u0259sinin ba\u015flamas\u0131ndan \u00fc\u00e7 il ke\u00e7ir.\u00a0<\/strong><\/p>\n<p>Prezident \u0130lham \u018fliyevin 2 dekabr 2020-ci il S\u0259r\u0259ncam\u0131na \u0259sas\u0259n V\u0259t\u0259n m\u00fcharib\u0259sind\u0259 q\u0259hr\u0259mancas\u0131na d\u00f6y\u00fc\u015fm\u00fc\u015f, \u00f6lk\u0259mizin \u0259razi b\u00fct\u00f6vl\u00fcy\u00fc yolunda canlar\u0131n\u0131 f\u0259da etmi\u015f \u0259sg\u0259r v\u0259 zabitl\u0259rimiz\u0259, b\u00fct\u00fcn \u015f\u0259hidl\u0259rimiz\u0259 d\u0259rin ehtiram \u0259lam\u0259ti olaraq h\u0259r il sentyabr\u0131n 27-si Az\u0259rbaycanda An\u0131m G\u00fcn\u00fc kimi qeyd edil\u0259c\u0259k.<\/p>\n<p>Bununla \u0259laq\u0259dar olaraq bu il An\u0131m G\u00fcn\u00fcnd\u0259 \u015f\u0259hidl\u0259rimiz Az\u0259rbaycanda f\u0259aliyy\u0259t g\u00f6st\u0259r\u0259n dini m\u0259b\u0259dl\u0259rd\u0259 \u2013 m\u0259scidl\u0259rd\u0259, kils\u0259l\u0259rd\u0259, sinaqoqlarda d\u0259rin ehtiramla yad olunacaq, Az\u0259rbaycan\u0131n \u0259razi b\u00fct\u00f6vl\u00fcy\u00fc u\u011frunda can\u0131ndan ke\u00e7mi\u015f V\u0259t\u0259n \u00f6vladlar\u0131n\u0131n ruhuna dualar oxunacaq.<\/p>\n<p>Saat 12:00-da \u00f6lk\u0259 \u0259razisind\u0259 \u015f\u0259hidl\u0259rin \u0259ziz xatir\u0259si bir d\u0259qiq\u0259lik s\u00fckutla yad edil\u0259c\u0259k.<\/p>\n<p><img decoding=\"async\" class=\"td-animation-stack-type0-2\" src=\"https:\/\/qafqazinfo.az\/uploads\/images\/azerbaijan_soldier_bkk_061120(1).jpg\" alt=\"\" width=\"100%\" \/><\/p>\n<p>27 sentyabr 2020-ci il s\u0259h\u0259r saatlar\u0131nda Erm\u0259nistan Silahl\u0131 Q\u00fcvv\u0259l\u0259rinin geni\u015fmiqyasl\u0131 t\u0259xribat t\u00f6r\u0259d\u0259r\u0259k c\u0259bh\u0259boyu zonada yerl\u0259\u015f\u0259n Az\u0259rbaycan ordusunun m\u00f6vqel\u0259rini v\u0259 ya\u015fay\u0131\u015f m\u0259nt\u0259q\u0259l\u0259rini iri\u00e7apl\u0131 silahlar, minaatanlar v\u0259 m\u00fcxt\u0259lif \u00e7apl\u0131 artilleriya qur\u011fular\u0131ndan intensiv at\u0259\u015f\u0259 tutmas\u0131 n\u0259tic\u0259sind\u0259, Erm\u0259nistan ordusunun d\u00f6y\u00fc\u015f aktivliyinin qar\u015f\u0131s\u0131n\u0131 almaq, m\u00fclki \u0259halinin t\u0259hl\u00fck\u0259sizliyini t\u0259min etm\u0259k m\u0259qs\u0259dil\u0259 Az\u0259rbaycan ordusunun komandanl\u0131\u011f\u0131 t\u0259r\u0259find\u0259n qo\u015funlar\u0131n b\u00fct\u00fcn c\u0259bh\u0259 boyu s\u00fcr\u0259tli \u0259ks-h\u00fccum \u0259m\u0259liyyat\u0131 ba\u015flamas\u0131 bar\u0259d\u0259 q\u0259rar verildi. Sonradan \u201cD\u0259mir Yumruq\u201d ad\u0131n\u0131 alan bu \u0259m\u0259liyyat V\u0259t\u0259n m\u00fcharib\u0259sin\u0259 \u00e7evrildi.<\/p>\n<p>Erm\u0259nistan respublikas\u0131 il\u0259 44 g\u00fcn davam ed\u0259n m\u00fcharib\u0259 \u0259rzind\u0259 4 oktyabrda C\u0259bray\u0131l, 17 oktyabrda F\u00fczuli, 20 oktyabrda Z\u0259ngilan, 25 oktyabrda Qubadl\u0131 v\u0259 8 noyabrda \u015eu\u015fa \u015f\u0259h\u0259ri i\u015f\u011faldan azad edildi. Moskvada imzalanan m\u00fcqavil\u0259y\u0259 \u0259sas\u0259n, noyabr\u0131n 10-u Bak\u0131 vaxt\u0131 il\u0259 saat 01:00-dan etibar\u0259n Da\u011fl\u0131q Qaraba\u011f m\u00fcnaqi\u015f\u0259si zonas\u0131nda at\u0259\u015fin v\u0259 h\u0259rbi \u0259m\u0259liyyatlar\u0131n tam dayand\u0131r\u0131lmas\u0131, 1 dekabrad\u0259k Erm\u0259nistan q\u00fcvv\u0259l\u0259rinin Da\u011fl\u0131q Qaraba\u011f\u0131n \u0259traf\u0131nda Erm\u0259nistan n\u0259zar\u0259tind\u0259ki Az\u0259rbaycan \u0259razil\u0259rind\u0259n \u00e7\u0131xar\u0131lmas\u0131 v\u0259 Nax\u00e7\u0131van Muxtar Respublikas\u0131 il\u0259 Az\u0259rbaycan\u0131n q\u0259rb rayonlar\u0131n\u0131 birl\u0259\u015fdir\u0259n yeni n\u0259qliyyat kommunikasiyalar\u0131n\u0131n in\u015fas\u0131n\u0131n t\u0259min edilm\u0259si elan edilib.<\/p>\n<p>2020-ci il noyabr\u0131n 20-d\u0259 A\u011fdam, noyabr\u0131n 25-d\u0259 K\u0259lb\u0259c\u0259r, dekabr\u0131n 1-d\u0259 La\u00e7\u0131n rayonlar\u0131 azad edilib.<\/p>\n<p>44 g\u00fcnl\u00fck V\u0259t\u0259n m\u00fcharib\u0259si d\u00f6vr\u00fcnd\u0259 Az\u0259rbaycan Prezidenti, Ali Ba\u015f Komandan \u0130lham \u018fliyev xalqa m\u00fcnt\u0259z\u0259m m\u00fcraci\u0259tl\u0259r etdi. Bu m\u00fcraci\u0259tl\u0259r Az\u0259rbaycan xalq\u0131n\u0131 aya\u011fa qald\u0131rd\u0131, onu yumruq kimi s\u0131x birl\u0259\u015fdirdi, m\u00fcharib\u0259nin gedi\u015fat\u0131na v\u0259 taleyin\u0259 g\u00fccl\u00fc t\u0259sir g\u00f6st\u0259rdi. H\u0259r bir m\u00fcraci\u0259t n\u00f6vb\u0259ti q\u0259l\u0259b\u0259l\u0259rin m\u00fcq\u0259ddim\u0259sin\u0259 \u00e7evrildi.<\/p>\n<p>Az\u0259rbaycan Prezidenti 2020-ci il sentyabr\u0131n 27-d\u0259 V\u0259t\u0259n m\u00fcharib\u0259sinin gedi\u015find\u0259 xalqa ilk m\u00fcraci\u0259tind\u0259 b\u00fct\u00fcn c\u0259miyy\u0259ti q\u0259ti q\u0259l\u0259b\u0259y\u0259 k\u00f6kl\u0259di: \u201cBiz haqq yolunday\u0131q. Bizim i\u015fimiz haqq i\u015fidir. Biz z\u0259f\u0259r \u00e7alaca\u011f\u0131q! Qaraba\u011f bizimdir, Qaraba\u011f Az\u0259rbaycand\u0131r!\u201d.<\/p>\n<p><img decoding=\"async\" class=\"td-animation-stack-type0-2\" src=\"https:\/\/qafqazinfo.az\/uploads\/images\/veten-muharibesi-2(1).jpg\" alt=\"\" width=\"100%\" \/><\/p>\n<p>2020-ci il oktyabr\u0131n 4-d\u0259ki xalqa ikinci m\u00fcraci\u0259tind\u0259 Prezident \u0130lham \u018fliyev d\u00fc\u015fm\u0259n\u0259 \u00f6z yerini g\u00f6st\u0259rdi: \u201c\u0130ndi biz g\u00f6st\u0259rdik kim-kimdir\u2026 Biz xilaskar missiyam\u0131z\u0131 icra edirik v\u0259 ed\u0259c\u0259yik!\u201d.<\/p>\n<p>2020-ci il oktyabr\u0131n 9-dak\u0131 xalqa \u00fc\u00e7\u00fcnc\u00fc m\u00fcraci\u0259tind\u0259 Az\u0259rbaycan Prezidenti status-kvonun art\u0131q olmad\u0131\u011f\u0131n\u0131 v\u0259 t\u0259mas x\u0259ttinin yar\u0131ld\u0131\u011f\u0131n\u0131 elan etdi: \u201cM\u0259n d\u0259yi\u015fdirdim status\u2013kvonu, d\u0259yi\u015fdirdim! Bax, orada, d\u00f6y\u00fc\u015f meydan\u0131nda. Yoxdur status-kvo. T\u0259mas x\u0259tti, yoxdur t\u0259mas x\u0259tti. Yarm\u0131\u015f\u0131q onu. Onlar 30 il idi ki, qururdular bu t\u0259mas x\u0259ttini\u2026 Yar\u0131b ke\u00e7mi\u015fik. Az\u0259rbaycan \u0259sg\u0259rinin qaba\u011f\u0131nda he\u00e7 kim he\u00e7 n\u0259 ed\u0259 bilm\u0259z\u201d.<\/p>\n<p>2020-ci il oktyabr\u0131n 17-d\u0259 xalqa n\u00f6vb\u0259ti m\u00fcraci\u0259tind\u0259 Prezident \u0130lham \u018fliyev raket h\u00fccumlar\u0131na m\u0259ruz qalan Az\u0259rbaycan \u015f\u0259h\u0259rl\u0259rinin Erm\u0259nistan\u0131n dinc \u0259haliy\u0259 qar\u015f\u0131 d\u00f6vl\u0259t terrorizmi v\u0259 vandalizmin\u0259 m\u00fcqavim\u0259t r\u0259mzin\u0259 \u00e7evrildiyi mesaj\u0131n\u0131 verdi: \u201cHe\u00e7 bir t\u0259hdid, he\u00e7 bir h\u0259d\u0259, he\u00e7 bir t\u0259zyiq m\u0259nim irad\u0259m\u0259 t\u0259sir ed\u0259 bilm\u0259z. Bizim i\u015fimiz haqq i\u015fidir. Biz \u00f6z torpa\u011f\u0131m\u0131zda vuru\u015furuq, \u00f6z \u0259razi b\u00fct\u00f6vl\u00fcy\u00fcm\u00fcz\u00fc b\u0259rpa edirik\u201d.<\/p>\n<p>2020-ci il oktyabr\u0131n 20-d\u0259 xalqa be\u015finci m\u00fcraci\u0259tind\u0259 Az\u0259rbaycan Prezidenti \u0259ld\u0259 edil\u0259n n\u0259tic\u0259l\u0259rin d\u00fc\u015f\u00fcn\u00fclm\u00fc\u015f v\u0259 vaxt\u0131nda at\u0131lm\u0131\u015f add\u0131mlar\u0131n b\u0259hr\u0259si oldu\u011funu, t\u0259l\u0259sk\u0259nliyin yolverilm\u0259zliyini diqq\u0259t\u0259 \u00e7atd\u0131rd\u0131: \u201cM\u0259n h\u0259r d\u0259f\u0259 xalq\u0131ma m\u00fcraci\u0259t ed\u0259rk\u0259n xo\u015f x\u0259b\u0259rl\u0259r \u00e7atd\u0131r\u0131ram. Eyni zamanda, dem\u0259k olar ki, h\u0259r g\u00fcn \u00f6z \u201cTwitter\u201d hesab\u0131mda, \u201cTwitter\u201d vasit\u0259sil\u0259 i\u015f\u011faldan azad edilmi\u015f yeni k\u0259ndl\u0259rin, \u015f\u0259h\u0259rl\u0259rin adlar\u0131n\u0131 \u00e7\u0259kir\u0259m. M\u0259n bilir\u0259m ki, Az\u0259rbaycan xalq\u0131 bu x\u0259b\u0259rl\u0259ri h\u0259r g\u00fcn g\u00f6zl\u0259yir, h\u0259r g\u00fcn! H\u0259r g\u00fcn, h\u0259r saat ki, n\u0259 vaxt bu x\u0259b\u0259r olacaq, n\u0259 vaxt bu x\u0259b\u0259r \u00e7\u0131xacaq? Amma ist\u0259yir\u0259m, \u0259ziz xalq\u0131m bilsin ki, h\u0259r k\u0259ndin, h\u0259r y\u00fcks\u0259kliyin g\u00f6t\u00fcr\u00fclm\u0259si b\u00f6y\u00fck r\u0259\u015fad\u0259t t\u0259l\u0259b edir. \u00c7\u00fcnki t\u0259kc\u0259 orada qurulmu\u015f istehkamlar deyil, eyni zamanda, azad edilmi\u015f torpaqlar\u0131n h\u0259rbi relyefi d\u0259 erm\u0259nil\u0259r \u00fc\u00e7\u00fcn daha s\u0259rf\u0259lidir. \u00c7\u00fcnki biz indi h\u0259m onlar\u0131n istehkamlar\u0131na, onlar\u0131n toplar\u0131na, onlar\u0131n raketl\u0259rin\u0259 qar\u015f\u0131, eyni zamanda, t\u0259bii relyef\u0259 qar\u015f\u0131 vuru\u015fmal\u0131y\u0131q v\u0259 torpaqlar\u0131m\u0131z\u0131 i\u015f\u011fal\u00e7\u0131lardan qar\u0131\u015f-qar\u0131\u015f azad edirik\u201d.<\/p>\n<p>2020-ci il oktyabr\u0131n 26-da xalqa alt\u0131nc\u0131 m\u00fcraci\u0259tind\u0259 d\u00f6vl\u0259t ba\u015f\u00e7\u0131s\u0131 Az\u0259rbaycan xalq\u0131n\u0131 h\u0259lledici q\u0259l\u0259b\u0259y\u0259 yax\u0131n oldu\u011funun m\u00fcjd\u0259sini verdi: \u201cBiz \u0259sg\u0259rl\u0259rimizin, zabitl\u0259rimizin can\u0131-qan\u0131 bahas\u0131na bu torpaqlar\u0131 azad edirik. H\u0259m d\u00f6y\u00fc\u015f meydan\u0131nda, h\u0259m siyasi m\u00fcst\u0259vid\u0259 \u00f6z\u00fcm\u00fcz\u00fc t\u0259sdiql\u0259mi\u015fik, d\u00fcnyaya t\u0259sdiql\u0259mi\u015fik. Az\u0259rbaycan xalq\u0131n\u0131 q\u00fcrurlu xalq kimi, c\u0259sar\u0259tli xalq kimi, yenilm\u0259z xalq kimi t\u0259sdiql\u0259mi\u015fik\u201d.<\/p>\n<p>2020-ci il noyabr\u0131n 8-i Az\u0259rbaycan tarixin\u0259 q\u0131z\u0131l h\u0259rfl\u0259rl\u0259 Z\u0259f\u0259r g\u00fcn\u00fc kimi yaz\u0131ld\u0131. Prezident \u0130lham \u018fliyev xalqa sayca yeddinci m\u00fcraci\u0259tini \u015e\u0259hidl\u0259r xiyaban\u0131ndan ed\u0259r\u0259k \u015eu\u015fa \u015f\u0259h\u0259rinin i\u015f\u011faldan azad olunmas\u0131n\u0131 Az\u0259rbaycan xalq\u0131na, b\u00fct\u00fcn d\u00fcnya az\u0259rbaycanl\u0131lar\u0131na elan etdi: \u201cM\u0259n bu g\u00fcn, eyni zamanda, ulu \u00f6nd\u0259r Heyd\u0259r \u018fliyevin m\u0259zar\u0131n\u0131 ziyar\u0259t etdim, onun ruhu qar\u015f\u0131s\u0131nda ba\u015f \u0259ydim. \u00dcr\u0259yimd\u0259 dedim, xo\u015fb\u0259xt adamam ki, ata v\u0259siyy\u0259tini yerin\u0259 yetirdim. \u015eu\u015fan\u0131 azad etdik! Bu, b\u00f6y\u00fck Q\u0259l\u0259b\u0259dir! \u015e\u0259hidl\u0259rimizin, Ulu \u00d6nd\u0259rin ruhu \u015fadd\u0131r bu g\u00fcn! G\u00f6z\u00fcn ayd\u0131n olsun Az\u0259rbaycan! G\u00f6z\u00fcn\u00fcz ayd\u0131n olsun d\u00fcnya az\u0259rbaycanl\u0131lar\u0131! \u2026Bu g\u00fcn Az\u0259rbaycan xalq\u0131 bu yumruq kimi birl\u0259\u015fib! H\u0259mi\u015f\u0259 bel\u0259 olacaq! Bu birlik \u0259b\u0259di olacaq! Bu birlik biz\u0259 g\u0259l\u0259c\u0259kd\u0259 d\u0259 b\u00fct\u00fcn v\u0259zif\u0259l\u0259ri icra etm\u0259k \u00fc\u00e7\u00fcn imkan yaradacaq\u2026 \u018fziz \u015eu\u015fa, s\u0259n azadsan! \u018fziz \u015eu\u015fa, biz qay\u0131tm\u0131\u015f\u0131q! \u018fziz \u015eu\u015fa, biz s\u0259ni dir\u00e7\u0259ld\u0259c\u0259yik!\u201d.<\/p>\n<p><img decoding=\"async\" class=\"td-animation-stack-type0-2\" src=\"https:\/\/qafqazinfo.az\/uploads\/images\/veten-muharibesi-3(1).jpg\" alt=\"\" width=\"100%\" \/><\/p>\n<p>\u015eu\u015fan\u0131n azad olunmas\u0131ndan bir g\u00fcn sonra 70-d\u0259n \u00e7ox ya\u015fay\u0131\u015f m\u0259nt\u0259q\u0259si d\u0259 i\u015f\u011faldan azad edildi, d\u00fc\u015fm\u0259n diz \u00e7\u00f6kd\u00fcr\u00fcld\u00fc, onun kapitulyasiya akt\u0131na imza atmaqdan ba\u015fqa \u00e7\u0131x\u0131\u015f yolu qalmad\u0131.<\/p>\n<p>2020-ci il noyabr\u0131n 10-da Erm\u0259nistan\u0131n kapitulyasiya akt\u0131- \u201cAz\u0259rbaycan Respublikas\u0131n\u0131n Prezidenti, Erm\u0259nistan Respublikas\u0131n\u0131n ba\u015f naziri v\u0259 Rusiya Federasiyas\u0131n\u0131n Prezidentinin B\u0259yanat\u0131\u201d imzaland\u0131. H\u0259min g\u00fcn xalqa sayca s\u0259kkizinci m\u00fcraci\u0259tind\u0259 \u0130lham \u018fliyev milli \u015f\u00fcara \u00e7evrilmi\u015f \u201cQaraba\u011f Az\u0259rbaycand\u0131r v\u0259 nida\u201d ifad\u0259sinin art\u0131q b\u00fct\u00fcn Qaraba\u011f\u0131 \u0259hat\u0259 etdiyini v\u0259 Erm\u0259nistan-Az\u0259rbaycan m\u00fcnaqi\u015f\u0259sin\u0259 son qoyuldu\u011funu elan etdi: \u201c\u2026n\u0259 oldu b\u0259s status? \u2026yoxdur status v\u0259 olmayacaq. N\u0259 q\u0259d\u0259r ki, m\u0259n Prezident\u0259m, olmayacaq. Ona g\u00f6r\u0259, bu s\u0259n\u0259din \u00e7ox b\u00f6y\u00fck m\u0259nas\u0131 var. \u018fmin\u0259m, h\u0259r bir Az\u0259rbaycan v\u0259t\u0259nda\u015f\u0131 hesab edir ki, onun h\u0259yat\u0131nda bu g\u00fcnl\u0259r, bu d\u0259qiq\u0259l\u0259r \u0259n xo\u015fb\u0259xt g\u00fcnl\u0259r, d\u0259qiq\u0259l\u0259rdir. M\u0259n d\u0259 xo\u015fb\u0259xt\u0259m ki, bu xo\u015f x\u0259b\u0259rl\u0259ri, bu m\u00fcjd\u0259ni Az\u0259rbaycan xalq\u0131na verir\u0259m. Xo\u015fb\u0259xt\u0259m ki, bu tarixi s\u0259n\u0259d\u0259 imza atm\u0131\u015fam. Xo\u015fb\u0259xt\u0259m ki, biz \u00f6z V\u0259t\u0259nimiz\u0259, do\u011fma Qaraba\u011f\u0131m\u0131za qay\u0131d\u0131r\u0131q, Qaraba\u011f\u0131m\u0131z\u0131n tac\u0131 olan \u015eu\u015faya qay\u0131d\u0131r\u0131q v\u0259 bu torpaqlarda \u0259b\u0259di ya\u015fayaca\u011f\u0131q! Bundan sonra he\u00e7 kim bizi o torpaqlardan t\u0259rp\u0259d\u0259 bilm\u0259z!\u201d.<\/p>\n<p><img decoding=\"async\" class=\"td-animation-stack-type0-2\" src=\"https:\/\/qafqazinfo.az\/uploads\/images\/veten-muharibesi-4(1).jpg\" alt=\"\" width=\"100%\" \/><\/p>\n<p>Bel\u0259likl\u0259, Erm\u0259nistan h\u0259rbi birl\u0259\u015fm\u0259l\u0259rinin 4 il \u0259rzind\u0259 t\u0259dric\u0259n i\u015f\u011fal etdiyi v\u0259 30 il\u0259 yax\u0131n d\u00f6vr \u0259rzind\u0259 i\u015f\u011falda saxlayaraq \u0259razisind\u0259 g\u00fccl\u00fc h\u0259rbi istehkamlar, mane\u0259l\u0259r, m\u00fcdafi\u0259 x\u0259tl\u0259ri qurdu\u011fu Az\u0259rbaycan torpaqlar\u0131 44 g\u00fcn \u0259rzind\u0259 azad edildi. Az\u0259rbaycan\u0131n \u0259razi b\u00fct\u00f6vl\u00fcy\u00fc b\u0259rpa olundu, Erm\u0259nistan-Az\u0259rbaycan m\u00fcnaqi\u015f\u0259si tarix\u0259 \u00e7evrildi.<\/p>\n<p>V\u0259t\u0259n m\u00fcharib\u0259sind\u0259 Az\u0259rbaycan parlaq q\u0259l\u0259b\u0259 qazanaraq Erm\u0259nistan\u0131 m\u0259\u011flub etdi, i\u015f\u011fala son qoydu. Bu 44 g\u00fcn\u00fcn h\u0259r g\u00fcn\u00fc Az\u0259rbaycan\u0131n \u015fanl\u0131 tarixidir.<\/p>\n<p>Az\u0259rbaycan xalq\u0131 v\u0259 d\u00f6vl\u0259ti V\u0259t\u0259n u\u011frunda \u015f\u0259hid olan q\u0259hr\u0259man \u00f6vladlar\u0131n\u0131n i\u015f\u0131ql\u0131 xatir\u0259sini \u0259ziz tutur, onlar\u0131 daim x\u00fcsusi ehtiramla yad edir, qazil\u0259rin \u0259m\u0259yini y\u00fcks\u0259k qiym\u0259tl\u0259ndirir v\u0259 onlarla q\u00fcrur duyur.<\/p>\n<p>Allah \u015f\u0259hidl\u0259rimiz\u0259 r\u0259hm\u0259t el\u0259sin!<\/p>\n<p>Bundan ba\u015fqa, bu ilin sentyabr\u0131n 19-da \u00fc\u00e7t\u0259r\u0259fli b\u0259yanat\u0131n m\u00fcdd\u0259alar\u0131n\u0131n t\u0259min olunmas\u0131, Qaraba\u011f iqtisadi rayonunda t\u00f6r\u0259dil\u0259n geni\u015fmiqyasl\u0131 t\u0259xribatlar\u0131n qar\u015f\u0131s\u0131n\u0131n al\u0131nmas\u0131, Erm\u0259nistan silahl\u0131 q\u00fcvv\u0259l\u0259rinin birl\u0259\u015fm\u0259l\u0259rinin t\u0259rksilah edil\u0259r\u0259k \u0259razil\u0259rimizd\u0259n \u00e7\u0131xar\u0131lmas\u0131, onlar\u0131n h\u0259rbi infrastrukturunun z\u0259r\u0259rsizl\u0259\u015fdirilm\u0259si, i\u015f\u011faldan azad edilmi\u015f \u0259razil\u0259r\u0259 qay\u0131dan dinc \u0259hali, habel\u0259 b\u0259rpa-quruculuq i\u015fl\u0259rin\u0259 c\u0259lb olunmu\u015f m\u00fclki i\u015f\u00e7il\u0259r v\u0259 h\u0259rbi qulluq\u00e7ular\u0131m\u0131z\u0131n t\u0259hl\u00fck\u0259sizliyinin t\u0259min olunmas\u0131 v\u0259 Az\u0259rbaycan Respublikas\u0131n\u0131n konstitusiya qurulu\u015funun b\u0259rpa edilm\u0259si m\u0259qs\u0259dil\u0259 b\u00f6lg\u0259d\u0259 lokal xarakterli antiterror t\u0259dbirl\u0259rin\u0259 ba\u015flan\u0131l\u0131b.<\/p>\n<p>C\u0259mi bir sutka davam ed\u0259n antiterror t\u0259dbirl\u0259rinin n\u0259tic\u0259sind\u0259 Qaraba\u011fdak\u0131 seperat\u00e7\u0131 rejim a\u011f bayraq qald\u0131r\u0131b.<\/p>\n","protected":false},"excerpt":{"rendered":"<p>Bu g\u00fcn, sentyabr\u0131n 27-d\u0259 V\u0259t\u0259n m\u00fcharib\u0259sinin ba\u015flamas\u0131ndan \u00fc\u00e7 il ke\u00e7ir.\u00a0 Prezident \u0130lham \u018fliyevin 2 dekabr 2020-ci il S\u0259r\u0259ncam\u0131na \u0259sas\u0259n V\u0259t\u0259n m\u00fcharib\u0259sind\u0259 q\u0259hr\u0259mancas\u0131na d\u00f6y\u00fc\u015fm\u00fc\u015f, \u00f6lk\u0259mizin \u0259razi b\u00fct\u00f6vl\u00fcy\u00fc yolunda canlar\u0131n\u0131 f\u0259da etmi\u015f \u0259sg\u0259r v\u0259 zabitl\u0259rimiz\u0259, b\u00fct\u00fcn \u015f\u0259hidl\u0259rimiz\u0259 d\u0259rin ehtiram \u0259lam\u0259ti olaraq h\u0259r il sentyabr\u0131n 27-si Az\u0259rbaycanda An\u0131m G\u00fcn\u00fc kimi qeyd edil\u0259c\u0259k. Bununla \u0259laq\u0259dar olaraq bu il An\u0131m [&hellip;]<\/p>\n","protected":false},"author":1,"featured_media":29165,"comment_status":"closed","ping_status":"closed","sticky":false,"template":"","format":"standard","meta":{"footnotes":""},"categories":[63,5],"tags":[],"class_list":{"0":"post-30156","1":"post","2":"type-post","3":"status-publish","4":"format-standard","5":"has-post-thumbnail","7":"category-manset","8":"category-knd"},"yoast_head":"<!-- This site is optimized with the Yoast SEO plugin v27.0 - https:\/\/yoast.com\/product\/yoast-seo-wordpress\/ -->\n<title>Bu g\u00fcn Az\u0259rbaycanda An\u0131m G\u00fcn\u00fcd\u00fcr - Z\u0259rdab.com<\/title>\n<meta name=\"robots\" content=\"index, follow, max-snippet:-1, max-image-preview:large, max-video-preview:-1\" \/>\n<link rel=\"canonical\" href=\"https:\/\/www.zerdab.com\/?p=30156\" \/>\n<meta property=\"og:locale\" content=\"az_AZ\" \/>\n<meta property=\"og:type\" content=\"article\" \/>\n<meta property=\"og:title\" content=\"Bu g\u00fcn Az\u0259rbaycanda An\u0131m G\u00fcn\u00fcd\u00fcr - Z\u0259rdab.com\" \/>\n<meta property=\"og:description\" content=\"Bu g\u00fcn, sentyabr\u0131n 27-d\u0259 V\u0259t\u0259n m\u00fcharib\u0259sinin ba\u015flamas\u0131ndan \u00fc\u00e7 il ke\u00e7ir.\u00a0 Prezident \u0130lham \u018fliyevin 2 dekabr 2020-ci il S\u0259r\u0259ncam\u0131na \u0259sas\u0259n V\u0259t\u0259n m\u00fcharib\u0259sind\u0259 q\u0259hr\u0259mancas\u0131na d\u00f6y\u00fc\u015fm\u00fc\u015f, \u00f6lk\u0259mizin \u0259razi b\u00fct\u00f6vl\u00fcy\u00fc yolunda canlar\u0131n\u0131 f\u0259da etmi\u015f \u0259sg\u0259r v\u0259 zabitl\u0259rimiz\u0259, b\u00fct\u00fcn \u015f\u0259hidl\u0259rimiz\u0259 d\u0259rin ehtiram \u0259lam\u0259ti olaraq h\u0259r il sentyabr\u0131n 27-si Az\u0259rbaycanda An\u0131m G\u00fcn\u00fc kimi qeyd edil\u0259c\u0259k. Bununla \u0259laq\u0259dar olaraq bu il An\u0131m [&hellip;]\" \/>\n<meta property=\"og:url\" content=\"https:\/\/www.zerdab.com\/?p=30156\" \/>\n<meta property=\"og:site_name\" content=\"Z\u0259rdab.com\" \/>\n<meta property=\"article:published_time\" content=\"2023-09-27T06:08:52+00:00\" \/>\n<meta property=\"article:modified_time\" content=\"2023-10-10T15:21:31+00:00\" \/>\n<meta property=\"og:image\" content=\"https:\/\/www.zerdab.com\/wp-content\/uploads\/2021\/10\/veten-muharibesi-qarabag1-696x361.jpg\" \/>\n\t<meta property=\"og:image:width\" content=\"696\" \/>\n\t<meta property=\"og:image:height\" content=\"361\" \/>\n\t<meta property=\"og:image:type\" content=\"image\/jpeg\" \/>\n<meta name=\"author\" content=\"admin\" \/>\n<meta name=\"twitter:card\" content=\"summary_large_image\" \/>\n<meta name=\"twitter:label1\" content=\"Written by\" \/>\n\t<meta name=\"twitter:data1\" content=\"admin\" \/>\n\t<meta name=\"twitter:label2\" content=\"Est. reading time\" \/>\n\t<meta name=\"twitter:data2\" content=\"10 minutes\" \/>\n<script type=\"application\/ld+json\" class=\"yoast-schema-graph\">{\"@context\":\"https:\/\/schema.org\",\"@graph\":[{\"@type\":\"Article\",\"@id\":\"https:\/\/www.zerdab.com\/?p=30156#article\",\"isPartOf\":{\"@id\":\"https:\/\/www.zerdab.com\/?p=30156\"},\"author\":{\"name\":\"admin\",\"@id\":\"https:\/\/www.zerdab.com\/#\/schema\/person\/97079b7570c1e89ec0d9e138c3672136\"},\"headline\":\"Bu g\u00fcn Az\u0259rbaycanda An\u0131m G\u00fcn\u00fcd\u00fcr\",\"datePublished\":\"2023-09-27T06:08:52+00:00\",\"dateModified\":\"2023-10-10T15:21:31+00:00\",\"mainEntityOfPage\":{\"@id\":\"https:\/\/www.zerdab.com\/?p=30156\"},\"wordCount\":1977,\"image\":{\"@id\":\"https:\/\/www.zerdab.com\/?p=30156#primaryimage\"},\"thumbnailUrl\":\"https:\/\/www.zerdab.com\/wp-content\/uploads\/2021\/10\/veten-muharibesi-qarabag1-696x361.jpg\",\"articleSection\":[\"MAN\u015eET\",\"X\u018fB\u018fRL\u018fR\"],\"inLanguage\":\"az\"},{\"@type\":\"WebPage\",\"@id\":\"https:\/\/www.zerdab.com\/?p=30156\",\"url\":\"https:\/\/www.zerdab.com\/?p=30156\",\"name\":\"Bu g\u00fcn Az\u0259rbaycanda An\u0131m G\u00fcn\u00fcd\u00fcr - Z\u0259rdab.com\",\"isPartOf\":{\"@id\":\"https:\/\/www.zerdab.com\/#website\"},\"primaryImageOfPage\":{\"@id\":\"https:\/\/www.zerdab.com\/?p=30156#primaryimage\"},\"image\":{\"@id\":\"https:\/\/www.zerdab.com\/?p=30156#primaryimage\"},\"thumbnailUrl\":\"https:\/\/www.zerdab.com\/wp-content\/uploads\/2021\/10\/veten-muharibesi-qarabag1-696x361.jpg\",\"datePublished\":\"2023-09-27T06:08:52+00:00\",\"dateModified\":\"2023-10-10T15:21:31+00:00\",\"author\":{\"@id\":\"https:\/\/www.zerdab.com\/#\/schema\/person\/97079b7570c1e89ec0d9e138c3672136\"},\"breadcrumb\":{\"@id\":\"https:\/\/www.zerdab.com\/?p=30156#breadcrumb\"},\"inLanguage\":\"az\",\"potentialAction\":[{\"@type\":\"ReadAction\",\"target\":[\"https:\/\/www.zerdab.com\/?p=30156\"]}]},{\"@type\":\"ImageObject\",\"inLanguage\":\"az\",\"@id\":\"https:\/\/www.zerdab.com\/?p=30156#primaryimage\",\"url\":\"https:\/\/www.zerdab.com\/wp-content\/uploads\/2021\/10\/veten-muharibesi-qarabag1-696x361.jpg\",\"contentUrl\":\"https:\/\/www.zerdab.com\/wp-content\/uploads\/2021\/10\/veten-muharibesi-qarabag1-696x361.jpg\",\"width\":696,\"height\":361},{\"@type\":\"BreadcrumbList\",\"@id\":\"https:\/\/www.zerdab.com\/?p=30156#breadcrumb\",\"itemListElement\":[{\"@type\":\"ListItem\",\"position\":1,\"name\":\"Home\",\"item\":\"https:\/\/www.zerdab.com\/\"},{\"@type\":\"ListItem\",\"position\":2,\"name\":\"Bu g\u00fcn Az\u0259rbaycanda An\u0131m G\u00fcn\u00fcd\u00fcr\"}]},{\"@type\":\"WebSite\",\"@id\":\"https:\/\/www.zerdab.com\/#website\",\"url\":\"https:\/\/www.zerdab.com\/\",\"name\":\"Z\u0259rdab.com\",\"description\":\"\",\"potentialAction\":[{\"@type\":\"SearchAction\",\"target\":{\"@type\":\"EntryPoint\",\"urlTemplate\":\"https:\/\/www.zerdab.com\/?s={search_term_string}\"},\"query-input\":{\"@type\":\"PropertyValueSpecification\",\"valueRequired\":true,\"valueName\":\"search_term_string\"}}],\"inLanguage\":\"az\"},{\"@type\":\"Person\",\"@id\":\"https:\/\/www.zerdab.com\/#\/schema\/person\/97079b7570c1e89ec0d9e138c3672136\",\"name\":\"admin\",\"image\":{\"@type\":\"ImageObject\",\"inLanguage\":\"az\",\"@id\":\"https:\/\/www.zerdab.com\/#\/schema\/person\/image\/\",\"url\":\"https:\/\/secure.gravatar.com\/avatar\/d9c52a9a27c32119cb6679a077fa3e2779e5f822c451cbf01098004361d466ec?s=96&d=mm&r=g\",\"contentUrl\":\"https:\/\/secure.gravatar.com\/avatar\/d9c52a9a27c32119cb6679a077fa3e2779e5f822c451cbf01098004361d466ec?s=96&d=mm&r=g\",\"caption\":\"admin\"},\"url\":\"https:\/\/www.zerdab.com\/?author=1\"}]}<\/script>\n<!-- \/ Yoast SEO plugin. -->","yoast_head_json":{"title":"Bu g\u00fcn Az\u0259rbaycanda An\u0131m G\u00fcn\u00fcd\u00fcr - Z\u0259rdab.com","robots":{"index":"index","follow":"follow","max-snippet":"max-snippet:-1","max-image-preview":"max-image-preview:large","max-video-preview":"max-video-preview:-1"},"canonical":"https:\/\/www.zerdab.com\/?p=30156","og_locale":"az_AZ","og_type":"article","og_title":"Bu g\u00fcn Az\u0259rbaycanda An\u0131m G\u00fcn\u00fcd\u00fcr - Z\u0259rdab.com","og_description":"Bu g\u00fcn, sentyabr\u0131n 27-d\u0259 V\u0259t\u0259n m\u00fcharib\u0259sinin ba\u015flamas\u0131ndan \u00fc\u00e7 il ke\u00e7ir.\u00a0 Prezident \u0130lham \u018fliyevin 2 dekabr 2020-ci il S\u0259r\u0259ncam\u0131na \u0259sas\u0259n V\u0259t\u0259n m\u00fcharib\u0259sind\u0259 q\u0259hr\u0259mancas\u0131na d\u00f6y\u00fc\u015fm\u00fc\u015f, \u00f6lk\u0259mizin \u0259razi b\u00fct\u00f6vl\u00fcy\u00fc yolunda canlar\u0131n\u0131 f\u0259da etmi\u015f \u0259sg\u0259r v\u0259 zabitl\u0259rimiz\u0259, b\u00fct\u00fcn \u015f\u0259hidl\u0259rimiz\u0259 d\u0259rin ehtiram \u0259lam\u0259ti olaraq h\u0259r il sentyabr\u0131n 27-si Az\u0259rbaycanda An\u0131m G\u00fcn\u00fc kimi qeyd edil\u0259c\u0259k. Bununla \u0259laq\u0259dar olaraq bu il An\u0131m [&hellip;]","og_url":"https:\/\/www.zerdab.com\/?p=30156","og_site_name":"Z\u0259rdab.com","article_published_time":"2023-09-27T06:08:52+00:00","article_modified_time":"2023-10-10T15:21:31+00:00","og_image":[{"width":696,"height":361,"url":"https:\/\/www.zerdab.com\/wp-content\/uploads\/2021\/10\/veten-muharibesi-qarabag1-696x361.jpg","type":"image\/jpeg"}],"author":"admin","twitter_card":"summary_large_image","twitter_misc":{"Written by":"admin","Est. reading time":"10 minutes"},"schema":{"@context":"https:\/\/schema.org","@graph":[{"@type":"Article","@id":"https:\/\/www.zerdab.com\/?p=30156#article","isPartOf":{"@id":"https:\/\/www.zerdab.com\/?p=30156"},"author":{"name":"admin","@id":"https:\/\/www.zerdab.com\/#\/schema\/person\/97079b7570c1e89ec0d9e138c3672136"},"headline":"Bu g\u00fcn Az\u0259rbaycanda An\u0131m G\u00fcn\u00fcd\u00fcr","datePublished":"2023-09-27T06:08:52+00:00","dateModified":"2023-10-10T15:21:31+00:00","mainEntityOfPage":{"@id":"https:\/\/www.zerdab.com\/?p=30156"},"wordCount":1977,"image":{"@id":"https:\/\/www.zerdab.com\/?p=30156#primaryimage"},"thumbnailUrl":"https:\/\/www.zerdab.com\/wp-content\/uploads\/2021\/10\/veten-muharibesi-qarabag1-696x361.jpg","articleSection":["MAN\u015eET","X\u018fB\u018fRL\u018fR"],"inLanguage":"az"},{"@type":"WebPage","@id":"https:\/\/www.zerdab.com\/?p=30156","url":"https:\/\/www.zerdab.com\/?p=30156","name":"Bu g\u00fcn Az\u0259rbaycanda An\u0131m G\u00fcn\u00fcd\u00fcr - Z\u0259rdab.com","isPartOf":{"@id":"https:\/\/www.zerdab.com\/#website"},"primaryImageOfPage":{"@id":"https:\/\/www.zerdab.com\/?p=30156#primaryimage"},"image":{"@id":"https:\/\/www.zerdab.com\/?p=30156#primaryimage"},"thumbnailUrl":"https:\/\/www.zerdab.com\/wp-content\/uploads\/2021\/10\/veten-muharibesi-qarabag1-696x361.jpg","datePublished":"2023-09-27T06:08:52+00:00","dateModified":"2023-10-10T15:21:31+00:00","author":{"@id":"https:\/\/www.zerdab.com\/#\/schema\/person\/97079b7570c1e89ec0d9e138c3672136"},"breadcrumb":{"@id":"https:\/\/www.zerdab.com\/?p=30156#breadcrumb"},"inLanguage":"az","potentialAction":[{"@type":"ReadAction","target":["https:\/\/www.zerdab.com\/?p=30156"]}]},{"@type":"ImageObject","inLanguage":"az","@id":"https:\/\/www.zerdab.com\/?p=30156#primaryimage","url":"https:\/\/www.zerdab.com\/wp-content\/uploads\/2021\/10\/veten-muharibesi-qarabag1-696x361.jpg","contentUrl":"https:\/\/www.zerdab.com\/wp-content\/uploads\/2021\/10\/veten-muharibesi-qarabag1-696x361.jpg","width":696,"height":361},{"@type":"BreadcrumbList","@id":"https:\/\/www.zerdab.com\/?p=30156#breadcrumb","itemListElement":[{"@type":"ListItem","position":1,"name":"Home","item":"https:\/\/www.zerdab.com\/"},{"@type":"ListItem","position":2,"name":"Bu g\u00fcn Az\u0259rbaycanda An\u0131m G\u00fcn\u00fcd\u00fcr"}]},{"@type":"WebSite","@id":"https:\/\/www.zerdab.com\/#website","url":"https:\/\/www.zerdab.com\/","name":"Z\u0259rdab.com","description":"","potentialAction":[{"@type":"SearchAction","target":{"@type":"EntryPoint","urlTemplate":"https:\/\/www.zerdab.com\/?s={search_term_string}"},"query-input":{"@type":"PropertyValueSpecification","valueRequired":true,"valueName":"search_term_string"}}],"inLanguage":"az"},{"@type":"Person","@id":"https:\/\/www.zerdab.com\/#\/schema\/person\/97079b7570c1e89ec0d9e138c3672136","name":"admin","image":{"@type":"ImageObject","inLanguage":"az","@id":"https:\/\/www.zerdab.com\/#\/schema\/person\/image\/","url":"https:\/\/secure.gravatar.com\/avatar\/d9c52a9a27c32119cb6679a077fa3e2779e5f822c451cbf01098004361d466ec?s=96&d=mm&r=g","contentUrl":"https:\/\/secure.gravatar.com\/avatar\/d9c52a9a27c32119cb6679a077fa3e2779e5f822c451cbf01098004361d466ec?s=96&d=mm&r=g","caption":"admin"},"url":"https:\/\/www.zerdab.com\/?author=1"}]}},"_links":{"self":[{"href":"https:\/\/www.zerdab.com\/index.php?rest_route=\/wp\/v2\/posts\/30156","targetHints":{"allow":["GET"]}}],"collection":[{"href":"https:\/\/www.zerdab.com\/index.php?rest_route=\/wp\/v2\/posts"}],"about":[{"href":"https:\/\/www.zerdab.com\/index.php?rest_route=\/wp\/v2\/types\/post"}],"author":[{"embeddable":true,"href":"https:\/\/www.zerdab.com\/index.php?rest_route=\/wp\/v2\/users\/1"}],"replies":[{"embeddable":true,"href":"https:\/\/www.zerdab.com\/index.php?rest_route=%2Fwp%2Fv2%2Fcomments&post=30156"}],"version-history":[{"count":1,"href":"https:\/\/www.zerdab.com\/index.php?rest_route=\/wp\/v2\/posts\/30156\/revisions"}],"predecessor-version":[{"id":30157,"href":"https:\/\/www.zerdab.com\/index.php?rest_route=\/wp\/v2\/posts\/30156\/revisions\/30157"}],"wp:featuredmedia":[{"embeddable":true,"href":"https:\/\/www.zerdab.com\/index.php?rest_route=\/wp\/v2\/media\/29165"}],"wp:attachment":[{"href":"https:\/\/www.zerdab.com\/index.php?rest_route=%2Fwp%2Fv2%2Fmedia&parent=30156"}],"wp:term":[{"taxonomy":"category","embeddable":true,"href":"https:\/\/www.zerdab.com\/index.php?rest_route=%2Fwp%2Fv2%2Fcategories&post=30156"},{"taxonomy":"post_tag","embeddable":true,"href":"https:\/\/www.zerdab.com\/index.php?rest_route=%2Fwp%2Fv2%2Ftags&post=30156"}],"curies":[{"name":"wp","href":"https:\/\/api.w.org\/{rel}","templated":true}]}}