{"id":30172,"date":"2023-10-05T16:00:58","date_gmt":"2023-10-05T12:00:58","guid":{"rendered":"https:\/\/www.zerdab.com\/?p=30172"},"modified":"2023-10-10T14:34:49","modified_gmt":"2023-10-10T10:34:49","slug":"erm%c9%99nil%c9%99r-z%c9%99rdabli-boluk-komandirini-yarali-v%c9%99ziyy%c9%99td%c9%99-xank%c9%99ndid%c9%99-tikintid%c9%99-isl%c9%99dirl%c9%99rmis","status":"publish","type":"post","link":"https:\/\/www.zerdab.com\/?p=30172","title":{"rendered":"Erm\u0259nil\u0259r Z\u0259rdabl\u0131 b\u00f6l\u00fck komandirini yaral\u0131 v\u0259ziyy\u0259td\u0259 Xank\u0259ndid\u0259 tikintid\u0259 i\u015fl\u0259dirl\u0259rmi\u015f"},"content":{"rendered":"<p>Qondarma rejimin \u00f6z\u00fcn\u00fc buraxmas\u0131, separat\u00e7\u0131lar\u0131n \u201cba\u015fbil\u0259n\u201dl\u0259rinin saxlan\u0131laraq Bak\u0131ya g\u0259tirilm\u0259si, onlar\u0131n qolu qandall\u0131 v\u0259ziyy\u0259td\u0259 videolar\u0131n\u0131n g\u00f6st\u0259rilm\u0259si h\u0259r k\u0259sin \u00fcr\u0259yinc\u0259dir. Ruben Vardanyan, Arayik Arutyunyan v\u0259 dig\u0259r separat\u00e7\u0131lar Az\u0259rbaycan qanunlar\u0131 qar\u015f\u0131s\u0131nda cavab ver\u0259c\u0259k v\u0259 \u00f6z layiqli c\u0259zalar\u0131n\u0131 alacaqlar.<\/p>\n<p>Separat\u00e7\u0131lar birinci Qaraba\u011f m\u00fcharib\u0259si zaman\u0131 \u0259sir d\u00fc\u015f\u0259n m\u00fclki v\u0259t\u0259nda\u015flara v\u0259 h\u0259rb\u00e7il\u0259rimiz\u0259 olmaz\u0131n i\u015fg\u0259nc\u0259l\u0259r vermi\u015fdil\u0259r.<\/p>\n<p><strong>Zerdab.com<\/strong> sayt\u0131 x\u0259b\u0259r verir ki, onlardan biri d\u0259 h\u0259myerlimiz P\u0259nah \u0130sk\u0259nd\u0259rovdur. P\u0259nah \u0130sk\u0259nd\u0259rov b\u00f6l\u00fck komandiri idi. Onun komandiri oldu\u011fu b\u00f6l\u00fck birinci Qaraba\u011f m\u00fcharib\u0259sind\u0259 d\u00fc\u015fm\u0259nl\u0259 m\u00fcbariz\u0259d\u0259 sars\u0131d\u0131c\u0131 z\u0259rb\u0259l\u0259r endirmi\u015fdi.<\/p>\n<p>P. \u0130sk\u0259nd\u0259rov La\u00e7\u0131n, \u015eu\u015fa v\u0259 A\u011fd\u0259r\u0259 u\u011frunda d\u00f6y\u00fc\u015fl\u0259rd\u0259 d\u0259 x\u00fcsusi xidm\u0259tl\u0259r g\u00f6st\u0259rmi\u015fdi. Lakin a\u011f\u0131r d\u00f6y\u00fc\u015fl\u0259rin birind\u0259 4 g\u00fcll\u0259 yaras\u0131 al\u0131r v\u0259 d\u00f6y\u00fc\u015f meydan\u0131n\u0131 t\u0259rk ed\u0259 bilmir. Dostlar\u0131 onu d\u00f6y\u00fc\u015f meydan\u0131ndan \u00e7\u0131xarma\u011fa \u00e7al\u0131\u015fsalar da, d\u00fc\u015fm\u0259nin a\u00e7d\u0131\u011f\u0131 at\u0259\u015f, m\u0259rmil\u0259r buna mane olur.<\/p>\n<p>\u0130r\u0259lil\u0259y\u0259n d\u00fc\u015fm\u0259n onu yaral\u0131 v\u0259ziyy\u0259td\u0259 \u0259sir g\u00f6t\u00fcr\u00fcr. H\u0259min vaxt \u00e7oxlu qan itirdiyind\u0259n P\u0259nah \u0130sk\u0259nd\u0259rovun hu\u015fu \u00f6z\u00fcnd\u0259 olmay\u0131b v\u0259 g\u00f6z\u00fcn\u00fc hospitalda a\u00e7\u0131b.<\/p>\n<p>\u00dc\u00e7 g\u00fcn hospitalda qald\u0131qdan sonra onu Xocav\u0259nd\u0259 &#8211; az\u0259rbaycanl\u0131 \u0259sirl\u0259rin oldu\u011fu yer\u0259 apar\u0131rlar.<\/p>\n<p>O, h\u0259min yerd\u0259 30-a yax\u0131n az\u0259rbaycanl\u0131 \u0259sirin oldu\u011funu g\u00f6r\u00fcr.<\/p>\n<p>Qarn\u0131ndan ald\u0131\u011f\u0131 yara \u00e7irk etdiyi \u00fc\u00e7\u00fcn P\u0259nah\u0131n s\u0259hh\u0259ti daha da pisl\u0259\u015fir. Ancaq xo\u015fb\u0259xtlikd\u0259n onu Beyn\u0259lxalq Q\u0131rm\u0131z\u0131 Xa\u00e7 C\u0259miyy\u0259ti \u0259sir kimi qeydiyyata al\u0131r. Bir m\u00fcdd\u0259t sonra onu Xocav\u0259ndd\u0259n Xank\u0259ndiy\u0259 apar\u0131rlar. Az\u0259rbaycanl\u0131 \u0259sirl\u0259rin oldu\u011fu x\u0259st\u0259xanadak\u0131 v\u0259ziyy\u0259ti g\u00f6r\u0259nd\u0259n sonra P\u0259nah daha da sars\u0131l\u0131r.<\/p>\n<p>P\u0259nah \u0130sk\u0259nd\u0259rov bir q\u0259d\u0259r Xank\u0259ndind\u0259 saxlan\u0131ld\u0131qdan sonra onu \u015eu\u015fa t\u00fcrm\u0259sin\u0259 apar\u0131blar. \u015eu\u015fada 1-2 g\u00fcn qald\u0131qdan sonra Xank\u0259ndiy\u0259 qaytar\u0131l\u0131b.<\/p>\n<p>Yaras\u0131 nisb\u0259t\u0259n qaysaqlansa da, s\u0259hh\u0259ti yen\u0259 d\u0259 \u0259lveri\u015fli deyildi. Buna baxmayaraq, erm\u0259nil\u0259r onu Xank\u0259ndid\u0259 tikintid\u0259 i\u015fl\u0259dibl\u0259r. Yaral\u0131 v\u0259ziyy\u0259td\u0259 tikintid\u0259 i\u015fl\u0259m\u0259si onun \u00fc\u00e7\u00fcn daha da \u0259zabl\u0131 idi.<\/p>\n<p>P\u0259nah \u0130sk\u0259nd\u0259rov sonradan \u00f6yr\u0259nir ki, onu v\u0259 dig\u0259r \u0259sirl\u0259ri Xank\u0259ndi \u015f\u0259h\u0259rinin m\u0259rk\u0259zind\u0259 Samvel Babayan \u00fc\u00e7\u00fcn in\u015fa olunan imar\u0259td\u0259 i\u015fl\u0259dirdil\u0259r.<\/p>\n<p>Evin tikintisind\u0259 istifad\u0259 olunan da\u015flar\u0131 is\u0259 Mal\u0131b\u0259yli k\u0259ndind\u0259ki tikilil\u0259rd\u0259n s\u00f6k\u00fcb g\u0259tirirl\u0259rmi\u015f.<\/p>\n<p>Yaral\u0131, yor\u011fun, hals\u0131z v\u0259ziyy\u0259td\u0259 Xank\u0259ndid\u0259 tikintid\u0259 i\u015fl\u0259m\u0259si P\u0259nah \u0130sk\u0259nd\u0259rovun sa\u011flaml\u0131\u011f\u0131na daha da pis t\u0259sir g\u00f6st\u0259rir.<\/p>\n<p>P\u0259nah \u0130sk\u0259nd\u0259rov 1993-c\u00fc ild\u0259n 1996-c\u0131 il\u0259 q\u0259d\u0259r erm\u0259nil\u0259rin \u0259sirliyind\u0259 qal\u0131b.<\/p>\n<p>1996-c\u0131 ilin aprel ay\u0131nda P\u0259nah\u0131 yenid\u0259n \u015eu\u015faya g\u0259tiribl\u0259r.<\/p>\n<p>El\u0259 h\u0259min ilin may ay\u0131nda Beyn\u0259lxalq Q\u0131rm\u0131z\u0131 Xa\u00e7 Komit\u0259sinin vasit\u0259\u00e7iliyi il\u0259 P\u0259nah \u0130sg\u0259nd\u0259rov 67 n\u0259f\u0259r az\u0259rbaycanl\u0131 il\u0259 birlikd\u0259 \u0259sirlikd\u0259n azad edilib.<\/p>\n<p>Erm\u0259ni \u0259sirliyind\u0259 ald\u0131\u011f\u0131 x\u0259sar\u0259tl\u0259r, edil\u0259n \u015fidd\u0259tl\u0259r onun sa\u011flaml\u0131\u011f\u0131nda ciddi probleml\u0259r yaratm\u0131\u015fd\u0131.<\/p>\n<p>M\u0259lumat \u00fc\u00e7\u00fcn bildir\u0259k ki, P\u0259nah \u0130sk\u0259nd\u0259rov 1957-ci ild\u0259 Z\u0259rdab rayonunun Salahl\u0131 k\u0259ndind\u0259 anadan olub.<\/p>\n<p>Bu g\u00fcn erm\u0259nil\u0259rin layiqli c\u0259zalar\u0131n\u0131 almalar\u0131, separat\u00e7\u0131lar\u0131n qolu qandall\u0131 v\u0259ziyy\u0259td\u0259 Bak\u0131ya g\u0259tirilm\u0259l\u0259ri h\u0259r bir k\u0259sin, o c\u00fcml\u0259d\u0259n \u0259sirlik h\u0259yat\u0131 ya\u015fam\u0131\u015f, erm\u0259ni v\u0259h\u015filiyi il\u0259 \u00fczl\u0259\u015fmi\u015f h\u0259r bir soyda\u015f\u0131m\u0131z\u0131n \u00e7oxdan g\u00f6zl\u0259diyi g\u00fcnd\u00fcr\u2026<\/p>\n<p><strong>Nicat, Zerdab.com<\/strong><\/p>\n","protected":false},"excerpt":{"rendered":"<p>Qondarma rejimin \u00f6z\u00fcn\u00fc buraxmas\u0131, separat\u00e7\u0131lar\u0131n \u201cba\u015fbil\u0259n\u201dl\u0259rinin saxlan\u0131laraq Bak\u0131ya g\u0259tirilm\u0259si, onlar\u0131n qolu qandall\u0131 v\u0259ziyy\u0259td\u0259 videolar\u0131n\u0131n g\u00f6st\u0259rilm\u0259si h\u0259r k\u0259sin \u00fcr\u0259yinc\u0259dir. Ruben Vardanyan, Arayik Arutyunyan v\u0259 dig\u0259r separat\u00e7\u0131lar Az\u0259rbaycan qanunlar\u0131 qar\u015f\u0131s\u0131nda cavab ver\u0259c\u0259k v\u0259 \u00f6z layiqli c\u0259zalar\u0131n\u0131 alacaqlar. Separat\u00e7\u0131lar birinci Qaraba\u011f m\u00fcharib\u0259si zaman\u0131 \u0259sir d\u00fc\u015f\u0259n m\u00fclki v\u0259t\u0259nda\u015flara v\u0259 h\u0259rb\u00e7il\u0259rimiz\u0259 olmaz\u0131n i\u015fg\u0259nc\u0259l\u0259r vermi\u015fdil\u0259r. Zerdab.com sayt\u0131 x\u0259b\u0259r verir ki, onlardan [&hellip;]<\/p>\n","protected":false},"author":1,"featured_media":30173,"comment_status":"closed","ping_status":"closed","sticky":false,"template":"","format":"standard","meta":{"footnotes":""},"categories":[63,5],"tags":[],"class_list":{"0":"post-30172","1":"post","2":"type-post","3":"status-publish","4":"format-standard","5":"has-post-thumbnail","7":"category-manset","8":"category-knd"},"yoast_head":"<!-- This site is optimized with the Yoast SEO plugin v27.0 - https:\/\/yoast.com\/product\/yoast-seo-wordpress\/ -->\n<title>Erm\u0259nil\u0259r Z\u0259rdabl\u0131 b\u00f6l\u00fck komandirini yaral\u0131 v\u0259ziyy\u0259td\u0259 Xank\u0259ndid\u0259 tikintid\u0259 i\u015fl\u0259dirl\u0259rmi\u015f - Z\u0259rdab.com<\/title>\n<meta name=\"robots\" content=\"index, follow, max-snippet:-1, max-image-preview:large, max-video-preview:-1\" \/>\n<link rel=\"canonical\" href=\"https:\/\/www.zerdab.com\/?p=30172\" \/>\n<meta property=\"og:locale\" content=\"az_AZ\" \/>\n<meta property=\"og:type\" content=\"article\" \/>\n<meta property=\"og:title\" content=\"Erm\u0259nil\u0259r Z\u0259rdabl\u0131 b\u00f6l\u00fck komandirini yaral\u0131 v\u0259ziyy\u0259td\u0259 Xank\u0259ndid\u0259 tikintid\u0259 i\u015fl\u0259dirl\u0259rmi\u015f - Z\u0259rdab.com\" \/>\n<meta property=\"og:description\" content=\"Qondarma rejimin \u00f6z\u00fcn\u00fc buraxmas\u0131, separat\u00e7\u0131lar\u0131n \u201cba\u015fbil\u0259n\u201dl\u0259rinin saxlan\u0131laraq Bak\u0131ya g\u0259tirilm\u0259si, onlar\u0131n qolu qandall\u0131 v\u0259ziyy\u0259td\u0259 videolar\u0131n\u0131n g\u00f6st\u0259rilm\u0259si h\u0259r k\u0259sin \u00fcr\u0259yinc\u0259dir. Ruben Vardanyan, Arayik Arutyunyan v\u0259 dig\u0259r separat\u00e7\u0131lar Az\u0259rbaycan qanunlar\u0131 qar\u015f\u0131s\u0131nda cavab ver\u0259c\u0259k v\u0259 \u00f6z layiqli c\u0259zalar\u0131n\u0131 alacaqlar. Separat\u00e7\u0131lar birinci Qaraba\u011f m\u00fcharib\u0259si zaman\u0131 \u0259sir d\u00fc\u015f\u0259n m\u00fclki v\u0259t\u0259nda\u015flara v\u0259 h\u0259rb\u00e7il\u0259rimiz\u0259 olmaz\u0131n i\u015fg\u0259nc\u0259l\u0259r vermi\u015fdil\u0259r. Zerdab.com sayt\u0131 x\u0259b\u0259r verir ki, onlardan [&hellip;]\" \/>\n<meta property=\"og:url\" content=\"https:\/\/www.zerdab.com\/?p=30172\" \/>\n<meta property=\"og:site_name\" content=\"Z\u0259rdab.com\" \/>\n<meta property=\"article:published_time\" content=\"2023-10-05T12:00:58+00:00\" \/>\n<meta property=\"article:modified_time\" content=\"2023-10-10T10:34:49+00:00\" \/>\n<meta property=\"og:image\" content=\"https:\/\/www.zerdab.com\/wp-content\/uploads\/2023\/10\/xankendi-qarabag-karabakh-khankendi.jpg\" \/>\n\t<meta property=\"og:image:width\" content=\"2048\" \/>\n\t<meta property=\"og:image:height\" content=\"1398\" \/>\n\t<meta property=\"og:image:type\" content=\"image\/jpeg\" \/>\n<meta name=\"author\" content=\"admin\" \/>\n<meta name=\"twitter:card\" content=\"summary_large_image\" \/>\n<meta name=\"twitter:label1\" content=\"Written by\" \/>\n\t<meta name=\"twitter:data1\" content=\"admin\" \/>\n\t<meta name=\"twitter:label2\" content=\"Est. reading time\" \/>\n\t<meta name=\"twitter:data2\" content=\"4 minutes\" \/>\n<script type=\"application\/ld+json\" class=\"yoast-schema-graph\">{\"@context\":\"https:\/\/schema.org\",\"@graph\":[{\"@type\":\"Article\",\"@id\":\"https:\/\/www.zerdab.com\/?p=30172#article\",\"isPartOf\":{\"@id\":\"https:\/\/www.zerdab.com\/?p=30172\"},\"author\":{\"name\":\"admin\",\"@id\":\"https:\/\/www.zerdab.com\/#\/schema\/person\/97079b7570c1e89ec0d9e138c3672136\"},\"headline\":\"Erm\u0259nil\u0259r Z\u0259rdabl\u0131 b\u00f6l\u00fck komandirini yaral\u0131 v\u0259ziyy\u0259td\u0259 Xank\u0259ndid\u0259 tikintid\u0259 i\u015fl\u0259dirl\u0259rmi\u015f\",\"datePublished\":\"2023-10-05T12:00:58+00:00\",\"dateModified\":\"2023-10-10T10:34:49+00:00\",\"mainEntityOfPage\":{\"@id\":\"https:\/\/www.zerdab.com\/?p=30172\"},\"wordCount\":737,\"image\":{\"@id\":\"https:\/\/www.zerdab.com\/?p=30172#primaryimage\"},\"thumbnailUrl\":\"https:\/\/www.zerdab.com\/wp-content\/uploads\/2023\/10\/xankendi-qarabag-karabakh-khankendi.jpg\",\"articleSection\":[\"MAN\u015eET\",\"X\u018fB\u018fRL\u018fR\"],\"inLanguage\":\"az\"},{\"@type\":\"WebPage\",\"@id\":\"https:\/\/www.zerdab.com\/?p=30172\",\"url\":\"https:\/\/www.zerdab.com\/?p=30172\",\"name\":\"Erm\u0259nil\u0259r Z\u0259rdabl\u0131 b\u00f6l\u00fck komandirini yaral\u0131 v\u0259ziyy\u0259td\u0259 Xank\u0259ndid\u0259 tikintid\u0259 i\u015fl\u0259dirl\u0259rmi\u015f - Z\u0259rdab.com\",\"isPartOf\":{\"@id\":\"https:\/\/www.zerdab.com\/#website\"},\"primaryImageOfPage\":{\"@id\":\"https:\/\/www.zerdab.com\/?p=30172#primaryimage\"},\"image\":{\"@id\":\"https:\/\/www.zerdab.com\/?p=30172#primaryimage\"},\"thumbnailUrl\":\"https:\/\/www.zerdab.com\/wp-content\/uploads\/2023\/10\/xankendi-qarabag-karabakh-khankendi.jpg\",\"datePublished\":\"2023-10-05T12:00:58+00:00\",\"dateModified\":\"2023-10-10T10:34:49+00:00\",\"author\":{\"@id\":\"https:\/\/www.zerdab.com\/#\/schema\/person\/97079b7570c1e89ec0d9e138c3672136\"},\"breadcrumb\":{\"@id\":\"https:\/\/www.zerdab.com\/?p=30172#breadcrumb\"},\"inLanguage\":\"az\",\"potentialAction\":[{\"@type\":\"ReadAction\",\"target\":[\"https:\/\/www.zerdab.com\/?p=30172\"]}]},{\"@type\":\"ImageObject\",\"inLanguage\":\"az\",\"@id\":\"https:\/\/www.zerdab.com\/?p=30172#primaryimage\",\"url\":\"https:\/\/www.zerdab.com\/wp-content\/uploads\/2023\/10\/xankendi-qarabag-karabakh-khankendi.jpg\",\"contentUrl\":\"https:\/\/www.zerdab.com\/wp-content\/uploads\/2023\/10\/xankendi-qarabag-karabakh-khankendi.jpg\",\"width\":2048,\"height\":1398,\"caption\":\"xankendi-qarabag-karabakh-khankendi.png\"},{\"@type\":\"BreadcrumbList\",\"@id\":\"https:\/\/www.zerdab.com\/?p=30172#breadcrumb\",\"itemListElement\":[{\"@type\":\"ListItem\",\"position\":1,\"name\":\"Home\",\"item\":\"https:\/\/www.zerdab.com\/\"},{\"@type\":\"ListItem\",\"position\":2,\"name\":\"Erm\u0259nil\u0259r Z\u0259rdabl\u0131 b\u00f6l\u00fck komandirini yaral\u0131 v\u0259ziyy\u0259td\u0259 Xank\u0259ndid\u0259 tikintid\u0259 i\u015fl\u0259dirl\u0259rmi\u015f\"}]},{\"@type\":\"WebSite\",\"@id\":\"https:\/\/www.zerdab.com\/#website\",\"url\":\"https:\/\/www.zerdab.com\/\",\"name\":\"Z\u0259rdab.com\",\"description\":\"\",\"potentialAction\":[{\"@type\":\"SearchAction\",\"target\":{\"@type\":\"EntryPoint\",\"urlTemplate\":\"https:\/\/www.zerdab.com\/?s={search_term_string}\"},\"query-input\":{\"@type\":\"PropertyValueSpecification\",\"valueRequired\":true,\"valueName\":\"search_term_string\"}}],\"inLanguage\":\"az\"},{\"@type\":\"Person\",\"@id\":\"https:\/\/www.zerdab.com\/#\/schema\/person\/97079b7570c1e89ec0d9e138c3672136\",\"name\":\"admin\",\"image\":{\"@type\":\"ImageObject\",\"inLanguage\":\"az\",\"@id\":\"https:\/\/www.zerdab.com\/#\/schema\/person\/image\/\",\"url\":\"https:\/\/secure.gravatar.com\/avatar\/d9c52a9a27c32119cb6679a077fa3e2779e5f822c451cbf01098004361d466ec?s=96&d=mm&r=g\",\"contentUrl\":\"https:\/\/secure.gravatar.com\/avatar\/d9c52a9a27c32119cb6679a077fa3e2779e5f822c451cbf01098004361d466ec?s=96&d=mm&r=g\",\"caption\":\"admin\"},\"url\":\"https:\/\/www.zerdab.com\/?author=1\"}]}<\/script>\n<!-- \/ Yoast SEO plugin. -->","yoast_head_json":{"title":"Erm\u0259nil\u0259r Z\u0259rdabl\u0131 b\u00f6l\u00fck komandirini yaral\u0131 v\u0259ziyy\u0259td\u0259 Xank\u0259ndid\u0259 tikintid\u0259 i\u015fl\u0259dirl\u0259rmi\u015f - Z\u0259rdab.com","robots":{"index":"index","follow":"follow","max-snippet":"max-snippet:-1","max-image-preview":"max-image-preview:large","max-video-preview":"max-video-preview:-1"},"canonical":"https:\/\/www.zerdab.com\/?p=30172","og_locale":"az_AZ","og_type":"article","og_title":"Erm\u0259nil\u0259r Z\u0259rdabl\u0131 b\u00f6l\u00fck komandirini yaral\u0131 v\u0259ziyy\u0259td\u0259 Xank\u0259ndid\u0259 tikintid\u0259 i\u015fl\u0259dirl\u0259rmi\u015f - Z\u0259rdab.com","og_description":"Qondarma rejimin \u00f6z\u00fcn\u00fc buraxmas\u0131, separat\u00e7\u0131lar\u0131n \u201cba\u015fbil\u0259n\u201dl\u0259rinin saxlan\u0131laraq Bak\u0131ya g\u0259tirilm\u0259si, onlar\u0131n qolu qandall\u0131 v\u0259ziyy\u0259td\u0259 videolar\u0131n\u0131n g\u00f6st\u0259rilm\u0259si h\u0259r k\u0259sin \u00fcr\u0259yinc\u0259dir. Ruben Vardanyan, Arayik Arutyunyan v\u0259 dig\u0259r separat\u00e7\u0131lar Az\u0259rbaycan qanunlar\u0131 qar\u015f\u0131s\u0131nda cavab ver\u0259c\u0259k v\u0259 \u00f6z layiqli c\u0259zalar\u0131n\u0131 alacaqlar. Separat\u00e7\u0131lar birinci Qaraba\u011f m\u00fcharib\u0259si zaman\u0131 \u0259sir d\u00fc\u015f\u0259n m\u00fclki v\u0259t\u0259nda\u015flara v\u0259 h\u0259rb\u00e7il\u0259rimiz\u0259 olmaz\u0131n i\u015fg\u0259nc\u0259l\u0259r vermi\u015fdil\u0259r. Zerdab.com sayt\u0131 x\u0259b\u0259r verir ki, onlardan [&hellip;]","og_url":"https:\/\/www.zerdab.com\/?p=30172","og_site_name":"Z\u0259rdab.com","article_published_time":"2023-10-05T12:00:58+00:00","article_modified_time":"2023-10-10T10:34:49+00:00","og_image":[{"width":2048,"height":1398,"url":"https:\/\/www.zerdab.com\/wp-content\/uploads\/2023\/10\/xankendi-qarabag-karabakh-khankendi.jpg","type":"image\/jpeg"}],"author":"admin","twitter_card":"summary_large_image","twitter_misc":{"Written by":"admin","Est. reading time":"4 minutes"},"schema":{"@context":"https:\/\/schema.org","@graph":[{"@type":"Article","@id":"https:\/\/www.zerdab.com\/?p=30172#article","isPartOf":{"@id":"https:\/\/www.zerdab.com\/?p=30172"},"author":{"name":"admin","@id":"https:\/\/www.zerdab.com\/#\/schema\/person\/97079b7570c1e89ec0d9e138c3672136"},"headline":"Erm\u0259nil\u0259r Z\u0259rdabl\u0131 b\u00f6l\u00fck komandirini yaral\u0131 v\u0259ziyy\u0259td\u0259 Xank\u0259ndid\u0259 tikintid\u0259 i\u015fl\u0259dirl\u0259rmi\u015f","datePublished":"2023-10-05T12:00:58+00:00","dateModified":"2023-10-10T10:34:49+00:00","mainEntityOfPage":{"@id":"https:\/\/www.zerdab.com\/?p=30172"},"wordCount":737,"image":{"@id":"https:\/\/www.zerdab.com\/?p=30172#primaryimage"},"thumbnailUrl":"https:\/\/www.zerdab.com\/wp-content\/uploads\/2023\/10\/xankendi-qarabag-karabakh-khankendi.jpg","articleSection":["MAN\u015eET","X\u018fB\u018fRL\u018fR"],"inLanguage":"az"},{"@type":"WebPage","@id":"https:\/\/www.zerdab.com\/?p=30172","url":"https:\/\/www.zerdab.com\/?p=30172","name":"Erm\u0259nil\u0259r Z\u0259rdabl\u0131 b\u00f6l\u00fck komandirini yaral\u0131 v\u0259ziyy\u0259td\u0259 Xank\u0259ndid\u0259 tikintid\u0259 i\u015fl\u0259dirl\u0259rmi\u015f - Z\u0259rdab.com","isPartOf":{"@id":"https:\/\/www.zerdab.com\/#website"},"primaryImageOfPage":{"@id":"https:\/\/www.zerdab.com\/?p=30172#primaryimage"},"image":{"@id":"https:\/\/www.zerdab.com\/?p=30172#primaryimage"},"thumbnailUrl":"https:\/\/www.zerdab.com\/wp-content\/uploads\/2023\/10\/xankendi-qarabag-karabakh-khankendi.jpg","datePublished":"2023-10-05T12:00:58+00:00","dateModified":"2023-10-10T10:34:49+00:00","author":{"@id":"https:\/\/www.zerdab.com\/#\/schema\/person\/97079b7570c1e89ec0d9e138c3672136"},"breadcrumb":{"@id":"https:\/\/www.zerdab.com\/?p=30172#breadcrumb"},"inLanguage":"az","potentialAction":[{"@type":"ReadAction","target":["https:\/\/www.zerdab.com\/?p=30172"]}]},{"@type":"ImageObject","inLanguage":"az","@id":"https:\/\/www.zerdab.com\/?p=30172#primaryimage","url":"https:\/\/www.zerdab.com\/wp-content\/uploads\/2023\/10\/xankendi-qarabag-karabakh-khankendi.jpg","contentUrl":"https:\/\/www.zerdab.com\/wp-content\/uploads\/2023\/10\/xankendi-qarabag-karabakh-khankendi.jpg","width":2048,"height":1398,"caption":"xankendi-qarabag-karabakh-khankendi.png"},{"@type":"BreadcrumbList","@id":"https:\/\/www.zerdab.com\/?p=30172#breadcrumb","itemListElement":[{"@type":"ListItem","position":1,"name":"Home","item":"https:\/\/www.zerdab.com\/"},{"@type":"ListItem","position":2,"name":"Erm\u0259nil\u0259r Z\u0259rdabl\u0131 b\u00f6l\u00fck komandirini yaral\u0131 v\u0259ziyy\u0259td\u0259 Xank\u0259ndid\u0259 tikintid\u0259 i\u015fl\u0259dirl\u0259rmi\u015f"}]},{"@type":"WebSite","@id":"https:\/\/www.zerdab.com\/#website","url":"https:\/\/www.zerdab.com\/","name":"Z\u0259rdab.com","description":"","potentialAction":[{"@type":"SearchAction","target":{"@type":"EntryPoint","urlTemplate":"https:\/\/www.zerdab.com\/?s={search_term_string}"},"query-input":{"@type":"PropertyValueSpecification","valueRequired":true,"valueName":"search_term_string"}}],"inLanguage":"az"},{"@type":"Person","@id":"https:\/\/www.zerdab.com\/#\/schema\/person\/97079b7570c1e89ec0d9e138c3672136","name":"admin","image":{"@type":"ImageObject","inLanguage":"az","@id":"https:\/\/www.zerdab.com\/#\/schema\/person\/image\/","url":"https:\/\/secure.gravatar.com\/avatar\/d9c52a9a27c32119cb6679a077fa3e2779e5f822c451cbf01098004361d466ec?s=96&d=mm&r=g","contentUrl":"https:\/\/secure.gravatar.com\/avatar\/d9c52a9a27c32119cb6679a077fa3e2779e5f822c451cbf01098004361d466ec?s=96&d=mm&r=g","caption":"admin"},"url":"https:\/\/www.zerdab.com\/?author=1"}]}},"_links":{"self":[{"href":"https:\/\/www.zerdab.com\/index.php?rest_route=\/wp\/v2\/posts\/30172","targetHints":{"allow":["GET"]}}],"collection":[{"href":"https:\/\/www.zerdab.com\/index.php?rest_route=\/wp\/v2\/posts"}],"about":[{"href":"https:\/\/www.zerdab.com\/index.php?rest_route=\/wp\/v2\/types\/post"}],"author":[{"embeddable":true,"href":"https:\/\/www.zerdab.com\/index.php?rest_route=\/wp\/v2\/users\/1"}],"replies":[{"embeddable":true,"href":"https:\/\/www.zerdab.com\/index.php?rest_route=%2Fwp%2Fv2%2Fcomments&post=30172"}],"version-history":[{"count":1,"href":"https:\/\/www.zerdab.com\/index.php?rest_route=\/wp\/v2\/posts\/30172\/revisions"}],"predecessor-version":[{"id":30174,"href":"https:\/\/www.zerdab.com\/index.php?rest_route=\/wp\/v2\/posts\/30172\/revisions\/30174"}],"wp:featuredmedia":[{"embeddable":true,"href":"https:\/\/www.zerdab.com\/index.php?rest_route=\/wp\/v2\/media\/30173"}],"wp:attachment":[{"href":"https:\/\/www.zerdab.com\/index.php?rest_route=%2Fwp%2Fv2%2Fmedia&parent=30172"}],"wp:term":[{"taxonomy":"category","embeddable":true,"href":"https:\/\/www.zerdab.com\/index.php?rest_route=%2Fwp%2Fv2%2Fcategories&post=30172"},{"taxonomy":"post_tag","embeddable":true,"href":"https:\/\/www.zerdab.com\/index.php?rest_route=%2Fwp%2Fv2%2Ftags&post=30172"}],"curies":[{"name":"wp","href":"https:\/\/api.w.org\/{rel}","templated":true}]}}