{"id":30175,"date":"2023-10-07T16:45:44","date_gmt":"2023-10-07T12:45:44","guid":{"rendered":"https:\/\/www.zerdab.com\/?p=30175"},"modified":"2023-10-10T14:35:14","modified_gmt":"2023-10-10T10:35:14","slug":"agd%c9%99r%c9%99-azaddir-ugrunda-s%c9%99hid-olmus-h%c9%99myerlimiz-zaur-qasimovun-da-ruhu-saddir","status":"publish","type":"post","link":"https:\/\/www.zerdab.com\/?p=30175","title":{"rendered":"A\u011fd\u0259r\u0259 d\u0259 azadd\u0131r &#8211; U\u011frunda \u015f\u0259hid olmu\u015f h\u0259myerlimiz Zaur Qas\u0131movun da ruhu \u015fadd\u0131r"},"content":{"rendered":"<p>Az\u0259rbaycan Ordusunun Qaraba\u011fda ke\u00e7irdiyi lokal xarakterli antiterror t\u0259dbirl\u0259ri separat\u00e7\u0131lar\u0131n t\u0259slim olmas\u0131 il\u0259 n\u0259tic\u0259l\u0259ndi. Qaraba\u011f\u0131n erm\u0259ni sakinl\u0259rinin n\u00fcmay\u0259nd\u0259l\u0259rinin Rusiya s\u00fclhm\u0259raml\u0131 kontingenti vasit\u0259sil\u0259 m\u00fcraci\u0259tini n\u0259z\u0259r\u0259 alaraq, tam at\u0259\u015fk\u0259s haqq\u0131nda raz\u0131la\u015fma \u0259ld\u0259 olunub v\u0259 2023-c\u00fc il sentyabr\u0131n 20-d\u0259 saat 13:00-da lokal xarakterli antiterror t\u0259dbirl\u0259ri dayand\u0131r\u0131l\u0131b.<\/p>\n<p><strong>Zerdab.com<\/strong> x\u0259b\u0259r verir ki, \u0259ld\u0259 edil\u0259n raz\u0131la\u015fmaya \u0259sas\u0259n, Az\u0259rbaycan Respublikas\u0131n\u0131n Qaraba\u011f b\u00f6lg\u0259sind\u0259 yerl\u0259\u015f\u0259n Erm\u0259nistan silahl\u0131 q\u00fcvv\u0259l\u0259rinin birl\u0259\u015fm\u0259l\u0259ri, qeyri-qanuni erm\u0259ni silahl\u0131 d\u0259st\u0259l\u0259ri silah\u0131 yer\u0259 qoyub, d\u00f6y\u00fc\u015f m\u00f6vqel\u0259rind\u0259n v\u0259 h\u0259rbi postlardan \u00e7\u0131x\u0131r v\u0259 tam \u015f\u0259kild\u0259 t\u0259rksilah olunurlar. Erm\u0259nistan silahl\u0131 q\u00fcvv\u0259l\u0259rinin birl\u0259\u015fm\u0259l\u0259ri Az\u0259rbaycan \u0259razil\u0259rini t\u0259rk edir, qeyri-qanuni erm\u0259ni silahl\u0131 d\u0259st\u0259l\u0259ri burax\u0131l\u0131b.<\/p>\n<p>Bundan sonra is\u0259 Az\u0259rbaycan h\u0259rb\u00e7il\u0259rinin A\u011fd\u0259r\u0259d\u0259 olmas\u0131n\u0131 \u0259ks etdir\u0259n g\u00f6r\u00fcnt\u00fcl\u0259r d\u0259 yay\u0131l\u0131b.<\/p>\n<p>Rayonun giri\u015find\u0259 Az\u0259rbaycan bayra\u011f\u0131n\u0131n as\u0131lmas\u0131 da g\u00f6r\u00fcnt\u00fcl\u0259rd\u0259 \u00f6z \u0259ksini tap\u0131b.<\/p>\n<p>Qeyd ed\u0259k ki, Az\u0259rbaycan Ordusu h\u0259l\u0259 birinci Qaraba\u011f m\u00fcharib\u0259sind\u0259 &#8211; 30 il \u00f6nc\u0259, 1992-ci ilin 4 iyul tarixind\u0259 A\u011fd\u0259r\u0259 v\u0259 \u0259traf k\u0259ndl\u0259r erm\u0259ni silahl\u0131 birl\u0259\u015fm\u0259l\u0259rinin i\u015f\u011fal\u0131ndan azad edilmi\u015fdi\u2026 T\u0259\u0259ss\u00fcf ki, o zaman c\u0259bh\u0259d\u0259 \u0259ld\u0259 edil\u0259n m\u00fch\u00fcm q\u0259l\u0259b\u0259ni m\u00fcxt\u0259lif s\u0259b\u0259bl\u0259rd\u0259n qoruyub saxlamaq m\u00fcmk\u00fcn olmad\u0131.<\/p>\n<p>Birinci Qaraba\u011f m\u00fcharib\u0259sind\u0259 A\u011fd\u0259r\u0259 u\u011frunda ged\u0259n d\u00f6y\u00fc\u015fl\u0259rd\u0259 q\u0259hr\u0259mancas\u0131na \u015f\u0259hid olmu\u015f igidl\u0259rd\u0259n biri d\u0259 h\u0259myerlimiz Zaur Qas\u0131movdur.<\/p>\n<p><strong>Zerdab.com <\/strong>xat\u0131rlad\u0131r ki, Zaur Qas\u0131mov Z\u0259rdab rayonunun Yarm\u0259mm\u0259dba\u011f\u0131 k\u0259ndind\u0259 anadan olub.<\/p>\n<p>O, 1973-c\u00fc ilin sentyabr ay\u0131n\u0131n 5-d\u0259 d\u00fcnyaya g\u00f6z a\u00e7\u0131b.<\/p>\n<p>Zaur Qas\u0131mov u\u015faql\u0131q ill\u0259rind\u0259n v\u0259t\u0259np\u0259rv\u0259r ruhda b\u00f6y\u00fcy\u00fcb.<\/p>\n<p>1992-ci ilin iyul ay\u0131nda h\u0259rbi xidm\u0259t\u0259 \u00e7a\u011f\u0131r\u0131l\u0131b.<\/p>\n<p>Onun d\u00f6y\u00fc\u015f yolu A\u011fd\u0259r\u0259d\u0259n ba\u015flay\u0131b.<\/p>\n<p>A\u011f\u0131r d\u00f6y\u00fc\u015fl\u0259rd\u0259 igidlik, qorxmazl\u0131q, \u015f\u00fcca\u0259t g\u00f6st\u0259rib.<\/p>\n<p>Zaur Az\u0259rbaycan\u0131m\u0131z\u0131n \u0259razi b\u00fct\u00f6vl\u00fcy\u00fcn\u00fcn t\u0259min edilm\u0259si u\u011frunda d\u00f6y\u00fc\u015f \u0259m\u0259liyyatlar\u0131nda d\u00fc\u015fm\u0259n\u0259 sars\u0131d\u0131c\u0131 z\u0259rb\u0259l\u0259r vurulmas\u0131 \u0259m\u0259liyyatlar\u0131nda tap\u015f\u0131r\u0131qlar\u0131 u\u011furla yerin\u0259 yetirirdi.<\/p>\n<p>Zaur Qas\u0131movun d\u00f6y\u00fc\u015f yolda\u015flar\u0131 onun d\u00fc\u015fm\u0259nin m\u0259hv edilm\u0259si \u00fczr\u0259 qar\u015f\u0131ya qoyulmu\u015f d\u00f6y\u00fc\u015f tap\u015f\u0131r\u0131\u011f\u0131n\u0131 yerin\u0259 yetir\u0259n zaman g\u00f6st\u0259rdiyi \u015f\u00fcca\u0259tl\u0259ri bu g\u00fcn d\u0259 yax\u015f\u0131 xat\u0131rlay\u0131rlar.<\/p>\n<p>Zaur i\u015ftirak etdiyi b\u00fct\u00fcn d\u00f6y\u00fc\u015fl\u0259rd\u0259 q\u0259hr\u0259manl\u0131q, b\u00f6y\u00fck \u015f\u00fcca\u0259t g\u00f6st\u0259rib.<\/p>\n<p>O, A\u011fd\u0259r\u0259nin Mehman\u0259 k\u0259ndind\u0259 ged\u0259n \u015fidd\u0259tli d\u00f6y\u00fc\u015fl\u0259r zaman\u0131 q\u0259hr\u0259mancas\u0131na \u015f\u0259hid olub.<\/p>\n<p>Az\u0259rbaycan\u0131m\u0131z\u0131n, Z\u0259rdab\u0131m\u0131z\u0131n igid o\u011flu Zaur Qas\u0131mov h\u0259rbi hiss\u0259 qar\u015f\u0131s\u0131nda qoyulmu\u015f tap\u015f\u0131r\u0131qlar\u0131n icras\u0131 zaman\u0131 v\u0259zif\u0259 borcunu \u015f\u0259r\u0259fl\u0259 yetir\u0259rk\u0259n &#8211; 1993-c\u00fc il fevral ay\u0131n\u0131n 5-d\u0259 \u015f\u0259hidlik zirv\u0259sin\u0259 ucal\u0131b.<\/p>\n<p>B\u0259li, bu g\u00fcn art\u0131q A\u011fd\u0259r\u0259 azadd\u0131r, Az\u0259rbaycan\u0131m\u0131z\u0131n suverenliyi tam t\u0259min olunub, d\u0259mir yumruq say\u0259sind\u0259 m\u0259nfur separat\u00e7\u0131lar \u00f6zl\u0259rini burax\u0131blar v\u0259 Az\u0259rbaycan\u0131n qanunvericiliyin\u0259 uy\u011fun i\u015fl\u0259dikl\u0259ri cinay\u0259tl\u0259rin c\u0259zas\u0131n\u0131 layiqinc\u0259 alacaqlar.<\/p>\n<p>A\u011fd\u0259r\u0259nin, \u018fsg\u0259ran\u0131n, Xank\u0259ndinin separat\u00e7\u0131lar\u0131n \u0259sar\u0259tind\u0259n azad olmas\u0131, \u00f6lk\u0259mizin suverenliyinin b\u0259rpas\u0131 h\u0259m d\u0259 Zaur Qas\u0131mov kimi igid o\u011fullar\u0131n qisas\u0131n\u0131n al\u0131nmas\u0131 dem\u0259kdir.<\/p>\n<p>Allah c\u0259mi \u015f\u0259hidl\u0259rimiz\u0259 r\u0259hm\u0259t el\u0259sin.<\/p>\n<p>Amin.<\/p>\n<p><strong>Zerdab.com<img loading=\"lazy\" decoding=\"async\" class=\"aligncenter size-full wp-image-30177\" src=\"http:\/\/www.zerdab.com\/wp-content\/uploads\/2023\/10\/zaur-qasimov-yarmemmedbagi1.jpg\" alt=\"zaur-qasimov-yarmemmedbagi1\" width=\"1280\" height=\"590\" srcset=\"https:\/\/www.zerdab.com\/wp-content\/uploads\/2023\/10\/zaur-qasimov-yarmemmedbagi1.jpg 1280w, https:\/\/www.zerdab.com\/wp-content\/uploads\/2023\/10\/zaur-qasimov-yarmemmedbagi1-400x184.jpg 400w, https:\/\/www.zerdab.com\/wp-content\/uploads\/2023\/10\/zaur-qasimov-yarmemmedbagi1-550x254.jpg 550w, https:\/\/www.zerdab.com\/wp-content\/uploads\/2023\/10\/zaur-qasimov-yarmemmedbagi1-768x354.jpg 768w, https:\/\/www.zerdab.com\/wp-content\/uploads\/2023\/10\/zaur-qasimov-yarmemmedbagi1-696x321.jpg 696w, https:\/\/www.zerdab.com\/wp-content\/uploads\/2023\/10\/zaur-qasimov-yarmemmedbagi1-1068x492.jpg 1068w, https:\/\/www.zerdab.com\/wp-content\/uploads\/2023\/10\/zaur-qasimov-yarmemmedbagi1-911x420.jpg 911w\" sizes=\"auto, (max-width: 1280px) 100vw, 1280px\" \/> <\/strong><\/p>\n","protected":false},"excerpt":{"rendered":"<p>Az\u0259rbaycan Ordusunun Qaraba\u011fda ke\u00e7irdiyi lokal xarakterli antiterror t\u0259dbirl\u0259ri separat\u00e7\u0131lar\u0131n t\u0259slim olmas\u0131 il\u0259 n\u0259tic\u0259l\u0259ndi. Qaraba\u011f\u0131n erm\u0259ni sakinl\u0259rinin n\u00fcmay\u0259nd\u0259l\u0259rinin Rusiya s\u00fclhm\u0259raml\u0131 kontingenti vasit\u0259sil\u0259 m\u00fcraci\u0259tini n\u0259z\u0259r\u0259 alaraq, tam at\u0259\u015fk\u0259s haqq\u0131nda raz\u0131la\u015fma \u0259ld\u0259 olunub v\u0259 2023-c\u00fc il sentyabr\u0131n 20-d\u0259 saat 13:00-da lokal xarakterli antiterror t\u0259dbirl\u0259ri dayand\u0131r\u0131l\u0131b. Zerdab.com x\u0259b\u0259r verir ki, \u0259ld\u0259 edil\u0259n raz\u0131la\u015fmaya \u0259sas\u0259n, Az\u0259rbaycan Respublikas\u0131n\u0131n Qaraba\u011f b\u00f6lg\u0259sind\u0259 yerl\u0259\u015f\u0259n [&hellip;]<\/p>\n","protected":false},"author":1,"featured_media":30176,"comment_status":"closed","ping_status":"closed","sticky":false,"template":"","format":"standard","meta":{"footnotes":""},"categories":[63,5],"tags":[],"class_list":{"0":"post-30175","1":"post","2":"type-post","3":"status-publish","4":"format-standard","5":"has-post-thumbnail","7":"category-manset","8":"category-knd"},"yoast_head":"<!-- This site is optimized with the Yoast SEO plugin v27.0 - https:\/\/yoast.com\/product\/yoast-seo-wordpress\/ -->\n<title>A\u011fd\u0259r\u0259 d\u0259 azadd\u0131r - U\u011frunda \u015f\u0259hid olmu\u015f h\u0259myerlimiz Zaur Qas\u0131movun da ruhu \u015fadd\u0131r - Z\u0259rdab.com<\/title>\n<meta name=\"robots\" content=\"index, follow, max-snippet:-1, max-image-preview:large, max-video-preview:-1\" \/>\n<link rel=\"canonical\" href=\"https:\/\/www.zerdab.com\/?p=30175\" \/>\n<meta property=\"og:locale\" content=\"az_AZ\" \/>\n<meta property=\"og:type\" content=\"article\" \/>\n<meta property=\"og:title\" content=\"A\u011fd\u0259r\u0259 d\u0259 azadd\u0131r - U\u011frunda \u015f\u0259hid olmu\u015f h\u0259myerlimiz Zaur Qas\u0131movun da ruhu \u015fadd\u0131r - Z\u0259rdab.com\" \/>\n<meta property=\"og:description\" content=\"Az\u0259rbaycan Ordusunun Qaraba\u011fda ke\u00e7irdiyi lokal xarakterli antiterror t\u0259dbirl\u0259ri separat\u00e7\u0131lar\u0131n t\u0259slim olmas\u0131 il\u0259 n\u0259tic\u0259l\u0259ndi. Qaraba\u011f\u0131n erm\u0259ni sakinl\u0259rinin n\u00fcmay\u0259nd\u0259l\u0259rinin Rusiya s\u00fclhm\u0259raml\u0131 kontingenti vasit\u0259sil\u0259 m\u00fcraci\u0259tini n\u0259z\u0259r\u0259 alaraq, tam at\u0259\u015fk\u0259s haqq\u0131nda raz\u0131la\u015fma \u0259ld\u0259 olunub v\u0259 2023-c\u00fc il sentyabr\u0131n 20-d\u0259 saat 13:00-da lokal xarakterli antiterror t\u0259dbirl\u0259ri dayand\u0131r\u0131l\u0131b. Zerdab.com x\u0259b\u0259r verir ki, \u0259ld\u0259 edil\u0259n raz\u0131la\u015fmaya \u0259sas\u0259n, Az\u0259rbaycan Respublikas\u0131n\u0131n Qaraba\u011f b\u00f6lg\u0259sind\u0259 yerl\u0259\u015f\u0259n [&hellip;]\" \/>\n<meta property=\"og:url\" content=\"https:\/\/www.zerdab.com\/?p=30175\" \/>\n<meta property=\"og:site_name\" content=\"Z\u0259rdab.com\" \/>\n<meta property=\"article:published_time\" content=\"2023-10-07T12:45:44+00:00\" \/>\n<meta property=\"article:modified_time\" content=\"2023-10-10T10:35:14+00:00\" \/>\n<meta property=\"og:image\" content=\"https:\/\/www.zerdab.com\/wp-content\/uploads\/2023\/10\/zaur-qasimov-yarmemmedbagi.jpg\" \/>\n\t<meta property=\"og:image:width\" content=\"1280\" \/>\n\t<meta property=\"og:image:height\" content=\"963\" \/>\n\t<meta property=\"og:image:type\" content=\"image\/jpeg\" \/>\n<meta name=\"author\" content=\"admin\" \/>\n<meta name=\"twitter:card\" content=\"summary_large_image\" \/>\n<meta name=\"twitter:label1\" content=\"Written by\" \/>\n\t<meta name=\"twitter:data1\" content=\"admin\" \/>\n\t<meta name=\"twitter:label2\" content=\"Est. reading time\" \/>\n\t<meta name=\"twitter:data2\" content=\"4 minutes\" \/>\n<script type=\"application\/ld+json\" class=\"yoast-schema-graph\">{\"@context\":\"https:\/\/schema.org\",\"@graph\":[{\"@type\":\"Article\",\"@id\":\"https:\/\/www.zerdab.com\/?p=30175#article\",\"isPartOf\":{\"@id\":\"https:\/\/www.zerdab.com\/?p=30175\"},\"author\":{\"name\":\"admin\",\"@id\":\"https:\/\/www.zerdab.com\/#\/schema\/person\/97079b7570c1e89ec0d9e138c3672136\"},\"headline\":\"A\u011fd\u0259r\u0259 d\u0259 azadd\u0131r &#8211; U\u011frunda \u015f\u0259hid olmu\u015f h\u0259myerlimiz Zaur Qas\u0131movun da ruhu \u015fadd\u0131r\",\"datePublished\":\"2023-10-07T12:45:44+00:00\",\"dateModified\":\"2023-10-10T10:35:14+00:00\",\"mainEntityOfPage\":{\"@id\":\"https:\/\/www.zerdab.com\/?p=30175\"},\"wordCount\":728,\"image\":{\"@id\":\"https:\/\/www.zerdab.com\/?p=30175#primaryimage\"},\"thumbnailUrl\":\"https:\/\/www.zerdab.com\/wp-content\/uploads\/2023\/10\/zaur-qasimov-yarmemmedbagi.jpg\",\"articleSection\":[\"MAN\u015eET\",\"X\u018fB\u018fRL\u018fR\"],\"inLanguage\":\"az\"},{\"@type\":\"WebPage\",\"@id\":\"https:\/\/www.zerdab.com\/?p=30175\",\"url\":\"https:\/\/www.zerdab.com\/?p=30175\",\"name\":\"A\u011fd\u0259r\u0259 d\u0259 azadd\u0131r - U\u011frunda \u015f\u0259hid olmu\u015f h\u0259myerlimiz Zaur Qas\u0131movun da ruhu \u015fadd\u0131r - Z\u0259rdab.com\",\"isPartOf\":{\"@id\":\"https:\/\/www.zerdab.com\/#website\"},\"primaryImageOfPage\":{\"@id\":\"https:\/\/www.zerdab.com\/?p=30175#primaryimage\"},\"image\":{\"@id\":\"https:\/\/www.zerdab.com\/?p=30175#primaryimage\"},\"thumbnailUrl\":\"https:\/\/www.zerdab.com\/wp-content\/uploads\/2023\/10\/zaur-qasimov-yarmemmedbagi.jpg\",\"datePublished\":\"2023-10-07T12:45:44+00:00\",\"dateModified\":\"2023-10-10T10:35:14+00:00\",\"author\":{\"@id\":\"https:\/\/www.zerdab.com\/#\/schema\/person\/97079b7570c1e89ec0d9e138c3672136\"},\"breadcrumb\":{\"@id\":\"https:\/\/www.zerdab.com\/?p=30175#breadcrumb\"},\"inLanguage\":\"az\",\"potentialAction\":[{\"@type\":\"ReadAction\",\"target\":[\"https:\/\/www.zerdab.com\/?p=30175\"]}]},{\"@type\":\"ImageObject\",\"inLanguage\":\"az\",\"@id\":\"https:\/\/www.zerdab.com\/?p=30175#primaryimage\",\"url\":\"https:\/\/www.zerdab.com\/wp-content\/uploads\/2023\/10\/zaur-qasimov-yarmemmedbagi.jpg\",\"contentUrl\":\"https:\/\/www.zerdab.com\/wp-content\/uploads\/2023\/10\/zaur-qasimov-yarmemmedbagi.jpg\",\"width\":1280,\"height\":963,\"caption\":\"zaur-qasimov-yarmemmedbagi\"},{\"@type\":\"BreadcrumbList\",\"@id\":\"https:\/\/www.zerdab.com\/?p=30175#breadcrumb\",\"itemListElement\":[{\"@type\":\"ListItem\",\"position\":1,\"name\":\"Home\",\"item\":\"https:\/\/www.zerdab.com\/\"},{\"@type\":\"ListItem\",\"position\":2,\"name\":\"A\u011fd\u0259r\u0259 d\u0259 azadd\u0131r &#8211; U\u011frunda \u015f\u0259hid olmu\u015f h\u0259myerlimiz Zaur Qas\u0131movun da ruhu \u015fadd\u0131r\"}]},{\"@type\":\"WebSite\",\"@id\":\"https:\/\/www.zerdab.com\/#website\",\"url\":\"https:\/\/www.zerdab.com\/\",\"name\":\"Z\u0259rdab.com\",\"description\":\"\",\"potentialAction\":[{\"@type\":\"SearchAction\",\"target\":{\"@type\":\"EntryPoint\",\"urlTemplate\":\"https:\/\/www.zerdab.com\/?s={search_term_string}\"},\"query-input\":{\"@type\":\"PropertyValueSpecification\",\"valueRequired\":true,\"valueName\":\"search_term_string\"}}],\"inLanguage\":\"az\"},{\"@type\":\"Person\",\"@id\":\"https:\/\/www.zerdab.com\/#\/schema\/person\/97079b7570c1e89ec0d9e138c3672136\",\"name\":\"admin\",\"image\":{\"@type\":\"ImageObject\",\"inLanguage\":\"az\",\"@id\":\"https:\/\/www.zerdab.com\/#\/schema\/person\/image\/\",\"url\":\"https:\/\/secure.gravatar.com\/avatar\/d9c52a9a27c32119cb6679a077fa3e2779e5f822c451cbf01098004361d466ec?s=96&d=mm&r=g\",\"contentUrl\":\"https:\/\/secure.gravatar.com\/avatar\/d9c52a9a27c32119cb6679a077fa3e2779e5f822c451cbf01098004361d466ec?s=96&d=mm&r=g\",\"caption\":\"admin\"},\"url\":\"https:\/\/www.zerdab.com\/?author=1\"}]}<\/script>\n<!-- \/ Yoast SEO plugin. -->","yoast_head_json":{"title":"A\u011fd\u0259r\u0259 d\u0259 azadd\u0131r - U\u011frunda \u015f\u0259hid olmu\u015f h\u0259myerlimiz Zaur Qas\u0131movun da ruhu \u015fadd\u0131r - Z\u0259rdab.com","robots":{"index":"index","follow":"follow","max-snippet":"max-snippet:-1","max-image-preview":"max-image-preview:large","max-video-preview":"max-video-preview:-1"},"canonical":"https:\/\/www.zerdab.com\/?p=30175","og_locale":"az_AZ","og_type":"article","og_title":"A\u011fd\u0259r\u0259 d\u0259 azadd\u0131r - U\u011frunda \u015f\u0259hid olmu\u015f h\u0259myerlimiz Zaur Qas\u0131movun da ruhu \u015fadd\u0131r - Z\u0259rdab.com","og_description":"Az\u0259rbaycan Ordusunun Qaraba\u011fda ke\u00e7irdiyi lokal xarakterli antiterror t\u0259dbirl\u0259ri separat\u00e7\u0131lar\u0131n t\u0259slim olmas\u0131 il\u0259 n\u0259tic\u0259l\u0259ndi. Qaraba\u011f\u0131n erm\u0259ni sakinl\u0259rinin n\u00fcmay\u0259nd\u0259l\u0259rinin Rusiya s\u00fclhm\u0259raml\u0131 kontingenti vasit\u0259sil\u0259 m\u00fcraci\u0259tini n\u0259z\u0259r\u0259 alaraq, tam at\u0259\u015fk\u0259s haqq\u0131nda raz\u0131la\u015fma \u0259ld\u0259 olunub v\u0259 2023-c\u00fc il sentyabr\u0131n 20-d\u0259 saat 13:00-da lokal xarakterli antiterror t\u0259dbirl\u0259ri dayand\u0131r\u0131l\u0131b. Zerdab.com x\u0259b\u0259r verir ki, \u0259ld\u0259 edil\u0259n raz\u0131la\u015fmaya \u0259sas\u0259n, Az\u0259rbaycan Respublikas\u0131n\u0131n Qaraba\u011f b\u00f6lg\u0259sind\u0259 yerl\u0259\u015f\u0259n [&hellip;]","og_url":"https:\/\/www.zerdab.com\/?p=30175","og_site_name":"Z\u0259rdab.com","article_published_time":"2023-10-07T12:45:44+00:00","article_modified_time":"2023-10-10T10:35:14+00:00","og_image":[{"width":1280,"height":963,"url":"https:\/\/www.zerdab.com\/wp-content\/uploads\/2023\/10\/zaur-qasimov-yarmemmedbagi.jpg","type":"image\/jpeg"}],"author":"admin","twitter_card":"summary_large_image","twitter_misc":{"Written by":"admin","Est. reading time":"4 minutes"},"schema":{"@context":"https:\/\/schema.org","@graph":[{"@type":"Article","@id":"https:\/\/www.zerdab.com\/?p=30175#article","isPartOf":{"@id":"https:\/\/www.zerdab.com\/?p=30175"},"author":{"name":"admin","@id":"https:\/\/www.zerdab.com\/#\/schema\/person\/97079b7570c1e89ec0d9e138c3672136"},"headline":"A\u011fd\u0259r\u0259 d\u0259 azadd\u0131r &#8211; U\u011frunda \u015f\u0259hid olmu\u015f h\u0259myerlimiz Zaur Qas\u0131movun da ruhu \u015fadd\u0131r","datePublished":"2023-10-07T12:45:44+00:00","dateModified":"2023-10-10T10:35:14+00:00","mainEntityOfPage":{"@id":"https:\/\/www.zerdab.com\/?p=30175"},"wordCount":728,"image":{"@id":"https:\/\/www.zerdab.com\/?p=30175#primaryimage"},"thumbnailUrl":"https:\/\/www.zerdab.com\/wp-content\/uploads\/2023\/10\/zaur-qasimov-yarmemmedbagi.jpg","articleSection":["MAN\u015eET","X\u018fB\u018fRL\u018fR"],"inLanguage":"az"},{"@type":"WebPage","@id":"https:\/\/www.zerdab.com\/?p=30175","url":"https:\/\/www.zerdab.com\/?p=30175","name":"A\u011fd\u0259r\u0259 d\u0259 azadd\u0131r - U\u011frunda \u015f\u0259hid olmu\u015f h\u0259myerlimiz Zaur Qas\u0131movun da ruhu \u015fadd\u0131r - Z\u0259rdab.com","isPartOf":{"@id":"https:\/\/www.zerdab.com\/#website"},"primaryImageOfPage":{"@id":"https:\/\/www.zerdab.com\/?p=30175#primaryimage"},"image":{"@id":"https:\/\/www.zerdab.com\/?p=30175#primaryimage"},"thumbnailUrl":"https:\/\/www.zerdab.com\/wp-content\/uploads\/2023\/10\/zaur-qasimov-yarmemmedbagi.jpg","datePublished":"2023-10-07T12:45:44+00:00","dateModified":"2023-10-10T10:35:14+00:00","author":{"@id":"https:\/\/www.zerdab.com\/#\/schema\/person\/97079b7570c1e89ec0d9e138c3672136"},"breadcrumb":{"@id":"https:\/\/www.zerdab.com\/?p=30175#breadcrumb"},"inLanguage":"az","potentialAction":[{"@type":"ReadAction","target":["https:\/\/www.zerdab.com\/?p=30175"]}]},{"@type":"ImageObject","inLanguage":"az","@id":"https:\/\/www.zerdab.com\/?p=30175#primaryimage","url":"https:\/\/www.zerdab.com\/wp-content\/uploads\/2023\/10\/zaur-qasimov-yarmemmedbagi.jpg","contentUrl":"https:\/\/www.zerdab.com\/wp-content\/uploads\/2023\/10\/zaur-qasimov-yarmemmedbagi.jpg","width":1280,"height":963,"caption":"zaur-qasimov-yarmemmedbagi"},{"@type":"BreadcrumbList","@id":"https:\/\/www.zerdab.com\/?p=30175#breadcrumb","itemListElement":[{"@type":"ListItem","position":1,"name":"Home","item":"https:\/\/www.zerdab.com\/"},{"@type":"ListItem","position":2,"name":"A\u011fd\u0259r\u0259 d\u0259 azadd\u0131r &#8211; U\u011frunda \u015f\u0259hid olmu\u015f h\u0259myerlimiz Zaur Qas\u0131movun da ruhu \u015fadd\u0131r"}]},{"@type":"WebSite","@id":"https:\/\/www.zerdab.com\/#website","url":"https:\/\/www.zerdab.com\/","name":"Z\u0259rdab.com","description":"","potentialAction":[{"@type":"SearchAction","target":{"@type":"EntryPoint","urlTemplate":"https:\/\/www.zerdab.com\/?s={search_term_string}"},"query-input":{"@type":"PropertyValueSpecification","valueRequired":true,"valueName":"search_term_string"}}],"inLanguage":"az"},{"@type":"Person","@id":"https:\/\/www.zerdab.com\/#\/schema\/person\/97079b7570c1e89ec0d9e138c3672136","name":"admin","image":{"@type":"ImageObject","inLanguage":"az","@id":"https:\/\/www.zerdab.com\/#\/schema\/person\/image\/","url":"https:\/\/secure.gravatar.com\/avatar\/d9c52a9a27c32119cb6679a077fa3e2779e5f822c451cbf01098004361d466ec?s=96&d=mm&r=g","contentUrl":"https:\/\/secure.gravatar.com\/avatar\/d9c52a9a27c32119cb6679a077fa3e2779e5f822c451cbf01098004361d466ec?s=96&d=mm&r=g","caption":"admin"},"url":"https:\/\/www.zerdab.com\/?author=1"}]}},"_links":{"self":[{"href":"https:\/\/www.zerdab.com\/index.php?rest_route=\/wp\/v2\/posts\/30175","targetHints":{"allow":["GET"]}}],"collection":[{"href":"https:\/\/www.zerdab.com\/index.php?rest_route=\/wp\/v2\/posts"}],"about":[{"href":"https:\/\/www.zerdab.com\/index.php?rest_route=\/wp\/v2\/types\/post"}],"author":[{"embeddable":true,"href":"https:\/\/www.zerdab.com\/index.php?rest_route=\/wp\/v2\/users\/1"}],"replies":[{"embeddable":true,"href":"https:\/\/www.zerdab.com\/index.php?rest_route=%2Fwp%2Fv2%2Fcomments&post=30175"}],"version-history":[{"count":3,"href":"https:\/\/www.zerdab.com\/index.php?rest_route=\/wp\/v2\/posts\/30175\/revisions"}],"predecessor-version":[{"id":30180,"href":"https:\/\/www.zerdab.com\/index.php?rest_route=\/wp\/v2\/posts\/30175\/revisions\/30180"}],"wp:featuredmedia":[{"embeddable":true,"href":"https:\/\/www.zerdab.com\/index.php?rest_route=\/wp\/v2\/media\/30176"}],"wp:attachment":[{"href":"https:\/\/www.zerdab.com\/index.php?rest_route=%2Fwp%2Fv2%2Fmedia&parent=30175"}],"wp:term":[{"taxonomy":"category","embeddable":true,"href":"https:\/\/www.zerdab.com\/index.php?rest_route=%2Fwp%2Fv2%2Fcategories&post=30175"},{"taxonomy":"post_tag","embeddable":true,"href":"https:\/\/www.zerdab.com\/index.php?rest_route=%2Fwp%2Fv2%2Ftags&post=30175"}],"curies":[{"name":"wp","href":"https:\/\/api.w.org\/{rel}","templated":true}]}}