{"id":30206,"date":"2023-10-11T13:58:57","date_gmt":"2023-10-11T09:58:57","guid":{"rendered":"https:\/\/www.zerdab.com\/?p=30206"},"modified":"2023-10-14T19:09:37","modified_gmt":"2023-10-14T15:09:37","slug":"z%c9%99rdabin-igid-oglu-1-ci-qarabag-muharib%c9%99si-s%c9%99hidi-bab%c9%99k-ismayilovun-anim-gunudur-fotovideo","status":"publish","type":"post","link":"https:\/\/www.zerdab.com\/?p=30206","title":{"rendered":"Z\u0259rdab\u0131n igid o\u011flu, 1-ci Qaraba\u011f m\u00fcharib\u0259si \u015f\u0259hidi Bab\u0259k \u0130smay\u0131lovun an\u0131m g\u00fcn\u00fcd\u00fcr &#8211; FOTO+V\u0130DEO"},"content":{"rendered":"<p><strong>Bu g\u00fcn Z<\/strong><strong>\u0259rdab\u0131n igid o\u011flu, birinci Qaraba\u011f m\u00fcharib\u0259si \u015f\u0259hidi Bab\u0259k \u0130smay\u0131lovun an\u0131m g\u00fcn\u00fcd\u00fcr. <\/strong><\/p>\n<p>Zerdab.com sayt\u0131 x\u0259b\u0259r verir ki, \u0130smay\u0131lov Bab\u0259k 1971-ci il sentyabr\u0131n 20-d\u0259 Z\u0259rdab rayonunun Qoruqba\u011f\u0131 k\u0259ndind\u0259 anadan olub. 1989-cu ild\u0259 Qoruqba\u011f\u0131 k\u0259nd tam orta m\u0259kt\u0259binin 9-cu sinfini bitirib.<\/p>\n<p>U\u015faq ya\u015flar\u0131ndan f\u0259rdi \u015f\u0259kild\u0259 idmanla m\u0259\u015f\u011ful olan Bab\u0259k \u0130smay\u0131lov boyu, c\u00fcss\u0259si il\u0259 h\u0259mya\u015f\u0131dlar\u0131ndan xeyli f\u0259rql\u0259nirdi.<\/p>\n<p>O, h\u00fcnd\u00fcr boyu il\u0259 u\u015faqlardan se\u00e7ildiyi kimi, \u00f6z \u00e7evik h\u0259r\u0259k\u0259tl\u0259ri il\u0259 d\u0259 diqq\u0259ti c\u0259lb edirdi. B\u0259d\u0259n t\u0259rbiy\u0259si d\u0259rsl\u0259rind\u0259, \u0259m\u0259k i\u015fl\u0259rind\u0259 x\u00fcsusi f\u0259rql\u0259nirdi, h\u0259mi\u015f\u0259 birincil\u0259r s\u0131ras\u0131nda olard\u0131.<img loading=\"lazy\" decoding=\"async\" class=\"aligncenter wp-image-30208\" src=\"http:\/\/www.zerdab.com\/wp-content\/uploads\/2023\/10\/sehid-babek-ismayilov-zerdab-qorubagi2.jpg\" alt=\"\" width=\"374\" height=\"581\" srcset=\"https:\/\/www.zerdab.com\/wp-content\/uploads\/2023\/10\/sehid-babek-ismayilov-zerdab-qorubagi2.jpg 847w, https:\/\/www.zerdab.com\/wp-content\/uploads\/2023\/10\/sehid-babek-ismayilov-zerdab-qorubagi2-400x621.jpg 400w, https:\/\/www.zerdab.com\/wp-content\/uploads\/2023\/10\/sehid-babek-ismayilov-zerdab-qorubagi2-354x550.jpg 354w, https:\/\/www.zerdab.com\/wp-content\/uploads\/2023\/10\/sehid-babek-ismayilov-zerdab-qorubagi2-768x1192.jpg 768w, https:\/\/www.zerdab.com\/wp-content\/uploads\/2023\/10\/sehid-babek-ismayilov-zerdab-qorubagi2-696x1081.jpg 696w, https:\/\/www.zerdab.com\/wp-content\/uploads\/2023\/10\/sehid-babek-ismayilov-zerdab-qorubagi2-271x420.jpg 271w\" sizes=\"auto, (max-width: 374px) 100vw, 374px\" \/><\/p>\n<p>Bab\u0259k u\u015faq ya\u015flar\u0131ndan z\u0259hm\u0259t\u0259 al\u0131\u015fm\u0131\u015fd\u0131. G\u00f6rd\u00fcy\u00fc fiziki i\u015fl\u0259r d\u0259 onun g\u00fccl\u00fc, c\u00fcss\u0259li bir g\u0259nc kimi formala\u015fmas\u0131nda x\u00fcsusi rol oynam\u0131\u015fd\u0131. O, \u00e7\u0259kdiyi z\u0259hm\u0259t, \u0259ziyy\u0259t hesab\u0131na ail\u0259sinin dolan\u0131\u015f\u0131\u011f\u0131na da k\u00f6m\u0259klik edirdi.<\/p>\n<p><img loading=\"lazy\" decoding=\"async\" class=\"aligncenter size-full wp-image-30210\" src=\"http:\/\/www.zerdab.com\/wp-content\/uploads\/2023\/10\/sehid-babek-ismayilov-zerdab-qorubagi5.jpg\" alt=\"sehid-babek-ismayilov-zerdab-qorubagi5\" width=\"1280\" height=\"960\" srcset=\"https:\/\/www.zerdab.com\/wp-content\/uploads\/2023\/10\/sehid-babek-ismayilov-zerdab-qorubagi5.jpg 1280w, https:\/\/www.zerdab.com\/wp-content\/uploads\/2023\/10\/sehid-babek-ismayilov-zerdab-qorubagi5-400x300.jpg 400w, https:\/\/www.zerdab.com\/wp-content\/uploads\/2023\/10\/sehid-babek-ismayilov-zerdab-qorubagi5-550x413.jpg 550w, https:\/\/www.zerdab.com\/wp-content\/uploads\/2023\/10\/sehid-babek-ismayilov-zerdab-qorubagi5-768x576.jpg 768w, https:\/\/www.zerdab.com\/wp-content\/uploads\/2023\/10\/sehid-babek-ismayilov-zerdab-qorubagi5-80x60.jpg 80w, https:\/\/www.zerdab.com\/wp-content\/uploads\/2023\/10\/sehid-babek-ismayilov-zerdab-qorubagi5-265x198.jpg 265w, https:\/\/www.zerdab.com\/wp-content\/uploads\/2023\/10\/sehid-babek-ismayilov-zerdab-qorubagi5-696x522.jpg 696w, https:\/\/www.zerdab.com\/wp-content\/uploads\/2023\/10\/sehid-babek-ismayilov-zerdab-qorubagi5-1068x801.jpg 1068w, https:\/\/www.zerdab.com\/wp-content\/uploads\/2023\/10\/sehid-babek-ismayilov-zerdab-qorubagi5-560x420.jpg 560w\" sizes=\"auto, (max-width: 1280px) 100vw, 1280px\" \/><\/p>\n<p>Qaraba\u011f m\u00fcharib\u0259si ba\u015flayan vaxtlarda \u2013 v\u0259t\u0259nimizin a\u011f\u0131r g\u00fcnl\u0259rind\u0259 o da k\u00f6n\u00fcll\u00fc olaraq c\u0259bh\u0259y\u0259 yolland\u0131. \u00d6z qorxmazl\u0131\u011f\u0131, q\u0259hr\u0259manl\u0131\u011f\u0131 il\u0259 c\u0259bh\u0259d\u0259 r\u0259\u011fb\u0259t qazanan Bab\u0259k \u0130smay\u0131lov 11 oktyabr 1992-ci ild\u0259 A\u011fd\u0259r\u0259 b\u00f6lg\u0259sind\u0259ki \u00c7\u0131ld\u0131ran y\u00fcks\u0259kliyi u\u011frunda ged\u0259n d\u00f6y\u00fc\u015fl\u0259rd\u0259 q\u0259hr\u0259mancas\u0131na \u015f\u0259hid oldu.<\/p>\n<p>Bab\u0259k \u0130smay\u0131lov Z\u0259rdab rayonunun Sar\u0131qaya k\u0259ndind\u0259ki \u201cSeyid Mahmud\u201d q\u0259biristanl\u0131\u011f\u0131nda d\u0259fn olunub.<\/p>\n<p>Subay idi.<img loading=\"lazy\" decoding=\"async\" class=\"aligncenter wp-image-30209\" src=\"http:\/\/www.zerdab.com\/wp-content\/uploads\/2023\/10\/sehid-babek-ismayilov-zerdab-qorubagi4.jpg\" alt=\"sehid-babek-ismayilov-zerdab-qorubagi4\" width=\"426\" height=\"568\" srcset=\"https:\/\/www.zerdab.com\/wp-content\/uploads\/2023\/10\/sehid-babek-ismayilov-zerdab-qorubagi4.jpg 960w, https:\/\/www.zerdab.com\/wp-content\/uploads\/2023\/10\/sehid-babek-ismayilov-zerdab-qorubagi4-400x533.jpg 400w, https:\/\/www.zerdab.com\/wp-content\/uploads\/2023\/10\/sehid-babek-ismayilov-zerdab-qorubagi4-413x550.jpg 413w, https:\/\/www.zerdab.com\/wp-content\/uploads\/2023\/10\/sehid-babek-ismayilov-zerdab-qorubagi4-768x1024.jpg 768w, https:\/\/www.zerdab.com\/wp-content\/uploads\/2023\/10\/sehid-babek-ismayilov-zerdab-qorubagi4-696x928.jpg 696w, https:\/\/www.zerdab.com\/wp-content\/uploads\/2023\/10\/sehid-babek-ismayilov-zerdab-qorubagi4-315x420.jpg 315w\" sizes=\"auto, (max-width: 426px) 100vw, 426px\" \/><\/p>\n<p>Az\u0259rbaycan\u0131n 44 g\u00fcnl\u00fck V\u0259t\u0259n m\u00fcharib\u0259sind\u0259 \u0259ld\u0259 etdiyi q\u0259l\u0259b\u0259 \u015f\u0259hidl\u0259rimizin d\u0259 ruhunu \u015fad etdi, Bab\u0259k v\u0259 onun kimi minl\u0259rl\u0259 q\u0259hr\u0259man\u0131n qan\u0131 yerd\u0259 qalmad\u0131.<\/p>\n<p>Allah c\u0259mi \u015f\u0259hidl\u0259rimiz\u0259 r\u0259hm\u0259t el\u0259sin, qazil\u0259rimiz\u0259 cansa\u011fl\u0131\u011f\u0131 versin.<\/p>\n<p>Qeyd ed\u0259k ki, \u015f\u0259hidin do\u011fulub boya-ba\u015fa \u00e7atd\u0131\u011f\u0131n k\u0259ndin giri\u015fin\u0259 xatir\u0259 l\u00f6vh\u0259si qoyulub.<\/p>\n<p>Xatir\u0259 l\u00f6vh\u0259sinin a\u00e7\u0131l\u0131\u015f\u0131ndan haz\u0131rlanm\u0131\u015f videonu t\u0259qdim edirik.<\/p>\n<p><strong>Nicat \u0130smay\u0131lov, Zerdab.com<\/strong><\/p>\n<div class=\"youtube-embed\" data-video_id=\"9wVQQUNecOA\"><iframe loading=\"lazy\" title=\"Z\u0259rdab\u0131n Qoruqba\u011f\u0131 k\u0259ndind\u0259 \u015f\u0259hid Bab\u0259k \u0130smay\u0131lovun xatir\u0259si bel\u0259 \u0259b\u0259dil\u0259\u015fdirildi - A\u00e7\u0131l\u0131\u015f m\u0259rasimi\" width=\"696\" height=\"392\" src=\"https:\/\/www.youtube.com\/embed\/9wVQQUNecOA?start=1512&#038;feature=oembed\" frameborder=\"0\" allow=\"accelerometer; autoplay; clipboard-write; encrypted-media; gyroscope; picture-in-picture; web-share\" allowfullscreen><\/iframe><\/div>\n","protected":false},"excerpt":{"rendered":"<p>Bu g\u00fcn Z\u0259rdab\u0131n igid o\u011flu, birinci Qaraba\u011f m\u00fcharib\u0259si \u015f\u0259hidi Bab\u0259k \u0130smay\u0131lovun an\u0131m g\u00fcn\u00fcd\u00fcr. Zerdab.com sayt\u0131 x\u0259b\u0259r verir ki, \u0130smay\u0131lov Bab\u0259k 1971-ci il sentyabr\u0131n 20-d\u0259 Z\u0259rdab rayonunun Qoruqba\u011f\u0131 k\u0259ndind\u0259 anadan olub. 1989-cu ild\u0259 Qoruqba\u011f\u0131 k\u0259nd tam orta m\u0259kt\u0259binin 9-cu sinfini bitirib. U\u015faq ya\u015flar\u0131ndan f\u0259rdi \u015f\u0259kild\u0259 idmanla m\u0259\u015f\u011ful olan Bab\u0259k \u0130smay\u0131lov boyu, c\u00fcss\u0259si il\u0259 h\u0259mya\u015f\u0131dlar\u0131ndan xeyli f\u0259rql\u0259nirdi. [&hellip;]<\/p>\n","protected":false},"author":1,"featured_media":30207,"comment_status":"closed","ping_status":"closed","sticky":false,"template":"","format":"standard","meta":{"footnotes":""},"categories":[63,5],"tags":[],"class_list":{"0":"post-30206","1":"post","2":"type-post","3":"status-publish","4":"format-standard","5":"has-post-thumbnail","7":"category-manset","8":"category-knd"},"yoast_head":"<!-- This site is optimized with the Yoast SEO plugin v27.0 - https:\/\/yoast.com\/product\/yoast-seo-wordpress\/ -->\n<title>Z\u0259rdab\u0131n igid o\u011flu, 1-ci Qaraba\u011f m\u00fcharib\u0259si \u015f\u0259hidi Bab\u0259k \u0130smay\u0131lovun an\u0131m g\u00fcn\u00fcd\u00fcr - FOTO+V\u0130DEO - Z\u0259rdab.com<\/title>\n<meta name=\"robots\" content=\"index, follow, max-snippet:-1, max-image-preview:large, max-video-preview:-1\" \/>\n<link rel=\"canonical\" href=\"https:\/\/www.zerdab.com\/?p=30206\" \/>\n<meta property=\"og:locale\" content=\"az_AZ\" \/>\n<meta property=\"og:type\" content=\"article\" \/>\n<meta property=\"og:title\" content=\"Z\u0259rdab\u0131n igid o\u011flu, 1-ci Qaraba\u011f m\u00fcharib\u0259si \u015f\u0259hidi Bab\u0259k \u0130smay\u0131lovun an\u0131m g\u00fcn\u00fcd\u00fcr - FOTO+V\u0130DEO - Z\u0259rdab.com\" \/>\n<meta property=\"og:description\" content=\"Bu g\u00fcn Z\u0259rdab\u0131n igid o\u011flu, birinci Qaraba\u011f m\u00fcharib\u0259si \u015f\u0259hidi Bab\u0259k \u0130smay\u0131lovun an\u0131m g\u00fcn\u00fcd\u00fcr. Zerdab.com sayt\u0131 x\u0259b\u0259r verir ki, \u0130smay\u0131lov Bab\u0259k 1971-ci il sentyabr\u0131n 20-d\u0259 Z\u0259rdab rayonunun Qoruqba\u011f\u0131 k\u0259ndind\u0259 anadan olub. 1989-cu ild\u0259 Qoruqba\u011f\u0131 k\u0259nd tam orta m\u0259kt\u0259binin 9-cu sinfini bitirib. U\u015faq ya\u015flar\u0131ndan f\u0259rdi \u015f\u0259kild\u0259 idmanla m\u0259\u015f\u011ful olan Bab\u0259k \u0130smay\u0131lov boyu, c\u00fcss\u0259si il\u0259 h\u0259mya\u015f\u0131dlar\u0131ndan xeyli f\u0259rql\u0259nirdi. [&hellip;]\" \/>\n<meta property=\"og:url\" content=\"https:\/\/www.zerdab.com\/?p=30206\" \/>\n<meta property=\"og:site_name\" content=\"Z\u0259rdab.com\" \/>\n<meta property=\"article:published_time\" content=\"2023-10-11T09:58:57+00:00\" \/>\n<meta property=\"article:modified_time\" content=\"2023-10-14T15:09:37+00:00\" \/>\n<meta property=\"og:image\" content=\"https:\/\/www.zerdab.com\/wp-content\/uploads\/2023\/10\/sehid-babek-ismayilov-zerdab-qorubagi.jpg\" \/>\n\t<meta property=\"og:image:width\" content=\"960\" \/>\n\t<meta property=\"og:image:height\" content=\"1280\" \/>\n\t<meta property=\"og:image:type\" content=\"image\/jpeg\" \/>\n<meta name=\"author\" content=\"admin\" \/>\n<meta name=\"twitter:card\" content=\"summary_large_image\" \/>\n<meta name=\"twitter:label1\" content=\"Written by\" \/>\n\t<meta name=\"twitter:data1\" content=\"admin\" \/>\n\t<meta name=\"twitter:label2\" content=\"Est. reading time\" \/>\n\t<meta name=\"twitter:data2\" content=\"2 minutes\" \/>\n<script type=\"application\/ld+json\" class=\"yoast-schema-graph\">{\"@context\":\"https:\/\/schema.org\",\"@graph\":[{\"@type\":\"Article\",\"@id\":\"https:\/\/www.zerdab.com\/?p=30206#article\",\"isPartOf\":{\"@id\":\"https:\/\/www.zerdab.com\/?p=30206\"},\"author\":{\"name\":\"admin\",\"@id\":\"https:\/\/www.zerdab.com\/#\/schema\/person\/97079b7570c1e89ec0d9e138c3672136\"},\"headline\":\"Z\u0259rdab\u0131n igid o\u011flu, 1-ci Qaraba\u011f m\u00fcharib\u0259si \u015f\u0259hidi Bab\u0259k \u0130smay\u0131lovun an\u0131m g\u00fcn\u00fcd\u00fcr &#8211; FOTO+V\u0130DEO\",\"datePublished\":\"2023-10-11T09:58:57+00:00\",\"dateModified\":\"2023-10-14T15:09:37+00:00\",\"mainEntityOfPage\":{\"@id\":\"https:\/\/www.zerdab.com\/?p=30206\"},\"wordCount\":420,\"image\":{\"@id\":\"https:\/\/www.zerdab.com\/?p=30206#primaryimage\"},\"thumbnailUrl\":\"https:\/\/www.zerdab.com\/wp-content\/uploads\/2023\/10\/sehid-babek-ismayilov-zerdab-qorubagi.jpg\",\"articleSection\":[\"MAN\u015eET\",\"X\u018fB\u018fRL\u018fR\"],\"inLanguage\":\"az\"},{\"@type\":\"WebPage\",\"@id\":\"https:\/\/www.zerdab.com\/?p=30206\",\"url\":\"https:\/\/www.zerdab.com\/?p=30206\",\"name\":\"Z\u0259rdab\u0131n igid o\u011flu, 1-ci Qaraba\u011f m\u00fcharib\u0259si \u015f\u0259hidi Bab\u0259k \u0130smay\u0131lovun an\u0131m g\u00fcn\u00fcd\u00fcr - FOTO+V\u0130DEO - Z\u0259rdab.com\",\"isPartOf\":{\"@id\":\"https:\/\/www.zerdab.com\/#website\"},\"primaryImageOfPage\":{\"@id\":\"https:\/\/www.zerdab.com\/?p=30206#primaryimage\"},\"image\":{\"@id\":\"https:\/\/www.zerdab.com\/?p=30206#primaryimage\"},\"thumbnailUrl\":\"https:\/\/www.zerdab.com\/wp-content\/uploads\/2023\/10\/sehid-babek-ismayilov-zerdab-qorubagi.jpg\",\"datePublished\":\"2023-10-11T09:58:57+00:00\",\"dateModified\":\"2023-10-14T15:09:37+00:00\",\"author\":{\"@id\":\"https:\/\/www.zerdab.com\/#\/schema\/person\/97079b7570c1e89ec0d9e138c3672136\"},\"breadcrumb\":{\"@id\":\"https:\/\/www.zerdab.com\/?p=30206#breadcrumb\"},\"inLanguage\":\"az\",\"potentialAction\":[{\"@type\":\"ReadAction\",\"target\":[\"https:\/\/www.zerdab.com\/?p=30206\"]}]},{\"@type\":\"ImageObject\",\"inLanguage\":\"az\",\"@id\":\"https:\/\/www.zerdab.com\/?p=30206#primaryimage\",\"url\":\"https:\/\/www.zerdab.com\/wp-content\/uploads\/2023\/10\/sehid-babek-ismayilov-zerdab-qorubagi.jpg\",\"contentUrl\":\"https:\/\/www.zerdab.com\/wp-content\/uploads\/2023\/10\/sehid-babek-ismayilov-zerdab-qorubagi.jpg\",\"width\":960,\"height\":1280,\"caption\":\"sehid-babek-ismayilov-zerdab-qorubagi.png\"},{\"@type\":\"BreadcrumbList\",\"@id\":\"https:\/\/www.zerdab.com\/?p=30206#breadcrumb\",\"itemListElement\":[{\"@type\":\"ListItem\",\"position\":1,\"name\":\"Home\",\"item\":\"https:\/\/www.zerdab.com\/\"},{\"@type\":\"ListItem\",\"position\":2,\"name\":\"Z\u0259rdab\u0131n igid o\u011flu, 1-ci Qaraba\u011f m\u00fcharib\u0259si \u015f\u0259hidi Bab\u0259k \u0130smay\u0131lovun an\u0131m g\u00fcn\u00fcd\u00fcr &#8211; FOTO+V\u0130DEO\"}]},{\"@type\":\"WebSite\",\"@id\":\"https:\/\/www.zerdab.com\/#website\",\"url\":\"https:\/\/www.zerdab.com\/\",\"name\":\"Z\u0259rdab.com\",\"description\":\"\",\"potentialAction\":[{\"@type\":\"SearchAction\",\"target\":{\"@type\":\"EntryPoint\",\"urlTemplate\":\"https:\/\/www.zerdab.com\/?s={search_term_string}\"},\"query-input\":{\"@type\":\"PropertyValueSpecification\",\"valueRequired\":true,\"valueName\":\"search_term_string\"}}],\"inLanguage\":\"az\"},{\"@type\":\"Person\",\"@id\":\"https:\/\/www.zerdab.com\/#\/schema\/person\/97079b7570c1e89ec0d9e138c3672136\",\"name\":\"admin\",\"image\":{\"@type\":\"ImageObject\",\"inLanguage\":\"az\",\"@id\":\"https:\/\/www.zerdab.com\/#\/schema\/person\/image\/\",\"url\":\"https:\/\/secure.gravatar.com\/avatar\/d9c52a9a27c32119cb6679a077fa3e2779e5f822c451cbf01098004361d466ec?s=96&d=mm&r=g\",\"contentUrl\":\"https:\/\/secure.gravatar.com\/avatar\/d9c52a9a27c32119cb6679a077fa3e2779e5f822c451cbf01098004361d466ec?s=96&d=mm&r=g\",\"caption\":\"admin\"},\"url\":\"https:\/\/www.zerdab.com\/?author=1\"}]}<\/script>\n<!-- \/ Yoast SEO plugin. -->","yoast_head_json":{"title":"Z\u0259rdab\u0131n igid o\u011flu, 1-ci Qaraba\u011f m\u00fcharib\u0259si \u015f\u0259hidi Bab\u0259k \u0130smay\u0131lovun an\u0131m g\u00fcn\u00fcd\u00fcr - FOTO+V\u0130DEO - Z\u0259rdab.com","robots":{"index":"index","follow":"follow","max-snippet":"max-snippet:-1","max-image-preview":"max-image-preview:large","max-video-preview":"max-video-preview:-1"},"canonical":"https:\/\/www.zerdab.com\/?p=30206","og_locale":"az_AZ","og_type":"article","og_title":"Z\u0259rdab\u0131n igid o\u011flu, 1-ci Qaraba\u011f m\u00fcharib\u0259si \u015f\u0259hidi Bab\u0259k \u0130smay\u0131lovun an\u0131m g\u00fcn\u00fcd\u00fcr - FOTO+V\u0130DEO - Z\u0259rdab.com","og_description":"Bu g\u00fcn Z\u0259rdab\u0131n igid o\u011flu, birinci Qaraba\u011f m\u00fcharib\u0259si \u015f\u0259hidi Bab\u0259k \u0130smay\u0131lovun an\u0131m g\u00fcn\u00fcd\u00fcr. Zerdab.com sayt\u0131 x\u0259b\u0259r verir ki, \u0130smay\u0131lov Bab\u0259k 1971-ci il sentyabr\u0131n 20-d\u0259 Z\u0259rdab rayonunun Qoruqba\u011f\u0131 k\u0259ndind\u0259 anadan olub. 1989-cu ild\u0259 Qoruqba\u011f\u0131 k\u0259nd tam orta m\u0259kt\u0259binin 9-cu sinfini bitirib. U\u015faq ya\u015flar\u0131ndan f\u0259rdi \u015f\u0259kild\u0259 idmanla m\u0259\u015f\u011ful olan Bab\u0259k \u0130smay\u0131lov boyu, c\u00fcss\u0259si il\u0259 h\u0259mya\u015f\u0131dlar\u0131ndan xeyli f\u0259rql\u0259nirdi. [&hellip;]","og_url":"https:\/\/www.zerdab.com\/?p=30206","og_site_name":"Z\u0259rdab.com","article_published_time":"2023-10-11T09:58:57+00:00","article_modified_time":"2023-10-14T15:09:37+00:00","og_image":[{"width":960,"height":1280,"url":"https:\/\/www.zerdab.com\/wp-content\/uploads\/2023\/10\/sehid-babek-ismayilov-zerdab-qorubagi.jpg","type":"image\/jpeg"}],"author":"admin","twitter_card":"summary_large_image","twitter_misc":{"Written by":"admin","Est. reading time":"2 minutes"},"schema":{"@context":"https:\/\/schema.org","@graph":[{"@type":"Article","@id":"https:\/\/www.zerdab.com\/?p=30206#article","isPartOf":{"@id":"https:\/\/www.zerdab.com\/?p=30206"},"author":{"name":"admin","@id":"https:\/\/www.zerdab.com\/#\/schema\/person\/97079b7570c1e89ec0d9e138c3672136"},"headline":"Z\u0259rdab\u0131n igid o\u011flu, 1-ci Qaraba\u011f m\u00fcharib\u0259si \u015f\u0259hidi Bab\u0259k \u0130smay\u0131lovun an\u0131m g\u00fcn\u00fcd\u00fcr &#8211; FOTO+V\u0130DEO","datePublished":"2023-10-11T09:58:57+00:00","dateModified":"2023-10-14T15:09:37+00:00","mainEntityOfPage":{"@id":"https:\/\/www.zerdab.com\/?p=30206"},"wordCount":420,"image":{"@id":"https:\/\/www.zerdab.com\/?p=30206#primaryimage"},"thumbnailUrl":"https:\/\/www.zerdab.com\/wp-content\/uploads\/2023\/10\/sehid-babek-ismayilov-zerdab-qorubagi.jpg","articleSection":["MAN\u015eET","X\u018fB\u018fRL\u018fR"],"inLanguage":"az"},{"@type":"WebPage","@id":"https:\/\/www.zerdab.com\/?p=30206","url":"https:\/\/www.zerdab.com\/?p=30206","name":"Z\u0259rdab\u0131n igid o\u011flu, 1-ci Qaraba\u011f m\u00fcharib\u0259si \u015f\u0259hidi Bab\u0259k \u0130smay\u0131lovun an\u0131m g\u00fcn\u00fcd\u00fcr - FOTO+V\u0130DEO - Z\u0259rdab.com","isPartOf":{"@id":"https:\/\/www.zerdab.com\/#website"},"primaryImageOfPage":{"@id":"https:\/\/www.zerdab.com\/?p=30206#primaryimage"},"image":{"@id":"https:\/\/www.zerdab.com\/?p=30206#primaryimage"},"thumbnailUrl":"https:\/\/www.zerdab.com\/wp-content\/uploads\/2023\/10\/sehid-babek-ismayilov-zerdab-qorubagi.jpg","datePublished":"2023-10-11T09:58:57+00:00","dateModified":"2023-10-14T15:09:37+00:00","author":{"@id":"https:\/\/www.zerdab.com\/#\/schema\/person\/97079b7570c1e89ec0d9e138c3672136"},"breadcrumb":{"@id":"https:\/\/www.zerdab.com\/?p=30206#breadcrumb"},"inLanguage":"az","potentialAction":[{"@type":"ReadAction","target":["https:\/\/www.zerdab.com\/?p=30206"]}]},{"@type":"ImageObject","inLanguage":"az","@id":"https:\/\/www.zerdab.com\/?p=30206#primaryimage","url":"https:\/\/www.zerdab.com\/wp-content\/uploads\/2023\/10\/sehid-babek-ismayilov-zerdab-qorubagi.jpg","contentUrl":"https:\/\/www.zerdab.com\/wp-content\/uploads\/2023\/10\/sehid-babek-ismayilov-zerdab-qorubagi.jpg","width":960,"height":1280,"caption":"sehid-babek-ismayilov-zerdab-qorubagi.png"},{"@type":"BreadcrumbList","@id":"https:\/\/www.zerdab.com\/?p=30206#breadcrumb","itemListElement":[{"@type":"ListItem","position":1,"name":"Home","item":"https:\/\/www.zerdab.com\/"},{"@type":"ListItem","position":2,"name":"Z\u0259rdab\u0131n igid o\u011flu, 1-ci Qaraba\u011f m\u00fcharib\u0259si \u015f\u0259hidi Bab\u0259k \u0130smay\u0131lovun an\u0131m g\u00fcn\u00fcd\u00fcr &#8211; FOTO+V\u0130DEO"}]},{"@type":"WebSite","@id":"https:\/\/www.zerdab.com\/#website","url":"https:\/\/www.zerdab.com\/","name":"Z\u0259rdab.com","description":"","potentialAction":[{"@type":"SearchAction","target":{"@type":"EntryPoint","urlTemplate":"https:\/\/www.zerdab.com\/?s={search_term_string}"},"query-input":{"@type":"PropertyValueSpecification","valueRequired":true,"valueName":"search_term_string"}}],"inLanguage":"az"},{"@type":"Person","@id":"https:\/\/www.zerdab.com\/#\/schema\/person\/97079b7570c1e89ec0d9e138c3672136","name":"admin","image":{"@type":"ImageObject","inLanguage":"az","@id":"https:\/\/www.zerdab.com\/#\/schema\/person\/image\/","url":"https:\/\/secure.gravatar.com\/avatar\/d9c52a9a27c32119cb6679a077fa3e2779e5f822c451cbf01098004361d466ec?s=96&d=mm&r=g","contentUrl":"https:\/\/secure.gravatar.com\/avatar\/d9c52a9a27c32119cb6679a077fa3e2779e5f822c451cbf01098004361d466ec?s=96&d=mm&r=g","caption":"admin"},"url":"https:\/\/www.zerdab.com\/?author=1"}]}},"_links":{"self":[{"href":"https:\/\/www.zerdab.com\/index.php?rest_route=\/wp\/v2\/posts\/30206","targetHints":{"allow":["GET"]}}],"collection":[{"href":"https:\/\/www.zerdab.com\/index.php?rest_route=\/wp\/v2\/posts"}],"about":[{"href":"https:\/\/www.zerdab.com\/index.php?rest_route=\/wp\/v2\/types\/post"}],"author":[{"embeddable":true,"href":"https:\/\/www.zerdab.com\/index.php?rest_route=\/wp\/v2\/users\/1"}],"replies":[{"embeddable":true,"href":"https:\/\/www.zerdab.com\/index.php?rest_route=%2Fwp%2Fv2%2Fcomments&post=30206"}],"version-history":[{"count":1,"href":"https:\/\/www.zerdab.com\/index.php?rest_route=\/wp\/v2\/posts\/30206\/revisions"}],"predecessor-version":[{"id":30211,"href":"https:\/\/www.zerdab.com\/index.php?rest_route=\/wp\/v2\/posts\/30206\/revisions\/30211"}],"wp:featuredmedia":[{"embeddable":true,"href":"https:\/\/www.zerdab.com\/index.php?rest_route=\/wp\/v2\/media\/30207"}],"wp:attachment":[{"href":"https:\/\/www.zerdab.com\/index.php?rest_route=%2Fwp%2Fv2%2Fmedia&parent=30206"}],"wp:term":[{"taxonomy":"category","embeddable":true,"href":"https:\/\/www.zerdab.com\/index.php?rest_route=%2Fwp%2Fv2%2Fcategories&post=30206"},{"taxonomy":"post_tag","embeddable":true,"href":"https:\/\/www.zerdab.com\/index.php?rest_route=%2Fwp%2Fv2%2Ftags&post=30206"}],"curies":[{"name":"wp","href":"https:\/\/api.w.org\/{rel}","templated":true}]}}