{"id":30227,"date":"2023-10-14T15:45:56","date_gmt":"2023-10-14T11:45:56","guid":{"rendered":"https:\/\/www.zerdab.com\/?p=30227"},"modified":"2023-10-14T15:46:56","modified_gmt":"2023-10-14T11:46:56","slug":"hulaku-m%c9%99nb%c9%99l%c9%99rind%c9%99-adi-c%c9%99kil%c9%99n-delan-naur-70-gol-%c9%99razisinin-q%c9%99rb-hiss%c9%99si-z%c9%99rdab-torpaqlaridir","status":"publish","type":"post","link":"https:\/\/www.zerdab.com\/?p=30227","title":{"rendered":"H\u00fclak\u00fc m\u0259nb\u0259l\u0259rind\u0259 ad\u0131 \u00e7\u0259kil\u0259n Delan Naur (70 g\u00f6l) \u0259razisinin q\u0259rb hiss\u0259si Z\u0259rdab torpaqlar\u0131d\u0131r"},"content":{"rendered":"<p>\u201cZ\u0259rdab rayonu tarix boyu yerli tayfalar\u0131n m\u0259skunla\u015fd\u0131\u011f\u0131 yerl\u0259rd\u0259n olub. Tunc d\u00f6vr\u00fcnd\u0259 bu \u0259razi K\u00fcr \u00e7ay\u0131n\u0131n sahili boyu torpaqlarla birlikd\u0259 K\u00fcr &#8211; Araz m\u0259d\u0259niyy\u0259tinin da\u015f\u0131y\u0131c\u0131lar\u0131n\u0131n yurdu olub\u201d.<\/p>\n<p><strong>Zerdab.com <\/strong>sayt\u0131 x\u0259b\u0259r verir ki, bunu AMEA-n\u0131n Arxeologiya v\u0259 Etnoqrafiya \u0130nstitutunun \u0259m\u0259kda\u015f\u0131, tarix \u00fczr\u0259 f\u0259ls\u0259f\u0259 doktoru Taleh \u018fliyev bildirib.<\/p>\n<p>E. \u0259. IV \u0259srin sonlar\u0131nda \u015eimali Az\u0259rbaycan \u0259razisind\u0259 Qafqaz albanlar\u0131n\u0131n d\u00f6vl\u0259ti meydana g\u0259lir. M\u00fcasir Z\u0259rdab \u0259razisi Qafqaz Albaniyas\u0131n\u0131n t\u0259rkibind\u0259 haz\u0131rki Ucar rayonunun \u0259razisi il\u0259 birlikd\u0259 \u018fc\u0259ri vilay\u0259tin\u0259 daxil olub. \u201cAlban tarixi\u201d \u0259s\u0259rinin m\u00fc\u0259llifi, alban tarix\u00e7isi Musa Kalankaytuklu \u00f6z \u0259s\u0259rind\u0259 \u018fc\u0259ri vilay\u0259tinin \u0259kin\u00e7ilik \u00fc\u00e7\u00fcn yararl\u0131 oldu\u011funu s\u00f6yl\u0259yir v\u0259 vilay\u0259tin \u0259halisinin \u0259sas\u0259n \u0259kin\u00e7i albanlardan, qism\u0259n d\u0259 maldarlardan ibar\u0259t oldu\u011funu yaz\u0131r. M\u0259nb\u0259l\u0259rin verdiyi m\u0259lumatlardan ayd\u0131n olur ki, \u018fc\u0259ri vilay\u0259tinin maldarlar\u0131 yay aylar\u0131nda \u00f6z mal-qaras\u0131n\u0131 Lpina v\u0259 \u015e\u0259ki vilay\u0259tin\u0259 apar\u0131rd\u0131. T\u0259dqiqatlar g\u00f6st\u0259rir ki, Z\u0259rdab \u0259razisi \u018fc\u0259ri vilay\u0259tinin c\u0259nub hiss\u0259sini \u0259hat\u0259 edib. Vilay\u0259tin tarixi ad\u0131 is\u0259 m\u00fcasir Ucar toponimind\u0259 \u00f6z\u00fcn\u00fc qoruyub saxlay\u0131b. \u018frazid\u0259 qeyd\u0259 al\u0131nm\u0131\u015f k\u00fcp q\u0259birl\u0259ri bir daha buran\u0131n yerli alban \u0259halisin\u0259 m\u0259xsus oldu\u011funu g\u00f6st\u0259rir.<\/p>\n<p>Qeyd etm\u0259k laz\u0131md\u0131r ki, Z\u0259rdab \u0259razisi antik v\u0259 erkan orta \u0259srl\u0259r d\u00f6vr\u00fcn\u00fc \u0259hat\u0259 ed\u0259n Alban K\u00fcp q\u0259birl\u0259ri arxeoloji m\u0259d\u0259niyy\u0259tinin t\u0259rkib hiss\u0259sidir. Xilaf\u0259t d\u00f6vr\u00fcnd\u0259 burada ya\u015fayan albanlar \u0130slam\u0131 q\u0259bul edib v\u0259 \u0259r\u0259bl\u0259rin \u0259mirlik inzibati sistemin\u0259 uy\u011fun olaraq Az\u0259rbaycan s\u0259rh\u0259dl\u0259ri daxilind\u0259 ya\u015fay\u0131blar.<\/p>\n<p>Qeyd ed\u0259k ki, \u018fr\u0259b Xilaf\u0259ti zaman\u0131nda Az\u0259rbaycan torpaqlar\u0131n\u0131n tarixi s\u0259rh\u0259ddi \u015fimalda D\u0259rb\u0259nd ke\u00e7idi, c\u0259nubda is\u0259 H\u0259m\u0259dan &#8211; Q\u0259zvin \u0259razisi hesab olunub. \u018fr\u0259b Xilaf\u0259tinin z\u0259ifl\u0259m\u0259si n\u0259tic\u0259sind\u0259 K\u00fcrd\u0259n D\u0259rb\u0259nd\u0259 q\u0259d\u0259r olan \u0259razil\u0259rd\u0259 \u015eirvan\u015fahlar d\u00f6vl\u0259ti yaran\u0131r v\u0259 Z\u0259rdab \u0259razisi XVI \u0259srin 30-cu ill\u0259rinin sonuna kimi bu d\u00f6vl\u0259tin t\u0259rkibind\u0259 olub. H\u0259min d\u00f6vrd\u0259 \u0259razid\u0259 ayr\u0131-ayr\u0131 ya\u015fay\u0131\u015f m\u0259sk\u0259nl\u0259ri m\u00f6vcud olub. Lakin qeyd olunan d\u00f6vrd\u0259 &#8211; XI \u2013 XIII \u0259srl\u0259rd\u0259 \u0259razi S\u0259lcuq imperiyas\u0131 v\u0259 Az\u0259rbaycan Atab\u0259yl\u0259r d\u00f6vl\u0259tin\u0259 tabe edilib, XIII \u0259srin II yar\u0131s\u0131 v\u0259 XIV \u0259srd\u0259 is\u0259 H\u00fclak\u00fc v\u0259 C\u0259lairi d\u00f6vl\u0259tl\u0259rind\u0259n as\u0131l\u0131 hala d\u00fc\u015f\u00fcb. \u018frazid\u0259n Atab\u0259yl\u0259r (Eld\u0259nizl\u0259r) d\u00f6vr\u00fcn\u0259 aid mis pullar da tap\u0131l\u0131b. XIV \u0259sr H\u00fclak\u00fc m\u0259nb\u0259l\u0259rind\u0259 ad\u0131 \u00e7\u0259kil\u0259n Delan Naur (70 g\u00f6l) \u0259razisinin q\u0259rb hiss\u0259si m\u0259hz Z\u0259rdab torpaqlar\u0131d\u0131r.<\/p>\n<p><strong> Zerdab.com<\/strong><\/p>\n","protected":false},"excerpt":{"rendered":"<p>\u201cZ\u0259rdab rayonu tarix boyu yerli tayfalar\u0131n m\u0259skunla\u015fd\u0131\u011f\u0131 yerl\u0259rd\u0259n olub. Tunc d\u00f6vr\u00fcnd\u0259 bu \u0259razi K\u00fcr \u00e7ay\u0131n\u0131n sahili boyu torpaqlarla birlikd\u0259 K\u00fcr &#8211; Araz m\u0259d\u0259niyy\u0259tinin da\u015f\u0131y\u0131c\u0131lar\u0131n\u0131n yurdu olub\u201d. Zerdab.com sayt\u0131 x\u0259b\u0259r verir ki, bunu AMEA-n\u0131n Arxeologiya v\u0259 Etnoqrafiya \u0130nstitutunun \u0259m\u0259kda\u015f\u0131, tarix \u00fczr\u0259 f\u0259ls\u0259f\u0259 doktoru Taleh \u018fliyev bildirib. E. \u0259. IV \u0259srin sonlar\u0131nda \u015eimali Az\u0259rbaycan \u0259razisind\u0259 Qafqaz albanlar\u0131n\u0131n [&hellip;]<\/p>\n","protected":false},"author":1,"featured_media":30228,"comment_status":"closed","ping_status":"closed","sticky":false,"template":"","format":"standard","meta":{"footnotes":""},"categories":[63,1],"tags":[],"class_list":{"0":"post-30227","1":"post","2":"type-post","3":"status-publish","4":"format-standard","5":"has-post-thumbnail","7":"category-manset","8":"category-tarix"},"yoast_head":"<!-- This site is optimized with the Yoast SEO plugin v27.0 - https:\/\/yoast.com\/product\/yoast-seo-wordpress\/ -->\n<title>H\u00fclak\u00fc m\u0259nb\u0259l\u0259rind\u0259 ad\u0131 \u00e7\u0259kil\u0259n Delan Naur (70 g\u00f6l) \u0259razisinin q\u0259rb hiss\u0259si Z\u0259rdab torpaqlar\u0131d\u0131r - Z\u0259rdab.com<\/title>\n<meta name=\"robots\" content=\"index, follow, max-snippet:-1, max-image-preview:large, max-video-preview:-1\" \/>\n<link rel=\"canonical\" href=\"https:\/\/www.zerdab.com\/?p=30227\" \/>\n<meta property=\"og:locale\" content=\"az_AZ\" \/>\n<meta property=\"og:type\" content=\"article\" \/>\n<meta property=\"og:title\" content=\"H\u00fclak\u00fc m\u0259nb\u0259l\u0259rind\u0259 ad\u0131 \u00e7\u0259kil\u0259n Delan Naur (70 g\u00f6l) \u0259razisinin q\u0259rb hiss\u0259si Z\u0259rdab torpaqlar\u0131d\u0131r - Z\u0259rdab.com\" \/>\n<meta property=\"og:description\" content=\"\u201cZ\u0259rdab rayonu tarix boyu yerli tayfalar\u0131n m\u0259skunla\u015fd\u0131\u011f\u0131 yerl\u0259rd\u0259n olub. Tunc d\u00f6vr\u00fcnd\u0259 bu \u0259razi K\u00fcr \u00e7ay\u0131n\u0131n sahili boyu torpaqlarla birlikd\u0259 K\u00fcr &#8211; Araz m\u0259d\u0259niyy\u0259tinin da\u015f\u0131y\u0131c\u0131lar\u0131n\u0131n yurdu olub\u201d. Zerdab.com sayt\u0131 x\u0259b\u0259r verir ki, bunu AMEA-n\u0131n Arxeologiya v\u0259 Etnoqrafiya \u0130nstitutunun \u0259m\u0259kda\u015f\u0131, tarix \u00fczr\u0259 f\u0259ls\u0259f\u0259 doktoru Taleh \u018fliyev bildirib. E. \u0259. IV \u0259srin sonlar\u0131nda \u015eimali Az\u0259rbaycan \u0259razisind\u0259 Qafqaz albanlar\u0131n\u0131n [&hellip;]\" \/>\n<meta property=\"og:url\" content=\"https:\/\/www.zerdab.com\/?p=30227\" \/>\n<meta property=\"og:site_name\" content=\"Z\u0259rdab.com\" \/>\n<meta property=\"article:published_time\" content=\"2023-10-14T11:45:56+00:00\" \/>\n<meta property=\"article:modified_time\" content=\"2023-10-14T11:46:56+00:00\" \/>\n<meta property=\"og:image\" content=\"https:\/\/www.zerdab.com\/wp-content\/uploads\/2023\/10\/zerdabin-tarixi-zerdabcom.png\" \/>\n\t<meta property=\"og:image:width\" content=\"587\" \/>\n\t<meta property=\"og:image:height\" content=\"453\" \/>\n\t<meta property=\"og:image:type\" content=\"image\/png\" \/>\n<meta name=\"author\" content=\"admin\" \/>\n<meta name=\"twitter:card\" content=\"summary_large_image\" \/>\n<meta name=\"twitter:label1\" content=\"Written by\" \/>\n\t<meta name=\"twitter:data1\" content=\"admin\" \/>\n\t<meta name=\"twitter:label2\" content=\"Est. reading time\" \/>\n\t<meta name=\"twitter:data2\" content=\"3 minutes\" \/>\n<script type=\"application\/ld+json\" class=\"yoast-schema-graph\">{\"@context\":\"https:\/\/schema.org\",\"@graph\":[{\"@type\":\"Article\",\"@id\":\"https:\/\/www.zerdab.com\/?p=30227#article\",\"isPartOf\":{\"@id\":\"https:\/\/www.zerdab.com\/?p=30227\"},\"author\":{\"name\":\"admin\",\"@id\":\"https:\/\/www.zerdab.com\/#\/schema\/person\/97079b7570c1e89ec0d9e138c3672136\"},\"headline\":\"H\u00fclak\u00fc m\u0259nb\u0259l\u0259rind\u0259 ad\u0131 \u00e7\u0259kil\u0259n Delan Naur (70 g\u00f6l) \u0259razisinin q\u0259rb hiss\u0259si Z\u0259rdab torpaqlar\u0131d\u0131r\",\"datePublished\":\"2023-10-14T11:45:56+00:00\",\"dateModified\":\"2023-10-14T11:46:56+00:00\",\"mainEntityOfPage\":{\"@id\":\"https:\/\/www.zerdab.com\/?p=30227\"},\"wordCount\":536,\"image\":{\"@id\":\"https:\/\/www.zerdab.com\/?p=30227#primaryimage\"},\"thumbnailUrl\":\"https:\/\/www.zerdab.com\/wp-content\/uploads\/2023\/10\/zerdabin-tarixi-zerdabcom.png\",\"articleSection\":[\"MAN\u015eET\",\"Z\u018fRDABIN TAR\u0130X\u0130\"],\"inLanguage\":\"az\"},{\"@type\":\"WebPage\",\"@id\":\"https:\/\/www.zerdab.com\/?p=30227\",\"url\":\"https:\/\/www.zerdab.com\/?p=30227\",\"name\":\"H\u00fclak\u00fc m\u0259nb\u0259l\u0259rind\u0259 ad\u0131 \u00e7\u0259kil\u0259n Delan Naur (70 g\u00f6l) \u0259razisinin q\u0259rb hiss\u0259si Z\u0259rdab torpaqlar\u0131d\u0131r - Z\u0259rdab.com\",\"isPartOf\":{\"@id\":\"https:\/\/www.zerdab.com\/#website\"},\"primaryImageOfPage\":{\"@id\":\"https:\/\/www.zerdab.com\/?p=30227#primaryimage\"},\"image\":{\"@id\":\"https:\/\/www.zerdab.com\/?p=30227#primaryimage\"},\"thumbnailUrl\":\"https:\/\/www.zerdab.com\/wp-content\/uploads\/2023\/10\/zerdabin-tarixi-zerdabcom.png\",\"datePublished\":\"2023-10-14T11:45:56+00:00\",\"dateModified\":\"2023-10-14T11:46:56+00:00\",\"author\":{\"@id\":\"https:\/\/www.zerdab.com\/#\/schema\/person\/97079b7570c1e89ec0d9e138c3672136\"},\"breadcrumb\":{\"@id\":\"https:\/\/www.zerdab.com\/?p=30227#breadcrumb\"},\"inLanguage\":\"az\",\"potentialAction\":[{\"@type\":\"ReadAction\",\"target\":[\"https:\/\/www.zerdab.com\/?p=30227\"]}]},{\"@type\":\"ImageObject\",\"inLanguage\":\"az\",\"@id\":\"https:\/\/www.zerdab.com\/?p=30227#primaryimage\",\"url\":\"https:\/\/www.zerdab.com\/wp-content\/uploads\/2023\/10\/zerdabin-tarixi-zerdabcom.png\",\"contentUrl\":\"https:\/\/www.zerdab.com\/wp-content\/uploads\/2023\/10\/zerdabin-tarixi-zerdabcom.png\",\"width\":587,\"height\":453,\"caption\":\"zerdabin-tarixi-zerdabcom.png\"},{\"@type\":\"BreadcrumbList\",\"@id\":\"https:\/\/www.zerdab.com\/?p=30227#breadcrumb\",\"itemListElement\":[{\"@type\":\"ListItem\",\"position\":1,\"name\":\"Home\",\"item\":\"https:\/\/www.zerdab.com\/\"},{\"@type\":\"ListItem\",\"position\":2,\"name\":\"H\u00fclak\u00fc m\u0259nb\u0259l\u0259rind\u0259 ad\u0131 \u00e7\u0259kil\u0259n Delan Naur (70 g\u00f6l) \u0259razisinin q\u0259rb hiss\u0259si Z\u0259rdab torpaqlar\u0131d\u0131r\"}]},{\"@type\":\"WebSite\",\"@id\":\"https:\/\/www.zerdab.com\/#website\",\"url\":\"https:\/\/www.zerdab.com\/\",\"name\":\"Z\u0259rdab.com\",\"description\":\"\",\"potentialAction\":[{\"@type\":\"SearchAction\",\"target\":{\"@type\":\"EntryPoint\",\"urlTemplate\":\"https:\/\/www.zerdab.com\/?s={search_term_string}\"},\"query-input\":{\"@type\":\"PropertyValueSpecification\",\"valueRequired\":true,\"valueName\":\"search_term_string\"}}],\"inLanguage\":\"az\"},{\"@type\":\"Person\",\"@id\":\"https:\/\/www.zerdab.com\/#\/schema\/person\/97079b7570c1e89ec0d9e138c3672136\",\"name\":\"admin\",\"image\":{\"@type\":\"ImageObject\",\"inLanguage\":\"az\",\"@id\":\"https:\/\/www.zerdab.com\/#\/schema\/person\/image\/\",\"url\":\"https:\/\/secure.gravatar.com\/avatar\/d9c52a9a27c32119cb6679a077fa3e2779e5f822c451cbf01098004361d466ec?s=96&d=mm&r=g\",\"contentUrl\":\"https:\/\/secure.gravatar.com\/avatar\/d9c52a9a27c32119cb6679a077fa3e2779e5f822c451cbf01098004361d466ec?s=96&d=mm&r=g\",\"caption\":\"admin\"},\"url\":\"https:\/\/www.zerdab.com\/?author=1\"}]}<\/script>\n<!-- \/ Yoast SEO plugin. -->","yoast_head_json":{"title":"H\u00fclak\u00fc m\u0259nb\u0259l\u0259rind\u0259 ad\u0131 \u00e7\u0259kil\u0259n Delan Naur (70 g\u00f6l) \u0259razisinin q\u0259rb hiss\u0259si Z\u0259rdab torpaqlar\u0131d\u0131r - Z\u0259rdab.com","robots":{"index":"index","follow":"follow","max-snippet":"max-snippet:-1","max-image-preview":"max-image-preview:large","max-video-preview":"max-video-preview:-1"},"canonical":"https:\/\/www.zerdab.com\/?p=30227","og_locale":"az_AZ","og_type":"article","og_title":"H\u00fclak\u00fc m\u0259nb\u0259l\u0259rind\u0259 ad\u0131 \u00e7\u0259kil\u0259n Delan Naur (70 g\u00f6l) \u0259razisinin q\u0259rb hiss\u0259si Z\u0259rdab torpaqlar\u0131d\u0131r - Z\u0259rdab.com","og_description":"\u201cZ\u0259rdab rayonu tarix boyu yerli tayfalar\u0131n m\u0259skunla\u015fd\u0131\u011f\u0131 yerl\u0259rd\u0259n olub. Tunc d\u00f6vr\u00fcnd\u0259 bu \u0259razi K\u00fcr \u00e7ay\u0131n\u0131n sahili boyu torpaqlarla birlikd\u0259 K\u00fcr &#8211; Araz m\u0259d\u0259niyy\u0259tinin da\u015f\u0131y\u0131c\u0131lar\u0131n\u0131n yurdu olub\u201d. Zerdab.com sayt\u0131 x\u0259b\u0259r verir ki, bunu AMEA-n\u0131n Arxeologiya v\u0259 Etnoqrafiya \u0130nstitutunun \u0259m\u0259kda\u015f\u0131, tarix \u00fczr\u0259 f\u0259ls\u0259f\u0259 doktoru Taleh \u018fliyev bildirib. E. \u0259. IV \u0259srin sonlar\u0131nda \u015eimali Az\u0259rbaycan \u0259razisind\u0259 Qafqaz albanlar\u0131n\u0131n [&hellip;]","og_url":"https:\/\/www.zerdab.com\/?p=30227","og_site_name":"Z\u0259rdab.com","article_published_time":"2023-10-14T11:45:56+00:00","article_modified_time":"2023-10-14T11:46:56+00:00","og_image":[{"width":587,"height":453,"url":"https:\/\/www.zerdab.com\/wp-content\/uploads\/2023\/10\/zerdabin-tarixi-zerdabcom.png","type":"image\/png"}],"author":"admin","twitter_card":"summary_large_image","twitter_misc":{"Written by":"admin","Est. reading time":"3 minutes"},"schema":{"@context":"https:\/\/schema.org","@graph":[{"@type":"Article","@id":"https:\/\/www.zerdab.com\/?p=30227#article","isPartOf":{"@id":"https:\/\/www.zerdab.com\/?p=30227"},"author":{"name":"admin","@id":"https:\/\/www.zerdab.com\/#\/schema\/person\/97079b7570c1e89ec0d9e138c3672136"},"headline":"H\u00fclak\u00fc m\u0259nb\u0259l\u0259rind\u0259 ad\u0131 \u00e7\u0259kil\u0259n Delan Naur (70 g\u00f6l) \u0259razisinin q\u0259rb hiss\u0259si Z\u0259rdab torpaqlar\u0131d\u0131r","datePublished":"2023-10-14T11:45:56+00:00","dateModified":"2023-10-14T11:46:56+00:00","mainEntityOfPage":{"@id":"https:\/\/www.zerdab.com\/?p=30227"},"wordCount":536,"image":{"@id":"https:\/\/www.zerdab.com\/?p=30227#primaryimage"},"thumbnailUrl":"https:\/\/www.zerdab.com\/wp-content\/uploads\/2023\/10\/zerdabin-tarixi-zerdabcom.png","articleSection":["MAN\u015eET","Z\u018fRDABIN TAR\u0130X\u0130"],"inLanguage":"az"},{"@type":"WebPage","@id":"https:\/\/www.zerdab.com\/?p=30227","url":"https:\/\/www.zerdab.com\/?p=30227","name":"H\u00fclak\u00fc m\u0259nb\u0259l\u0259rind\u0259 ad\u0131 \u00e7\u0259kil\u0259n Delan Naur (70 g\u00f6l) \u0259razisinin q\u0259rb hiss\u0259si Z\u0259rdab torpaqlar\u0131d\u0131r - Z\u0259rdab.com","isPartOf":{"@id":"https:\/\/www.zerdab.com\/#website"},"primaryImageOfPage":{"@id":"https:\/\/www.zerdab.com\/?p=30227#primaryimage"},"image":{"@id":"https:\/\/www.zerdab.com\/?p=30227#primaryimage"},"thumbnailUrl":"https:\/\/www.zerdab.com\/wp-content\/uploads\/2023\/10\/zerdabin-tarixi-zerdabcom.png","datePublished":"2023-10-14T11:45:56+00:00","dateModified":"2023-10-14T11:46:56+00:00","author":{"@id":"https:\/\/www.zerdab.com\/#\/schema\/person\/97079b7570c1e89ec0d9e138c3672136"},"breadcrumb":{"@id":"https:\/\/www.zerdab.com\/?p=30227#breadcrumb"},"inLanguage":"az","potentialAction":[{"@type":"ReadAction","target":["https:\/\/www.zerdab.com\/?p=30227"]}]},{"@type":"ImageObject","inLanguage":"az","@id":"https:\/\/www.zerdab.com\/?p=30227#primaryimage","url":"https:\/\/www.zerdab.com\/wp-content\/uploads\/2023\/10\/zerdabin-tarixi-zerdabcom.png","contentUrl":"https:\/\/www.zerdab.com\/wp-content\/uploads\/2023\/10\/zerdabin-tarixi-zerdabcom.png","width":587,"height":453,"caption":"zerdabin-tarixi-zerdabcom.png"},{"@type":"BreadcrumbList","@id":"https:\/\/www.zerdab.com\/?p=30227#breadcrumb","itemListElement":[{"@type":"ListItem","position":1,"name":"Home","item":"https:\/\/www.zerdab.com\/"},{"@type":"ListItem","position":2,"name":"H\u00fclak\u00fc m\u0259nb\u0259l\u0259rind\u0259 ad\u0131 \u00e7\u0259kil\u0259n Delan Naur (70 g\u00f6l) \u0259razisinin q\u0259rb hiss\u0259si Z\u0259rdab torpaqlar\u0131d\u0131r"}]},{"@type":"WebSite","@id":"https:\/\/www.zerdab.com\/#website","url":"https:\/\/www.zerdab.com\/","name":"Z\u0259rdab.com","description":"","potentialAction":[{"@type":"SearchAction","target":{"@type":"EntryPoint","urlTemplate":"https:\/\/www.zerdab.com\/?s={search_term_string}"},"query-input":{"@type":"PropertyValueSpecification","valueRequired":true,"valueName":"search_term_string"}}],"inLanguage":"az"},{"@type":"Person","@id":"https:\/\/www.zerdab.com\/#\/schema\/person\/97079b7570c1e89ec0d9e138c3672136","name":"admin","image":{"@type":"ImageObject","inLanguage":"az","@id":"https:\/\/www.zerdab.com\/#\/schema\/person\/image\/","url":"https:\/\/secure.gravatar.com\/avatar\/d9c52a9a27c32119cb6679a077fa3e2779e5f822c451cbf01098004361d466ec?s=96&d=mm&r=g","contentUrl":"https:\/\/secure.gravatar.com\/avatar\/d9c52a9a27c32119cb6679a077fa3e2779e5f822c451cbf01098004361d466ec?s=96&d=mm&r=g","caption":"admin"},"url":"https:\/\/www.zerdab.com\/?author=1"}]}},"_links":{"self":[{"href":"https:\/\/www.zerdab.com\/index.php?rest_route=\/wp\/v2\/posts\/30227","targetHints":{"allow":["GET"]}}],"collection":[{"href":"https:\/\/www.zerdab.com\/index.php?rest_route=\/wp\/v2\/posts"}],"about":[{"href":"https:\/\/www.zerdab.com\/index.php?rest_route=\/wp\/v2\/types\/post"}],"author":[{"embeddable":true,"href":"https:\/\/www.zerdab.com\/index.php?rest_route=\/wp\/v2\/users\/1"}],"replies":[{"embeddable":true,"href":"https:\/\/www.zerdab.com\/index.php?rest_route=%2Fwp%2Fv2%2Fcomments&post=30227"}],"version-history":[{"count":1,"href":"https:\/\/www.zerdab.com\/index.php?rest_route=\/wp\/v2\/posts\/30227\/revisions"}],"predecessor-version":[{"id":30229,"href":"https:\/\/www.zerdab.com\/index.php?rest_route=\/wp\/v2\/posts\/30227\/revisions\/30229"}],"wp:featuredmedia":[{"embeddable":true,"href":"https:\/\/www.zerdab.com\/index.php?rest_route=\/wp\/v2\/media\/30228"}],"wp:attachment":[{"href":"https:\/\/www.zerdab.com\/index.php?rest_route=%2Fwp%2Fv2%2Fmedia&parent=30227"}],"wp:term":[{"taxonomy":"category","embeddable":true,"href":"https:\/\/www.zerdab.com\/index.php?rest_route=%2Fwp%2Fv2%2Fcategories&post=30227"},{"taxonomy":"post_tag","embeddable":true,"href":"https:\/\/www.zerdab.com\/index.php?rest_route=%2Fwp%2Fv2%2Ftags&post=30227"}],"curies":[{"name":"wp","href":"https:\/\/api.w.org\/{rel}","templated":true}]}}