{"id":30274,"date":"2023-10-30T12:55:48","date_gmt":"2023-10-30T08:55:48","guid":{"rendered":"https:\/\/www.zerdab.com\/?p=30274"},"modified":"2024-04-12T12:22:51","modified_gmt":"2024-04-12T08:22:51","slug":"esl%c9%99n-z%c9%99rdabdan-olan-is-adami-ramil-mehdiyev-istanbulda-isguzar-s%c9%99f%c9%99rd%c9%99-olub-video","status":"publish","type":"post","link":"https:\/\/www.zerdab.com\/?p=30274","title":{"rendered":"\u018fsl\u0259n Z\u0259rdabdan olan ictimai f\u0259al Ramil Mehdiyev \u0130stanbulda i\u015fg\u00fczar s\u0259f\u0259rd\u0259 olub &#8211; V\u0130DEO"},"content":{"rendered":"<p><strong>Az\u0259rbaycan\u0131n \u201cELECTR\u0130K HOUSE\u201d MMC-nin h\u00fcquq\u015f\u00fcnas\u0131, ictimai f\u0259al <a href=\"https:\/\/www.facebook.com\/mehdiev.ramil\">Ramil Mehdiyev<\/a>\u00a0T\u00fcrkiy\u0259nin \u0130stanbul \u015f\u0259h\u0259rind\u0259 i\u015fg\u00fczar s\u0259f\u0259rd\u0259 olub.<\/strong><\/p>\n<p><strong>Zerdab.com<\/strong> sayt\u0131 x\u0259b\u0259r verir ki, s\u0259f\u0259rin T\u00fcrkiy\u0259 C\u00fcmhuriyy\u0259tinin yaranmas\u0131n\u0131n 100 illiyi \u0259r\u0259f\u0259sin\u0259 t\u0259sad\u00fcf etm\u0259si ke\u00e7iril\u0259n g\u00f6r\u00fc\u015fl\u0259r\u0259 bayram ovqat\u0131 qat\u0131b.<\/p>\n<p>Oktyabr\u0131n 29-da \u201cELECTR\u0130K HOUSE\u201d MMC-nin h\u00fcquq\u015f\u00fcnas\u0131, ictimai f\u0259al Ramil Mehdiyev T\u00fcrkiy\u0259nin \u201cDreimann Ayd\u0131ntlama Sanayi v\u0259 Ticaret Anonum\u00a0 \u015eirk\u0259ti\u201dnin direktoru M\u00fcr\u015fit Erginol b\u0259yl\u0259 \u015firk\u0259tin ofisind\u0259 g\u00f6r\u00fc\u015f\u0259r\u0259k \u0259m\u0259kda\u015fl\u0131q m\u00fcqavil\u0259si imzalay\u0131blar.<\/p>\n<p>Ramil Mehdiyev bildirib ki, t\u0259r\u0259fda\u015fl\u0131q \u00fc\u00e7\u00fcn t\u00fcrk \u015firk\u0259tinin se\u00e7ilm\u0259si t\u0259sad\u00fcf deyil: \u201cT\u00fcrkiy\u0259 v\u0259 Az\u0259rbaycan h\u0259r sah\u0259d\u0259 qarda\u015fl\u0131q v\u0259 \u0259m\u0259kda\u015fl\u0131q etdiyi kimi ticar\u0259t sah\u0259sind\u0259 d\u0259 bu \u0259n\u0259n\u0259ni ya\u015fad\u0131r. H\u0259r iki qarda\u015f \u00f6lk\u0259nin prezidentl\u0259ri \u0130lham \u018fliyev v\u0259 R\u0259c\u0259b Tayyib \u018frdo\u011fan sahibkarlar \u00fc\u00e7\u00fcn m\u00fcnbit \u015f\u0259rait yarad\u0131blar. Biz d\u0259 d\u00f6vl\u0259tl\u0259rimiz t\u0259r\u0259find\u0259n yarad\u0131lm\u0131\u015f bu m\u00fcnbit \u015f\u0259raitd\u0259n ruhlanaraq ticar\u0259t \u0259laq\u0259l\u0259rimizi geni\u015fl\u0259ndiririk v\u0259 bug\u00fcnk\u00fc imzalanan \u0259m\u0259kda\u015fl\u0131q m\u00fcqavil\u0259miz d\u0259 bir daha bunun s\u00fcbutudur\u201d.<\/p>\n<div class=\"panel-body news_text\">\n<p>M\u00fcr\u015fit Erginol da Ramil Mehdiyevl\u0259 h\u0259mfikir oldu\u011funu bildir\u0259r\u0259k bu bayram g\u00fcn\u00fcnd\u0259 imzalanan m\u00fcqavil\u0259nin d\u00fc\u015f\u0259rli v\u0259 u\u011furlu olmas\u0131na \u00fcmid etdiyini vur\u011fulay\u0131b.<\/p>\n<p>Bayram \u0259hval-ruhiyy\u0259li t\u0259dbirin sonunda xatir\u0259 \u015f\u0259kill\u0259ri \u00e7\u0259kdirilib.<\/p>\n<p>Qeyd ed\u0259k ki, bu i\u015fg\u00fczar s\u0259f\u0259rin yaratd\u0131\u011f\u0131 f\u00fcrs\u0259td\u0259n yararlanan sahibkar Ramil Mehdiyev T\u00fcrkiy\u0259d\u0259 m\u00fcalic\u0259 olunan qazil\u0259rimizi d\u0259 ziyar\u0259t ed\u0259r\u0259k onlarla birlikd\u0259 T\u00fcrkiy\u0259 C\u00fcmhuriyy\u0259tinin yubiley t\u0259dbirl\u0259rin\u0259 d\u0259 qo\u015fulub.<\/p>\n<p><iframe loading=\"lazy\" src=\"https:\/\/qafqazinfo.bax.tv\/embed\/186857.html\" width=\"100%\" height=\"480\" frameborder=\"0\" scrolling=\"no\" allowfullscreen=\"allowfullscreen\" data-mce-fragment=\"1\"><\/iframe><\/p>\n<div><\/div>\n<div><img decoding=\"async\" class=\"img-responsive\" title=\"\" src=\"https:\/\/qafqazinfo.az\/uploads\/1698653235\/ramil.jpg\" alt=\"\" \/><br \/>\n<img decoding=\"async\" class=\"img-responsive\" title=\"\" src=\"https:\/\/qafqazinfo.az\/uploads\/1698648288\/WhatsApp_Image_2023-10-30_at_10.44.12.jpeg\" alt=\"\" \/><br \/>\n<img decoding=\"async\" class=\"img-responsive\" title=\"\" src=\"https:\/\/qafqazinfo.az\/uploads\/1698648288\/WhatsApp_Image_2023-10-30_at_10.44.12__1_.jpeg\" alt=\"\" \/><\/div>\n<div><\/div>\n<\/div>\n<div class=\"social-buttons\"><\/div>\n","protected":false},"excerpt":{"rendered":"<p>Az\u0259rbaycan\u0131n \u201cELECTR\u0130K HOUSE\u201d MMC-nin h\u00fcquq\u015f\u00fcnas\u0131, ictimai f\u0259al Ramil Mehdiyev\u00a0T\u00fcrkiy\u0259nin \u0130stanbul \u015f\u0259h\u0259rind\u0259 i\u015fg\u00fczar s\u0259f\u0259rd\u0259 olub. Zerdab.com sayt\u0131 x\u0259b\u0259r verir ki, s\u0259f\u0259rin T\u00fcrkiy\u0259 C\u00fcmhuriyy\u0259tinin yaranmas\u0131n\u0131n 100 illiyi \u0259r\u0259f\u0259sin\u0259 t\u0259sad\u00fcf etm\u0259si ke\u00e7iril\u0259n g\u00f6r\u00fc\u015fl\u0259r\u0259 bayram ovqat\u0131 qat\u0131b. Oktyabr\u0131n 29-da \u201cELECTR\u0130K HOUSE\u201d MMC-nin h\u00fcquq\u015f\u00fcnas\u0131, ictimai f\u0259al Ramil Mehdiyev T\u00fcrkiy\u0259nin \u201cDreimann Ayd\u0131ntlama Sanayi v\u0259 Ticaret Anonum\u00a0 \u015eirk\u0259ti\u201dnin direktoru M\u00fcr\u015fit Erginol b\u0259yl\u0259 [&hellip;]<\/p>\n","protected":false},"author":1,"featured_media":30275,"comment_status":"closed","ping_status":"closed","sticky":false,"template":"","format":"standard","meta":{"footnotes":""},"categories":[63,5],"tags":[],"class_list":{"0":"post-30274","1":"post","2":"type-post","3":"status-publish","4":"format-standard","5":"has-post-thumbnail","7":"category-manset","8":"category-knd"},"yoast_head":"<!-- This site is optimized with the Yoast SEO plugin v27.0 - https:\/\/yoast.com\/product\/yoast-seo-wordpress\/ -->\n<title>\u018fsl\u0259n Z\u0259rdabdan olan ictimai f\u0259al Ramil Mehdiyev \u0130stanbulda i\u015fg\u00fczar s\u0259f\u0259rd\u0259 olub - V\u0130DEO - Z\u0259rdab.com<\/title>\n<meta name=\"robots\" content=\"index, follow, max-snippet:-1, max-image-preview:large, max-video-preview:-1\" \/>\n<link rel=\"canonical\" href=\"https:\/\/www.zerdab.com\/?p=30274\" \/>\n<meta property=\"og:locale\" content=\"az_AZ\" \/>\n<meta property=\"og:type\" content=\"article\" \/>\n<meta property=\"og:title\" content=\"\u018fsl\u0259n Z\u0259rdabdan olan ictimai f\u0259al Ramil Mehdiyev \u0130stanbulda i\u015fg\u00fczar s\u0259f\u0259rd\u0259 olub - V\u0130DEO - Z\u0259rdab.com\" \/>\n<meta property=\"og:description\" content=\"Az\u0259rbaycan\u0131n \u201cELECTR\u0130K HOUSE\u201d MMC-nin h\u00fcquq\u015f\u00fcnas\u0131, ictimai f\u0259al Ramil Mehdiyev\u00a0T\u00fcrkiy\u0259nin \u0130stanbul \u015f\u0259h\u0259rind\u0259 i\u015fg\u00fczar s\u0259f\u0259rd\u0259 olub. Zerdab.com sayt\u0131 x\u0259b\u0259r verir ki, s\u0259f\u0259rin T\u00fcrkiy\u0259 C\u00fcmhuriyy\u0259tinin yaranmas\u0131n\u0131n 100 illiyi \u0259r\u0259f\u0259sin\u0259 t\u0259sad\u00fcf etm\u0259si ke\u00e7iril\u0259n g\u00f6r\u00fc\u015fl\u0259r\u0259 bayram ovqat\u0131 qat\u0131b. Oktyabr\u0131n 29-da \u201cELECTR\u0130K HOUSE\u201d MMC-nin h\u00fcquq\u015f\u00fcnas\u0131, ictimai f\u0259al Ramil Mehdiyev T\u00fcrkiy\u0259nin \u201cDreimann Ayd\u0131ntlama Sanayi v\u0259 Ticaret Anonum\u00a0 \u015eirk\u0259ti\u201dnin direktoru M\u00fcr\u015fit Erginol b\u0259yl\u0259 [&hellip;]\" \/>\n<meta property=\"og:url\" content=\"https:\/\/www.zerdab.com\/?p=30274\" \/>\n<meta property=\"og:site_name\" content=\"Z\u0259rdab.com\" \/>\n<meta property=\"article:published_time\" content=\"2023-10-30T08:55:48+00:00\" \/>\n<meta property=\"article:modified_time\" content=\"2024-04-12T08:22:51+00:00\" \/>\n<meta property=\"og:image\" content=\"http:\/\/www.zerdab.com\/wp-content\/uploads\/2023\/10\/ramil-mehdiyev-is-adami.jpg\" \/>\n\t<meta property=\"og:image:width\" content=\"1280\" \/>\n\t<meta property=\"og:image:height\" content=\"850\" \/>\n\t<meta property=\"og:image:type\" content=\"image\/jpeg\" \/>\n<meta name=\"author\" content=\"admin\" \/>\n<meta name=\"twitter:card\" content=\"summary_large_image\" \/>\n<meta name=\"twitter:label1\" content=\"Written by\" \/>\n\t<meta name=\"twitter:data1\" content=\"admin\" \/>\n\t<meta name=\"twitter:label2\" content=\"Est. reading time\" \/>\n\t<meta name=\"twitter:data2\" content=\"2 minutes\" \/>\n<script type=\"application\/ld+json\" class=\"yoast-schema-graph\">{\"@context\":\"https:\/\/schema.org\",\"@graph\":[{\"@type\":\"Article\",\"@id\":\"https:\/\/www.zerdab.com\/?p=30274#article\",\"isPartOf\":{\"@id\":\"https:\/\/www.zerdab.com\/?p=30274\"},\"author\":{\"name\":\"admin\",\"@id\":\"https:\/\/www.zerdab.com\/#\/schema\/person\/97079b7570c1e89ec0d9e138c3672136\"},\"headline\":\"\u018fsl\u0259n Z\u0259rdabdan olan ictimai f\u0259al Ramil Mehdiyev \u0130stanbulda i\u015fg\u00fczar s\u0259f\u0259rd\u0259 olub &#8211; V\u0130DEO\",\"datePublished\":\"2023-10-30T08:55:48+00:00\",\"dateModified\":\"2024-04-12T08:22:51+00:00\",\"mainEntityOfPage\":{\"@id\":\"https:\/\/www.zerdab.com\/?p=30274\"},\"wordCount\":351,\"image\":{\"@id\":\"https:\/\/www.zerdab.com\/?p=30274#primaryimage\"},\"thumbnailUrl\":\"https:\/\/www.zerdab.com\/wp-content\/uploads\/2023\/10\/ramil-mehdiyev-is-adami.jpg\",\"articleSection\":[\"MAN\u015eET\",\"X\u018fB\u018fRL\u018fR\"],\"inLanguage\":\"az\"},{\"@type\":\"WebPage\",\"@id\":\"https:\/\/www.zerdab.com\/?p=30274\",\"url\":\"https:\/\/www.zerdab.com\/?p=30274\",\"name\":\"\u018fsl\u0259n Z\u0259rdabdan olan ictimai f\u0259al Ramil Mehdiyev \u0130stanbulda i\u015fg\u00fczar s\u0259f\u0259rd\u0259 olub - V\u0130DEO - Z\u0259rdab.com\",\"isPartOf\":{\"@id\":\"https:\/\/www.zerdab.com\/#website\"},\"primaryImageOfPage\":{\"@id\":\"https:\/\/www.zerdab.com\/?p=30274#primaryimage\"},\"image\":{\"@id\":\"https:\/\/www.zerdab.com\/?p=30274#primaryimage\"},\"thumbnailUrl\":\"https:\/\/www.zerdab.com\/wp-content\/uploads\/2023\/10\/ramil-mehdiyev-is-adami.jpg\",\"datePublished\":\"2023-10-30T08:55:48+00:00\",\"dateModified\":\"2024-04-12T08:22:51+00:00\",\"author\":{\"@id\":\"https:\/\/www.zerdab.com\/#\/schema\/person\/97079b7570c1e89ec0d9e138c3672136\"},\"breadcrumb\":{\"@id\":\"https:\/\/www.zerdab.com\/?p=30274#breadcrumb\"},\"inLanguage\":\"az\",\"potentialAction\":[{\"@type\":\"ReadAction\",\"target\":[\"https:\/\/www.zerdab.com\/?p=30274\"]}]},{\"@type\":\"ImageObject\",\"inLanguage\":\"az\",\"@id\":\"https:\/\/www.zerdab.com\/?p=30274#primaryimage\",\"url\":\"https:\/\/www.zerdab.com\/wp-content\/uploads\/2023\/10\/ramil-mehdiyev-is-adami.jpg\",\"contentUrl\":\"https:\/\/www.zerdab.com\/wp-content\/uploads\/2023\/10\/ramil-mehdiyev-is-adami.jpg\",\"width\":1280,\"height\":850,\"caption\":\"ramil-mehdiyev-is-adami.png\"},{\"@type\":\"BreadcrumbList\",\"@id\":\"https:\/\/www.zerdab.com\/?p=30274#breadcrumb\",\"itemListElement\":[{\"@type\":\"ListItem\",\"position\":1,\"name\":\"Home\",\"item\":\"https:\/\/www.zerdab.com\/\"},{\"@type\":\"ListItem\",\"position\":2,\"name\":\"\u018fsl\u0259n Z\u0259rdabdan olan ictimai f\u0259al Ramil Mehdiyev \u0130stanbulda i\u015fg\u00fczar s\u0259f\u0259rd\u0259 olub &#8211; V\u0130DEO\"}]},{\"@type\":\"WebSite\",\"@id\":\"https:\/\/www.zerdab.com\/#website\",\"url\":\"https:\/\/www.zerdab.com\/\",\"name\":\"Z\u0259rdab.com\",\"description\":\"\",\"potentialAction\":[{\"@type\":\"SearchAction\",\"target\":{\"@type\":\"EntryPoint\",\"urlTemplate\":\"https:\/\/www.zerdab.com\/?s={search_term_string}\"},\"query-input\":{\"@type\":\"PropertyValueSpecification\",\"valueRequired\":true,\"valueName\":\"search_term_string\"}}],\"inLanguage\":\"az\"},{\"@type\":\"Person\",\"@id\":\"https:\/\/www.zerdab.com\/#\/schema\/person\/97079b7570c1e89ec0d9e138c3672136\",\"name\":\"admin\",\"image\":{\"@type\":\"ImageObject\",\"inLanguage\":\"az\",\"@id\":\"https:\/\/www.zerdab.com\/#\/schema\/person\/image\/\",\"url\":\"https:\/\/secure.gravatar.com\/avatar\/d9c52a9a27c32119cb6679a077fa3e2779e5f822c451cbf01098004361d466ec?s=96&d=mm&r=g\",\"contentUrl\":\"https:\/\/secure.gravatar.com\/avatar\/d9c52a9a27c32119cb6679a077fa3e2779e5f822c451cbf01098004361d466ec?s=96&d=mm&r=g\",\"caption\":\"admin\"},\"url\":\"https:\/\/www.zerdab.com\/?author=1\"}]}<\/script>\n<!-- \/ Yoast SEO plugin. -->","yoast_head_json":{"title":"\u018fsl\u0259n Z\u0259rdabdan olan ictimai f\u0259al Ramil Mehdiyev \u0130stanbulda i\u015fg\u00fczar s\u0259f\u0259rd\u0259 olub - V\u0130DEO - Z\u0259rdab.com","robots":{"index":"index","follow":"follow","max-snippet":"max-snippet:-1","max-image-preview":"max-image-preview:large","max-video-preview":"max-video-preview:-1"},"canonical":"https:\/\/www.zerdab.com\/?p=30274","og_locale":"az_AZ","og_type":"article","og_title":"\u018fsl\u0259n Z\u0259rdabdan olan ictimai f\u0259al Ramil Mehdiyev \u0130stanbulda i\u015fg\u00fczar s\u0259f\u0259rd\u0259 olub - V\u0130DEO - Z\u0259rdab.com","og_description":"Az\u0259rbaycan\u0131n \u201cELECTR\u0130K HOUSE\u201d MMC-nin h\u00fcquq\u015f\u00fcnas\u0131, ictimai f\u0259al Ramil Mehdiyev\u00a0T\u00fcrkiy\u0259nin \u0130stanbul \u015f\u0259h\u0259rind\u0259 i\u015fg\u00fczar s\u0259f\u0259rd\u0259 olub. Zerdab.com sayt\u0131 x\u0259b\u0259r verir ki, s\u0259f\u0259rin T\u00fcrkiy\u0259 C\u00fcmhuriyy\u0259tinin yaranmas\u0131n\u0131n 100 illiyi \u0259r\u0259f\u0259sin\u0259 t\u0259sad\u00fcf etm\u0259si ke\u00e7iril\u0259n g\u00f6r\u00fc\u015fl\u0259r\u0259 bayram ovqat\u0131 qat\u0131b. Oktyabr\u0131n 29-da \u201cELECTR\u0130K HOUSE\u201d MMC-nin h\u00fcquq\u015f\u00fcnas\u0131, ictimai f\u0259al Ramil Mehdiyev T\u00fcrkiy\u0259nin \u201cDreimann Ayd\u0131ntlama Sanayi v\u0259 Ticaret Anonum\u00a0 \u015eirk\u0259ti\u201dnin direktoru M\u00fcr\u015fit Erginol b\u0259yl\u0259 [&hellip;]","og_url":"https:\/\/www.zerdab.com\/?p=30274","og_site_name":"Z\u0259rdab.com","article_published_time":"2023-10-30T08:55:48+00:00","article_modified_time":"2024-04-12T08:22:51+00:00","og_image":[{"width":1280,"height":850,"url":"http:\/\/www.zerdab.com\/wp-content\/uploads\/2023\/10\/ramil-mehdiyev-is-adami.jpg","type":"image\/jpeg"}],"author":"admin","twitter_card":"summary_large_image","twitter_misc":{"Written by":"admin","Est. reading time":"2 minutes"},"schema":{"@context":"https:\/\/schema.org","@graph":[{"@type":"Article","@id":"https:\/\/www.zerdab.com\/?p=30274#article","isPartOf":{"@id":"https:\/\/www.zerdab.com\/?p=30274"},"author":{"name":"admin","@id":"https:\/\/www.zerdab.com\/#\/schema\/person\/97079b7570c1e89ec0d9e138c3672136"},"headline":"\u018fsl\u0259n Z\u0259rdabdan olan ictimai f\u0259al Ramil Mehdiyev \u0130stanbulda i\u015fg\u00fczar s\u0259f\u0259rd\u0259 olub &#8211; V\u0130DEO","datePublished":"2023-10-30T08:55:48+00:00","dateModified":"2024-04-12T08:22:51+00:00","mainEntityOfPage":{"@id":"https:\/\/www.zerdab.com\/?p=30274"},"wordCount":351,"image":{"@id":"https:\/\/www.zerdab.com\/?p=30274#primaryimage"},"thumbnailUrl":"https:\/\/www.zerdab.com\/wp-content\/uploads\/2023\/10\/ramil-mehdiyev-is-adami.jpg","articleSection":["MAN\u015eET","X\u018fB\u018fRL\u018fR"],"inLanguage":"az"},{"@type":"WebPage","@id":"https:\/\/www.zerdab.com\/?p=30274","url":"https:\/\/www.zerdab.com\/?p=30274","name":"\u018fsl\u0259n Z\u0259rdabdan olan ictimai f\u0259al Ramil Mehdiyev \u0130stanbulda i\u015fg\u00fczar s\u0259f\u0259rd\u0259 olub - V\u0130DEO - Z\u0259rdab.com","isPartOf":{"@id":"https:\/\/www.zerdab.com\/#website"},"primaryImageOfPage":{"@id":"https:\/\/www.zerdab.com\/?p=30274#primaryimage"},"image":{"@id":"https:\/\/www.zerdab.com\/?p=30274#primaryimage"},"thumbnailUrl":"https:\/\/www.zerdab.com\/wp-content\/uploads\/2023\/10\/ramil-mehdiyev-is-adami.jpg","datePublished":"2023-10-30T08:55:48+00:00","dateModified":"2024-04-12T08:22:51+00:00","author":{"@id":"https:\/\/www.zerdab.com\/#\/schema\/person\/97079b7570c1e89ec0d9e138c3672136"},"breadcrumb":{"@id":"https:\/\/www.zerdab.com\/?p=30274#breadcrumb"},"inLanguage":"az","potentialAction":[{"@type":"ReadAction","target":["https:\/\/www.zerdab.com\/?p=30274"]}]},{"@type":"ImageObject","inLanguage":"az","@id":"https:\/\/www.zerdab.com\/?p=30274#primaryimage","url":"https:\/\/www.zerdab.com\/wp-content\/uploads\/2023\/10\/ramil-mehdiyev-is-adami.jpg","contentUrl":"https:\/\/www.zerdab.com\/wp-content\/uploads\/2023\/10\/ramil-mehdiyev-is-adami.jpg","width":1280,"height":850,"caption":"ramil-mehdiyev-is-adami.png"},{"@type":"BreadcrumbList","@id":"https:\/\/www.zerdab.com\/?p=30274#breadcrumb","itemListElement":[{"@type":"ListItem","position":1,"name":"Home","item":"https:\/\/www.zerdab.com\/"},{"@type":"ListItem","position":2,"name":"\u018fsl\u0259n Z\u0259rdabdan olan ictimai f\u0259al Ramil Mehdiyev \u0130stanbulda i\u015fg\u00fczar s\u0259f\u0259rd\u0259 olub &#8211; V\u0130DEO"}]},{"@type":"WebSite","@id":"https:\/\/www.zerdab.com\/#website","url":"https:\/\/www.zerdab.com\/","name":"Z\u0259rdab.com","description":"","potentialAction":[{"@type":"SearchAction","target":{"@type":"EntryPoint","urlTemplate":"https:\/\/www.zerdab.com\/?s={search_term_string}"},"query-input":{"@type":"PropertyValueSpecification","valueRequired":true,"valueName":"search_term_string"}}],"inLanguage":"az"},{"@type":"Person","@id":"https:\/\/www.zerdab.com\/#\/schema\/person\/97079b7570c1e89ec0d9e138c3672136","name":"admin","image":{"@type":"ImageObject","inLanguage":"az","@id":"https:\/\/www.zerdab.com\/#\/schema\/person\/image\/","url":"https:\/\/secure.gravatar.com\/avatar\/d9c52a9a27c32119cb6679a077fa3e2779e5f822c451cbf01098004361d466ec?s=96&d=mm&r=g","contentUrl":"https:\/\/secure.gravatar.com\/avatar\/d9c52a9a27c32119cb6679a077fa3e2779e5f822c451cbf01098004361d466ec?s=96&d=mm&r=g","caption":"admin"},"url":"https:\/\/www.zerdab.com\/?author=1"}]}},"_links":{"self":[{"href":"https:\/\/www.zerdab.com\/index.php?rest_route=\/wp\/v2\/posts\/30274","targetHints":{"allow":["GET"]}}],"collection":[{"href":"https:\/\/www.zerdab.com\/index.php?rest_route=\/wp\/v2\/posts"}],"about":[{"href":"https:\/\/www.zerdab.com\/index.php?rest_route=\/wp\/v2\/types\/post"}],"author":[{"embeddable":true,"href":"https:\/\/www.zerdab.com\/index.php?rest_route=\/wp\/v2\/users\/1"}],"replies":[{"embeddable":true,"href":"https:\/\/www.zerdab.com\/index.php?rest_route=%2Fwp%2Fv2%2Fcomments&post=30274"}],"version-history":[{"count":4,"href":"https:\/\/www.zerdab.com\/index.php?rest_route=\/wp\/v2\/posts\/30274\/revisions"}],"predecessor-version":[{"id":30905,"href":"https:\/\/www.zerdab.com\/index.php?rest_route=\/wp\/v2\/posts\/30274\/revisions\/30905"}],"wp:featuredmedia":[{"embeddable":true,"href":"https:\/\/www.zerdab.com\/index.php?rest_route=\/wp\/v2\/media\/30275"}],"wp:attachment":[{"href":"https:\/\/www.zerdab.com\/index.php?rest_route=%2Fwp%2Fv2%2Fmedia&parent=30274"}],"wp:term":[{"taxonomy":"category","embeddable":true,"href":"https:\/\/www.zerdab.com\/index.php?rest_route=%2Fwp%2Fv2%2Fcategories&post=30274"},{"taxonomy":"post_tag","embeddable":true,"href":"https:\/\/www.zerdab.com\/index.php?rest_route=%2Fwp%2Fv2%2Ftags&post=30274"}],"curies":[{"name":"wp","href":"https:\/\/api.w.org\/{rel}","templated":true}]}}