{"id":30344,"date":"2023-11-08T13:52:10","date_gmt":"2023-11-08T09:52:10","guid":{"rendered":"https:\/\/www.zerdab.com\/?p=30344"},"modified":"2023-11-08T16:58:32","modified_gmt":"2023-11-08T12:58:32","slug":"mill%c9%99t-v%c9%99kili-jal%c9%99-eliyeva-rayonumuzla-bagli-on%c9%99mli-m%c9%99s%c9%99l%c9%99l%c9%99ri-milli-m%c9%99clisd%c9%99-gund%c9%99m%c9%99-g%c9%99tirdi","status":"publish","type":"post","link":"https:\/\/www.zerdab.com\/?p=30344","title":{"rendered":"Mill\u0259t v\u0259kili Jal\u0259 \u018fliyeva rayonumuzla ba\u011fl\u0131 \u00f6n\u0259mli m\u0259s\u0259l\u0259l\u0259ri g\u00fcnd\u0259m\u0259 g\u0259tirdi"},"content":{"rendered":"<p>92 sayl\u0131 Z\u0259rdab-Ucar se\u00e7ki dair\u0259sind\u0259n mill\u0259t v\u0259kili, Milli M\u0259clisin Ail\u0259, qad\u0131n, u\u015faq m\u0259s\u0259l\u0259l\u0259ri komit\u0259sinin s\u0259dr m\u00fcavini Jal\u0259 \u018fliyeva Milli M\u0259clisin komit\u0259 iclas\u0131nda 2024-c\u00fc ilin d\u00f6vl\u0259t b\u00fcdc\u0259si layih\u0259sinin m\u00fczakir\u0259si zaman\u0131 \u00f6z fikirl\u0259rini s\u0259sl\u0259ndirib.<\/p>\n<p>Mill\u0259t v\u0259kili \u00e7\u0131x\u0131\u015f\u0131 zaman\u0131 rayonumuzla ba\u011fl\u0131 \u00f6n\u0259mli m\u0259s\u0259l\u0259l\u0259ri d\u0259 g\u00fcnd\u0259m\u0259 g\u0259tirib.<\/p>\n<p><strong>Zerdab.com<\/strong> sayt\u0131 x\u0259b\u0259r verir ki, Jal\u0259 \u018fliyeva m\u00fclahiz\u0259l\u0259rini, xahi\u015f v\u0259 t\u0259klifl\u0259rini s\u0259sl\u0259ndirib:<\/p>\n<p>\u201c\u0130lk n\u00f6vb\u0259d\u0259 bel\u0259 dey\u0259k ki, h\u0259yat qayna\u011f\u0131 olan su haqq\u0131nda dan\u0131\u015fmaq ist\u0259yir\u0259m. \u00dcmumiyy\u0259tl\u0259, bu problem dem\u0259k olar ki, b\u00fct\u00fcn deputatlar\u0131n, x\u00fcsusil\u0259 Aran zonalar\u0131n\u0131 t\u0259msil ed\u0259n deputatlar\u0131n, h\u0259m\u00e7inin m\u0259nim d\u0259 \u00e7\u0131x\u0131\u015flar\u0131m\u0131zda m\u00fct\u0259madi yer al\u0131r. \u018fkin sah\u0259l\u0259rinin vaxt\u0131nda suvar\u0131lmas\u0131 m\u0259hsuldarl\u0131\u011f\u0131n artmas\u0131 v\u0259 k\u0259ndlinin h\u0259yat \u015f\u0259raitinin yax\u015f\u0131la\u015fmas\u0131 dem\u0259kdir. \u018fkinini suvara bilm\u0259y\u0259n k\u0259ndli ail\u0259sini doland\u0131rmaq \u00fc\u00e7\u00fcn i\u015f yeri axtarma\u011fa ba\u015flay\u0131r. K\u0259nd yerl\u0259rind\u0259 i\u015fl\u0259 t\u0259minin n\u0259 q\u0259d\u0259r \u00e7\u0259tin oldu\u011funu is\u0259 h\u0259r birimiz bilirik.<br \/>\nOna g\u00f6r\u0259 d\u0259 su probleminin m\u00fc\u0259yy\u0259n \u00f6l\u00e7\u00fcd\u0259 h\u0259ll edilm\u0259si \u00f6zl\u00fcy\u00fcnd\u0259 bir \u00e7ox probleml\u0259ri h\u0259ll etmi\u015f olar. Bu probleml\u0259rin rayonlar\u0131n daxili imkanlar\u0131 il\u0259 v\u0259 ya rayonlardak\u0131 su t\u0259s\u0259rr\u00fcfat\u0131 \u015f\u00f6b\u0259l\u0259rinin imkanlar\u0131 il\u0259 aradan qald\u0131r\u0131lmas\u0131 m\u00fcmk\u00fcn deyil. \u00d6lk\u0259d\u0259 h\u0259m t\u0259s\u0259rr\u00fcfat sular\u0131n\u0131n, h\u0259m d\u0259 i\u00e7m\u0259li su q\u0131tl\u0131\u011f\u0131n\u0131n\u00a0aradan qald\u0131r\u0131lmas\u0131 \u00fc\u00e7\u00fcn b\u00f6y\u00fck layih\u0259l\u0259rin haz\u0131rland\u0131\u011f\u0131 m\u0259lumdur. Lakin h\u0259min layih\u0259l\u0259r realla\u015fana q\u0259d\u0259r b\u00fcdc\u0259d\u0259n bu sah\u0259y\u0259, x\u00fcsusil\u0259 Aran zonalar\u0131na\u00a0cari maliyy\u0259 v\u0259saitinin ayr\u0131lmas\u0131na v\u0259 t\u0259dbirl\u0259r<br \/>\ng\u00f6r\u00fclm\u0259sin\u0259 ehtiyac var.<\/p>\n<p>S\u00f6hb\u0259t su probleminin yaratd\u0131\u011f\u0131 mane\u0259l\u0259rl\u0259 b\u0259rab\u0259r, h\u0259m d\u0259 i\u015fsizlikd\u0259n d\u00fc\u015fm\u00fc\u015fk\u0259n bir m\u0259s\u0259l\u0259y\u0259 d\u0259 toxunmaq ist\u0259yir\u0259m. Biz bu fikrimizi sosial komit\u0259nin iclas\u0131nda da bildirdik. Rayonlarda i\u015f yerl\u0259rinin a\u00e7\u0131lmas\u0131na ehtiyac var. H\u0259r bir rayonun iqtisadi, co\u011frafi, sosial \u00f6z\u0259llikl\u0259ri, spesifikas\u0131 n\u0259z\u0259r\u0259 al\u0131naraq, h\u0259r bir rayon \u00fc\u00e7\u00fcn x\u00fcsusi iqtisadi proqramlar haz\u0131rlanmas\u0131 v\u0259 bu proqramlarda h\u0259min rayonlar\u0131n k\u0259nd t\u0259s\u0259rr\u00fcfat\u0131 istehsal sah\u0259l\u0259ri n\u0259z\u0259r\u0259 al\u0131naraq m\u00fc\u0259ssis\u0259l\u0259rin a\u00e7\u0131lmas\u0131 vacibdir. Bu h\u0259m d\u0259 regionlar\u0131n daha m\u00fck\u0259mm\u0259l v\u0259 s\u00fcr\u0259tli inki\u015faf\u0131na s\u0259b\u0259b ola bil\u0259r.<br \/>\nDig\u0259r t\u0259r\u0259fd\u0259n, rayonlarda d\u00f6vl\u0259t qurumlar\u0131n\u0131n regionla\u015fd\u0131r\u0131lmas\u0131 s\u0259b\u0259bi il\u0259 atr\u0131q yerli s\u0259viyy\u0259d\u0259, icra hakimiy\u0259tl\u0259ri t\u0259r\u0259find\u0259n i\u015f t\u0259mini imkanlar\u0131 s\u0131f\u0131ra enib. Bu da m\u00fc\u0259yy\u0259n \u00e7\u0259tinlikl\u0259r yarad\u0131r. Bu amilin d\u0259 n\u0259z\u0259r\u0259 al\u0131nmas\u0131n\u0131 xahi\u015f edirik.<\/p>\n<p>M\u0259n bir ne\u00e7\u0259 k\u0259lm\u0259 il\u0259 g\u0259ncl\u0259r v\u0259 idman sah\u0259si il\u0259 ba\u011fl\u0131 da fikirl\u0259rimi bildirm\u0259k ist\u0259yir\u0259m. Yeniyetm\u0259 v\u0259 g\u0259ncl\u0259rin idman haz\u0131rl\u0131\u011f\u0131n\u0131n g\u00fccl\u0259ndirilm\u0259si \u00f6lk\u0259mizd\u0259 prioritet t\u0259\u015fkil edir. Bu sah\u0259y\u0259 d\u00f6vl\u0259t b\u00f6y\u00fck diqq\u0259t ay\u0131r\u0131r. Lakin bununla bel\u0259 h\u0259l\u0259 d\u0259 rayonlarda t\u0259mirsiz, b\u0259rbad v\u0259ziyy\u0259td\u0259 olan stadionlar var. M\u0259s\u0259l\u0259n, m\u0259nim deputat\u0131 oldu\u011fum Z\u0259rdab rayonunda\u00a0m\u0259rk\u0259zi stadion son d\u0259f\u0259 18 il \u0259vv\u0259l bizim t\u0259\u015f\u0259bb\u00fcs\u00fcm\u00fcz v\u0259 i\u015ftirak\u0131m\u0131zla cari t\u0259mir edilib. Uzun ill\u0259rd\u0259n b\u0259ri h\u0259min stadionun \u0259sasl\u0131 t\u0259miri maliyy\u0259 \u00e7at\u0131\u015fmazl\u0131\u011f\u0131 s\u0259b\u0259bi il\u0259 n\u00f6vb\u0259 g\u00f6zl\u0259yir.\u00a0Rayon g\u0259ncl\u0259rinin idmana olan b\u00f6y\u00fck h\u0259v\u0259si v\u0259 v\u0259t\u0259nda\u015flar\u0131n davaml\u0131 t\u0259l\u0259bl\u0259ri Rayon \u0130cra Hakimiyy\u0259ti t\u0259r\u0259find\u0259n n\u0259z\u0259r\u0259 al\u0131naraq, v\u0259ziyy\u0259td\u0259n \u00e7\u0131x\u0131\u015f yolu kimi, \u00f6t\u0259n il rayonda daxili imkanlarla mini-futbol meydan\u00e7as\u0131 in\u015fa edildi. Lakin bu d\u0259f\u0259 d\u0259 h\u0259min meydan\u00e7an\u0131n ya\u015f\u0131l \u00f6rt\u00fcy\u00fcn\u00fcn \u0259ld\u0259 edilm\u0259sin\u0259 k\u00f6m\u0259klik g\u00f6st\u0259rm\u0259l\u0259ri \u00fc\u00e7\u00fcn G\u0259ncl\u0259r v\u0259 \u0130dman Nazirliyin\u0259 etdiyimiz m\u00fcraci\u0259t yen\u0259 maliyy\u0259 v\u0259saitinin \u00e7at\u0131\u015fmamas\u0131 ucbat\u0131ndan m\u00fcsb\u0259t h\u0259llini tapmad\u0131. Ona g\u00f6r\u0259 d\u0259, bu kimi h\u0259tta \u0259n elementar m\u0259s\u0259l\u0259l\u0259rin bel\u0259 h\u0259llind\u0259 \u00e7\u0259tinlikl\u0259rin yaranmamas\u0131 \u00fc\u00e7\u00fcn bu sah\u0259y\u0259 m\u0259qs\u0259dli v\u0259saitl\u0259rin ayr\u0131lmas\u0131 m\u0259qs\u0259d\u0259uy\u011fun olard\u0131.<\/p>\n<p>Eynu zamanda, h\u00f6rm\u0259tli maliy\u0259 nazirimiz bu sah\u0259d\u0259 t\u0259mir b\u0259rpa i\u015fl\u0259rin\u0259 11 milyon v\u0259sait ayr\u0131laca\u011f\u0131n\u0131 bildirdi. T\u0259mir v\u0259 b\u0259rpa edil\u0259c\u0259k \u0130dman kompleksl\u0259ri v\u0259 stadionlar\u0131n siyah\u0131s\u0131na deputat\u0131 oldu\u011fum Z\u0259rdab rayonunda bir az \u0259vv\u0259l qeyd etdiyim kimi, 18 ildir n\u00f6vb\u0259sini g\u00f6zl\u0259y\u0259n\u00a0\u015e\u0259h\u0259r M\u0259rk\u0259zi Stadionunun da daxil edilm\u0259sini xahi\u015f edirik&#8221;.<\/p>\n<p><strong>\u00a0<\/strong><strong>Zerdab.com<\/strong><\/p>\n","protected":false},"excerpt":{"rendered":"<p>92 sayl\u0131 Z\u0259rdab-Ucar se\u00e7ki dair\u0259sind\u0259n mill\u0259t v\u0259kili, Milli M\u0259clisin Ail\u0259, qad\u0131n, u\u015faq m\u0259s\u0259l\u0259l\u0259ri komit\u0259sinin s\u0259dr m\u00fcavini Jal\u0259 \u018fliyeva Milli M\u0259clisin komit\u0259 iclas\u0131nda 2024-c\u00fc ilin d\u00f6vl\u0259t b\u00fcdc\u0259si layih\u0259sinin m\u00fczakir\u0259si zaman\u0131 \u00f6z fikirl\u0259rini s\u0259sl\u0259ndirib. Mill\u0259t v\u0259kili \u00e7\u0131x\u0131\u015f\u0131 zaman\u0131 rayonumuzla ba\u011fl\u0131 \u00f6n\u0259mli m\u0259s\u0259l\u0259l\u0259ri d\u0259 g\u00fcnd\u0259m\u0259 g\u0259tirib. Zerdab.com sayt\u0131 x\u0259b\u0259r verir ki, Jal\u0259 \u018fliyeva m\u00fclahiz\u0259l\u0259rini, xahi\u015f v\u0259 t\u0259klifl\u0259rini s\u0259sl\u0259ndirib: [&hellip;]<\/p>\n","protected":false},"author":1,"featured_media":28118,"comment_status":"closed","ping_status":"closed","sticky":false,"template":"","format":"standard","meta":{"footnotes":""},"categories":[63,5],"tags":[],"class_list":{"0":"post-30344","1":"post","2":"type-post","3":"status-publish","4":"format-standard","5":"has-post-thumbnail","7":"category-manset","8":"category-knd"},"yoast_head":"<!-- This site is optimized with the Yoast SEO plugin v27.0 - https:\/\/yoast.com\/product\/yoast-seo-wordpress\/ -->\n<title>Mill\u0259t v\u0259kili Jal\u0259 \u018fliyeva rayonumuzla ba\u011fl\u0131 \u00f6n\u0259mli m\u0259s\u0259l\u0259l\u0259ri g\u00fcnd\u0259m\u0259 g\u0259tirdi - Z\u0259rdab.com<\/title>\n<meta name=\"robots\" content=\"index, follow, max-snippet:-1, max-image-preview:large, max-video-preview:-1\" \/>\n<link rel=\"canonical\" href=\"https:\/\/www.zerdab.com\/?p=30344\" \/>\n<meta property=\"og:locale\" content=\"az_AZ\" \/>\n<meta property=\"og:type\" content=\"article\" \/>\n<meta property=\"og:title\" content=\"Mill\u0259t v\u0259kili Jal\u0259 \u018fliyeva rayonumuzla ba\u011fl\u0131 \u00f6n\u0259mli m\u0259s\u0259l\u0259l\u0259ri g\u00fcnd\u0259m\u0259 g\u0259tirdi - Z\u0259rdab.com\" \/>\n<meta property=\"og:description\" content=\"92 sayl\u0131 Z\u0259rdab-Ucar se\u00e7ki dair\u0259sind\u0259n mill\u0259t v\u0259kili, Milli M\u0259clisin Ail\u0259, qad\u0131n, u\u015faq m\u0259s\u0259l\u0259l\u0259ri komit\u0259sinin s\u0259dr m\u00fcavini Jal\u0259 \u018fliyeva Milli M\u0259clisin komit\u0259 iclas\u0131nda 2024-c\u00fc ilin d\u00f6vl\u0259t b\u00fcdc\u0259si layih\u0259sinin m\u00fczakir\u0259si zaman\u0131 \u00f6z fikirl\u0259rini s\u0259sl\u0259ndirib. Mill\u0259t v\u0259kili \u00e7\u0131x\u0131\u015f\u0131 zaman\u0131 rayonumuzla ba\u011fl\u0131 \u00f6n\u0259mli m\u0259s\u0259l\u0259l\u0259ri d\u0259 g\u00fcnd\u0259m\u0259 g\u0259tirib. Zerdab.com sayt\u0131 x\u0259b\u0259r verir ki, Jal\u0259 \u018fliyeva m\u00fclahiz\u0259l\u0259rini, xahi\u015f v\u0259 t\u0259klifl\u0259rini s\u0259sl\u0259ndirib: [&hellip;]\" \/>\n<meta property=\"og:url\" content=\"https:\/\/www.zerdab.com\/?p=30344\" \/>\n<meta property=\"og:site_name\" content=\"Z\u0259rdab.com\" \/>\n<meta property=\"article:published_time\" content=\"2023-11-08T09:52:10+00:00\" \/>\n<meta property=\"article:modified_time\" content=\"2023-11-08T12:58:32+00:00\" \/>\n<meta property=\"og:image\" content=\"https:\/\/www.zerdab.com\/wp-content\/uploads\/2020\/04\/jale-eliyeva.jpg\" \/>\n\t<meta property=\"og:image:width\" content=\"960\" \/>\n\t<meta property=\"og:image:height\" content=\"640\" \/>\n\t<meta property=\"og:image:type\" content=\"image\/jpeg\" \/>\n<meta name=\"author\" content=\"admin\" \/>\n<meta name=\"twitter:card\" content=\"summary_large_image\" \/>\n<meta name=\"twitter:label1\" content=\"Written by\" \/>\n\t<meta name=\"twitter:data1\" content=\"admin\" \/>\n\t<meta name=\"twitter:label2\" content=\"Est. reading time\" \/>\n\t<meta name=\"twitter:data2\" content=\"5 minutes\" \/>\n<script type=\"application\/ld+json\" class=\"yoast-schema-graph\">{\"@context\":\"https:\/\/schema.org\",\"@graph\":[{\"@type\":\"Article\",\"@id\":\"https:\/\/www.zerdab.com\/?p=30344#article\",\"isPartOf\":{\"@id\":\"https:\/\/www.zerdab.com\/?p=30344\"},\"author\":{\"name\":\"admin\",\"@id\":\"https:\/\/www.zerdab.com\/#\/schema\/person\/97079b7570c1e89ec0d9e138c3672136\"},\"headline\":\"Mill\u0259t v\u0259kili Jal\u0259 \u018fliyeva rayonumuzla ba\u011fl\u0131 \u00f6n\u0259mli m\u0259s\u0259l\u0259l\u0259ri g\u00fcnd\u0259m\u0259 g\u0259tirdi\",\"datePublished\":\"2023-11-08T09:52:10+00:00\",\"dateModified\":\"2023-11-08T12:58:32+00:00\",\"mainEntityOfPage\":{\"@id\":\"https:\/\/www.zerdab.com\/?p=30344\"},\"wordCount\":932,\"image\":{\"@id\":\"https:\/\/www.zerdab.com\/?p=30344#primaryimage\"},\"thumbnailUrl\":\"https:\/\/www.zerdab.com\/wp-content\/uploads\/2020\/04\/jale-eliyeva.jpg\",\"articleSection\":[\"MAN\u015eET\",\"X\u018fB\u018fRL\u018fR\"],\"inLanguage\":\"az\"},{\"@type\":\"WebPage\",\"@id\":\"https:\/\/www.zerdab.com\/?p=30344\",\"url\":\"https:\/\/www.zerdab.com\/?p=30344\",\"name\":\"Mill\u0259t v\u0259kili Jal\u0259 \u018fliyeva rayonumuzla ba\u011fl\u0131 \u00f6n\u0259mli m\u0259s\u0259l\u0259l\u0259ri g\u00fcnd\u0259m\u0259 g\u0259tirdi - Z\u0259rdab.com\",\"isPartOf\":{\"@id\":\"https:\/\/www.zerdab.com\/#website\"},\"primaryImageOfPage\":{\"@id\":\"https:\/\/www.zerdab.com\/?p=30344#primaryimage\"},\"image\":{\"@id\":\"https:\/\/www.zerdab.com\/?p=30344#primaryimage\"},\"thumbnailUrl\":\"https:\/\/www.zerdab.com\/wp-content\/uploads\/2020\/04\/jale-eliyeva.jpg\",\"datePublished\":\"2023-11-08T09:52:10+00:00\",\"dateModified\":\"2023-11-08T12:58:32+00:00\",\"author\":{\"@id\":\"https:\/\/www.zerdab.com\/#\/schema\/person\/97079b7570c1e89ec0d9e138c3672136\"},\"breadcrumb\":{\"@id\":\"https:\/\/www.zerdab.com\/?p=30344#breadcrumb\"},\"inLanguage\":\"az\",\"potentialAction\":[{\"@type\":\"ReadAction\",\"target\":[\"https:\/\/www.zerdab.com\/?p=30344\"]}]},{\"@type\":\"ImageObject\",\"inLanguage\":\"az\",\"@id\":\"https:\/\/www.zerdab.com\/?p=30344#primaryimage\",\"url\":\"https:\/\/www.zerdab.com\/wp-content\/uploads\/2020\/04\/jale-eliyeva.jpg\",\"contentUrl\":\"https:\/\/www.zerdab.com\/wp-content\/uploads\/2020\/04\/jale-eliyeva.jpg\",\"width\":960,\"height\":640,\"caption\":\"jale-eliyeva\"},{\"@type\":\"BreadcrumbList\",\"@id\":\"https:\/\/www.zerdab.com\/?p=30344#breadcrumb\",\"itemListElement\":[{\"@type\":\"ListItem\",\"position\":1,\"name\":\"Home\",\"item\":\"https:\/\/www.zerdab.com\/\"},{\"@type\":\"ListItem\",\"position\":2,\"name\":\"Mill\u0259t v\u0259kili Jal\u0259 \u018fliyeva rayonumuzla ba\u011fl\u0131 \u00f6n\u0259mli m\u0259s\u0259l\u0259l\u0259ri g\u00fcnd\u0259m\u0259 g\u0259tirdi\"}]},{\"@type\":\"WebSite\",\"@id\":\"https:\/\/www.zerdab.com\/#website\",\"url\":\"https:\/\/www.zerdab.com\/\",\"name\":\"Z\u0259rdab.com\",\"description\":\"\",\"potentialAction\":[{\"@type\":\"SearchAction\",\"target\":{\"@type\":\"EntryPoint\",\"urlTemplate\":\"https:\/\/www.zerdab.com\/?s={search_term_string}\"},\"query-input\":{\"@type\":\"PropertyValueSpecification\",\"valueRequired\":true,\"valueName\":\"search_term_string\"}}],\"inLanguage\":\"az\"},{\"@type\":\"Person\",\"@id\":\"https:\/\/www.zerdab.com\/#\/schema\/person\/97079b7570c1e89ec0d9e138c3672136\",\"name\":\"admin\",\"image\":{\"@type\":\"ImageObject\",\"inLanguage\":\"az\",\"@id\":\"https:\/\/www.zerdab.com\/#\/schema\/person\/image\/\",\"url\":\"https:\/\/secure.gravatar.com\/avatar\/d9c52a9a27c32119cb6679a077fa3e2779e5f822c451cbf01098004361d466ec?s=96&d=mm&r=g\",\"contentUrl\":\"https:\/\/secure.gravatar.com\/avatar\/d9c52a9a27c32119cb6679a077fa3e2779e5f822c451cbf01098004361d466ec?s=96&d=mm&r=g\",\"caption\":\"admin\"},\"url\":\"https:\/\/www.zerdab.com\/?author=1\"}]}<\/script>\n<!-- \/ Yoast SEO plugin. -->","yoast_head_json":{"title":"Mill\u0259t v\u0259kili Jal\u0259 \u018fliyeva rayonumuzla ba\u011fl\u0131 \u00f6n\u0259mli m\u0259s\u0259l\u0259l\u0259ri g\u00fcnd\u0259m\u0259 g\u0259tirdi - Z\u0259rdab.com","robots":{"index":"index","follow":"follow","max-snippet":"max-snippet:-1","max-image-preview":"max-image-preview:large","max-video-preview":"max-video-preview:-1"},"canonical":"https:\/\/www.zerdab.com\/?p=30344","og_locale":"az_AZ","og_type":"article","og_title":"Mill\u0259t v\u0259kili Jal\u0259 \u018fliyeva rayonumuzla ba\u011fl\u0131 \u00f6n\u0259mli m\u0259s\u0259l\u0259l\u0259ri g\u00fcnd\u0259m\u0259 g\u0259tirdi - Z\u0259rdab.com","og_description":"92 sayl\u0131 Z\u0259rdab-Ucar se\u00e7ki dair\u0259sind\u0259n mill\u0259t v\u0259kili, Milli M\u0259clisin Ail\u0259, qad\u0131n, u\u015faq m\u0259s\u0259l\u0259l\u0259ri komit\u0259sinin s\u0259dr m\u00fcavini Jal\u0259 \u018fliyeva Milli M\u0259clisin komit\u0259 iclas\u0131nda 2024-c\u00fc ilin d\u00f6vl\u0259t b\u00fcdc\u0259si layih\u0259sinin m\u00fczakir\u0259si zaman\u0131 \u00f6z fikirl\u0259rini s\u0259sl\u0259ndirib. Mill\u0259t v\u0259kili \u00e7\u0131x\u0131\u015f\u0131 zaman\u0131 rayonumuzla ba\u011fl\u0131 \u00f6n\u0259mli m\u0259s\u0259l\u0259l\u0259ri d\u0259 g\u00fcnd\u0259m\u0259 g\u0259tirib. Zerdab.com sayt\u0131 x\u0259b\u0259r verir ki, Jal\u0259 \u018fliyeva m\u00fclahiz\u0259l\u0259rini, xahi\u015f v\u0259 t\u0259klifl\u0259rini s\u0259sl\u0259ndirib: [&hellip;]","og_url":"https:\/\/www.zerdab.com\/?p=30344","og_site_name":"Z\u0259rdab.com","article_published_time":"2023-11-08T09:52:10+00:00","article_modified_time":"2023-11-08T12:58:32+00:00","og_image":[{"width":960,"height":640,"url":"https:\/\/www.zerdab.com\/wp-content\/uploads\/2020\/04\/jale-eliyeva.jpg","type":"image\/jpeg"}],"author":"admin","twitter_card":"summary_large_image","twitter_misc":{"Written by":"admin","Est. reading time":"5 minutes"},"schema":{"@context":"https:\/\/schema.org","@graph":[{"@type":"Article","@id":"https:\/\/www.zerdab.com\/?p=30344#article","isPartOf":{"@id":"https:\/\/www.zerdab.com\/?p=30344"},"author":{"name":"admin","@id":"https:\/\/www.zerdab.com\/#\/schema\/person\/97079b7570c1e89ec0d9e138c3672136"},"headline":"Mill\u0259t v\u0259kili Jal\u0259 \u018fliyeva rayonumuzla ba\u011fl\u0131 \u00f6n\u0259mli m\u0259s\u0259l\u0259l\u0259ri g\u00fcnd\u0259m\u0259 g\u0259tirdi","datePublished":"2023-11-08T09:52:10+00:00","dateModified":"2023-11-08T12:58:32+00:00","mainEntityOfPage":{"@id":"https:\/\/www.zerdab.com\/?p=30344"},"wordCount":932,"image":{"@id":"https:\/\/www.zerdab.com\/?p=30344#primaryimage"},"thumbnailUrl":"https:\/\/www.zerdab.com\/wp-content\/uploads\/2020\/04\/jale-eliyeva.jpg","articleSection":["MAN\u015eET","X\u018fB\u018fRL\u018fR"],"inLanguage":"az"},{"@type":"WebPage","@id":"https:\/\/www.zerdab.com\/?p=30344","url":"https:\/\/www.zerdab.com\/?p=30344","name":"Mill\u0259t v\u0259kili Jal\u0259 \u018fliyeva rayonumuzla ba\u011fl\u0131 \u00f6n\u0259mli m\u0259s\u0259l\u0259l\u0259ri g\u00fcnd\u0259m\u0259 g\u0259tirdi - Z\u0259rdab.com","isPartOf":{"@id":"https:\/\/www.zerdab.com\/#website"},"primaryImageOfPage":{"@id":"https:\/\/www.zerdab.com\/?p=30344#primaryimage"},"image":{"@id":"https:\/\/www.zerdab.com\/?p=30344#primaryimage"},"thumbnailUrl":"https:\/\/www.zerdab.com\/wp-content\/uploads\/2020\/04\/jale-eliyeva.jpg","datePublished":"2023-11-08T09:52:10+00:00","dateModified":"2023-11-08T12:58:32+00:00","author":{"@id":"https:\/\/www.zerdab.com\/#\/schema\/person\/97079b7570c1e89ec0d9e138c3672136"},"breadcrumb":{"@id":"https:\/\/www.zerdab.com\/?p=30344#breadcrumb"},"inLanguage":"az","potentialAction":[{"@type":"ReadAction","target":["https:\/\/www.zerdab.com\/?p=30344"]}]},{"@type":"ImageObject","inLanguage":"az","@id":"https:\/\/www.zerdab.com\/?p=30344#primaryimage","url":"https:\/\/www.zerdab.com\/wp-content\/uploads\/2020\/04\/jale-eliyeva.jpg","contentUrl":"https:\/\/www.zerdab.com\/wp-content\/uploads\/2020\/04\/jale-eliyeva.jpg","width":960,"height":640,"caption":"jale-eliyeva"},{"@type":"BreadcrumbList","@id":"https:\/\/www.zerdab.com\/?p=30344#breadcrumb","itemListElement":[{"@type":"ListItem","position":1,"name":"Home","item":"https:\/\/www.zerdab.com\/"},{"@type":"ListItem","position":2,"name":"Mill\u0259t v\u0259kili Jal\u0259 \u018fliyeva rayonumuzla ba\u011fl\u0131 \u00f6n\u0259mli m\u0259s\u0259l\u0259l\u0259ri g\u00fcnd\u0259m\u0259 g\u0259tirdi"}]},{"@type":"WebSite","@id":"https:\/\/www.zerdab.com\/#website","url":"https:\/\/www.zerdab.com\/","name":"Z\u0259rdab.com","description":"","potentialAction":[{"@type":"SearchAction","target":{"@type":"EntryPoint","urlTemplate":"https:\/\/www.zerdab.com\/?s={search_term_string}"},"query-input":{"@type":"PropertyValueSpecification","valueRequired":true,"valueName":"search_term_string"}}],"inLanguage":"az"},{"@type":"Person","@id":"https:\/\/www.zerdab.com\/#\/schema\/person\/97079b7570c1e89ec0d9e138c3672136","name":"admin","image":{"@type":"ImageObject","inLanguage":"az","@id":"https:\/\/www.zerdab.com\/#\/schema\/person\/image\/","url":"https:\/\/secure.gravatar.com\/avatar\/d9c52a9a27c32119cb6679a077fa3e2779e5f822c451cbf01098004361d466ec?s=96&d=mm&r=g","contentUrl":"https:\/\/secure.gravatar.com\/avatar\/d9c52a9a27c32119cb6679a077fa3e2779e5f822c451cbf01098004361d466ec?s=96&d=mm&r=g","caption":"admin"},"url":"https:\/\/www.zerdab.com\/?author=1"}]}},"_links":{"self":[{"href":"https:\/\/www.zerdab.com\/index.php?rest_route=\/wp\/v2\/posts\/30344","targetHints":{"allow":["GET"]}}],"collection":[{"href":"https:\/\/www.zerdab.com\/index.php?rest_route=\/wp\/v2\/posts"}],"about":[{"href":"https:\/\/www.zerdab.com\/index.php?rest_route=\/wp\/v2\/types\/post"}],"author":[{"embeddable":true,"href":"https:\/\/www.zerdab.com\/index.php?rest_route=\/wp\/v2\/users\/1"}],"replies":[{"embeddable":true,"href":"https:\/\/www.zerdab.com\/index.php?rest_route=%2Fwp%2Fv2%2Fcomments&post=30344"}],"version-history":[{"count":2,"href":"https:\/\/www.zerdab.com\/index.php?rest_route=\/wp\/v2\/posts\/30344\/revisions"}],"predecessor-version":[{"id":30346,"href":"https:\/\/www.zerdab.com\/index.php?rest_route=\/wp\/v2\/posts\/30344\/revisions\/30346"}],"wp:featuredmedia":[{"embeddable":true,"href":"https:\/\/www.zerdab.com\/index.php?rest_route=\/wp\/v2\/media\/28118"}],"wp:attachment":[{"href":"https:\/\/www.zerdab.com\/index.php?rest_route=%2Fwp%2Fv2%2Fmedia&parent=30344"}],"wp:term":[{"taxonomy":"category","embeddable":true,"href":"https:\/\/www.zerdab.com\/index.php?rest_route=%2Fwp%2Fv2%2Fcategories&post=30344"},{"taxonomy":"post_tag","embeddable":true,"href":"https:\/\/www.zerdab.com\/index.php?rest_route=%2Fwp%2Fv2%2Ftags&post=30344"}],"curies":[{"name":"wp","href":"https:\/\/api.w.org\/{rel}","templated":true}]}}